{"id":26082,"date":"2024-12-02T15:49:51","date_gmt":"2024-12-02T18:49:51","guid":{"rendered":"https:\/\/apuntesdesanluis.com\/?p=26082"},"modified":"2024-12-02T15:51:31","modified_gmt":"2024-12-02T18:51:31","slug":"una-mujer-policia-fue-embestida-por-un-colectivo-en-la-ruta-nacional-79","status":"publish","type":"post","link":"https:\/\/apuntesdesanluis.com\/index.php\/2024\/12\/02\/una-mujer-policia-fue-embestida-por-un-colectivo-en-la-ruta-nacional-79\/","title":{"rendered":"UNA MUJER POLIC\u00cdA FUE EMBESTIDA POR UN COLECTIVO EN LA RUTA NACIONAL 79"},"content":{"rendered":"<h3>Este domingo, alrededor de las 21:30, se produjo un accidente de tr\u00e1nsito en la ruta nacional 79, a unos 9 kil\u00f3metros al norte de la localidad de Quines.<\/h3>\n<h3>En ese lugar, una mujer de 27 a\u00f1os de edad circulaba en una moto Motomel 150 cc de sur a norte y por razones que se tratan de establecer fue impactada desde atr\u00e1s por un colectivo Mercedes Benz de la empresa Blanca Paloma, conducido por un hombre de 53 a\u00f1os que circulaba en la misma direcci\u00f3n.<\/h3>\n<p><img fetchpriority=\"high\" decoding=\"async\" class=\"wp-image-26084 aligncenter\" src=\"https:\/\/apuntesdesanluis.com\/wp-content\/uploads\/2024\/12\/f14ea71f-83c2-426d-98c3-46eac40c5c35-300x208.jpg\" alt=\"\" width=\"601\" height=\"417\" srcset=\"https:\/\/apuntesdesanluis.com\/wp-content\/uploads\/2024\/12\/f14ea71f-83c2-426d-98c3-46eac40c5c35-300x208.jpg 300w, https:\/\/apuntesdesanluis.com\/wp-content\/uploads\/2024\/12\/f14ea71f-83c2-426d-98c3-46eac40c5c35.jpg 480w\" sizes=\"(max-width: 601px) 100vw, 601px\" \/><\/p>\n<h3>La mujer (quien se desempe\u00f1a como efectivo policial y en ese momento sal\u00eda de servicio y se dirig\u00eda en su moto particular desde Quines hacia su domicilio en Candelaria) sufri\u00f3 distintos golpes en su cuerpo debido al impacto.<\/h3>\n<h3>Fue asistida en el lugar por personal de salud de Quines y trasladada en ambulancia en primera instancia hacia el hospital de esa localidad.<\/h3>\n<h3>Posteriormente, fue derivada hacia el Hospital Central \u201cDr. Ram\u00f3n Carrillo\u201d, donde permanece internada en terapia intermedia, de acuerdo a la informaci\u00f3n policial.<\/h3>\n<h3><\/h3>\n<h3><\/h3>\n<p>&nbsp;<\/p>\n<p>&nbsp;<\/p>\n<p>&nbsp;<\/p>\n<p>&nbsp;<\/p>\n<p>&nbsp;<\/p>\n<p>&nbsp;<\/p>\n<p>&nbsp;<\/p>\n","protected":false},"excerpt":{"rendered":"<p>Este domingo, alrededor de las 21:30, se produjo un accidente de tr\u00e1nsito en la ruta&#8230;<\/p>\n","protected":false},"author":1,"featured_media":26083,"comment_status":"closed","ping_status":"closed","sticky":false,"template":"","format":"standard","meta":{"footnotes":""},"categories":[6],"tags":[],"class_list":["post-26082","post","type-post","status-publish","format-standard","has-post-thumbnail","hentry","category-ciudad-provincia"],"yoast_head":"<!-- This site is optimized with the Yoast SEO plugin v26.1.1 - https:\/\/yoast.com\/wordpress\/plugins\/seo\/ -->\n<title>UNA MUJER POLIC\u00cdA FUE EMBESTIDA POR UN COLECTIVO EN LA RUTA NACIONAL 79 - Apuntes de San Luis<\/title>\n<meta name=\"robots\" content=\"index, follow, max-snippet:-1, max-image-preview:large, max-video-preview:-1\" \/>\n<link rel=\"canonical\" href=\"https:\/\/apuntesdesanluis.com\/index.php\/2024\/12\/02\/una-mujer-policia-fue-embestida-por-un-colectivo-en-la-ruta-nacional-79\/\" \/>\n<meta property=\"og:locale\" content=\"es_ES\" \/>\n<meta property=\"og:type\" content=\"article\" \/>\n<meta property=\"og:title\" content=\"UNA MUJER POLIC\u00cdA FUE EMBESTIDA POR UN COLECTIVO EN LA RUTA NACIONAL 79 - Apuntes de San Luis\" \/>\n<meta property=\"og:description\" content=\"Este domingo, alrededor de las 21:30, se produjo un accidente de tr\u00e1nsito en la ruta...\" \/>\n<meta property=\"og:url\" content=\"https:\/\/apuntesdesanluis.com\/index.php\/2024\/12\/02\/una-mujer-policia-fue-embestida-por-un-colectivo-en-la-ruta-nacional-79\/\" \/>\n<meta property=\"og:site_name\" content=\"Apuntes de San Luis\" \/>\n<meta property=\"article:published_time\" content=\"2024-12-02T18:49:51+00:00\" \/>\n<meta property=\"article:modified_time\" content=\"2024-12-02T18:51:31+00:00\" \/>\n<meta property=\"og:image\" content=\"https:\/\/apuntesdesanluis.com\/wp-content\/uploads\/2024\/12\/7cfa4885-43c2-4969-bb2e-75618c9c3266.jpg\" \/>\n\t<meta property=\"og:image:width\" content=\"633\" \/>\n\t<meta property=\"og:image:height\" content=\"403\" \/>\n\t<meta property=\"og:image:type\" content=\"image\/jpeg\" \/>\n<meta name=\"author\" content=\"apuntesdesanluis.com\" \/>\n<meta name=\"twitter:card\" content=\"summary_large_image\" \/>\n<meta name=\"twitter:label1\" content=\"Escrito por\" \/>\n\t<meta name=\"twitter:data1\" content=\"apuntesdesanluis.com\" \/>\n\t<meta name=\"twitter:label2\" content=\"Tiempo de lectura\" \/>\n\t<meta name=\"twitter:data2\" content=\"2 minutos\" \/>\n<script type=\"application\/ld+json\" class=\"yoast-schema-graph\">{\"@context\":\"https:\/\/schema.org\",\"@graph\":[{\"@type\":\"Article\",\"@id\":\"https:\/\/apuntesdesanluis.com\/index.php\/2024\/12\/02\/una-mujer-policia-fue-embestida-por-un-colectivo-en-la-ruta-nacional-79\/#article\",\"isPartOf\":{\"@id\":\"https:\/\/apuntesdesanluis.com\/index.php\/2024\/12\/02\/una-mujer-policia-fue-embestida-por-un-colectivo-en-la-ruta-nacional-79\/\"},\"author\":{\"name\":\"apuntesdesanluis.com\",\"@id\":\"https:\/\/apuntesdesanluis.com\/#\/schema\/person\/b55151d52296fcce64d1a72538a70b90\"},\"headline\":\"UNA MUJER POLIC\u00cdA FUE EMBESTIDA POR UN COLECTIVO EN LA RUTA NACIONAL 79\",\"datePublished\":\"2024-12-02T18:49:51+00:00\",\"dateModified\":\"2024-12-02T18:51:31+00:00\",\"mainEntityOfPage\":{\"@id\":\"https:\/\/apuntesdesanluis.com\/index.php\/2024\/12\/02\/una-mujer-policia-fue-embestida-por-un-colectivo-en-la-ruta-nacional-79\/\"},\"wordCount\":193,\"publisher\":{\"@id\":\"https:\/\/apuntesdesanluis.com\/#\/schema\/person\/b55151d52296fcce64d1a72538a70b90\"},\"image\":{\"@id\":\"https:\/\/apuntesdesanluis.com\/index.php\/2024\/12\/02\/una-mujer-policia-fue-embestida-por-un-colectivo-en-la-ruta-nacional-79\/#primaryimage\"},\"thumbnailUrl\":\"https:\/\/apuntesdesanluis.com\/wp-content\/uploads\/2024\/12\/7cfa4885-43c2-4969-bb2e-75618c9c3266.jpg\",\"articleSection\":[\"Ciudad\/Provincia\"],\"inLanguage\":\"es-AR\"},{\"@type\":\"WebPage\",\"@id\":\"https:\/\/apuntesdesanluis.com\/index.php\/2024\/12\/02\/una-mujer-policia-fue-embestida-por-un-colectivo-en-la-ruta-nacional-79\/\",\"url\":\"https:\/\/apuntesdesanluis.com\/index.php\/2024\/12\/02\/una-mujer-policia-fue-embestida-por-un-colectivo-en-la-ruta-nacional-79\/\",\"name\":\"UNA MUJER POLIC\u00cdA FUE EMBESTIDA POR UN COLECTIVO EN LA RUTA NACIONAL 79 - Apuntes de San Luis\",\"isPartOf\":{\"@id\":\"https:\/\/apuntesdesanluis.com\/#website\"},\"primaryImageOfPage\":{\"@id\":\"https:\/\/apuntesdesanluis.com\/index.php\/2024\/12\/02\/una-mujer-policia-fue-embestida-por-un-colectivo-en-la-ruta-nacional-79\/#primaryimage\"},\"image\":{\"@id\":\"https:\/\/apuntesdesanluis.com\/index.php\/2024\/12\/02\/una-mujer-policia-fue-embestida-por-un-colectivo-en-la-ruta-nacional-79\/#primaryimage\"},\"thumbnailUrl\":\"https:\/\/apuntesdesanluis.com\/wp-content\/uploads\/2024\/12\/7cfa4885-43c2-4969-bb2e-75618c9c3266.jpg\",\"datePublished\":\"2024-12-02T18:49:51+00:00\",\"dateModified\":\"2024-12-02T18:51:31+00:00\",\"breadcrumb\":{\"@id\":\"https:\/\/apuntesdesanluis.com\/index.php\/2024\/12\/02\/una-mujer-policia-fue-embestida-por-un-colectivo-en-la-ruta-nacional-79\/#breadcrumb\"},\"inLanguage\":\"es-AR\",\"potentialAction\":[{\"@type\":\"ReadAction\",\"target\":[\"https:\/\/apuntesdesanluis.com\/index.php\/2024\/12\/02\/una-mujer-policia-fue-embestida-por-un-colectivo-en-la-ruta-nacional-79\/\"]}]},{\"@type\":\"ImageObject\",\"inLanguage\":\"es-AR\",\"@id\":\"https:\/\/apuntesdesanluis.com\/index.php\/2024\/12\/02\/una-mujer-policia-fue-embestida-por-un-colectivo-en-la-ruta-nacional-79\/#primaryimage\",\"url\":\"https:\/\/apuntesdesanluis.com\/wp-content\/uploads\/2024\/12\/7cfa4885-43c2-4969-bb2e-75618c9c3266.jpg\",\"contentUrl\":\"https:\/\/apuntesdesanluis.com\/wp-content\/uploads\/2024\/12\/7cfa4885-43c2-4969-bb2e-75618c9c3266.jpg\",\"width\":633,\"height\":403},{\"@type\":\"BreadcrumbList\",\"@id\":\"https:\/\/apuntesdesanluis.com\/index.php\/2024\/12\/02\/una-mujer-policia-fue-embestida-por-un-colectivo-en-la-ruta-nacional-79\/#breadcrumb\",\"itemListElement\":[{\"@type\":\"ListItem\",\"position\":1,\"name\":\"Inicio\",\"item\":\"https:\/\/apuntesdesanluis.com\/\"},{\"@type\":\"ListItem\",\"position\":2,\"name\":\"UNA MUJER POLIC\u00cdA FUE EMBESTIDA POR UN COLECTIVO EN LA RUTA NACIONAL 79\"}]},{\"@type\":\"WebSite\",\"@id\":\"https:\/\/apuntesdesanluis.com\/#website\",\"url\":\"https:\/\/apuntesdesanluis.com\/\",\"name\":\"Apuntes de San Luis\",\"description\":\"\",\"publisher\":{\"@id\":\"https:\/\/apuntesdesanluis.com\/#\/schema\/person\/b55151d52296fcce64d1a72538a70b90\"},\"potentialAction\":[{\"@type\":\"SearchAction\",\"target\":{\"@type\":\"EntryPoint\",\"urlTemplate\":\"https:\/\/apuntesdesanluis.com\/?s={search_term_string}\"},\"query-input\":{\"@type\":\"PropertyValueSpecification\",\"valueRequired\":true,\"valueName\":\"search_term_string\"}}],\"inLanguage\":\"es-AR\"},{\"@type\":[\"Person\",\"Organization\"],\"@id\":\"https:\/\/apuntesdesanluis.com\/#\/schema\/person\/b55151d52296fcce64d1a72538a70b90\",\"name\":\"apuntesdesanluis.com\",\"image\":{\"@type\":\"ImageObject\",\"inLanguage\":\"es-AR\",\"@id\":\"https:\/\/apuntesdesanluis.com\/#\/schema\/person\/image\/\",\"url\":\"https:\/\/apuntesdesanluis.com\/wp-content\/uploads\/2023\/07\/cropped-apuntesdesanluis.png\",\"contentUrl\":\"https:\/\/apuntesdesanluis.com\/wp-content\/uploads\/2023\/07\/cropped-apuntesdesanluis.png\",\"width\":450,\"height\":112,\"caption\":\"apuntesdesanluis.com\"},\"logo\":{\"@id\":\"https:\/\/apuntesdesanluis.com\/#\/schema\/person\/image\/\"},\"sameAs\":[\"https:\/\/apuntesdesanluis.com\"],\"url\":\"https:\/\/apuntesdesanluis.com\/index.php\/author\/apuntesdesanluis-com\/\"}]}<\/script>\n<!-- \/ Yoast SEO plugin. -->","yoast_head_json":{"title":"UNA MUJER POLIC\u00cdA FUE EMBESTIDA POR UN COLECTIVO EN LA RUTA NACIONAL 79 - Apuntes de San Luis","robots":{"index":"index","follow":"follow","max-snippet":"max-snippet:-1","max-image-preview":"max-image-preview:large","max-video-preview":"max-video-preview:-1"},"canonical":"https:\/\/apuntesdesanluis.com\/index.php\/2024\/12\/02\/una-mujer-policia-fue-embestida-por-un-colectivo-en-la-ruta-nacional-79\/","og_locale":"es_ES","og_type":"article","og_title":"UNA MUJER POLIC\u00cdA FUE EMBESTIDA POR UN COLECTIVO EN LA RUTA NACIONAL 79 - Apuntes de San Luis","og_description":"Este domingo, alrededor de las 21:30, se produjo un accidente de tr\u00e1nsito en la ruta...","og_url":"https:\/\/apuntesdesanluis.com\/index.php\/2024\/12\/02\/una-mujer-policia-fue-embestida-por-un-colectivo-en-la-ruta-nacional-79\/","og_site_name":"Apuntes de San Luis","article_published_time":"2024-12-02T18:49:51+00:00","article_modified_time":"2024-12-02T18:51:31+00:00","og_image":[{"width":633,"height":403,"url":"https:\/\/apuntesdesanluis.com\/wp-content\/uploads\/2024\/12\/7cfa4885-43c2-4969-bb2e-75618c9c3266.jpg","type":"image\/jpeg"}],"author":"apuntesdesanluis.com","twitter_card":"summary_large_image","twitter_misc":{"Escrito por":"apuntesdesanluis.com","Tiempo de lectura":"2 minutos"},"schema":{"@context":"https:\/\/schema.org","@graph":[{"@type":"Article","@id":"https:\/\/apuntesdesanluis.com\/index.php\/2024\/12\/02\/una-mujer-policia-fue-embestida-por-un-colectivo-en-la-ruta-nacional-79\/#article","isPartOf":{"@id":"https:\/\/apuntesdesanluis.com\/index.php\/2024\/12\/02\/una-mujer-policia-fue-embestida-por-un-colectivo-en-la-ruta-nacional-79\/"},"author":{"name":"apuntesdesanluis.com","@id":"https:\/\/apuntesdesanluis.com\/#\/schema\/person\/b55151d52296fcce64d1a72538a70b90"},"headline":"UNA MUJER POLIC\u00cdA FUE EMBESTIDA POR UN COLECTIVO EN LA RUTA NACIONAL 79","datePublished":"2024-12-02T18:49:51+00:00","dateModified":"2024-12-02T18:51:31+00:00","mainEntityOfPage":{"@id":"https:\/\/apuntesdesanluis.com\/index.php\/2024\/12\/02\/una-mujer-policia-fue-embestida-por-un-colectivo-en-la-ruta-nacional-79\/"},"wordCount":193,"publisher":{"@id":"https:\/\/apuntesdesanluis.com\/#\/schema\/person\/b55151d52296fcce64d1a72538a70b90"},"image":{"@id":"https:\/\/apuntesdesanluis.com\/index.php\/2024\/12\/02\/una-mujer-policia-fue-embestida-por-un-colectivo-en-la-ruta-nacional-79\/#primaryimage"},"thumbnailUrl":"https:\/\/apuntesdesanluis.com\/wp-content\/uploads\/2024\/12\/7cfa4885-43c2-4969-bb2e-75618c9c3266.jpg","articleSection":["Ciudad\/Provincia"],"inLanguage":"es-AR"},{"@type":"WebPage","@id":"https:\/\/apuntesdesanluis.com\/index.php\/2024\/12\/02\/una-mujer-policia-fue-embestida-por-un-colectivo-en-la-ruta-nacional-79\/","url":"https:\/\/apuntesdesanluis.com\/index.php\/2024\/12\/02\/una-mujer-policia-fue-embestida-por-un-colectivo-en-la-ruta-nacional-79\/","name":"UNA MUJER POLIC\u00cdA FUE EMBESTIDA POR UN COLECTIVO EN LA RUTA NACIONAL 79 - Apuntes de San Luis","isPartOf":{"@id":"https:\/\/apuntesdesanluis.com\/#website"},"primaryImageOfPage":{"@id":"https:\/\/apuntesdesanluis.com\/index.php\/2024\/12\/02\/una-mujer-policia-fue-embestida-por-un-colectivo-en-la-ruta-nacional-79\/#primaryimage"},"image":{"@id":"https:\/\/apuntesdesanluis.com\/index.php\/2024\/12\/02\/una-mujer-policia-fue-embestida-por-un-colectivo-en-la-ruta-nacional-79\/#primaryimage"},"thumbnailUrl":"https:\/\/apuntesdesanluis.com\/wp-content\/uploads\/2024\/12\/7cfa4885-43c2-4969-bb2e-75618c9c3266.jpg","datePublished":"2024-12-02T18:49:51+00:00","dateModified":"2024-12-02T18:51:31+00:00","breadcrumb":{"@id":"https:\/\/apuntesdesanluis.com\/index.php\/2024\/12\/02\/una-mujer-policia-fue-embestida-por-un-colectivo-en-la-ruta-nacional-79\/#breadcrumb"},"inLanguage":"es-AR","potentialAction":[{"@type":"ReadAction","target":["https:\/\/apuntesdesanluis.com\/index.php\/2024\/12\/02\/una-mujer-policia-fue-embestida-por-un-colectivo-en-la-ruta-nacional-79\/"]}]},{"@type":"ImageObject","inLanguage":"es-AR","@id":"https:\/\/apuntesdesanluis.com\/index.php\/2024\/12\/02\/una-mujer-policia-fue-embestida-por-un-colectivo-en-la-ruta-nacional-79\/#primaryimage","url":"https:\/\/apuntesdesanluis.com\/wp-content\/uploads\/2024\/12\/7cfa4885-43c2-4969-bb2e-75618c9c3266.jpg","contentUrl":"https:\/\/apuntesdesanluis.com\/wp-content\/uploads\/2024\/12\/7cfa4885-43c2-4969-bb2e-75618c9c3266.jpg","width":633,"height":403},{"@type":"BreadcrumbList","@id":"https:\/\/apuntesdesanluis.com\/index.php\/2024\/12\/02\/una-mujer-policia-fue-embestida-por-un-colectivo-en-la-ruta-nacional-79\/#breadcrumb","itemListElement":[{"@type":"ListItem","position":1,"name":"Inicio","item":"https:\/\/apuntesdesanluis.com\/"},{"@type":"ListItem","position":2,"name":"UNA MUJER POLIC\u00cdA FUE EMBESTIDA POR UN COLECTIVO EN LA RUTA NACIONAL 79"}]},{"@type":"WebSite","@id":"https:\/\/apuntesdesanluis.com\/#website","url":"https:\/\/apuntesdesanluis.com\/","name":"Apuntes de San Luis","description":"","publisher":{"@id":"https:\/\/apuntesdesanluis.com\/#\/schema\/person\/b55151d52296fcce64d1a72538a70b90"},"potentialAction":[{"@type":"SearchAction","target":{"@type":"EntryPoint","urlTemplate":"https:\/\/apuntesdesanluis.com\/?s={search_term_string}"},"query-input":{"@type":"PropertyValueSpecification","valueRequired":true,"valueName":"search_term_string"}}],"inLanguage":"es-AR"},{"@type":["Person","Organization"],"@id":"https:\/\/apuntesdesanluis.com\/#\/schema\/person\/b55151d52296fcce64d1a72538a70b90","name":"apuntesdesanluis.com","image":{"@type":"ImageObject","inLanguage":"es-AR","@id":"https:\/\/apuntesdesanluis.com\/#\/schema\/person\/image\/","url":"https:\/\/apuntesdesanluis.com\/wp-content\/uploads\/2023\/07\/cropped-apuntesdesanluis.png","contentUrl":"https:\/\/apuntesdesanluis.com\/wp-content\/uploads\/2023\/07\/cropped-apuntesdesanluis.png","width":450,"height":112,"caption":"apuntesdesanluis.com"},"logo":{"@id":"https:\/\/apuntesdesanluis.com\/#\/schema\/person\/image\/"},"sameAs":["https:\/\/apuntesdesanluis.com"],"url":"https:\/\/apuntesdesanluis.com\/index.php\/author\/apuntesdesanluis-com\/"}]}},"featured_image_urls":{"full":["https:\/\/apuntesdesanluis.com\/wp-content\/uploads\/2024\/12\/7cfa4885-43c2-4969-bb2e-75618c9c3266.jpg",633,403,false],"thumbnail":["https:\/\/apuntesdesanluis.com\/wp-content\/uploads\/2024\/12\/7cfa4885-43c2-4969-bb2e-75618c9c3266-150x150.jpg",150,150,true],"medium":["https:\/\/apuntesdesanluis.com\/wp-content\/uploads\/2024\/12\/7cfa4885-43c2-4969-bb2e-75618c9c3266-300x191.jpg",300,191,true],"medium_large":["https:\/\/apuntesdesanluis.com\/wp-content\/uploads\/2024\/12\/7cfa4885-43c2-4969-bb2e-75618c9c3266.jpg",633,403,false],"large":["https:\/\/apuntesdesanluis.com\/wp-content\/uploads\/2024\/12\/7cfa4885-43c2-4969-bb2e-75618c9c3266.jpg",633,403,false],"1536x1536":["https:\/\/apuntesdesanluis.com\/wp-content\/uploads\/2024\/12\/7cfa4885-43c2-4969-bb2e-75618c9c3266.jpg",633,403,false],"2048x2048":["https:\/\/apuntesdesanluis.com\/wp-content\/uploads\/2024\/12\/7cfa4885-43c2-4969-bb2e-75618c9c3266.jpg",633,403,false],"newsever-slider-full":["https:\/\/apuntesdesanluis.com\/wp-content\/uploads\/2024\/12\/7cfa4885-43c2-4969-bb2e-75618c9c3266.jpg",633,403,false],"newsever-featured":["https:\/\/apuntesdesanluis.com\/wp-content\/uploads\/2024\/12\/7cfa4885-43c2-4969-bb2e-75618c9c3266.jpg",633,403,false],"newsever-medium":["https:\/\/apuntesdesanluis.com\/wp-content\/uploads\/2024\/12\/7cfa4885-43c2-4969-bb2e-75618c9c3266.jpg",633,403,false]},"author_info":{"display_name":"apuntesdesanluis.com","author_link":"https:\/\/apuntesdesanluis.com\/index.php\/author\/apuntesdesanluis-com\/"},"category_info":"<a href=\"https:\/\/apuntesdesanluis.com\/index.php\/category\/ciudad-provincia\/\" rel=\"category tag\">Ciudad\/Provincia<\/a>","tag_info":"Ciudad\/Provincia","comment_count":"0","_links":{"self":[{"href":"https:\/\/apuntesdesanluis.com\/index.php\/wp-json\/wp\/v2\/posts\/26082","targetHints":{"allow":["GET"]}}],"collection":[{"href":"https:\/\/apuntesdesanluis.com\/index.php\/wp-json\/wp\/v2\/posts"}],"about":[{"href":"https:\/\/apuntesdesanluis.com\/index.php\/wp-json\/wp\/v2\/types\/post"}],"author":[{"embeddable":true,"href":"https:\/\/apuntesdesanluis.com\/index.php\/wp-json\/wp\/v2\/users\/1"}],"replies":[{"embeddable":true,"href":"https:\/\/apuntesdesanluis.com\/index.php\/wp-json\/wp\/v2\/comments?post=26082"}],"version-history":[{"count":2,"href":"https:\/\/apuntesdesanluis.com\/index.php\/wp-json\/wp\/v2\/posts\/26082\/revisions"}],"predecessor-version":[{"id":26086,"href":"https:\/\/apuntesdesanluis.com\/index.php\/wp-json\/wp\/v2\/posts\/26082\/revisions\/26086"}],"wp:featuredmedia":[{"embeddable":true,"href":"https:\/\/apuntesdesanluis.com\/index.php\/wp-json\/wp\/v2\/media\/26083"}],"wp:attachment":[{"href":"https:\/\/apuntesdesanluis.com\/index.php\/wp-json\/wp\/v2\/media?parent=26082"}],"wp:term":[{"taxonomy":"category","embeddable":true,"href":"https:\/\/apuntesdesanluis.com\/index.php\/wp-json\/wp\/v2\/categories?post=26082"},{"taxonomy":"post_tag","embeddable":true,"href":"https:\/\/apuntesdesanluis.com\/index.php\/wp-json\/wp\/v2\/tags?post=26082"}],"curies":[{"name":"wp","href":"https:\/\/api.w.org\/{rel}","templated":true}]}}