{"id":26087,"date":"2024-12-02T16:13:49","date_gmt":"2024-12-02T19:13:49","guid":{"rendered":"https:\/\/apuntesdesanluis.com\/?p=26087"},"modified":"2024-12-02T16:13:49","modified_gmt":"2024-12-02T19:13:49","slug":"hasta-el-jueves-5-se-pueden-ir-a-ver-los-105-vehiculos-oficiales-que-se-remataran","status":"publish","type":"post","link":"https:\/\/apuntesdesanluis.com\/index.php\/2024\/12\/02\/hasta-el-jueves-5-se-pueden-ir-a-ver-los-105-vehiculos-oficiales-que-se-remataran\/","title":{"rendered":"HASTA EL JUEVES 5 SE PUEDEN IR A VER LOS 105 VEH\u00cdCULOS OFICIALES QUE SE REMATAR\u00c1N"},"content":{"rendered":"<h3>La subasta p\u00fablica se realizar\u00e1 el s\u00e1bado 7 a partir de la 9:00 en el sal\u00f3n Malvinas Argentinas de Casa de Gobierno. Las visitas al Parque Automotor, en el Parque Industrial Sur de la ciudad de San Luis, se pueden hacer desde las 14:00 a las 18:00.<\/h3>\n<h3>La mayor proporci\u00f3n de rodados que se rematar\u00e1n son veh\u00edculos que us\u00f3 la Polic\u00eda provincial.<\/h3>\n<h3>Las personas interesadas en ver los rodados que rematar\u00e1n el s\u00e1bado 7 de diciembre en el sal\u00f3n Malvinas Argentinas podr\u00e1n acercarse al Parque Industrial Sur, en la zona sur de la ciudad de San Luis, desde este lunes 2 al jueves 5, de 14:00 a 18:00.<\/h3>\n<h3>As\u00ed lo confirmaron el secretario de \u00c9tica P\u00fablica y Control de Gesti\u00f3n, <strong>Ricardo Bazla<\/strong>, y el director del Parque Automotor, <strong>Horacio del Percio<\/strong>.<\/h3>\n<h3>Son 105 rodados divididos en 103 lotes, dado que hay tres motos incorporadas en el mismo lote. La mayor proporci\u00f3n son camionetas que utiliz\u00f3 la Polic\u00eda, pero tambi\u00e9n hay autos, ambulancias, utilitarios y algunas motos y UTV o areneros y cuatriciclos.<\/h3>\n<h3>Bazla confirm\u00f3 que, en simult\u00e1neo, ya trabajan para la realizaci\u00f3n de un tercer remate, en 2025. Estiman que ser\u00e1 de una cantidad de rodados similar a esta segunda subasta y que estar\u00e1n incluso en mejores condiciones.<\/h3>\n<p><iframe title=\"Ricardo Bazla,secretario de \u00c9tica P\u00fablica y Control de Gesti\u00f3n\" width=\"640\" height=\"360\" src=\"https:\/\/www.youtube.com\/embed\/qsoPmFF0x7k?feature=oembed\" frameborder=\"0\" allow=\"accelerometer; autoplay; clipboard-write; encrypted-media; gyroscope; picture-in-picture; web-share\" referrerpolicy=\"strict-origin-when-cross-origin\" allowfullscreen><\/iframe><\/p>\n<h3>El Secretario, adem\u00e1s, record\u00f3 que, como sucedi\u00f3 en el anterior remate, la cartera que tiene a su cargo emiti\u00f3 una recomendaci\u00f3n, destinada a los funcionarios p\u00fablicos provinciales para que se abstengan de participar de la subasta, \u201cpara aportar transparencia a toda la modalidad del remate\u201d.<\/h3>\n<h3>\u201cEn funci\u00f3n del principio de autonom\u00eda municipal, las intendencias municipales pueden participar de este remate, porque no dependen del Gobierno de la Provincia en t\u00e9rminos funcionales. Distinto es el caso de los funcionarios del Poder Ejecutivo\u201d, aclar\u00f3.<\/h3>\n<p>&nbsp;<\/p>\n<p>&nbsp;<\/p>\n<p>&nbsp;<\/p>\n<p>&nbsp;<\/p>\n<p>&nbsp;<\/p>\n","protected":false},"excerpt":{"rendered":"<p>La subasta p\u00fablica se realizar\u00e1 el s\u00e1bado 7 a partir de la 9:00 en el&#8230;<\/p>\n","protected":false},"author":1,"featured_media":26088,"comment_status":"closed","ping_status":"closed","sticky":false,"template":"","format":"standard","meta":{"footnotes":""},"categories":[6],"tags":[],"class_list":["post-26087","post","type-post","status-publish","format-standard","has-post-thumbnail","hentry","category-ciudad-provincia"],"yoast_head":"<!-- This site is optimized with the Yoast SEO plugin v26.1.1 - https:\/\/yoast.com\/wordpress\/plugins\/seo\/ -->\n<title>HASTA EL JUEVES 5 SE PUEDEN IR A VER LOS 105 VEH\u00cdCULOS OFICIALES QUE SE REMATAR\u00c1N - Apuntes de San Luis<\/title>\n<meta name=\"robots\" content=\"index, follow, max-snippet:-1, max-image-preview:large, max-video-preview:-1\" \/>\n<link rel=\"canonical\" href=\"https:\/\/apuntesdesanluis.com\/index.php\/2024\/12\/02\/hasta-el-jueves-5-se-pueden-ir-a-ver-los-105-vehiculos-oficiales-que-se-remataran\/\" \/>\n<meta property=\"og:locale\" content=\"es_ES\" \/>\n<meta property=\"og:type\" content=\"article\" \/>\n<meta property=\"og:title\" content=\"HASTA EL JUEVES 5 SE PUEDEN IR A VER LOS 105 VEH\u00cdCULOS OFICIALES QUE SE REMATAR\u00c1N - Apuntes de San Luis\" \/>\n<meta property=\"og:description\" content=\"La subasta p\u00fablica se realizar\u00e1 el s\u00e1bado 7 a partir de la 9:00 en el...\" \/>\n<meta property=\"og:url\" content=\"https:\/\/apuntesdesanluis.com\/index.php\/2024\/12\/02\/hasta-el-jueves-5-se-pueden-ir-a-ver-los-105-vehiculos-oficiales-que-se-remataran\/\" \/>\n<meta property=\"og:site_name\" content=\"Apuntes de San Luis\" \/>\n<meta property=\"article:published_time\" content=\"2024-12-02T19:13:49+00:00\" \/>\n<meta property=\"og:image\" content=\"https:\/\/apuntesdesanluis.com\/wp-content\/uploads\/2024\/12\/camioneta-subasta.png\" \/>\n\t<meta property=\"og:image:width\" content=\"800\" \/>\n\t<meta property=\"og:image:height\" content=\"461\" \/>\n\t<meta property=\"og:image:type\" content=\"image\/png\" \/>\n<meta name=\"author\" content=\"apuntesdesanluis.com\" \/>\n<meta name=\"twitter:card\" content=\"summary_large_image\" \/>\n<meta name=\"twitter:label1\" content=\"Escrito por\" \/>\n\t<meta name=\"twitter:data1\" content=\"apuntesdesanluis.com\" \/>\n\t<meta name=\"twitter:label2\" content=\"Tiempo de lectura\" \/>\n\t<meta name=\"twitter:data2\" content=\"2 minutos\" \/>\n<script type=\"application\/ld+json\" class=\"yoast-schema-graph\">{\"@context\":\"https:\/\/schema.org\",\"@graph\":[{\"@type\":\"Article\",\"@id\":\"https:\/\/apuntesdesanluis.com\/index.php\/2024\/12\/02\/hasta-el-jueves-5-se-pueden-ir-a-ver-los-105-vehiculos-oficiales-que-se-remataran\/#article\",\"isPartOf\":{\"@id\":\"https:\/\/apuntesdesanluis.com\/index.php\/2024\/12\/02\/hasta-el-jueves-5-se-pueden-ir-a-ver-los-105-vehiculos-oficiales-que-se-remataran\/\"},\"author\":{\"name\":\"apuntesdesanluis.com\",\"@id\":\"https:\/\/apuntesdesanluis.com\/#\/schema\/person\/b55151d52296fcce64d1a72538a70b90\"},\"headline\":\"HASTA EL JUEVES 5 SE PUEDEN IR A VER LOS 105 VEH\u00cdCULOS OFICIALES QUE SE REMATAR\u00c1N\",\"datePublished\":\"2024-12-02T19:13:49+00:00\",\"mainEntityOfPage\":{\"@id\":\"https:\/\/apuntesdesanluis.com\/index.php\/2024\/12\/02\/hasta-el-jueves-5-se-pueden-ir-a-ver-los-105-vehiculos-oficiales-que-se-remataran\/\"},\"wordCount\":332,\"publisher\":{\"@id\":\"https:\/\/apuntesdesanluis.com\/#\/schema\/person\/b55151d52296fcce64d1a72538a70b90\"},\"image\":{\"@id\":\"https:\/\/apuntesdesanluis.com\/index.php\/2024\/12\/02\/hasta-el-jueves-5-se-pueden-ir-a-ver-los-105-vehiculos-oficiales-que-se-remataran\/#primaryimage\"},\"thumbnailUrl\":\"https:\/\/apuntesdesanluis.com\/wp-content\/uploads\/2024\/12\/camioneta-subasta.png\",\"articleSection\":[\"Ciudad\/Provincia\"],\"inLanguage\":\"es-AR\"},{\"@type\":\"WebPage\",\"@id\":\"https:\/\/apuntesdesanluis.com\/index.php\/2024\/12\/02\/hasta-el-jueves-5-se-pueden-ir-a-ver-los-105-vehiculos-oficiales-que-se-remataran\/\",\"url\":\"https:\/\/apuntesdesanluis.com\/index.php\/2024\/12\/02\/hasta-el-jueves-5-se-pueden-ir-a-ver-los-105-vehiculos-oficiales-que-se-remataran\/\",\"name\":\"HASTA EL JUEVES 5 SE PUEDEN IR A VER LOS 105 VEH\u00cdCULOS OFICIALES QUE SE REMATAR\u00c1N - Apuntes de San Luis\",\"isPartOf\":{\"@id\":\"https:\/\/apuntesdesanluis.com\/#website\"},\"primaryImageOfPage\":{\"@id\":\"https:\/\/apuntesdesanluis.com\/index.php\/2024\/12\/02\/hasta-el-jueves-5-se-pueden-ir-a-ver-los-105-vehiculos-oficiales-que-se-remataran\/#primaryimage\"},\"image\":{\"@id\":\"https:\/\/apuntesdesanluis.com\/index.php\/2024\/12\/02\/hasta-el-jueves-5-se-pueden-ir-a-ver-los-105-vehiculos-oficiales-que-se-remataran\/#primaryimage\"},\"thumbnailUrl\":\"https:\/\/apuntesdesanluis.com\/wp-content\/uploads\/2024\/12\/camioneta-subasta.png\",\"datePublished\":\"2024-12-02T19:13:49+00:00\",\"breadcrumb\":{\"@id\":\"https:\/\/apuntesdesanluis.com\/index.php\/2024\/12\/02\/hasta-el-jueves-5-se-pueden-ir-a-ver-los-105-vehiculos-oficiales-que-se-remataran\/#breadcrumb\"},\"inLanguage\":\"es-AR\",\"potentialAction\":[{\"@type\":\"ReadAction\",\"target\":[\"https:\/\/apuntesdesanluis.com\/index.php\/2024\/12\/02\/hasta-el-jueves-5-se-pueden-ir-a-ver-los-105-vehiculos-oficiales-que-se-remataran\/\"]}]},{\"@type\":\"ImageObject\",\"inLanguage\":\"es-AR\",\"@id\":\"https:\/\/apuntesdesanluis.com\/index.php\/2024\/12\/02\/hasta-el-jueves-5-se-pueden-ir-a-ver-los-105-vehiculos-oficiales-que-se-remataran\/#primaryimage\",\"url\":\"https:\/\/apuntesdesanluis.com\/wp-content\/uploads\/2024\/12\/camioneta-subasta.png\",\"contentUrl\":\"https:\/\/apuntesdesanluis.com\/wp-content\/uploads\/2024\/12\/camioneta-subasta.png\",\"width\":800,\"height\":461},{\"@type\":\"BreadcrumbList\",\"@id\":\"https:\/\/apuntesdesanluis.com\/index.php\/2024\/12\/02\/hasta-el-jueves-5-se-pueden-ir-a-ver-los-105-vehiculos-oficiales-que-se-remataran\/#breadcrumb\",\"itemListElement\":[{\"@type\":\"ListItem\",\"position\":1,\"name\":\"Inicio\",\"item\":\"https:\/\/apuntesdesanluis.com\/\"},{\"@type\":\"ListItem\",\"position\":2,\"name\":\"HASTA EL JUEVES 5 SE PUEDEN IR A VER LOS 105 VEH\u00cdCULOS OFICIALES QUE SE REMATAR\u00c1N\"}]},{\"@type\":\"WebSite\",\"@id\":\"https:\/\/apuntesdesanluis.com\/#website\",\"url\":\"https:\/\/apuntesdesanluis.com\/\",\"name\":\"Apuntes de San Luis\",\"description\":\"\",\"publisher\":{\"@id\":\"https:\/\/apuntesdesanluis.com\/#\/schema\/person\/b55151d52296fcce64d1a72538a70b90\"},\"potentialAction\":[{\"@type\":\"SearchAction\",\"target\":{\"@type\":\"EntryPoint\",\"urlTemplate\":\"https:\/\/apuntesdesanluis.com\/?s={search_term_string}\"},\"query-input\":{\"@type\":\"PropertyValueSpecification\",\"valueRequired\":true,\"valueName\":\"search_term_string\"}}],\"inLanguage\":\"es-AR\"},{\"@type\":[\"Person\",\"Organization\"],\"@id\":\"https:\/\/apuntesdesanluis.com\/#\/schema\/person\/b55151d52296fcce64d1a72538a70b90\",\"name\":\"apuntesdesanluis.com\",\"image\":{\"@type\":\"ImageObject\",\"inLanguage\":\"es-AR\",\"@id\":\"https:\/\/apuntesdesanluis.com\/#\/schema\/person\/image\/\",\"url\":\"https:\/\/apuntesdesanluis.com\/wp-content\/uploads\/2023\/07\/cropped-apuntesdesanluis.png\",\"contentUrl\":\"https:\/\/apuntesdesanluis.com\/wp-content\/uploads\/2023\/07\/cropped-apuntesdesanluis.png\",\"width\":450,\"height\":112,\"caption\":\"apuntesdesanluis.com\"},\"logo\":{\"@id\":\"https:\/\/apuntesdesanluis.com\/#\/schema\/person\/image\/\"},\"sameAs\":[\"https:\/\/apuntesdesanluis.com\"],\"url\":\"https:\/\/apuntesdesanluis.com\/index.php\/author\/apuntesdesanluis-com\/\"}]}<\/script>\n<!-- \/ Yoast SEO plugin. -->","yoast_head_json":{"title":"HASTA EL JUEVES 5 SE PUEDEN IR A VER LOS 105 VEH\u00cdCULOS OFICIALES QUE SE REMATAR\u00c1N - Apuntes de San Luis","robots":{"index":"index","follow":"follow","max-snippet":"max-snippet:-1","max-image-preview":"max-image-preview:large","max-video-preview":"max-video-preview:-1"},"canonical":"https:\/\/apuntesdesanluis.com\/index.php\/2024\/12\/02\/hasta-el-jueves-5-se-pueden-ir-a-ver-los-105-vehiculos-oficiales-que-se-remataran\/","og_locale":"es_ES","og_type":"article","og_title":"HASTA EL JUEVES 5 SE PUEDEN IR A VER LOS 105 VEH\u00cdCULOS OFICIALES QUE SE REMATAR\u00c1N - Apuntes de San Luis","og_description":"La subasta p\u00fablica se realizar\u00e1 el s\u00e1bado 7 a partir de la 9:00 en el...","og_url":"https:\/\/apuntesdesanluis.com\/index.php\/2024\/12\/02\/hasta-el-jueves-5-se-pueden-ir-a-ver-los-105-vehiculos-oficiales-que-se-remataran\/","og_site_name":"Apuntes de San Luis","article_published_time":"2024-12-02T19:13:49+00:00","og_image":[{"width":800,"height":461,"url":"https:\/\/apuntesdesanluis.com\/wp-content\/uploads\/2024\/12\/camioneta-subasta.png","type":"image\/png"}],"author":"apuntesdesanluis.com","twitter_card":"summary_large_image","twitter_misc":{"Escrito por":"apuntesdesanluis.com","Tiempo de lectura":"2 minutos"},"schema":{"@context":"https:\/\/schema.org","@graph":[{"@type":"Article","@id":"https:\/\/apuntesdesanluis.com\/index.php\/2024\/12\/02\/hasta-el-jueves-5-se-pueden-ir-a-ver-los-105-vehiculos-oficiales-que-se-remataran\/#article","isPartOf":{"@id":"https:\/\/apuntesdesanluis.com\/index.php\/2024\/12\/02\/hasta-el-jueves-5-se-pueden-ir-a-ver-los-105-vehiculos-oficiales-que-se-remataran\/"},"author":{"name":"apuntesdesanluis.com","@id":"https:\/\/apuntesdesanluis.com\/#\/schema\/person\/b55151d52296fcce64d1a72538a70b90"},"headline":"HASTA EL JUEVES 5 SE PUEDEN IR A VER LOS 105 VEH\u00cdCULOS OFICIALES QUE SE REMATAR\u00c1N","datePublished":"2024-12-02T19:13:49+00:00","mainEntityOfPage":{"@id":"https:\/\/apuntesdesanluis.com\/index.php\/2024\/12\/02\/hasta-el-jueves-5-se-pueden-ir-a-ver-los-105-vehiculos-oficiales-que-se-remataran\/"},"wordCount":332,"publisher":{"@id":"https:\/\/apuntesdesanluis.com\/#\/schema\/person\/b55151d52296fcce64d1a72538a70b90"},"image":{"@id":"https:\/\/apuntesdesanluis.com\/index.php\/2024\/12\/02\/hasta-el-jueves-5-se-pueden-ir-a-ver-los-105-vehiculos-oficiales-que-se-remataran\/#primaryimage"},"thumbnailUrl":"https:\/\/apuntesdesanluis.com\/wp-content\/uploads\/2024\/12\/camioneta-subasta.png","articleSection":["Ciudad\/Provincia"],"inLanguage":"es-AR"},{"@type":"WebPage","@id":"https:\/\/apuntesdesanluis.com\/index.php\/2024\/12\/02\/hasta-el-jueves-5-se-pueden-ir-a-ver-los-105-vehiculos-oficiales-que-se-remataran\/","url":"https:\/\/apuntesdesanluis.com\/index.php\/2024\/12\/02\/hasta-el-jueves-5-se-pueden-ir-a-ver-los-105-vehiculos-oficiales-que-se-remataran\/","name":"HASTA EL JUEVES 5 SE PUEDEN IR A VER LOS 105 VEH\u00cdCULOS OFICIALES QUE SE REMATAR\u00c1N - Apuntes de San Luis","isPartOf":{"@id":"https:\/\/apuntesdesanluis.com\/#website"},"primaryImageOfPage":{"@id":"https:\/\/apuntesdesanluis.com\/index.php\/2024\/12\/02\/hasta-el-jueves-5-se-pueden-ir-a-ver-los-105-vehiculos-oficiales-que-se-remataran\/#primaryimage"},"image":{"@id":"https:\/\/apuntesdesanluis.com\/index.php\/2024\/12\/02\/hasta-el-jueves-5-se-pueden-ir-a-ver-los-105-vehiculos-oficiales-que-se-remataran\/#primaryimage"},"thumbnailUrl":"https:\/\/apuntesdesanluis.com\/wp-content\/uploads\/2024\/12\/camioneta-subasta.png","datePublished":"2024-12-02T19:13:49+00:00","breadcrumb":{"@id":"https:\/\/apuntesdesanluis.com\/index.php\/2024\/12\/02\/hasta-el-jueves-5-se-pueden-ir-a-ver-los-105-vehiculos-oficiales-que-se-remataran\/#breadcrumb"},"inLanguage":"es-AR","potentialAction":[{"@type":"ReadAction","target":["https:\/\/apuntesdesanluis.com\/index.php\/2024\/12\/02\/hasta-el-jueves-5-se-pueden-ir-a-ver-los-105-vehiculos-oficiales-que-se-remataran\/"]}]},{"@type":"ImageObject","inLanguage":"es-AR","@id":"https:\/\/apuntesdesanluis.com\/index.php\/2024\/12\/02\/hasta-el-jueves-5-se-pueden-ir-a-ver-los-105-vehiculos-oficiales-que-se-remataran\/#primaryimage","url":"https:\/\/apuntesdesanluis.com\/wp-content\/uploads\/2024\/12\/camioneta-subasta.png","contentUrl":"https:\/\/apuntesdesanluis.com\/wp-content\/uploads\/2024\/12\/camioneta-subasta.png","width":800,"height":461},{"@type":"BreadcrumbList","@id":"https:\/\/apuntesdesanluis.com\/index.php\/2024\/12\/02\/hasta-el-jueves-5-se-pueden-ir-a-ver-los-105-vehiculos-oficiales-que-se-remataran\/#breadcrumb","itemListElement":[{"@type":"ListItem","position":1,"name":"Inicio","item":"https:\/\/apuntesdesanluis.com\/"},{"@type":"ListItem","position":2,"name":"HASTA EL JUEVES 5 SE PUEDEN IR A VER LOS 105 VEH\u00cdCULOS OFICIALES QUE SE REMATAR\u00c1N"}]},{"@type":"WebSite","@id":"https:\/\/apuntesdesanluis.com\/#website","url":"https:\/\/apuntesdesanluis.com\/","name":"Apuntes de San Luis","description":"","publisher":{"@id":"https:\/\/apuntesdesanluis.com\/#\/schema\/person\/b55151d52296fcce64d1a72538a70b90"},"potentialAction":[{"@type":"SearchAction","target":{"@type":"EntryPoint","urlTemplate":"https:\/\/apuntesdesanluis.com\/?s={search_term_string}"},"query-input":{"@type":"PropertyValueSpecification","valueRequired":true,"valueName":"search_term_string"}}],"inLanguage":"es-AR"},{"@type":["Person","Organization"],"@id":"https:\/\/apuntesdesanluis.com\/#\/schema\/person\/b55151d52296fcce64d1a72538a70b90","name":"apuntesdesanluis.com","image":{"@type":"ImageObject","inLanguage":"es-AR","@id":"https:\/\/apuntesdesanluis.com\/#\/schema\/person\/image\/","url":"https:\/\/apuntesdesanluis.com\/wp-content\/uploads\/2023\/07\/cropped-apuntesdesanluis.png","contentUrl":"https:\/\/apuntesdesanluis.com\/wp-content\/uploads\/2023\/07\/cropped-apuntesdesanluis.png","width":450,"height":112,"caption":"apuntesdesanluis.com"},"logo":{"@id":"https:\/\/apuntesdesanluis.com\/#\/schema\/person\/image\/"},"sameAs":["https:\/\/apuntesdesanluis.com"],"url":"https:\/\/apuntesdesanluis.com\/index.php\/author\/apuntesdesanluis-com\/"}]}},"featured_image_urls":{"full":["https:\/\/apuntesdesanluis.com\/wp-content\/uploads\/2024\/12\/camioneta-subasta.png",800,461,false],"thumbnail":["https:\/\/apuntesdesanluis.com\/wp-content\/uploads\/2024\/12\/camioneta-subasta-150x150.png",150,150,true],"medium":["https:\/\/apuntesdesanluis.com\/wp-content\/uploads\/2024\/12\/camioneta-subasta-300x173.png",300,173,true],"medium_large":["https:\/\/apuntesdesanluis.com\/wp-content\/uploads\/2024\/12\/camioneta-subasta-768x443.png",640,369,true],"large":["https:\/\/apuntesdesanluis.com\/wp-content\/uploads\/2024\/12\/camioneta-subasta.png",640,369,false],"1536x1536":["https:\/\/apuntesdesanluis.com\/wp-content\/uploads\/2024\/12\/camioneta-subasta.png",800,461,false],"2048x2048":["https:\/\/apuntesdesanluis.com\/wp-content\/uploads\/2024\/12\/camioneta-subasta.png",800,461,false],"newsever-slider-full":["https:\/\/apuntesdesanluis.com\/wp-content\/uploads\/2024\/12\/camioneta-subasta.png",800,461,false],"newsever-featured":["https:\/\/apuntesdesanluis.com\/wp-content\/uploads\/2024\/12\/camioneta-subasta.png",800,461,false],"newsever-medium":["https:\/\/apuntesdesanluis.com\/wp-content\/uploads\/2024\/12\/camioneta-subasta-720x461.png",720,461,true]},"author_info":{"display_name":"apuntesdesanluis.com","author_link":"https:\/\/apuntesdesanluis.com\/index.php\/author\/apuntesdesanluis-com\/"},"category_info":"<a href=\"https:\/\/apuntesdesanluis.com\/index.php\/category\/ciudad-provincia\/\" rel=\"category tag\">Ciudad\/Provincia<\/a>","tag_info":"Ciudad\/Provincia","comment_count":"0","_links":{"self":[{"href":"https:\/\/apuntesdesanluis.com\/index.php\/wp-json\/wp\/v2\/posts\/26087","targetHints":{"allow":["GET"]}}],"collection":[{"href":"https:\/\/apuntesdesanluis.com\/index.php\/wp-json\/wp\/v2\/posts"}],"about":[{"href":"https:\/\/apuntesdesanluis.com\/index.php\/wp-json\/wp\/v2\/types\/post"}],"author":[{"embeddable":true,"href":"https:\/\/apuntesdesanluis.com\/index.php\/wp-json\/wp\/v2\/users\/1"}],"replies":[{"embeddable":true,"href":"https:\/\/apuntesdesanluis.com\/index.php\/wp-json\/wp\/v2\/comments?post=26087"}],"version-history":[{"count":1,"href":"https:\/\/apuntesdesanluis.com\/index.php\/wp-json\/wp\/v2\/posts\/26087\/revisions"}],"predecessor-version":[{"id":26089,"href":"https:\/\/apuntesdesanluis.com\/index.php\/wp-json\/wp\/v2\/posts\/26087\/revisions\/26089"}],"wp:featuredmedia":[{"embeddable":true,"href":"https:\/\/apuntesdesanluis.com\/index.php\/wp-json\/wp\/v2\/media\/26088"}],"wp:attachment":[{"href":"https:\/\/apuntesdesanluis.com\/index.php\/wp-json\/wp\/v2\/media?parent=26087"}],"wp:term":[{"taxonomy":"category","embeddable":true,"href":"https:\/\/apuntesdesanluis.com\/index.php\/wp-json\/wp\/v2\/categories?post=26087"},{"taxonomy":"post_tag","embeddable":true,"href":"https:\/\/apuntesdesanluis.com\/index.php\/wp-json\/wp\/v2\/tags?post=26087"}],"curies":[{"name":"wp","href":"https:\/\/api.w.org\/{rel}","templated":true}]}}