{"id":26093,"date":"2024-12-02T16:43:25","date_gmt":"2024-12-02T19:43:25","guid":{"rendered":"https:\/\/apuntesdesanluis.com\/?p=26093"},"modified":"2024-12-02T16:43:25","modified_gmt":"2024-12-02T19:43:25","slug":"elevan-nivel-de-alerta-y-reforzaran-seguridad-tras-el-video-con-amenazas-a-bullrich-y-pullaro","status":"publish","type":"post","link":"https:\/\/apuntesdesanluis.com\/index.php\/2024\/12\/02\/elevan-nivel-de-alerta-y-reforzaran-seguridad-tras-el-video-con-amenazas-a-bullrich-y-pullaro\/","title":{"rendered":"ELEVAN NIVEL DE ALERTA Y REFORZAR\u00c1N SEGURIDAD TRAS EL VIDEO CON AMENAZAS A BULLRICH Y PULLARO"},"content":{"rendered":"<h3>El ministro de Justicia y Seguridad de la provincia de Santa Fe, <strong>Pablo Cococcioni<\/strong>, anunci\u00f3 que se decidi\u00f3 \u201cincrementar controles, requisas e identificaciones en la v\u00eda p\u00fablica, especialmente cerca del Poder Judicial, y una elevaci\u00f3n general del nivel de alerta\u201d en la ciudad de Rosario y sus alrededores, luego de las amenazas que se conocieran ayer a trav\u00e9s de un video de un grupo integrado por presuntos miembros de bandas narcoterroristas al gobernador de esa provincia, el radical <strong>Maximiliano Pullaro<\/strong>, y hacia la ministra de Seguridad de la Naci\u00f3n, <strong>Patricia Bullrich<\/strong>.<\/h3>\n<h3>El funcionario brind\u00f3 una conferencia de prensa esta ma\u00f1ana en la sede de la gobernaci\u00f3n provincial y dijo desconocer de d\u00f3nde puede provenir el video, pero ratific\u00f3 que la pol\u00edtica de seguridad va a permanecer \u201cinalterable\u201d.<\/h3>\n<h3>\u201cNo sabemos de d\u00f3nde pueden ser. Con la ministra desde anoche intercambiamos muchos mensajes y ofrecimos coordinaci\u00f3n y predisposici\u00f3n para ayudar. La seriedad de las supuestas amenazas la determinar\u00e1 la Justicia. Se menciona a la Ciudad de Buenos Aires y a la de Rosario\u201d, apunt\u00f3 el ministro provincial.<\/h3>\n<h3>Un par de horas antes, en Buenos Aires, Bullrich hab\u00eda deslizado que el mensaje que conten\u00eda el video \u201cpuede estar ligado a bandas muy fuertes de la Provincia de Buenos Aires\u201d. Adem\u00e1s anunci\u00f3 el lanzamiento del Plan de Seguridad 90-10, que estar\u00e1 enfocado en combatir los altos \u00edndices de homicidios en zonas cr\u00edticas del pa\u00eds.<\/h3>\n<h3>\u201cManifestamos nuestra preocupaci\u00f3n, estuvimos en contacto con la ministra (Bullrich) y con la fiscal\u00eda nacional y provincial. Es un tema que est\u00e1 bajo la competencia de la justicia federal, que est\u00e1 investigando el caso. Hemos puesto todos los recursos, la informaci\u00f3n y la inteligencia desde Santa Fe\u201d, asegur\u00f3 el ministro santafesino.<\/h3>\n<h3>\u201cLa lectura pol\u00edtica es que es un intento de condicionar mediante la amenaza las pol\u00edticas p\u00fablicas desde la Provincia y la Naci\u00f3n\u201d, agreg\u00f3 y afirm\u00f3 que a pesar de esto \u201cvan a permanecer inalterables porque es el compromiso, despu\u00e9s de las 10 leyes que planteamos desde que asumimos para las c\u00e1rceles, para los controles en las calles o para desmantelar las bandas narcocriminales\u201d.<\/h3>\n<h3>Cuando le consultaron si las medidas que se adoptaron en las unidades carcelarias podr\u00eda ser una de las razones que provocaron las amenazas, Cococciani sostuvo que \u201cpuede continuar el descontento de los reclusos por las medidas que adoptamos\u201d y que \u201ctanto en Naci\u00f3n como a nivel provincial hubo m\u00faltiples l\u00edneas de acci\u00f3n en las c\u00e1rceles desde el 10 de diciembre como la suspensi\u00f3n de las visitas o la p\u00e9rdida de privilegios\u201d.<\/h3>\n<h3>\u201cAnoche nos comunicamos con Federico Angelini (el subsecretario de Intervenci\u00f3n Federal del ministerio que encabeza Bullrich) para coordinar el despliegue preventivo\u201d, expres\u00f3 Cococcioni, quien anunci\u00f3 piensan subir \u201clos niveles de alerta protegiendo blancos priorizados, sin descuidar el despliegue preventivo en procura de proteger a todos los ciudadanos\u201d.<\/h3>\n<h3>Sobre una posible reuni\u00f3n con Bullrich, admiti\u00f3 que el contacto \u201ces permanente\u201d y que entre hoy y ma\u00f1ana \u201cpuede darse\u201d un encuentro. \u201c\u00cdbamos a juntarnos el martes, pero podr\u00eda adelantarse\u201d, manifest\u00f3.<\/h3>\n<h3>\u201cEste video va para vos, Pullaro y Bullrich. Primero que nada, comentar que hiciste matar a gente inocente y armaron todo para darle m\u00e1s poder a tu banda\u201d, dijeron los presuntos narcoterroristas en el video que trascendi\u00f3 anoche. Al dirigirse a la ministra, la calificaron de \u201cmafiosa\u201d y aseguraron que planean \u201cdejar muertos por toda la capital de Buenos Aires y Santa Fe\u201d.<\/h3>\n<h3>En las im\u00e1genes se observa a cuatro hombres armados con fusiles FAL, subfusiles FMK3, pistolas Glock y escopetas calibre 12.<\/h3>\n<p><iframe title=\"Amenaza del narcoterrorismo a Patricia Bullrich y Maximiliano Pullaro\" width=\"640\" height=\"360\" src=\"https:\/\/www.youtube.com\/embed\/hG8J7kuRa1E?feature=oembed\" frameborder=\"0\" allow=\"accelerometer; autoplay; clipboard-write; encrypted-media; gyroscope; picture-in-picture; web-share\" referrerpolicy=\"strict-origin-when-cross-origin\" allowfullscreen><\/iframe><\/p>\n<h3>\u201cDej\u00e1 de embarrar la cancha y echar le\u00f1a al fuego porque estamos instalados ac\u00e1 en Buenos Aires\u201d, contin\u00faa el relato apuntando a la ministra. \u201cVamos a empezar a dejar muertos ac\u00e1. Ustedes, los fiscales de Rosario, son la verdadera mafia. Todo comprado est\u00e1. Vamos a empezar a dejar muertos por toda la capital de Buenos Aires y Santa Fe. Vamos por todo. Esto nunca va a terminar\u201d, dicen a continuaci\u00f3n.<\/h3>\n<h3>El video lleg\u00f3 hasta el presidente Javier Milei, quien de inmediato orden\u00f3 emitir un comunicado y la convocatoria de reuniones urgentes con equipos de inteligencia e investigaci\u00f3n para encontrar a los responsables del video intimidatorio.<\/h3>\n<p>&nbsp;<\/p>\n<p>&nbsp;<\/p>\n<p>&nbsp;<\/p>\n<p>&nbsp;<\/p>\n<p>&nbsp;<\/p>\n<p>&nbsp;<\/p>\n","protected":false},"excerpt":{"rendered":"<p>El ministro de Justicia y Seguridad de la provincia de Santa Fe, Pablo Cococcioni, anunci\u00f3&#8230;<\/p>\n","protected":false},"author":1,"featured_media":26094,"comment_status":"closed","ping_status":"closed","sticky":false,"template":"","format":"standard","meta":{"footnotes":""},"categories":[5],"tags":[],"class_list":["post-26093","post","type-post","status-publish","format-standard","has-post-thumbnail","hentry","category-nacionales-internacionales"],"yoast_head":"<!-- This site is optimized with the Yoast SEO plugin v26.1.1 - https:\/\/yoast.com\/wordpress\/plugins\/seo\/ -->\n<title>ELEVAN NIVEL DE ALERTA Y REFORZAR\u00c1N SEGURIDAD TRAS EL VIDEO CON AMENAZAS A BULLRICH Y PULLARO - Apuntes de San Luis<\/title>\n<meta name=\"robots\" content=\"index, follow, max-snippet:-1, max-image-preview:large, max-video-preview:-1\" \/>\n<link rel=\"canonical\" href=\"https:\/\/apuntesdesanluis.com\/index.php\/2024\/12\/02\/elevan-nivel-de-alerta-y-reforzaran-seguridad-tras-el-video-con-amenazas-a-bullrich-y-pullaro\/\" \/>\n<meta property=\"og:locale\" content=\"es_ES\" \/>\n<meta property=\"og:type\" content=\"article\" \/>\n<meta property=\"og:title\" content=\"ELEVAN NIVEL DE ALERTA Y REFORZAR\u00c1N SEGURIDAD TRAS EL VIDEO CON AMENAZAS A BULLRICH Y PULLARO - Apuntes de San Luis\" \/>\n<meta property=\"og:description\" content=\"El ministro de Justicia y Seguridad de la provincia de Santa Fe, Pablo Cococcioni, anunci\u00f3...\" \/>\n<meta property=\"og:url\" content=\"https:\/\/apuntesdesanluis.com\/index.php\/2024\/12\/02\/elevan-nivel-de-alerta-y-reforzaran-seguridad-tras-el-video-con-amenazas-a-bullrich-y-pullaro\/\" \/>\n<meta property=\"og:site_name\" content=\"Apuntes de San Luis\" \/>\n<meta property=\"article:published_time\" content=\"2024-12-02T19:43:25+00:00\" \/>\n<meta property=\"og:image\" content=\"https:\/\/apuntesdesanluis.com\/wp-content\/uploads\/2024\/12\/BULLRICH-Y-PULLARO.png\" \/>\n\t<meta property=\"og:image:width\" content=\"912\" \/>\n\t<meta property=\"og:image:height\" content=\"540\" \/>\n\t<meta property=\"og:image:type\" content=\"image\/png\" \/>\n<meta name=\"author\" content=\"apuntesdesanluis.com\" \/>\n<meta name=\"twitter:card\" content=\"summary_large_image\" \/>\n<meta name=\"twitter:label1\" content=\"Escrito por\" \/>\n\t<meta name=\"twitter:data1\" content=\"apuntesdesanluis.com\" \/>\n\t<meta name=\"twitter:label2\" content=\"Tiempo de lectura\" \/>\n\t<meta name=\"twitter:data2\" content=\"4 minutos\" \/>\n<script type=\"application\/ld+json\" class=\"yoast-schema-graph\">{\"@context\":\"https:\/\/schema.org\",\"@graph\":[{\"@type\":\"Article\",\"@id\":\"https:\/\/apuntesdesanluis.com\/index.php\/2024\/12\/02\/elevan-nivel-de-alerta-y-reforzaran-seguridad-tras-el-video-con-amenazas-a-bullrich-y-pullaro\/#article\",\"isPartOf\":{\"@id\":\"https:\/\/apuntesdesanluis.com\/index.php\/2024\/12\/02\/elevan-nivel-de-alerta-y-reforzaran-seguridad-tras-el-video-con-amenazas-a-bullrich-y-pullaro\/\"},\"author\":{\"name\":\"apuntesdesanluis.com\",\"@id\":\"https:\/\/apuntesdesanluis.com\/#\/schema\/person\/b55151d52296fcce64d1a72538a70b90\"},\"headline\":\"ELEVAN NIVEL DE ALERTA Y REFORZAR\u00c1N SEGURIDAD TRAS EL VIDEO CON AMENAZAS A BULLRICH Y PULLARO\",\"datePublished\":\"2024-12-02T19:43:25+00:00\",\"mainEntityOfPage\":{\"@id\":\"https:\/\/apuntesdesanluis.com\/index.php\/2024\/12\/02\/elevan-nivel-de-alerta-y-reforzaran-seguridad-tras-el-video-con-amenazas-a-bullrich-y-pullaro\/\"},\"wordCount\":757,\"publisher\":{\"@id\":\"https:\/\/apuntesdesanluis.com\/#\/schema\/person\/b55151d52296fcce64d1a72538a70b90\"},\"image\":{\"@id\":\"https:\/\/apuntesdesanluis.com\/index.php\/2024\/12\/02\/elevan-nivel-de-alerta-y-reforzaran-seguridad-tras-el-video-con-amenazas-a-bullrich-y-pullaro\/#primaryimage\"},\"thumbnailUrl\":\"https:\/\/apuntesdesanluis.com\/wp-content\/uploads\/2024\/12\/BULLRICH-Y-PULLARO.png\",\"articleSection\":[\"Nacionales\/Internacionales\"],\"inLanguage\":\"es-AR\"},{\"@type\":\"WebPage\",\"@id\":\"https:\/\/apuntesdesanluis.com\/index.php\/2024\/12\/02\/elevan-nivel-de-alerta-y-reforzaran-seguridad-tras-el-video-con-amenazas-a-bullrich-y-pullaro\/\",\"url\":\"https:\/\/apuntesdesanluis.com\/index.php\/2024\/12\/02\/elevan-nivel-de-alerta-y-reforzaran-seguridad-tras-el-video-con-amenazas-a-bullrich-y-pullaro\/\",\"name\":\"ELEVAN NIVEL DE ALERTA Y REFORZAR\u00c1N SEGURIDAD TRAS EL VIDEO CON AMENAZAS A BULLRICH Y PULLARO - Apuntes de San Luis\",\"isPartOf\":{\"@id\":\"https:\/\/apuntesdesanluis.com\/#website\"},\"primaryImageOfPage\":{\"@id\":\"https:\/\/apuntesdesanluis.com\/index.php\/2024\/12\/02\/elevan-nivel-de-alerta-y-reforzaran-seguridad-tras-el-video-con-amenazas-a-bullrich-y-pullaro\/#primaryimage\"},\"image\":{\"@id\":\"https:\/\/apuntesdesanluis.com\/index.php\/2024\/12\/02\/elevan-nivel-de-alerta-y-reforzaran-seguridad-tras-el-video-con-amenazas-a-bullrich-y-pullaro\/#primaryimage\"},\"thumbnailUrl\":\"https:\/\/apuntesdesanluis.com\/wp-content\/uploads\/2024\/12\/BULLRICH-Y-PULLARO.png\",\"datePublished\":\"2024-12-02T19:43:25+00:00\",\"breadcrumb\":{\"@id\":\"https:\/\/apuntesdesanluis.com\/index.php\/2024\/12\/02\/elevan-nivel-de-alerta-y-reforzaran-seguridad-tras-el-video-con-amenazas-a-bullrich-y-pullaro\/#breadcrumb\"},\"inLanguage\":\"es-AR\",\"potentialAction\":[{\"@type\":\"ReadAction\",\"target\":[\"https:\/\/apuntesdesanluis.com\/index.php\/2024\/12\/02\/elevan-nivel-de-alerta-y-reforzaran-seguridad-tras-el-video-con-amenazas-a-bullrich-y-pullaro\/\"]}]},{\"@type\":\"ImageObject\",\"inLanguage\":\"es-AR\",\"@id\":\"https:\/\/apuntesdesanluis.com\/index.php\/2024\/12\/02\/elevan-nivel-de-alerta-y-reforzaran-seguridad-tras-el-video-con-amenazas-a-bullrich-y-pullaro\/#primaryimage\",\"url\":\"https:\/\/apuntesdesanluis.com\/wp-content\/uploads\/2024\/12\/BULLRICH-Y-PULLARO.png\",\"contentUrl\":\"https:\/\/apuntesdesanluis.com\/wp-content\/uploads\/2024\/12\/BULLRICH-Y-PULLARO.png\",\"width\":912,\"height\":540},{\"@type\":\"BreadcrumbList\",\"@id\":\"https:\/\/apuntesdesanluis.com\/index.php\/2024\/12\/02\/elevan-nivel-de-alerta-y-reforzaran-seguridad-tras-el-video-con-amenazas-a-bullrich-y-pullaro\/#breadcrumb\",\"itemListElement\":[{\"@type\":\"ListItem\",\"position\":1,\"name\":\"Inicio\",\"item\":\"https:\/\/apuntesdesanluis.com\/\"},{\"@type\":\"ListItem\",\"position\":2,\"name\":\"ELEVAN NIVEL DE ALERTA Y REFORZAR\u00c1N SEGURIDAD TRAS EL VIDEO CON AMENAZAS A BULLRICH Y PULLARO\"}]},{\"@type\":\"WebSite\",\"@id\":\"https:\/\/apuntesdesanluis.com\/#website\",\"url\":\"https:\/\/apuntesdesanluis.com\/\",\"name\":\"Apuntes de San Luis\",\"description\":\"\",\"publisher\":{\"@id\":\"https:\/\/apuntesdesanluis.com\/#\/schema\/person\/b55151d52296fcce64d1a72538a70b90\"},\"potentialAction\":[{\"@type\":\"SearchAction\",\"target\":{\"@type\":\"EntryPoint\",\"urlTemplate\":\"https:\/\/apuntesdesanluis.com\/?s={search_term_string}\"},\"query-input\":{\"@type\":\"PropertyValueSpecification\",\"valueRequired\":true,\"valueName\":\"search_term_string\"}}],\"inLanguage\":\"es-AR\"},{\"@type\":[\"Person\",\"Organization\"],\"@id\":\"https:\/\/apuntesdesanluis.com\/#\/schema\/person\/b55151d52296fcce64d1a72538a70b90\",\"name\":\"apuntesdesanluis.com\",\"image\":{\"@type\":\"ImageObject\",\"inLanguage\":\"es-AR\",\"@id\":\"https:\/\/apuntesdesanluis.com\/#\/schema\/person\/image\/\",\"url\":\"https:\/\/apuntesdesanluis.com\/wp-content\/uploads\/2023\/07\/cropped-apuntesdesanluis.png\",\"contentUrl\":\"https:\/\/apuntesdesanluis.com\/wp-content\/uploads\/2023\/07\/cropped-apuntesdesanluis.png\",\"width\":450,\"height\":112,\"caption\":\"apuntesdesanluis.com\"},\"logo\":{\"@id\":\"https:\/\/apuntesdesanluis.com\/#\/schema\/person\/image\/\"},\"sameAs\":[\"https:\/\/apuntesdesanluis.com\"],\"url\":\"https:\/\/apuntesdesanluis.com\/index.php\/author\/apuntesdesanluis-com\/\"}]}<\/script>\n<!-- \/ Yoast SEO plugin. -->","yoast_head_json":{"title":"ELEVAN NIVEL DE ALERTA Y REFORZAR\u00c1N SEGURIDAD TRAS EL VIDEO CON AMENAZAS A BULLRICH Y PULLARO - Apuntes de San Luis","robots":{"index":"index","follow":"follow","max-snippet":"max-snippet:-1","max-image-preview":"max-image-preview:large","max-video-preview":"max-video-preview:-1"},"canonical":"https:\/\/apuntesdesanluis.com\/index.php\/2024\/12\/02\/elevan-nivel-de-alerta-y-reforzaran-seguridad-tras-el-video-con-amenazas-a-bullrich-y-pullaro\/","og_locale":"es_ES","og_type":"article","og_title":"ELEVAN NIVEL DE ALERTA Y REFORZAR\u00c1N SEGURIDAD TRAS EL VIDEO CON AMENAZAS A BULLRICH Y PULLARO - Apuntes de San Luis","og_description":"El ministro de Justicia y Seguridad de la provincia de Santa Fe, Pablo Cococcioni, anunci\u00f3...","og_url":"https:\/\/apuntesdesanluis.com\/index.php\/2024\/12\/02\/elevan-nivel-de-alerta-y-reforzaran-seguridad-tras-el-video-con-amenazas-a-bullrich-y-pullaro\/","og_site_name":"Apuntes de San Luis","article_published_time":"2024-12-02T19:43:25+00:00","og_image":[{"width":912,"height":540,"url":"https:\/\/apuntesdesanluis.com\/wp-content\/uploads\/2024\/12\/BULLRICH-Y-PULLARO.png","type":"image\/png"}],"author":"apuntesdesanluis.com","twitter_card":"summary_large_image","twitter_misc":{"Escrito por":"apuntesdesanluis.com","Tiempo de lectura":"4 minutos"},"schema":{"@context":"https:\/\/schema.org","@graph":[{"@type":"Article","@id":"https:\/\/apuntesdesanluis.com\/index.php\/2024\/12\/02\/elevan-nivel-de-alerta-y-reforzaran-seguridad-tras-el-video-con-amenazas-a-bullrich-y-pullaro\/#article","isPartOf":{"@id":"https:\/\/apuntesdesanluis.com\/index.php\/2024\/12\/02\/elevan-nivel-de-alerta-y-reforzaran-seguridad-tras-el-video-con-amenazas-a-bullrich-y-pullaro\/"},"author":{"name":"apuntesdesanluis.com","@id":"https:\/\/apuntesdesanluis.com\/#\/schema\/person\/b55151d52296fcce64d1a72538a70b90"},"headline":"ELEVAN NIVEL DE ALERTA Y REFORZAR\u00c1N SEGURIDAD TRAS EL VIDEO CON AMENAZAS A BULLRICH Y PULLARO","datePublished":"2024-12-02T19:43:25+00:00","mainEntityOfPage":{"@id":"https:\/\/apuntesdesanluis.com\/index.php\/2024\/12\/02\/elevan-nivel-de-alerta-y-reforzaran-seguridad-tras-el-video-con-amenazas-a-bullrich-y-pullaro\/"},"wordCount":757,"publisher":{"@id":"https:\/\/apuntesdesanluis.com\/#\/schema\/person\/b55151d52296fcce64d1a72538a70b90"},"image":{"@id":"https:\/\/apuntesdesanluis.com\/index.php\/2024\/12\/02\/elevan-nivel-de-alerta-y-reforzaran-seguridad-tras-el-video-con-amenazas-a-bullrich-y-pullaro\/#primaryimage"},"thumbnailUrl":"https:\/\/apuntesdesanluis.com\/wp-content\/uploads\/2024\/12\/BULLRICH-Y-PULLARO.png","articleSection":["Nacionales\/Internacionales"],"inLanguage":"es-AR"},{"@type":"WebPage","@id":"https:\/\/apuntesdesanluis.com\/index.php\/2024\/12\/02\/elevan-nivel-de-alerta-y-reforzaran-seguridad-tras-el-video-con-amenazas-a-bullrich-y-pullaro\/","url":"https:\/\/apuntesdesanluis.com\/index.php\/2024\/12\/02\/elevan-nivel-de-alerta-y-reforzaran-seguridad-tras-el-video-con-amenazas-a-bullrich-y-pullaro\/","name":"ELEVAN NIVEL DE ALERTA Y REFORZAR\u00c1N SEGURIDAD TRAS EL VIDEO CON AMENAZAS A BULLRICH Y PULLARO - Apuntes de San Luis","isPartOf":{"@id":"https:\/\/apuntesdesanluis.com\/#website"},"primaryImageOfPage":{"@id":"https:\/\/apuntesdesanluis.com\/index.php\/2024\/12\/02\/elevan-nivel-de-alerta-y-reforzaran-seguridad-tras-el-video-con-amenazas-a-bullrich-y-pullaro\/#primaryimage"},"image":{"@id":"https:\/\/apuntesdesanluis.com\/index.php\/2024\/12\/02\/elevan-nivel-de-alerta-y-reforzaran-seguridad-tras-el-video-con-amenazas-a-bullrich-y-pullaro\/#primaryimage"},"thumbnailUrl":"https:\/\/apuntesdesanluis.com\/wp-content\/uploads\/2024\/12\/BULLRICH-Y-PULLARO.png","datePublished":"2024-12-02T19:43:25+00:00","breadcrumb":{"@id":"https:\/\/apuntesdesanluis.com\/index.php\/2024\/12\/02\/elevan-nivel-de-alerta-y-reforzaran-seguridad-tras-el-video-con-amenazas-a-bullrich-y-pullaro\/#breadcrumb"},"inLanguage":"es-AR","potentialAction":[{"@type":"ReadAction","target":["https:\/\/apuntesdesanluis.com\/index.php\/2024\/12\/02\/elevan-nivel-de-alerta-y-reforzaran-seguridad-tras-el-video-con-amenazas-a-bullrich-y-pullaro\/"]}]},{"@type":"ImageObject","inLanguage":"es-AR","@id":"https:\/\/apuntesdesanluis.com\/index.php\/2024\/12\/02\/elevan-nivel-de-alerta-y-reforzaran-seguridad-tras-el-video-con-amenazas-a-bullrich-y-pullaro\/#primaryimage","url":"https:\/\/apuntesdesanluis.com\/wp-content\/uploads\/2024\/12\/BULLRICH-Y-PULLARO.png","contentUrl":"https:\/\/apuntesdesanluis.com\/wp-content\/uploads\/2024\/12\/BULLRICH-Y-PULLARO.png","width":912,"height":540},{"@type":"BreadcrumbList","@id":"https:\/\/apuntesdesanluis.com\/index.php\/2024\/12\/02\/elevan-nivel-de-alerta-y-reforzaran-seguridad-tras-el-video-con-amenazas-a-bullrich-y-pullaro\/#breadcrumb","itemListElement":[{"@type":"ListItem","position":1,"name":"Inicio","item":"https:\/\/apuntesdesanluis.com\/"},{"@type":"ListItem","position":2,"name":"ELEVAN NIVEL DE ALERTA Y REFORZAR\u00c1N SEGURIDAD TRAS EL VIDEO CON AMENAZAS A BULLRICH Y PULLARO"}]},{"@type":"WebSite","@id":"https:\/\/apuntesdesanluis.com\/#website","url":"https:\/\/apuntesdesanluis.com\/","name":"Apuntes de San Luis","description":"","publisher":{"@id":"https:\/\/apuntesdesanluis.com\/#\/schema\/person\/b55151d52296fcce64d1a72538a70b90"},"potentialAction":[{"@type":"SearchAction","target":{"@type":"EntryPoint","urlTemplate":"https:\/\/apuntesdesanluis.com\/?s={search_term_string}"},"query-input":{"@type":"PropertyValueSpecification","valueRequired":true,"valueName":"search_term_string"}}],"inLanguage":"es-AR"},{"@type":["Person","Organization"],"@id":"https:\/\/apuntesdesanluis.com\/#\/schema\/person\/b55151d52296fcce64d1a72538a70b90","name":"apuntesdesanluis.com","image":{"@type":"ImageObject","inLanguage":"es-AR","@id":"https:\/\/apuntesdesanluis.com\/#\/schema\/person\/image\/","url":"https:\/\/apuntesdesanluis.com\/wp-content\/uploads\/2023\/07\/cropped-apuntesdesanluis.png","contentUrl":"https:\/\/apuntesdesanluis.com\/wp-content\/uploads\/2023\/07\/cropped-apuntesdesanluis.png","width":450,"height":112,"caption":"apuntesdesanluis.com"},"logo":{"@id":"https:\/\/apuntesdesanluis.com\/#\/schema\/person\/image\/"},"sameAs":["https:\/\/apuntesdesanluis.com"],"url":"https:\/\/apuntesdesanluis.com\/index.php\/author\/apuntesdesanluis-com\/"}]}},"featured_image_urls":{"full":["https:\/\/apuntesdesanluis.com\/wp-content\/uploads\/2024\/12\/BULLRICH-Y-PULLARO.png",912,540,false],"thumbnail":["https:\/\/apuntesdesanluis.com\/wp-content\/uploads\/2024\/12\/BULLRICH-Y-PULLARO-150x150.png",150,150,true],"medium":["https:\/\/apuntesdesanluis.com\/wp-content\/uploads\/2024\/12\/BULLRICH-Y-PULLARO-300x178.png",300,178,true],"medium_large":["https:\/\/apuntesdesanluis.com\/wp-content\/uploads\/2024\/12\/BULLRICH-Y-PULLARO-768x455.png",640,379,true],"large":["https:\/\/apuntesdesanluis.com\/wp-content\/uploads\/2024\/12\/BULLRICH-Y-PULLARO.png",640,379,false],"1536x1536":["https:\/\/apuntesdesanluis.com\/wp-content\/uploads\/2024\/12\/BULLRICH-Y-PULLARO.png",912,540,false],"2048x2048":["https:\/\/apuntesdesanluis.com\/wp-content\/uploads\/2024\/12\/BULLRICH-Y-PULLARO.png",912,540,false],"newsever-slider-full":["https:\/\/apuntesdesanluis.com\/wp-content\/uploads\/2024\/12\/BULLRICH-Y-PULLARO.png",912,540,false],"newsever-featured":["https:\/\/apuntesdesanluis.com\/wp-content\/uploads\/2024\/12\/BULLRICH-Y-PULLARO.png",912,540,false],"newsever-medium":["https:\/\/apuntesdesanluis.com\/wp-content\/uploads\/2024\/12\/BULLRICH-Y-PULLARO-720x475.png",720,475,true]},"author_info":{"display_name":"apuntesdesanluis.com","author_link":"https:\/\/apuntesdesanluis.com\/index.php\/author\/apuntesdesanluis-com\/"},"category_info":"<a href=\"https:\/\/apuntesdesanluis.com\/index.php\/category\/nacionales-internacionales\/\" rel=\"category tag\">Nacionales\/Internacionales<\/a>","tag_info":"Nacionales\/Internacionales","comment_count":"0","_links":{"self":[{"href":"https:\/\/apuntesdesanluis.com\/index.php\/wp-json\/wp\/v2\/posts\/26093","targetHints":{"allow":["GET"]}}],"collection":[{"href":"https:\/\/apuntesdesanluis.com\/index.php\/wp-json\/wp\/v2\/posts"}],"about":[{"href":"https:\/\/apuntesdesanluis.com\/index.php\/wp-json\/wp\/v2\/types\/post"}],"author":[{"embeddable":true,"href":"https:\/\/apuntesdesanluis.com\/index.php\/wp-json\/wp\/v2\/users\/1"}],"replies":[{"embeddable":true,"href":"https:\/\/apuntesdesanluis.com\/index.php\/wp-json\/wp\/v2\/comments?post=26093"}],"version-history":[{"count":1,"href":"https:\/\/apuntesdesanluis.com\/index.php\/wp-json\/wp\/v2\/posts\/26093\/revisions"}],"predecessor-version":[{"id":26095,"href":"https:\/\/apuntesdesanluis.com\/index.php\/wp-json\/wp\/v2\/posts\/26093\/revisions\/26095"}],"wp:featuredmedia":[{"embeddable":true,"href":"https:\/\/apuntesdesanluis.com\/index.php\/wp-json\/wp\/v2\/media\/26094"}],"wp:attachment":[{"href":"https:\/\/apuntesdesanluis.com\/index.php\/wp-json\/wp\/v2\/media?parent=26093"}],"wp:term":[{"taxonomy":"category","embeddable":true,"href":"https:\/\/apuntesdesanluis.com\/index.php\/wp-json\/wp\/v2\/categories?post=26093"},{"taxonomy":"post_tag","embeddable":true,"href":"https:\/\/apuntesdesanluis.com\/index.php\/wp-json\/wp\/v2\/tags?post=26093"}],"curies":[{"name":"wp","href":"https:\/\/api.w.org\/{rel}","templated":true}]}}