{"id":2611,"date":"2023-09-04T09:52:07","date_gmt":"2023-09-04T12:52:07","guid":{"rendered":"https:\/\/apuntesdesanluis.com\/?p=2611"},"modified":"2023-09-04T12:33:23","modified_gmt":"2023-09-04T15:33:23","slug":"nueva-protesta-de-trabajadores-de-inclusion-social-en-villa-mercedes","status":"publish","type":"post","link":"https:\/\/apuntesdesanluis.com\/index.php\/2023\/09\/04\/nueva-protesta-de-trabajadores-de-inclusion-social-en-villa-mercedes\/","title":{"rendered":"NUEVA PROTESTA DE TRABAJADORES DE INCLUSI\u00d3N SOCIAL, EN VILLA MERCEDES"},"content":{"rendered":"<h3>Un grupo de trabajadores de planes sociales del gobierno provincial se concentr\u00f3 en la ma\u00f1ana de este lunes en las instalaciones de Belgrano y Teodoro Fels, a los fines de reclamar el pase a planta en la administraci\u00f3n p\u00fablica. Posteriormente efectuaron un bloqueo sobre la Autopista de Serran\u00edas Puntanas.<\/h3>\n<h3>Los beneficiarios tambi\u00e9n comenzaron a protestar el viernes pasado en la ciudad de San Luis, oportunidad en que mantuvieron un \u00e1spero encuentro con el ministro de Seguridad de la provincia, <strong>Claudio Latini<\/strong>.<\/h3>\n<h3>Concretamente los trabajadores exigen que el gobierno cumpla la promesa efectuada antes de las elecciones del 11 de junio, cuando el propio gobernador adelant\u00f3 la decisi\u00f3n de disponer el pase a planta contratada de todos los trabajadores de inclusi\u00f3n social, para que comiencen a cobrar como cualquier empleado p\u00fablico.<\/h3>\n<h3>En la reuni\u00f3n con el ministro Latini el funcionario pidi\u00f3 paciencia, explicando que como existe una ley de presupuesto, no era posible cumplir en lo inmediato con el pase a planta, hasta tanto no se modifique aquella, lo cual mereci\u00f3 duras cr\u00edticas de los trabajadores, quienes se sintieron \u201cusados y traicionados en su buena fe\u201d.<\/h3>\n<h3>En Villa Mercedes los beneficiarios que protestan afirmaron que continuar\u00e1n manifestando hasta tanto reciban una respuesta concreta a sus reclamos, al tiempo que se quejaron del \u00faltimo aumento salarial del 10% que dispuso el gobierno.<\/h3>\n<h3>El m\u00f3vil de <strong>FM Latina<\/strong> recab\u00f3 la palabra de los manifestantes.<\/h3>\n<p><iframe style=\"border: none; overflow: hidden;\" src=\"https:\/\/www.facebook.com\/plugins\/video.php?height=314&amp;href=https%3A%2F%2Fwww.facebook.com%2FLatinalibre1039%2Fvideos%2F1059679841861294%2F&amp;show_text=false&amp;width=560&amp;t=100\" width=\"560\" height=\"314\" frameborder=\"0\" scrolling=\"no\" allowfullscreen=\"allowfullscreen\"><\/iframe><\/p>\n<h3>Tras manifestarse frente a la sede del Ministerio de Desarrollo Social en Villa Mercedes, un grupo se dirigi\u00f3 a la Autopista de las Serran\u00edas Puntanas, donde efectu\u00f3 quemas de cubiertas y llev\u00f3 adelante un bloqueo parcial de la ruta, para continuar visibilizando su reclamo.<\/h3>\n<p><img fetchpriority=\"high\" decoding=\"async\" class=\"wp-image-2623 aligncenter\" src=\"https:\/\/apuntesdesanluis.com\/wp-content\/uploads\/2023\/09\/cubiertas-quemadas-300x167.png\" alt=\"\" width=\"577\" height=\"321\" srcset=\"https:\/\/apuntesdesanluis.com\/wp-content\/uploads\/2023\/09\/cubiertas-quemadas-300x167.png 300w, https:\/\/apuntesdesanluis.com\/wp-content\/uploads\/2023\/09\/cubiertas-quemadas.png 549w\" sizes=\"(max-width: 577px) 100vw, 577px\" \/><\/p>\n<p>&nbsp;<\/p>\n","protected":false},"excerpt":{"rendered":"<p>Un grupo de trabajadores de planes sociales del gobierno provincial se concentr\u00f3 en la ma\u00f1ana&#8230;<\/p>\n","protected":false},"author":1,"featured_media":2613,"comment_status":"closed","ping_status":"closed","sticky":false,"template":"","format":"standard","meta":{"footnotes":""},"categories":[6],"tags":[],"class_list":["post-2611","post","type-post","status-publish","format-standard","has-post-thumbnail","hentry","category-ciudad-provincia"],"yoast_head":"<!-- This site is optimized with the Yoast SEO plugin v26.1.1 - https:\/\/yoast.com\/wordpress\/plugins\/seo\/ -->\n<title>NUEVA PROTESTA DE TRABAJADORES DE INCLUSI\u00d3N SOCIAL, EN VILLA MERCEDES - Apuntes de San Luis<\/title>\n<meta name=\"robots\" content=\"index, follow, max-snippet:-1, max-image-preview:large, max-video-preview:-1\" \/>\n<link rel=\"canonical\" href=\"https:\/\/apuntesdesanluis.com\/index.php\/2023\/09\/04\/nueva-protesta-de-trabajadores-de-inclusion-social-en-villa-mercedes\/\" \/>\n<meta property=\"og:locale\" content=\"es_ES\" \/>\n<meta property=\"og:type\" content=\"article\" \/>\n<meta property=\"og:title\" content=\"NUEVA PROTESTA DE TRABAJADORES DE INCLUSI\u00d3N SOCIAL, EN VILLA MERCEDES - Apuntes de San Luis\" \/>\n<meta property=\"og:description\" content=\"Un grupo de trabajadores de planes sociales del gobierno provincial se concentr\u00f3 en la ma\u00f1ana...\" \/>\n<meta property=\"og:url\" content=\"https:\/\/apuntesdesanluis.com\/index.php\/2023\/09\/04\/nueva-protesta-de-trabajadores-de-inclusion-social-en-villa-mercedes\/\" \/>\n<meta property=\"og:site_name\" content=\"Apuntes de San Luis\" \/>\n<meta property=\"article:published_time\" content=\"2023-09-04T12:52:07+00:00\" \/>\n<meta property=\"article:modified_time\" content=\"2023-09-04T15:33:23+00:00\" \/>\n<meta property=\"og:image\" content=\"https:\/\/apuntesdesanluis.com\/wp-content\/uploads\/2023\/09\/inclusion.png\" \/>\n\t<meta property=\"og:image:width\" content=\"392\" \/>\n\t<meta property=\"og:image:height\" content=\"259\" \/>\n\t<meta property=\"og:image:type\" content=\"image\/png\" \/>\n<meta name=\"author\" content=\"apuntesdesanluis.com\" \/>\n<meta name=\"twitter:card\" content=\"summary_large_image\" \/>\n<meta name=\"twitter:label1\" content=\"Escrito por\" \/>\n\t<meta name=\"twitter:data1\" content=\"apuntesdesanluis.com\" \/>\n\t<meta name=\"twitter:label2\" content=\"Tiempo de lectura\" \/>\n\t<meta name=\"twitter:data2\" content=\"2 minutos\" \/>\n<script type=\"application\/ld+json\" class=\"yoast-schema-graph\">{\"@context\":\"https:\/\/schema.org\",\"@graph\":[{\"@type\":\"Article\",\"@id\":\"https:\/\/apuntesdesanluis.com\/index.php\/2023\/09\/04\/nueva-protesta-de-trabajadores-de-inclusion-social-en-villa-mercedes\/#article\",\"isPartOf\":{\"@id\":\"https:\/\/apuntesdesanluis.com\/index.php\/2023\/09\/04\/nueva-protesta-de-trabajadores-de-inclusion-social-en-villa-mercedes\/\"},\"author\":{\"name\":\"apuntesdesanluis.com\",\"@id\":\"https:\/\/apuntesdesanluis.com\/#\/schema\/person\/b55151d52296fcce64d1a72538a70b90\"},\"headline\":\"NUEVA PROTESTA DE TRABAJADORES DE INCLUSI\u00d3N SOCIAL, EN VILLA MERCEDES\",\"datePublished\":\"2023-09-04T12:52:07+00:00\",\"dateModified\":\"2023-09-04T15:33:23+00:00\",\"mainEntityOfPage\":{\"@id\":\"https:\/\/apuntesdesanluis.com\/index.php\/2023\/09\/04\/nueva-protesta-de-trabajadores-de-inclusion-social-en-villa-mercedes\/\"},\"wordCount\":298,\"publisher\":{\"@id\":\"https:\/\/apuntesdesanluis.com\/#\/schema\/person\/b55151d52296fcce64d1a72538a70b90\"},\"image\":{\"@id\":\"https:\/\/apuntesdesanluis.com\/index.php\/2023\/09\/04\/nueva-protesta-de-trabajadores-de-inclusion-social-en-villa-mercedes\/#primaryimage\"},\"thumbnailUrl\":\"https:\/\/apuntesdesanluis.com\/wp-content\/uploads\/2023\/09\/inclusion.png\",\"articleSection\":[\"Ciudad\/Provincia\"],\"inLanguage\":\"es-AR\"},{\"@type\":\"WebPage\",\"@id\":\"https:\/\/apuntesdesanluis.com\/index.php\/2023\/09\/04\/nueva-protesta-de-trabajadores-de-inclusion-social-en-villa-mercedes\/\",\"url\":\"https:\/\/apuntesdesanluis.com\/index.php\/2023\/09\/04\/nueva-protesta-de-trabajadores-de-inclusion-social-en-villa-mercedes\/\",\"name\":\"NUEVA PROTESTA DE TRABAJADORES DE INCLUSI\u00d3N SOCIAL, EN VILLA MERCEDES - Apuntes de San Luis\",\"isPartOf\":{\"@id\":\"https:\/\/apuntesdesanluis.com\/#website\"},\"primaryImageOfPage\":{\"@id\":\"https:\/\/apuntesdesanluis.com\/index.php\/2023\/09\/04\/nueva-protesta-de-trabajadores-de-inclusion-social-en-villa-mercedes\/#primaryimage\"},\"image\":{\"@id\":\"https:\/\/apuntesdesanluis.com\/index.php\/2023\/09\/04\/nueva-protesta-de-trabajadores-de-inclusion-social-en-villa-mercedes\/#primaryimage\"},\"thumbnailUrl\":\"https:\/\/apuntesdesanluis.com\/wp-content\/uploads\/2023\/09\/inclusion.png\",\"datePublished\":\"2023-09-04T12:52:07+00:00\",\"dateModified\":\"2023-09-04T15:33:23+00:00\",\"breadcrumb\":{\"@id\":\"https:\/\/apuntesdesanluis.com\/index.php\/2023\/09\/04\/nueva-protesta-de-trabajadores-de-inclusion-social-en-villa-mercedes\/#breadcrumb\"},\"inLanguage\":\"es-AR\",\"potentialAction\":[{\"@type\":\"ReadAction\",\"target\":[\"https:\/\/apuntesdesanluis.com\/index.php\/2023\/09\/04\/nueva-protesta-de-trabajadores-de-inclusion-social-en-villa-mercedes\/\"]}]},{\"@type\":\"ImageObject\",\"inLanguage\":\"es-AR\",\"@id\":\"https:\/\/apuntesdesanluis.com\/index.php\/2023\/09\/04\/nueva-protesta-de-trabajadores-de-inclusion-social-en-villa-mercedes\/#primaryimage\",\"url\":\"https:\/\/apuntesdesanluis.com\/wp-content\/uploads\/2023\/09\/inclusion.png\",\"contentUrl\":\"https:\/\/apuntesdesanluis.com\/wp-content\/uploads\/2023\/09\/inclusion.png\",\"width\":392,\"height\":259},{\"@type\":\"BreadcrumbList\",\"@id\":\"https:\/\/apuntesdesanluis.com\/index.php\/2023\/09\/04\/nueva-protesta-de-trabajadores-de-inclusion-social-en-villa-mercedes\/#breadcrumb\",\"itemListElement\":[{\"@type\":\"ListItem\",\"position\":1,\"name\":\"Inicio\",\"item\":\"https:\/\/apuntesdesanluis.com\/\"},{\"@type\":\"ListItem\",\"position\":2,\"name\":\"NUEVA PROTESTA DE TRABAJADORES DE INCLUSI\u00d3N SOCIAL, EN VILLA MERCEDES\"}]},{\"@type\":\"WebSite\",\"@id\":\"https:\/\/apuntesdesanluis.com\/#website\",\"url\":\"https:\/\/apuntesdesanluis.com\/\",\"name\":\"Apuntes de San Luis\",\"description\":\"\",\"publisher\":{\"@id\":\"https:\/\/apuntesdesanluis.com\/#\/schema\/person\/b55151d52296fcce64d1a72538a70b90\"},\"potentialAction\":[{\"@type\":\"SearchAction\",\"target\":{\"@type\":\"EntryPoint\",\"urlTemplate\":\"https:\/\/apuntesdesanluis.com\/?s={search_term_string}\"},\"query-input\":{\"@type\":\"PropertyValueSpecification\",\"valueRequired\":true,\"valueName\":\"search_term_string\"}}],\"inLanguage\":\"es-AR\"},{\"@type\":[\"Person\",\"Organization\"],\"@id\":\"https:\/\/apuntesdesanluis.com\/#\/schema\/person\/b55151d52296fcce64d1a72538a70b90\",\"name\":\"apuntesdesanluis.com\",\"image\":{\"@type\":\"ImageObject\",\"inLanguage\":\"es-AR\",\"@id\":\"https:\/\/apuntesdesanluis.com\/#\/schema\/person\/image\/\",\"url\":\"https:\/\/apuntesdesanluis.com\/wp-content\/uploads\/2023\/07\/cropped-apuntesdesanluis.png\",\"contentUrl\":\"https:\/\/apuntesdesanluis.com\/wp-content\/uploads\/2023\/07\/cropped-apuntesdesanluis.png\",\"width\":450,\"height\":112,\"caption\":\"apuntesdesanluis.com\"},\"logo\":{\"@id\":\"https:\/\/apuntesdesanluis.com\/#\/schema\/person\/image\/\"},\"sameAs\":[\"https:\/\/apuntesdesanluis.com\"],\"url\":\"https:\/\/apuntesdesanluis.com\/index.php\/author\/apuntesdesanluis-com\/\"}]}<\/script>\n<!-- \/ Yoast SEO plugin. -->","yoast_head_json":{"title":"NUEVA PROTESTA DE TRABAJADORES DE INCLUSI\u00d3N SOCIAL, EN VILLA MERCEDES - Apuntes de San Luis","robots":{"index":"index","follow":"follow","max-snippet":"max-snippet:-1","max-image-preview":"max-image-preview:large","max-video-preview":"max-video-preview:-1"},"canonical":"https:\/\/apuntesdesanluis.com\/index.php\/2023\/09\/04\/nueva-protesta-de-trabajadores-de-inclusion-social-en-villa-mercedes\/","og_locale":"es_ES","og_type":"article","og_title":"NUEVA PROTESTA DE TRABAJADORES DE INCLUSI\u00d3N SOCIAL, EN VILLA MERCEDES - Apuntes de San Luis","og_description":"Un grupo de trabajadores de planes sociales del gobierno provincial se concentr\u00f3 en la ma\u00f1ana...","og_url":"https:\/\/apuntesdesanluis.com\/index.php\/2023\/09\/04\/nueva-protesta-de-trabajadores-de-inclusion-social-en-villa-mercedes\/","og_site_name":"Apuntes de San Luis","article_published_time":"2023-09-04T12:52:07+00:00","article_modified_time":"2023-09-04T15:33:23+00:00","og_image":[{"width":392,"height":259,"url":"https:\/\/apuntesdesanluis.com\/wp-content\/uploads\/2023\/09\/inclusion.png","type":"image\/png"}],"author":"apuntesdesanluis.com","twitter_card":"summary_large_image","twitter_misc":{"Escrito por":"apuntesdesanluis.com","Tiempo de lectura":"2 minutos"},"schema":{"@context":"https:\/\/schema.org","@graph":[{"@type":"Article","@id":"https:\/\/apuntesdesanluis.com\/index.php\/2023\/09\/04\/nueva-protesta-de-trabajadores-de-inclusion-social-en-villa-mercedes\/#article","isPartOf":{"@id":"https:\/\/apuntesdesanluis.com\/index.php\/2023\/09\/04\/nueva-protesta-de-trabajadores-de-inclusion-social-en-villa-mercedes\/"},"author":{"name":"apuntesdesanluis.com","@id":"https:\/\/apuntesdesanluis.com\/#\/schema\/person\/b55151d52296fcce64d1a72538a70b90"},"headline":"NUEVA PROTESTA DE TRABAJADORES DE INCLUSI\u00d3N SOCIAL, EN VILLA MERCEDES","datePublished":"2023-09-04T12:52:07+00:00","dateModified":"2023-09-04T15:33:23+00:00","mainEntityOfPage":{"@id":"https:\/\/apuntesdesanluis.com\/index.php\/2023\/09\/04\/nueva-protesta-de-trabajadores-de-inclusion-social-en-villa-mercedes\/"},"wordCount":298,"publisher":{"@id":"https:\/\/apuntesdesanluis.com\/#\/schema\/person\/b55151d52296fcce64d1a72538a70b90"},"image":{"@id":"https:\/\/apuntesdesanluis.com\/index.php\/2023\/09\/04\/nueva-protesta-de-trabajadores-de-inclusion-social-en-villa-mercedes\/#primaryimage"},"thumbnailUrl":"https:\/\/apuntesdesanluis.com\/wp-content\/uploads\/2023\/09\/inclusion.png","articleSection":["Ciudad\/Provincia"],"inLanguage":"es-AR"},{"@type":"WebPage","@id":"https:\/\/apuntesdesanluis.com\/index.php\/2023\/09\/04\/nueva-protesta-de-trabajadores-de-inclusion-social-en-villa-mercedes\/","url":"https:\/\/apuntesdesanluis.com\/index.php\/2023\/09\/04\/nueva-protesta-de-trabajadores-de-inclusion-social-en-villa-mercedes\/","name":"NUEVA PROTESTA DE TRABAJADORES DE INCLUSI\u00d3N SOCIAL, EN VILLA MERCEDES - Apuntes de San Luis","isPartOf":{"@id":"https:\/\/apuntesdesanluis.com\/#website"},"primaryImageOfPage":{"@id":"https:\/\/apuntesdesanluis.com\/index.php\/2023\/09\/04\/nueva-protesta-de-trabajadores-de-inclusion-social-en-villa-mercedes\/#primaryimage"},"image":{"@id":"https:\/\/apuntesdesanluis.com\/index.php\/2023\/09\/04\/nueva-protesta-de-trabajadores-de-inclusion-social-en-villa-mercedes\/#primaryimage"},"thumbnailUrl":"https:\/\/apuntesdesanluis.com\/wp-content\/uploads\/2023\/09\/inclusion.png","datePublished":"2023-09-04T12:52:07+00:00","dateModified":"2023-09-04T15:33:23+00:00","breadcrumb":{"@id":"https:\/\/apuntesdesanluis.com\/index.php\/2023\/09\/04\/nueva-protesta-de-trabajadores-de-inclusion-social-en-villa-mercedes\/#breadcrumb"},"inLanguage":"es-AR","potentialAction":[{"@type":"ReadAction","target":["https:\/\/apuntesdesanluis.com\/index.php\/2023\/09\/04\/nueva-protesta-de-trabajadores-de-inclusion-social-en-villa-mercedes\/"]}]},{"@type":"ImageObject","inLanguage":"es-AR","@id":"https:\/\/apuntesdesanluis.com\/index.php\/2023\/09\/04\/nueva-protesta-de-trabajadores-de-inclusion-social-en-villa-mercedes\/#primaryimage","url":"https:\/\/apuntesdesanluis.com\/wp-content\/uploads\/2023\/09\/inclusion.png","contentUrl":"https:\/\/apuntesdesanluis.com\/wp-content\/uploads\/2023\/09\/inclusion.png","width":392,"height":259},{"@type":"BreadcrumbList","@id":"https:\/\/apuntesdesanluis.com\/index.php\/2023\/09\/04\/nueva-protesta-de-trabajadores-de-inclusion-social-en-villa-mercedes\/#breadcrumb","itemListElement":[{"@type":"ListItem","position":1,"name":"Inicio","item":"https:\/\/apuntesdesanluis.com\/"},{"@type":"ListItem","position":2,"name":"NUEVA PROTESTA DE TRABAJADORES DE INCLUSI\u00d3N SOCIAL, EN VILLA MERCEDES"}]},{"@type":"WebSite","@id":"https:\/\/apuntesdesanluis.com\/#website","url":"https:\/\/apuntesdesanluis.com\/","name":"Apuntes de San Luis","description":"","publisher":{"@id":"https:\/\/apuntesdesanluis.com\/#\/schema\/person\/b55151d52296fcce64d1a72538a70b90"},"potentialAction":[{"@type":"SearchAction","target":{"@type":"EntryPoint","urlTemplate":"https:\/\/apuntesdesanluis.com\/?s={search_term_string}"},"query-input":{"@type":"PropertyValueSpecification","valueRequired":true,"valueName":"search_term_string"}}],"inLanguage":"es-AR"},{"@type":["Person","Organization"],"@id":"https:\/\/apuntesdesanluis.com\/#\/schema\/person\/b55151d52296fcce64d1a72538a70b90","name":"apuntesdesanluis.com","image":{"@type":"ImageObject","inLanguage":"es-AR","@id":"https:\/\/apuntesdesanluis.com\/#\/schema\/person\/image\/","url":"https:\/\/apuntesdesanluis.com\/wp-content\/uploads\/2023\/07\/cropped-apuntesdesanluis.png","contentUrl":"https:\/\/apuntesdesanluis.com\/wp-content\/uploads\/2023\/07\/cropped-apuntesdesanluis.png","width":450,"height":112,"caption":"apuntesdesanluis.com"},"logo":{"@id":"https:\/\/apuntesdesanluis.com\/#\/schema\/person\/image\/"},"sameAs":["https:\/\/apuntesdesanluis.com"],"url":"https:\/\/apuntesdesanluis.com\/index.php\/author\/apuntesdesanluis-com\/"}]}},"featured_image_urls":{"full":["https:\/\/apuntesdesanluis.com\/wp-content\/uploads\/2023\/09\/inclusion.png",392,259,false],"thumbnail":["https:\/\/apuntesdesanluis.com\/wp-content\/uploads\/2023\/09\/inclusion-150x150.png",150,150,true],"medium":["https:\/\/apuntesdesanluis.com\/wp-content\/uploads\/2023\/09\/inclusion-300x198.png",300,198,true],"medium_large":["https:\/\/apuntesdesanluis.com\/wp-content\/uploads\/2023\/09\/inclusion.png",392,259,false],"large":["https:\/\/apuntesdesanluis.com\/wp-content\/uploads\/2023\/09\/inclusion.png",392,259,false],"1536x1536":["https:\/\/apuntesdesanluis.com\/wp-content\/uploads\/2023\/09\/inclusion.png",392,259,false],"2048x2048":["https:\/\/apuntesdesanluis.com\/wp-content\/uploads\/2023\/09\/inclusion.png",392,259,false],"newsever-slider-full":["https:\/\/apuntesdesanluis.com\/wp-content\/uploads\/2023\/09\/inclusion.png",392,259,false],"newsever-featured":["https:\/\/apuntesdesanluis.com\/wp-content\/uploads\/2023\/09\/inclusion.png",392,259,false],"newsever-medium":["https:\/\/apuntesdesanluis.com\/wp-content\/uploads\/2023\/09\/inclusion.png",392,259,false]},"author_info":{"display_name":"apuntesdesanluis.com","author_link":"https:\/\/apuntesdesanluis.com\/index.php\/author\/apuntesdesanluis-com\/"},"category_info":"<a href=\"https:\/\/apuntesdesanluis.com\/index.php\/category\/ciudad-provincia\/\" rel=\"category tag\">Ciudad\/Provincia<\/a>","tag_info":"Ciudad\/Provincia","comment_count":"0","_links":{"self":[{"href":"https:\/\/apuntesdesanluis.com\/index.php\/wp-json\/wp\/v2\/posts\/2611","targetHints":{"allow":["GET"]}}],"collection":[{"href":"https:\/\/apuntesdesanluis.com\/index.php\/wp-json\/wp\/v2\/posts"}],"about":[{"href":"https:\/\/apuntesdesanluis.com\/index.php\/wp-json\/wp\/v2\/types\/post"}],"author":[{"embeddable":true,"href":"https:\/\/apuntesdesanluis.com\/index.php\/wp-json\/wp\/v2\/users\/1"}],"replies":[{"embeddable":true,"href":"https:\/\/apuntesdesanluis.com\/index.php\/wp-json\/wp\/v2\/comments?post=2611"}],"version-history":[{"count":5,"href":"https:\/\/apuntesdesanluis.com\/index.php\/wp-json\/wp\/v2\/posts\/2611\/revisions"}],"predecessor-version":[{"id":2624,"href":"https:\/\/apuntesdesanluis.com\/index.php\/wp-json\/wp\/v2\/posts\/2611\/revisions\/2624"}],"wp:featuredmedia":[{"embeddable":true,"href":"https:\/\/apuntesdesanluis.com\/index.php\/wp-json\/wp\/v2\/media\/2613"}],"wp:attachment":[{"href":"https:\/\/apuntesdesanluis.com\/index.php\/wp-json\/wp\/v2\/media?parent=2611"}],"wp:term":[{"taxonomy":"category","embeddable":true,"href":"https:\/\/apuntesdesanluis.com\/index.php\/wp-json\/wp\/v2\/categories?post=2611"},{"taxonomy":"post_tag","embeddable":true,"href":"https:\/\/apuntesdesanluis.com\/index.php\/wp-json\/wp\/v2\/tags?post=2611"}],"curies":[{"name":"wp","href":"https:\/\/api.w.org\/{rel}","templated":true}]}}