{"id":26110,"date":"2024-12-02T21:04:20","date_gmt":"2024-12-03T00:04:20","guid":{"rendered":"https:\/\/apuntesdesanluis.com\/?p=26110"},"modified":"2024-12-02T21:15:23","modified_gmt":"2024-12-03T00:15:23","slug":"alejandro-cacace-fue-autorizado-para-integrarse-al-gobierno-de-milei","status":"publish","type":"post","link":"https:\/\/apuntesdesanluis.com\/index.php\/2024\/12\/02\/alejandro-cacace-fue-autorizado-para-integrarse-al-gobierno-de-milei\/","title":{"rendered":"ALEJANDRO CACACE FUE AUTORIZADO PARA INTEGRARSE AL GOBIERNO DE MILEI"},"content":{"rendered":"<h3>Tal como inform\u00f3 en exclusiva <strong>Apuntes de San Luis<\/strong>, el ex diputado nacional <strong>Alejandro Cacace<\/strong> recibi\u00f3 el ofrecimiento a principios de noviembre de integrarse al gabinete de <strong>Federico Sturzenegger<\/strong>, en el flamante Ministerio de Desregulaci\u00f3n y Transformaci\u00f3n del Estado.<\/h3>\n<h3>El cargo que se le ofreci\u00f3 lo convertir\u00eda es un virtual viceministro: la <strong>Subsecretar\u00eda de Reformas Estructurales<\/strong>.<\/h3>\n<h3>Cacace se desempe\u00f1a actualmente como secretario parlamentario del bloque que comanda el diputado nacional cordob\u00e9s <strong>Rodrigo de Loredo<\/strong>. Se le valora que maneja tanto las cuestiones t\u00e9cnicas de los distintos temas en debate en el Congreso como las negociaciones entre la bancada y el Ejecutivo, una tarea que se multiplic\u00f3 a lo largo de este 2024.<\/h3>\n<p><img fetchpriority=\"high\" decoding=\"async\" class=\"wp-image-25538 aligncenter\" src=\"https:\/\/apuntesdesanluis.com\/wp-content\/uploads\/2024\/11\/CACACE-Y-DE-LOREDO-300x205.png\" alt=\"\" width=\"588\" height=\"402\" srcset=\"https:\/\/apuntesdesanluis.com\/wp-content\/uploads\/2024\/11\/CACACE-Y-DE-LOREDO-300x205.png 300w, https:\/\/apuntesdesanluis.com\/wp-content\/uploads\/2024\/11\/CACACE-Y-DE-LOREDO-768x526.png 768w, https:\/\/apuntesdesanluis.com\/wp-content\/uploads\/2024\/11\/CACACE-Y-DE-LOREDO.png 831w\" sizes=\"(max-width: 588px) 100vw, 588px\" \/><\/p>\n<h3>De tal modo que pasar\u00eda a tener una responsabilidad similar pero del lado ministerial, por el aceitado v\u00ednculo que mantiene con operadores de los distintos espacios parlamentarios, con lo que Sturzenegger querr\u00eda asegurarse tener una figura que maneje al detalle los asuntos del Congreso que este a\u00f1o supo tener mucho protagonismo.<\/h3>\n<h3>Con fecha del domingo 1\u00b0 de diciembre, Cacace envi\u00f3 una nota al presidente de la UCR, <strong>Ju\u00e1n \u00c1lvarez Pinto<\/strong>, solicitando formalmente la autorizaci\u00f3n partidaria para asumir el citado cargo.<\/h3>\n<h3>Durante las deliberaciones que mantuvo este lunes por la tarde el Comit\u00e9 Ejecutivo partidario, por mayor\u00eda se resolvi\u00f3 autorizar a Cacace para asumir esta funci\u00f3n, hecho que se concretar\u00eda en los pr\u00f3ximos d\u00edas.<\/h3>\n<h3><strong>CARTA<\/strong><\/h3>\n<h3>La misiva que present\u00f3 el dirigente radical se\u00f1ala textualmente:<\/h3>\n<h3>San Luis, 1 de diciembre de 2024<\/h3>\n<h3>Al Presidente de la Uni\u00f3n C\u00edvica Radical del Distrito San Luis<\/h3>\n<h3>Dr. Juan \u00c1lvarez Pinto<\/h3>\n<h3>Presente<\/h3>\n<h3>De mi mayor consideraci\u00f3n:<\/h3>\n<h3>Me dirijo a usted en mi calidad de afiliado a la Uni\u00f3n C\u00edvica Radical del Distrito San Luis, en virtud de lo dispuesto en el art\u00edculo 14, inciso G, de nuestra Carta Org\u00e1nica, y atento a la nominaci\u00f3n que he recibido por parte del Presidente de la Naci\u00f3n, Javier Milei, para integrar su gobierno como Subsecretario de Reformas Estructurales.<\/h3>\n<h3>Entendiendo la importancia de actuar en consonancia con las normativas de nuestro partido y con el debido respeto a su conducci\u00f3n, solicito formalmente su autorizaci\u00f3n para aceptar este cargo, en el cual me comprometo a trabajar en beneficio del desarrollo institucional, pol\u00edtico y econ\u00f3mico de nuestro pa\u00eds, procurando siempre honrar los principios y valores de la Uni\u00f3n C\u00edvica Radical.<\/h3>\n<h3>Sin otro particular, aprovecho la oportunidad para saludarlo atentamente.<\/h3>\n<h3><strong>Alejandro Cacace<\/strong><\/h3>\n<h3><strong>\u00a0<\/strong><\/h3>\n<h3><span style=\"color: #3366ff;\"><strong>NOTA RELACIONADA:<\/strong><\/span><\/h3>\n<p><a href=\"https:\/\/apuntesdesanluis.com\/index.php\/2024\/11\/05\/exclusivo-cacace-asumiria-un-importante-cargo-en-el-gabinete-de-javier-milei\/\" target=\"_blank\" rel=\"noopener\"><img decoding=\"async\" class=\"alignnone wp-image-26111\" src=\"https:\/\/apuntesdesanluis.com\/wp-content\/uploads\/2024\/12\/posteo-cacace-300x102.png\" alt=\"\" width=\"494\" height=\"168\" srcset=\"https:\/\/apuntesdesanluis.com\/wp-content\/uploads\/2024\/12\/posteo-cacace-300x102.png 300w, https:\/\/apuntesdesanluis.com\/wp-content\/uploads\/2024\/12\/posteo-cacace-1024x348.png 1024w, https:\/\/apuntesdesanluis.com\/wp-content\/uploads\/2024\/12\/posteo-cacace-768x261.png 768w, https:\/\/apuntesdesanluis.com\/wp-content\/uploads\/2024\/12\/posteo-cacace.png 1436w\" sizes=\"(max-width: 494px) 100vw, 494px\" \/><\/a><\/p>\n<p>&nbsp;<\/p>\n<p>&nbsp;<\/p>\n<p>&nbsp;<\/p>\n<p><strong>\u00a0<\/strong><\/p>\n","protected":false},"excerpt":{"rendered":"<p>Tal como inform\u00f3 en exclusiva Apuntes de San Luis, el ex diputado nacional Alejandro Cacace&#8230;<\/p>\n","protected":false},"author":1,"featured_media":26113,"comment_status":"closed","ping_status":"closed","sticky":false,"template":"","format":"standard","meta":{"footnotes":""},"categories":[5],"tags":[],"class_list":["post-26110","post","type-post","status-publish","format-standard","has-post-thumbnail","hentry","category-nacionales-internacionales"],"yoast_head":"<!-- This site is optimized with the Yoast SEO plugin v26.1.1 - https:\/\/yoast.com\/wordpress\/plugins\/seo\/ -->\n<title>ALEJANDRO CACACE FUE AUTORIZADO PARA INTEGRARSE AL GOBIERNO DE MILEI - Apuntes de San Luis<\/title>\n<meta name=\"robots\" content=\"index, follow, max-snippet:-1, max-image-preview:large, max-video-preview:-1\" \/>\n<link rel=\"canonical\" href=\"https:\/\/apuntesdesanluis.com\/index.php\/2024\/12\/02\/alejandro-cacace-fue-autorizado-para-integrarse-al-gobierno-de-milei\/\" \/>\n<meta property=\"og:locale\" content=\"es_ES\" \/>\n<meta property=\"og:type\" content=\"article\" \/>\n<meta property=\"og:title\" content=\"ALEJANDRO CACACE FUE AUTORIZADO PARA INTEGRARSE AL GOBIERNO DE MILEI - Apuntes de San Luis\" \/>\n<meta property=\"og:description\" content=\"Tal como inform\u00f3 en exclusiva Apuntes de San Luis, el ex diputado nacional Alejandro Cacace...\" \/>\n<meta property=\"og:url\" content=\"https:\/\/apuntesdesanluis.com\/index.php\/2024\/12\/02\/alejandro-cacace-fue-autorizado-para-integrarse-al-gobierno-de-milei\/\" \/>\n<meta property=\"og:site_name\" content=\"Apuntes de San Luis\" \/>\n<meta property=\"article:published_time\" content=\"2024-12-03T00:04:20+00:00\" \/>\n<meta property=\"article:modified_time\" content=\"2024-12-03T00:15:23+00:00\" \/>\n<meta property=\"og:image\" content=\"https:\/\/apuntesdesanluis.com\/wp-content\/uploads\/2024\/12\/alejandro-cacace.png\" \/>\n\t<meta property=\"og:image:width\" content=\"753\" \/>\n\t<meta property=\"og:image:height\" content=\"458\" \/>\n\t<meta property=\"og:image:type\" content=\"image\/png\" \/>\n<meta name=\"author\" content=\"apuntesdesanluis.com\" \/>\n<meta name=\"twitter:card\" content=\"summary_large_image\" \/>\n<meta name=\"twitter:label1\" content=\"Escrito por\" \/>\n\t<meta name=\"twitter:data1\" content=\"apuntesdesanluis.com\" \/>\n\t<meta name=\"twitter:label2\" content=\"Tiempo de lectura\" \/>\n\t<meta name=\"twitter:data2\" content=\"3 minutos\" \/>\n<script type=\"application\/ld+json\" class=\"yoast-schema-graph\">{\"@context\":\"https:\/\/schema.org\",\"@graph\":[{\"@type\":\"Article\",\"@id\":\"https:\/\/apuntesdesanluis.com\/index.php\/2024\/12\/02\/alejandro-cacace-fue-autorizado-para-integrarse-al-gobierno-de-milei\/#article\",\"isPartOf\":{\"@id\":\"https:\/\/apuntesdesanluis.com\/index.php\/2024\/12\/02\/alejandro-cacace-fue-autorizado-para-integrarse-al-gobierno-de-milei\/\"},\"author\":{\"name\":\"apuntesdesanluis.com\",\"@id\":\"https:\/\/apuntesdesanluis.com\/#\/schema\/person\/b55151d52296fcce64d1a72538a70b90\"},\"headline\":\"ALEJANDRO CACACE FUE AUTORIZADO PARA INTEGRARSE AL GOBIERNO DE MILEI\",\"datePublished\":\"2024-12-03T00:04:20+00:00\",\"dateModified\":\"2024-12-03T00:15:23+00:00\",\"mainEntityOfPage\":{\"@id\":\"https:\/\/apuntesdesanluis.com\/index.php\/2024\/12\/02\/alejandro-cacace-fue-autorizado-para-integrarse-al-gobierno-de-milei\/\"},\"wordCount\":436,\"publisher\":{\"@id\":\"https:\/\/apuntesdesanluis.com\/#\/schema\/person\/b55151d52296fcce64d1a72538a70b90\"},\"image\":{\"@id\":\"https:\/\/apuntesdesanluis.com\/index.php\/2024\/12\/02\/alejandro-cacace-fue-autorizado-para-integrarse-al-gobierno-de-milei\/#primaryimage\"},\"thumbnailUrl\":\"https:\/\/apuntesdesanluis.com\/wp-content\/uploads\/2024\/12\/alejandro-cacace.png\",\"articleSection\":[\"Nacionales\/Internacionales\"],\"inLanguage\":\"es-AR\"},{\"@type\":\"WebPage\",\"@id\":\"https:\/\/apuntesdesanluis.com\/index.php\/2024\/12\/02\/alejandro-cacace-fue-autorizado-para-integrarse-al-gobierno-de-milei\/\",\"url\":\"https:\/\/apuntesdesanluis.com\/index.php\/2024\/12\/02\/alejandro-cacace-fue-autorizado-para-integrarse-al-gobierno-de-milei\/\",\"name\":\"ALEJANDRO CACACE FUE AUTORIZADO PARA INTEGRARSE AL GOBIERNO DE MILEI - Apuntes de San Luis\",\"isPartOf\":{\"@id\":\"https:\/\/apuntesdesanluis.com\/#website\"},\"primaryImageOfPage\":{\"@id\":\"https:\/\/apuntesdesanluis.com\/index.php\/2024\/12\/02\/alejandro-cacace-fue-autorizado-para-integrarse-al-gobierno-de-milei\/#primaryimage\"},\"image\":{\"@id\":\"https:\/\/apuntesdesanluis.com\/index.php\/2024\/12\/02\/alejandro-cacace-fue-autorizado-para-integrarse-al-gobierno-de-milei\/#primaryimage\"},\"thumbnailUrl\":\"https:\/\/apuntesdesanluis.com\/wp-content\/uploads\/2024\/12\/alejandro-cacace.png\",\"datePublished\":\"2024-12-03T00:04:20+00:00\",\"dateModified\":\"2024-12-03T00:15:23+00:00\",\"breadcrumb\":{\"@id\":\"https:\/\/apuntesdesanluis.com\/index.php\/2024\/12\/02\/alejandro-cacace-fue-autorizado-para-integrarse-al-gobierno-de-milei\/#breadcrumb\"},\"inLanguage\":\"es-AR\",\"potentialAction\":[{\"@type\":\"ReadAction\",\"target\":[\"https:\/\/apuntesdesanluis.com\/index.php\/2024\/12\/02\/alejandro-cacace-fue-autorizado-para-integrarse-al-gobierno-de-milei\/\"]}]},{\"@type\":\"ImageObject\",\"inLanguage\":\"es-AR\",\"@id\":\"https:\/\/apuntesdesanluis.com\/index.php\/2024\/12\/02\/alejandro-cacace-fue-autorizado-para-integrarse-al-gobierno-de-milei\/#primaryimage\",\"url\":\"https:\/\/apuntesdesanluis.com\/wp-content\/uploads\/2024\/12\/alejandro-cacace.png\",\"contentUrl\":\"https:\/\/apuntesdesanluis.com\/wp-content\/uploads\/2024\/12\/alejandro-cacace.png\",\"width\":753,\"height\":458},{\"@type\":\"BreadcrumbList\",\"@id\":\"https:\/\/apuntesdesanluis.com\/index.php\/2024\/12\/02\/alejandro-cacace-fue-autorizado-para-integrarse-al-gobierno-de-milei\/#breadcrumb\",\"itemListElement\":[{\"@type\":\"ListItem\",\"position\":1,\"name\":\"Inicio\",\"item\":\"https:\/\/apuntesdesanluis.com\/\"},{\"@type\":\"ListItem\",\"position\":2,\"name\":\"ALEJANDRO CACACE FUE AUTORIZADO PARA INTEGRARSE AL GOBIERNO DE MILEI\"}]},{\"@type\":\"WebSite\",\"@id\":\"https:\/\/apuntesdesanluis.com\/#website\",\"url\":\"https:\/\/apuntesdesanluis.com\/\",\"name\":\"Apuntes de San Luis\",\"description\":\"\",\"publisher\":{\"@id\":\"https:\/\/apuntesdesanluis.com\/#\/schema\/person\/b55151d52296fcce64d1a72538a70b90\"},\"potentialAction\":[{\"@type\":\"SearchAction\",\"target\":{\"@type\":\"EntryPoint\",\"urlTemplate\":\"https:\/\/apuntesdesanluis.com\/?s={search_term_string}\"},\"query-input\":{\"@type\":\"PropertyValueSpecification\",\"valueRequired\":true,\"valueName\":\"search_term_string\"}}],\"inLanguage\":\"es-AR\"},{\"@type\":[\"Person\",\"Organization\"],\"@id\":\"https:\/\/apuntesdesanluis.com\/#\/schema\/person\/b55151d52296fcce64d1a72538a70b90\",\"name\":\"apuntesdesanluis.com\",\"image\":{\"@type\":\"ImageObject\",\"inLanguage\":\"es-AR\",\"@id\":\"https:\/\/apuntesdesanluis.com\/#\/schema\/person\/image\/\",\"url\":\"https:\/\/apuntesdesanluis.com\/wp-content\/uploads\/2023\/07\/cropped-apuntesdesanluis.png\",\"contentUrl\":\"https:\/\/apuntesdesanluis.com\/wp-content\/uploads\/2023\/07\/cropped-apuntesdesanluis.png\",\"width\":450,\"height\":112,\"caption\":\"apuntesdesanluis.com\"},\"logo\":{\"@id\":\"https:\/\/apuntesdesanluis.com\/#\/schema\/person\/image\/\"},\"sameAs\":[\"https:\/\/apuntesdesanluis.com\"],\"url\":\"https:\/\/apuntesdesanluis.com\/index.php\/author\/apuntesdesanluis-com\/\"}]}<\/script>\n<!-- \/ Yoast SEO plugin. -->","yoast_head_json":{"title":"ALEJANDRO CACACE FUE AUTORIZADO PARA INTEGRARSE AL GOBIERNO DE MILEI - Apuntes de San Luis","robots":{"index":"index","follow":"follow","max-snippet":"max-snippet:-1","max-image-preview":"max-image-preview:large","max-video-preview":"max-video-preview:-1"},"canonical":"https:\/\/apuntesdesanluis.com\/index.php\/2024\/12\/02\/alejandro-cacace-fue-autorizado-para-integrarse-al-gobierno-de-milei\/","og_locale":"es_ES","og_type":"article","og_title":"ALEJANDRO CACACE FUE AUTORIZADO PARA INTEGRARSE AL GOBIERNO DE MILEI - Apuntes de San Luis","og_description":"Tal como inform\u00f3 en exclusiva Apuntes de San Luis, el ex diputado nacional Alejandro Cacace...","og_url":"https:\/\/apuntesdesanluis.com\/index.php\/2024\/12\/02\/alejandro-cacace-fue-autorizado-para-integrarse-al-gobierno-de-milei\/","og_site_name":"Apuntes de San Luis","article_published_time":"2024-12-03T00:04:20+00:00","article_modified_time":"2024-12-03T00:15:23+00:00","og_image":[{"width":753,"height":458,"url":"https:\/\/apuntesdesanluis.com\/wp-content\/uploads\/2024\/12\/alejandro-cacace.png","type":"image\/png"}],"author":"apuntesdesanluis.com","twitter_card":"summary_large_image","twitter_misc":{"Escrito por":"apuntesdesanluis.com","Tiempo de lectura":"3 minutos"},"schema":{"@context":"https:\/\/schema.org","@graph":[{"@type":"Article","@id":"https:\/\/apuntesdesanluis.com\/index.php\/2024\/12\/02\/alejandro-cacace-fue-autorizado-para-integrarse-al-gobierno-de-milei\/#article","isPartOf":{"@id":"https:\/\/apuntesdesanluis.com\/index.php\/2024\/12\/02\/alejandro-cacace-fue-autorizado-para-integrarse-al-gobierno-de-milei\/"},"author":{"name":"apuntesdesanluis.com","@id":"https:\/\/apuntesdesanluis.com\/#\/schema\/person\/b55151d52296fcce64d1a72538a70b90"},"headline":"ALEJANDRO CACACE FUE AUTORIZADO PARA INTEGRARSE AL GOBIERNO DE MILEI","datePublished":"2024-12-03T00:04:20+00:00","dateModified":"2024-12-03T00:15:23+00:00","mainEntityOfPage":{"@id":"https:\/\/apuntesdesanluis.com\/index.php\/2024\/12\/02\/alejandro-cacace-fue-autorizado-para-integrarse-al-gobierno-de-milei\/"},"wordCount":436,"publisher":{"@id":"https:\/\/apuntesdesanluis.com\/#\/schema\/person\/b55151d52296fcce64d1a72538a70b90"},"image":{"@id":"https:\/\/apuntesdesanluis.com\/index.php\/2024\/12\/02\/alejandro-cacace-fue-autorizado-para-integrarse-al-gobierno-de-milei\/#primaryimage"},"thumbnailUrl":"https:\/\/apuntesdesanluis.com\/wp-content\/uploads\/2024\/12\/alejandro-cacace.png","articleSection":["Nacionales\/Internacionales"],"inLanguage":"es-AR"},{"@type":"WebPage","@id":"https:\/\/apuntesdesanluis.com\/index.php\/2024\/12\/02\/alejandro-cacace-fue-autorizado-para-integrarse-al-gobierno-de-milei\/","url":"https:\/\/apuntesdesanluis.com\/index.php\/2024\/12\/02\/alejandro-cacace-fue-autorizado-para-integrarse-al-gobierno-de-milei\/","name":"ALEJANDRO CACACE FUE AUTORIZADO PARA INTEGRARSE AL GOBIERNO DE MILEI - Apuntes de San Luis","isPartOf":{"@id":"https:\/\/apuntesdesanluis.com\/#website"},"primaryImageOfPage":{"@id":"https:\/\/apuntesdesanluis.com\/index.php\/2024\/12\/02\/alejandro-cacace-fue-autorizado-para-integrarse-al-gobierno-de-milei\/#primaryimage"},"image":{"@id":"https:\/\/apuntesdesanluis.com\/index.php\/2024\/12\/02\/alejandro-cacace-fue-autorizado-para-integrarse-al-gobierno-de-milei\/#primaryimage"},"thumbnailUrl":"https:\/\/apuntesdesanluis.com\/wp-content\/uploads\/2024\/12\/alejandro-cacace.png","datePublished":"2024-12-03T00:04:20+00:00","dateModified":"2024-12-03T00:15:23+00:00","breadcrumb":{"@id":"https:\/\/apuntesdesanluis.com\/index.php\/2024\/12\/02\/alejandro-cacace-fue-autorizado-para-integrarse-al-gobierno-de-milei\/#breadcrumb"},"inLanguage":"es-AR","potentialAction":[{"@type":"ReadAction","target":["https:\/\/apuntesdesanluis.com\/index.php\/2024\/12\/02\/alejandro-cacace-fue-autorizado-para-integrarse-al-gobierno-de-milei\/"]}]},{"@type":"ImageObject","inLanguage":"es-AR","@id":"https:\/\/apuntesdesanluis.com\/index.php\/2024\/12\/02\/alejandro-cacace-fue-autorizado-para-integrarse-al-gobierno-de-milei\/#primaryimage","url":"https:\/\/apuntesdesanluis.com\/wp-content\/uploads\/2024\/12\/alejandro-cacace.png","contentUrl":"https:\/\/apuntesdesanluis.com\/wp-content\/uploads\/2024\/12\/alejandro-cacace.png","width":753,"height":458},{"@type":"BreadcrumbList","@id":"https:\/\/apuntesdesanluis.com\/index.php\/2024\/12\/02\/alejandro-cacace-fue-autorizado-para-integrarse-al-gobierno-de-milei\/#breadcrumb","itemListElement":[{"@type":"ListItem","position":1,"name":"Inicio","item":"https:\/\/apuntesdesanluis.com\/"},{"@type":"ListItem","position":2,"name":"ALEJANDRO CACACE FUE AUTORIZADO PARA INTEGRARSE AL GOBIERNO DE MILEI"}]},{"@type":"WebSite","@id":"https:\/\/apuntesdesanluis.com\/#website","url":"https:\/\/apuntesdesanluis.com\/","name":"Apuntes de San Luis","description":"","publisher":{"@id":"https:\/\/apuntesdesanluis.com\/#\/schema\/person\/b55151d52296fcce64d1a72538a70b90"},"potentialAction":[{"@type":"SearchAction","target":{"@type":"EntryPoint","urlTemplate":"https:\/\/apuntesdesanluis.com\/?s={search_term_string}"},"query-input":{"@type":"PropertyValueSpecification","valueRequired":true,"valueName":"search_term_string"}}],"inLanguage":"es-AR"},{"@type":["Person","Organization"],"@id":"https:\/\/apuntesdesanluis.com\/#\/schema\/person\/b55151d52296fcce64d1a72538a70b90","name":"apuntesdesanluis.com","image":{"@type":"ImageObject","inLanguage":"es-AR","@id":"https:\/\/apuntesdesanluis.com\/#\/schema\/person\/image\/","url":"https:\/\/apuntesdesanluis.com\/wp-content\/uploads\/2023\/07\/cropped-apuntesdesanluis.png","contentUrl":"https:\/\/apuntesdesanluis.com\/wp-content\/uploads\/2023\/07\/cropped-apuntesdesanluis.png","width":450,"height":112,"caption":"apuntesdesanluis.com"},"logo":{"@id":"https:\/\/apuntesdesanluis.com\/#\/schema\/person\/image\/"},"sameAs":["https:\/\/apuntesdesanluis.com"],"url":"https:\/\/apuntesdesanluis.com\/index.php\/author\/apuntesdesanluis-com\/"}]}},"featured_image_urls":{"full":["https:\/\/apuntesdesanluis.com\/wp-content\/uploads\/2024\/12\/alejandro-cacace.png",753,458,false],"thumbnail":["https:\/\/apuntesdesanluis.com\/wp-content\/uploads\/2024\/12\/alejandro-cacace-150x150.png",150,150,true],"medium":["https:\/\/apuntesdesanluis.com\/wp-content\/uploads\/2024\/12\/alejandro-cacace-300x182.png",300,182,true],"medium_large":["https:\/\/apuntesdesanluis.com\/wp-content\/uploads\/2024\/12\/alejandro-cacace.png",640,389,false],"large":["https:\/\/apuntesdesanluis.com\/wp-content\/uploads\/2024\/12\/alejandro-cacace.png",640,389,false],"1536x1536":["https:\/\/apuntesdesanluis.com\/wp-content\/uploads\/2024\/12\/alejandro-cacace.png",753,458,false],"2048x2048":["https:\/\/apuntesdesanluis.com\/wp-content\/uploads\/2024\/12\/alejandro-cacace.png",753,458,false],"newsever-slider-full":["https:\/\/apuntesdesanluis.com\/wp-content\/uploads\/2024\/12\/alejandro-cacace.png",753,458,false],"newsever-featured":["https:\/\/apuntesdesanluis.com\/wp-content\/uploads\/2024\/12\/alejandro-cacace.png",753,458,false],"newsever-medium":["https:\/\/apuntesdesanluis.com\/wp-content\/uploads\/2024\/12\/alejandro-cacace-720x458.png",720,458,true]},"author_info":{"display_name":"apuntesdesanluis.com","author_link":"https:\/\/apuntesdesanluis.com\/index.php\/author\/apuntesdesanluis-com\/"},"category_info":"<a href=\"https:\/\/apuntesdesanluis.com\/index.php\/category\/nacionales-internacionales\/\" rel=\"category tag\">Nacionales\/Internacionales<\/a>","tag_info":"Nacionales\/Internacionales","comment_count":"0","_links":{"self":[{"href":"https:\/\/apuntesdesanluis.com\/index.php\/wp-json\/wp\/v2\/posts\/26110","targetHints":{"allow":["GET"]}}],"collection":[{"href":"https:\/\/apuntesdesanluis.com\/index.php\/wp-json\/wp\/v2\/posts"}],"about":[{"href":"https:\/\/apuntesdesanluis.com\/index.php\/wp-json\/wp\/v2\/types\/post"}],"author":[{"embeddable":true,"href":"https:\/\/apuntesdesanluis.com\/index.php\/wp-json\/wp\/v2\/users\/1"}],"replies":[{"embeddable":true,"href":"https:\/\/apuntesdesanluis.com\/index.php\/wp-json\/wp\/v2\/comments?post=26110"}],"version-history":[{"count":4,"href":"https:\/\/apuntesdesanluis.com\/index.php\/wp-json\/wp\/v2\/posts\/26110\/revisions"}],"predecessor-version":[{"id":26116,"href":"https:\/\/apuntesdesanluis.com\/index.php\/wp-json\/wp\/v2\/posts\/26110\/revisions\/26116"}],"wp:featuredmedia":[{"embeddable":true,"href":"https:\/\/apuntesdesanluis.com\/index.php\/wp-json\/wp\/v2\/media\/26113"}],"wp:attachment":[{"href":"https:\/\/apuntesdesanluis.com\/index.php\/wp-json\/wp\/v2\/media?parent=26110"}],"wp:term":[{"taxonomy":"category","embeddable":true,"href":"https:\/\/apuntesdesanluis.com\/index.php\/wp-json\/wp\/v2\/categories?post=26110"},{"taxonomy":"post_tag","embeddable":true,"href":"https:\/\/apuntesdesanluis.com\/index.php\/wp-json\/wp\/v2\/tags?post=26110"}],"curies":[{"name":"wp","href":"https:\/\/api.w.org\/{rel}","templated":true}]}}