{"id":26117,"date":"2024-12-02T21:44:09","date_gmt":"2024-12-03T00:44:09","guid":{"rendered":"https:\/\/apuntesdesanluis.com\/?p=26117"},"modified":"2024-12-02T21:47:05","modified_gmt":"2024-12-03T00:47:05","slug":"primicia-el-radicalismo-aprobo-la-integracion-legislativa-a-la-coalicion-de-gobierno","status":"publish","type":"post","link":"https:\/\/apuntesdesanluis.com\/index.php\/2024\/12\/02\/primicia-el-radicalismo-aprobo-la-integracion-legislativa-a-la-coalicion-de-gobierno\/","title":{"rendered":"PRIMICIA: EL RADICALISMO APROB\u00d3 LA INTEGRACI\u00d3N LEGISLATIVA A LA COALICI\u00d3N DE GOBIERNO"},"content":{"rendered":"<h3>Luego del emplazamiento que hiciera el gobernador <strong>Claudio Poggi<\/strong> al radicalismo, para que sus dos diputados provinciales se integren al bloque Cambia San Luis, como una <a href=\"https:\/\/apuntesdesanluis.com\/index.php\/2024\/11\/28\/exclusivo-poggi-le-exige-una-prueba-de-amor-al-radicalismo\/\" target=\"_blank\" rel=\"noopener\"><span style=\"color: #3366ff;\">\u201cprueba de amor\u201d<\/span><\/a>, el Comit\u00e9 Ejecutivo Provincial de ese partido deliber\u00f3 este lunes por la tarde y aprob\u00f3 una resoluci\u00f3n en ese sentido.<\/h3>\n<h3>Como adelant\u00f3 <strong>Apuntes de San Luis<\/strong> la semana pasada, el mandatario se hab\u00eda sacado tras los desmanejos del radicalismo, que comenzaron con la fallida declaraci\u00f3n del Jefe de Eventos <strong>Gonzalo Mastronardi<\/strong> sobre la Calle Angosta (que le cost\u00f3 el cargo), luego la imprevista renuncia del ministro de Turismo <strong>Juan Manuel Rigau<\/strong> y finalmente la abstenci\u00f3n de los diputados <strong>Ivana Ricca<\/strong> y <strong>Javier Gim\u00e9nez <\/strong>al momento de votar la reforma electoral que derog\u00f3 la ley de lemas e impuso la Boleta \u00danica para las pr\u00f3ximas elecciones.<\/h3>\n<h3>Por ese motivo, en primera instancia Poggi \u201cles quit\u00f3\u201d el Ministerio de Turismo e incluso amenaz\u00f3 con hacer lo mismo con la Secretaria de Ambiente, salvo que el radicalismo aceptara integrarse efectivamente a la bancada oficialista.<\/h3>\n<h3>Seg\u00fan trascendi\u00f3, la propuesta la elevaron el dirigente <strong>Roberto Pagano<\/strong> y el titular de la UCR, <strong>Juan \u00c1lvarez Pinto<\/strong>, basando sus argumentos en la resuelto oportunamente por la Convenci\u00f3n del partido, cuando resolvi\u00f3 su integraci\u00f3n al Frente Cambia San Luis, y lo que dispone la Carta Org\u00e1nica partidaria.<\/h3>\n<h3>Finalmente la propuesta se aprob\u00f3 por amplia mayor\u00eda, por lo que en la pr\u00f3xima sesi\u00f3n ambos legisladores dejar\u00e1n de actuar como interbloque y se integrar\u00e1n formalmente a la bancada oficialista Cambia San Luis, que preside Eugenia Gallardo.<\/h3>\n<h3>No se sabe, por el momento, qui\u00e9n ser\u00e1 el dirigente que nominar\u00e1 el partido para asumir el vacante Ministerio de Turismo (a cargo provisoriamente de la Secretaria General, Romina Carbonell), a pocos d\u00edas de iniciarse formalmente la temporada de verano.<\/h3>\n<h3>La resoluci\u00f3n que se aprob\u00f3 indica lo siguiente:<\/h3>\n<h3><strong>Visto:<\/strong><\/h3>\n<h3>Que la Uni\u00f3n C\u00edvica Radical integra de manera org\u00e1nica el Frente Cambia San Luis seg\u00fan lo dispuesto por la Honorable Convenci\u00f3n Provincial.<\/h3>\n<h3>Que este frente fuera electo por la mayor\u00eda de los sanluise\u00f1os para dirigir los destinos del Gobierno de la Provincia de San Luis desde el 10 de diciembre del 2023.<\/h3>\n<h3>Que en este sentido se conform\u00f3 un Gobierno de coalici\u00f3n del cual la Uni\u00f3n C\u00edvica Radical Distrito San Luis forma parte conduciendo el Ministerio de Turismo y Cultura y la Secretaria de Estado de Ambiente y Desarrollo Sustentable, y<\/h3>\n<h3><strong>Considerando:<\/strong><\/h3>\n<h3>Que seg\u00fan lo dispuesto por la Carta Org\u00e1nica de la Uni\u00f3n C\u00edvica Radical Distrito San Luis, es facultad del Comit\u00e9 Ejecutivo Provincial reglamentar el funcionamiento de los grupos parlamentarios, a saber:<\/h3>\n<h3><strong><em>CAP\u00cdTULO X: DE LOS BLOQUES PARLAMENTARIOS<\/em><\/strong><em>.<\/em><\/h3>\n<h3><strong><em>Art\u00edculo 55: <\/em><\/strong><em>Reglamentaci\u00f3n del funcionamiento. El Comit\u00e9 Ejecutivo de la Provincia reglamentar\u00e1 el funcionamiento de los grupos parlamentarios Provinciales y comunales, teniendo presente:<\/em><\/h3>\n<h3><em>1. Las disposiciones de esta Carta Org\u00e1nica.<\/em><\/h3>\n<h3><em>2. Que corresponde al Comit\u00e9 Ejecutivo la interpretaci\u00f3n de la plataforma electoral, de la declaraci\u00f3n de principios, bases de acci\u00f3n pol\u00edtica, profesi\u00f3n de fe doctrinaria y de esta Carta Org\u00e1nica y fijar las normas y procedimientos a seguir en los casos no contemplados en las disposiciones vigentes.<\/em><\/h3>\n<h3><strong><em>Art\u00edculo 56: <\/em><\/strong><em>Fijaci\u00f3n de posici\u00f3n partidaria. Los miembros de los Bloques Legislativos Provinciales, cuando deban fijar la posici\u00f3n del partido en los asuntos a su estudio, en lo que no est\u00e9 previsto especialmente, actuar\u00e1n previa consulta al Comit\u00e9 Ejecutivo de la Provincia.<\/em><\/h3>\n<h3>Que en virtud de lo mencionado en los considerandos precedentes se hace necesario establecer acciones tendientes a consolidar la participaci\u00f3n de nuestro partido no solo en los \u00f3rganos ejecutivos de gobierno sino tambi\u00e9n en los de representaci\u00f3n legislativa con el fin de garantizar el normal desarrollo de las pol\u00edticas p\u00fablicas impulsadas por el Ejecutivo Provincial<\/h3>\n<h3>Que en el sentido de los expresado en el considerando precedente, se considera oportuno y pertinente evaluar las iniciativas legislativas impulsadas por el Poder Ejecutivo Provincial en el seno de un bloque parlamentario conjunto integrado por todos los partidos pol\u00edticos que conforman la coalici\u00f3n de Gobierno de la cual la Uni\u00f3n C\u00edvica Radical es parte.<\/h3>\n<h3><em>Por todo lo expuesto, el Comit\u00e9 Ejecutivo Provincial de la Uni\u00f3n C\u00edvica Radical Distrito San Luis, en uso de sus atribuciones y en cumplimiento de lo dispuesto por la Carta Org\u00e1nica Partidaria <strong>resuelve:<\/strong><\/em><\/h3>\n<h3><strong>Art\u00edculo 1\u00b0: <\/strong>Disp\u00f3ngase la integraci\u00f3n de los representantes legislativos de la Uni\u00f3n C\u00edvica Radical al Bloque Parlamentario Cambia San Luis, seg\u00fan las facultades conferidas en la Carta Org\u00e1nica Provincial de la Uni\u00f3n C\u00edvica Radical Distrito San Luis a este Comit\u00e9 Ejecutivo.<\/h3>\n<h3><strong>Art\u00edculo 2\u00b0: <\/strong>Establecer que la integraci\u00f3n estipulada en el Art\u00edculo 1\u00b0 se dar\u00e1 desde la sanci\u00f3n de la presente resoluci\u00f3n.<\/h3>\n<h3><strong>Art\u00edculo 3\u00b0: <\/strong>Comun\u00edquese de la presente a los representantes legislativos de la Uni\u00f3n C\u00edvica Radical Distrito San Luis.<\/h3>\n<h3><strong>Art\u00edculo 4\u00b0: <\/strong>De forma.<\/h3>\n<h3>Respecto al otro punto que se abord\u00f3, el m\u00e1ximo \u00f3rgano de gobierno radical tambi\u00e9n autoriz\u00f3 a <strong>Alejandro Cacace<\/strong> para integrarse al gobierno de <strong>Javier Milei<\/strong>, asumiendo un alto cargo en el Ministerio de Desregulaci\u00f3n (<a href=\"https:\/\/apuntesdesanluis.com\/index.php\/2024\/12\/02\/alejandro-cacace-fue-autorizado-para-integrarse-al-gobierno-de-milei\/\" target=\"_blank\" rel=\"noopener\"><span style=\"color: #3366ff;\">Ver nota aparte<\/span><\/a>).<\/h3>\n<h3><\/h3>\n<p>&nbsp;<\/p>\n<h3><span style=\"color: #3366ff;\"><strong>NOTA RELACIONADA:<\/strong><\/span><\/h3>\n<p><a href=\"https:\/\/apuntesdesanluis.com\/index.php\/2024\/11\/28\/exclusivo-poggi-le-exige-una-prueba-de-amor-al-radicalismo\/\" target=\"_blank\" rel=\"noopener\"><img fetchpriority=\"high\" decoding=\"async\" class=\"alignnone wp-image-26118\" src=\"https:\/\/apuntesdesanluis.com\/wp-content\/uploads\/2024\/12\/POSTEO-POGGI-300x85.png\" alt=\"\" width=\"459\" height=\"130\" srcset=\"https:\/\/apuntesdesanluis.com\/wp-content\/uploads\/2024\/12\/POSTEO-POGGI-300x85.png 300w, https:\/\/apuntesdesanluis.com\/wp-content\/uploads\/2024\/12\/POSTEO-POGGI-1024x289.png 1024w, https:\/\/apuntesdesanluis.com\/wp-content\/uploads\/2024\/12\/POSTEO-POGGI-768x216.png 768w, https:\/\/apuntesdesanluis.com\/wp-content\/uploads\/2024\/12\/POSTEO-POGGI-1536x433.png 1536w, https:\/\/apuntesdesanluis.com\/wp-content\/uploads\/2024\/12\/POSTEO-POGGI.png 1551w\" sizes=\"(max-width: 459px) 100vw, 459px\" \/><\/a><\/p>\n<p>&nbsp;<\/p>\n<p>&nbsp;<\/p>\n<p>&nbsp;<\/p>\n","protected":false},"excerpt":{"rendered":"<p>Luego del emplazamiento que hiciera el gobernador Claudio Poggi al radicalismo, para que sus dos&#8230;<\/p>\n","protected":false},"author":1,"featured_media":26120,"comment_status":"closed","ping_status":"closed","sticky":false,"template":"","format":"standard","meta":{"footnotes":""},"categories":[9],"tags":[],"class_list":["post-26117","post","type-post","status-publish","format-standard","has-post-thumbnail","hentry","category-opinion"],"yoast_head":"<!-- This site is optimized with the Yoast SEO plugin v26.1.1 - https:\/\/yoast.com\/wordpress\/plugins\/seo\/ -->\n<title>PRIMICIA: EL RADICALISMO APROB\u00d3 LA INTEGRACI\u00d3N LEGISLATIVA A LA COALICI\u00d3N DE GOBIERNO - Apuntes de San Luis<\/title>\n<meta name=\"robots\" content=\"index, follow, max-snippet:-1, max-image-preview:large, max-video-preview:-1\" \/>\n<link rel=\"canonical\" href=\"https:\/\/apuntesdesanluis.com\/index.php\/2024\/12\/02\/primicia-el-radicalismo-aprobo-la-integracion-legislativa-a-la-coalicion-de-gobierno\/\" \/>\n<meta property=\"og:locale\" content=\"es_ES\" \/>\n<meta property=\"og:type\" content=\"article\" \/>\n<meta property=\"og:title\" content=\"PRIMICIA: EL RADICALISMO APROB\u00d3 LA INTEGRACI\u00d3N LEGISLATIVA A LA COALICI\u00d3N DE GOBIERNO - Apuntes de San Luis\" \/>\n<meta property=\"og:description\" content=\"Luego del emplazamiento que hiciera el gobernador Claudio Poggi al radicalismo, para que sus dos...\" \/>\n<meta property=\"og:url\" content=\"https:\/\/apuntesdesanluis.com\/index.php\/2024\/12\/02\/primicia-el-radicalismo-aprobo-la-integracion-legislativa-a-la-coalicion-de-gobierno\/\" \/>\n<meta property=\"og:site_name\" content=\"Apuntes de San Luis\" \/>\n<meta property=\"article:published_time\" content=\"2024-12-03T00:44:09+00:00\" \/>\n<meta property=\"article:modified_time\" content=\"2024-12-03T00:47:05+00:00\" \/>\n<meta property=\"og:image\" content=\"https:\/\/apuntesdesanluis.com\/wp-content\/uploads\/2024\/12\/diputados-ricca-y-gimenez.png\" \/>\n\t<meta property=\"og:image:width\" content=\"710\" \/>\n\t<meta property=\"og:image:height\" content=\"404\" \/>\n\t<meta property=\"og:image:type\" content=\"image\/png\" \/>\n<meta name=\"author\" content=\"apuntesdesanluis.com\" \/>\n<meta name=\"twitter:card\" content=\"summary_large_image\" \/>\n<meta name=\"twitter:label1\" content=\"Escrito por\" \/>\n\t<meta name=\"twitter:data1\" content=\"apuntesdesanluis.com\" \/>\n\t<meta name=\"twitter:label2\" content=\"Tiempo de lectura\" \/>\n\t<meta name=\"twitter:data2\" content=\"5 minutos\" \/>\n<script type=\"application\/ld+json\" class=\"yoast-schema-graph\">{\"@context\":\"https:\/\/schema.org\",\"@graph\":[{\"@type\":\"Article\",\"@id\":\"https:\/\/apuntesdesanluis.com\/index.php\/2024\/12\/02\/primicia-el-radicalismo-aprobo-la-integracion-legislativa-a-la-coalicion-de-gobierno\/#article\",\"isPartOf\":{\"@id\":\"https:\/\/apuntesdesanluis.com\/index.php\/2024\/12\/02\/primicia-el-radicalismo-aprobo-la-integracion-legislativa-a-la-coalicion-de-gobierno\/\"},\"author\":{\"name\":\"apuntesdesanluis.com\",\"@id\":\"https:\/\/apuntesdesanluis.com\/#\/schema\/person\/b55151d52296fcce64d1a72538a70b90\"},\"headline\":\"PRIMICIA: EL RADICALISMO APROB\u00d3 LA INTEGRACI\u00d3N LEGISLATIVA A LA COALICI\u00d3N DE GOBIERNO\",\"datePublished\":\"2024-12-03T00:44:09+00:00\",\"dateModified\":\"2024-12-03T00:47:05+00:00\",\"mainEntityOfPage\":{\"@id\":\"https:\/\/apuntesdesanluis.com\/index.php\/2024\/12\/02\/primicia-el-radicalismo-aprobo-la-integracion-legislativa-a-la-coalicion-de-gobierno\/\"},\"wordCount\":905,\"publisher\":{\"@id\":\"https:\/\/apuntesdesanluis.com\/#\/schema\/person\/b55151d52296fcce64d1a72538a70b90\"},\"image\":{\"@id\":\"https:\/\/apuntesdesanluis.com\/index.php\/2024\/12\/02\/primicia-el-radicalismo-aprobo-la-integracion-legislativa-a-la-coalicion-de-gobierno\/#primaryimage\"},\"thumbnailUrl\":\"https:\/\/apuntesdesanluis.com\/wp-content\/uploads\/2024\/12\/diputados-ricca-y-gimenez.png\",\"articleSection\":[\"Opini\u00f3n\"],\"inLanguage\":\"es-AR\"},{\"@type\":\"WebPage\",\"@id\":\"https:\/\/apuntesdesanluis.com\/index.php\/2024\/12\/02\/primicia-el-radicalismo-aprobo-la-integracion-legislativa-a-la-coalicion-de-gobierno\/\",\"url\":\"https:\/\/apuntesdesanluis.com\/index.php\/2024\/12\/02\/primicia-el-radicalismo-aprobo-la-integracion-legislativa-a-la-coalicion-de-gobierno\/\",\"name\":\"PRIMICIA: EL RADICALISMO APROB\u00d3 LA INTEGRACI\u00d3N LEGISLATIVA A LA COALICI\u00d3N DE GOBIERNO - Apuntes de San Luis\",\"isPartOf\":{\"@id\":\"https:\/\/apuntesdesanluis.com\/#website\"},\"primaryImageOfPage\":{\"@id\":\"https:\/\/apuntesdesanluis.com\/index.php\/2024\/12\/02\/primicia-el-radicalismo-aprobo-la-integracion-legislativa-a-la-coalicion-de-gobierno\/#primaryimage\"},\"image\":{\"@id\":\"https:\/\/apuntesdesanluis.com\/index.php\/2024\/12\/02\/primicia-el-radicalismo-aprobo-la-integracion-legislativa-a-la-coalicion-de-gobierno\/#primaryimage\"},\"thumbnailUrl\":\"https:\/\/apuntesdesanluis.com\/wp-content\/uploads\/2024\/12\/diputados-ricca-y-gimenez.png\",\"datePublished\":\"2024-12-03T00:44:09+00:00\",\"dateModified\":\"2024-12-03T00:47:05+00:00\",\"breadcrumb\":{\"@id\":\"https:\/\/apuntesdesanluis.com\/index.php\/2024\/12\/02\/primicia-el-radicalismo-aprobo-la-integracion-legislativa-a-la-coalicion-de-gobierno\/#breadcrumb\"},\"inLanguage\":\"es-AR\",\"potentialAction\":[{\"@type\":\"ReadAction\",\"target\":[\"https:\/\/apuntesdesanluis.com\/index.php\/2024\/12\/02\/primicia-el-radicalismo-aprobo-la-integracion-legislativa-a-la-coalicion-de-gobierno\/\"]}]},{\"@type\":\"ImageObject\",\"inLanguage\":\"es-AR\",\"@id\":\"https:\/\/apuntesdesanluis.com\/index.php\/2024\/12\/02\/primicia-el-radicalismo-aprobo-la-integracion-legislativa-a-la-coalicion-de-gobierno\/#primaryimage\",\"url\":\"https:\/\/apuntesdesanluis.com\/wp-content\/uploads\/2024\/12\/diputados-ricca-y-gimenez.png\",\"contentUrl\":\"https:\/\/apuntesdesanluis.com\/wp-content\/uploads\/2024\/12\/diputados-ricca-y-gimenez.png\",\"width\":710,\"height\":404},{\"@type\":\"BreadcrumbList\",\"@id\":\"https:\/\/apuntesdesanluis.com\/index.php\/2024\/12\/02\/primicia-el-radicalismo-aprobo-la-integracion-legislativa-a-la-coalicion-de-gobierno\/#breadcrumb\",\"itemListElement\":[{\"@type\":\"ListItem\",\"position\":1,\"name\":\"Inicio\",\"item\":\"https:\/\/apuntesdesanluis.com\/\"},{\"@type\":\"ListItem\",\"position\":2,\"name\":\"PRIMICIA: EL RADICALISMO APROB\u00d3 LA INTEGRACI\u00d3N LEGISLATIVA A LA COALICI\u00d3N DE GOBIERNO\"}]},{\"@type\":\"WebSite\",\"@id\":\"https:\/\/apuntesdesanluis.com\/#website\",\"url\":\"https:\/\/apuntesdesanluis.com\/\",\"name\":\"Apuntes de San Luis\",\"description\":\"\",\"publisher\":{\"@id\":\"https:\/\/apuntesdesanluis.com\/#\/schema\/person\/b55151d52296fcce64d1a72538a70b90\"},\"potentialAction\":[{\"@type\":\"SearchAction\",\"target\":{\"@type\":\"EntryPoint\",\"urlTemplate\":\"https:\/\/apuntesdesanluis.com\/?s={search_term_string}\"},\"query-input\":{\"@type\":\"PropertyValueSpecification\",\"valueRequired\":true,\"valueName\":\"search_term_string\"}}],\"inLanguage\":\"es-AR\"},{\"@type\":[\"Person\",\"Organization\"],\"@id\":\"https:\/\/apuntesdesanluis.com\/#\/schema\/person\/b55151d52296fcce64d1a72538a70b90\",\"name\":\"apuntesdesanluis.com\",\"image\":{\"@type\":\"ImageObject\",\"inLanguage\":\"es-AR\",\"@id\":\"https:\/\/apuntesdesanluis.com\/#\/schema\/person\/image\/\",\"url\":\"https:\/\/apuntesdesanluis.com\/wp-content\/uploads\/2023\/07\/cropped-apuntesdesanluis.png\",\"contentUrl\":\"https:\/\/apuntesdesanluis.com\/wp-content\/uploads\/2023\/07\/cropped-apuntesdesanluis.png\",\"width\":450,\"height\":112,\"caption\":\"apuntesdesanluis.com\"},\"logo\":{\"@id\":\"https:\/\/apuntesdesanluis.com\/#\/schema\/person\/image\/\"},\"sameAs\":[\"https:\/\/apuntesdesanluis.com\"],\"url\":\"https:\/\/apuntesdesanluis.com\/index.php\/author\/apuntesdesanluis-com\/\"}]}<\/script>\n<!-- \/ Yoast SEO plugin. -->","yoast_head_json":{"title":"PRIMICIA: EL RADICALISMO APROB\u00d3 LA INTEGRACI\u00d3N LEGISLATIVA A LA COALICI\u00d3N DE GOBIERNO - Apuntes de San Luis","robots":{"index":"index","follow":"follow","max-snippet":"max-snippet:-1","max-image-preview":"max-image-preview:large","max-video-preview":"max-video-preview:-1"},"canonical":"https:\/\/apuntesdesanluis.com\/index.php\/2024\/12\/02\/primicia-el-radicalismo-aprobo-la-integracion-legislativa-a-la-coalicion-de-gobierno\/","og_locale":"es_ES","og_type":"article","og_title":"PRIMICIA: EL RADICALISMO APROB\u00d3 LA INTEGRACI\u00d3N LEGISLATIVA A LA COALICI\u00d3N DE GOBIERNO - Apuntes de San Luis","og_description":"Luego del emplazamiento que hiciera el gobernador Claudio Poggi al radicalismo, para que sus dos...","og_url":"https:\/\/apuntesdesanluis.com\/index.php\/2024\/12\/02\/primicia-el-radicalismo-aprobo-la-integracion-legislativa-a-la-coalicion-de-gobierno\/","og_site_name":"Apuntes de San Luis","article_published_time":"2024-12-03T00:44:09+00:00","article_modified_time":"2024-12-03T00:47:05+00:00","og_image":[{"width":710,"height":404,"url":"https:\/\/apuntesdesanluis.com\/wp-content\/uploads\/2024\/12\/diputados-ricca-y-gimenez.png","type":"image\/png"}],"author":"apuntesdesanluis.com","twitter_card":"summary_large_image","twitter_misc":{"Escrito por":"apuntesdesanluis.com","Tiempo de lectura":"5 minutos"},"schema":{"@context":"https:\/\/schema.org","@graph":[{"@type":"Article","@id":"https:\/\/apuntesdesanluis.com\/index.php\/2024\/12\/02\/primicia-el-radicalismo-aprobo-la-integracion-legislativa-a-la-coalicion-de-gobierno\/#article","isPartOf":{"@id":"https:\/\/apuntesdesanluis.com\/index.php\/2024\/12\/02\/primicia-el-radicalismo-aprobo-la-integracion-legislativa-a-la-coalicion-de-gobierno\/"},"author":{"name":"apuntesdesanluis.com","@id":"https:\/\/apuntesdesanluis.com\/#\/schema\/person\/b55151d52296fcce64d1a72538a70b90"},"headline":"PRIMICIA: EL RADICALISMO APROB\u00d3 LA INTEGRACI\u00d3N LEGISLATIVA A LA COALICI\u00d3N DE GOBIERNO","datePublished":"2024-12-03T00:44:09+00:00","dateModified":"2024-12-03T00:47:05+00:00","mainEntityOfPage":{"@id":"https:\/\/apuntesdesanluis.com\/index.php\/2024\/12\/02\/primicia-el-radicalismo-aprobo-la-integracion-legislativa-a-la-coalicion-de-gobierno\/"},"wordCount":905,"publisher":{"@id":"https:\/\/apuntesdesanluis.com\/#\/schema\/person\/b55151d52296fcce64d1a72538a70b90"},"image":{"@id":"https:\/\/apuntesdesanluis.com\/index.php\/2024\/12\/02\/primicia-el-radicalismo-aprobo-la-integracion-legislativa-a-la-coalicion-de-gobierno\/#primaryimage"},"thumbnailUrl":"https:\/\/apuntesdesanluis.com\/wp-content\/uploads\/2024\/12\/diputados-ricca-y-gimenez.png","articleSection":["Opini\u00f3n"],"inLanguage":"es-AR"},{"@type":"WebPage","@id":"https:\/\/apuntesdesanluis.com\/index.php\/2024\/12\/02\/primicia-el-radicalismo-aprobo-la-integracion-legislativa-a-la-coalicion-de-gobierno\/","url":"https:\/\/apuntesdesanluis.com\/index.php\/2024\/12\/02\/primicia-el-radicalismo-aprobo-la-integracion-legislativa-a-la-coalicion-de-gobierno\/","name":"PRIMICIA: EL RADICALISMO APROB\u00d3 LA INTEGRACI\u00d3N LEGISLATIVA A LA COALICI\u00d3N DE GOBIERNO - Apuntes de San Luis","isPartOf":{"@id":"https:\/\/apuntesdesanluis.com\/#website"},"primaryImageOfPage":{"@id":"https:\/\/apuntesdesanluis.com\/index.php\/2024\/12\/02\/primicia-el-radicalismo-aprobo-la-integracion-legislativa-a-la-coalicion-de-gobierno\/#primaryimage"},"image":{"@id":"https:\/\/apuntesdesanluis.com\/index.php\/2024\/12\/02\/primicia-el-radicalismo-aprobo-la-integracion-legislativa-a-la-coalicion-de-gobierno\/#primaryimage"},"thumbnailUrl":"https:\/\/apuntesdesanluis.com\/wp-content\/uploads\/2024\/12\/diputados-ricca-y-gimenez.png","datePublished":"2024-12-03T00:44:09+00:00","dateModified":"2024-12-03T00:47:05+00:00","breadcrumb":{"@id":"https:\/\/apuntesdesanluis.com\/index.php\/2024\/12\/02\/primicia-el-radicalismo-aprobo-la-integracion-legislativa-a-la-coalicion-de-gobierno\/#breadcrumb"},"inLanguage":"es-AR","potentialAction":[{"@type":"ReadAction","target":["https:\/\/apuntesdesanluis.com\/index.php\/2024\/12\/02\/primicia-el-radicalismo-aprobo-la-integracion-legislativa-a-la-coalicion-de-gobierno\/"]}]},{"@type":"ImageObject","inLanguage":"es-AR","@id":"https:\/\/apuntesdesanluis.com\/index.php\/2024\/12\/02\/primicia-el-radicalismo-aprobo-la-integracion-legislativa-a-la-coalicion-de-gobierno\/#primaryimage","url":"https:\/\/apuntesdesanluis.com\/wp-content\/uploads\/2024\/12\/diputados-ricca-y-gimenez.png","contentUrl":"https:\/\/apuntesdesanluis.com\/wp-content\/uploads\/2024\/12\/diputados-ricca-y-gimenez.png","width":710,"height":404},{"@type":"BreadcrumbList","@id":"https:\/\/apuntesdesanluis.com\/index.php\/2024\/12\/02\/primicia-el-radicalismo-aprobo-la-integracion-legislativa-a-la-coalicion-de-gobierno\/#breadcrumb","itemListElement":[{"@type":"ListItem","position":1,"name":"Inicio","item":"https:\/\/apuntesdesanluis.com\/"},{"@type":"ListItem","position":2,"name":"PRIMICIA: EL RADICALISMO APROB\u00d3 LA INTEGRACI\u00d3N LEGISLATIVA A LA COALICI\u00d3N DE GOBIERNO"}]},{"@type":"WebSite","@id":"https:\/\/apuntesdesanluis.com\/#website","url":"https:\/\/apuntesdesanluis.com\/","name":"Apuntes de San Luis","description":"","publisher":{"@id":"https:\/\/apuntesdesanluis.com\/#\/schema\/person\/b55151d52296fcce64d1a72538a70b90"},"potentialAction":[{"@type":"SearchAction","target":{"@type":"EntryPoint","urlTemplate":"https:\/\/apuntesdesanluis.com\/?s={search_term_string}"},"query-input":{"@type":"PropertyValueSpecification","valueRequired":true,"valueName":"search_term_string"}}],"inLanguage":"es-AR"},{"@type":["Person","Organization"],"@id":"https:\/\/apuntesdesanluis.com\/#\/schema\/person\/b55151d52296fcce64d1a72538a70b90","name":"apuntesdesanluis.com","image":{"@type":"ImageObject","inLanguage":"es-AR","@id":"https:\/\/apuntesdesanluis.com\/#\/schema\/person\/image\/","url":"https:\/\/apuntesdesanluis.com\/wp-content\/uploads\/2023\/07\/cropped-apuntesdesanluis.png","contentUrl":"https:\/\/apuntesdesanluis.com\/wp-content\/uploads\/2023\/07\/cropped-apuntesdesanluis.png","width":450,"height":112,"caption":"apuntesdesanluis.com"},"logo":{"@id":"https:\/\/apuntesdesanluis.com\/#\/schema\/person\/image\/"},"sameAs":["https:\/\/apuntesdesanluis.com"],"url":"https:\/\/apuntesdesanluis.com\/index.php\/author\/apuntesdesanluis-com\/"}]}},"featured_image_urls":{"full":["https:\/\/apuntesdesanluis.com\/wp-content\/uploads\/2024\/12\/diputados-ricca-y-gimenez.png",710,404,false],"thumbnail":["https:\/\/apuntesdesanluis.com\/wp-content\/uploads\/2024\/12\/diputados-ricca-y-gimenez-150x150.png",150,150,true],"medium":["https:\/\/apuntesdesanluis.com\/wp-content\/uploads\/2024\/12\/diputados-ricca-y-gimenez-300x171.png",300,171,true],"medium_large":["https:\/\/apuntesdesanluis.com\/wp-content\/uploads\/2024\/12\/diputados-ricca-y-gimenez.png",640,364,false],"large":["https:\/\/apuntesdesanluis.com\/wp-content\/uploads\/2024\/12\/diputados-ricca-y-gimenez.png",640,364,false],"1536x1536":["https:\/\/apuntesdesanluis.com\/wp-content\/uploads\/2024\/12\/diputados-ricca-y-gimenez.png",710,404,false],"2048x2048":["https:\/\/apuntesdesanluis.com\/wp-content\/uploads\/2024\/12\/diputados-ricca-y-gimenez.png",710,404,false],"newsever-slider-full":["https:\/\/apuntesdesanluis.com\/wp-content\/uploads\/2024\/12\/diputados-ricca-y-gimenez.png",710,404,false],"newsever-featured":["https:\/\/apuntesdesanluis.com\/wp-content\/uploads\/2024\/12\/diputados-ricca-y-gimenez.png",710,404,false],"newsever-medium":["https:\/\/apuntesdesanluis.com\/wp-content\/uploads\/2024\/12\/diputados-ricca-y-gimenez.png",710,404,false]},"author_info":{"display_name":"apuntesdesanluis.com","author_link":"https:\/\/apuntesdesanluis.com\/index.php\/author\/apuntesdesanluis-com\/"},"category_info":"<a href=\"https:\/\/apuntesdesanluis.com\/index.php\/category\/opinion\/\" rel=\"category tag\">Opini\u00f3n<\/a>","tag_info":"Opini\u00f3n","comment_count":"0","_links":{"self":[{"href":"https:\/\/apuntesdesanluis.com\/index.php\/wp-json\/wp\/v2\/posts\/26117","targetHints":{"allow":["GET"]}}],"collection":[{"href":"https:\/\/apuntesdesanluis.com\/index.php\/wp-json\/wp\/v2\/posts"}],"about":[{"href":"https:\/\/apuntesdesanluis.com\/index.php\/wp-json\/wp\/v2\/types\/post"}],"author":[{"embeddable":true,"href":"https:\/\/apuntesdesanluis.com\/index.php\/wp-json\/wp\/v2\/users\/1"}],"replies":[{"embeddable":true,"href":"https:\/\/apuntesdesanluis.com\/index.php\/wp-json\/wp\/v2\/comments?post=26117"}],"version-history":[{"count":5,"href":"https:\/\/apuntesdesanluis.com\/index.php\/wp-json\/wp\/v2\/posts\/26117\/revisions"}],"predecessor-version":[{"id":26124,"href":"https:\/\/apuntesdesanluis.com\/index.php\/wp-json\/wp\/v2\/posts\/26117\/revisions\/26124"}],"wp:featuredmedia":[{"embeddable":true,"href":"https:\/\/apuntesdesanluis.com\/index.php\/wp-json\/wp\/v2\/media\/26120"}],"wp:attachment":[{"href":"https:\/\/apuntesdesanluis.com\/index.php\/wp-json\/wp\/v2\/media?parent=26117"}],"wp:term":[{"taxonomy":"category","embeddable":true,"href":"https:\/\/apuntesdesanluis.com\/index.php\/wp-json\/wp\/v2\/categories?post=26117"},{"taxonomy":"post_tag","embeddable":true,"href":"https:\/\/apuntesdesanluis.com\/index.php\/wp-json\/wp\/v2\/tags?post=26117"}],"curies":[{"name":"wp","href":"https:\/\/api.w.org\/{rel}","templated":true}]}}