{"id":26125,"date":"2024-12-02T22:45:37","date_gmt":"2024-12-03T01:45:37","guid":{"rendered":"https:\/\/apuntesdesanluis.com\/?p=26125"},"modified":"2024-12-02T22:46:13","modified_gmt":"2024-12-03T01:46:13","slug":"taller-ficciones-y-economia-politica-contrahegemonicas-en-la-fcjes","status":"publish","type":"post","link":"https:\/\/apuntesdesanluis.com\/index.php\/2024\/12\/02\/taller-ficciones-y-economia-politica-contrahegemonicas-en-la-fcjes\/","title":{"rendered":"TALLER \u201cFICCIONES Y ECONOM\u00cdA POL\u00cdTICA CONTRAHEGEM\u00d3NICAS\u201d EN LA FCEJS"},"content":{"rendered":"<h3>La Secretar\u00eda de Extensi\u00f3n Universitaria invita al taller <strong>\u201cFicciones y econom\u00eda pol\u00edtica contrahegem\u00f3nicas. Narrativas otras para pensarnos en el Capitaloceno\u201d,<\/strong> que ser\u00e1 impartido por el <strong>Dr. Facundo Corval\u00e1n<\/strong> este <strong>martes 3 a las 16 horas<\/strong>, en el Aula de Extensi\u00f3n Universitaria, situada en el edificio \u201cEspacio Programas Especiales\u201d de la <strong>FCEJS<\/strong>.<\/h3>\n<h3>El taller se fundamenta en la necesidad de explorar las intersecciones entre las din\u00e1micas capitalistas, las identidades sociales y las crisis ambientales que definen el presente. El concepto de Capitaloceno, propuesto como una alternativa cr\u00edtica al Antropoceno, enfatiza que no es simplemente la humanidad (en t\u00e9rminos totalizantes) la que ha profundizado los cambios ambientales catastr\u00f3ficos, sino m\u00e1s bien la l\u00f3gica de explotaci\u00f3n ilimitada de recursos naturales y trabajadores (Moore, 2015). Se presenta la necesidad de enfoques en la investigaci\u00f3n social que vayan m\u00e1s all\u00e1 del an\u00e1lisis de las estructuras econ\u00f3micas y pol\u00edticas tradicionales, incorporando la compleja relaci\u00f3n entre capitalismo, identidades y naturaleza.<\/h3>\n<h3><img fetchpriority=\"high\" decoding=\"async\" class=\"wp-image-26126 aligncenter\" src=\"https:\/\/apuntesdesanluis.com\/wp-content\/uploads\/2024\/12\/ficciones-300x153.png\" alt=\"\" width=\"637\" height=\"325\" srcset=\"https:\/\/apuntesdesanluis.com\/wp-content\/uploads\/2024\/12\/ficciones-300x153.png 300w, https:\/\/apuntesdesanluis.com\/wp-content\/uploads\/2024\/12\/ficciones-768x393.png 768w, https:\/\/apuntesdesanluis.com\/wp-content\/uploads\/2024\/12\/ficciones.png 794w\" sizes=\"(max-width: 637px) 100vw, 637px\" \/><\/h3>\n<h3>El Dr. Facundo Corval\u00e1n identificar\u00e1 las narrativas dominantes del progreso y el desarrollo infinito, con el objetivo de abrir espacios para la creaci\u00f3n de nuevas formas de convivencia con el planeta. A trav\u00e9s de una serie de actividades, se construir\u00e1 un espacio de cr\u00edtica y creaci\u00f3n, en el cual los participantes problematizar\u00e1n las formas de pensar la investigaci\u00f3n social a trav\u00e9s de la narraci\u00f3n de mundos hist\u00f3ricos ficticios y ut\u00f3picos.<\/h3>\n<h3>Este encuentro es organizado por el Proyecto de Investigaci\u00f3n PROICO: \u201cEntrelazando narrativas: memorias y usos del pasado en San Luis a fines del siglo XX y principios del siglo XXI\u201d y la Secretar\u00eda de Extensi\u00f3n Universitaria de la FCEJS.<\/h3>\n<p>&nbsp;<\/p>\n<p>&nbsp;<\/p>\n<p>&nbsp;<\/p>\n","protected":false},"excerpt":{"rendered":"<p>La Secretar\u00eda de Extensi\u00f3n Universitaria invita al taller \u201cFicciones y econom\u00eda pol\u00edtica contrahegem\u00f3nicas. Narrativas otras&#8230;<\/p>\n","protected":false},"author":1,"featured_media":26127,"comment_status":"closed","ping_status":"closed","sticky":false,"template":"","format":"standard","meta":{"footnotes":""},"categories":[6],"tags":[],"class_list":["post-26125","post","type-post","status-publish","format-standard","has-post-thumbnail","hentry","category-ciudad-provincia"],"yoast_head":"<!-- This site is optimized with the Yoast SEO plugin v26.1.1 - https:\/\/yoast.com\/wordpress\/plugins\/seo\/ -->\n<title>TALLER \u201cFICCIONES Y ECONOM\u00cdA POL\u00cdTICA CONTRAHEGEM\u00d3NICAS\u201d EN LA FCEJS - Apuntes de San Luis<\/title>\n<meta name=\"robots\" content=\"index, follow, max-snippet:-1, max-image-preview:large, max-video-preview:-1\" \/>\n<link rel=\"canonical\" href=\"https:\/\/apuntesdesanluis.com\/index.php\/2024\/12\/02\/taller-ficciones-y-economia-politica-contrahegemonicas-en-la-fcjes\/\" \/>\n<meta property=\"og:locale\" content=\"es_ES\" \/>\n<meta property=\"og:type\" content=\"article\" \/>\n<meta property=\"og:title\" content=\"TALLER \u201cFICCIONES Y ECONOM\u00cdA POL\u00cdTICA CONTRAHEGEM\u00d3NICAS\u201d EN LA FCEJS - Apuntes de San Luis\" \/>\n<meta property=\"og:description\" content=\"La Secretar\u00eda de Extensi\u00f3n Universitaria invita al taller \u201cFicciones y econom\u00eda pol\u00edtica contrahegem\u00f3nicas. Narrativas otras...\" \/>\n<meta property=\"og:url\" content=\"https:\/\/apuntesdesanluis.com\/index.php\/2024\/12\/02\/taller-ficciones-y-economia-politica-contrahegemonicas-en-la-fcjes\/\" \/>\n<meta property=\"og:site_name\" content=\"Apuntes de San Luis\" \/>\n<meta property=\"article:published_time\" content=\"2024-12-03T01:45:37+00:00\" \/>\n<meta property=\"article:modified_time\" content=\"2024-12-03T01:46:13+00:00\" \/>\n<meta property=\"og:image\" content=\"https:\/\/apuntesdesanluis.com\/wp-content\/uploads\/2024\/12\/ficcionesd-portada.png\" \/>\n\t<meta property=\"og:image:width\" content=\"635\" \/>\n\t<meta property=\"og:image:height\" content=\"374\" \/>\n\t<meta property=\"og:image:type\" content=\"image\/png\" \/>\n<meta name=\"author\" content=\"apuntesdesanluis.com\" \/>\n<meta name=\"twitter:card\" content=\"summary_large_image\" \/>\n<meta name=\"twitter:label1\" content=\"Escrito por\" \/>\n\t<meta name=\"twitter:data1\" content=\"apuntesdesanluis.com\" \/>\n\t<meta name=\"twitter:label2\" content=\"Tiempo de lectura\" \/>\n\t<meta name=\"twitter:data2\" content=\"2 minutos\" \/>\n<script type=\"application\/ld+json\" class=\"yoast-schema-graph\">{\"@context\":\"https:\/\/schema.org\",\"@graph\":[{\"@type\":\"Article\",\"@id\":\"https:\/\/apuntesdesanluis.com\/index.php\/2024\/12\/02\/taller-ficciones-y-economia-politica-contrahegemonicas-en-la-fcjes\/#article\",\"isPartOf\":{\"@id\":\"https:\/\/apuntesdesanluis.com\/index.php\/2024\/12\/02\/taller-ficciones-y-economia-politica-contrahegemonicas-en-la-fcjes\/\"},\"author\":{\"name\":\"apuntesdesanluis.com\",\"@id\":\"https:\/\/apuntesdesanluis.com\/#\/schema\/person\/b55151d52296fcce64d1a72538a70b90\"},\"headline\":\"TALLER \u201cFICCIONES Y ECONOM\u00cdA POL\u00cdTICA CONTRAHEGEM\u00d3NICAS\u201d EN LA FCEJS\",\"datePublished\":\"2024-12-03T01:45:37+00:00\",\"dateModified\":\"2024-12-03T01:46:13+00:00\",\"mainEntityOfPage\":{\"@id\":\"https:\/\/apuntesdesanluis.com\/index.php\/2024\/12\/02\/taller-ficciones-y-economia-politica-contrahegemonicas-en-la-fcjes\/\"},\"wordCount\":308,\"publisher\":{\"@id\":\"https:\/\/apuntesdesanluis.com\/#\/schema\/person\/b55151d52296fcce64d1a72538a70b90\"},\"image\":{\"@id\":\"https:\/\/apuntesdesanluis.com\/index.php\/2024\/12\/02\/taller-ficciones-y-economia-politica-contrahegemonicas-en-la-fcjes\/#primaryimage\"},\"thumbnailUrl\":\"https:\/\/apuntesdesanluis.com\/wp-content\/uploads\/2024\/12\/ficcionesd-portada.png\",\"articleSection\":[\"Ciudad\/Provincia\"],\"inLanguage\":\"es-AR\"},{\"@type\":\"WebPage\",\"@id\":\"https:\/\/apuntesdesanluis.com\/index.php\/2024\/12\/02\/taller-ficciones-y-economia-politica-contrahegemonicas-en-la-fcjes\/\",\"url\":\"https:\/\/apuntesdesanluis.com\/index.php\/2024\/12\/02\/taller-ficciones-y-economia-politica-contrahegemonicas-en-la-fcjes\/\",\"name\":\"TALLER \u201cFICCIONES Y ECONOM\u00cdA POL\u00cdTICA CONTRAHEGEM\u00d3NICAS\u201d EN LA FCEJS - Apuntes de San Luis\",\"isPartOf\":{\"@id\":\"https:\/\/apuntesdesanluis.com\/#website\"},\"primaryImageOfPage\":{\"@id\":\"https:\/\/apuntesdesanluis.com\/index.php\/2024\/12\/02\/taller-ficciones-y-economia-politica-contrahegemonicas-en-la-fcjes\/#primaryimage\"},\"image\":{\"@id\":\"https:\/\/apuntesdesanluis.com\/index.php\/2024\/12\/02\/taller-ficciones-y-economia-politica-contrahegemonicas-en-la-fcjes\/#primaryimage\"},\"thumbnailUrl\":\"https:\/\/apuntesdesanluis.com\/wp-content\/uploads\/2024\/12\/ficcionesd-portada.png\",\"datePublished\":\"2024-12-03T01:45:37+00:00\",\"dateModified\":\"2024-12-03T01:46:13+00:00\",\"breadcrumb\":{\"@id\":\"https:\/\/apuntesdesanluis.com\/index.php\/2024\/12\/02\/taller-ficciones-y-economia-politica-contrahegemonicas-en-la-fcjes\/#breadcrumb\"},\"inLanguage\":\"es-AR\",\"potentialAction\":[{\"@type\":\"ReadAction\",\"target\":[\"https:\/\/apuntesdesanluis.com\/index.php\/2024\/12\/02\/taller-ficciones-y-economia-politica-contrahegemonicas-en-la-fcjes\/\"]}]},{\"@type\":\"ImageObject\",\"inLanguage\":\"es-AR\",\"@id\":\"https:\/\/apuntesdesanluis.com\/index.php\/2024\/12\/02\/taller-ficciones-y-economia-politica-contrahegemonicas-en-la-fcjes\/#primaryimage\",\"url\":\"https:\/\/apuntesdesanluis.com\/wp-content\/uploads\/2024\/12\/ficcionesd-portada.png\",\"contentUrl\":\"https:\/\/apuntesdesanluis.com\/wp-content\/uploads\/2024\/12\/ficcionesd-portada.png\",\"width\":635,\"height\":374},{\"@type\":\"BreadcrumbList\",\"@id\":\"https:\/\/apuntesdesanluis.com\/index.php\/2024\/12\/02\/taller-ficciones-y-economia-politica-contrahegemonicas-en-la-fcjes\/#breadcrumb\",\"itemListElement\":[{\"@type\":\"ListItem\",\"position\":1,\"name\":\"Inicio\",\"item\":\"https:\/\/apuntesdesanluis.com\/\"},{\"@type\":\"ListItem\",\"position\":2,\"name\":\"TALLER \u201cFICCIONES Y ECONOM\u00cdA POL\u00cdTICA CONTRAHEGEM\u00d3NICAS\u201d EN LA FCEJS\"}]},{\"@type\":\"WebSite\",\"@id\":\"https:\/\/apuntesdesanluis.com\/#website\",\"url\":\"https:\/\/apuntesdesanluis.com\/\",\"name\":\"Apuntes de San Luis\",\"description\":\"\",\"publisher\":{\"@id\":\"https:\/\/apuntesdesanluis.com\/#\/schema\/person\/b55151d52296fcce64d1a72538a70b90\"},\"potentialAction\":[{\"@type\":\"SearchAction\",\"target\":{\"@type\":\"EntryPoint\",\"urlTemplate\":\"https:\/\/apuntesdesanluis.com\/?s={search_term_string}\"},\"query-input\":{\"@type\":\"PropertyValueSpecification\",\"valueRequired\":true,\"valueName\":\"search_term_string\"}}],\"inLanguage\":\"es-AR\"},{\"@type\":[\"Person\",\"Organization\"],\"@id\":\"https:\/\/apuntesdesanluis.com\/#\/schema\/person\/b55151d52296fcce64d1a72538a70b90\",\"name\":\"apuntesdesanluis.com\",\"image\":{\"@type\":\"ImageObject\",\"inLanguage\":\"es-AR\",\"@id\":\"https:\/\/apuntesdesanluis.com\/#\/schema\/person\/image\/\",\"url\":\"https:\/\/apuntesdesanluis.com\/wp-content\/uploads\/2023\/07\/cropped-apuntesdesanluis.png\",\"contentUrl\":\"https:\/\/apuntesdesanluis.com\/wp-content\/uploads\/2023\/07\/cropped-apuntesdesanluis.png\",\"width\":450,\"height\":112,\"caption\":\"apuntesdesanluis.com\"},\"logo\":{\"@id\":\"https:\/\/apuntesdesanluis.com\/#\/schema\/person\/image\/\"},\"sameAs\":[\"https:\/\/apuntesdesanluis.com\"],\"url\":\"https:\/\/apuntesdesanluis.com\/index.php\/author\/apuntesdesanluis-com\/\"}]}<\/script>\n<!-- \/ Yoast SEO plugin. -->","yoast_head_json":{"title":"TALLER \u201cFICCIONES Y ECONOM\u00cdA POL\u00cdTICA CONTRAHEGEM\u00d3NICAS\u201d EN LA FCEJS - Apuntes de San Luis","robots":{"index":"index","follow":"follow","max-snippet":"max-snippet:-1","max-image-preview":"max-image-preview:large","max-video-preview":"max-video-preview:-1"},"canonical":"https:\/\/apuntesdesanluis.com\/index.php\/2024\/12\/02\/taller-ficciones-y-economia-politica-contrahegemonicas-en-la-fcjes\/","og_locale":"es_ES","og_type":"article","og_title":"TALLER \u201cFICCIONES Y ECONOM\u00cdA POL\u00cdTICA CONTRAHEGEM\u00d3NICAS\u201d EN LA FCEJS - Apuntes de San Luis","og_description":"La Secretar\u00eda de Extensi\u00f3n Universitaria invita al taller \u201cFicciones y econom\u00eda pol\u00edtica contrahegem\u00f3nicas. Narrativas otras...","og_url":"https:\/\/apuntesdesanluis.com\/index.php\/2024\/12\/02\/taller-ficciones-y-economia-politica-contrahegemonicas-en-la-fcjes\/","og_site_name":"Apuntes de San Luis","article_published_time":"2024-12-03T01:45:37+00:00","article_modified_time":"2024-12-03T01:46:13+00:00","og_image":[{"width":635,"height":374,"url":"https:\/\/apuntesdesanluis.com\/wp-content\/uploads\/2024\/12\/ficcionesd-portada.png","type":"image\/png"}],"author":"apuntesdesanluis.com","twitter_card":"summary_large_image","twitter_misc":{"Escrito por":"apuntesdesanluis.com","Tiempo de lectura":"2 minutos"},"schema":{"@context":"https:\/\/schema.org","@graph":[{"@type":"Article","@id":"https:\/\/apuntesdesanluis.com\/index.php\/2024\/12\/02\/taller-ficciones-y-economia-politica-contrahegemonicas-en-la-fcjes\/#article","isPartOf":{"@id":"https:\/\/apuntesdesanluis.com\/index.php\/2024\/12\/02\/taller-ficciones-y-economia-politica-contrahegemonicas-en-la-fcjes\/"},"author":{"name":"apuntesdesanluis.com","@id":"https:\/\/apuntesdesanluis.com\/#\/schema\/person\/b55151d52296fcce64d1a72538a70b90"},"headline":"TALLER \u201cFICCIONES Y ECONOM\u00cdA POL\u00cdTICA CONTRAHEGEM\u00d3NICAS\u201d EN LA FCEJS","datePublished":"2024-12-03T01:45:37+00:00","dateModified":"2024-12-03T01:46:13+00:00","mainEntityOfPage":{"@id":"https:\/\/apuntesdesanluis.com\/index.php\/2024\/12\/02\/taller-ficciones-y-economia-politica-contrahegemonicas-en-la-fcjes\/"},"wordCount":308,"publisher":{"@id":"https:\/\/apuntesdesanluis.com\/#\/schema\/person\/b55151d52296fcce64d1a72538a70b90"},"image":{"@id":"https:\/\/apuntesdesanluis.com\/index.php\/2024\/12\/02\/taller-ficciones-y-economia-politica-contrahegemonicas-en-la-fcjes\/#primaryimage"},"thumbnailUrl":"https:\/\/apuntesdesanluis.com\/wp-content\/uploads\/2024\/12\/ficcionesd-portada.png","articleSection":["Ciudad\/Provincia"],"inLanguage":"es-AR"},{"@type":"WebPage","@id":"https:\/\/apuntesdesanluis.com\/index.php\/2024\/12\/02\/taller-ficciones-y-economia-politica-contrahegemonicas-en-la-fcjes\/","url":"https:\/\/apuntesdesanluis.com\/index.php\/2024\/12\/02\/taller-ficciones-y-economia-politica-contrahegemonicas-en-la-fcjes\/","name":"TALLER \u201cFICCIONES Y ECONOM\u00cdA POL\u00cdTICA CONTRAHEGEM\u00d3NICAS\u201d EN LA FCEJS - Apuntes de San Luis","isPartOf":{"@id":"https:\/\/apuntesdesanluis.com\/#website"},"primaryImageOfPage":{"@id":"https:\/\/apuntesdesanluis.com\/index.php\/2024\/12\/02\/taller-ficciones-y-economia-politica-contrahegemonicas-en-la-fcjes\/#primaryimage"},"image":{"@id":"https:\/\/apuntesdesanluis.com\/index.php\/2024\/12\/02\/taller-ficciones-y-economia-politica-contrahegemonicas-en-la-fcjes\/#primaryimage"},"thumbnailUrl":"https:\/\/apuntesdesanluis.com\/wp-content\/uploads\/2024\/12\/ficcionesd-portada.png","datePublished":"2024-12-03T01:45:37+00:00","dateModified":"2024-12-03T01:46:13+00:00","breadcrumb":{"@id":"https:\/\/apuntesdesanluis.com\/index.php\/2024\/12\/02\/taller-ficciones-y-economia-politica-contrahegemonicas-en-la-fcjes\/#breadcrumb"},"inLanguage":"es-AR","potentialAction":[{"@type":"ReadAction","target":["https:\/\/apuntesdesanluis.com\/index.php\/2024\/12\/02\/taller-ficciones-y-economia-politica-contrahegemonicas-en-la-fcjes\/"]}]},{"@type":"ImageObject","inLanguage":"es-AR","@id":"https:\/\/apuntesdesanluis.com\/index.php\/2024\/12\/02\/taller-ficciones-y-economia-politica-contrahegemonicas-en-la-fcjes\/#primaryimage","url":"https:\/\/apuntesdesanluis.com\/wp-content\/uploads\/2024\/12\/ficcionesd-portada.png","contentUrl":"https:\/\/apuntesdesanluis.com\/wp-content\/uploads\/2024\/12\/ficcionesd-portada.png","width":635,"height":374},{"@type":"BreadcrumbList","@id":"https:\/\/apuntesdesanluis.com\/index.php\/2024\/12\/02\/taller-ficciones-y-economia-politica-contrahegemonicas-en-la-fcjes\/#breadcrumb","itemListElement":[{"@type":"ListItem","position":1,"name":"Inicio","item":"https:\/\/apuntesdesanluis.com\/"},{"@type":"ListItem","position":2,"name":"TALLER \u201cFICCIONES Y ECONOM\u00cdA POL\u00cdTICA CONTRAHEGEM\u00d3NICAS\u201d EN LA FCEJS"}]},{"@type":"WebSite","@id":"https:\/\/apuntesdesanluis.com\/#website","url":"https:\/\/apuntesdesanluis.com\/","name":"Apuntes de San Luis","description":"","publisher":{"@id":"https:\/\/apuntesdesanluis.com\/#\/schema\/person\/b55151d52296fcce64d1a72538a70b90"},"potentialAction":[{"@type":"SearchAction","target":{"@type":"EntryPoint","urlTemplate":"https:\/\/apuntesdesanluis.com\/?s={search_term_string}"},"query-input":{"@type":"PropertyValueSpecification","valueRequired":true,"valueName":"search_term_string"}}],"inLanguage":"es-AR"},{"@type":["Person","Organization"],"@id":"https:\/\/apuntesdesanluis.com\/#\/schema\/person\/b55151d52296fcce64d1a72538a70b90","name":"apuntesdesanluis.com","image":{"@type":"ImageObject","inLanguage":"es-AR","@id":"https:\/\/apuntesdesanluis.com\/#\/schema\/person\/image\/","url":"https:\/\/apuntesdesanluis.com\/wp-content\/uploads\/2023\/07\/cropped-apuntesdesanluis.png","contentUrl":"https:\/\/apuntesdesanluis.com\/wp-content\/uploads\/2023\/07\/cropped-apuntesdesanluis.png","width":450,"height":112,"caption":"apuntesdesanluis.com"},"logo":{"@id":"https:\/\/apuntesdesanluis.com\/#\/schema\/person\/image\/"},"sameAs":["https:\/\/apuntesdesanluis.com"],"url":"https:\/\/apuntesdesanluis.com\/index.php\/author\/apuntesdesanluis-com\/"}]}},"featured_image_urls":{"full":["https:\/\/apuntesdesanluis.com\/wp-content\/uploads\/2024\/12\/ficcionesd-portada.png",635,374,false],"thumbnail":["https:\/\/apuntesdesanluis.com\/wp-content\/uploads\/2024\/12\/ficcionesd-portada-150x150.png",150,150,true],"medium":["https:\/\/apuntesdesanluis.com\/wp-content\/uploads\/2024\/12\/ficcionesd-portada-300x177.png",300,177,true],"medium_large":["https:\/\/apuntesdesanluis.com\/wp-content\/uploads\/2024\/12\/ficcionesd-portada.png",635,374,false],"large":["https:\/\/apuntesdesanluis.com\/wp-content\/uploads\/2024\/12\/ficcionesd-portada.png",635,374,false],"1536x1536":["https:\/\/apuntesdesanluis.com\/wp-content\/uploads\/2024\/12\/ficcionesd-portada.png",635,374,false],"2048x2048":["https:\/\/apuntesdesanluis.com\/wp-content\/uploads\/2024\/12\/ficcionesd-portada.png",635,374,false],"newsever-slider-full":["https:\/\/apuntesdesanluis.com\/wp-content\/uploads\/2024\/12\/ficcionesd-portada.png",635,374,false],"newsever-featured":["https:\/\/apuntesdesanluis.com\/wp-content\/uploads\/2024\/12\/ficcionesd-portada.png",635,374,false],"newsever-medium":["https:\/\/apuntesdesanluis.com\/wp-content\/uploads\/2024\/12\/ficcionesd-portada.png",635,374,false]},"author_info":{"display_name":"apuntesdesanluis.com","author_link":"https:\/\/apuntesdesanluis.com\/index.php\/author\/apuntesdesanluis-com\/"},"category_info":"<a href=\"https:\/\/apuntesdesanluis.com\/index.php\/category\/ciudad-provincia\/\" rel=\"category tag\">Ciudad\/Provincia<\/a>","tag_info":"Ciudad\/Provincia","comment_count":"0","_links":{"self":[{"href":"https:\/\/apuntesdesanluis.com\/index.php\/wp-json\/wp\/v2\/posts\/26125","targetHints":{"allow":["GET"]}}],"collection":[{"href":"https:\/\/apuntesdesanluis.com\/index.php\/wp-json\/wp\/v2\/posts"}],"about":[{"href":"https:\/\/apuntesdesanluis.com\/index.php\/wp-json\/wp\/v2\/types\/post"}],"author":[{"embeddable":true,"href":"https:\/\/apuntesdesanluis.com\/index.php\/wp-json\/wp\/v2\/users\/1"}],"replies":[{"embeddable":true,"href":"https:\/\/apuntesdesanluis.com\/index.php\/wp-json\/wp\/v2\/comments?post=26125"}],"version-history":[{"count":2,"href":"https:\/\/apuntesdesanluis.com\/index.php\/wp-json\/wp\/v2\/posts\/26125\/revisions"}],"predecessor-version":[{"id":26129,"href":"https:\/\/apuntesdesanluis.com\/index.php\/wp-json\/wp\/v2\/posts\/26125\/revisions\/26129"}],"wp:featuredmedia":[{"embeddable":true,"href":"https:\/\/apuntesdesanluis.com\/index.php\/wp-json\/wp\/v2\/media\/26127"}],"wp:attachment":[{"href":"https:\/\/apuntesdesanluis.com\/index.php\/wp-json\/wp\/v2\/media?parent=26125"}],"wp:term":[{"taxonomy":"category","embeddable":true,"href":"https:\/\/apuntesdesanluis.com\/index.php\/wp-json\/wp\/v2\/categories?post=26125"},{"taxonomy":"post_tag","embeddable":true,"href":"https:\/\/apuntesdesanluis.com\/index.php\/wp-json\/wp\/v2\/tags?post=26125"}],"curies":[{"name":"wp","href":"https:\/\/api.w.org\/{rel}","templated":true}]}}