{"id":26156,"date":"2024-12-03T20:29:50","date_gmt":"2024-12-03T23:29:50","guid":{"rendered":"https:\/\/apuntesdesanluis.com\/?p=26156"},"modified":"2024-12-03T20:29:50","modified_gmt":"2024-12-03T23:29:50","slug":"juzgan-a-un-hombre-que-le-disparo-a-otro-al-que-le-amputaron-una-pierna","status":"publish","type":"post","link":"https:\/\/apuntesdesanluis.com\/index.php\/2024\/12\/03\/juzgan-a-un-hombre-que-le-disparo-a-otro-al-que-le-amputaron-una-pierna\/","title":{"rendered":"JUZGAN A UN HOMBRE QUE LE DISPAR\u00d3 A OTRO, AL QUE LE AMPUTARON UNA PIERNA"},"content":{"rendered":"<h3>Este martes, en la Sala Penal de la Tercera Circunscripci\u00f3n Judicial, comenz\u00f3 el juicio contra un hombre de 62 a\u00f1os acusado de dispararle con un fusil a un trabajador rural.<\/h3>\n<h3>El hecho que se investiga ocurri\u00f3 el 4 de diciembre de 2018 en el campo que posee la v\u00edctima en la localidad de Rinc\u00f3n del Carmen, Departamento San Mart\u00edn, y por las heridas provocadas por el proyectil, los m\u00e9dicos debieron amputarle una pierna.<\/h3>\n<h3>El debate es dirigido por la integraci\u00f3n unipersonal de la jueza Sandra Piguillem.<\/h3>\n<h3>El fiscal Mario Zudaire le imputa al acusado el delito de lesiones grav\u00edsimas agravadas por el uso de arma de fuego y en este marco, el Ministerio P\u00fablico Fiscal trabaja en la recopilaci\u00f3n de pruebas, que incluyen elementos documentales e instrumentales mientras que el abogado defensor, Orlando Villegas, sostuvo que su defendido actu\u00f3 en leg\u00edtima defensa. El imputado se abstuvo de declarar.<\/h3>\n<h3>Quien s\u00ed lo hizo fue la v\u00edctima. De acuerdo con su testimonio, esa ma\u00f1ana del 4 de diciembre comenz\u00f3 de manera tranquila y antes de salir a trabajar en el campo, tom\u00f3 mate con su esposa. Despu\u00e9s de realizar algunas tareas en el corral, sali\u00f3 en busca de unos chanchos, pero al no encontrarlos, decidi\u00f3 regresar a su hogar. Fue entonces cuando escuch\u00f3 el ruido de un veh\u00edculo y, al acercarse, observ\u00f3 que una m\u00e1quina romp\u00eda su alambrado. Al acercarse, se encontr\u00f3 con el acusado, quien, seg\u00fan su relato, lo amenaz\u00f3 de muerte.<\/h3>\n<h3>\u201cDe arriba de la m\u00e1quina me tir\u00f3 con un fusil. Perd\u00ed mucha sangre, estuve gritando porque hasta la casa hab\u00eda 150 metros. Mi se\u00f1ora fue quien me encontr\u00f3, tirado entre los montes, al rayo del sol\u201d, relat\u00f3 el damnificado durante su declaraci\u00f3n. Luego dijo que recibi\u00f3 atenci\u00f3n de urgencia por parte de unas personas que trabajaban por la zona y que le colocaron un torniquete para frenar la p\u00e9rdida de sangre. Luego fue trasladado al hospital.<\/h3>\n<h3>El abogado del particular damnificado, Carlos Bianchi Dur\u00e1n, se\u00f1al\u00f3 que el imputado no contaba con la calidad de portador leg\u00edtimo de arma de fuego y pidi\u00f3 que se lo juzgue por las graves lesiones causadas. La causa continuar\u00e1 el 11 de diciembre.<\/h3>\n<h3><\/h3>\n<p>&nbsp;<\/p>\n<p>&nbsp;<\/p>\n","protected":false},"excerpt":{"rendered":"<p>Este martes, en la Sala Penal de la Tercera Circunscripci\u00f3n Judicial, comenz\u00f3 el juicio contra&#8230;<\/p>\n","protected":false},"author":1,"featured_media":26157,"comment_status":"closed","ping_status":"closed","sticky":false,"template":"","format":"standard","meta":{"footnotes":""},"categories":[6],"tags":[],"class_list":["post-26156","post","type-post","status-publish","format-standard","has-post-thumbnail","hentry","category-ciudad-provincia"],"yoast_head":"<!-- This site is optimized with the Yoast SEO plugin v26.1.1 - https:\/\/yoast.com\/wordpress\/plugins\/seo\/ -->\n<title>JUZGAN A UN HOMBRE QUE LE DISPAR\u00d3 A OTRO, AL QUE LE AMPUTARON UNA PIERNA - Apuntes de San Luis<\/title>\n<meta name=\"robots\" content=\"index, follow, max-snippet:-1, max-image-preview:large, max-video-preview:-1\" \/>\n<link rel=\"canonical\" href=\"https:\/\/apuntesdesanluis.com\/index.php\/2024\/12\/03\/juzgan-a-un-hombre-que-le-disparo-a-otro-al-que-le-amputaron-una-pierna\/\" \/>\n<meta property=\"og:locale\" content=\"es_ES\" \/>\n<meta property=\"og:type\" content=\"article\" \/>\n<meta property=\"og:title\" content=\"JUZGAN A UN HOMBRE QUE LE DISPAR\u00d3 A OTRO, AL QUE LE AMPUTARON UNA PIERNA - Apuntes de San Luis\" \/>\n<meta property=\"og:description\" content=\"Este martes, en la Sala Penal de la Tercera Circunscripci\u00f3n Judicial, comenz\u00f3 el juicio contra...\" \/>\n<meta property=\"og:url\" content=\"https:\/\/apuntesdesanluis.com\/index.php\/2024\/12\/03\/juzgan-a-un-hombre-que-le-disparo-a-otro-al-que-le-amputaron-una-pierna\/\" \/>\n<meta property=\"og:site_name\" content=\"Apuntes de San Luis\" \/>\n<meta property=\"article:published_time\" content=\"2024-12-03T23:29:50+00:00\" \/>\n<meta property=\"og:image\" content=\"https:\/\/apuntesdesanluis.com\/wp-content\/uploads\/2024\/12\/JUICIO.png\" \/>\n\t<meta property=\"og:image:width\" content=\"742\" \/>\n\t<meta property=\"og:image:height\" content=\"439\" \/>\n\t<meta property=\"og:image:type\" content=\"image\/png\" \/>\n<meta name=\"author\" content=\"apuntesdesanluis.com\" \/>\n<meta name=\"twitter:card\" content=\"summary_large_image\" \/>\n<meta name=\"twitter:label1\" content=\"Escrito por\" \/>\n\t<meta name=\"twitter:data1\" content=\"apuntesdesanluis.com\" \/>\n\t<meta name=\"twitter:label2\" content=\"Tiempo de lectura\" \/>\n\t<meta name=\"twitter:data2\" content=\"2 minutos\" \/>\n<script type=\"application\/ld+json\" class=\"yoast-schema-graph\">{\"@context\":\"https:\/\/schema.org\",\"@graph\":[{\"@type\":\"Article\",\"@id\":\"https:\/\/apuntesdesanluis.com\/index.php\/2024\/12\/03\/juzgan-a-un-hombre-que-le-disparo-a-otro-al-que-le-amputaron-una-pierna\/#article\",\"isPartOf\":{\"@id\":\"https:\/\/apuntesdesanluis.com\/index.php\/2024\/12\/03\/juzgan-a-un-hombre-que-le-disparo-a-otro-al-que-le-amputaron-una-pierna\/\"},\"author\":{\"name\":\"apuntesdesanluis.com\",\"@id\":\"https:\/\/apuntesdesanluis.com\/#\/schema\/person\/b55151d52296fcce64d1a72538a70b90\"},\"headline\":\"JUZGAN A UN HOMBRE QUE LE DISPAR\u00d3 A OTRO, AL QUE LE AMPUTARON UNA PIERNA\",\"datePublished\":\"2024-12-03T23:29:50+00:00\",\"mainEntityOfPage\":{\"@id\":\"https:\/\/apuntesdesanluis.com\/index.php\/2024\/12\/03\/juzgan-a-un-hombre-que-le-disparo-a-otro-al-que-le-amputaron-una-pierna\/\"},\"wordCount\":397,\"publisher\":{\"@id\":\"https:\/\/apuntesdesanluis.com\/#\/schema\/person\/b55151d52296fcce64d1a72538a70b90\"},\"image\":{\"@id\":\"https:\/\/apuntesdesanluis.com\/index.php\/2024\/12\/03\/juzgan-a-un-hombre-que-le-disparo-a-otro-al-que-le-amputaron-una-pierna\/#primaryimage\"},\"thumbnailUrl\":\"https:\/\/apuntesdesanluis.com\/wp-content\/uploads\/2024\/12\/JUICIO.png\",\"articleSection\":[\"Ciudad\/Provincia\"],\"inLanguage\":\"es-AR\"},{\"@type\":\"WebPage\",\"@id\":\"https:\/\/apuntesdesanluis.com\/index.php\/2024\/12\/03\/juzgan-a-un-hombre-que-le-disparo-a-otro-al-que-le-amputaron-una-pierna\/\",\"url\":\"https:\/\/apuntesdesanluis.com\/index.php\/2024\/12\/03\/juzgan-a-un-hombre-que-le-disparo-a-otro-al-que-le-amputaron-una-pierna\/\",\"name\":\"JUZGAN A UN HOMBRE QUE LE DISPAR\u00d3 A OTRO, AL QUE LE AMPUTARON UNA PIERNA - Apuntes de San Luis\",\"isPartOf\":{\"@id\":\"https:\/\/apuntesdesanluis.com\/#website\"},\"primaryImageOfPage\":{\"@id\":\"https:\/\/apuntesdesanluis.com\/index.php\/2024\/12\/03\/juzgan-a-un-hombre-que-le-disparo-a-otro-al-que-le-amputaron-una-pierna\/#primaryimage\"},\"image\":{\"@id\":\"https:\/\/apuntesdesanluis.com\/index.php\/2024\/12\/03\/juzgan-a-un-hombre-que-le-disparo-a-otro-al-que-le-amputaron-una-pierna\/#primaryimage\"},\"thumbnailUrl\":\"https:\/\/apuntesdesanluis.com\/wp-content\/uploads\/2024\/12\/JUICIO.png\",\"datePublished\":\"2024-12-03T23:29:50+00:00\",\"breadcrumb\":{\"@id\":\"https:\/\/apuntesdesanluis.com\/index.php\/2024\/12\/03\/juzgan-a-un-hombre-que-le-disparo-a-otro-al-que-le-amputaron-una-pierna\/#breadcrumb\"},\"inLanguage\":\"es-AR\",\"potentialAction\":[{\"@type\":\"ReadAction\",\"target\":[\"https:\/\/apuntesdesanluis.com\/index.php\/2024\/12\/03\/juzgan-a-un-hombre-que-le-disparo-a-otro-al-que-le-amputaron-una-pierna\/\"]}]},{\"@type\":\"ImageObject\",\"inLanguage\":\"es-AR\",\"@id\":\"https:\/\/apuntesdesanluis.com\/index.php\/2024\/12\/03\/juzgan-a-un-hombre-que-le-disparo-a-otro-al-que-le-amputaron-una-pierna\/#primaryimage\",\"url\":\"https:\/\/apuntesdesanluis.com\/wp-content\/uploads\/2024\/12\/JUICIO.png\",\"contentUrl\":\"https:\/\/apuntesdesanluis.com\/wp-content\/uploads\/2024\/12\/JUICIO.png\",\"width\":742,\"height\":439},{\"@type\":\"BreadcrumbList\",\"@id\":\"https:\/\/apuntesdesanluis.com\/index.php\/2024\/12\/03\/juzgan-a-un-hombre-que-le-disparo-a-otro-al-que-le-amputaron-una-pierna\/#breadcrumb\",\"itemListElement\":[{\"@type\":\"ListItem\",\"position\":1,\"name\":\"Inicio\",\"item\":\"https:\/\/apuntesdesanluis.com\/\"},{\"@type\":\"ListItem\",\"position\":2,\"name\":\"JUZGAN A UN HOMBRE QUE LE DISPAR\u00d3 A OTRO, AL QUE LE AMPUTARON UNA PIERNA\"}]},{\"@type\":\"WebSite\",\"@id\":\"https:\/\/apuntesdesanluis.com\/#website\",\"url\":\"https:\/\/apuntesdesanluis.com\/\",\"name\":\"Apuntes de San Luis\",\"description\":\"\",\"publisher\":{\"@id\":\"https:\/\/apuntesdesanluis.com\/#\/schema\/person\/b55151d52296fcce64d1a72538a70b90\"},\"potentialAction\":[{\"@type\":\"SearchAction\",\"target\":{\"@type\":\"EntryPoint\",\"urlTemplate\":\"https:\/\/apuntesdesanluis.com\/?s={search_term_string}\"},\"query-input\":{\"@type\":\"PropertyValueSpecification\",\"valueRequired\":true,\"valueName\":\"search_term_string\"}}],\"inLanguage\":\"es-AR\"},{\"@type\":[\"Person\",\"Organization\"],\"@id\":\"https:\/\/apuntesdesanluis.com\/#\/schema\/person\/b55151d52296fcce64d1a72538a70b90\",\"name\":\"apuntesdesanluis.com\",\"image\":{\"@type\":\"ImageObject\",\"inLanguage\":\"es-AR\",\"@id\":\"https:\/\/apuntesdesanluis.com\/#\/schema\/person\/image\/\",\"url\":\"https:\/\/apuntesdesanluis.com\/wp-content\/uploads\/2023\/07\/cropped-apuntesdesanluis.png\",\"contentUrl\":\"https:\/\/apuntesdesanluis.com\/wp-content\/uploads\/2023\/07\/cropped-apuntesdesanluis.png\",\"width\":450,\"height\":112,\"caption\":\"apuntesdesanluis.com\"},\"logo\":{\"@id\":\"https:\/\/apuntesdesanluis.com\/#\/schema\/person\/image\/\"},\"sameAs\":[\"https:\/\/apuntesdesanluis.com\"],\"url\":\"https:\/\/apuntesdesanluis.com\/index.php\/author\/apuntesdesanluis-com\/\"}]}<\/script>\n<!-- \/ Yoast SEO plugin. -->","yoast_head_json":{"title":"JUZGAN A UN HOMBRE QUE LE DISPAR\u00d3 A OTRO, AL QUE LE AMPUTARON UNA PIERNA - Apuntes de San Luis","robots":{"index":"index","follow":"follow","max-snippet":"max-snippet:-1","max-image-preview":"max-image-preview:large","max-video-preview":"max-video-preview:-1"},"canonical":"https:\/\/apuntesdesanluis.com\/index.php\/2024\/12\/03\/juzgan-a-un-hombre-que-le-disparo-a-otro-al-que-le-amputaron-una-pierna\/","og_locale":"es_ES","og_type":"article","og_title":"JUZGAN A UN HOMBRE QUE LE DISPAR\u00d3 A OTRO, AL QUE LE AMPUTARON UNA PIERNA - Apuntes de San Luis","og_description":"Este martes, en la Sala Penal de la Tercera Circunscripci\u00f3n Judicial, comenz\u00f3 el juicio contra...","og_url":"https:\/\/apuntesdesanluis.com\/index.php\/2024\/12\/03\/juzgan-a-un-hombre-que-le-disparo-a-otro-al-que-le-amputaron-una-pierna\/","og_site_name":"Apuntes de San Luis","article_published_time":"2024-12-03T23:29:50+00:00","og_image":[{"width":742,"height":439,"url":"https:\/\/apuntesdesanluis.com\/wp-content\/uploads\/2024\/12\/JUICIO.png","type":"image\/png"}],"author":"apuntesdesanluis.com","twitter_card":"summary_large_image","twitter_misc":{"Escrito por":"apuntesdesanluis.com","Tiempo de lectura":"2 minutos"},"schema":{"@context":"https:\/\/schema.org","@graph":[{"@type":"Article","@id":"https:\/\/apuntesdesanluis.com\/index.php\/2024\/12\/03\/juzgan-a-un-hombre-que-le-disparo-a-otro-al-que-le-amputaron-una-pierna\/#article","isPartOf":{"@id":"https:\/\/apuntesdesanluis.com\/index.php\/2024\/12\/03\/juzgan-a-un-hombre-que-le-disparo-a-otro-al-que-le-amputaron-una-pierna\/"},"author":{"name":"apuntesdesanluis.com","@id":"https:\/\/apuntesdesanluis.com\/#\/schema\/person\/b55151d52296fcce64d1a72538a70b90"},"headline":"JUZGAN A UN HOMBRE QUE LE DISPAR\u00d3 A OTRO, AL QUE LE AMPUTARON UNA PIERNA","datePublished":"2024-12-03T23:29:50+00:00","mainEntityOfPage":{"@id":"https:\/\/apuntesdesanluis.com\/index.php\/2024\/12\/03\/juzgan-a-un-hombre-que-le-disparo-a-otro-al-que-le-amputaron-una-pierna\/"},"wordCount":397,"publisher":{"@id":"https:\/\/apuntesdesanluis.com\/#\/schema\/person\/b55151d52296fcce64d1a72538a70b90"},"image":{"@id":"https:\/\/apuntesdesanluis.com\/index.php\/2024\/12\/03\/juzgan-a-un-hombre-que-le-disparo-a-otro-al-que-le-amputaron-una-pierna\/#primaryimage"},"thumbnailUrl":"https:\/\/apuntesdesanluis.com\/wp-content\/uploads\/2024\/12\/JUICIO.png","articleSection":["Ciudad\/Provincia"],"inLanguage":"es-AR"},{"@type":"WebPage","@id":"https:\/\/apuntesdesanluis.com\/index.php\/2024\/12\/03\/juzgan-a-un-hombre-que-le-disparo-a-otro-al-que-le-amputaron-una-pierna\/","url":"https:\/\/apuntesdesanluis.com\/index.php\/2024\/12\/03\/juzgan-a-un-hombre-que-le-disparo-a-otro-al-que-le-amputaron-una-pierna\/","name":"JUZGAN A UN HOMBRE QUE LE DISPAR\u00d3 A OTRO, AL QUE LE AMPUTARON UNA PIERNA - Apuntes de San Luis","isPartOf":{"@id":"https:\/\/apuntesdesanluis.com\/#website"},"primaryImageOfPage":{"@id":"https:\/\/apuntesdesanluis.com\/index.php\/2024\/12\/03\/juzgan-a-un-hombre-que-le-disparo-a-otro-al-que-le-amputaron-una-pierna\/#primaryimage"},"image":{"@id":"https:\/\/apuntesdesanluis.com\/index.php\/2024\/12\/03\/juzgan-a-un-hombre-que-le-disparo-a-otro-al-que-le-amputaron-una-pierna\/#primaryimage"},"thumbnailUrl":"https:\/\/apuntesdesanluis.com\/wp-content\/uploads\/2024\/12\/JUICIO.png","datePublished":"2024-12-03T23:29:50+00:00","breadcrumb":{"@id":"https:\/\/apuntesdesanluis.com\/index.php\/2024\/12\/03\/juzgan-a-un-hombre-que-le-disparo-a-otro-al-que-le-amputaron-una-pierna\/#breadcrumb"},"inLanguage":"es-AR","potentialAction":[{"@type":"ReadAction","target":["https:\/\/apuntesdesanluis.com\/index.php\/2024\/12\/03\/juzgan-a-un-hombre-que-le-disparo-a-otro-al-que-le-amputaron-una-pierna\/"]}]},{"@type":"ImageObject","inLanguage":"es-AR","@id":"https:\/\/apuntesdesanluis.com\/index.php\/2024\/12\/03\/juzgan-a-un-hombre-que-le-disparo-a-otro-al-que-le-amputaron-una-pierna\/#primaryimage","url":"https:\/\/apuntesdesanluis.com\/wp-content\/uploads\/2024\/12\/JUICIO.png","contentUrl":"https:\/\/apuntesdesanluis.com\/wp-content\/uploads\/2024\/12\/JUICIO.png","width":742,"height":439},{"@type":"BreadcrumbList","@id":"https:\/\/apuntesdesanluis.com\/index.php\/2024\/12\/03\/juzgan-a-un-hombre-que-le-disparo-a-otro-al-que-le-amputaron-una-pierna\/#breadcrumb","itemListElement":[{"@type":"ListItem","position":1,"name":"Inicio","item":"https:\/\/apuntesdesanluis.com\/"},{"@type":"ListItem","position":2,"name":"JUZGAN A UN HOMBRE QUE LE DISPAR\u00d3 A OTRO, AL QUE LE AMPUTARON UNA PIERNA"}]},{"@type":"WebSite","@id":"https:\/\/apuntesdesanluis.com\/#website","url":"https:\/\/apuntesdesanluis.com\/","name":"Apuntes de San Luis","description":"","publisher":{"@id":"https:\/\/apuntesdesanluis.com\/#\/schema\/person\/b55151d52296fcce64d1a72538a70b90"},"potentialAction":[{"@type":"SearchAction","target":{"@type":"EntryPoint","urlTemplate":"https:\/\/apuntesdesanluis.com\/?s={search_term_string}"},"query-input":{"@type":"PropertyValueSpecification","valueRequired":true,"valueName":"search_term_string"}}],"inLanguage":"es-AR"},{"@type":["Person","Organization"],"@id":"https:\/\/apuntesdesanluis.com\/#\/schema\/person\/b55151d52296fcce64d1a72538a70b90","name":"apuntesdesanluis.com","image":{"@type":"ImageObject","inLanguage":"es-AR","@id":"https:\/\/apuntesdesanluis.com\/#\/schema\/person\/image\/","url":"https:\/\/apuntesdesanluis.com\/wp-content\/uploads\/2023\/07\/cropped-apuntesdesanluis.png","contentUrl":"https:\/\/apuntesdesanluis.com\/wp-content\/uploads\/2023\/07\/cropped-apuntesdesanluis.png","width":450,"height":112,"caption":"apuntesdesanluis.com"},"logo":{"@id":"https:\/\/apuntesdesanluis.com\/#\/schema\/person\/image\/"},"sameAs":["https:\/\/apuntesdesanluis.com"],"url":"https:\/\/apuntesdesanluis.com\/index.php\/author\/apuntesdesanluis-com\/"}]}},"featured_image_urls":{"full":["https:\/\/apuntesdesanluis.com\/wp-content\/uploads\/2024\/12\/JUICIO.png",742,439,false],"thumbnail":["https:\/\/apuntesdesanluis.com\/wp-content\/uploads\/2024\/12\/JUICIO-150x150.png",150,150,true],"medium":["https:\/\/apuntesdesanluis.com\/wp-content\/uploads\/2024\/12\/JUICIO-300x177.png",300,177,true],"medium_large":["https:\/\/apuntesdesanluis.com\/wp-content\/uploads\/2024\/12\/JUICIO.png",640,379,false],"large":["https:\/\/apuntesdesanluis.com\/wp-content\/uploads\/2024\/12\/JUICIO.png",640,379,false],"1536x1536":["https:\/\/apuntesdesanluis.com\/wp-content\/uploads\/2024\/12\/JUICIO.png",742,439,false],"2048x2048":["https:\/\/apuntesdesanluis.com\/wp-content\/uploads\/2024\/12\/JUICIO.png",742,439,false],"newsever-slider-full":["https:\/\/apuntesdesanluis.com\/wp-content\/uploads\/2024\/12\/JUICIO.png",742,439,false],"newsever-featured":["https:\/\/apuntesdesanluis.com\/wp-content\/uploads\/2024\/12\/JUICIO.png",742,439,false],"newsever-medium":["https:\/\/apuntesdesanluis.com\/wp-content\/uploads\/2024\/12\/JUICIO-720x439.png",720,439,true]},"author_info":{"display_name":"apuntesdesanluis.com","author_link":"https:\/\/apuntesdesanluis.com\/index.php\/author\/apuntesdesanluis-com\/"},"category_info":"<a href=\"https:\/\/apuntesdesanluis.com\/index.php\/category\/ciudad-provincia\/\" rel=\"category tag\">Ciudad\/Provincia<\/a>","tag_info":"Ciudad\/Provincia","comment_count":"0","_links":{"self":[{"href":"https:\/\/apuntesdesanluis.com\/index.php\/wp-json\/wp\/v2\/posts\/26156","targetHints":{"allow":["GET"]}}],"collection":[{"href":"https:\/\/apuntesdesanluis.com\/index.php\/wp-json\/wp\/v2\/posts"}],"about":[{"href":"https:\/\/apuntesdesanluis.com\/index.php\/wp-json\/wp\/v2\/types\/post"}],"author":[{"embeddable":true,"href":"https:\/\/apuntesdesanluis.com\/index.php\/wp-json\/wp\/v2\/users\/1"}],"replies":[{"embeddable":true,"href":"https:\/\/apuntesdesanluis.com\/index.php\/wp-json\/wp\/v2\/comments?post=26156"}],"version-history":[{"count":1,"href":"https:\/\/apuntesdesanluis.com\/index.php\/wp-json\/wp\/v2\/posts\/26156\/revisions"}],"predecessor-version":[{"id":26158,"href":"https:\/\/apuntesdesanluis.com\/index.php\/wp-json\/wp\/v2\/posts\/26156\/revisions\/26158"}],"wp:featuredmedia":[{"embeddable":true,"href":"https:\/\/apuntesdesanluis.com\/index.php\/wp-json\/wp\/v2\/media\/26157"}],"wp:attachment":[{"href":"https:\/\/apuntesdesanluis.com\/index.php\/wp-json\/wp\/v2\/media?parent=26156"}],"wp:term":[{"taxonomy":"category","embeddable":true,"href":"https:\/\/apuntesdesanluis.com\/index.php\/wp-json\/wp\/v2\/categories?post=26156"},{"taxonomy":"post_tag","embeddable":true,"href":"https:\/\/apuntesdesanluis.com\/index.php\/wp-json\/wp\/v2\/tags?post=26156"}],"curies":[{"name":"wp","href":"https:\/\/api.w.org\/{rel}","templated":true}]}}