{"id":26162,"date":"2024-12-03T20:44:07","date_gmt":"2024-12-03T23:44:07","guid":{"rendered":"https:\/\/apuntesdesanluis.com\/?p=26162"},"modified":"2024-12-03T20:45:05","modified_gmt":"2024-12-03T23:45:05","slug":"mendoza-cayo-un-helicoptero-con-cinco-soldados-pero-solo-sufrieron-heridas-leves","status":"publish","type":"post","link":"https:\/\/apuntesdesanluis.com\/index.php\/2024\/12\/03\/mendoza-cayo-un-helicoptero-con-cinco-soldados-pero-solo-sufrieron-heridas-leves\/","title":{"rendered":"MENDOZA: CAY\u00d3 UN HELIC\u00d3PTERO CON CINCO SOLDADOS, PERO SOLO SUFRIERON HERIDAS LEVES"},"content":{"rendered":"<h3>Un helic\u00f3ptero del<strong> Ej\u00e9rcito Argentino<\/strong> cay\u00f3 esta tarde en Campo de los Andes, en la zona de\u00a0<strong>Tunuy\u00e1n<\/strong>, con cinco soldados a bordo, quienes solo sufrieron algunas contusiones.<\/h3>\n<h3>Seg\u00fan confirm\u00f3 la agencia Noticias Argentinas, todos los ocupantes fueron derivados al Hospital Scaravelli y se encuentran fuera de peligro.<\/h3>\n<h3>Asimismo, fuentes del Ej\u00e9rcito informaron que la aeronave involucrada es un helic\u00f3ptero LAMA Alpha Eco 390, que se precipit\u00f3 a tierra por una p\u00e9rdida de sustentaci\u00f3n.<\/h3>\n<h3>El helic\u00f3ptero pertenece a la Secci\u00f3n de Aviaci\u00f3n de Ej\u00e9rcito de Monta\u00f1a 8, en Tunuy\u00e1n, ubicada a unos 100 kil\u00f3metros al sur de la ciudad de Mendoza, la capital provincial.<\/h3>\n<h3>El accidente se produjo mientras los militares realizaban un entrenamiento previo a su viaje a Chipre, donde formar\u00edan parte de una delegaci\u00f3n de paz de la Naciones Unidas (ONU).<\/h3>\n<h3><strong>COMUNICADO<\/strong><\/h3>\n<h3>\u201cEl\u00a0<strong>Ej\u00e9rcito Argentino<\/strong>\u00a0informa que aproximadamente a las 15:50 horas del d\u00eda de hoy (martes 3 de diciembre), el helic\u00f3ptero SA-315B LAMA, matr\u00edcula AE 390, tuvo una p\u00e9rdida de sustentaci\u00f3n y ejecut\u00f3 un\u00a0<strong>aterrizaje de emergencia<\/strong>, en la\u00a0<strong>Guarnici\u00f3n de Ej\u00e9rcito Campo los Andes<\/strong>, en\u00a0<strong>Tunuy\u00e1n<\/strong>,\u00a0<strong>Mendoza<\/strong>\u201d, informaron a trav\u00e9s del texto difundido a la prensa.<\/h3>\n<h3>Adem\u00e1s, desde el Ej\u00e9rcito Argentino especificaron que el hecho se produjo mientras la tripulaci\u00f3n realizaba maniobras previas a un despliegue. &#8220;El incidente se produjo durante la ejecuci\u00f3n de actividades de instrucci\u00f3n previas al despliegue de la Fuerza de Tarea Argentina 65, en la misi\u00f3n de Naciones Unidas en Chipre&#8221;, a\u00f1adieron.<\/h3>\n<h3>M\u00e1s temprano, Noticias Argentinas hab\u00eda informado que el helic\u00f3ptero pertenec\u00eda a la Secci\u00f3n de Aviaci\u00f3n de Ej\u00e9rcito de Monta\u00f1a 8, en Tunuy\u00e1n, ubicada a unos 100 kil\u00f3metros al sur de la capital de la provincia de Mendoza. Los cinco efectivos que se encontraban abordo sufrieron politraumatismos y contusiones de distinta consideraci\u00f3n. Ninguno de los ocupantes de la aeronave sufri\u00f3 heridas de gravedad ni tuvo p\u00e9rdida de conocimiento. Todos fueron derivados para su atenci\u00f3n y quedaron en observaci\u00f3n en el Hospital Regional Antonio Scaravelli.<\/h3>\n<p>&nbsp;<\/p>\n<p>&nbsp;<\/p>\n<p>&nbsp;<\/p>\n","protected":false},"excerpt":{"rendered":"<p>Un helic\u00f3ptero del Ej\u00e9rcito Argentino cay\u00f3 esta tarde en Campo de los Andes, en la&#8230;<\/p>\n","protected":false},"author":1,"featured_media":26163,"comment_status":"closed","ping_status":"closed","sticky":false,"template":"","format":"standard","meta":{"footnotes":""},"categories":[5],"tags":[],"class_list":["post-26162","post","type-post","status-publish","format-standard","has-post-thumbnail","hentry","category-nacionales-internacionales"],"yoast_head":"<!-- This site is optimized with the Yoast SEO plugin v26.1.1 - https:\/\/yoast.com\/wordpress\/plugins\/seo\/ -->\n<title>MENDOZA: CAY\u00d3 UN HELIC\u00d3PTERO CON CINCO SOLDADOS, PERO SOLO SUFRIERON HERIDAS LEVES - Apuntes de San Luis<\/title>\n<meta name=\"robots\" content=\"index, follow, max-snippet:-1, max-image-preview:large, max-video-preview:-1\" \/>\n<link rel=\"canonical\" href=\"https:\/\/apuntesdesanluis.com\/index.php\/2024\/12\/03\/mendoza-cayo-un-helicoptero-con-cinco-soldados-pero-solo-sufrieron-heridas-leves\/\" \/>\n<meta property=\"og:locale\" content=\"es_ES\" \/>\n<meta property=\"og:type\" content=\"article\" \/>\n<meta property=\"og:title\" content=\"MENDOZA: CAY\u00d3 UN HELIC\u00d3PTERO CON CINCO SOLDADOS, PERO SOLO SUFRIERON HERIDAS LEVES - Apuntes de San Luis\" \/>\n<meta property=\"og:description\" content=\"Un helic\u00f3ptero del Ej\u00e9rcito Argentino cay\u00f3 esta tarde en Campo de los Andes, en la...\" \/>\n<meta property=\"og:url\" content=\"https:\/\/apuntesdesanluis.com\/index.php\/2024\/12\/03\/mendoza-cayo-un-helicoptero-con-cinco-soldados-pero-solo-sufrieron-heridas-leves\/\" \/>\n<meta property=\"og:site_name\" content=\"Apuntes de San Luis\" \/>\n<meta property=\"article:published_time\" content=\"2024-12-03T23:44:07+00:00\" \/>\n<meta property=\"article:modified_time\" content=\"2024-12-03T23:45:05+00:00\" \/>\n<meta property=\"og:image\" content=\"https:\/\/apuntesdesanluis.com\/wp-content\/uploads\/2024\/12\/helicoptero.png\" \/>\n\t<meta property=\"og:image:width\" content=\"677\" \/>\n\t<meta property=\"og:image:height\" content=\"413\" \/>\n\t<meta property=\"og:image:type\" content=\"image\/png\" \/>\n<meta name=\"author\" content=\"apuntesdesanluis.com\" \/>\n<meta name=\"twitter:card\" content=\"summary_large_image\" \/>\n<meta name=\"twitter:label1\" content=\"Escrito por\" \/>\n\t<meta name=\"twitter:data1\" content=\"apuntesdesanluis.com\" \/>\n\t<meta name=\"twitter:label2\" content=\"Tiempo de lectura\" \/>\n\t<meta name=\"twitter:data2\" content=\"2 minutos\" \/>\n<script type=\"application\/ld+json\" class=\"yoast-schema-graph\">{\"@context\":\"https:\/\/schema.org\",\"@graph\":[{\"@type\":\"Article\",\"@id\":\"https:\/\/apuntesdesanluis.com\/index.php\/2024\/12\/03\/mendoza-cayo-un-helicoptero-con-cinco-soldados-pero-solo-sufrieron-heridas-leves\/#article\",\"isPartOf\":{\"@id\":\"https:\/\/apuntesdesanluis.com\/index.php\/2024\/12\/03\/mendoza-cayo-un-helicoptero-con-cinco-soldados-pero-solo-sufrieron-heridas-leves\/\"},\"author\":{\"name\":\"apuntesdesanluis.com\",\"@id\":\"https:\/\/apuntesdesanluis.com\/#\/schema\/person\/b55151d52296fcce64d1a72538a70b90\"},\"headline\":\"MENDOZA: CAY\u00d3 UN HELIC\u00d3PTERO CON CINCO SOLDADOS, PERO SOLO SUFRIERON HERIDAS LEVES\",\"datePublished\":\"2024-12-03T23:44:07+00:00\",\"dateModified\":\"2024-12-03T23:45:05+00:00\",\"mainEntityOfPage\":{\"@id\":\"https:\/\/apuntesdesanluis.com\/index.php\/2024\/12\/03\/mendoza-cayo-un-helicoptero-con-cinco-soldados-pero-solo-sufrieron-heridas-leves\/\"},\"wordCount\":379,\"publisher\":{\"@id\":\"https:\/\/apuntesdesanluis.com\/#\/schema\/person\/b55151d52296fcce64d1a72538a70b90\"},\"image\":{\"@id\":\"https:\/\/apuntesdesanluis.com\/index.php\/2024\/12\/03\/mendoza-cayo-un-helicoptero-con-cinco-soldados-pero-solo-sufrieron-heridas-leves\/#primaryimage\"},\"thumbnailUrl\":\"https:\/\/apuntesdesanluis.com\/wp-content\/uploads\/2024\/12\/helicoptero.png\",\"articleSection\":[\"Nacionales\/Internacionales\"],\"inLanguage\":\"es-AR\"},{\"@type\":\"WebPage\",\"@id\":\"https:\/\/apuntesdesanluis.com\/index.php\/2024\/12\/03\/mendoza-cayo-un-helicoptero-con-cinco-soldados-pero-solo-sufrieron-heridas-leves\/\",\"url\":\"https:\/\/apuntesdesanluis.com\/index.php\/2024\/12\/03\/mendoza-cayo-un-helicoptero-con-cinco-soldados-pero-solo-sufrieron-heridas-leves\/\",\"name\":\"MENDOZA: CAY\u00d3 UN HELIC\u00d3PTERO CON CINCO SOLDADOS, PERO SOLO SUFRIERON HERIDAS LEVES - Apuntes de San Luis\",\"isPartOf\":{\"@id\":\"https:\/\/apuntesdesanluis.com\/#website\"},\"primaryImageOfPage\":{\"@id\":\"https:\/\/apuntesdesanluis.com\/index.php\/2024\/12\/03\/mendoza-cayo-un-helicoptero-con-cinco-soldados-pero-solo-sufrieron-heridas-leves\/#primaryimage\"},\"image\":{\"@id\":\"https:\/\/apuntesdesanluis.com\/index.php\/2024\/12\/03\/mendoza-cayo-un-helicoptero-con-cinco-soldados-pero-solo-sufrieron-heridas-leves\/#primaryimage\"},\"thumbnailUrl\":\"https:\/\/apuntesdesanluis.com\/wp-content\/uploads\/2024\/12\/helicoptero.png\",\"datePublished\":\"2024-12-03T23:44:07+00:00\",\"dateModified\":\"2024-12-03T23:45:05+00:00\",\"breadcrumb\":{\"@id\":\"https:\/\/apuntesdesanluis.com\/index.php\/2024\/12\/03\/mendoza-cayo-un-helicoptero-con-cinco-soldados-pero-solo-sufrieron-heridas-leves\/#breadcrumb\"},\"inLanguage\":\"es-AR\",\"potentialAction\":[{\"@type\":\"ReadAction\",\"target\":[\"https:\/\/apuntesdesanluis.com\/index.php\/2024\/12\/03\/mendoza-cayo-un-helicoptero-con-cinco-soldados-pero-solo-sufrieron-heridas-leves\/\"]}]},{\"@type\":\"ImageObject\",\"inLanguage\":\"es-AR\",\"@id\":\"https:\/\/apuntesdesanluis.com\/index.php\/2024\/12\/03\/mendoza-cayo-un-helicoptero-con-cinco-soldados-pero-solo-sufrieron-heridas-leves\/#primaryimage\",\"url\":\"https:\/\/apuntesdesanluis.com\/wp-content\/uploads\/2024\/12\/helicoptero.png\",\"contentUrl\":\"https:\/\/apuntesdesanluis.com\/wp-content\/uploads\/2024\/12\/helicoptero.png\",\"width\":677,\"height\":413},{\"@type\":\"BreadcrumbList\",\"@id\":\"https:\/\/apuntesdesanluis.com\/index.php\/2024\/12\/03\/mendoza-cayo-un-helicoptero-con-cinco-soldados-pero-solo-sufrieron-heridas-leves\/#breadcrumb\",\"itemListElement\":[{\"@type\":\"ListItem\",\"position\":1,\"name\":\"Inicio\",\"item\":\"https:\/\/apuntesdesanluis.com\/\"},{\"@type\":\"ListItem\",\"position\":2,\"name\":\"MENDOZA: CAY\u00d3 UN HELIC\u00d3PTERO CON CINCO SOLDADOS, PERO SOLO SUFRIERON HERIDAS LEVES\"}]},{\"@type\":\"WebSite\",\"@id\":\"https:\/\/apuntesdesanluis.com\/#website\",\"url\":\"https:\/\/apuntesdesanluis.com\/\",\"name\":\"Apuntes de San Luis\",\"description\":\"\",\"publisher\":{\"@id\":\"https:\/\/apuntesdesanluis.com\/#\/schema\/person\/b55151d52296fcce64d1a72538a70b90\"},\"potentialAction\":[{\"@type\":\"SearchAction\",\"target\":{\"@type\":\"EntryPoint\",\"urlTemplate\":\"https:\/\/apuntesdesanluis.com\/?s={search_term_string}\"},\"query-input\":{\"@type\":\"PropertyValueSpecification\",\"valueRequired\":true,\"valueName\":\"search_term_string\"}}],\"inLanguage\":\"es-AR\"},{\"@type\":[\"Person\",\"Organization\"],\"@id\":\"https:\/\/apuntesdesanluis.com\/#\/schema\/person\/b55151d52296fcce64d1a72538a70b90\",\"name\":\"apuntesdesanluis.com\",\"image\":{\"@type\":\"ImageObject\",\"inLanguage\":\"es-AR\",\"@id\":\"https:\/\/apuntesdesanluis.com\/#\/schema\/person\/image\/\",\"url\":\"https:\/\/apuntesdesanluis.com\/wp-content\/uploads\/2023\/07\/cropped-apuntesdesanluis.png\",\"contentUrl\":\"https:\/\/apuntesdesanluis.com\/wp-content\/uploads\/2023\/07\/cropped-apuntesdesanluis.png\",\"width\":450,\"height\":112,\"caption\":\"apuntesdesanluis.com\"},\"logo\":{\"@id\":\"https:\/\/apuntesdesanluis.com\/#\/schema\/person\/image\/\"},\"sameAs\":[\"https:\/\/apuntesdesanluis.com\"],\"url\":\"https:\/\/apuntesdesanluis.com\/index.php\/author\/apuntesdesanluis-com\/\"}]}<\/script>\n<!-- \/ Yoast SEO plugin. -->","yoast_head_json":{"title":"MENDOZA: CAY\u00d3 UN HELIC\u00d3PTERO CON CINCO SOLDADOS, PERO SOLO SUFRIERON HERIDAS LEVES - Apuntes de San Luis","robots":{"index":"index","follow":"follow","max-snippet":"max-snippet:-1","max-image-preview":"max-image-preview:large","max-video-preview":"max-video-preview:-1"},"canonical":"https:\/\/apuntesdesanluis.com\/index.php\/2024\/12\/03\/mendoza-cayo-un-helicoptero-con-cinco-soldados-pero-solo-sufrieron-heridas-leves\/","og_locale":"es_ES","og_type":"article","og_title":"MENDOZA: CAY\u00d3 UN HELIC\u00d3PTERO CON CINCO SOLDADOS, PERO SOLO SUFRIERON HERIDAS LEVES - Apuntes de San Luis","og_description":"Un helic\u00f3ptero del Ej\u00e9rcito Argentino cay\u00f3 esta tarde en Campo de los Andes, en la...","og_url":"https:\/\/apuntesdesanluis.com\/index.php\/2024\/12\/03\/mendoza-cayo-un-helicoptero-con-cinco-soldados-pero-solo-sufrieron-heridas-leves\/","og_site_name":"Apuntes de San Luis","article_published_time":"2024-12-03T23:44:07+00:00","article_modified_time":"2024-12-03T23:45:05+00:00","og_image":[{"width":677,"height":413,"url":"https:\/\/apuntesdesanluis.com\/wp-content\/uploads\/2024\/12\/helicoptero.png","type":"image\/png"}],"author":"apuntesdesanluis.com","twitter_card":"summary_large_image","twitter_misc":{"Escrito por":"apuntesdesanluis.com","Tiempo de lectura":"2 minutos"},"schema":{"@context":"https:\/\/schema.org","@graph":[{"@type":"Article","@id":"https:\/\/apuntesdesanluis.com\/index.php\/2024\/12\/03\/mendoza-cayo-un-helicoptero-con-cinco-soldados-pero-solo-sufrieron-heridas-leves\/#article","isPartOf":{"@id":"https:\/\/apuntesdesanluis.com\/index.php\/2024\/12\/03\/mendoza-cayo-un-helicoptero-con-cinco-soldados-pero-solo-sufrieron-heridas-leves\/"},"author":{"name":"apuntesdesanluis.com","@id":"https:\/\/apuntesdesanluis.com\/#\/schema\/person\/b55151d52296fcce64d1a72538a70b90"},"headline":"MENDOZA: CAY\u00d3 UN HELIC\u00d3PTERO CON CINCO SOLDADOS, PERO SOLO SUFRIERON HERIDAS LEVES","datePublished":"2024-12-03T23:44:07+00:00","dateModified":"2024-12-03T23:45:05+00:00","mainEntityOfPage":{"@id":"https:\/\/apuntesdesanluis.com\/index.php\/2024\/12\/03\/mendoza-cayo-un-helicoptero-con-cinco-soldados-pero-solo-sufrieron-heridas-leves\/"},"wordCount":379,"publisher":{"@id":"https:\/\/apuntesdesanluis.com\/#\/schema\/person\/b55151d52296fcce64d1a72538a70b90"},"image":{"@id":"https:\/\/apuntesdesanluis.com\/index.php\/2024\/12\/03\/mendoza-cayo-un-helicoptero-con-cinco-soldados-pero-solo-sufrieron-heridas-leves\/#primaryimage"},"thumbnailUrl":"https:\/\/apuntesdesanluis.com\/wp-content\/uploads\/2024\/12\/helicoptero.png","articleSection":["Nacionales\/Internacionales"],"inLanguage":"es-AR"},{"@type":"WebPage","@id":"https:\/\/apuntesdesanluis.com\/index.php\/2024\/12\/03\/mendoza-cayo-un-helicoptero-con-cinco-soldados-pero-solo-sufrieron-heridas-leves\/","url":"https:\/\/apuntesdesanluis.com\/index.php\/2024\/12\/03\/mendoza-cayo-un-helicoptero-con-cinco-soldados-pero-solo-sufrieron-heridas-leves\/","name":"MENDOZA: CAY\u00d3 UN HELIC\u00d3PTERO CON CINCO SOLDADOS, PERO SOLO SUFRIERON HERIDAS LEVES - Apuntes de San Luis","isPartOf":{"@id":"https:\/\/apuntesdesanluis.com\/#website"},"primaryImageOfPage":{"@id":"https:\/\/apuntesdesanluis.com\/index.php\/2024\/12\/03\/mendoza-cayo-un-helicoptero-con-cinco-soldados-pero-solo-sufrieron-heridas-leves\/#primaryimage"},"image":{"@id":"https:\/\/apuntesdesanluis.com\/index.php\/2024\/12\/03\/mendoza-cayo-un-helicoptero-con-cinco-soldados-pero-solo-sufrieron-heridas-leves\/#primaryimage"},"thumbnailUrl":"https:\/\/apuntesdesanluis.com\/wp-content\/uploads\/2024\/12\/helicoptero.png","datePublished":"2024-12-03T23:44:07+00:00","dateModified":"2024-12-03T23:45:05+00:00","breadcrumb":{"@id":"https:\/\/apuntesdesanluis.com\/index.php\/2024\/12\/03\/mendoza-cayo-un-helicoptero-con-cinco-soldados-pero-solo-sufrieron-heridas-leves\/#breadcrumb"},"inLanguage":"es-AR","potentialAction":[{"@type":"ReadAction","target":["https:\/\/apuntesdesanluis.com\/index.php\/2024\/12\/03\/mendoza-cayo-un-helicoptero-con-cinco-soldados-pero-solo-sufrieron-heridas-leves\/"]}]},{"@type":"ImageObject","inLanguage":"es-AR","@id":"https:\/\/apuntesdesanluis.com\/index.php\/2024\/12\/03\/mendoza-cayo-un-helicoptero-con-cinco-soldados-pero-solo-sufrieron-heridas-leves\/#primaryimage","url":"https:\/\/apuntesdesanluis.com\/wp-content\/uploads\/2024\/12\/helicoptero.png","contentUrl":"https:\/\/apuntesdesanluis.com\/wp-content\/uploads\/2024\/12\/helicoptero.png","width":677,"height":413},{"@type":"BreadcrumbList","@id":"https:\/\/apuntesdesanluis.com\/index.php\/2024\/12\/03\/mendoza-cayo-un-helicoptero-con-cinco-soldados-pero-solo-sufrieron-heridas-leves\/#breadcrumb","itemListElement":[{"@type":"ListItem","position":1,"name":"Inicio","item":"https:\/\/apuntesdesanluis.com\/"},{"@type":"ListItem","position":2,"name":"MENDOZA: CAY\u00d3 UN HELIC\u00d3PTERO CON CINCO SOLDADOS, PERO SOLO SUFRIERON HERIDAS LEVES"}]},{"@type":"WebSite","@id":"https:\/\/apuntesdesanluis.com\/#website","url":"https:\/\/apuntesdesanluis.com\/","name":"Apuntes de San Luis","description":"","publisher":{"@id":"https:\/\/apuntesdesanluis.com\/#\/schema\/person\/b55151d52296fcce64d1a72538a70b90"},"potentialAction":[{"@type":"SearchAction","target":{"@type":"EntryPoint","urlTemplate":"https:\/\/apuntesdesanluis.com\/?s={search_term_string}"},"query-input":{"@type":"PropertyValueSpecification","valueRequired":true,"valueName":"search_term_string"}}],"inLanguage":"es-AR"},{"@type":["Person","Organization"],"@id":"https:\/\/apuntesdesanluis.com\/#\/schema\/person\/b55151d52296fcce64d1a72538a70b90","name":"apuntesdesanluis.com","image":{"@type":"ImageObject","inLanguage":"es-AR","@id":"https:\/\/apuntesdesanluis.com\/#\/schema\/person\/image\/","url":"https:\/\/apuntesdesanluis.com\/wp-content\/uploads\/2023\/07\/cropped-apuntesdesanluis.png","contentUrl":"https:\/\/apuntesdesanluis.com\/wp-content\/uploads\/2023\/07\/cropped-apuntesdesanluis.png","width":450,"height":112,"caption":"apuntesdesanluis.com"},"logo":{"@id":"https:\/\/apuntesdesanluis.com\/#\/schema\/person\/image\/"},"sameAs":["https:\/\/apuntesdesanluis.com"],"url":"https:\/\/apuntesdesanluis.com\/index.php\/author\/apuntesdesanluis-com\/"}]}},"featured_image_urls":{"full":["https:\/\/apuntesdesanluis.com\/wp-content\/uploads\/2024\/12\/helicoptero.png",677,413,false],"thumbnail":["https:\/\/apuntesdesanluis.com\/wp-content\/uploads\/2024\/12\/helicoptero-150x150.png",150,150,true],"medium":["https:\/\/apuntesdesanluis.com\/wp-content\/uploads\/2024\/12\/helicoptero-300x183.png",300,183,true],"medium_large":["https:\/\/apuntesdesanluis.com\/wp-content\/uploads\/2024\/12\/helicoptero.png",640,390,false],"large":["https:\/\/apuntesdesanluis.com\/wp-content\/uploads\/2024\/12\/helicoptero.png",640,390,false],"1536x1536":["https:\/\/apuntesdesanluis.com\/wp-content\/uploads\/2024\/12\/helicoptero.png",677,413,false],"2048x2048":["https:\/\/apuntesdesanluis.com\/wp-content\/uploads\/2024\/12\/helicoptero.png",677,413,false],"newsever-slider-full":["https:\/\/apuntesdesanluis.com\/wp-content\/uploads\/2024\/12\/helicoptero.png",677,413,false],"newsever-featured":["https:\/\/apuntesdesanluis.com\/wp-content\/uploads\/2024\/12\/helicoptero.png",677,413,false],"newsever-medium":["https:\/\/apuntesdesanluis.com\/wp-content\/uploads\/2024\/12\/helicoptero.png",677,413,false]},"author_info":{"display_name":"apuntesdesanluis.com","author_link":"https:\/\/apuntesdesanluis.com\/index.php\/author\/apuntesdesanluis-com\/"},"category_info":"<a href=\"https:\/\/apuntesdesanluis.com\/index.php\/category\/nacionales-internacionales\/\" rel=\"category tag\">Nacionales\/Internacionales<\/a>","tag_info":"Nacionales\/Internacionales","comment_count":"0","_links":{"self":[{"href":"https:\/\/apuntesdesanluis.com\/index.php\/wp-json\/wp\/v2\/posts\/26162","targetHints":{"allow":["GET"]}}],"collection":[{"href":"https:\/\/apuntesdesanluis.com\/index.php\/wp-json\/wp\/v2\/posts"}],"about":[{"href":"https:\/\/apuntesdesanluis.com\/index.php\/wp-json\/wp\/v2\/types\/post"}],"author":[{"embeddable":true,"href":"https:\/\/apuntesdesanluis.com\/index.php\/wp-json\/wp\/v2\/users\/1"}],"replies":[{"embeddable":true,"href":"https:\/\/apuntesdesanluis.com\/index.php\/wp-json\/wp\/v2\/comments?post=26162"}],"version-history":[{"count":2,"href":"https:\/\/apuntesdesanluis.com\/index.php\/wp-json\/wp\/v2\/posts\/26162\/revisions"}],"predecessor-version":[{"id":26165,"href":"https:\/\/apuntesdesanluis.com\/index.php\/wp-json\/wp\/v2\/posts\/26162\/revisions\/26165"}],"wp:featuredmedia":[{"embeddable":true,"href":"https:\/\/apuntesdesanluis.com\/index.php\/wp-json\/wp\/v2\/media\/26163"}],"wp:attachment":[{"href":"https:\/\/apuntesdesanluis.com\/index.php\/wp-json\/wp\/v2\/media?parent=26162"}],"wp:term":[{"taxonomy":"category","embeddable":true,"href":"https:\/\/apuntesdesanluis.com\/index.php\/wp-json\/wp\/v2\/categories?post=26162"},{"taxonomy":"post_tag","embeddable":true,"href":"https:\/\/apuntesdesanluis.com\/index.php\/wp-json\/wp\/v2\/tags?post=26162"}],"curies":[{"name":"wp","href":"https:\/\/api.w.org\/{rel}","templated":true}]}}