{"id":26177,"date":"2024-12-03T22:00:05","date_gmt":"2024-12-04T01:00:05","guid":{"rendered":"https:\/\/apuntesdesanluis.com\/?p=26177"},"modified":"2024-12-03T22:00:05","modified_gmt":"2024-12-04T01:00:05","slug":"el-lado-oscuro-del-modelo-se-desploma-el-consumo-y-el-salario-minimo-esta-peor-que-en-2001","status":"publish","type":"post","link":"https:\/\/apuntesdesanluis.com\/index.php\/2024\/12\/03\/el-lado-oscuro-del-modelo-se-desploma-el-consumo-y-el-salario-minimo-esta-peor-que-en-2001\/","title":{"rendered":"EL LADO OSCURO DEL MODELO: SE DESPLOMA EL CONSUMO Y EL SALARIO M\u00cdNIMO EST\u00c1 PEOR QUE EN 2001"},"content":{"rendered":"<h3>La primavera financiera que empuja los \u00edndices de aceptaci\u00f3n de Milei tiene un lado oscuro: el consumo sigue hundido. Las grandes empresas de consumo masivo esperan alcanzar el nivel de ventas de los a\u00f1os 2022 y 2023 &#8220;reci\u00e9n dentro de dos o tres a\u00f1os&#8221;, reconoci\u00f3 a LPO un empresario.<\/h3>\n<h3>Un trabajo confirma ese pron\u00f3stico pesimista: Seg\u00fan el \u00faltimo relevamiento de la consultora Scentia, en octubre la ca\u00edda del consumo fue superior al 20% interanual.<\/h3>\n<h3>Todas las categor\u00edas de productos mostraron bajas abruptas. Lo peor se vio en el rubro que esta consultora califica como impulsivos que cay\u00f3 29,1%, seguido por higiene y cosm\u00e9tica 25,8%, bebidas con alcohol 22,3%, bebidas sin alcohol 17,1%, desayunos y meriendas 19,3%, limpieza de ropa y hogar 18,2%, perecederos 17,2% y alimentaci\u00f3n 17,1%.<\/h3>\n<p><img fetchpriority=\"high\" decoding=\"async\" class=\"wp-image-11832 aligncenter\" src=\"https:\/\/apuntesdesanluis.com\/wp-content\/uploads\/2024\/02\/milei-y-caputo-300x167.png\" alt=\"\" width=\"719\" height=\"400\" srcset=\"https:\/\/apuntesdesanluis.com\/wp-content\/uploads\/2024\/02\/milei-y-caputo-300x167.png 300w, https:\/\/apuntesdesanluis.com\/wp-content\/uploads\/2024\/02\/milei-y-caputo.png 679w\" sizes=\"(max-width: 719px) 100vw, 719px\" \/><\/p>\n<h3>Los empresarios reconocen en la intimidad que necesitan que se recupere el poder adquisitivo del salario.\u00a0 Desde la llegada de<strong> Javier Milei<\/strong> al gobierno, es decir, desde fines de 2023 hasta octubre de 2024, el salario m\u00ednimo, vital y m\u00f3vil se redujo un 28,4% en t\u00e9rminos reales. Esto representa una disminuci\u00f3n de casi un tercio respecto al final del a\u00f1o pasado y de alrededor de la mitad si se lo compara con el final de 2015, seg\u00fan el \u00faltimo informe del Centro de Investigaci\u00f3n y Formaci\u00f3n de la Rep\u00fablica Argentina (CIFRA).<\/h3>\n<h3>&#8220;El retroceso hist\u00f3rico es tan grande que el valor real del salario m\u00ednimo ya es inferior al vigente durante la mayor parte de la d\u00e9cada de 1990 y en la crisis final del r\u00e9gimen de Convertibilidad, cuando esa pol\u00edtica se hab\u00eda abandonado como herramienta para determinar pisos salariales e impulsar una menor desigualdad salarial&#8221; se\u00f1ala el informe de CIFRA.<\/h3>\n<h3>El panorama es sombr\u00edo. La comparaci\u00f3n del salario m\u00ednimo con las l\u00edneas de pobreza y de indigencia revela una situaci\u00f3n peor que la del a\u00f1o 2001. &#8220;El salari\u00f3 m\u00ednimo en octubre s\u00f3lo alcanza para adquirir el 54,3% de la canasta b\u00e1sica de alimentos que define la l\u00ednea de indigencia para una familia tipo y poco m\u00e1s de una cuarta parte de la canasta de pobreza&#8221;, agrega el trabajo.<\/h3>\n<h3>Pero no es un proceso que se pueda adjudicar exclusivamente a Milei. CIFRA marca la sistem\u00e1tica p\u00e9rdida del poder adquisitivo desde 2015 a esta parte. &#8220;Si no hubiese tenido lugar la p\u00e9rdida de poder de compra del salario m\u00ednimo sucedida desde fines de 2015 a la fecha, en el pasado mes de octubre este salario hubiera sido superior a 590.000 pesos y hubiese representado m\u00e1s del 143% sobre la canasta b\u00e1sica alimentaria&#8221;, indica el informe.<\/h3>\n<h3>Un proceso que desde que asumi\u00f3 Milei se acentu\u00f3. La ca\u00edda del consumo es tan pronunciada que quedaron fijos en hipermercados los descuentos del 25% sin tope de reintegro, mientras que el sector de comercios mayoristas lanzaron especiales de remate de mercader\u00eda a precio bajo para ver la posibilidad de recortar p\u00e9rdidas.<\/h3>\n<p>&nbsp;<\/p>\n<p>&nbsp;<\/p>\n<p>&nbsp;<\/p>\n<p>&nbsp;<\/p>\n<p>&nbsp;<\/p>\n<p>&nbsp;<\/p>\n","protected":false},"excerpt":{"rendered":"<p>La primavera financiera que empuja los \u00edndices de aceptaci\u00f3n de Milei tiene un lado oscuro:&#8230;<\/p>\n","protected":false},"author":1,"featured_media":26178,"comment_status":"closed","ping_status":"closed","sticky":false,"template":"","format":"standard","meta":{"footnotes":""},"categories":[5],"tags":[],"class_list":["post-26177","post","type-post","status-publish","format-standard","has-post-thumbnail","hentry","category-nacionales-internacionales"],"yoast_head":"<!-- This site is optimized with the Yoast SEO plugin v26.1.1 - https:\/\/yoast.com\/wordpress\/plugins\/seo\/ -->\n<title>EL LADO OSCURO DEL MODELO: SE DESPLOMA EL CONSUMO Y EL SALARIO M\u00cdNIMO EST\u00c1 PEOR QUE EN 2001 - Apuntes de San Luis<\/title>\n<meta name=\"robots\" content=\"index, follow, max-snippet:-1, max-image-preview:large, max-video-preview:-1\" \/>\n<link rel=\"canonical\" href=\"https:\/\/apuntesdesanluis.com\/index.php\/2024\/12\/03\/el-lado-oscuro-del-modelo-se-desploma-el-consumo-y-el-salario-minimo-esta-peor-que-en-2001\/\" \/>\n<meta property=\"og:locale\" content=\"es_ES\" \/>\n<meta property=\"og:type\" content=\"article\" \/>\n<meta property=\"og:title\" content=\"EL LADO OSCURO DEL MODELO: SE DESPLOMA EL CONSUMO Y EL SALARIO M\u00cdNIMO EST\u00c1 PEOR QUE EN 2001 - Apuntes de San Luis\" \/>\n<meta property=\"og:description\" content=\"La primavera financiera que empuja los \u00edndices de aceptaci\u00f3n de Milei tiene un lado oscuro:...\" \/>\n<meta property=\"og:url\" content=\"https:\/\/apuntesdesanluis.com\/index.php\/2024\/12\/03\/el-lado-oscuro-del-modelo-se-desploma-el-consumo-y-el-salario-minimo-esta-peor-que-en-2001\/\" \/>\n<meta property=\"og:site_name\" content=\"Apuntes de San Luis\" \/>\n<meta property=\"article:published_time\" content=\"2024-12-04T01:00:05+00:00\" \/>\n<meta property=\"og:image\" content=\"https:\/\/apuntesdesanluis.com\/wp-content\/uploads\/2024\/12\/CONSUMO-EN-CAIDA-BILLETERA.png\" \/>\n\t<meta property=\"og:image:width\" content=\"699\" \/>\n\t<meta property=\"og:image:height\" content=\"401\" \/>\n\t<meta property=\"og:image:type\" content=\"image\/png\" \/>\n<meta name=\"author\" content=\"apuntesdesanluis.com\" \/>\n<meta name=\"twitter:card\" content=\"summary_large_image\" \/>\n<meta name=\"twitter:label1\" content=\"Escrito por\" \/>\n\t<meta name=\"twitter:data1\" content=\"apuntesdesanluis.com\" \/>\n\t<meta name=\"twitter:label2\" content=\"Tiempo de lectura\" \/>\n\t<meta name=\"twitter:data2\" content=\"3 minutos\" \/>\n<script type=\"application\/ld+json\" class=\"yoast-schema-graph\">{\"@context\":\"https:\/\/schema.org\",\"@graph\":[{\"@type\":\"Article\",\"@id\":\"https:\/\/apuntesdesanluis.com\/index.php\/2024\/12\/03\/el-lado-oscuro-del-modelo-se-desploma-el-consumo-y-el-salario-minimo-esta-peor-que-en-2001\/#article\",\"isPartOf\":{\"@id\":\"https:\/\/apuntesdesanluis.com\/index.php\/2024\/12\/03\/el-lado-oscuro-del-modelo-se-desploma-el-consumo-y-el-salario-minimo-esta-peor-que-en-2001\/\"},\"author\":{\"name\":\"apuntesdesanluis.com\",\"@id\":\"https:\/\/apuntesdesanluis.com\/#\/schema\/person\/b55151d52296fcce64d1a72538a70b90\"},\"headline\":\"EL LADO OSCURO DEL MODELO: SE DESPLOMA EL CONSUMO Y EL SALARIO M\u00cdNIMO EST\u00c1 PEOR QUE EN 2001\",\"datePublished\":\"2024-12-04T01:00:05+00:00\",\"mainEntityOfPage\":{\"@id\":\"https:\/\/apuntesdesanluis.com\/index.php\/2024\/12\/03\/el-lado-oscuro-del-modelo-se-desploma-el-consumo-y-el-salario-minimo-esta-peor-que-en-2001\/\"},\"wordCount\":519,\"publisher\":{\"@id\":\"https:\/\/apuntesdesanluis.com\/#\/schema\/person\/b55151d52296fcce64d1a72538a70b90\"},\"image\":{\"@id\":\"https:\/\/apuntesdesanluis.com\/index.php\/2024\/12\/03\/el-lado-oscuro-del-modelo-se-desploma-el-consumo-y-el-salario-minimo-esta-peor-que-en-2001\/#primaryimage\"},\"thumbnailUrl\":\"https:\/\/apuntesdesanluis.com\/wp-content\/uploads\/2024\/12\/CONSUMO-EN-CAIDA-BILLETERA.png\",\"articleSection\":[\"Nacionales\/Internacionales\"],\"inLanguage\":\"es-AR\"},{\"@type\":\"WebPage\",\"@id\":\"https:\/\/apuntesdesanluis.com\/index.php\/2024\/12\/03\/el-lado-oscuro-del-modelo-se-desploma-el-consumo-y-el-salario-minimo-esta-peor-que-en-2001\/\",\"url\":\"https:\/\/apuntesdesanluis.com\/index.php\/2024\/12\/03\/el-lado-oscuro-del-modelo-se-desploma-el-consumo-y-el-salario-minimo-esta-peor-que-en-2001\/\",\"name\":\"EL LADO OSCURO DEL MODELO: SE DESPLOMA EL CONSUMO Y EL SALARIO M\u00cdNIMO EST\u00c1 PEOR QUE EN 2001 - Apuntes de San Luis\",\"isPartOf\":{\"@id\":\"https:\/\/apuntesdesanluis.com\/#website\"},\"primaryImageOfPage\":{\"@id\":\"https:\/\/apuntesdesanluis.com\/index.php\/2024\/12\/03\/el-lado-oscuro-del-modelo-se-desploma-el-consumo-y-el-salario-minimo-esta-peor-que-en-2001\/#primaryimage\"},\"image\":{\"@id\":\"https:\/\/apuntesdesanluis.com\/index.php\/2024\/12\/03\/el-lado-oscuro-del-modelo-se-desploma-el-consumo-y-el-salario-minimo-esta-peor-que-en-2001\/#primaryimage\"},\"thumbnailUrl\":\"https:\/\/apuntesdesanluis.com\/wp-content\/uploads\/2024\/12\/CONSUMO-EN-CAIDA-BILLETERA.png\",\"datePublished\":\"2024-12-04T01:00:05+00:00\",\"breadcrumb\":{\"@id\":\"https:\/\/apuntesdesanluis.com\/index.php\/2024\/12\/03\/el-lado-oscuro-del-modelo-se-desploma-el-consumo-y-el-salario-minimo-esta-peor-que-en-2001\/#breadcrumb\"},\"inLanguage\":\"es-AR\",\"potentialAction\":[{\"@type\":\"ReadAction\",\"target\":[\"https:\/\/apuntesdesanluis.com\/index.php\/2024\/12\/03\/el-lado-oscuro-del-modelo-se-desploma-el-consumo-y-el-salario-minimo-esta-peor-que-en-2001\/\"]}]},{\"@type\":\"ImageObject\",\"inLanguage\":\"es-AR\",\"@id\":\"https:\/\/apuntesdesanluis.com\/index.php\/2024\/12\/03\/el-lado-oscuro-del-modelo-se-desploma-el-consumo-y-el-salario-minimo-esta-peor-que-en-2001\/#primaryimage\",\"url\":\"https:\/\/apuntesdesanluis.com\/wp-content\/uploads\/2024\/12\/CONSUMO-EN-CAIDA-BILLETERA.png\",\"contentUrl\":\"https:\/\/apuntesdesanluis.com\/wp-content\/uploads\/2024\/12\/CONSUMO-EN-CAIDA-BILLETERA.png\",\"width\":699,\"height\":401},{\"@type\":\"BreadcrumbList\",\"@id\":\"https:\/\/apuntesdesanluis.com\/index.php\/2024\/12\/03\/el-lado-oscuro-del-modelo-se-desploma-el-consumo-y-el-salario-minimo-esta-peor-que-en-2001\/#breadcrumb\",\"itemListElement\":[{\"@type\":\"ListItem\",\"position\":1,\"name\":\"Inicio\",\"item\":\"https:\/\/apuntesdesanluis.com\/\"},{\"@type\":\"ListItem\",\"position\":2,\"name\":\"EL LADO OSCURO DEL MODELO: SE DESPLOMA EL CONSUMO Y EL SALARIO M\u00cdNIMO EST\u00c1 PEOR QUE EN 2001\"}]},{\"@type\":\"WebSite\",\"@id\":\"https:\/\/apuntesdesanluis.com\/#website\",\"url\":\"https:\/\/apuntesdesanluis.com\/\",\"name\":\"Apuntes de San Luis\",\"description\":\"\",\"publisher\":{\"@id\":\"https:\/\/apuntesdesanluis.com\/#\/schema\/person\/b55151d52296fcce64d1a72538a70b90\"},\"potentialAction\":[{\"@type\":\"SearchAction\",\"target\":{\"@type\":\"EntryPoint\",\"urlTemplate\":\"https:\/\/apuntesdesanluis.com\/?s={search_term_string}\"},\"query-input\":{\"@type\":\"PropertyValueSpecification\",\"valueRequired\":true,\"valueName\":\"search_term_string\"}}],\"inLanguage\":\"es-AR\"},{\"@type\":[\"Person\",\"Organization\"],\"@id\":\"https:\/\/apuntesdesanluis.com\/#\/schema\/person\/b55151d52296fcce64d1a72538a70b90\",\"name\":\"apuntesdesanluis.com\",\"image\":{\"@type\":\"ImageObject\",\"inLanguage\":\"es-AR\",\"@id\":\"https:\/\/apuntesdesanluis.com\/#\/schema\/person\/image\/\",\"url\":\"https:\/\/apuntesdesanluis.com\/wp-content\/uploads\/2023\/07\/cropped-apuntesdesanluis.png\",\"contentUrl\":\"https:\/\/apuntesdesanluis.com\/wp-content\/uploads\/2023\/07\/cropped-apuntesdesanluis.png\",\"width\":450,\"height\":112,\"caption\":\"apuntesdesanluis.com\"},\"logo\":{\"@id\":\"https:\/\/apuntesdesanluis.com\/#\/schema\/person\/image\/\"},\"sameAs\":[\"https:\/\/apuntesdesanluis.com\"],\"url\":\"https:\/\/apuntesdesanluis.com\/index.php\/author\/apuntesdesanluis-com\/\"}]}<\/script>\n<!-- \/ Yoast SEO plugin. -->","yoast_head_json":{"title":"EL LADO OSCURO DEL MODELO: SE DESPLOMA EL CONSUMO Y EL SALARIO M\u00cdNIMO EST\u00c1 PEOR QUE EN 2001 - Apuntes de San Luis","robots":{"index":"index","follow":"follow","max-snippet":"max-snippet:-1","max-image-preview":"max-image-preview:large","max-video-preview":"max-video-preview:-1"},"canonical":"https:\/\/apuntesdesanluis.com\/index.php\/2024\/12\/03\/el-lado-oscuro-del-modelo-se-desploma-el-consumo-y-el-salario-minimo-esta-peor-que-en-2001\/","og_locale":"es_ES","og_type":"article","og_title":"EL LADO OSCURO DEL MODELO: SE DESPLOMA EL CONSUMO Y EL SALARIO M\u00cdNIMO EST\u00c1 PEOR QUE EN 2001 - Apuntes de San Luis","og_description":"La primavera financiera que empuja los \u00edndices de aceptaci\u00f3n de Milei tiene un lado oscuro:...","og_url":"https:\/\/apuntesdesanluis.com\/index.php\/2024\/12\/03\/el-lado-oscuro-del-modelo-se-desploma-el-consumo-y-el-salario-minimo-esta-peor-que-en-2001\/","og_site_name":"Apuntes de San Luis","article_published_time":"2024-12-04T01:00:05+00:00","og_image":[{"width":699,"height":401,"url":"https:\/\/apuntesdesanluis.com\/wp-content\/uploads\/2024\/12\/CONSUMO-EN-CAIDA-BILLETERA.png","type":"image\/png"}],"author":"apuntesdesanluis.com","twitter_card":"summary_large_image","twitter_misc":{"Escrito por":"apuntesdesanluis.com","Tiempo de lectura":"3 minutos"},"schema":{"@context":"https:\/\/schema.org","@graph":[{"@type":"Article","@id":"https:\/\/apuntesdesanluis.com\/index.php\/2024\/12\/03\/el-lado-oscuro-del-modelo-se-desploma-el-consumo-y-el-salario-minimo-esta-peor-que-en-2001\/#article","isPartOf":{"@id":"https:\/\/apuntesdesanluis.com\/index.php\/2024\/12\/03\/el-lado-oscuro-del-modelo-se-desploma-el-consumo-y-el-salario-minimo-esta-peor-que-en-2001\/"},"author":{"name":"apuntesdesanluis.com","@id":"https:\/\/apuntesdesanluis.com\/#\/schema\/person\/b55151d52296fcce64d1a72538a70b90"},"headline":"EL LADO OSCURO DEL MODELO: SE DESPLOMA EL CONSUMO Y EL SALARIO M\u00cdNIMO EST\u00c1 PEOR QUE EN 2001","datePublished":"2024-12-04T01:00:05+00:00","mainEntityOfPage":{"@id":"https:\/\/apuntesdesanluis.com\/index.php\/2024\/12\/03\/el-lado-oscuro-del-modelo-se-desploma-el-consumo-y-el-salario-minimo-esta-peor-que-en-2001\/"},"wordCount":519,"publisher":{"@id":"https:\/\/apuntesdesanluis.com\/#\/schema\/person\/b55151d52296fcce64d1a72538a70b90"},"image":{"@id":"https:\/\/apuntesdesanluis.com\/index.php\/2024\/12\/03\/el-lado-oscuro-del-modelo-se-desploma-el-consumo-y-el-salario-minimo-esta-peor-que-en-2001\/#primaryimage"},"thumbnailUrl":"https:\/\/apuntesdesanluis.com\/wp-content\/uploads\/2024\/12\/CONSUMO-EN-CAIDA-BILLETERA.png","articleSection":["Nacionales\/Internacionales"],"inLanguage":"es-AR"},{"@type":"WebPage","@id":"https:\/\/apuntesdesanluis.com\/index.php\/2024\/12\/03\/el-lado-oscuro-del-modelo-se-desploma-el-consumo-y-el-salario-minimo-esta-peor-que-en-2001\/","url":"https:\/\/apuntesdesanluis.com\/index.php\/2024\/12\/03\/el-lado-oscuro-del-modelo-se-desploma-el-consumo-y-el-salario-minimo-esta-peor-que-en-2001\/","name":"EL LADO OSCURO DEL MODELO: SE DESPLOMA EL CONSUMO Y EL SALARIO M\u00cdNIMO EST\u00c1 PEOR QUE EN 2001 - Apuntes de San Luis","isPartOf":{"@id":"https:\/\/apuntesdesanluis.com\/#website"},"primaryImageOfPage":{"@id":"https:\/\/apuntesdesanluis.com\/index.php\/2024\/12\/03\/el-lado-oscuro-del-modelo-se-desploma-el-consumo-y-el-salario-minimo-esta-peor-que-en-2001\/#primaryimage"},"image":{"@id":"https:\/\/apuntesdesanluis.com\/index.php\/2024\/12\/03\/el-lado-oscuro-del-modelo-se-desploma-el-consumo-y-el-salario-minimo-esta-peor-que-en-2001\/#primaryimage"},"thumbnailUrl":"https:\/\/apuntesdesanluis.com\/wp-content\/uploads\/2024\/12\/CONSUMO-EN-CAIDA-BILLETERA.png","datePublished":"2024-12-04T01:00:05+00:00","breadcrumb":{"@id":"https:\/\/apuntesdesanluis.com\/index.php\/2024\/12\/03\/el-lado-oscuro-del-modelo-se-desploma-el-consumo-y-el-salario-minimo-esta-peor-que-en-2001\/#breadcrumb"},"inLanguage":"es-AR","potentialAction":[{"@type":"ReadAction","target":["https:\/\/apuntesdesanluis.com\/index.php\/2024\/12\/03\/el-lado-oscuro-del-modelo-se-desploma-el-consumo-y-el-salario-minimo-esta-peor-que-en-2001\/"]}]},{"@type":"ImageObject","inLanguage":"es-AR","@id":"https:\/\/apuntesdesanluis.com\/index.php\/2024\/12\/03\/el-lado-oscuro-del-modelo-se-desploma-el-consumo-y-el-salario-minimo-esta-peor-que-en-2001\/#primaryimage","url":"https:\/\/apuntesdesanluis.com\/wp-content\/uploads\/2024\/12\/CONSUMO-EN-CAIDA-BILLETERA.png","contentUrl":"https:\/\/apuntesdesanluis.com\/wp-content\/uploads\/2024\/12\/CONSUMO-EN-CAIDA-BILLETERA.png","width":699,"height":401},{"@type":"BreadcrumbList","@id":"https:\/\/apuntesdesanluis.com\/index.php\/2024\/12\/03\/el-lado-oscuro-del-modelo-se-desploma-el-consumo-y-el-salario-minimo-esta-peor-que-en-2001\/#breadcrumb","itemListElement":[{"@type":"ListItem","position":1,"name":"Inicio","item":"https:\/\/apuntesdesanluis.com\/"},{"@type":"ListItem","position":2,"name":"EL LADO OSCURO DEL MODELO: SE DESPLOMA EL CONSUMO Y EL SALARIO M\u00cdNIMO EST\u00c1 PEOR QUE EN 2001"}]},{"@type":"WebSite","@id":"https:\/\/apuntesdesanluis.com\/#website","url":"https:\/\/apuntesdesanluis.com\/","name":"Apuntes de San Luis","description":"","publisher":{"@id":"https:\/\/apuntesdesanluis.com\/#\/schema\/person\/b55151d52296fcce64d1a72538a70b90"},"potentialAction":[{"@type":"SearchAction","target":{"@type":"EntryPoint","urlTemplate":"https:\/\/apuntesdesanluis.com\/?s={search_term_string}"},"query-input":{"@type":"PropertyValueSpecification","valueRequired":true,"valueName":"search_term_string"}}],"inLanguage":"es-AR"},{"@type":["Person","Organization"],"@id":"https:\/\/apuntesdesanluis.com\/#\/schema\/person\/b55151d52296fcce64d1a72538a70b90","name":"apuntesdesanluis.com","image":{"@type":"ImageObject","inLanguage":"es-AR","@id":"https:\/\/apuntesdesanluis.com\/#\/schema\/person\/image\/","url":"https:\/\/apuntesdesanluis.com\/wp-content\/uploads\/2023\/07\/cropped-apuntesdesanluis.png","contentUrl":"https:\/\/apuntesdesanluis.com\/wp-content\/uploads\/2023\/07\/cropped-apuntesdesanluis.png","width":450,"height":112,"caption":"apuntesdesanluis.com"},"logo":{"@id":"https:\/\/apuntesdesanluis.com\/#\/schema\/person\/image\/"},"sameAs":["https:\/\/apuntesdesanluis.com"],"url":"https:\/\/apuntesdesanluis.com\/index.php\/author\/apuntesdesanluis-com\/"}]}},"featured_image_urls":{"full":["https:\/\/apuntesdesanluis.com\/wp-content\/uploads\/2024\/12\/CONSUMO-EN-CAIDA-BILLETERA.png",699,401,false],"thumbnail":["https:\/\/apuntesdesanluis.com\/wp-content\/uploads\/2024\/12\/CONSUMO-EN-CAIDA-BILLETERA-150x150.png",150,150,true],"medium":["https:\/\/apuntesdesanluis.com\/wp-content\/uploads\/2024\/12\/CONSUMO-EN-CAIDA-BILLETERA-300x172.png",300,172,true],"medium_large":["https:\/\/apuntesdesanluis.com\/wp-content\/uploads\/2024\/12\/CONSUMO-EN-CAIDA-BILLETERA.png",640,367,false],"large":["https:\/\/apuntesdesanluis.com\/wp-content\/uploads\/2024\/12\/CONSUMO-EN-CAIDA-BILLETERA.png",640,367,false],"1536x1536":["https:\/\/apuntesdesanluis.com\/wp-content\/uploads\/2024\/12\/CONSUMO-EN-CAIDA-BILLETERA.png",699,401,false],"2048x2048":["https:\/\/apuntesdesanluis.com\/wp-content\/uploads\/2024\/12\/CONSUMO-EN-CAIDA-BILLETERA.png",699,401,false],"newsever-slider-full":["https:\/\/apuntesdesanluis.com\/wp-content\/uploads\/2024\/12\/CONSUMO-EN-CAIDA-BILLETERA.png",699,401,false],"newsever-featured":["https:\/\/apuntesdesanluis.com\/wp-content\/uploads\/2024\/12\/CONSUMO-EN-CAIDA-BILLETERA.png",699,401,false],"newsever-medium":["https:\/\/apuntesdesanluis.com\/wp-content\/uploads\/2024\/12\/CONSUMO-EN-CAIDA-BILLETERA.png",699,401,false]},"author_info":{"display_name":"apuntesdesanluis.com","author_link":"https:\/\/apuntesdesanluis.com\/index.php\/author\/apuntesdesanluis-com\/"},"category_info":"<a href=\"https:\/\/apuntesdesanluis.com\/index.php\/category\/nacionales-internacionales\/\" rel=\"category tag\">Nacionales\/Internacionales<\/a>","tag_info":"Nacionales\/Internacionales","comment_count":"0","_links":{"self":[{"href":"https:\/\/apuntesdesanluis.com\/index.php\/wp-json\/wp\/v2\/posts\/26177","targetHints":{"allow":["GET"]}}],"collection":[{"href":"https:\/\/apuntesdesanluis.com\/index.php\/wp-json\/wp\/v2\/posts"}],"about":[{"href":"https:\/\/apuntesdesanluis.com\/index.php\/wp-json\/wp\/v2\/types\/post"}],"author":[{"embeddable":true,"href":"https:\/\/apuntesdesanluis.com\/index.php\/wp-json\/wp\/v2\/users\/1"}],"replies":[{"embeddable":true,"href":"https:\/\/apuntesdesanluis.com\/index.php\/wp-json\/wp\/v2\/comments?post=26177"}],"version-history":[{"count":1,"href":"https:\/\/apuntesdesanluis.com\/index.php\/wp-json\/wp\/v2\/posts\/26177\/revisions"}],"predecessor-version":[{"id":26179,"href":"https:\/\/apuntesdesanluis.com\/index.php\/wp-json\/wp\/v2\/posts\/26177\/revisions\/26179"}],"wp:featuredmedia":[{"embeddable":true,"href":"https:\/\/apuntesdesanluis.com\/index.php\/wp-json\/wp\/v2\/media\/26178"}],"wp:attachment":[{"href":"https:\/\/apuntesdesanluis.com\/index.php\/wp-json\/wp\/v2\/media?parent=26177"}],"wp:term":[{"taxonomy":"category","embeddable":true,"href":"https:\/\/apuntesdesanluis.com\/index.php\/wp-json\/wp\/v2\/categories?post=26177"},{"taxonomy":"post_tag","embeddable":true,"href":"https:\/\/apuntesdesanluis.com\/index.php\/wp-json\/wp\/v2\/tags?post=26177"}],"curies":[{"name":"wp","href":"https:\/\/api.w.org\/{rel}","templated":true}]}}