{"id":26180,"date":"2024-12-03T23:43:47","date_gmt":"2024-12-04T02:43:47","guid":{"rendered":"https:\/\/apuntesdesanluis.com\/?p=26180"},"modified":"2024-12-03T23:47:00","modified_gmt":"2024-12-04T02:47:00","slug":"en-diputados-el-oficialismo-presento-su-bloque-ampliado-y-ratificara-autoridades","status":"publish","type":"post","link":"https:\/\/apuntesdesanluis.com\/index.php\/2024\/12\/03\/en-diputados-el-oficialismo-presento-su-bloque-ampliado-y-ratificara-autoridades\/","title":{"rendered":"EN DIPUTADOS, EL OFICIALISMO PRESENT\u00d3 SU BLOQUE \u201cAMPLIADO\u201d Y RATIFICAR\u00c1 AUTORIDADES"},"content":{"rendered":"<h3>Un d\u00eda despu\u00e9s que as\u00ed lo dispusiera el Comit\u00e9 Ejecutivo de la UCR para sus legisladores, el gobierno present\u00f3 este martes su bancada completa de 17 diputados provinciales, con la incorporaci\u00f3n efectiva de los dos diputados del radicalismo, <strong>Ivana Ricca y Ricardo Gim\u00e9nez<\/strong>, que antes actuaban como interbloque.<\/h3>\n<h3>\u201cEl <strong>Bloque Cambia San Luis<\/strong> quedar\u00e1 integrado por los diputados que a continuaci\u00f3n se detallan. Luciana Perano, Marisa Patafio, Mauro Ciatti, Carlos Pereira, Nancy Albornoz, Gabriela Mansilla, Claudia Dassa, Ingrid Blumencweig, Marta Coniglio, Regina Funes, Maia Loredo, Miriam Serra, Claudia D\u00edaz, Ver\u00f3nica Causi, Ricardo Javier Gim\u00e9nez, Ivana Rica y Mar\u00eda Eugenia Gallardo\u00bb se\u00f1ala la nota que se present\u00f3 este martes por la ma\u00f1ana, en cumplimiento del art\u00edculo 43 del Reglamento Interno de la Legislatura.<\/h3>\n<h3>La diputada <strong>Mar\u00eda Eugenia Gallardo<\/strong> ser\u00e1 la presidenta del bloque oficialista y las suplencias de la presidencia quedaron en manos de las diputadas<strong> Ver\u00f3nica<\/strong> <strong>Causi <\/strong>y <strong>Luciana Perano<\/strong>.<\/h3>\n<h3>Por otro lado, para este mi\u00e9rcoles 4 se cit\u00f3 a los legisladores provinciales a Sesi\u00f3n Preparatoria, seg\u00fan lo prescripto por la Constituci\u00f3n Provincial y el Reglamento Interno del Cuerpo, para la elecci\u00f3n de la Mesa Directiva del Cuerpo.<\/h3>\n<h3>Seg\u00fan pudo establecer <strong>Apuntes de San Luis<\/strong>, en la oportunidad se ratificar\u00e1n los principales cargos. Esto es, <strong>Ram\u00f3n Leyes<\/strong> como presidente de la C\u00e1mara de Diputados y las personas que ocupan las secretar\u00edas y prosecretar\u00edas Legislativa y Administrativa.<\/h3>\n<h3>Una versi\u00f3n que circul\u00f3 con insistencia en las \u00faltimas horas indic\u00f3 que el diputado <strong>Federico Berardo<\/strong> podr\u00eda ser el nuevo presidente de la bancada oficialista, algo que se confirmar\u00e1 o no en la sesi\u00f3n de este mi\u00e9rcoles.<\/h3>\n<p>&nbsp;<\/p>\n<p>&nbsp;<\/p>\n<p>&nbsp;<\/p>\n<p>&nbsp;<\/p>\n<p>&nbsp;<\/p>\n<p>&nbsp;<\/p>\n<p>&nbsp;<\/p>\n","protected":false},"excerpt":{"rendered":"<p>Un d\u00eda despu\u00e9s que as\u00ed lo dispusiera el Comit\u00e9 Ejecutivo de la UCR para sus&#8230;<\/p>\n","protected":false},"author":1,"featured_media":21779,"comment_status":"closed","ping_status":"closed","sticky":false,"template":"","format":"standard","meta":{"footnotes":""},"categories":[6],"tags":[],"class_list":["post-26180","post","type-post","status-publish","format-standard","has-post-thumbnail","hentry","category-ciudad-provincia"],"yoast_head":"<!-- This site is optimized with the Yoast SEO plugin v26.1.1 - https:\/\/yoast.com\/wordpress\/plugins\/seo\/ -->\n<title>EN DIPUTADOS, EL OFICIALISMO PRESENT\u00d3 SU BLOQUE \u201cAMPLIADO\u201d Y RATIFICAR\u00c1 AUTORIDADES - Apuntes de San Luis<\/title>\n<meta name=\"robots\" content=\"index, follow, max-snippet:-1, max-image-preview:large, max-video-preview:-1\" \/>\n<link rel=\"canonical\" href=\"https:\/\/apuntesdesanluis.com\/index.php\/2024\/12\/03\/en-diputados-el-oficialismo-presento-su-bloque-ampliado-y-ratificara-autoridades\/\" \/>\n<meta property=\"og:locale\" content=\"es_ES\" \/>\n<meta property=\"og:type\" content=\"article\" \/>\n<meta property=\"og:title\" content=\"EN DIPUTADOS, EL OFICIALISMO PRESENT\u00d3 SU BLOQUE \u201cAMPLIADO\u201d Y RATIFICAR\u00c1 AUTORIDADES - Apuntes de San Luis\" \/>\n<meta property=\"og:description\" content=\"Un d\u00eda despu\u00e9s que as\u00ed lo dispusiera el Comit\u00e9 Ejecutivo de la UCR para sus...\" \/>\n<meta property=\"og:url\" content=\"https:\/\/apuntesdesanluis.com\/index.php\/2024\/12\/03\/en-diputados-el-oficialismo-presento-su-bloque-ampliado-y-ratificara-autoridades\/\" \/>\n<meta property=\"og:site_name\" content=\"Apuntes de San Luis\" \/>\n<meta property=\"article:published_time\" content=\"2024-12-04T02:43:47+00:00\" \/>\n<meta property=\"article:modified_time\" content=\"2024-12-04T02:47:00+00:00\" \/>\n<meta property=\"og:image\" content=\"https:\/\/apuntesdesanluis.com\/wp-content\/uploads\/2024\/09\/diputados-BECA-AL-MERITO.png\" \/>\n\t<meta property=\"og:image:width\" content=\"700\" \/>\n\t<meta property=\"og:image:height\" content=\"368\" \/>\n\t<meta property=\"og:image:type\" content=\"image\/png\" \/>\n<meta name=\"author\" content=\"apuntesdesanluis.com\" \/>\n<meta name=\"twitter:card\" content=\"summary_large_image\" \/>\n<meta name=\"twitter:label1\" content=\"Escrito por\" \/>\n\t<meta name=\"twitter:data1\" content=\"apuntesdesanluis.com\" \/>\n\t<meta name=\"twitter:label2\" content=\"Tiempo de lectura\" \/>\n\t<meta name=\"twitter:data2\" content=\"2 minutos\" \/>\n<script type=\"application\/ld+json\" class=\"yoast-schema-graph\">{\"@context\":\"https:\/\/schema.org\",\"@graph\":[{\"@type\":\"Article\",\"@id\":\"https:\/\/apuntesdesanluis.com\/index.php\/2024\/12\/03\/en-diputados-el-oficialismo-presento-su-bloque-ampliado-y-ratificara-autoridades\/#article\",\"isPartOf\":{\"@id\":\"https:\/\/apuntesdesanluis.com\/index.php\/2024\/12\/03\/en-diputados-el-oficialismo-presento-su-bloque-ampliado-y-ratificara-autoridades\/\"},\"author\":{\"name\":\"apuntesdesanluis.com\",\"@id\":\"https:\/\/apuntesdesanluis.com\/#\/schema\/person\/b55151d52296fcce64d1a72538a70b90\"},\"headline\":\"EN DIPUTADOS, EL OFICIALISMO PRESENT\u00d3 SU BLOQUE \u201cAMPLIADO\u201d Y RATIFICAR\u00c1 AUTORIDADES\",\"datePublished\":\"2024-12-04T02:43:47+00:00\",\"dateModified\":\"2024-12-04T02:47:00+00:00\",\"mainEntityOfPage\":{\"@id\":\"https:\/\/apuntesdesanluis.com\/index.php\/2024\/12\/03\/en-diputados-el-oficialismo-presento-su-bloque-ampliado-y-ratificara-autoridades\/\"},\"wordCount\":307,\"publisher\":{\"@id\":\"https:\/\/apuntesdesanluis.com\/#\/schema\/person\/b55151d52296fcce64d1a72538a70b90\"},\"image\":{\"@id\":\"https:\/\/apuntesdesanluis.com\/index.php\/2024\/12\/03\/en-diputados-el-oficialismo-presento-su-bloque-ampliado-y-ratificara-autoridades\/#primaryimage\"},\"thumbnailUrl\":\"https:\/\/apuntesdesanluis.com\/wp-content\/uploads\/2024\/09\/diputados-BECA-AL-MERITO.png\",\"articleSection\":[\"Ciudad\/Provincia\"],\"inLanguage\":\"es-AR\"},{\"@type\":\"WebPage\",\"@id\":\"https:\/\/apuntesdesanluis.com\/index.php\/2024\/12\/03\/en-diputados-el-oficialismo-presento-su-bloque-ampliado-y-ratificara-autoridades\/\",\"url\":\"https:\/\/apuntesdesanluis.com\/index.php\/2024\/12\/03\/en-diputados-el-oficialismo-presento-su-bloque-ampliado-y-ratificara-autoridades\/\",\"name\":\"EN DIPUTADOS, EL OFICIALISMO PRESENT\u00d3 SU BLOQUE \u201cAMPLIADO\u201d Y RATIFICAR\u00c1 AUTORIDADES - Apuntes de San Luis\",\"isPartOf\":{\"@id\":\"https:\/\/apuntesdesanluis.com\/#website\"},\"primaryImageOfPage\":{\"@id\":\"https:\/\/apuntesdesanluis.com\/index.php\/2024\/12\/03\/en-diputados-el-oficialismo-presento-su-bloque-ampliado-y-ratificara-autoridades\/#primaryimage\"},\"image\":{\"@id\":\"https:\/\/apuntesdesanluis.com\/index.php\/2024\/12\/03\/en-diputados-el-oficialismo-presento-su-bloque-ampliado-y-ratificara-autoridades\/#primaryimage\"},\"thumbnailUrl\":\"https:\/\/apuntesdesanluis.com\/wp-content\/uploads\/2024\/09\/diputados-BECA-AL-MERITO.png\",\"datePublished\":\"2024-12-04T02:43:47+00:00\",\"dateModified\":\"2024-12-04T02:47:00+00:00\",\"breadcrumb\":{\"@id\":\"https:\/\/apuntesdesanluis.com\/index.php\/2024\/12\/03\/en-diputados-el-oficialismo-presento-su-bloque-ampliado-y-ratificara-autoridades\/#breadcrumb\"},\"inLanguage\":\"es-AR\",\"potentialAction\":[{\"@type\":\"ReadAction\",\"target\":[\"https:\/\/apuntesdesanluis.com\/index.php\/2024\/12\/03\/en-diputados-el-oficialismo-presento-su-bloque-ampliado-y-ratificara-autoridades\/\"]}]},{\"@type\":\"ImageObject\",\"inLanguage\":\"es-AR\",\"@id\":\"https:\/\/apuntesdesanluis.com\/index.php\/2024\/12\/03\/en-diputados-el-oficialismo-presento-su-bloque-ampliado-y-ratificara-autoridades\/#primaryimage\",\"url\":\"https:\/\/apuntesdesanluis.com\/wp-content\/uploads\/2024\/09\/diputados-BECA-AL-MERITO.png\",\"contentUrl\":\"https:\/\/apuntesdesanluis.com\/wp-content\/uploads\/2024\/09\/diputados-BECA-AL-MERITO.png\",\"width\":700,\"height\":368},{\"@type\":\"BreadcrumbList\",\"@id\":\"https:\/\/apuntesdesanluis.com\/index.php\/2024\/12\/03\/en-diputados-el-oficialismo-presento-su-bloque-ampliado-y-ratificara-autoridades\/#breadcrumb\",\"itemListElement\":[{\"@type\":\"ListItem\",\"position\":1,\"name\":\"Inicio\",\"item\":\"https:\/\/apuntesdesanluis.com\/\"},{\"@type\":\"ListItem\",\"position\":2,\"name\":\"EN DIPUTADOS, EL OFICIALISMO PRESENT\u00d3 SU BLOQUE \u201cAMPLIADO\u201d Y RATIFICAR\u00c1 AUTORIDADES\"}]},{\"@type\":\"WebSite\",\"@id\":\"https:\/\/apuntesdesanluis.com\/#website\",\"url\":\"https:\/\/apuntesdesanluis.com\/\",\"name\":\"Apuntes de San Luis\",\"description\":\"\",\"publisher\":{\"@id\":\"https:\/\/apuntesdesanluis.com\/#\/schema\/person\/b55151d52296fcce64d1a72538a70b90\"},\"potentialAction\":[{\"@type\":\"SearchAction\",\"target\":{\"@type\":\"EntryPoint\",\"urlTemplate\":\"https:\/\/apuntesdesanluis.com\/?s={search_term_string}\"},\"query-input\":{\"@type\":\"PropertyValueSpecification\",\"valueRequired\":true,\"valueName\":\"search_term_string\"}}],\"inLanguage\":\"es-AR\"},{\"@type\":[\"Person\",\"Organization\"],\"@id\":\"https:\/\/apuntesdesanluis.com\/#\/schema\/person\/b55151d52296fcce64d1a72538a70b90\",\"name\":\"apuntesdesanluis.com\",\"image\":{\"@type\":\"ImageObject\",\"inLanguage\":\"es-AR\",\"@id\":\"https:\/\/apuntesdesanluis.com\/#\/schema\/person\/image\/\",\"url\":\"https:\/\/apuntesdesanluis.com\/wp-content\/uploads\/2023\/07\/cropped-apuntesdesanluis.png\",\"contentUrl\":\"https:\/\/apuntesdesanluis.com\/wp-content\/uploads\/2023\/07\/cropped-apuntesdesanluis.png\",\"width\":450,\"height\":112,\"caption\":\"apuntesdesanluis.com\"},\"logo\":{\"@id\":\"https:\/\/apuntesdesanluis.com\/#\/schema\/person\/image\/\"},\"sameAs\":[\"https:\/\/apuntesdesanluis.com\"],\"url\":\"https:\/\/apuntesdesanluis.com\/index.php\/author\/apuntesdesanluis-com\/\"}]}<\/script>\n<!-- \/ Yoast SEO plugin. -->","yoast_head_json":{"title":"EN DIPUTADOS, EL OFICIALISMO PRESENT\u00d3 SU BLOQUE \u201cAMPLIADO\u201d Y RATIFICAR\u00c1 AUTORIDADES - Apuntes de San Luis","robots":{"index":"index","follow":"follow","max-snippet":"max-snippet:-1","max-image-preview":"max-image-preview:large","max-video-preview":"max-video-preview:-1"},"canonical":"https:\/\/apuntesdesanluis.com\/index.php\/2024\/12\/03\/en-diputados-el-oficialismo-presento-su-bloque-ampliado-y-ratificara-autoridades\/","og_locale":"es_ES","og_type":"article","og_title":"EN DIPUTADOS, EL OFICIALISMO PRESENT\u00d3 SU BLOQUE \u201cAMPLIADO\u201d Y RATIFICAR\u00c1 AUTORIDADES - Apuntes de San Luis","og_description":"Un d\u00eda despu\u00e9s que as\u00ed lo dispusiera el Comit\u00e9 Ejecutivo de la UCR para sus...","og_url":"https:\/\/apuntesdesanluis.com\/index.php\/2024\/12\/03\/en-diputados-el-oficialismo-presento-su-bloque-ampliado-y-ratificara-autoridades\/","og_site_name":"Apuntes de San Luis","article_published_time":"2024-12-04T02:43:47+00:00","article_modified_time":"2024-12-04T02:47:00+00:00","og_image":[{"width":700,"height":368,"url":"https:\/\/apuntesdesanluis.com\/wp-content\/uploads\/2024\/09\/diputados-BECA-AL-MERITO.png","type":"image\/png"}],"author":"apuntesdesanluis.com","twitter_card":"summary_large_image","twitter_misc":{"Escrito por":"apuntesdesanluis.com","Tiempo de lectura":"2 minutos"},"schema":{"@context":"https:\/\/schema.org","@graph":[{"@type":"Article","@id":"https:\/\/apuntesdesanluis.com\/index.php\/2024\/12\/03\/en-diputados-el-oficialismo-presento-su-bloque-ampliado-y-ratificara-autoridades\/#article","isPartOf":{"@id":"https:\/\/apuntesdesanluis.com\/index.php\/2024\/12\/03\/en-diputados-el-oficialismo-presento-su-bloque-ampliado-y-ratificara-autoridades\/"},"author":{"name":"apuntesdesanluis.com","@id":"https:\/\/apuntesdesanluis.com\/#\/schema\/person\/b55151d52296fcce64d1a72538a70b90"},"headline":"EN DIPUTADOS, EL OFICIALISMO PRESENT\u00d3 SU BLOQUE \u201cAMPLIADO\u201d Y RATIFICAR\u00c1 AUTORIDADES","datePublished":"2024-12-04T02:43:47+00:00","dateModified":"2024-12-04T02:47:00+00:00","mainEntityOfPage":{"@id":"https:\/\/apuntesdesanluis.com\/index.php\/2024\/12\/03\/en-diputados-el-oficialismo-presento-su-bloque-ampliado-y-ratificara-autoridades\/"},"wordCount":307,"publisher":{"@id":"https:\/\/apuntesdesanluis.com\/#\/schema\/person\/b55151d52296fcce64d1a72538a70b90"},"image":{"@id":"https:\/\/apuntesdesanluis.com\/index.php\/2024\/12\/03\/en-diputados-el-oficialismo-presento-su-bloque-ampliado-y-ratificara-autoridades\/#primaryimage"},"thumbnailUrl":"https:\/\/apuntesdesanluis.com\/wp-content\/uploads\/2024\/09\/diputados-BECA-AL-MERITO.png","articleSection":["Ciudad\/Provincia"],"inLanguage":"es-AR"},{"@type":"WebPage","@id":"https:\/\/apuntesdesanluis.com\/index.php\/2024\/12\/03\/en-diputados-el-oficialismo-presento-su-bloque-ampliado-y-ratificara-autoridades\/","url":"https:\/\/apuntesdesanluis.com\/index.php\/2024\/12\/03\/en-diputados-el-oficialismo-presento-su-bloque-ampliado-y-ratificara-autoridades\/","name":"EN DIPUTADOS, EL OFICIALISMO PRESENT\u00d3 SU BLOQUE \u201cAMPLIADO\u201d Y RATIFICAR\u00c1 AUTORIDADES - Apuntes de San Luis","isPartOf":{"@id":"https:\/\/apuntesdesanluis.com\/#website"},"primaryImageOfPage":{"@id":"https:\/\/apuntesdesanluis.com\/index.php\/2024\/12\/03\/en-diputados-el-oficialismo-presento-su-bloque-ampliado-y-ratificara-autoridades\/#primaryimage"},"image":{"@id":"https:\/\/apuntesdesanluis.com\/index.php\/2024\/12\/03\/en-diputados-el-oficialismo-presento-su-bloque-ampliado-y-ratificara-autoridades\/#primaryimage"},"thumbnailUrl":"https:\/\/apuntesdesanluis.com\/wp-content\/uploads\/2024\/09\/diputados-BECA-AL-MERITO.png","datePublished":"2024-12-04T02:43:47+00:00","dateModified":"2024-12-04T02:47:00+00:00","breadcrumb":{"@id":"https:\/\/apuntesdesanluis.com\/index.php\/2024\/12\/03\/en-diputados-el-oficialismo-presento-su-bloque-ampliado-y-ratificara-autoridades\/#breadcrumb"},"inLanguage":"es-AR","potentialAction":[{"@type":"ReadAction","target":["https:\/\/apuntesdesanluis.com\/index.php\/2024\/12\/03\/en-diputados-el-oficialismo-presento-su-bloque-ampliado-y-ratificara-autoridades\/"]}]},{"@type":"ImageObject","inLanguage":"es-AR","@id":"https:\/\/apuntesdesanluis.com\/index.php\/2024\/12\/03\/en-diputados-el-oficialismo-presento-su-bloque-ampliado-y-ratificara-autoridades\/#primaryimage","url":"https:\/\/apuntesdesanluis.com\/wp-content\/uploads\/2024\/09\/diputados-BECA-AL-MERITO.png","contentUrl":"https:\/\/apuntesdesanluis.com\/wp-content\/uploads\/2024\/09\/diputados-BECA-AL-MERITO.png","width":700,"height":368},{"@type":"BreadcrumbList","@id":"https:\/\/apuntesdesanluis.com\/index.php\/2024\/12\/03\/en-diputados-el-oficialismo-presento-su-bloque-ampliado-y-ratificara-autoridades\/#breadcrumb","itemListElement":[{"@type":"ListItem","position":1,"name":"Inicio","item":"https:\/\/apuntesdesanluis.com\/"},{"@type":"ListItem","position":2,"name":"EN DIPUTADOS, EL OFICIALISMO PRESENT\u00d3 SU BLOQUE \u201cAMPLIADO\u201d Y RATIFICAR\u00c1 AUTORIDADES"}]},{"@type":"WebSite","@id":"https:\/\/apuntesdesanluis.com\/#website","url":"https:\/\/apuntesdesanluis.com\/","name":"Apuntes de San Luis","description":"","publisher":{"@id":"https:\/\/apuntesdesanluis.com\/#\/schema\/person\/b55151d52296fcce64d1a72538a70b90"},"potentialAction":[{"@type":"SearchAction","target":{"@type":"EntryPoint","urlTemplate":"https:\/\/apuntesdesanluis.com\/?s={search_term_string}"},"query-input":{"@type":"PropertyValueSpecification","valueRequired":true,"valueName":"search_term_string"}}],"inLanguage":"es-AR"},{"@type":["Person","Organization"],"@id":"https:\/\/apuntesdesanluis.com\/#\/schema\/person\/b55151d52296fcce64d1a72538a70b90","name":"apuntesdesanluis.com","image":{"@type":"ImageObject","inLanguage":"es-AR","@id":"https:\/\/apuntesdesanluis.com\/#\/schema\/person\/image\/","url":"https:\/\/apuntesdesanluis.com\/wp-content\/uploads\/2023\/07\/cropped-apuntesdesanluis.png","contentUrl":"https:\/\/apuntesdesanluis.com\/wp-content\/uploads\/2023\/07\/cropped-apuntesdesanluis.png","width":450,"height":112,"caption":"apuntesdesanluis.com"},"logo":{"@id":"https:\/\/apuntesdesanluis.com\/#\/schema\/person\/image\/"},"sameAs":["https:\/\/apuntesdesanluis.com"],"url":"https:\/\/apuntesdesanluis.com\/index.php\/author\/apuntesdesanluis-com\/"}]}},"featured_image_urls":{"full":["https:\/\/apuntesdesanluis.com\/wp-content\/uploads\/2024\/09\/diputados-BECA-AL-MERITO.png",700,368,false],"thumbnail":["https:\/\/apuntesdesanluis.com\/wp-content\/uploads\/2024\/09\/diputados-BECA-AL-MERITO-150x150.png",150,150,true],"medium":["https:\/\/apuntesdesanluis.com\/wp-content\/uploads\/2024\/09\/diputados-BECA-AL-MERITO-300x158.png",300,158,true],"medium_large":["https:\/\/apuntesdesanluis.com\/wp-content\/uploads\/2024\/09\/diputados-BECA-AL-MERITO.png",640,336,false],"large":["https:\/\/apuntesdesanluis.com\/wp-content\/uploads\/2024\/09\/diputados-BECA-AL-MERITO.png",640,336,false],"1536x1536":["https:\/\/apuntesdesanluis.com\/wp-content\/uploads\/2024\/09\/diputados-BECA-AL-MERITO.png",700,368,false],"2048x2048":["https:\/\/apuntesdesanluis.com\/wp-content\/uploads\/2024\/09\/diputados-BECA-AL-MERITO.png",700,368,false],"newsever-slider-full":["https:\/\/apuntesdesanluis.com\/wp-content\/uploads\/2024\/09\/diputados-BECA-AL-MERITO.png",700,368,false],"newsever-featured":["https:\/\/apuntesdesanluis.com\/wp-content\/uploads\/2024\/09\/diputados-BECA-AL-MERITO.png",700,368,false],"newsever-medium":["https:\/\/apuntesdesanluis.com\/wp-content\/uploads\/2024\/09\/diputados-BECA-AL-MERITO.png",700,368,false]},"author_info":{"display_name":"apuntesdesanluis.com","author_link":"https:\/\/apuntesdesanluis.com\/index.php\/author\/apuntesdesanluis-com\/"},"category_info":"<a href=\"https:\/\/apuntesdesanluis.com\/index.php\/category\/ciudad-provincia\/\" rel=\"category tag\">Ciudad\/Provincia<\/a>","tag_info":"Ciudad\/Provincia","comment_count":"0","_links":{"self":[{"href":"https:\/\/apuntesdesanluis.com\/index.php\/wp-json\/wp\/v2\/posts\/26180","targetHints":{"allow":["GET"]}}],"collection":[{"href":"https:\/\/apuntesdesanluis.com\/index.php\/wp-json\/wp\/v2\/posts"}],"about":[{"href":"https:\/\/apuntesdesanluis.com\/index.php\/wp-json\/wp\/v2\/types\/post"}],"author":[{"embeddable":true,"href":"https:\/\/apuntesdesanluis.com\/index.php\/wp-json\/wp\/v2\/users\/1"}],"replies":[{"embeddable":true,"href":"https:\/\/apuntesdesanluis.com\/index.php\/wp-json\/wp\/v2\/comments?post=26180"}],"version-history":[{"count":4,"href":"https:\/\/apuntesdesanluis.com\/index.php\/wp-json\/wp\/v2\/posts\/26180\/revisions"}],"predecessor-version":[{"id":26184,"href":"https:\/\/apuntesdesanluis.com\/index.php\/wp-json\/wp\/v2\/posts\/26180\/revisions\/26184"}],"wp:featuredmedia":[{"embeddable":true,"href":"https:\/\/apuntesdesanluis.com\/index.php\/wp-json\/wp\/v2\/media\/21779"}],"wp:attachment":[{"href":"https:\/\/apuntesdesanluis.com\/index.php\/wp-json\/wp\/v2\/media?parent=26180"}],"wp:term":[{"taxonomy":"category","embeddable":true,"href":"https:\/\/apuntesdesanluis.com\/index.php\/wp-json\/wp\/v2\/categories?post=26180"},{"taxonomy":"post_tag","embeddable":true,"href":"https:\/\/apuntesdesanluis.com\/index.php\/wp-json\/wp\/v2\/tags?post=26180"}],"curies":[{"name":"wp","href":"https:\/\/api.w.org\/{rel}","templated":true}]}}