{"id":26193,"date":"2024-12-04T10:06:12","date_gmt":"2024-12-04T13:06:12","guid":{"rendered":"https:\/\/apuntesdesanluis.com\/?p=26193"},"modified":"2024-12-04T10:06:40","modified_gmt":"2024-12-04T13:06:40","slug":"este-domingo-se-inaugura-el-mercado-merlino-de-productores","status":"publish","type":"post","link":"https:\/\/apuntesdesanluis.com\/index.php\/2024\/12\/04\/este-domingo-se-inaugura-el-mercado-merlino-de-productores\/","title":{"rendered":"ESTE DOMINGO SE INAUGURA EL MERCADO MERLINO DE PRODUCTORES"},"content":{"rendered":"<h3>El Municipio invita a todos los vecinos y vecinas de la Villa de Merlo a participar de la inauguraci\u00f3n del <strong>Mercado Merlino de Productores<\/strong>, que se llevar\u00e1 a cabo este <strong>domingo 8 de diciembre a las 18:00 hs. en la Vieja Terminal<\/strong>. Esta obra, destinada a impulsar el desarrollo y la modernizaci\u00f3n de nuestra ciudad, se convertir\u00e1 en un epicentro comercial y un punto de encuentro inclusivo, que promover\u00e1 la interacci\u00f3n entre vecinos, turistas y productores locales, destacando la riqueza y diversidad de nuestra regi\u00f3n.<\/h3>\n<p><img fetchpriority=\"high\" decoding=\"async\" class=\"wp-image-26194 aligncenter\" src=\"https:\/\/apuntesdesanluis.com\/wp-content\/uploads\/2024\/12\/50a64b19-8d78-4829-81f1-4b2d8b06bcb9-240x300.jpg\" alt=\"\" width=\"501\" height=\"626\" srcset=\"https:\/\/apuntesdesanluis.com\/wp-content\/uploads\/2024\/12\/50a64b19-8d78-4829-81f1-4b2d8b06bcb9-240x300.jpg 240w, https:\/\/apuntesdesanluis.com\/wp-content\/uploads\/2024\/12\/50a64b19-8d78-4829-81f1-4b2d8b06bcb9.jpg 700w\" sizes=\"(max-width: 501px) 100vw, 501px\" \/><\/p>\n<h3>La recuperaci\u00f3n de este espacio emblem\u00e1tico, que durante d\u00e9cadas permaneci\u00f3 en el olvido, marca un hito en el esfuerzo por revalorizar el patrimonio de la Villa de Merlo. Su renovaci\u00f3n, junto con la puesta en valor de la plaza Marqu\u00e9s de Sobremonte, no solo devuelve a los merlinos un lugar lleno de historia y significado, sino que tambi\u00e9n jerarquiza el casco hist\u00f3rico, transform\u00e1ndolo en un punto de encuentro que enriquece la identidad cultural y tur\u00edstica de nuestra ciudad.<\/h3>\n<h3>En el mismo marco, se llevar\u00e1 a cabo la <strong>apertura oficial de la temporada 2024\/2025<\/strong>, que incluir\u00e1 una <strong>gran feria navide\u00f1a<\/strong>, con la participaci\u00f3n de <strong>Mujeres en Red, Inclusi\u00f3n en Red <\/strong>junto a destacados <strong>artesanos locales<\/strong>, quienes ofrecer\u00e1n una amplia variedad de productos ideales para los regalos de estas fiestas.<\/h3>\n<p><img decoding=\"async\" class=\"wp-image-26195 aligncenter\" src=\"https:\/\/apuntesdesanluis.com\/wp-content\/uploads\/2024\/12\/412eade8-ffef-41ce-953d-df0931c4edf6-240x300.jpg\" alt=\"\" width=\"503\" height=\"629\" srcset=\"https:\/\/apuntesdesanluis.com\/wp-content\/uploads\/2024\/12\/412eade8-ffef-41ce-953d-df0931c4edf6-240x300.jpg 240w, https:\/\/apuntesdesanluis.com\/wp-content\/uploads\/2024\/12\/412eade8-ffef-41ce-953d-df0931c4edf6.jpg 700w\" sizes=\"(max-width: 503px) 100vw, 503px\" \/><\/p>\n<h3>El evento estar\u00e1 acompa\u00f1ado por una destacada grilla de espect\u00e1culos musicales en vivo: <strong>Los Trombonautas<\/strong>, <strong>Long Play<\/strong>, <strong>Open G <\/strong>y <strong>Los Soplafortune <\/strong>ser\u00e1n los encargados de llenar el evento de ritmo y alegr\u00eda.<\/h3>\n<h3><\/h3>\n<h3><\/h3>\n<p>&nbsp;<\/p>\n","protected":false},"excerpt":{"rendered":"<p>El Municipio invita a todos los vecinos y vecinas de la Villa de Merlo a&#8230;<\/p>\n","protected":false},"author":1,"featured_media":8797,"comment_status":"closed","ping_status":"closed","sticky":false,"template":"","format":"standard","meta":{"footnotes":""},"categories":[6],"tags":[],"class_list":["post-26193","post","type-post","status-publish","format-standard","has-post-thumbnail","hentry","category-ciudad-provincia"],"yoast_head":"<!-- This site is optimized with the Yoast SEO plugin v26.1.1 - https:\/\/yoast.com\/wordpress\/plugins\/seo\/ -->\n<title>ESTE DOMINGO SE INAUGURA EL MERCADO MERLINO DE PRODUCTORES - Apuntes de San Luis<\/title>\n<meta name=\"robots\" content=\"index, follow, max-snippet:-1, max-image-preview:large, max-video-preview:-1\" \/>\n<link rel=\"canonical\" href=\"https:\/\/apuntesdesanluis.com\/index.php\/2024\/12\/04\/este-domingo-se-inaugura-el-mercado-merlino-de-productores\/\" \/>\n<meta property=\"og:locale\" content=\"es_ES\" \/>\n<meta property=\"og:type\" content=\"article\" \/>\n<meta property=\"og:title\" content=\"ESTE DOMINGO SE INAUGURA EL MERCADO MERLINO DE PRODUCTORES - Apuntes de San Luis\" \/>\n<meta property=\"og:description\" content=\"El Municipio invita a todos los vecinos y vecinas de la Villa de Merlo a...\" \/>\n<meta property=\"og:url\" content=\"https:\/\/apuntesdesanluis.com\/index.php\/2024\/12\/04\/este-domingo-se-inaugura-el-mercado-merlino-de-productores\/\" \/>\n<meta property=\"og:site_name\" content=\"Apuntes de San Luis\" \/>\n<meta property=\"article:published_time\" content=\"2024-12-04T13:06:12+00:00\" \/>\n<meta property=\"article:modified_time\" content=\"2024-12-04T13:06:40+00:00\" \/>\n<meta property=\"og:image\" content=\"https:\/\/apuntesdesanluis.com\/wp-content\/uploads\/2023\/12\/Municipalidad-de-merlo.jpg\" \/>\n\t<meta property=\"og:image:width\" content=\"595\" \/>\n\t<meta property=\"og:image:height\" content=\"380\" \/>\n\t<meta property=\"og:image:type\" content=\"image\/jpeg\" \/>\n<meta name=\"author\" content=\"apuntesdesanluis.com\" \/>\n<meta name=\"twitter:card\" content=\"summary_large_image\" \/>\n<meta name=\"twitter:label1\" content=\"Escrito por\" \/>\n\t<meta name=\"twitter:data1\" content=\"apuntesdesanluis.com\" \/>\n\t<meta name=\"twitter:label2\" content=\"Tiempo de lectura\" \/>\n\t<meta name=\"twitter:data2\" content=\"2 minutos\" \/>\n<script type=\"application\/ld+json\" class=\"yoast-schema-graph\">{\"@context\":\"https:\/\/schema.org\",\"@graph\":[{\"@type\":\"Article\",\"@id\":\"https:\/\/apuntesdesanluis.com\/index.php\/2024\/12\/04\/este-domingo-se-inaugura-el-mercado-merlino-de-productores\/#article\",\"isPartOf\":{\"@id\":\"https:\/\/apuntesdesanluis.com\/index.php\/2024\/12\/04\/este-domingo-se-inaugura-el-mercado-merlino-de-productores\/\"},\"author\":{\"name\":\"apuntesdesanluis.com\",\"@id\":\"https:\/\/apuntesdesanluis.com\/#\/schema\/person\/b55151d52296fcce64d1a72538a70b90\"},\"headline\":\"ESTE DOMINGO SE INAUGURA EL MERCADO MERLINO DE PRODUCTORES\",\"datePublished\":\"2024-12-04T13:06:12+00:00\",\"dateModified\":\"2024-12-04T13:06:40+00:00\",\"mainEntityOfPage\":{\"@id\":\"https:\/\/apuntesdesanluis.com\/index.php\/2024\/12\/04\/este-domingo-se-inaugura-el-mercado-merlino-de-productores\/\"},\"wordCount\":274,\"publisher\":{\"@id\":\"https:\/\/apuntesdesanluis.com\/#\/schema\/person\/b55151d52296fcce64d1a72538a70b90\"},\"image\":{\"@id\":\"https:\/\/apuntesdesanluis.com\/index.php\/2024\/12\/04\/este-domingo-se-inaugura-el-mercado-merlino-de-productores\/#primaryimage\"},\"thumbnailUrl\":\"https:\/\/apuntesdesanluis.com\/wp-content\/uploads\/2023\/12\/Municipalidad-de-merlo.jpg\",\"articleSection\":[\"Ciudad\/Provincia\"],\"inLanguage\":\"es-AR\"},{\"@type\":\"WebPage\",\"@id\":\"https:\/\/apuntesdesanluis.com\/index.php\/2024\/12\/04\/este-domingo-se-inaugura-el-mercado-merlino-de-productores\/\",\"url\":\"https:\/\/apuntesdesanluis.com\/index.php\/2024\/12\/04\/este-domingo-se-inaugura-el-mercado-merlino-de-productores\/\",\"name\":\"ESTE DOMINGO SE INAUGURA EL MERCADO MERLINO DE PRODUCTORES - Apuntes de San Luis\",\"isPartOf\":{\"@id\":\"https:\/\/apuntesdesanluis.com\/#website\"},\"primaryImageOfPage\":{\"@id\":\"https:\/\/apuntesdesanluis.com\/index.php\/2024\/12\/04\/este-domingo-se-inaugura-el-mercado-merlino-de-productores\/#primaryimage\"},\"image\":{\"@id\":\"https:\/\/apuntesdesanluis.com\/index.php\/2024\/12\/04\/este-domingo-se-inaugura-el-mercado-merlino-de-productores\/#primaryimage\"},\"thumbnailUrl\":\"https:\/\/apuntesdesanluis.com\/wp-content\/uploads\/2023\/12\/Municipalidad-de-merlo.jpg\",\"datePublished\":\"2024-12-04T13:06:12+00:00\",\"dateModified\":\"2024-12-04T13:06:40+00:00\",\"breadcrumb\":{\"@id\":\"https:\/\/apuntesdesanluis.com\/index.php\/2024\/12\/04\/este-domingo-se-inaugura-el-mercado-merlino-de-productores\/#breadcrumb\"},\"inLanguage\":\"es-AR\",\"potentialAction\":[{\"@type\":\"ReadAction\",\"target\":[\"https:\/\/apuntesdesanluis.com\/index.php\/2024\/12\/04\/este-domingo-se-inaugura-el-mercado-merlino-de-productores\/\"]}]},{\"@type\":\"ImageObject\",\"inLanguage\":\"es-AR\",\"@id\":\"https:\/\/apuntesdesanluis.com\/index.php\/2024\/12\/04\/este-domingo-se-inaugura-el-mercado-merlino-de-productores\/#primaryimage\",\"url\":\"https:\/\/apuntesdesanluis.com\/wp-content\/uploads\/2023\/12\/Municipalidad-de-merlo.jpg\",\"contentUrl\":\"https:\/\/apuntesdesanluis.com\/wp-content\/uploads\/2023\/12\/Municipalidad-de-merlo.jpg\",\"width\":595,\"height\":380},{\"@type\":\"BreadcrumbList\",\"@id\":\"https:\/\/apuntesdesanluis.com\/index.php\/2024\/12\/04\/este-domingo-se-inaugura-el-mercado-merlino-de-productores\/#breadcrumb\",\"itemListElement\":[{\"@type\":\"ListItem\",\"position\":1,\"name\":\"Inicio\",\"item\":\"https:\/\/apuntesdesanluis.com\/\"},{\"@type\":\"ListItem\",\"position\":2,\"name\":\"ESTE DOMINGO SE INAUGURA EL MERCADO MERLINO DE PRODUCTORES\"}]},{\"@type\":\"WebSite\",\"@id\":\"https:\/\/apuntesdesanluis.com\/#website\",\"url\":\"https:\/\/apuntesdesanluis.com\/\",\"name\":\"Apuntes de San Luis\",\"description\":\"\",\"publisher\":{\"@id\":\"https:\/\/apuntesdesanluis.com\/#\/schema\/person\/b55151d52296fcce64d1a72538a70b90\"},\"potentialAction\":[{\"@type\":\"SearchAction\",\"target\":{\"@type\":\"EntryPoint\",\"urlTemplate\":\"https:\/\/apuntesdesanluis.com\/?s={search_term_string}\"},\"query-input\":{\"@type\":\"PropertyValueSpecification\",\"valueRequired\":true,\"valueName\":\"search_term_string\"}}],\"inLanguage\":\"es-AR\"},{\"@type\":[\"Person\",\"Organization\"],\"@id\":\"https:\/\/apuntesdesanluis.com\/#\/schema\/person\/b55151d52296fcce64d1a72538a70b90\",\"name\":\"apuntesdesanluis.com\",\"image\":{\"@type\":\"ImageObject\",\"inLanguage\":\"es-AR\",\"@id\":\"https:\/\/apuntesdesanluis.com\/#\/schema\/person\/image\/\",\"url\":\"https:\/\/apuntesdesanluis.com\/wp-content\/uploads\/2023\/07\/cropped-apuntesdesanluis.png\",\"contentUrl\":\"https:\/\/apuntesdesanluis.com\/wp-content\/uploads\/2023\/07\/cropped-apuntesdesanluis.png\",\"width\":450,\"height\":112,\"caption\":\"apuntesdesanluis.com\"},\"logo\":{\"@id\":\"https:\/\/apuntesdesanluis.com\/#\/schema\/person\/image\/\"},\"sameAs\":[\"https:\/\/apuntesdesanluis.com\"],\"url\":\"https:\/\/apuntesdesanluis.com\/index.php\/author\/apuntesdesanluis-com\/\"}]}<\/script>\n<!-- \/ Yoast SEO plugin. -->","yoast_head_json":{"title":"ESTE DOMINGO SE INAUGURA EL MERCADO MERLINO DE PRODUCTORES - Apuntes de San Luis","robots":{"index":"index","follow":"follow","max-snippet":"max-snippet:-1","max-image-preview":"max-image-preview:large","max-video-preview":"max-video-preview:-1"},"canonical":"https:\/\/apuntesdesanluis.com\/index.php\/2024\/12\/04\/este-domingo-se-inaugura-el-mercado-merlino-de-productores\/","og_locale":"es_ES","og_type":"article","og_title":"ESTE DOMINGO SE INAUGURA EL MERCADO MERLINO DE PRODUCTORES - Apuntes de San Luis","og_description":"El Municipio invita a todos los vecinos y vecinas de la Villa de Merlo a...","og_url":"https:\/\/apuntesdesanluis.com\/index.php\/2024\/12\/04\/este-domingo-se-inaugura-el-mercado-merlino-de-productores\/","og_site_name":"Apuntes de San Luis","article_published_time":"2024-12-04T13:06:12+00:00","article_modified_time":"2024-12-04T13:06:40+00:00","og_image":[{"width":595,"height":380,"url":"https:\/\/apuntesdesanluis.com\/wp-content\/uploads\/2023\/12\/Municipalidad-de-merlo.jpg","type":"image\/jpeg"}],"author":"apuntesdesanluis.com","twitter_card":"summary_large_image","twitter_misc":{"Escrito por":"apuntesdesanluis.com","Tiempo de lectura":"2 minutos"},"schema":{"@context":"https:\/\/schema.org","@graph":[{"@type":"Article","@id":"https:\/\/apuntesdesanluis.com\/index.php\/2024\/12\/04\/este-domingo-se-inaugura-el-mercado-merlino-de-productores\/#article","isPartOf":{"@id":"https:\/\/apuntesdesanluis.com\/index.php\/2024\/12\/04\/este-domingo-se-inaugura-el-mercado-merlino-de-productores\/"},"author":{"name":"apuntesdesanluis.com","@id":"https:\/\/apuntesdesanluis.com\/#\/schema\/person\/b55151d52296fcce64d1a72538a70b90"},"headline":"ESTE DOMINGO SE INAUGURA EL MERCADO MERLINO DE PRODUCTORES","datePublished":"2024-12-04T13:06:12+00:00","dateModified":"2024-12-04T13:06:40+00:00","mainEntityOfPage":{"@id":"https:\/\/apuntesdesanluis.com\/index.php\/2024\/12\/04\/este-domingo-se-inaugura-el-mercado-merlino-de-productores\/"},"wordCount":274,"publisher":{"@id":"https:\/\/apuntesdesanluis.com\/#\/schema\/person\/b55151d52296fcce64d1a72538a70b90"},"image":{"@id":"https:\/\/apuntesdesanluis.com\/index.php\/2024\/12\/04\/este-domingo-se-inaugura-el-mercado-merlino-de-productores\/#primaryimage"},"thumbnailUrl":"https:\/\/apuntesdesanluis.com\/wp-content\/uploads\/2023\/12\/Municipalidad-de-merlo.jpg","articleSection":["Ciudad\/Provincia"],"inLanguage":"es-AR"},{"@type":"WebPage","@id":"https:\/\/apuntesdesanluis.com\/index.php\/2024\/12\/04\/este-domingo-se-inaugura-el-mercado-merlino-de-productores\/","url":"https:\/\/apuntesdesanluis.com\/index.php\/2024\/12\/04\/este-domingo-se-inaugura-el-mercado-merlino-de-productores\/","name":"ESTE DOMINGO SE INAUGURA EL MERCADO MERLINO DE PRODUCTORES - Apuntes de San Luis","isPartOf":{"@id":"https:\/\/apuntesdesanluis.com\/#website"},"primaryImageOfPage":{"@id":"https:\/\/apuntesdesanluis.com\/index.php\/2024\/12\/04\/este-domingo-se-inaugura-el-mercado-merlino-de-productores\/#primaryimage"},"image":{"@id":"https:\/\/apuntesdesanluis.com\/index.php\/2024\/12\/04\/este-domingo-se-inaugura-el-mercado-merlino-de-productores\/#primaryimage"},"thumbnailUrl":"https:\/\/apuntesdesanluis.com\/wp-content\/uploads\/2023\/12\/Municipalidad-de-merlo.jpg","datePublished":"2024-12-04T13:06:12+00:00","dateModified":"2024-12-04T13:06:40+00:00","breadcrumb":{"@id":"https:\/\/apuntesdesanluis.com\/index.php\/2024\/12\/04\/este-domingo-se-inaugura-el-mercado-merlino-de-productores\/#breadcrumb"},"inLanguage":"es-AR","potentialAction":[{"@type":"ReadAction","target":["https:\/\/apuntesdesanluis.com\/index.php\/2024\/12\/04\/este-domingo-se-inaugura-el-mercado-merlino-de-productores\/"]}]},{"@type":"ImageObject","inLanguage":"es-AR","@id":"https:\/\/apuntesdesanluis.com\/index.php\/2024\/12\/04\/este-domingo-se-inaugura-el-mercado-merlino-de-productores\/#primaryimage","url":"https:\/\/apuntesdesanluis.com\/wp-content\/uploads\/2023\/12\/Municipalidad-de-merlo.jpg","contentUrl":"https:\/\/apuntesdesanluis.com\/wp-content\/uploads\/2023\/12\/Municipalidad-de-merlo.jpg","width":595,"height":380},{"@type":"BreadcrumbList","@id":"https:\/\/apuntesdesanluis.com\/index.php\/2024\/12\/04\/este-domingo-se-inaugura-el-mercado-merlino-de-productores\/#breadcrumb","itemListElement":[{"@type":"ListItem","position":1,"name":"Inicio","item":"https:\/\/apuntesdesanluis.com\/"},{"@type":"ListItem","position":2,"name":"ESTE DOMINGO SE INAUGURA EL MERCADO MERLINO DE PRODUCTORES"}]},{"@type":"WebSite","@id":"https:\/\/apuntesdesanluis.com\/#website","url":"https:\/\/apuntesdesanluis.com\/","name":"Apuntes de San Luis","description":"","publisher":{"@id":"https:\/\/apuntesdesanluis.com\/#\/schema\/person\/b55151d52296fcce64d1a72538a70b90"},"potentialAction":[{"@type":"SearchAction","target":{"@type":"EntryPoint","urlTemplate":"https:\/\/apuntesdesanluis.com\/?s={search_term_string}"},"query-input":{"@type":"PropertyValueSpecification","valueRequired":true,"valueName":"search_term_string"}}],"inLanguage":"es-AR"},{"@type":["Person","Organization"],"@id":"https:\/\/apuntesdesanluis.com\/#\/schema\/person\/b55151d52296fcce64d1a72538a70b90","name":"apuntesdesanluis.com","image":{"@type":"ImageObject","inLanguage":"es-AR","@id":"https:\/\/apuntesdesanluis.com\/#\/schema\/person\/image\/","url":"https:\/\/apuntesdesanluis.com\/wp-content\/uploads\/2023\/07\/cropped-apuntesdesanluis.png","contentUrl":"https:\/\/apuntesdesanluis.com\/wp-content\/uploads\/2023\/07\/cropped-apuntesdesanluis.png","width":450,"height":112,"caption":"apuntesdesanluis.com"},"logo":{"@id":"https:\/\/apuntesdesanluis.com\/#\/schema\/person\/image\/"},"sameAs":["https:\/\/apuntesdesanluis.com"],"url":"https:\/\/apuntesdesanluis.com\/index.php\/author\/apuntesdesanluis-com\/"}]}},"featured_image_urls":{"full":["https:\/\/apuntesdesanluis.com\/wp-content\/uploads\/2023\/12\/Municipalidad-de-merlo.jpg",595,380,false],"thumbnail":["https:\/\/apuntesdesanluis.com\/wp-content\/uploads\/2023\/12\/Municipalidad-de-merlo-150x150.jpg",150,150,true],"medium":["https:\/\/apuntesdesanluis.com\/wp-content\/uploads\/2023\/12\/Municipalidad-de-merlo-300x192.jpg",300,192,true],"medium_large":["https:\/\/apuntesdesanluis.com\/wp-content\/uploads\/2023\/12\/Municipalidad-de-merlo.jpg",595,380,false],"large":["https:\/\/apuntesdesanluis.com\/wp-content\/uploads\/2023\/12\/Municipalidad-de-merlo.jpg",595,380,false],"1536x1536":["https:\/\/apuntesdesanluis.com\/wp-content\/uploads\/2023\/12\/Municipalidad-de-merlo.jpg",595,380,false],"2048x2048":["https:\/\/apuntesdesanluis.com\/wp-content\/uploads\/2023\/12\/Municipalidad-de-merlo.jpg",595,380,false],"newsever-slider-full":["https:\/\/apuntesdesanluis.com\/wp-content\/uploads\/2023\/12\/Municipalidad-de-merlo.jpg",595,380,false],"newsever-featured":["https:\/\/apuntesdesanluis.com\/wp-content\/uploads\/2023\/12\/Municipalidad-de-merlo.jpg",595,380,false],"newsever-medium":["https:\/\/apuntesdesanluis.com\/wp-content\/uploads\/2023\/12\/Municipalidad-de-merlo.jpg",595,380,false]},"author_info":{"display_name":"apuntesdesanluis.com","author_link":"https:\/\/apuntesdesanluis.com\/index.php\/author\/apuntesdesanluis-com\/"},"category_info":"<a href=\"https:\/\/apuntesdesanluis.com\/index.php\/category\/ciudad-provincia\/\" rel=\"category tag\">Ciudad\/Provincia<\/a>","tag_info":"Ciudad\/Provincia","comment_count":"0","_links":{"self":[{"href":"https:\/\/apuntesdesanluis.com\/index.php\/wp-json\/wp\/v2\/posts\/26193","targetHints":{"allow":["GET"]}}],"collection":[{"href":"https:\/\/apuntesdesanluis.com\/index.php\/wp-json\/wp\/v2\/posts"}],"about":[{"href":"https:\/\/apuntesdesanluis.com\/index.php\/wp-json\/wp\/v2\/types\/post"}],"author":[{"embeddable":true,"href":"https:\/\/apuntesdesanluis.com\/index.php\/wp-json\/wp\/v2\/users\/1"}],"replies":[{"embeddable":true,"href":"https:\/\/apuntesdesanluis.com\/index.php\/wp-json\/wp\/v2\/comments?post=26193"}],"version-history":[{"count":2,"href":"https:\/\/apuntesdesanluis.com\/index.php\/wp-json\/wp\/v2\/posts\/26193\/revisions"}],"predecessor-version":[{"id":26197,"href":"https:\/\/apuntesdesanluis.com\/index.php\/wp-json\/wp\/v2\/posts\/26193\/revisions\/26197"}],"wp:featuredmedia":[{"embeddable":true,"href":"https:\/\/apuntesdesanluis.com\/index.php\/wp-json\/wp\/v2\/media\/8797"}],"wp:attachment":[{"href":"https:\/\/apuntesdesanluis.com\/index.php\/wp-json\/wp\/v2\/media?parent=26193"}],"wp:term":[{"taxonomy":"category","embeddable":true,"href":"https:\/\/apuntesdesanluis.com\/index.php\/wp-json\/wp\/v2\/categories?post=26193"},{"taxonomy":"post_tag","embeddable":true,"href":"https:\/\/apuntesdesanluis.com\/index.php\/wp-json\/wp\/v2\/tags?post=26193"}],"curies":[{"name":"wp","href":"https:\/\/api.w.org\/{rel}","templated":true}]}}