{"id":26209,"date":"2024-12-04T18:02:55","date_gmt":"2024-12-04T21:02:55","guid":{"rendered":"https:\/\/apuntesdesanluis.com\/?p=26209"},"modified":"2024-12-04T18:04:07","modified_gmt":"2024-12-04T21:04:07","slug":"organizan-colecta-para-que-claudia-pueda-tratarse-un-cancer-cromosomico","status":"publish","type":"post","link":"https:\/\/apuntesdesanluis.com\/index.php\/2024\/12\/04\/organizan-colecta-para-que-claudia-pueda-tratarse-un-cancer-cromosomico\/","title":{"rendered":"ORGANIZAN COLECTA PARA QUE CLAUDIA PUEDA TRATARSE UN C\u00c1NCER CROMOS\u00d3MICO"},"content":{"rendered":"<h3><strong>Claudia Rebolledo<\/strong>, de 35 a\u00f1os, enfrenta un agresivo c\u00e1ncer cromos\u00f3mico que le ha causado m\u00faltiples tumores desde 2015. Pese a haber sido sometida a varias cirug\u00edas, su obra social, <strong>Dosep<\/strong>, se niega a cubrir el tratamiento con <strong>Belzutif\u00e1n<\/strong>, un medicamento aprobado que podr\u00eda frenar el avance de la enfermedad.<\/h3>\n<h3>Claudia ha perdido \u00f3rganos, visi\u00f3n y calidad de vida mientras lucha contra esta condici\u00f3n que afecta su m\u00e9dula, cerebelo, p\u00e1ncreas, ri\u00f1\u00f3n y pulmones. Sin apoyo, present\u00f3 un recurso de amparo y enfrenta la urgencia de reunir fondos para costear su tratamiento, cuyo costo supera los 25 millones de pesos.<\/h3>\n<h3><img fetchpriority=\"high\" decoding=\"async\" class=\"wp-image-26211 aligncenter\" src=\"https:\/\/apuntesdesanluis.com\/wp-content\/uploads\/2024\/12\/1733187321517-300x171.webp\" alt=\"\" width=\"626\" height=\"357\" srcset=\"https:\/\/apuntesdesanluis.com\/wp-content\/uploads\/2024\/12\/1733187321517-300x171.webp 300w, https:\/\/apuntesdesanluis.com\/wp-content\/uploads\/2024\/12\/1733187321517-768x439.webp 768w, https:\/\/apuntesdesanluis.com\/wp-content\/uploads\/2024\/12\/1733187321517.webp 770w\" sizes=\"(max-width: 626px) 100vw, 626px\" \/><\/h3>\n<h4 style=\"text-align: center;\"><em>Uno de los tumores est\u00e1 a nivel medular.<\/em><\/h4>\n<h3>La droga que le da una luz de esperanza es el Belzutif\u00e1n, ya que le permitir\u00eda tratar el tumor a nivel cervical y todos los tumores en su cuerpo; incluso los que puedan crecer a futuro. El medicamento ha probado su eficacia y est\u00e1 aprobado por la Anmat.<\/h3>\n<h3>\u201cSi Dosep me hubiera dado la medicaci\u00f3n cuando la solicit\u00e9 mi condici\u00f3n no ser\u00eda esta\u201d, asegur\u00f3 y dijo que el medicamento cuesta unos 25 millones de pesos al p\u00fablico, aunque con acuerdos con las obras sociales su valor queda a menos de la mitad.<\/h3>\n<h3>\u201cHe presentado notas en Dosep de las cuales no he recibido respuesta, he mandado una carta documento de la que no he recibido respuesta todav\u00eda, y por eso tuve que recurrir al amparo\u201d, se\u00f1ala, al tiempo que a\u00f1ade: \u201cS\u00e9 que los procesos judiciales son lentos, pero yo no tengo tiempo\u201d.<\/h3>\n<h3>&#8220;No tengo tiempo para esperar. Soy demasiado joven para morir y demasiado pobre para superar esta enfermedad sin apoyo de mi obra social&#8221;, se lamenta.<\/h3>\n<h3><img decoding=\"async\" class=\"wp-image-26210 aligncenter\" src=\"https:\/\/apuntesdesanluis.com\/wp-content\/uploads\/2024\/12\/Rechazo-Dosep-300x169.webp\" alt=\"\" width=\"639\" height=\"360\" srcset=\"https:\/\/apuntesdesanluis.com\/wp-content\/uploads\/2024\/12\/Rechazo-Dosep-300x169.webp 300w, https:\/\/apuntesdesanluis.com\/wp-content\/uploads\/2024\/12\/Rechazo-Dosep.webp 720w\" sizes=\"(max-width: 639px) 100vw, 639px\" \/><\/h3>\n<h4 style=\"text-align: center;\"><em>El rechazo de Dosep.<\/em><\/h4>\n<h3>Sus amigos han organizado una colecta para ayudarla a juntar los recursos para la operaci\u00f3n. Ser\u00e1 intervenida quir\u00fargicamente en la ciudad de C\u00f3rdoba de un<strong> hemangioma en la medula espinal.<\/strong><\/h3>\n<p><img decoding=\"async\" class=\"wp-image-26213 aligncenter\" src=\"https:\/\/apuntesdesanluis.com\/wp-content\/uploads\/2024\/12\/COLECTA-300x260.png\" alt=\"\" width=\"658\" height=\"571\" srcset=\"https:\/\/apuntesdesanluis.com\/wp-content\/uploads\/2024\/12\/COLECTA-300x260.png 300w, https:\/\/apuntesdesanluis.com\/wp-content\/uploads\/2024\/12\/COLECTA.png 685w\" sizes=\"(max-width: 658px) 100vw, 658px\" \/><\/p>\n<h3><\/h3>\n<p>&nbsp;<\/p>\n<h4><strong>NOTA: <\/strong><em>Imagen de portada ilustrativa.<\/em><\/h4>\n<p>&nbsp;<\/p>\n<p>&nbsp;<\/p>\n<p>&nbsp;<\/p>\n<p>&nbsp;<\/p>\n<p>&nbsp;<\/p>\n","protected":false},"excerpt":{"rendered":"<p>Claudia Rebolledo, de 35 a\u00f1os, enfrenta un agresivo c\u00e1ncer cromos\u00f3mico que le ha causado m\u00faltiples&#8230;<\/p>\n","protected":false},"author":1,"featured_media":26214,"comment_status":"closed","ping_status":"closed","sticky":false,"template":"","format":"standard","meta":{"footnotes":""},"categories":[6],"tags":[],"class_list":["post-26209","post","type-post","status-publish","format-standard","has-post-thumbnail","hentry","category-ciudad-provincia"],"yoast_head":"<!-- This site is optimized with the Yoast SEO plugin v26.1.1 - https:\/\/yoast.com\/wordpress\/plugins\/seo\/ -->\n<title>ORGANIZAN COLECTA PARA QUE CLAUDIA PUEDA TRATARSE UN C\u00c1NCER CROMOS\u00d3MICO - Apuntes de San Luis<\/title>\n<meta name=\"robots\" content=\"index, follow, max-snippet:-1, max-image-preview:large, max-video-preview:-1\" \/>\n<link rel=\"canonical\" href=\"https:\/\/apuntesdesanluis.com\/index.php\/2024\/12\/04\/organizan-colecta-para-que-claudia-pueda-tratarse-un-cancer-cromosomico\/\" \/>\n<meta property=\"og:locale\" content=\"es_ES\" \/>\n<meta property=\"og:type\" content=\"article\" \/>\n<meta property=\"og:title\" content=\"ORGANIZAN COLECTA PARA QUE CLAUDIA PUEDA TRATARSE UN C\u00c1NCER CROMOS\u00d3MICO - Apuntes de San Luis\" \/>\n<meta property=\"og:description\" content=\"Claudia Rebolledo, de 35 a\u00f1os, enfrenta un agresivo c\u00e1ncer cromos\u00f3mico que le ha causado m\u00faltiples...\" \/>\n<meta property=\"og:url\" content=\"https:\/\/apuntesdesanluis.com\/index.php\/2024\/12\/04\/organizan-colecta-para-que-claudia-pueda-tratarse-un-cancer-cromosomico\/\" \/>\n<meta property=\"og:site_name\" content=\"Apuntes de San Luis\" \/>\n<meta property=\"article:published_time\" content=\"2024-12-04T21:02:55+00:00\" \/>\n<meta property=\"article:modified_time\" content=\"2024-12-04T21:04:07+00:00\" \/>\n<meta property=\"og:image\" content=\"https:\/\/apuntesdesanluis.com\/wp-content\/uploads\/2024\/12\/MEDICO.png\" \/>\n\t<meta property=\"og:image:width\" content=\"750\" \/>\n\t<meta property=\"og:image:height\" content=\"428\" \/>\n\t<meta property=\"og:image:type\" content=\"image\/png\" \/>\n<meta name=\"author\" content=\"apuntesdesanluis.com\" \/>\n<meta name=\"twitter:card\" content=\"summary_large_image\" \/>\n<meta name=\"twitter:label1\" content=\"Escrito por\" \/>\n\t<meta name=\"twitter:data1\" content=\"apuntesdesanluis.com\" \/>\n\t<meta name=\"twitter:label2\" content=\"Tiempo de lectura\" \/>\n\t<meta name=\"twitter:data2\" content=\"3 minutos\" \/>\n<script type=\"application\/ld+json\" class=\"yoast-schema-graph\">{\"@context\":\"https:\/\/schema.org\",\"@graph\":[{\"@type\":\"Article\",\"@id\":\"https:\/\/apuntesdesanluis.com\/index.php\/2024\/12\/04\/organizan-colecta-para-que-claudia-pueda-tratarse-un-cancer-cromosomico\/#article\",\"isPartOf\":{\"@id\":\"https:\/\/apuntesdesanluis.com\/index.php\/2024\/12\/04\/organizan-colecta-para-que-claudia-pueda-tratarse-un-cancer-cromosomico\/\"},\"author\":{\"name\":\"apuntesdesanluis.com\",\"@id\":\"https:\/\/apuntesdesanluis.com\/#\/schema\/person\/b55151d52296fcce64d1a72538a70b90\"},\"headline\":\"ORGANIZAN COLECTA PARA QUE CLAUDIA PUEDA TRATARSE UN C\u00c1NCER CROMOS\u00d3MICO\",\"datePublished\":\"2024-12-04T21:02:55+00:00\",\"dateModified\":\"2024-12-04T21:04:07+00:00\",\"mainEntityOfPage\":{\"@id\":\"https:\/\/apuntesdesanluis.com\/index.php\/2024\/12\/04\/organizan-colecta-para-que-claudia-pueda-tratarse-un-cancer-cromosomico\/\"},\"wordCount\":350,\"publisher\":{\"@id\":\"https:\/\/apuntesdesanluis.com\/#\/schema\/person\/b55151d52296fcce64d1a72538a70b90\"},\"image\":{\"@id\":\"https:\/\/apuntesdesanluis.com\/index.php\/2024\/12\/04\/organizan-colecta-para-que-claudia-pueda-tratarse-un-cancer-cromosomico\/#primaryimage\"},\"thumbnailUrl\":\"https:\/\/apuntesdesanluis.com\/wp-content\/uploads\/2024\/12\/MEDICO.png\",\"articleSection\":[\"Ciudad\/Provincia\"],\"inLanguage\":\"es-AR\"},{\"@type\":\"WebPage\",\"@id\":\"https:\/\/apuntesdesanluis.com\/index.php\/2024\/12\/04\/organizan-colecta-para-que-claudia-pueda-tratarse-un-cancer-cromosomico\/\",\"url\":\"https:\/\/apuntesdesanluis.com\/index.php\/2024\/12\/04\/organizan-colecta-para-que-claudia-pueda-tratarse-un-cancer-cromosomico\/\",\"name\":\"ORGANIZAN COLECTA PARA QUE CLAUDIA PUEDA TRATARSE UN C\u00c1NCER CROMOS\u00d3MICO - Apuntes de San Luis\",\"isPartOf\":{\"@id\":\"https:\/\/apuntesdesanluis.com\/#website\"},\"primaryImageOfPage\":{\"@id\":\"https:\/\/apuntesdesanluis.com\/index.php\/2024\/12\/04\/organizan-colecta-para-que-claudia-pueda-tratarse-un-cancer-cromosomico\/#primaryimage\"},\"image\":{\"@id\":\"https:\/\/apuntesdesanluis.com\/index.php\/2024\/12\/04\/organizan-colecta-para-que-claudia-pueda-tratarse-un-cancer-cromosomico\/#primaryimage\"},\"thumbnailUrl\":\"https:\/\/apuntesdesanluis.com\/wp-content\/uploads\/2024\/12\/MEDICO.png\",\"datePublished\":\"2024-12-04T21:02:55+00:00\",\"dateModified\":\"2024-12-04T21:04:07+00:00\",\"breadcrumb\":{\"@id\":\"https:\/\/apuntesdesanluis.com\/index.php\/2024\/12\/04\/organizan-colecta-para-que-claudia-pueda-tratarse-un-cancer-cromosomico\/#breadcrumb\"},\"inLanguage\":\"es-AR\",\"potentialAction\":[{\"@type\":\"ReadAction\",\"target\":[\"https:\/\/apuntesdesanluis.com\/index.php\/2024\/12\/04\/organizan-colecta-para-que-claudia-pueda-tratarse-un-cancer-cromosomico\/\"]}]},{\"@type\":\"ImageObject\",\"inLanguage\":\"es-AR\",\"@id\":\"https:\/\/apuntesdesanluis.com\/index.php\/2024\/12\/04\/organizan-colecta-para-que-claudia-pueda-tratarse-un-cancer-cromosomico\/#primaryimage\",\"url\":\"https:\/\/apuntesdesanluis.com\/wp-content\/uploads\/2024\/12\/MEDICO.png\",\"contentUrl\":\"https:\/\/apuntesdesanluis.com\/wp-content\/uploads\/2024\/12\/MEDICO.png\",\"width\":750,\"height\":428},{\"@type\":\"BreadcrumbList\",\"@id\":\"https:\/\/apuntesdesanluis.com\/index.php\/2024\/12\/04\/organizan-colecta-para-que-claudia-pueda-tratarse-un-cancer-cromosomico\/#breadcrumb\",\"itemListElement\":[{\"@type\":\"ListItem\",\"position\":1,\"name\":\"Inicio\",\"item\":\"https:\/\/apuntesdesanluis.com\/\"},{\"@type\":\"ListItem\",\"position\":2,\"name\":\"ORGANIZAN COLECTA PARA QUE CLAUDIA PUEDA TRATARSE UN C\u00c1NCER CROMOS\u00d3MICO\"}]},{\"@type\":\"WebSite\",\"@id\":\"https:\/\/apuntesdesanluis.com\/#website\",\"url\":\"https:\/\/apuntesdesanluis.com\/\",\"name\":\"Apuntes de San Luis\",\"description\":\"\",\"publisher\":{\"@id\":\"https:\/\/apuntesdesanluis.com\/#\/schema\/person\/b55151d52296fcce64d1a72538a70b90\"},\"potentialAction\":[{\"@type\":\"SearchAction\",\"target\":{\"@type\":\"EntryPoint\",\"urlTemplate\":\"https:\/\/apuntesdesanluis.com\/?s={search_term_string}\"},\"query-input\":{\"@type\":\"PropertyValueSpecification\",\"valueRequired\":true,\"valueName\":\"search_term_string\"}}],\"inLanguage\":\"es-AR\"},{\"@type\":[\"Person\",\"Organization\"],\"@id\":\"https:\/\/apuntesdesanluis.com\/#\/schema\/person\/b55151d52296fcce64d1a72538a70b90\",\"name\":\"apuntesdesanluis.com\",\"image\":{\"@type\":\"ImageObject\",\"inLanguage\":\"es-AR\",\"@id\":\"https:\/\/apuntesdesanluis.com\/#\/schema\/person\/image\/\",\"url\":\"https:\/\/apuntesdesanluis.com\/wp-content\/uploads\/2023\/07\/cropped-apuntesdesanluis.png\",\"contentUrl\":\"https:\/\/apuntesdesanluis.com\/wp-content\/uploads\/2023\/07\/cropped-apuntesdesanluis.png\",\"width\":450,\"height\":112,\"caption\":\"apuntesdesanluis.com\"},\"logo\":{\"@id\":\"https:\/\/apuntesdesanluis.com\/#\/schema\/person\/image\/\"},\"sameAs\":[\"https:\/\/apuntesdesanluis.com\"],\"url\":\"https:\/\/apuntesdesanluis.com\/index.php\/author\/apuntesdesanluis-com\/\"}]}<\/script>\n<!-- \/ Yoast SEO plugin. -->","yoast_head_json":{"title":"ORGANIZAN COLECTA PARA QUE CLAUDIA PUEDA TRATARSE UN C\u00c1NCER CROMOS\u00d3MICO - Apuntes de San Luis","robots":{"index":"index","follow":"follow","max-snippet":"max-snippet:-1","max-image-preview":"max-image-preview:large","max-video-preview":"max-video-preview:-1"},"canonical":"https:\/\/apuntesdesanluis.com\/index.php\/2024\/12\/04\/organizan-colecta-para-que-claudia-pueda-tratarse-un-cancer-cromosomico\/","og_locale":"es_ES","og_type":"article","og_title":"ORGANIZAN COLECTA PARA QUE CLAUDIA PUEDA TRATARSE UN C\u00c1NCER CROMOS\u00d3MICO - Apuntes de San Luis","og_description":"Claudia Rebolledo, de 35 a\u00f1os, enfrenta un agresivo c\u00e1ncer cromos\u00f3mico que le ha causado m\u00faltiples...","og_url":"https:\/\/apuntesdesanluis.com\/index.php\/2024\/12\/04\/organizan-colecta-para-que-claudia-pueda-tratarse-un-cancer-cromosomico\/","og_site_name":"Apuntes de San Luis","article_published_time":"2024-12-04T21:02:55+00:00","article_modified_time":"2024-12-04T21:04:07+00:00","og_image":[{"width":750,"height":428,"url":"https:\/\/apuntesdesanluis.com\/wp-content\/uploads\/2024\/12\/MEDICO.png","type":"image\/png"}],"author":"apuntesdesanluis.com","twitter_card":"summary_large_image","twitter_misc":{"Escrito por":"apuntesdesanluis.com","Tiempo de lectura":"3 minutos"},"schema":{"@context":"https:\/\/schema.org","@graph":[{"@type":"Article","@id":"https:\/\/apuntesdesanluis.com\/index.php\/2024\/12\/04\/organizan-colecta-para-que-claudia-pueda-tratarse-un-cancer-cromosomico\/#article","isPartOf":{"@id":"https:\/\/apuntesdesanluis.com\/index.php\/2024\/12\/04\/organizan-colecta-para-que-claudia-pueda-tratarse-un-cancer-cromosomico\/"},"author":{"name":"apuntesdesanluis.com","@id":"https:\/\/apuntesdesanluis.com\/#\/schema\/person\/b55151d52296fcce64d1a72538a70b90"},"headline":"ORGANIZAN COLECTA PARA QUE CLAUDIA PUEDA TRATARSE UN C\u00c1NCER CROMOS\u00d3MICO","datePublished":"2024-12-04T21:02:55+00:00","dateModified":"2024-12-04T21:04:07+00:00","mainEntityOfPage":{"@id":"https:\/\/apuntesdesanluis.com\/index.php\/2024\/12\/04\/organizan-colecta-para-que-claudia-pueda-tratarse-un-cancer-cromosomico\/"},"wordCount":350,"publisher":{"@id":"https:\/\/apuntesdesanluis.com\/#\/schema\/person\/b55151d52296fcce64d1a72538a70b90"},"image":{"@id":"https:\/\/apuntesdesanluis.com\/index.php\/2024\/12\/04\/organizan-colecta-para-que-claudia-pueda-tratarse-un-cancer-cromosomico\/#primaryimage"},"thumbnailUrl":"https:\/\/apuntesdesanluis.com\/wp-content\/uploads\/2024\/12\/MEDICO.png","articleSection":["Ciudad\/Provincia"],"inLanguage":"es-AR"},{"@type":"WebPage","@id":"https:\/\/apuntesdesanluis.com\/index.php\/2024\/12\/04\/organizan-colecta-para-que-claudia-pueda-tratarse-un-cancer-cromosomico\/","url":"https:\/\/apuntesdesanluis.com\/index.php\/2024\/12\/04\/organizan-colecta-para-que-claudia-pueda-tratarse-un-cancer-cromosomico\/","name":"ORGANIZAN COLECTA PARA QUE CLAUDIA PUEDA TRATARSE UN C\u00c1NCER CROMOS\u00d3MICO - Apuntes de San Luis","isPartOf":{"@id":"https:\/\/apuntesdesanluis.com\/#website"},"primaryImageOfPage":{"@id":"https:\/\/apuntesdesanluis.com\/index.php\/2024\/12\/04\/organizan-colecta-para-que-claudia-pueda-tratarse-un-cancer-cromosomico\/#primaryimage"},"image":{"@id":"https:\/\/apuntesdesanluis.com\/index.php\/2024\/12\/04\/organizan-colecta-para-que-claudia-pueda-tratarse-un-cancer-cromosomico\/#primaryimage"},"thumbnailUrl":"https:\/\/apuntesdesanluis.com\/wp-content\/uploads\/2024\/12\/MEDICO.png","datePublished":"2024-12-04T21:02:55+00:00","dateModified":"2024-12-04T21:04:07+00:00","breadcrumb":{"@id":"https:\/\/apuntesdesanluis.com\/index.php\/2024\/12\/04\/organizan-colecta-para-que-claudia-pueda-tratarse-un-cancer-cromosomico\/#breadcrumb"},"inLanguage":"es-AR","potentialAction":[{"@type":"ReadAction","target":["https:\/\/apuntesdesanluis.com\/index.php\/2024\/12\/04\/organizan-colecta-para-que-claudia-pueda-tratarse-un-cancer-cromosomico\/"]}]},{"@type":"ImageObject","inLanguage":"es-AR","@id":"https:\/\/apuntesdesanluis.com\/index.php\/2024\/12\/04\/organizan-colecta-para-que-claudia-pueda-tratarse-un-cancer-cromosomico\/#primaryimage","url":"https:\/\/apuntesdesanluis.com\/wp-content\/uploads\/2024\/12\/MEDICO.png","contentUrl":"https:\/\/apuntesdesanluis.com\/wp-content\/uploads\/2024\/12\/MEDICO.png","width":750,"height":428},{"@type":"BreadcrumbList","@id":"https:\/\/apuntesdesanluis.com\/index.php\/2024\/12\/04\/organizan-colecta-para-que-claudia-pueda-tratarse-un-cancer-cromosomico\/#breadcrumb","itemListElement":[{"@type":"ListItem","position":1,"name":"Inicio","item":"https:\/\/apuntesdesanluis.com\/"},{"@type":"ListItem","position":2,"name":"ORGANIZAN COLECTA PARA QUE CLAUDIA PUEDA TRATARSE UN C\u00c1NCER CROMOS\u00d3MICO"}]},{"@type":"WebSite","@id":"https:\/\/apuntesdesanluis.com\/#website","url":"https:\/\/apuntesdesanluis.com\/","name":"Apuntes de San Luis","description":"","publisher":{"@id":"https:\/\/apuntesdesanluis.com\/#\/schema\/person\/b55151d52296fcce64d1a72538a70b90"},"potentialAction":[{"@type":"SearchAction","target":{"@type":"EntryPoint","urlTemplate":"https:\/\/apuntesdesanluis.com\/?s={search_term_string}"},"query-input":{"@type":"PropertyValueSpecification","valueRequired":true,"valueName":"search_term_string"}}],"inLanguage":"es-AR"},{"@type":["Person","Organization"],"@id":"https:\/\/apuntesdesanluis.com\/#\/schema\/person\/b55151d52296fcce64d1a72538a70b90","name":"apuntesdesanluis.com","image":{"@type":"ImageObject","inLanguage":"es-AR","@id":"https:\/\/apuntesdesanluis.com\/#\/schema\/person\/image\/","url":"https:\/\/apuntesdesanluis.com\/wp-content\/uploads\/2023\/07\/cropped-apuntesdesanluis.png","contentUrl":"https:\/\/apuntesdesanluis.com\/wp-content\/uploads\/2023\/07\/cropped-apuntesdesanluis.png","width":450,"height":112,"caption":"apuntesdesanluis.com"},"logo":{"@id":"https:\/\/apuntesdesanluis.com\/#\/schema\/person\/image\/"},"sameAs":["https:\/\/apuntesdesanluis.com"],"url":"https:\/\/apuntesdesanluis.com\/index.php\/author\/apuntesdesanluis-com\/"}]}},"featured_image_urls":{"full":["https:\/\/apuntesdesanluis.com\/wp-content\/uploads\/2024\/12\/MEDICO.png",750,428,false],"thumbnail":["https:\/\/apuntesdesanluis.com\/wp-content\/uploads\/2024\/12\/MEDICO-150x150.png",150,150,true],"medium":["https:\/\/apuntesdesanluis.com\/wp-content\/uploads\/2024\/12\/MEDICO-300x171.png",300,171,true],"medium_large":["https:\/\/apuntesdesanluis.com\/wp-content\/uploads\/2024\/12\/MEDICO.png",640,365,false],"large":["https:\/\/apuntesdesanluis.com\/wp-content\/uploads\/2024\/12\/MEDICO.png",640,365,false],"1536x1536":["https:\/\/apuntesdesanluis.com\/wp-content\/uploads\/2024\/12\/MEDICO.png",750,428,false],"2048x2048":["https:\/\/apuntesdesanluis.com\/wp-content\/uploads\/2024\/12\/MEDICO.png",750,428,false],"newsever-slider-full":["https:\/\/apuntesdesanluis.com\/wp-content\/uploads\/2024\/12\/MEDICO.png",750,428,false],"newsever-featured":["https:\/\/apuntesdesanluis.com\/wp-content\/uploads\/2024\/12\/MEDICO.png",750,428,false],"newsever-medium":["https:\/\/apuntesdesanluis.com\/wp-content\/uploads\/2024\/12\/MEDICO-720x428.png",720,428,true]},"author_info":{"display_name":"apuntesdesanluis.com","author_link":"https:\/\/apuntesdesanluis.com\/index.php\/author\/apuntesdesanluis-com\/"},"category_info":"<a href=\"https:\/\/apuntesdesanluis.com\/index.php\/category\/ciudad-provincia\/\" rel=\"category tag\">Ciudad\/Provincia<\/a>","tag_info":"Ciudad\/Provincia","comment_count":"0","_links":{"self":[{"href":"https:\/\/apuntesdesanluis.com\/index.php\/wp-json\/wp\/v2\/posts\/26209","targetHints":{"allow":["GET"]}}],"collection":[{"href":"https:\/\/apuntesdesanluis.com\/index.php\/wp-json\/wp\/v2\/posts"}],"about":[{"href":"https:\/\/apuntesdesanluis.com\/index.php\/wp-json\/wp\/v2\/types\/post"}],"author":[{"embeddable":true,"href":"https:\/\/apuntesdesanluis.com\/index.php\/wp-json\/wp\/v2\/users\/1"}],"replies":[{"embeddable":true,"href":"https:\/\/apuntesdesanluis.com\/index.php\/wp-json\/wp\/v2\/comments?post=26209"}],"version-history":[{"count":4,"href":"https:\/\/apuntesdesanluis.com\/index.php\/wp-json\/wp\/v2\/posts\/26209\/revisions"}],"predecessor-version":[{"id":26217,"href":"https:\/\/apuntesdesanluis.com\/index.php\/wp-json\/wp\/v2\/posts\/26209\/revisions\/26217"}],"wp:featuredmedia":[{"embeddable":true,"href":"https:\/\/apuntesdesanluis.com\/index.php\/wp-json\/wp\/v2\/media\/26214"}],"wp:attachment":[{"href":"https:\/\/apuntesdesanluis.com\/index.php\/wp-json\/wp\/v2\/media?parent=26209"}],"wp:term":[{"taxonomy":"category","embeddable":true,"href":"https:\/\/apuntesdesanluis.com\/index.php\/wp-json\/wp\/v2\/categories?post=26209"},{"taxonomy":"post_tag","embeddable":true,"href":"https:\/\/apuntesdesanluis.com\/index.php\/wp-json\/wp\/v2\/tags?post=26209"}],"curies":[{"name":"wp","href":"https:\/\/api.w.org\/{rel}","templated":true}]}}