{"id":26221,"date":"2024-12-04T18:57:08","date_gmt":"2024-12-04T21:57:08","guid":{"rendered":"https:\/\/apuntesdesanluis.com\/?p=26221"},"modified":"2024-12-04T18:57:52","modified_gmt":"2024-12-04T21:57:52","slug":"castro-luna-siento-un-gran-orgullo-y-compromiso-por-esta-designacion","status":"publish","type":"post","link":"https:\/\/apuntesdesanluis.com\/index.php\/2024\/12\/04\/castro-luna-siento-un-gran-orgullo-y-compromiso-por-esta-designacion\/","title":{"rendered":"CASTRO LUNA: \u201cSIENTO UN GRAN ORGULLO Y COMPROMISO POR ESTA DESIGNACI\u00d3N\u201d"},"content":{"rendered":"<h3>As\u00ed se expres\u00f3 el senador por el Departamento Pedernera, <strong>Adolfo Castro Luna<\/strong>, al ser elegido Presidente Provisional del Senado el martes \u00faltimo, en la sesi\u00f3n preparatoria de ese cuerpo.<\/h3>\n<h3>El cargo lo ubica segundo en la sucesi\u00f3n institucional, por lo que reemplaza al vicegobernador <strong>Ricardo Endeiza<\/strong> en caso de que \u00e9ste deba suplir al gobernador o al propio mandatario en caso de ausencia de la f\u00f3rmula.<\/h3>\n<h3>\u201cS\u00e9 que es un cargo de enorme responsabilidad institucional y agradezco profundamente la confianza de mi partido, Avanzar, por delegarme esta importante funci\u00f3n. Pero tambi\u00e9n valoro a mis pares y a mis adversarios pol\u00edticos, que estuvieron en el recinto acompa\u00f1ando la elecci\u00f3n de las nuevas autoridades, porque eso representa un signo de madurez y convivencia pol\u00edtica\u201d, resalt\u00f3.<\/h3>\n<h3>Por otro lado, el senador <strong>Sergio Guardia<\/strong> (Jun\u00edn) de la bancada oficialista fue designado vicepresidente primero y <strong>Juan Carlos Garc\u00eda<\/strong> (Belgrano) del bloque unipersonal dialoguista ser\u00e1 el vice segundo.<\/h3>\n<h3>Castro Luna puso de relieve adem\u00e1s el trabajo desarrollado durante todo el a\u00f1o, que \u201csuper\u00f3 con creces la labor legislativa de anteriores per\u00edodos. En gran medida, por la vigorosa impronta del gobierno, a partir de la asunci\u00f3n de <strong>Claudio Poggi<\/strong>, que impuls\u00f3 numerosas e importantes reformas y proyectos. A modo de ejemplo, afirm\u00f3 que por lo general cada a\u00f1o se aprueban entre 12 y 15 leyes, a diferencia de este 2024 donde el n\u00famero ronda las 50\u201d.<\/h3>\n<h3>En relaci\u00f3n con los restos de los cargos de la mesa directiva, los secretarios y prosecretarios continuar\u00e1n en funciones porque fueron electos en agosto y duran un a\u00f1o en sus funciones.<\/h3>\n<p>&nbsp;<\/p>\n<p>&nbsp;<\/p>\n<p>&nbsp;<\/p>\n","protected":false},"excerpt":{"rendered":"<p>As\u00ed se expres\u00f3 el senador por el Departamento Pedernera, Adolfo Castro Luna, al ser elegido&#8230;<\/p>\n","protected":false},"author":1,"featured_media":26222,"comment_status":"closed","ping_status":"closed","sticky":false,"template":"","format":"standard","meta":{"footnotes":""},"categories":[6],"tags":[],"class_list":["post-26221","post","type-post","status-publish","format-standard","has-post-thumbnail","hentry","category-ciudad-provincia"],"yoast_head":"<!-- This site is optimized with the Yoast SEO plugin v26.1.1 - https:\/\/yoast.com\/wordpress\/plugins\/seo\/ -->\n<title>CASTRO LUNA: \u201cSIENTO UN GRAN ORGULLO Y COMPROMISO POR ESTA DESIGNACI\u00d3N\u201d - Apuntes de San Luis<\/title>\n<meta name=\"robots\" content=\"index, follow, max-snippet:-1, max-image-preview:large, max-video-preview:-1\" \/>\n<link rel=\"canonical\" href=\"https:\/\/apuntesdesanluis.com\/index.php\/2024\/12\/04\/castro-luna-siento-un-gran-orgullo-y-compromiso-por-esta-designacion\/\" \/>\n<meta property=\"og:locale\" content=\"es_ES\" \/>\n<meta property=\"og:type\" content=\"article\" \/>\n<meta property=\"og:title\" content=\"CASTRO LUNA: \u201cSIENTO UN GRAN ORGULLO Y COMPROMISO POR ESTA DESIGNACI\u00d3N\u201d - Apuntes de San Luis\" \/>\n<meta property=\"og:description\" content=\"As\u00ed se expres\u00f3 el senador por el Departamento Pedernera, Adolfo Castro Luna, al ser elegido...\" \/>\n<meta property=\"og:url\" content=\"https:\/\/apuntesdesanluis.com\/index.php\/2024\/12\/04\/castro-luna-siento-un-gran-orgullo-y-compromiso-por-esta-designacion\/\" \/>\n<meta property=\"og:site_name\" content=\"Apuntes de San Luis\" \/>\n<meta property=\"article:published_time\" content=\"2024-12-04T21:57:08+00:00\" \/>\n<meta property=\"article:modified_time\" content=\"2024-12-04T21:57:52+00:00\" \/>\n<meta property=\"og:image\" content=\"https:\/\/apuntesdesanluis.com\/wp-content\/uploads\/2024\/12\/ADOLFO-CASTRO-LUNA.png\" \/>\n\t<meta property=\"og:image:width\" content=\"796\" \/>\n\t<meta property=\"og:image:height\" content=\"465\" \/>\n\t<meta property=\"og:image:type\" content=\"image\/png\" \/>\n<meta name=\"author\" content=\"apuntesdesanluis.com\" \/>\n<meta name=\"twitter:card\" content=\"summary_large_image\" \/>\n<meta name=\"twitter:label1\" content=\"Escrito por\" \/>\n\t<meta name=\"twitter:data1\" content=\"apuntesdesanluis.com\" \/>\n\t<meta name=\"twitter:label2\" content=\"Tiempo de lectura\" \/>\n\t<meta name=\"twitter:data2\" content=\"2 minutos\" \/>\n<script type=\"application\/ld+json\" class=\"yoast-schema-graph\">{\"@context\":\"https:\/\/schema.org\",\"@graph\":[{\"@type\":\"Article\",\"@id\":\"https:\/\/apuntesdesanluis.com\/index.php\/2024\/12\/04\/castro-luna-siento-un-gran-orgullo-y-compromiso-por-esta-designacion\/#article\",\"isPartOf\":{\"@id\":\"https:\/\/apuntesdesanluis.com\/index.php\/2024\/12\/04\/castro-luna-siento-un-gran-orgullo-y-compromiso-por-esta-designacion\/\"},\"author\":{\"name\":\"apuntesdesanluis.com\",\"@id\":\"https:\/\/apuntesdesanluis.com\/#\/schema\/person\/b55151d52296fcce64d1a72538a70b90\"},\"headline\":\"CASTRO LUNA: \u201cSIENTO UN GRAN ORGULLO Y COMPROMISO POR ESTA DESIGNACI\u00d3N\u201d\",\"datePublished\":\"2024-12-04T21:57:08+00:00\",\"dateModified\":\"2024-12-04T21:57:52+00:00\",\"mainEntityOfPage\":{\"@id\":\"https:\/\/apuntesdesanluis.com\/index.php\/2024\/12\/04\/castro-luna-siento-un-gran-orgullo-y-compromiso-por-esta-designacion\/\"},\"wordCount\":291,\"publisher\":{\"@id\":\"https:\/\/apuntesdesanluis.com\/#\/schema\/person\/b55151d52296fcce64d1a72538a70b90\"},\"image\":{\"@id\":\"https:\/\/apuntesdesanluis.com\/index.php\/2024\/12\/04\/castro-luna-siento-un-gran-orgullo-y-compromiso-por-esta-designacion\/#primaryimage\"},\"thumbnailUrl\":\"https:\/\/apuntesdesanluis.com\/wp-content\/uploads\/2024\/12\/ADOLFO-CASTRO-LUNA.png\",\"articleSection\":[\"Ciudad\/Provincia\"],\"inLanguage\":\"es-AR\"},{\"@type\":\"WebPage\",\"@id\":\"https:\/\/apuntesdesanluis.com\/index.php\/2024\/12\/04\/castro-luna-siento-un-gran-orgullo-y-compromiso-por-esta-designacion\/\",\"url\":\"https:\/\/apuntesdesanluis.com\/index.php\/2024\/12\/04\/castro-luna-siento-un-gran-orgullo-y-compromiso-por-esta-designacion\/\",\"name\":\"CASTRO LUNA: \u201cSIENTO UN GRAN ORGULLO Y COMPROMISO POR ESTA DESIGNACI\u00d3N\u201d - Apuntes de San Luis\",\"isPartOf\":{\"@id\":\"https:\/\/apuntesdesanluis.com\/#website\"},\"primaryImageOfPage\":{\"@id\":\"https:\/\/apuntesdesanluis.com\/index.php\/2024\/12\/04\/castro-luna-siento-un-gran-orgullo-y-compromiso-por-esta-designacion\/#primaryimage\"},\"image\":{\"@id\":\"https:\/\/apuntesdesanluis.com\/index.php\/2024\/12\/04\/castro-luna-siento-un-gran-orgullo-y-compromiso-por-esta-designacion\/#primaryimage\"},\"thumbnailUrl\":\"https:\/\/apuntesdesanluis.com\/wp-content\/uploads\/2024\/12\/ADOLFO-CASTRO-LUNA.png\",\"datePublished\":\"2024-12-04T21:57:08+00:00\",\"dateModified\":\"2024-12-04T21:57:52+00:00\",\"breadcrumb\":{\"@id\":\"https:\/\/apuntesdesanluis.com\/index.php\/2024\/12\/04\/castro-luna-siento-un-gran-orgullo-y-compromiso-por-esta-designacion\/#breadcrumb\"},\"inLanguage\":\"es-AR\",\"potentialAction\":[{\"@type\":\"ReadAction\",\"target\":[\"https:\/\/apuntesdesanluis.com\/index.php\/2024\/12\/04\/castro-luna-siento-un-gran-orgullo-y-compromiso-por-esta-designacion\/\"]}]},{\"@type\":\"ImageObject\",\"inLanguage\":\"es-AR\",\"@id\":\"https:\/\/apuntesdesanluis.com\/index.php\/2024\/12\/04\/castro-luna-siento-un-gran-orgullo-y-compromiso-por-esta-designacion\/#primaryimage\",\"url\":\"https:\/\/apuntesdesanluis.com\/wp-content\/uploads\/2024\/12\/ADOLFO-CASTRO-LUNA.png\",\"contentUrl\":\"https:\/\/apuntesdesanluis.com\/wp-content\/uploads\/2024\/12\/ADOLFO-CASTRO-LUNA.png\",\"width\":796,\"height\":465},{\"@type\":\"BreadcrumbList\",\"@id\":\"https:\/\/apuntesdesanluis.com\/index.php\/2024\/12\/04\/castro-luna-siento-un-gran-orgullo-y-compromiso-por-esta-designacion\/#breadcrumb\",\"itemListElement\":[{\"@type\":\"ListItem\",\"position\":1,\"name\":\"Inicio\",\"item\":\"https:\/\/apuntesdesanluis.com\/\"},{\"@type\":\"ListItem\",\"position\":2,\"name\":\"CASTRO LUNA: \u201cSIENTO UN GRAN ORGULLO Y COMPROMISO POR ESTA DESIGNACI\u00d3N\u201d\"}]},{\"@type\":\"WebSite\",\"@id\":\"https:\/\/apuntesdesanluis.com\/#website\",\"url\":\"https:\/\/apuntesdesanluis.com\/\",\"name\":\"Apuntes de San Luis\",\"description\":\"\",\"publisher\":{\"@id\":\"https:\/\/apuntesdesanluis.com\/#\/schema\/person\/b55151d52296fcce64d1a72538a70b90\"},\"potentialAction\":[{\"@type\":\"SearchAction\",\"target\":{\"@type\":\"EntryPoint\",\"urlTemplate\":\"https:\/\/apuntesdesanluis.com\/?s={search_term_string}\"},\"query-input\":{\"@type\":\"PropertyValueSpecification\",\"valueRequired\":true,\"valueName\":\"search_term_string\"}}],\"inLanguage\":\"es-AR\"},{\"@type\":[\"Person\",\"Organization\"],\"@id\":\"https:\/\/apuntesdesanluis.com\/#\/schema\/person\/b55151d52296fcce64d1a72538a70b90\",\"name\":\"apuntesdesanluis.com\",\"image\":{\"@type\":\"ImageObject\",\"inLanguage\":\"es-AR\",\"@id\":\"https:\/\/apuntesdesanluis.com\/#\/schema\/person\/image\/\",\"url\":\"https:\/\/apuntesdesanluis.com\/wp-content\/uploads\/2023\/07\/cropped-apuntesdesanluis.png\",\"contentUrl\":\"https:\/\/apuntesdesanluis.com\/wp-content\/uploads\/2023\/07\/cropped-apuntesdesanluis.png\",\"width\":450,\"height\":112,\"caption\":\"apuntesdesanluis.com\"},\"logo\":{\"@id\":\"https:\/\/apuntesdesanluis.com\/#\/schema\/person\/image\/\"},\"sameAs\":[\"https:\/\/apuntesdesanluis.com\"],\"url\":\"https:\/\/apuntesdesanluis.com\/index.php\/author\/apuntesdesanluis-com\/\"}]}<\/script>\n<!-- \/ Yoast SEO plugin. -->","yoast_head_json":{"title":"CASTRO LUNA: \u201cSIENTO UN GRAN ORGULLO Y COMPROMISO POR ESTA DESIGNACI\u00d3N\u201d - Apuntes de San Luis","robots":{"index":"index","follow":"follow","max-snippet":"max-snippet:-1","max-image-preview":"max-image-preview:large","max-video-preview":"max-video-preview:-1"},"canonical":"https:\/\/apuntesdesanluis.com\/index.php\/2024\/12\/04\/castro-luna-siento-un-gran-orgullo-y-compromiso-por-esta-designacion\/","og_locale":"es_ES","og_type":"article","og_title":"CASTRO LUNA: \u201cSIENTO UN GRAN ORGULLO Y COMPROMISO POR ESTA DESIGNACI\u00d3N\u201d - Apuntes de San Luis","og_description":"As\u00ed se expres\u00f3 el senador por el Departamento Pedernera, Adolfo Castro Luna, al ser elegido...","og_url":"https:\/\/apuntesdesanluis.com\/index.php\/2024\/12\/04\/castro-luna-siento-un-gran-orgullo-y-compromiso-por-esta-designacion\/","og_site_name":"Apuntes de San Luis","article_published_time":"2024-12-04T21:57:08+00:00","article_modified_time":"2024-12-04T21:57:52+00:00","og_image":[{"width":796,"height":465,"url":"https:\/\/apuntesdesanluis.com\/wp-content\/uploads\/2024\/12\/ADOLFO-CASTRO-LUNA.png","type":"image\/png"}],"author":"apuntesdesanluis.com","twitter_card":"summary_large_image","twitter_misc":{"Escrito por":"apuntesdesanluis.com","Tiempo de lectura":"2 minutos"},"schema":{"@context":"https:\/\/schema.org","@graph":[{"@type":"Article","@id":"https:\/\/apuntesdesanluis.com\/index.php\/2024\/12\/04\/castro-luna-siento-un-gran-orgullo-y-compromiso-por-esta-designacion\/#article","isPartOf":{"@id":"https:\/\/apuntesdesanluis.com\/index.php\/2024\/12\/04\/castro-luna-siento-un-gran-orgullo-y-compromiso-por-esta-designacion\/"},"author":{"name":"apuntesdesanluis.com","@id":"https:\/\/apuntesdesanluis.com\/#\/schema\/person\/b55151d52296fcce64d1a72538a70b90"},"headline":"CASTRO LUNA: \u201cSIENTO UN GRAN ORGULLO Y COMPROMISO POR ESTA DESIGNACI\u00d3N\u201d","datePublished":"2024-12-04T21:57:08+00:00","dateModified":"2024-12-04T21:57:52+00:00","mainEntityOfPage":{"@id":"https:\/\/apuntesdesanluis.com\/index.php\/2024\/12\/04\/castro-luna-siento-un-gran-orgullo-y-compromiso-por-esta-designacion\/"},"wordCount":291,"publisher":{"@id":"https:\/\/apuntesdesanluis.com\/#\/schema\/person\/b55151d52296fcce64d1a72538a70b90"},"image":{"@id":"https:\/\/apuntesdesanluis.com\/index.php\/2024\/12\/04\/castro-luna-siento-un-gran-orgullo-y-compromiso-por-esta-designacion\/#primaryimage"},"thumbnailUrl":"https:\/\/apuntesdesanluis.com\/wp-content\/uploads\/2024\/12\/ADOLFO-CASTRO-LUNA.png","articleSection":["Ciudad\/Provincia"],"inLanguage":"es-AR"},{"@type":"WebPage","@id":"https:\/\/apuntesdesanluis.com\/index.php\/2024\/12\/04\/castro-luna-siento-un-gran-orgullo-y-compromiso-por-esta-designacion\/","url":"https:\/\/apuntesdesanluis.com\/index.php\/2024\/12\/04\/castro-luna-siento-un-gran-orgullo-y-compromiso-por-esta-designacion\/","name":"CASTRO LUNA: \u201cSIENTO UN GRAN ORGULLO Y COMPROMISO POR ESTA DESIGNACI\u00d3N\u201d - Apuntes de San Luis","isPartOf":{"@id":"https:\/\/apuntesdesanluis.com\/#website"},"primaryImageOfPage":{"@id":"https:\/\/apuntesdesanluis.com\/index.php\/2024\/12\/04\/castro-luna-siento-un-gran-orgullo-y-compromiso-por-esta-designacion\/#primaryimage"},"image":{"@id":"https:\/\/apuntesdesanluis.com\/index.php\/2024\/12\/04\/castro-luna-siento-un-gran-orgullo-y-compromiso-por-esta-designacion\/#primaryimage"},"thumbnailUrl":"https:\/\/apuntesdesanluis.com\/wp-content\/uploads\/2024\/12\/ADOLFO-CASTRO-LUNA.png","datePublished":"2024-12-04T21:57:08+00:00","dateModified":"2024-12-04T21:57:52+00:00","breadcrumb":{"@id":"https:\/\/apuntesdesanluis.com\/index.php\/2024\/12\/04\/castro-luna-siento-un-gran-orgullo-y-compromiso-por-esta-designacion\/#breadcrumb"},"inLanguage":"es-AR","potentialAction":[{"@type":"ReadAction","target":["https:\/\/apuntesdesanluis.com\/index.php\/2024\/12\/04\/castro-luna-siento-un-gran-orgullo-y-compromiso-por-esta-designacion\/"]}]},{"@type":"ImageObject","inLanguage":"es-AR","@id":"https:\/\/apuntesdesanluis.com\/index.php\/2024\/12\/04\/castro-luna-siento-un-gran-orgullo-y-compromiso-por-esta-designacion\/#primaryimage","url":"https:\/\/apuntesdesanluis.com\/wp-content\/uploads\/2024\/12\/ADOLFO-CASTRO-LUNA.png","contentUrl":"https:\/\/apuntesdesanluis.com\/wp-content\/uploads\/2024\/12\/ADOLFO-CASTRO-LUNA.png","width":796,"height":465},{"@type":"BreadcrumbList","@id":"https:\/\/apuntesdesanluis.com\/index.php\/2024\/12\/04\/castro-luna-siento-un-gran-orgullo-y-compromiso-por-esta-designacion\/#breadcrumb","itemListElement":[{"@type":"ListItem","position":1,"name":"Inicio","item":"https:\/\/apuntesdesanluis.com\/"},{"@type":"ListItem","position":2,"name":"CASTRO LUNA: \u201cSIENTO UN GRAN ORGULLO Y COMPROMISO POR ESTA DESIGNACI\u00d3N\u201d"}]},{"@type":"WebSite","@id":"https:\/\/apuntesdesanluis.com\/#website","url":"https:\/\/apuntesdesanluis.com\/","name":"Apuntes de San Luis","description":"","publisher":{"@id":"https:\/\/apuntesdesanluis.com\/#\/schema\/person\/b55151d52296fcce64d1a72538a70b90"},"potentialAction":[{"@type":"SearchAction","target":{"@type":"EntryPoint","urlTemplate":"https:\/\/apuntesdesanluis.com\/?s={search_term_string}"},"query-input":{"@type":"PropertyValueSpecification","valueRequired":true,"valueName":"search_term_string"}}],"inLanguage":"es-AR"},{"@type":["Person","Organization"],"@id":"https:\/\/apuntesdesanluis.com\/#\/schema\/person\/b55151d52296fcce64d1a72538a70b90","name":"apuntesdesanluis.com","image":{"@type":"ImageObject","inLanguage":"es-AR","@id":"https:\/\/apuntesdesanluis.com\/#\/schema\/person\/image\/","url":"https:\/\/apuntesdesanluis.com\/wp-content\/uploads\/2023\/07\/cropped-apuntesdesanluis.png","contentUrl":"https:\/\/apuntesdesanluis.com\/wp-content\/uploads\/2023\/07\/cropped-apuntesdesanluis.png","width":450,"height":112,"caption":"apuntesdesanluis.com"},"logo":{"@id":"https:\/\/apuntesdesanluis.com\/#\/schema\/person\/image\/"},"sameAs":["https:\/\/apuntesdesanluis.com"],"url":"https:\/\/apuntesdesanluis.com\/index.php\/author\/apuntesdesanluis-com\/"}]}},"featured_image_urls":{"full":["https:\/\/apuntesdesanluis.com\/wp-content\/uploads\/2024\/12\/ADOLFO-CASTRO-LUNA.png",796,465,false],"thumbnail":["https:\/\/apuntesdesanluis.com\/wp-content\/uploads\/2024\/12\/ADOLFO-CASTRO-LUNA-150x150.png",150,150,true],"medium":["https:\/\/apuntesdesanluis.com\/wp-content\/uploads\/2024\/12\/ADOLFO-CASTRO-LUNA-300x175.png",300,175,true],"medium_large":["https:\/\/apuntesdesanluis.com\/wp-content\/uploads\/2024\/12\/ADOLFO-CASTRO-LUNA-768x449.png",640,374,true],"large":["https:\/\/apuntesdesanluis.com\/wp-content\/uploads\/2024\/12\/ADOLFO-CASTRO-LUNA.png",640,374,false],"1536x1536":["https:\/\/apuntesdesanluis.com\/wp-content\/uploads\/2024\/12\/ADOLFO-CASTRO-LUNA.png",796,465,false],"2048x2048":["https:\/\/apuntesdesanluis.com\/wp-content\/uploads\/2024\/12\/ADOLFO-CASTRO-LUNA.png",796,465,false],"newsever-slider-full":["https:\/\/apuntesdesanluis.com\/wp-content\/uploads\/2024\/12\/ADOLFO-CASTRO-LUNA.png",796,465,false],"newsever-featured":["https:\/\/apuntesdesanluis.com\/wp-content\/uploads\/2024\/12\/ADOLFO-CASTRO-LUNA.png",796,465,false],"newsever-medium":["https:\/\/apuntesdesanluis.com\/wp-content\/uploads\/2024\/12\/ADOLFO-CASTRO-LUNA-720x465.png",720,465,true]},"author_info":{"display_name":"apuntesdesanluis.com","author_link":"https:\/\/apuntesdesanluis.com\/index.php\/author\/apuntesdesanluis-com\/"},"category_info":"<a href=\"https:\/\/apuntesdesanluis.com\/index.php\/category\/ciudad-provincia\/\" rel=\"category tag\">Ciudad\/Provincia<\/a>","tag_info":"Ciudad\/Provincia","comment_count":"0","_links":{"self":[{"href":"https:\/\/apuntesdesanluis.com\/index.php\/wp-json\/wp\/v2\/posts\/26221","targetHints":{"allow":["GET"]}}],"collection":[{"href":"https:\/\/apuntesdesanluis.com\/index.php\/wp-json\/wp\/v2\/posts"}],"about":[{"href":"https:\/\/apuntesdesanluis.com\/index.php\/wp-json\/wp\/v2\/types\/post"}],"author":[{"embeddable":true,"href":"https:\/\/apuntesdesanluis.com\/index.php\/wp-json\/wp\/v2\/users\/1"}],"replies":[{"embeddable":true,"href":"https:\/\/apuntesdesanluis.com\/index.php\/wp-json\/wp\/v2\/comments?post=26221"}],"version-history":[{"count":2,"href":"https:\/\/apuntesdesanluis.com\/index.php\/wp-json\/wp\/v2\/posts\/26221\/revisions"}],"predecessor-version":[{"id":26224,"href":"https:\/\/apuntesdesanluis.com\/index.php\/wp-json\/wp\/v2\/posts\/26221\/revisions\/26224"}],"wp:featuredmedia":[{"embeddable":true,"href":"https:\/\/apuntesdesanluis.com\/index.php\/wp-json\/wp\/v2\/media\/26222"}],"wp:attachment":[{"href":"https:\/\/apuntesdesanluis.com\/index.php\/wp-json\/wp\/v2\/media?parent=26221"}],"wp:term":[{"taxonomy":"category","embeddable":true,"href":"https:\/\/apuntesdesanluis.com\/index.php\/wp-json\/wp\/v2\/categories?post=26221"},{"taxonomy":"post_tag","embeddable":true,"href":"https:\/\/apuntesdesanluis.com\/index.php\/wp-json\/wp\/v2\/tags?post=26221"}],"curies":[{"name":"wp","href":"https:\/\/api.w.org\/{rel}","templated":true}]}}