{"id":26229,"date":"2024-12-04T19:26:18","date_gmt":"2024-12-04T22:26:18","guid":{"rendered":"https:\/\/apuntesdesanluis.com\/?p=26229"},"modified":"2024-12-04T19:26:18","modified_gmt":"2024-12-04T22:26:18","slug":"ordenan-colocar-dispositivo-dual-en-una-causa-de-amenazas-y-danos","status":"publish","type":"post","link":"https:\/\/apuntesdesanluis.com\/index.php\/2024\/12\/04\/ordenan-colocar-dispositivo-dual-en-una-causa-de-amenazas-y-danos\/","title":{"rendered":"ORDENAN COLOCAR DISPOSITIVO DUAL EN UNA CAUSA DE AMENAZAS Y DA\u00d1OS"},"content":{"rendered":"<h3>La medida se dispuso en una causa en contexto de violencia de g\u00e9nero. La audiencia se desarroll\u00f3 en el Juzgado de Garant\u00eda N\u00ba 3 de la Segunda Circunscripci\u00f3n Judicial.<\/h3>\n<h3>Este mi\u00e9rcoles, vencida ya la pr\u00f3rroga de detenci\u00f3n para un imputado por amenazas agravadas por el uso de arma y da\u00f1os, en contexto de violencia de g\u00e9nero, se desarroll\u00f3 una nueva audiencia en donde se autoriz\u00f3 la colocaci\u00f3n del dispositivo dual.<\/h3>\n<h3>La Fiscal\u00eda solicit\u00f3 la medida de prisi\u00f3n preventiva, mientras que la Defensa inform\u00f3 que se realiz\u00f3 una encuesta socio ambiental en el domicilio donde residir\u00e1 el imputado, y un estudio de otros expedientes en donde existir\u00edan denuncias por parte del imputado respecto a la denunciante.<\/h3>\n<h3>La Defensa solicit\u00f3 la colocaci\u00f3n de un dispositivo dual a los fines de cautelar el proceso.<\/h3>\n<h3>Luego de la exposici\u00f3n de las partes, la Dra. Mirta Ucelay \u2013Juez de Garant\u00eda N\u00ba 3- resolvi\u00f3 autorizar la colocaci\u00f3n del dispositivo dual atento la admisibilidad del mismo en car\u00e1cter de urgente, y dispuso una prohibici\u00f3n de acercamiento rec\u00edproca por 500 metros y por cualquier medio bajo apercibimiento de que si incumple la medida, se revocar\u00e1 y se adoptar\u00e1 la solicitada por el Ministerio P\u00fablico Fiscal. Por otro lado, manifest\u00f3 que ante la posibilidad de menores en riesgo que, la Defensor\u00eda de Ni\u00f1ez, tome las medidas correspondientes.<\/h3>\n<h3>El dispositivo consta de dos rastreadores: uno tipo celular, destinado a la persona en situaci\u00f3n de violencia (v\u00edctima), y una tobillera para el agresor, que funcionan vinculados bajo el sistema de geo posicionamiento.<\/h3>\n<p><img fetchpriority=\"high\" decoding=\"async\" class=\"wp-image-26231 aligncenter\" src=\"https:\/\/apuntesdesanluis.com\/wp-content\/uploads\/2024\/12\/tobillera-300x206.png\" alt=\"\" width=\"596\" height=\"409\" srcset=\"https:\/\/apuntesdesanluis.com\/wp-content\/uploads\/2024\/12\/tobillera-300x206.png 300w, https:\/\/apuntesdesanluis.com\/wp-content\/uploads\/2024\/12\/tobillera.png 668w\" sizes=\"(max-width: 596px) 100vw, 596px\" \/><\/p>\n<h3>En representaci\u00f3n del Ministerio P\u00fablico Fiscal intervino la Dra. Julieta Moyano \u2013Fiscal Adjunta-, en representaci\u00f3n del Ministerio P\u00fablico de la Defensa, la Dra. Noelia Paez \u2013Defensora Adjunta-. Como Secretaria del Juzgado intervino la Dra. Natalia Pereyra Cardini.<\/h3>\n<h3><\/h3>\n<h3><\/h3>\n<h3><\/h3>\n<p>&nbsp;<\/p>\n<p>&nbsp;<\/p>\n","protected":false},"excerpt":{"rendered":"<p>La medida se dispuso en una causa en contexto de violencia de g\u00e9nero. La audiencia&#8230;<\/p>\n","protected":false},"author":1,"featured_media":26230,"comment_status":"closed","ping_status":"closed","sticky":false,"template":"","format":"standard","meta":{"footnotes":""},"categories":[6],"tags":[],"class_list":["post-26229","post","type-post","status-publish","format-standard","has-post-thumbnail","hentry","category-ciudad-provincia"],"yoast_head":"<!-- This site is optimized with the Yoast SEO plugin v26.1.1 - https:\/\/yoast.com\/wordpress\/plugins\/seo\/ -->\n<title>ORDENAN COLOCAR DISPOSITIVO DUAL EN UNA CAUSA DE AMENAZAS Y DA\u00d1OS - Apuntes de San Luis<\/title>\n<meta name=\"robots\" content=\"index, follow, max-snippet:-1, max-image-preview:large, max-video-preview:-1\" \/>\n<link rel=\"canonical\" href=\"https:\/\/apuntesdesanluis.com\/index.php\/2024\/12\/04\/ordenan-colocar-dispositivo-dual-en-una-causa-de-amenazas-y-danos\/\" \/>\n<meta property=\"og:locale\" content=\"es_ES\" \/>\n<meta property=\"og:type\" content=\"article\" \/>\n<meta property=\"og:title\" content=\"ORDENAN COLOCAR DISPOSITIVO DUAL EN UNA CAUSA DE AMENAZAS Y DA\u00d1OS - Apuntes de San Luis\" \/>\n<meta property=\"og:description\" content=\"La medida se dispuso en una causa en contexto de violencia de g\u00e9nero. La audiencia...\" \/>\n<meta property=\"og:url\" content=\"https:\/\/apuntesdesanluis.com\/index.php\/2024\/12\/04\/ordenan-colocar-dispositivo-dual-en-una-causa-de-amenazas-y-danos\/\" \/>\n<meta property=\"og:site_name\" content=\"Apuntes de San Luis\" \/>\n<meta property=\"article:published_time\" content=\"2024-12-04T22:26:18+00:00\" \/>\n<meta property=\"og:image\" content=\"https:\/\/apuntesdesanluis.com\/wp-content\/uploads\/2024\/12\/dispositivo-dual.png\" \/>\n\t<meta property=\"og:image:width\" content=\"639\" \/>\n\t<meta property=\"og:image:height\" content=\"393\" \/>\n\t<meta property=\"og:image:type\" content=\"image\/png\" \/>\n<meta name=\"author\" content=\"apuntesdesanluis.com\" \/>\n<meta name=\"twitter:card\" content=\"summary_large_image\" \/>\n<meta name=\"twitter:label1\" content=\"Escrito por\" \/>\n\t<meta name=\"twitter:data1\" content=\"apuntesdesanluis.com\" \/>\n\t<meta name=\"twitter:label2\" content=\"Tiempo de lectura\" \/>\n\t<meta name=\"twitter:data2\" content=\"2 minutos\" \/>\n<script type=\"application\/ld+json\" class=\"yoast-schema-graph\">{\"@context\":\"https:\/\/schema.org\",\"@graph\":[{\"@type\":\"Article\",\"@id\":\"https:\/\/apuntesdesanluis.com\/index.php\/2024\/12\/04\/ordenan-colocar-dispositivo-dual-en-una-causa-de-amenazas-y-danos\/#article\",\"isPartOf\":{\"@id\":\"https:\/\/apuntesdesanluis.com\/index.php\/2024\/12\/04\/ordenan-colocar-dispositivo-dual-en-una-causa-de-amenazas-y-danos\/\"},\"author\":{\"name\":\"apuntesdesanluis.com\",\"@id\":\"https:\/\/apuntesdesanluis.com\/#\/schema\/person\/b55151d52296fcce64d1a72538a70b90\"},\"headline\":\"ORDENAN COLOCAR DISPOSITIVO DUAL EN UNA CAUSA DE AMENAZAS Y DA\u00d1OS\",\"datePublished\":\"2024-12-04T22:26:18+00:00\",\"mainEntityOfPage\":{\"@id\":\"https:\/\/apuntesdesanluis.com\/index.php\/2024\/12\/04\/ordenan-colocar-dispositivo-dual-en-una-causa-de-amenazas-y-danos\/\"},\"wordCount\":328,\"publisher\":{\"@id\":\"https:\/\/apuntesdesanluis.com\/#\/schema\/person\/b55151d52296fcce64d1a72538a70b90\"},\"image\":{\"@id\":\"https:\/\/apuntesdesanluis.com\/index.php\/2024\/12\/04\/ordenan-colocar-dispositivo-dual-en-una-causa-de-amenazas-y-danos\/#primaryimage\"},\"thumbnailUrl\":\"https:\/\/apuntesdesanluis.com\/wp-content\/uploads\/2024\/12\/dispositivo-dual.png\",\"articleSection\":[\"Ciudad\/Provincia\"],\"inLanguage\":\"es-AR\"},{\"@type\":\"WebPage\",\"@id\":\"https:\/\/apuntesdesanluis.com\/index.php\/2024\/12\/04\/ordenan-colocar-dispositivo-dual-en-una-causa-de-amenazas-y-danos\/\",\"url\":\"https:\/\/apuntesdesanluis.com\/index.php\/2024\/12\/04\/ordenan-colocar-dispositivo-dual-en-una-causa-de-amenazas-y-danos\/\",\"name\":\"ORDENAN COLOCAR DISPOSITIVO DUAL EN UNA CAUSA DE AMENAZAS Y DA\u00d1OS - Apuntes de San Luis\",\"isPartOf\":{\"@id\":\"https:\/\/apuntesdesanluis.com\/#website\"},\"primaryImageOfPage\":{\"@id\":\"https:\/\/apuntesdesanluis.com\/index.php\/2024\/12\/04\/ordenan-colocar-dispositivo-dual-en-una-causa-de-amenazas-y-danos\/#primaryimage\"},\"image\":{\"@id\":\"https:\/\/apuntesdesanluis.com\/index.php\/2024\/12\/04\/ordenan-colocar-dispositivo-dual-en-una-causa-de-amenazas-y-danos\/#primaryimage\"},\"thumbnailUrl\":\"https:\/\/apuntesdesanluis.com\/wp-content\/uploads\/2024\/12\/dispositivo-dual.png\",\"datePublished\":\"2024-12-04T22:26:18+00:00\",\"breadcrumb\":{\"@id\":\"https:\/\/apuntesdesanluis.com\/index.php\/2024\/12\/04\/ordenan-colocar-dispositivo-dual-en-una-causa-de-amenazas-y-danos\/#breadcrumb\"},\"inLanguage\":\"es-AR\",\"potentialAction\":[{\"@type\":\"ReadAction\",\"target\":[\"https:\/\/apuntesdesanluis.com\/index.php\/2024\/12\/04\/ordenan-colocar-dispositivo-dual-en-una-causa-de-amenazas-y-danos\/\"]}]},{\"@type\":\"ImageObject\",\"inLanguage\":\"es-AR\",\"@id\":\"https:\/\/apuntesdesanluis.com\/index.php\/2024\/12\/04\/ordenan-colocar-dispositivo-dual-en-una-causa-de-amenazas-y-danos\/#primaryimage\",\"url\":\"https:\/\/apuntesdesanluis.com\/wp-content\/uploads\/2024\/12\/dispositivo-dual.png\",\"contentUrl\":\"https:\/\/apuntesdesanluis.com\/wp-content\/uploads\/2024\/12\/dispositivo-dual.png\",\"width\":639,\"height\":393},{\"@type\":\"BreadcrumbList\",\"@id\":\"https:\/\/apuntesdesanluis.com\/index.php\/2024\/12\/04\/ordenan-colocar-dispositivo-dual-en-una-causa-de-amenazas-y-danos\/#breadcrumb\",\"itemListElement\":[{\"@type\":\"ListItem\",\"position\":1,\"name\":\"Inicio\",\"item\":\"https:\/\/apuntesdesanluis.com\/\"},{\"@type\":\"ListItem\",\"position\":2,\"name\":\"ORDENAN COLOCAR DISPOSITIVO DUAL EN UNA CAUSA DE AMENAZAS Y DA\u00d1OS\"}]},{\"@type\":\"WebSite\",\"@id\":\"https:\/\/apuntesdesanluis.com\/#website\",\"url\":\"https:\/\/apuntesdesanluis.com\/\",\"name\":\"Apuntes de San Luis\",\"description\":\"\",\"publisher\":{\"@id\":\"https:\/\/apuntesdesanluis.com\/#\/schema\/person\/b55151d52296fcce64d1a72538a70b90\"},\"potentialAction\":[{\"@type\":\"SearchAction\",\"target\":{\"@type\":\"EntryPoint\",\"urlTemplate\":\"https:\/\/apuntesdesanluis.com\/?s={search_term_string}\"},\"query-input\":{\"@type\":\"PropertyValueSpecification\",\"valueRequired\":true,\"valueName\":\"search_term_string\"}}],\"inLanguage\":\"es-AR\"},{\"@type\":[\"Person\",\"Organization\"],\"@id\":\"https:\/\/apuntesdesanluis.com\/#\/schema\/person\/b55151d52296fcce64d1a72538a70b90\",\"name\":\"apuntesdesanluis.com\",\"image\":{\"@type\":\"ImageObject\",\"inLanguage\":\"es-AR\",\"@id\":\"https:\/\/apuntesdesanluis.com\/#\/schema\/person\/image\/\",\"url\":\"https:\/\/apuntesdesanluis.com\/wp-content\/uploads\/2023\/07\/cropped-apuntesdesanluis.png\",\"contentUrl\":\"https:\/\/apuntesdesanluis.com\/wp-content\/uploads\/2023\/07\/cropped-apuntesdesanluis.png\",\"width\":450,\"height\":112,\"caption\":\"apuntesdesanluis.com\"},\"logo\":{\"@id\":\"https:\/\/apuntesdesanluis.com\/#\/schema\/person\/image\/\"},\"sameAs\":[\"https:\/\/apuntesdesanluis.com\"],\"url\":\"https:\/\/apuntesdesanluis.com\/index.php\/author\/apuntesdesanluis-com\/\"}]}<\/script>\n<!-- \/ Yoast SEO plugin. -->","yoast_head_json":{"title":"ORDENAN COLOCAR DISPOSITIVO DUAL EN UNA CAUSA DE AMENAZAS Y DA\u00d1OS - Apuntes de San Luis","robots":{"index":"index","follow":"follow","max-snippet":"max-snippet:-1","max-image-preview":"max-image-preview:large","max-video-preview":"max-video-preview:-1"},"canonical":"https:\/\/apuntesdesanluis.com\/index.php\/2024\/12\/04\/ordenan-colocar-dispositivo-dual-en-una-causa-de-amenazas-y-danos\/","og_locale":"es_ES","og_type":"article","og_title":"ORDENAN COLOCAR DISPOSITIVO DUAL EN UNA CAUSA DE AMENAZAS Y DA\u00d1OS - Apuntes de San Luis","og_description":"La medida se dispuso en una causa en contexto de violencia de g\u00e9nero. La audiencia...","og_url":"https:\/\/apuntesdesanluis.com\/index.php\/2024\/12\/04\/ordenan-colocar-dispositivo-dual-en-una-causa-de-amenazas-y-danos\/","og_site_name":"Apuntes de San Luis","article_published_time":"2024-12-04T22:26:18+00:00","og_image":[{"width":639,"height":393,"url":"https:\/\/apuntesdesanluis.com\/wp-content\/uploads\/2024\/12\/dispositivo-dual.png","type":"image\/png"}],"author":"apuntesdesanluis.com","twitter_card":"summary_large_image","twitter_misc":{"Escrito por":"apuntesdesanluis.com","Tiempo de lectura":"2 minutos"},"schema":{"@context":"https:\/\/schema.org","@graph":[{"@type":"Article","@id":"https:\/\/apuntesdesanluis.com\/index.php\/2024\/12\/04\/ordenan-colocar-dispositivo-dual-en-una-causa-de-amenazas-y-danos\/#article","isPartOf":{"@id":"https:\/\/apuntesdesanluis.com\/index.php\/2024\/12\/04\/ordenan-colocar-dispositivo-dual-en-una-causa-de-amenazas-y-danos\/"},"author":{"name":"apuntesdesanluis.com","@id":"https:\/\/apuntesdesanluis.com\/#\/schema\/person\/b55151d52296fcce64d1a72538a70b90"},"headline":"ORDENAN COLOCAR DISPOSITIVO DUAL EN UNA CAUSA DE AMENAZAS Y DA\u00d1OS","datePublished":"2024-12-04T22:26:18+00:00","mainEntityOfPage":{"@id":"https:\/\/apuntesdesanluis.com\/index.php\/2024\/12\/04\/ordenan-colocar-dispositivo-dual-en-una-causa-de-amenazas-y-danos\/"},"wordCount":328,"publisher":{"@id":"https:\/\/apuntesdesanluis.com\/#\/schema\/person\/b55151d52296fcce64d1a72538a70b90"},"image":{"@id":"https:\/\/apuntesdesanluis.com\/index.php\/2024\/12\/04\/ordenan-colocar-dispositivo-dual-en-una-causa-de-amenazas-y-danos\/#primaryimage"},"thumbnailUrl":"https:\/\/apuntesdesanluis.com\/wp-content\/uploads\/2024\/12\/dispositivo-dual.png","articleSection":["Ciudad\/Provincia"],"inLanguage":"es-AR"},{"@type":"WebPage","@id":"https:\/\/apuntesdesanluis.com\/index.php\/2024\/12\/04\/ordenan-colocar-dispositivo-dual-en-una-causa-de-amenazas-y-danos\/","url":"https:\/\/apuntesdesanluis.com\/index.php\/2024\/12\/04\/ordenan-colocar-dispositivo-dual-en-una-causa-de-amenazas-y-danos\/","name":"ORDENAN COLOCAR DISPOSITIVO DUAL EN UNA CAUSA DE AMENAZAS Y DA\u00d1OS - Apuntes de San Luis","isPartOf":{"@id":"https:\/\/apuntesdesanluis.com\/#website"},"primaryImageOfPage":{"@id":"https:\/\/apuntesdesanluis.com\/index.php\/2024\/12\/04\/ordenan-colocar-dispositivo-dual-en-una-causa-de-amenazas-y-danos\/#primaryimage"},"image":{"@id":"https:\/\/apuntesdesanluis.com\/index.php\/2024\/12\/04\/ordenan-colocar-dispositivo-dual-en-una-causa-de-amenazas-y-danos\/#primaryimage"},"thumbnailUrl":"https:\/\/apuntesdesanluis.com\/wp-content\/uploads\/2024\/12\/dispositivo-dual.png","datePublished":"2024-12-04T22:26:18+00:00","breadcrumb":{"@id":"https:\/\/apuntesdesanluis.com\/index.php\/2024\/12\/04\/ordenan-colocar-dispositivo-dual-en-una-causa-de-amenazas-y-danos\/#breadcrumb"},"inLanguage":"es-AR","potentialAction":[{"@type":"ReadAction","target":["https:\/\/apuntesdesanluis.com\/index.php\/2024\/12\/04\/ordenan-colocar-dispositivo-dual-en-una-causa-de-amenazas-y-danos\/"]}]},{"@type":"ImageObject","inLanguage":"es-AR","@id":"https:\/\/apuntesdesanluis.com\/index.php\/2024\/12\/04\/ordenan-colocar-dispositivo-dual-en-una-causa-de-amenazas-y-danos\/#primaryimage","url":"https:\/\/apuntesdesanluis.com\/wp-content\/uploads\/2024\/12\/dispositivo-dual.png","contentUrl":"https:\/\/apuntesdesanluis.com\/wp-content\/uploads\/2024\/12\/dispositivo-dual.png","width":639,"height":393},{"@type":"BreadcrumbList","@id":"https:\/\/apuntesdesanluis.com\/index.php\/2024\/12\/04\/ordenan-colocar-dispositivo-dual-en-una-causa-de-amenazas-y-danos\/#breadcrumb","itemListElement":[{"@type":"ListItem","position":1,"name":"Inicio","item":"https:\/\/apuntesdesanluis.com\/"},{"@type":"ListItem","position":2,"name":"ORDENAN COLOCAR DISPOSITIVO DUAL EN UNA CAUSA DE AMENAZAS Y DA\u00d1OS"}]},{"@type":"WebSite","@id":"https:\/\/apuntesdesanluis.com\/#website","url":"https:\/\/apuntesdesanluis.com\/","name":"Apuntes de San Luis","description":"","publisher":{"@id":"https:\/\/apuntesdesanluis.com\/#\/schema\/person\/b55151d52296fcce64d1a72538a70b90"},"potentialAction":[{"@type":"SearchAction","target":{"@type":"EntryPoint","urlTemplate":"https:\/\/apuntesdesanluis.com\/?s={search_term_string}"},"query-input":{"@type":"PropertyValueSpecification","valueRequired":true,"valueName":"search_term_string"}}],"inLanguage":"es-AR"},{"@type":["Person","Organization"],"@id":"https:\/\/apuntesdesanluis.com\/#\/schema\/person\/b55151d52296fcce64d1a72538a70b90","name":"apuntesdesanluis.com","image":{"@type":"ImageObject","inLanguage":"es-AR","@id":"https:\/\/apuntesdesanluis.com\/#\/schema\/person\/image\/","url":"https:\/\/apuntesdesanluis.com\/wp-content\/uploads\/2023\/07\/cropped-apuntesdesanluis.png","contentUrl":"https:\/\/apuntesdesanluis.com\/wp-content\/uploads\/2023\/07\/cropped-apuntesdesanluis.png","width":450,"height":112,"caption":"apuntesdesanluis.com"},"logo":{"@id":"https:\/\/apuntesdesanluis.com\/#\/schema\/person\/image\/"},"sameAs":["https:\/\/apuntesdesanluis.com"],"url":"https:\/\/apuntesdesanluis.com\/index.php\/author\/apuntesdesanluis-com\/"}]}},"featured_image_urls":{"full":["https:\/\/apuntesdesanluis.com\/wp-content\/uploads\/2024\/12\/dispositivo-dual.png",639,393,false],"thumbnail":["https:\/\/apuntesdesanluis.com\/wp-content\/uploads\/2024\/12\/dispositivo-dual-150x150.png",150,150,true],"medium":["https:\/\/apuntesdesanluis.com\/wp-content\/uploads\/2024\/12\/dispositivo-dual-300x185.png",300,185,true],"medium_large":["https:\/\/apuntesdesanluis.com\/wp-content\/uploads\/2024\/12\/dispositivo-dual.png",639,393,false],"large":["https:\/\/apuntesdesanluis.com\/wp-content\/uploads\/2024\/12\/dispositivo-dual.png",639,393,false],"1536x1536":["https:\/\/apuntesdesanluis.com\/wp-content\/uploads\/2024\/12\/dispositivo-dual.png",639,393,false],"2048x2048":["https:\/\/apuntesdesanluis.com\/wp-content\/uploads\/2024\/12\/dispositivo-dual.png",639,393,false],"newsever-slider-full":["https:\/\/apuntesdesanluis.com\/wp-content\/uploads\/2024\/12\/dispositivo-dual.png",639,393,false],"newsever-featured":["https:\/\/apuntesdesanluis.com\/wp-content\/uploads\/2024\/12\/dispositivo-dual.png",639,393,false],"newsever-medium":["https:\/\/apuntesdesanluis.com\/wp-content\/uploads\/2024\/12\/dispositivo-dual.png",639,393,false]},"author_info":{"display_name":"apuntesdesanluis.com","author_link":"https:\/\/apuntesdesanluis.com\/index.php\/author\/apuntesdesanluis-com\/"},"category_info":"<a href=\"https:\/\/apuntesdesanluis.com\/index.php\/category\/ciudad-provincia\/\" rel=\"category tag\">Ciudad\/Provincia<\/a>","tag_info":"Ciudad\/Provincia","comment_count":"0","_links":{"self":[{"href":"https:\/\/apuntesdesanluis.com\/index.php\/wp-json\/wp\/v2\/posts\/26229","targetHints":{"allow":["GET"]}}],"collection":[{"href":"https:\/\/apuntesdesanluis.com\/index.php\/wp-json\/wp\/v2\/posts"}],"about":[{"href":"https:\/\/apuntesdesanluis.com\/index.php\/wp-json\/wp\/v2\/types\/post"}],"author":[{"embeddable":true,"href":"https:\/\/apuntesdesanluis.com\/index.php\/wp-json\/wp\/v2\/users\/1"}],"replies":[{"embeddable":true,"href":"https:\/\/apuntesdesanluis.com\/index.php\/wp-json\/wp\/v2\/comments?post=26229"}],"version-history":[{"count":1,"href":"https:\/\/apuntesdesanluis.com\/index.php\/wp-json\/wp\/v2\/posts\/26229\/revisions"}],"predecessor-version":[{"id":26232,"href":"https:\/\/apuntesdesanluis.com\/index.php\/wp-json\/wp\/v2\/posts\/26229\/revisions\/26232"}],"wp:featuredmedia":[{"embeddable":true,"href":"https:\/\/apuntesdesanluis.com\/index.php\/wp-json\/wp\/v2\/media\/26230"}],"wp:attachment":[{"href":"https:\/\/apuntesdesanluis.com\/index.php\/wp-json\/wp\/v2\/media?parent=26229"}],"wp:term":[{"taxonomy":"category","embeddable":true,"href":"https:\/\/apuntesdesanluis.com\/index.php\/wp-json\/wp\/v2\/categories?post=26229"},{"taxonomy":"post_tag","embeddable":true,"href":"https:\/\/apuntesdesanluis.com\/index.php\/wp-json\/wp\/v2\/tags?post=26229"}],"curies":[{"name":"wp","href":"https:\/\/api.w.org\/{rel}","templated":true}]}}