{"id":26238,"date":"2024-12-04T20:22:03","date_gmt":"2024-12-04T23:22:03","guid":{"rendered":"https:\/\/apuntesdesanluis.com\/?p=26238"},"modified":"2024-12-04T20:22:03","modified_gmt":"2024-12-04T23:22:03","slug":"martin-menem-fue-reelecto-como-presidente-de-la-camara-de-diputados-en-un-clima-de-tension-con-la-oposicion","status":"publish","type":"post","link":"https:\/\/apuntesdesanluis.com\/index.php\/2024\/12\/04\/martin-menem-fue-reelecto-como-presidente-de-la-camara-de-diputados-en-un-clima-de-tension-con-la-oposicion\/","title":{"rendered":"MART\u00cdN MENEM FUE REELECTO COMO PRESIDENTE DE LA C\u00c1MARA DE DIPUTADOS EN UN CLIMA DE TENSI\u00d3N CON LA OPOSICI\u00d3N"},"content":{"rendered":"<h3><strong>Mart\u00edn Menem<\/strong> fue reelecto como presidente de la C\u00e1mara de Diputados gracias al apoyo de los bloques dialoguistas, a pesar del fuerte malestar que reina en amplios sectores de la oposici\u00f3n. El peronismo dio qu\u00f3rum para iniciar la sesi\u00f3n preparatoria, pero luego critic\u00f3 en duros t\u00e9rminos al riojano y se abstuvo para no validarlo.<\/h3>\n<h3>Uno de los primeros en hablar, tras la nominaci\u00f3n formal de Menem como presidente, fue el presidente de la bancada de Uni\u00f3n por la Patria, Germ\u00e1n Mart\u00ednez. El santafesino acus\u00f3 a Menem, entre otras cosas, de no respetar los acuerdos pol\u00edticos, de bloquear el tratamiento del DNU 70\/23, de cerrar la comisi\u00f3n de Juicio Pol\u00edtico y de no conformar algunas bicamerales clave.<\/h3>\n<h3>\u201cPrestaron veh\u00edculos para ir a visitar a genocidas a Ezeiza, reprimieron diputados y nunca hubo solidaridad, ni que hablar del trato con los trabajadores de esta C\u00e1mara, lo que se vive es angustia y desolaci\u00f3n. Adem\u00e1s, el presidente de esta C\u00e1mara deber\u00eda estar garantizando que la Argentina tenga el a\u00f1o pasado un proyecto de Presupuesto. Ac\u00e1 es como si nada pasara\u201d, enumer\u00f3 el jefe de bloque peronista.<\/h3>\n<h3>Finalmente, Mart\u00ednez confirm\u00f3 que el peronismo no votar\u00eda a favor del candidato oficialista. \u201cAceptamos que le corresponde al bloque del partido de gobierno, pero nadie quer\u00eda ponerle un voto a Menem\u201d, resumi\u00f3 un diputado del peronismo bonaerense.<\/h3>\n<h3>Luego fue el turno de Cristian Ritondo, quien reivindic\u00f3 a Menem a pesar del malestar interno en la bancada del PRO tras el fracaso del tratamiento de Ficha Limpia y la tensi\u00f3n entre Mauricio Macri y Milei por la reticencia en llegar a un acuerdo electoral. \u201cVamos a acompa\u00f1ar a Mart\u00edn Menem porque le toc\u00f3 un a\u00f1o dif\u00edcil con un bloque chico. Hab\u00eda que componer mayor\u00edas con m\u00e1s de dos bloques. Vamos a respaldar su trabajo\u201d, dijo Ritondo en su breve exposici\u00f3n.<\/h3>\n<h4 style=\"text-align: center;\"><img fetchpriority=\"high\" decoding=\"async\" class=\"wp-image-26240 aligncenter\" src=\"https:\/\/apuntesdesanluis.com\/wp-content\/uploads\/2024\/12\/adorni-y-karina-300x196.png\" alt=\"\" width=\"628\" height=\"410\" srcset=\"https:\/\/apuntesdesanluis.com\/wp-content\/uploads\/2024\/12\/adorni-y-karina-300x196.png 300w, https:\/\/apuntesdesanluis.com\/wp-content\/uploads\/2024\/12\/adorni-y-karina-768x503.png 768w, https:\/\/apuntesdesanluis.com\/wp-content\/uploads\/2024\/12\/adorni-y-karina.png 794w\" sizes=\"(max-width: 628px) 100vw, 628px\" \/><\/h4>\n<h4 style=\"text-align: center;\"><em>El vocero Adorni y Karina Milei, siguiendo la sesi\u00f3n.<\/em><\/h4>\n<h3>Por su parte, Rodrigo de Loredo, de la UCR, tambi\u00e9n valor\u00f3 la gesti\u00f3n de Menem y su capacidad para manejar los temas de forma eficaz. \u201cHa tenido una presidencia exitosa. Hay m\u00e9rito en su paciencia y en su forma de llevar los temas\u201d, afirm\u00f3. Sin embargo, tambi\u00e9n critic\u00f3 algunas din\u00e1micas \u201cviolentas\u201d de trabajo que, seg\u00fan \u00e9l, favorecieron al Gobierno. \u201cEn debilidad, las redoblaron\u201d, sostuvo el jefe de la bancada radical, que tambi\u00e9n destac\u00f3 la voluntad colaborativa de otros bloques. \u201cEstos logros no se podr\u00edan haber obtenido sin una voluntad de acompa\u00f1amiento. Ojal\u00e1 nosotros hubi\u00e9ramos contado con esa correspondencia cuando fuimos gobierno\u201d.<\/h3>\n<h3>Por \u00faltimo, De Loredo reclam\u00f3 que Menem destrabe el nombramiento de Mario Negri en la Auditor\u00eda General de la Naci\u00f3n y que impulse el tratamiento en sesiones extraordinarias del proyecto de Presupuesto 2025.<\/h3>\n<h3>Miguel \u00c1ngel Pichetto, de Encuentro Federal, anunci\u00f3 que su bloque ratificar\u00eda \u201cla institucionalidad m\u00e1s all\u00e1 de las cualidades personales\u201d del candidato oficialista. Sin elogios hacia Menem, tambi\u00e9n le reclam\u00f3 la conformaci\u00f3n de las comisiones que todav\u00eda no han comenzado a funcionar.<\/h3>\n<h3>El bloque Innovaci\u00f3n Federal, que responde a los gobernadores de Salta, Misiones y R\u00edo Negro, convalid\u00f3 a Menem mientras que la Coalici\u00f3n C\u00edvica aclar\u00f3 que no obstaculizar\u00eda el nombramiento del candidato del oficialismo, pero finalmente se abstuvo dado que los votos estaban garantizados.<\/h3>\n<h3>La diputada Cecilia Moreau tambi\u00e9n renov\u00f3 como vicepresidenta primera, en representaci\u00f3n de Uni\u00f3n por la Patria, el bloque que con 99 bancas representa a la primera minor\u00eda. S\u00ed hubo cambios en la vicepresidencia segunda, que en esta oportunidad qued\u00f3 en manos de Silvia Lospennato, del PRO.<\/h3>\n<p>&nbsp;<\/p>\n<p>&nbsp;<\/p>\n<p>&nbsp;<\/p>\n<h3><\/h3>\n<p>&nbsp;<\/p>\n<p>&nbsp;<\/p>\n","protected":false},"excerpt":{"rendered":"<p>Mart\u00edn Menem fue reelecto como presidente de la C\u00e1mara de Diputados gracias al apoyo de&#8230;<\/p>\n","protected":false},"author":1,"featured_media":26239,"comment_status":"closed","ping_status":"closed","sticky":false,"template":"","format":"standard","meta":{"footnotes":""},"categories":[5],"tags":[],"class_list":["post-26238","post","type-post","status-publish","format-standard","has-post-thumbnail","hentry","category-nacionales-internacionales"],"yoast_head":"<!-- This site is optimized with the Yoast SEO plugin v26.1.1 - https:\/\/yoast.com\/wordpress\/plugins\/seo\/ -->\n<title>MART\u00cdN MENEM FUE REELECTO COMO PRESIDENTE DE LA C\u00c1MARA DE DIPUTADOS EN UN CLIMA DE TENSI\u00d3N CON LA OPOSICI\u00d3N - Apuntes de San Luis<\/title>\n<meta name=\"robots\" content=\"index, follow, max-snippet:-1, max-image-preview:large, max-video-preview:-1\" \/>\n<link rel=\"canonical\" href=\"https:\/\/apuntesdesanluis.com\/index.php\/2024\/12\/04\/martin-menem-fue-reelecto-como-presidente-de-la-camara-de-diputados-en-un-clima-de-tension-con-la-oposicion\/\" \/>\n<meta property=\"og:locale\" content=\"es_ES\" \/>\n<meta property=\"og:type\" content=\"article\" \/>\n<meta property=\"og:title\" content=\"MART\u00cdN MENEM FUE REELECTO COMO PRESIDENTE DE LA C\u00c1MARA DE DIPUTADOS EN UN CLIMA DE TENSI\u00d3N CON LA OPOSICI\u00d3N - Apuntes de San Luis\" \/>\n<meta property=\"og:description\" content=\"Mart\u00edn Menem fue reelecto como presidente de la C\u00e1mara de Diputados gracias al apoyo de...\" \/>\n<meta property=\"og:url\" content=\"https:\/\/apuntesdesanluis.com\/index.php\/2024\/12\/04\/martin-menem-fue-reelecto-como-presidente-de-la-camara-de-diputados-en-un-clima-de-tension-con-la-oposicion\/\" \/>\n<meta property=\"og:site_name\" content=\"Apuntes de San Luis\" \/>\n<meta property=\"article:published_time\" content=\"2024-12-04T23:22:03+00:00\" \/>\n<meta property=\"og:image\" content=\"https:\/\/apuntesdesanluis.com\/wp-content\/uploads\/2024\/12\/menem.png\" \/>\n\t<meta property=\"og:image:width\" content=\"618\" \/>\n\t<meta property=\"og:image:height\" content=\"367\" \/>\n\t<meta property=\"og:image:type\" content=\"image\/png\" \/>\n<meta name=\"author\" content=\"apuntesdesanluis.com\" \/>\n<meta name=\"twitter:card\" content=\"summary_large_image\" \/>\n<meta name=\"twitter:label1\" content=\"Escrito por\" \/>\n\t<meta name=\"twitter:data1\" content=\"apuntesdesanluis.com\" \/>\n\t<meta name=\"twitter:label2\" content=\"Tiempo de lectura\" \/>\n\t<meta name=\"twitter:data2\" content=\"4 minutos\" \/>\n<script type=\"application\/ld+json\" class=\"yoast-schema-graph\">{\"@context\":\"https:\/\/schema.org\",\"@graph\":[{\"@type\":\"Article\",\"@id\":\"https:\/\/apuntesdesanluis.com\/index.php\/2024\/12\/04\/martin-menem-fue-reelecto-como-presidente-de-la-camara-de-diputados-en-un-clima-de-tension-con-la-oposicion\/#article\",\"isPartOf\":{\"@id\":\"https:\/\/apuntesdesanluis.com\/index.php\/2024\/12\/04\/martin-menem-fue-reelecto-como-presidente-de-la-camara-de-diputados-en-un-clima-de-tension-con-la-oposicion\/\"},\"author\":{\"name\":\"apuntesdesanluis.com\",\"@id\":\"https:\/\/apuntesdesanluis.com\/#\/schema\/person\/b55151d52296fcce64d1a72538a70b90\"},\"headline\":\"MART\u00cdN MENEM FUE REELECTO COMO PRESIDENTE DE LA C\u00c1MARA DE DIPUTADOS EN UN CLIMA DE TENSI\u00d3N CON LA OPOSICI\u00d3N\",\"datePublished\":\"2024-12-04T23:22:03+00:00\",\"mainEntityOfPage\":{\"@id\":\"https:\/\/apuntesdesanluis.com\/index.php\/2024\/12\/04\/martin-menem-fue-reelecto-como-presidente-de-la-camara-de-diputados-en-un-clima-de-tension-con-la-oposicion\/\"},\"wordCount\":659,\"publisher\":{\"@id\":\"https:\/\/apuntesdesanluis.com\/#\/schema\/person\/b55151d52296fcce64d1a72538a70b90\"},\"image\":{\"@id\":\"https:\/\/apuntesdesanluis.com\/index.php\/2024\/12\/04\/martin-menem-fue-reelecto-como-presidente-de-la-camara-de-diputados-en-un-clima-de-tension-con-la-oposicion\/#primaryimage\"},\"thumbnailUrl\":\"https:\/\/apuntesdesanluis.com\/wp-content\/uploads\/2024\/12\/menem.png\",\"articleSection\":[\"Nacionales\/Internacionales\"],\"inLanguage\":\"es-AR\"},{\"@type\":\"WebPage\",\"@id\":\"https:\/\/apuntesdesanluis.com\/index.php\/2024\/12\/04\/martin-menem-fue-reelecto-como-presidente-de-la-camara-de-diputados-en-un-clima-de-tension-con-la-oposicion\/\",\"url\":\"https:\/\/apuntesdesanluis.com\/index.php\/2024\/12\/04\/martin-menem-fue-reelecto-como-presidente-de-la-camara-de-diputados-en-un-clima-de-tension-con-la-oposicion\/\",\"name\":\"MART\u00cdN MENEM FUE REELECTO COMO PRESIDENTE DE LA C\u00c1MARA DE DIPUTADOS EN UN CLIMA DE TENSI\u00d3N CON LA OPOSICI\u00d3N - Apuntes de San Luis\",\"isPartOf\":{\"@id\":\"https:\/\/apuntesdesanluis.com\/#website\"},\"primaryImageOfPage\":{\"@id\":\"https:\/\/apuntesdesanluis.com\/index.php\/2024\/12\/04\/martin-menem-fue-reelecto-como-presidente-de-la-camara-de-diputados-en-un-clima-de-tension-con-la-oposicion\/#primaryimage\"},\"image\":{\"@id\":\"https:\/\/apuntesdesanluis.com\/index.php\/2024\/12\/04\/martin-menem-fue-reelecto-como-presidente-de-la-camara-de-diputados-en-un-clima-de-tension-con-la-oposicion\/#primaryimage\"},\"thumbnailUrl\":\"https:\/\/apuntesdesanluis.com\/wp-content\/uploads\/2024\/12\/menem.png\",\"datePublished\":\"2024-12-04T23:22:03+00:00\",\"breadcrumb\":{\"@id\":\"https:\/\/apuntesdesanluis.com\/index.php\/2024\/12\/04\/martin-menem-fue-reelecto-como-presidente-de-la-camara-de-diputados-en-un-clima-de-tension-con-la-oposicion\/#breadcrumb\"},\"inLanguage\":\"es-AR\",\"potentialAction\":[{\"@type\":\"ReadAction\",\"target\":[\"https:\/\/apuntesdesanluis.com\/index.php\/2024\/12\/04\/martin-menem-fue-reelecto-como-presidente-de-la-camara-de-diputados-en-un-clima-de-tension-con-la-oposicion\/\"]}]},{\"@type\":\"ImageObject\",\"inLanguage\":\"es-AR\",\"@id\":\"https:\/\/apuntesdesanluis.com\/index.php\/2024\/12\/04\/martin-menem-fue-reelecto-como-presidente-de-la-camara-de-diputados-en-un-clima-de-tension-con-la-oposicion\/#primaryimage\",\"url\":\"https:\/\/apuntesdesanluis.com\/wp-content\/uploads\/2024\/12\/menem.png\",\"contentUrl\":\"https:\/\/apuntesdesanluis.com\/wp-content\/uploads\/2024\/12\/menem.png\",\"width\":618,\"height\":367},{\"@type\":\"BreadcrumbList\",\"@id\":\"https:\/\/apuntesdesanluis.com\/index.php\/2024\/12\/04\/martin-menem-fue-reelecto-como-presidente-de-la-camara-de-diputados-en-un-clima-de-tension-con-la-oposicion\/#breadcrumb\",\"itemListElement\":[{\"@type\":\"ListItem\",\"position\":1,\"name\":\"Inicio\",\"item\":\"https:\/\/apuntesdesanluis.com\/\"},{\"@type\":\"ListItem\",\"position\":2,\"name\":\"MART\u00cdN MENEM FUE REELECTO COMO PRESIDENTE DE LA C\u00c1MARA DE DIPUTADOS EN UN CLIMA DE TENSI\u00d3N CON LA OPOSICI\u00d3N\"}]},{\"@type\":\"WebSite\",\"@id\":\"https:\/\/apuntesdesanluis.com\/#website\",\"url\":\"https:\/\/apuntesdesanluis.com\/\",\"name\":\"Apuntes de San Luis\",\"description\":\"\",\"publisher\":{\"@id\":\"https:\/\/apuntesdesanluis.com\/#\/schema\/person\/b55151d52296fcce64d1a72538a70b90\"},\"potentialAction\":[{\"@type\":\"SearchAction\",\"target\":{\"@type\":\"EntryPoint\",\"urlTemplate\":\"https:\/\/apuntesdesanluis.com\/?s={search_term_string}\"},\"query-input\":{\"@type\":\"PropertyValueSpecification\",\"valueRequired\":true,\"valueName\":\"search_term_string\"}}],\"inLanguage\":\"es-AR\"},{\"@type\":[\"Person\",\"Organization\"],\"@id\":\"https:\/\/apuntesdesanluis.com\/#\/schema\/person\/b55151d52296fcce64d1a72538a70b90\",\"name\":\"apuntesdesanluis.com\",\"image\":{\"@type\":\"ImageObject\",\"inLanguage\":\"es-AR\",\"@id\":\"https:\/\/apuntesdesanluis.com\/#\/schema\/person\/image\/\",\"url\":\"https:\/\/apuntesdesanluis.com\/wp-content\/uploads\/2023\/07\/cropped-apuntesdesanluis.png\",\"contentUrl\":\"https:\/\/apuntesdesanluis.com\/wp-content\/uploads\/2023\/07\/cropped-apuntesdesanluis.png\",\"width\":450,\"height\":112,\"caption\":\"apuntesdesanluis.com\"},\"logo\":{\"@id\":\"https:\/\/apuntesdesanluis.com\/#\/schema\/person\/image\/\"},\"sameAs\":[\"https:\/\/apuntesdesanluis.com\"],\"url\":\"https:\/\/apuntesdesanluis.com\/index.php\/author\/apuntesdesanluis-com\/\"}]}<\/script>\n<!-- \/ Yoast SEO plugin. -->","yoast_head_json":{"title":"MART\u00cdN MENEM FUE REELECTO COMO PRESIDENTE DE LA C\u00c1MARA DE DIPUTADOS EN UN CLIMA DE TENSI\u00d3N CON LA OPOSICI\u00d3N - Apuntes de San Luis","robots":{"index":"index","follow":"follow","max-snippet":"max-snippet:-1","max-image-preview":"max-image-preview:large","max-video-preview":"max-video-preview:-1"},"canonical":"https:\/\/apuntesdesanluis.com\/index.php\/2024\/12\/04\/martin-menem-fue-reelecto-como-presidente-de-la-camara-de-diputados-en-un-clima-de-tension-con-la-oposicion\/","og_locale":"es_ES","og_type":"article","og_title":"MART\u00cdN MENEM FUE REELECTO COMO PRESIDENTE DE LA C\u00c1MARA DE DIPUTADOS EN UN CLIMA DE TENSI\u00d3N CON LA OPOSICI\u00d3N - Apuntes de San Luis","og_description":"Mart\u00edn Menem fue reelecto como presidente de la C\u00e1mara de Diputados gracias al apoyo de...","og_url":"https:\/\/apuntesdesanluis.com\/index.php\/2024\/12\/04\/martin-menem-fue-reelecto-como-presidente-de-la-camara-de-diputados-en-un-clima-de-tension-con-la-oposicion\/","og_site_name":"Apuntes de San Luis","article_published_time":"2024-12-04T23:22:03+00:00","og_image":[{"width":618,"height":367,"url":"https:\/\/apuntesdesanluis.com\/wp-content\/uploads\/2024\/12\/menem.png","type":"image\/png"}],"author":"apuntesdesanluis.com","twitter_card":"summary_large_image","twitter_misc":{"Escrito por":"apuntesdesanluis.com","Tiempo de lectura":"4 minutos"},"schema":{"@context":"https:\/\/schema.org","@graph":[{"@type":"Article","@id":"https:\/\/apuntesdesanluis.com\/index.php\/2024\/12\/04\/martin-menem-fue-reelecto-como-presidente-de-la-camara-de-diputados-en-un-clima-de-tension-con-la-oposicion\/#article","isPartOf":{"@id":"https:\/\/apuntesdesanluis.com\/index.php\/2024\/12\/04\/martin-menem-fue-reelecto-como-presidente-de-la-camara-de-diputados-en-un-clima-de-tension-con-la-oposicion\/"},"author":{"name":"apuntesdesanluis.com","@id":"https:\/\/apuntesdesanluis.com\/#\/schema\/person\/b55151d52296fcce64d1a72538a70b90"},"headline":"MART\u00cdN MENEM FUE REELECTO COMO PRESIDENTE DE LA C\u00c1MARA DE DIPUTADOS EN UN CLIMA DE TENSI\u00d3N CON LA OPOSICI\u00d3N","datePublished":"2024-12-04T23:22:03+00:00","mainEntityOfPage":{"@id":"https:\/\/apuntesdesanluis.com\/index.php\/2024\/12\/04\/martin-menem-fue-reelecto-como-presidente-de-la-camara-de-diputados-en-un-clima-de-tension-con-la-oposicion\/"},"wordCount":659,"publisher":{"@id":"https:\/\/apuntesdesanluis.com\/#\/schema\/person\/b55151d52296fcce64d1a72538a70b90"},"image":{"@id":"https:\/\/apuntesdesanluis.com\/index.php\/2024\/12\/04\/martin-menem-fue-reelecto-como-presidente-de-la-camara-de-diputados-en-un-clima-de-tension-con-la-oposicion\/#primaryimage"},"thumbnailUrl":"https:\/\/apuntesdesanluis.com\/wp-content\/uploads\/2024\/12\/menem.png","articleSection":["Nacionales\/Internacionales"],"inLanguage":"es-AR"},{"@type":"WebPage","@id":"https:\/\/apuntesdesanluis.com\/index.php\/2024\/12\/04\/martin-menem-fue-reelecto-como-presidente-de-la-camara-de-diputados-en-un-clima-de-tension-con-la-oposicion\/","url":"https:\/\/apuntesdesanluis.com\/index.php\/2024\/12\/04\/martin-menem-fue-reelecto-como-presidente-de-la-camara-de-diputados-en-un-clima-de-tension-con-la-oposicion\/","name":"MART\u00cdN MENEM FUE REELECTO COMO PRESIDENTE DE LA C\u00c1MARA DE DIPUTADOS EN UN CLIMA DE TENSI\u00d3N CON LA OPOSICI\u00d3N - Apuntes de San Luis","isPartOf":{"@id":"https:\/\/apuntesdesanluis.com\/#website"},"primaryImageOfPage":{"@id":"https:\/\/apuntesdesanluis.com\/index.php\/2024\/12\/04\/martin-menem-fue-reelecto-como-presidente-de-la-camara-de-diputados-en-un-clima-de-tension-con-la-oposicion\/#primaryimage"},"image":{"@id":"https:\/\/apuntesdesanluis.com\/index.php\/2024\/12\/04\/martin-menem-fue-reelecto-como-presidente-de-la-camara-de-diputados-en-un-clima-de-tension-con-la-oposicion\/#primaryimage"},"thumbnailUrl":"https:\/\/apuntesdesanluis.com\/wp-content\/uploads\/2024\/12\/menem.png","datePublished":"2024-12-04T23:22:03+00:00","breadcrumb":{"@id":"https:\/\/apuntesdesanluis.com\/index.php\/2024\/12\/04\/martin-menem-fue-reelecto-como-presidente-de-la-camara-de-diputados-en-un-clima-de-tension-con-la-oposicion\/#breadcrumb"},"inLanguage":"es-AR","potentialAction":[{"@type":"ReadAction","target":["https:\/\/apuntesdesanluis.com\/index.php\/2024\/12\/04\/martin-menem-fue-reelecto-como-presidente-de-la-camara-de-diputados-en-un-clima-de-tension-con-la-oposicion\/"]}]},{"@type":"ImageObject","inLanguage":"es-AR","@id":"https:\/\/apuntesdesanluis.com\/index.php\/2024\/12\/04\/martin-menem-fue-reelecto-como-presidente-de-la-camara-de-diputados-en-un-clima-de-tension-con-la-oposicion\/#primaryimage","url":"https:\/\/apuntesdesanluis.com\/wp-content\/uploads\/2024\/12\/menem.png","contentUrl":"https:\/\/apuntesdesanluis.com\/wp-content\/uploads\/2024\/12\/menem.png","width":618,"height":367},{"@type":"BreadcrumbList","@id":"https:\/\/apuntesdesanluis.com\/index.php\/2024\/12\/04\/martin-menem-fue-reelecto-como-presidente-de-la-camara-de-diputados-en-un-clima-de-tension-con-la-oposicion\/#breadcrumb","itemListElement":[{"@type":"ListItem","position":1,"name":"Inicio","item":"https:\/\/apuntesdesanluis.com\/"},{"@type":"ListItem","position":2,"name":"MART\u00cdN MENEM FUE REELECTO COMO PRESIDENTE DE LA C\u00c1MARA DE DIPUTADOS EN UN CLIMA DE TENSI\u00d3N CON LA OPOSICI\u00d3N"}]},{"@type":"WebSite","@id":"https:\/\/apuntesdesanluis.com\/#website","url":"https:\/\/apuntesdesanluis.com\/","name":"Apuntes de San Luis","description":"","publisher":{"@id":"https:\/\/apuntesdesanluis.com\/#\/schema\/person\/b55151d52296fcce64d1a72538a70b90"},"potentialAction":[{"@type":"SearchAction","target":{"@type":"EntryPoint","urlTemplate":"https:\/\/apuntesdesanluis.com\/?s={search_term_string}"},"query-input":{"@type":"PropertyValueSpecification","valueRequired":true,"valueName":"search_term_string"}}],"inLanguage":"es-AR"},{"@type":["Person","Organization"],"@id":"https:\/\/apuntesdesanluis.com\/#\/schema\/person\/b55151d52296fcce64d1a72538a70b90","name":"apuntesdesanluis.com","image":{"@type":"ImageObject","inLanguage":"es-AR","@id":"https:\/\/apuntesdesanluis.com\/#\/schema\/person\/image\/","url":"https:\/\/apuntesdesanluis.com\/wp-content\/uploads\/2023\/07\/cropped-apuntesdesanluis.png","contentUrl":"https:\/\/apuntesdesanluis.com\/wp-content\/uploads\/2023\/07\/cropped-apuntesdesanluis.png","width":450,"height":112,"caption":"apuntesdesanluis.com"},"logo":{"@id":"https:\/\/apuntesdesanluis.com\/#\/schema\/person\/image\/"},"sameAs":["https:\/\/apuntesdesanluis.com"],"url":"https:\/\/apuntesdesanluis.com\/index.php\/author\/apuntesdesanluis-com\/"}]}},"featured_image_urls":{"full":["https:\/\/apuntesdesanluis.com\/wp-content\/uploads\/2024\/12\/menem.png",618,367,false],"thumbnail":["https:\/\/apuntesdesanluis.com\/wp-content\/uploads\/2024\/12\/menem-150x150.png",150,150,true],"medium":["https:\/\/apuntesdesanluis.com\/wp-content\/uploads\/2024\/12\/menem-300x178.png",300,178,true],"medium_large":["https:\/\/apuntesdesanluis.com\/wp-content\/uploads\/2024\/12\/menem.png",618,367,false],"large":["https:\/\/apuntesdesanluis.com\/wp-content\/uploads\/2024\/12\/menem.png",618,367,false],"1536x1536":["https:\/\/apuntesdesanluis.com\/wp-content\/uploads\/2024\/12\/menem.png",618,367,false],"2048x2048":["https:\/\/apuntesdesanluis.com\/wp-content\/uploads\/2024\/12\/menem.png",618,367,false],"newsever-slider-full":["https:\/\/apuntesdesanluis.com\/wp-content\/uploads\/2024\/12\/menem.png",618,367,false],"newsever-featured":["https:\/\/apuntesdesanluis.com\/wp-content\/uploads\/2024\/12\/menem.png",618,367,false],"newsever-medium":["https:\/\/apuntesdesanluis.com\/wp-content\/uploads\/2024\/12\/menem.png",618,367,false]},"author_info":{"display_name":"apuntesdesanluis.com","author_link":"https:\/\/apuntesdesanluis.com\/index.php\/author\/apuntesdesanluis-com\/"},"category_info":"<a href=\"https:\/\/apuntesdesanluis.com\/index.php\/category\/nacionales-internacionales\/\" rel=\"category tag\">Nacionales\/Internacionales<\/a>","tag_info":"Nacionales\/Internacionales","comment_count":"0","_links":{"self":[{"href":"https:\/\/apuntesdesanluis.com\/index.php\/wp-json\/wp\/v2\/posts\/26238","targetHints":{"allow":["GET"]}}],"collection":[{"href":"https:\/\/apuntesdesanluis.com\/index.php\/wp-json\/wp\/v2\/posts"}],"about":[{"href":"https:\/\/apuntesdesanluis.com\/index.php\/wp-json\/wp\/v2\/types\/post"}],"author":[{"embeddable":true,"href":"https:\/\/apuntesdesanluis.com\/index.php\/wp-json\/wp\/v2\/users\/1"}],"replies":[{"embeddable":true,"href":"https:\/\/apuntesdesanluis.com\/index.php\/wp-json\/wp\/v2\/comments?post=26238"}],"version-history":[{"count":1,"href":"https:\/\/apuntesdesanluis.com\/index.php\/wp-json\/wp\/v2\/posts\/26238\/revisions"}],"predecessor-version":[{"id":26241,"href":"https:\/\/apuntesdesanluis.com\/index.php\/wp-json\/wp\/v2\/posts\/26238\/revisions\/26241"}],"wp:featuredmedia":[{"embeddable":true,"href":"https:\/\/apuntesdesanluis.com\/index.php\/wp-json\/wp\/v2\/media\/26239"}],"wp:attachment":[{"href":"https:\/\/apuntesdesanluis.com\/index.php\/wp-json\/wp\/v2\/media?parent=26238"}],"wp:term":[{"taxonomy":"category","embeddable":true,"href":"https:\/\/apuntesdesanluis.com\/index.php\/wp-json\/wp\/v2\/categories?post=26238"},{"taxonomy":"post_tag","embeddable":true,"href":"https:\/\/apuntesdesanluis.com\/index.php\/wp-json\/wp\/v2\/tags?post=26238"}],"curies":[{"name":"wp","href":"https:\/\/api.w.org\/{rel}","templated":true}]}}