{"id":26248,"date":"2024-12-04T21:21:57","date_gmt":"2024-12-05T00:21:57","guid":{"rendered":"https:\/\/apuntesdesanluis.com\/?p=26248"},"modified":"2024-12-04T21:21:57","modified_gmt":"2024-12-05T00:21:57","slug":"destacan-la-magnitud-del-operativo-contra-la-banda-conocida-como-la-bandeja","status":"publish","type":"post","link":"https:\/\/apuntesdesanluis.com\/index.php\/2024\/12\/04\/destacan-la-magnitud-del-operativo-contra-la-banda-conocida-como-la-bandeja\/","title":{"rendered":"DESTACAN LA \u201cMAGNITUD DEL OPERATIVO\u201d CONTRA LA BANDA CONOCIDA COMO \u201cLA BANDEJA\u201d"},"content":{"rendered":"<h3>En una conferencia de prensa ofrecida este mi\u00e9rcoles en la Jefatura de la Polic\u00eda de San Luis, el fiscal de Instrucci\u00f3n N\u00b0 2 de la Primera Circunscripci\u00f3n, <strong>Ricardo Barbeito<\/strong>, dio detalles del operativo que permiti\u00f3 desarticular una banda acusada de estafas y tr\u00e1fico de autos robados, conocido como \u201cLa Bandeja\u201d.<\/h3>\n<h3>Barbeito explic\u00f3 que se formularon cargos contra 14 personas, quienes enfrentan acusaciones por asociaci\u00f3n il\u00edcita, salvo un imputado, a quien se le atribuy\u00f3 tenencia ilegal de arma. El representante del Ministerio P\u00fablico Fiscal estuvo acompa\u00f1ado por el Jefe de Polic\u00eda, Comisario General Pablo Vieytes, el Director General de la Direcci\u00f3n de Coordinaci\u00f3n Judicial, Comisario General Marcelo Hugo Brizuela y el Director General de la Direcci\u00f3n de Lucha Contra el Narcotr\u00e1fico, Comisario Inspector Carlos Salinas.<\/h3>\n<h3>\u201cAyer fueron indagadas los imputados y quiero destacar el trabajo investigativo de la polic\u00eda, el Departamento de Delitos Complejos y el Ministerio P\u00fablico. La magnitud de este operativo no tiene precedentes en la provincia\u201d, afirm\u00f3 el fiscal, enfatizando la colaboraci\u00f3n interinstitucional.<\/h3>\n<h3>Barbeito explic\u00f3 que el juez de Garant\u00edas N\u00b01, Juan Manuel Montiveros Chada, dict\u00f3 prisi\u00f3n preventiva por 70 d\u00edas para siete de los catorce integrantes de la banda. En cuanto a los siete imputados restantes, se les otorg\u00f3 una pr\u00f3rroga de detenci\u00f3n de ocho d\u00edas.<\/h3>\n<h3>La pr\u00f3rroga de detenci\u00f3n solicitada por las defensas de los acusados est\u00e1 prevista en el art\u00edculo 40 de la Constituci\u00f3n Provincial y es un beneficio que puede pedir una persona imputada a trav\u00e9s de su representante si estima que ello puede favorecer a su defensa. Mientras dure ese plazo, los imputados permanecer\u00e1n alojados en sede policial.<\/h3>\n<h3><strong>INVESTIGACI\u00d3N SIN PRECEDENTES<\/strong><\/h3>\n<h3>Tras meses de pesquisas, las autoridades lograron reunir una base s\u00f3lida de evidencias que permiti\u00f3 formalizar los cargos. La banda operaba mediante la venta de autos robados en Mendoza, utilizando documentaci\u00f3n falsa para estafar a compradores en la provincia de San Luis.<\/h3>\n<h3>Barbeito tambi\u00e9n se refiri\u00f3 al allanamiento realizado en Estancia Grande, donde se incautaron 688 plantas de marihuana valuadas en aproximadamente 4 millones de d\u00f3lares. \u201cFue un trabajo mancomunado que evit\u00f3 que esta cantidad de droga fuera comercializada. San Luis est\u00e1 a la vanguardia y la polic\u00eda demuestra estar a gran nivel en la lucha contra el crimen organizado\u201d, se\u00f1al\u00f3.<\/h3>\n<h3>El fiscal destac\u00f3 que el operativo no solo desarticul\u00f3 una red de estafas sino que tambi\u00e9n puso de relieve el compromiso de las fuerzas de seguridad locales con la prevenci\u00f3n del narcotr\u00e1fico.<\/h3>\n<p>&nbsp;<\/p>\n<p>&nbsp;<\/p>\n<p>&nbsp;<\/p>\n","protected":false},"excerpt":{"rendered":"<p>En una conferencia de prensa ofrecida este mi\u00e9rcoles en la Jefatura de la Polic\u00eda de&#8230;<\/p>\n","protected":false},"author":1,"featured_media":26249,"comment_status":"closed","ping_status":"closed","sticky":false,"template":"","format":"standard","meta":{"footnotes":""},"categories":[6],"tags":[],"class_list":["post-26248","post","type-post","status-publish","format-standard","has-post-thumbnail","hentry","category-ciudad-provincia"],"yoast_head":"<!-- This site is optimized with the Yoast SEO plugin v26.1.1 - https:\/\/yoast.com\/wordpress\/plugins\/seo\/ -->\n<title>DESTACAN LA \u201cMAGNITUD DEL OPERATIVO\u201d CONTRA LA BANDA CONOCIDA COMO \u201cLA BANDEJA\u201d - Apuntes de San Luis<\/title>\n<meta name=\"robots\" content=\"index, follow, max-snippet:-1, max-image-preview:large, max-video-preview:-1\" \/>\n<link rel=\"canonical\" href=\"https:\/\/apuntesdesanluis.com\/index.php\/2024\/12\/04\/destacan-la-magnitud-del-operativo-contra-la-banda-conocida-como-la-bandeja\/\" \/>\n<meta property=\"og:locale\" content=\"es_ES\" \/>\n<meta property=\"og:type\" content=\"article\" \/>\n<meta property=\"og:title\" content=\"DESTACAN LA \u201cMAGNITUD DEL OPERATIVO\u201d CONTRA LA BANDA CONOCIDA COMO \u201cLA BANDEJA\u201d - Apuntes de San Luis\" \/>\n<meta property=\"og:description\" content=\"En una conferencia de prensa ofrecida este mi\u00e9rcoles en la Jefatura de la Polic\u00eda de...\" \/>\n<meta property=\"og:url\" content=\"https:\/\/apuntesdesanluis.com\/index.php\/2024\/12\/04\/destacan-la-magnitud-del-operativo-contra-la-banda-conocida-como-la-bandeja\/\" \/>\n<meta property=\"og:site_name\" content=\"Apuntes de San Luis\" \/>\n<meta property=\"article:published_time\" content=\"2024-12-05T00:21:57+00:00\" \/>\n<meta property=\"og:image\" content=\"https:\/\/apuntesdesanluis.com\/wp-content\/uploads\/2024\/12\/BARBEITO.png\" \/>\n\t<meta property=\"og:image:width\" content=\"830\" \/>\n\t<meta property=\"og:image:height\" content=\"539\" \/>\n\t<meta property=\"og:image:type\" content=\"image\/png\" \/>\n<meta name=\"author\" content=\"apuntesdesanluis.com\" \/>\n<meta name=\"twitter:card\" content=\"summary_large_image\" \/>\n<meta name=\"twitter:label1\" content=\"Escrito por\" \/>\n\t<meta name=\"twitter:data1\" content=\"apuntesdesanluis.com\" \/>\n\t<meta name=\"twitter:label2\" content=\"Tiempo de lectura\" \/>\n\t<meta name=\"twitter:data2\" content=\"3 minutos\" \/>\n<script type=\"application\/ld+json\" class=\"yoast-schema-graph\">{\"@context\":\"https:\/\/schema.org\",\"@graph\":[{\"@type\":\"Article\",\"@id\":\"https:\/\/apuntesdesanluis.com\/index.php\/2024\/12\/04\/destacan-la-magnitud-del-operativo-contra-la-banda-conocida-como-la-bandeja\/#article\",\"isPartOf\":{\"@id\":\"https:\/\/apuntesdesanluis.com\/index.php\/2024\/12\/04\/destacan-la-magnitud-del-operativo-contra-la-banda-conocida-como-la-bandeja\/\"},\"author\":{\"name\":\"apuntesdesanluis.com\",\"@id\":\"https:\/\/apuntesdesanluis.com\/#\/schema\/person\/b55151d52296fcce64d1a72538a70b90\"},\"headline\":\"DESTACAN LA \u201cMAGNITUD DEL OPERATIVO\u201d CONTRA LA BANDA CONOCIDA COMO \u201cLA BANDEJA\u201d\",\"datePublished\":\"2024-12-05T00:21:57+00:00\",\"mainEntityOfPage\":{\"@id\":\"https:\/\/apuntesdesanluis.com\/index.php\/2024\/12\/04\/destacan-la-magnitud-del-operativo-contra-la-banda-conocida-como-la-bandeja\/\"},\"wordCount\":449,\"publisher\":{\"@id\":\"https:\/\/apuntesdesanluis.com\/#\/schema\/person\/b55151d52296fcce64d1a72538a70b90\"},\"image\":{\"@id\":\"https:\/\/apuntesdesanluis.com\/index.php\/2024\/12\/04\/destacan-la-magnitud-del-operativo-contra-la-banda-conocida-como-la-bandeja\/#primaryimage\"},\"thumbnailUrl\":\"https:\/\/apuntesdesanluis.com\/wp-content\/uploads\/2024\/12\/BARBEITO.png\",\"articleSection\":[\"Ciudad\/Provincia\"],\"inLanguage\":\"es-AR\"},{\"@type\":\"WebPage\",\"@id\":\"https:\/\/apuntesdesanluis.com\/index.php\/2024\/12\/04\/destacan-la-magnitud-del-operativo-contra-la-banda-conocida-como-la-bandeja\/\",\"url\":\"https:\/\/apuntesdesanluis.com\/index.php\/2024\/12\/04\/destacan-la-magnitud-del-operativo-contra-la-banda-conocida-como-la-bandeja\/\",\"name\":\"DESTACAN LA \u201cMAGNITUD DEL OPERATIVO\u201d CONTRA LA BANDA CONOCIDA COMO \u201cLA BANDEJA\u201d - Apuntes de San Luis\",\"isPartOf\":{\"@id\":\"https:\/\/apuntesdesanluis.com\/#website\"},\"primaryImageOfPage\":{\"@id\":\"https:\/\/apuntesdesanluis.com\/index.php\/2024\/12\/04\/destacan-la-magnitud-del-operativo-contra-la-banda-conocida-como-la-bandeja\/#primaryimage\"},\"image\":{\"@id\":\"https:\/\/apuntesdesanluis.com\/index.php\/2024\/12\/04\/destacan-la-magnitud-del-operativo-contra-la-banda-conocida-como-la-bandeja\/#primaryimage\"},\"thumbnailUrl\":\"https:\/\/apuntesdesanluis.com\/wp-content\/uploads\/2024\/12\/BARBEITO.png\",\"datePublished\":\"2024-12-05T00:21:57+00:00\",\"breadcrumb\":{\"@id\":\"https:\/\/apuntesdesanluis.com\/index.php\/2024\/12\/04\/destacan-la-magnitud-del-operativo-contra-la-banda-conocida-como-la-bandeja\/#breadcrumb\"},\"inLanguage\":\"es-AR\",\"potentialAction\":[{\"@type\":\"ReadAction\",\"target\":[\"https:\/\/apuntesdesanluis.com\/index.php\/2024\/12\/04\/destacan-la-magnitud-del-operativo-contra-la-banda-conocida-como-la-bandeja\/\"]}]},{\"@type\":\"ImageObject\",\"inLanguage\":\"es-AR\",\"@id\":\"https:\/\/apuntesdesanluis.com\/index.php\/2024\/12\/04\/destacan-la-magnitud-del-operativo-contra-la-banda-conocida-como-la-bandeja\/#primaryimage\",\"url\":\"https:\/\/apuntesdesanluis.com\/wp-content\/uploads\/2024\/12\/BARBEITO.png\",\"contentUrl\":\"https:\/\/apuntesdesanluis.com\/wp-content\/uploads\/2024\/12\/BARBEITO.png\",\"width\":830,\"height\":539},{\"@type\":\"BreadcrumbList\",\"@id\":\"https:\/\/apuntesdesanluis.com\/index.php\/2024\/12\/04\/destacan-la-magnitud-del-operativo-contra-la-banda-conocida-como-la-bandeja\/#breadcrumb\",\"itemListElement\":[{\"@type\":\"ListItem\",\"position\":1,\"name\":\"Inicio\",\"item\":\"https:\/\/apuntesdesanluis.com\/\"},{\"@type\":\"ListItem\",\"position\":2,\"name\":\"DESTACAN LA \u201cMAGNITUD DEL OPERATIVO\u201d CONTRA LA BANDA CONOCIDA COMO \u201cLA BANDEJA\u201d\"}]},{\"@type\":\"WebSite\",\"@id\":\"https:\/\/apuntesdesanluis.com\/#website\",\"url\":\"https:\/\/apuntesdesanluis.com\/\",\"name\":\"Apuntes de San Luis\",\"description\":\"\",\"publisher\":{\"@id\":\"https:\/\/apuntesdesanluis.com\/#\/schema\/person\/b55151d52296fcce64d1a72538a70b90\"},\"potentialAction\":[{\"@type\":\"SearchAction\",\"target\":{\"@type\":\"EntryPoint\",\"urlTemplate\":\"https:\/\/apuntesdesanluis.com\/?s={search_term_string}\"},\"query-input\":{\"@type\":\"PropertyValueSpecification\",\"valueRequired\":true,\"valueName\":\"search_term_string\"}}],\"inLanguage\":\"es-AR\"},{\"@type\":[\"Person\",\"Organization\"],\"@id\":\"https:\/\/apuntesdesanluis.com\/#\/schema\/person\/b55151d52296fcce64d1a72538a70b90\",\"name\":\"apuntesdesanluis.com\",\"image\":{\"@type\":\"ImageObject\",\"inLanguage\":\"es-AR\",\"@id\":\"https:\/\/apuntesdesanluis.com\/#\/schema\/person\/image\/\",\"url\":\"https:\/\/apuntesdesanluis.com\/wp-content\/uploads\/2023\/07\/cropped-apuntesdesanluis.png\",\"contentUrl\":\"https:\/\/apuntesdesanluis.com\/wp-content\/uploads\/2023\/07\/cropped-apuntesdesanluis.png\",\"width\":450,\"height\":112,\"caption\":\"apuntesdesanluis.com\"},\"logo\":{\"@id\":\"https:\/\/apuntesdesanluis.com\/#\/schema\/person\/image\/\"},\"sameAs\":[\"https:\/\/apuntesdesanluis.com\"],\"url\":\"https:\/\/apuntesdesanluis.com\/index.php\/author\/apuntesdesanluis-com\/\"}]}<\/script>\n<!-- \/ Yoast SEO plugin. -->","yoast_head_json":{"title":"DESTACAN LA \u201cMAGNITUD DEL OPERATIVO\u201d CONTRA LA BANDA CONOCIDA COMO \u201cLA BANDEJA\u201d - Apuntes de San Luis","robots":{"index":"index","follow":"follow","max-snippet":"max-snippet:-1","max-image-preview":"max-image-preview:large","max-video-preview":"max-video-preview:-1"},"canonical":"https:\/\/apuntesdesanluis.com\/index.php\/2024\/12\/04\/destacan-la-magnitud-del-operativo-contra-la-banda-conocida-como-la-bandeja\/","og_locale":"es_ES","og_type":"article","og_title":"DESTACAN LA \u201cMAGNITUD DEL OPERATIVO\u201d CONTRA LA BANDA CONOCIDA COMO \u201cLA BANDEJA\u201d - Apuntes de San Luis","og_description":"En una conferencia de prensa ofrecida este mi\u00e9rcoles en la Jefatura de la Polic\u00eda de...","og_url":"https:\/\/apuntesdesanluis.com\/index.php\/2024\/12\/04\/destacan-la-magnitud-del-operativo-contra-la-banda-conocida-como-la-bandeja\/","og_site_name":"Apuntes de San Luis","article_published_time":"2024-12-05T00:21:57+00:00","og_image":[{"width":830,"height":539,"url":"https:\/\/apuntesdesanluis.com\/wp-content\/uploads\/2024\/12\/BARBEITO.png","type":"image\/png"}],"author":"apuntesdesanluis.com","twitter_card":"summary_large_image","twitter_misc":{"Escrito por":"apuntesdesanluis.com","Tiempo de lectura":"3 minutos"},"schema":{"@context":"https:\/\/schema.org","@graph":[{"@type":"Article","@id":"https:\/\/apuntesdesanluis.com\/index.php\/2024\/12\/04\/destacan-la-magnitud-del-operativo-contra-la-banda-conocida-como-la-bandeja\/#article","isPartOf":{"@id":"https:\/\/apuntesdesanluis.com\/index.php\/2024\/12\/04\/destacan-la-magnitud-del-operativo-contra-la-banda-conocida-como-la-bandeja\/"},"author":{"name":"apuntesdesanluis.com","@id":"https:\/\/apuntesdesanluis.com\/#\/schema\/person\/b55151d52296fcce64d1a72538a70b90"},"headline":"DESTACAN LA \u201cMAGNITUD DEL OPERATIVO\u201d CONTRA LA BANDA CONOCIDA COMO \u201cLA BANDEJA\u201d","datePublished":"2024-12-05T00:21:57+00:00","mainEntityOfPage":{"@id":"https:\/\/apuntesdesanluis.com\/index.php\/2024\/12\/04\/destacan-la-magnitud-del-operativo-contra-la-banda-conocida-como-la-bandeja\/"},"wordCount":449,"publisher":{"@id":"https:\/\/apuntesdesanluis.com\/#\/schema\/person\/b55151d52296fcce64d1a72538a70b90"},"image":{"@id":"https:\/\/apuntesdesanluis.com\/index.php\/2024\/12\/04\/destacan-la-magnitud-del-operativo-contra-la-banda-conocida-como-la-bandeja\/#primaryimage"},"thumbnailUrl":"https:\/\/apuntesdesanluis.com\/wp-content\/uploads\/2024\/12\/BARBEITO.png","articleSection":["Ciudad\/Provincia"],"inLanguage":"es-AR"},{"@type":"WebPage","@id":"https:\/\/apuntesdesanluis.com\/index.php\/2024\/12\/04\/destacan-la-magnitud-del-operativo-contra-la-banda-conocida-como-la-bandeja\/","url":"https:\/\/apuntesdesanluis.com\/index.php\/2024\/12\/04\/destacan-la-magnitud-del-operativo-contra-la-banda-conocida-como-la-bandeja\/","name":"DESTACAN LA \u201cMAGNITUD DEL OPERATIVO\u201d CONTRA LA BANDA CONOCIDA COMO \u201cLA BANDEJA\u201d - Apuntes de San Luis","isPartOf":{"@id":"https:\/\/apuntesdesanluis.com\/#website"},"primaryImageOfPage":{"@id":"https:\/\/apuntesdesanluis.com\/index.php\/2024\/12\/04\/destacan-la-magnitud-del-operativo-contra-la-banda-conocida-como-la-bandeja\/#primaryimage"},"image":{"@id":"https:\/\/apuntesdesanluis.com\/index.php\/2024\/12\/04\/destacan-la-magnitud-del-operativo-contra-la-banda-conocida-como-la-bandeja\/#primaryimage"},"thumbnailUrl":"https:\/\/apuntesdesanluis.com\/wp-content\/uploads\/2024\/12\/BARBEITO.png","datePublished":"2024-12-05T00:21:57+00:00","breadcrumb":{"@id":"https:\/\/apuntesdesanluis.com\/index.php\/2024\/12\/04\/destacan-la-magnitud-del-operativo-contra-la-banda-conocida-como-la-bandeja\/#breadcrumb"},"inLanguage":"es-AR","potentialAction":[{"@type":"ReadAction","target":["https:\/\/apuntesdesanluis.com\/index.php\/2024\/12\/04\/destacan-la-magnitud-del-operativo-contra-la-banda-conocida-como-la-bandeja\/"]}]},{"@type":"ImageObject","inLanguage":"es-AR","@id":"https:\/\/apuntesdesanluis.com\/index.php\/2024\/12\/04\/destacan-la-magnitud-del-operativo-contra-la-banda-conocida-como-la-bandeja\/#primaryimage","url":"https:\/\/apuntesdesanluis.com\/wp-content\/uploads\/2024\/12\/BARBEITO.png","contentUrl":"https:\/\/apuntesdesanluis.com\/wp-content\/uploads\/2024\/12\/BARBEITO.png","width":830,"height":539},{"@type":"BreadcrumbList","@id":"https:\/\/apuntesdesanluis.com\/index.php\/2024\/12\/04\/destacan-la-magnitud-del-operativo-contra-la-banda-conocida-como-la-bandeja\/#breadcrumb","itemListElement":[{"@type":"ListItem","position":1,"name":"Inicio","item":"https:\/\/apuntesdesanluis.com\/"},{"@type":"ListItem","position":2,"name":"DESTACAN LA \u201cMAGNITUD DEL OPERATIVO\u201d CONTRA LA BANDA CONOCIDA COMO \u201cLA BANDEJA\u201d"}]},{"@type":"WebSite","@id":"https:\/\/apuntesdesanluis.com\/#website","url":"https:\/\/apuntesdesanluis.com\/","name":"Apuntes de San Luis","description":"","publisher":{"@id":"https:\/\/apuntesdesanluis.com\/#\/schema\/person\/b55151d52296fcce64d1a72538a70b90"},"potentialAction":[{"@type":"SearchAction","target":{"@type":"EntryPoint","urlTemplate":"https:\/\/apuntesdesanluis.com\/?s={search_term_string}"},"query-input":{"@type":"PropertyValueSpecification","valueRequired":true,"valueName":"search_term_string"}}],"inLanguage":"es-AR"},{"@type":["Person","Organization"],"@id":"https:\/\/apuntesdesanluis.com\/#\/schema\/person\/b55151d52296fcce64d1a72538a70b90","name":"apuntesdesanluis.com","image":{"@type":"ImageObject","inLanguage":"es-AR","@id":"https:\/\/apuntesdesanluis.com\/#\/schema\/person\/image\/","url":"https:\/\/apuntesdesanluis.com\/wp-content\/uploads\/2023\/07\/cropped-apuntesdesanluis.png","contentUrl":"https:\/\/apuntesdesanluis.com\/wp-content\/uploads\/2023\/07\/cropped-apuntesdesanluis.png","width":450,"height":112,"caption":"apuntesdesanluis.com"},"logo":{"@id":"https:\/\/apuntesdesanluis.com\/#\/schema\/person\/image\/"},"sameAs":["https:\/\/apuntesdesanluis.com"],"url":"https:\/\/apuntesdesanluis.com\/index.php\/author\/apuntesdesanluis-com\/"}]}},"featured_image_urls":{"full":["https:\/\/apuntesdesanluis.com\/wp-content\/uploads\/2024\/12\/BARBEITO.png",830,539,false],"thumbnail":["https:\/\/apuntesdesanluis.com\/wp-content\/uploads\/2024\/12\/BARBEITO-150x150.png",150,150,true],"medium":["https:\/\/apuntesdesanluis.com\/wp-content\/uploads\/2024\/12\/BARBEITO-300x195.png",300,195,true],"medium_large":["https:\/\/apuntesdesanluis.com\/wp-content\/uploads\/2024\/12\/BARBEITO-768x499.png",640,416,true],"large":["https:\/\/apuntesdesanluis.com\/wp-content\/uploads\/2024\/12\/BARBEITO.png",640,416,false],"1536x1536":["https:\/\/apuntesdesanluis.com\/wp-content\/uploads\/2024\/12\/BARBEITO.png",830,539,false],"2048x2048":["https:\/\/apuntesdesanluis.com\/wp-content\/uploads\/2024\/12\/BARBEITO.png",830,539,false],"newsever-slider-full":["https:\/\/apuntesdesanluis.com\/wp-content\/uploads\/2024\/12\/BARBEITO.png",830,539,false],"newsever-featured":["https:\/\/apuntesdesanluis.com\/wp-content\/uploads\/2024\/12\/BARBEITO.png",830,539,false],"newsever-medium":["https:\/\/apuntesdesanluis.com\/wp-content\/uploads\/2024\/12\/BARBEITO-720x475.png",720,475,true]},"author_info":{"display_name":"apuntesdesanluis.com","author_link":"https:\/\/apuntesdesanluis.com\/index.php\/author\/apuntesdesanluis-com\/"},"category_info":"<a href=\"https:\/\/apuntesdesanluis.com\/index.php\/category\/ciudad-provincia\/\" rel=\"category tag\">Ciudad\/Provincia<\/a>","tag_info":"Ciudad\/Provincia","comment_count":"0","_links":{"self":[{"href":"https:\/\/apuntesdesanluis.com\/index.php\/wp-json\/wp\/v2\/posts\/26248","targetHints":{"allow":["GET"]}}],"collection":[{"href":"https:\/\/apuntesdesanluis.com\/index.php\/wp-json\/wp\/v2\/posts"}],"about":[{"href":"https:\/\/apuntesdesanluis.com\/index.php\/wp-json\/wp\/v2\/types\/post"}],"author":[{"embeddable":true,"href":"https:\/\/apuntesdesanluis.com\/index.php\/wp-json\/wp\/v2\/users\/1"}],"replies":[{"embeddable":true,"href":"https:\/\/apuntesdesanluis.com\/index.php\/wp-json\/wp\/v2\/comments?post=26248"}],"version-history":[{"count":1,"href":"https:\/\/apuntesdesanluis.com\/index.php\/wp-json\/wp\/v2\/posts\/26248\/revisions"}],"predecessor-version":[{"id":26250,"href":"https:\/\/apuntesdesanluis.com\/index.php\/wp-json\/wp\/v2\/posts\/26248\/revisions\/26250"}],"wp:featuredmedia":[{"embeddable":true,"href":"https:\/\/apuntesdesanluis.com\/index.php\/wp-json\/wp\/v2\/media\/26249"}],"wp:attachment":[{"href":"https:\/\/apuntesdesanluis.com\/index.php\/wp-json\/wp\/v2\/media?parent=26248"}],"wp:term":[{"taxonomy":"category","embeddable":true,"href":"https:\/\/apuntesdesanluis.com\/index.php\/wp-json\/wp\/v2\/categories?post=26248"},{"taxonomy":"post_tag","embeddable":true,"href":"https:\/\/apuntesdesanluis.com\/index.php\/wp-json\/wp\/v2\/tags?post=26248"}],"curies":[{"name":"wp","href":"https:\/\/api.w.org\/{rel}","templated":true}]}}