{"id":2625,"date":"2023-09-04T12:47:25","date_gmt":"2023-09-04T15:47:25","guid":{"rendered":"https:\/\/apuntesdesanluis.com\/?p=2625"},"modified":"2023-09-04T12:48:12","modified_gmt":"2023-09-04T15:48:12","slug":"llega-el-segundo-encuentro-nacional-de-trekking-a-merlo","status":"publish","type":"post","link":"https:\/\/apuntesdesanluis.com\/index.php\/2023\/09\/04\/llega-el-segundo-encuentro-nacional-de-trekking-a-merlo\/","title":{"rendered":"LLEGA EL SEGUNDO ENCUENTRO NACIONAL DE TREKKING A MERLO"},"content":{"rendered":"<h3>El pr\u00f3ximo fin de semana, este evento organizado por Circuito F\u00e9nix y auspiciado por la Municipalidad de la Villa de Merlo reunir\u00e1 a apasionados de todo el pa\u00eds que buscan disfrutar de los senderos que ofrecen esta hermosa ciudad, donde adem\u00e1s de explorar maravillosos paisajes, vivir\u00e1n experiencias \u00fanicas en contacto directo con la naturaleza.<\/h3>\n<h3>Durante los d\u00edas <strong>8, 9 y 10 de septiembre <\/strong>Merlo ser\u00e1 sede del <strong>2do. Encuentro Nacional de Trekking<\/strong>, donde los participantes podr\u00e1n aprender nuevas t\u00e9cnicas, compartir experiencias y adquirir conocimientos en pleno entorno natural. Adem\u00e1s de las traves\u00edas programadas por los diferentes circuitos, habr\u00e1 charlas sobre senderismo, turismo activo y eventos deportivos para todos los participantes.<\/h3>\n<h3>El encuentro est\u00e1 dirigido principalmente a clubes de monta\u00f1a, alumnos de universidades, gu\u00edas de senderismo y\/o monta\u00f1a, EVT, y toda persona que acostumbre realizar estas actividades de turismo no convencional y tenga al menos un conocimiento b\u00e1sico sobre ello.<\/h3>\n<h3>La inscripci\u00f3n incluye: remera del evento, pilot\u00edn de lluvia, un desayuno, una cena, seguro y alojamiento en el camping municipal. Cada participante podr\u00e1 elegir la opci\u00f3n que mejor se adapte a sus habilidades y preferencias.<\/h3>\n<h3>El 2\u00b0 Encuentro Nacional de Trekking es una oportunidad para desafiar los l\u00edmites, superar obst\u00e1culos y crear recuerdos inolvidables en un entorno excepcional.<\/h3>\n<p><img fetchpriority=\"high\" decoding=\"async\" class=\"wp-image-2626 aligncenter\" src=\"https:\/\/apuntesdesanluis.com\/wp-content\/uploads\/2023\/09\/Trecking-245x300.jpg\" alt=\"\" width=\"462\" height=\"566\" srcset=\"https:\/\/apuntesdesanluis.com\/wp-content\/uploads\/2023\/09\/Trecking-245x300.jpg 245w, https:\/\/apuntesdesanluis.com\/wp-content\/uploads\/2023\/09\/Trecking.jpg 700w\" sizes=\"(max-width: 462px) 100vw, 462px\" \/><\/p>\n<p>&nbsp;<\/p>\n<p>&nbsp;<\/p>\n<p>&nbsp;<\/p>\n","protected":false},"excerpt":{"rendered":"<p>El pr\u00f3ximo fin de semana, este evento organizado por Circuito F\u00e9nix y auspiciado por la&#8230;<\/p>\n","protected":false},"author":1,"featured_media":2627,"comment_status":"closed","ping_status":"closed","sticky":false,"template":"","format":"standard","meta":{"footnotes":""},"categories":[6],"tags":[],"class_list":["post-2625","post","type-post","status-publish","format-standard","has-post-thumbnail","hentry","category-ciudad-provincia"],"yoast_head":"<!-- This site is optimized with the Yoast SEO plugin v26.1.1 - https:\/\/yoast.com\/wordpress\/plugins\/seo\/ -->\n<title>LLEGA EL SEGUNDO ENCUENTRO NACIONAL DE TREKKING A MERLO - Apuntes de San Luis<\/title>\n<meta name=\"robots\" content=\"index, follow, max-snippet:-1, max-image-preview:large, max-video-preview:-1\" \/>\n<link rel=\"canonical\" href=\"https:\/\/apuntesdesanluis.com\/index.php\/2023\/09\/04\/llega-el-segundo-encuentro-nacional-de-trekking-a-merlo\/\" \/>\n<meta property=\"og:locale\" content=\"es_ES\" \/>\n<meta property=\"og:type\" content=\"article\" \/>\n<meta property=\"og:title\" content=\"LLEGA EL SEGUNDO ENCUENTRO NACIONAL DE TREKKING A MERLO - Apuntes de San Luis\" \/>\n<meta property=\"og:description\" content=\"El pr\u00f3ximo fin de semana, este evento organizado por Circuito F\u00e9nix y auspiciado por la...\" \/>\n<meta property=\"og:url\" content=\"https:\/\/apuntesdesanluis.com\/index.php\/2023\/09\/04\/llega-el-segundo-encuentro-nacional-de-trekking-a-merlo\/\" \/>\n<meta property=\"og:site_name\" content=\"Apuntes de San Luis\" \/>\n<meta property=\"article:published_time\" content=\"2023-09-04T15:47:25+00:00\" \/>\n<meta property=\"article:modified_time\" content=\"2023-09-04T15:48:12+00:00\" \/>\n<meta property=\"og:image\" content=\"https:\/\/apuntesdesanluis.com\/wp-content\/uploads\/2023\/09\/trekking-en-merlo.png\" \/>\n\t<meta property=\"og:image:width\" content=\"579\" \/>\n\t<meta property=\"og:image:height\" content=\"331\" \/>\n\t<meta property=\"og:image:type\" content=\"image\/png\" \/>\n<meta name=\"author\" content=\"apuntesdesanluis.com\" \/>\n<meta name=\"twitter:card\" content=\"summary_large_image\" \/>\n<meta name=\"twitter:label1\" content=\"Escrito por\" \/>\n\t<meta name=\"twitter:data1\" content=\"apuntesdesanluis.com\" \/>\n\t<meta name=\"twitter:label2\" content=\"Tiempo de lectura\" \/>\n\t<meta name=\"twitter:data2\" content=\"2 minutos\" \/>\n<script type=\"application\/ld+json\" class=\"yoast-schema-graph\">{\"@context\":\"https:\/\/schema.org\",\"@graph\":[{\"@type\":\"Article\",\"@id\":\"https:\/\/apuntesdesanluis.com\/index.php\/2023\/09\/04\/llega-el-segundo-encuentro-nacional-de-trekking-a-merlo\/#article\",\"isPartOf\":{\"@id\":\"https:\/\/apuntesdesanluis.com\/index.php\/2023\/09\/04\/llega-el-segundo-encuentro-nacional-de-trekking-a-merlo\/\"},\"author\":{\"name\":\"apuntesdesanluis.com\",\"@id\":\"https:\/\/apuntesdesanluis.com\/#\/schema\/person\/b55151d52296fcce64d1a72538a70b90\"},\"headline\":\"LLEGA EL SEGUNDO ENCUENTRO NACIONAL DE TREKKING A MERLO\",\"datePublished\":\"2023-09-04T15:47:25+00:00\",\"dateModified\":\"2023-09-04T15:48:12+00:00\",\"mainEntityOfPage\":{\"@id\":\"https:\/\/apuntesdesanluis.com\/index.php\/2023\/09\/04\/llega-el-segundo-encuentro-nacional-de-trekking-a-merlo\/\"},\"wordCount\":235,\"publisher\":{\"@id\":\"https:\/\/apuntesdesanluis.com\/#\/schema\/person\/b55151d52296fcce64d1a72538a70b90\"},\"image\":{\"@id\":\"https:\/\/apuntesdesanluis.com\/index.php\/2023\/09\/04\/llega-el-segundo-encuentro-nacional-de-trekking-a-merlo\/#primaryimage\"},\"thumbnailUrl\":\"https:\/\/apuntesdesanluis.com\/wp-content\/uploads\/2023\/09\/trekking-en-merlo.png\",\"articleSection\":[\"Ciudad\/Provincia\"],\"inLanguage\":\"es-AR\"},{\"@type\":\"WebPage\",\"@id\":\"https:\/\/apuntesdesanluis.com\/index.php\/2023\/09\/04\/llega-el-segundo-encuentro-nacional-de-trekking-a-merlo\/\",\"url\":\"https:\/\/apuntesdesanluis.com\/index.php\/2023\/09\/04\/llega-el-segundo-encuentro-nacional-de-trekking-a-merlo\/\",\"name\":\"LLEGA EL SEGUNDO ENCUENTRO NACIONAL DE TREKKING A MERLO - Apuntes de San Luis\",\"isPartOf\":{\"@id\":\"https:\/\/apuntesdesanluis.com\/#website\"},\"primaryImageOfPage\":{\"@id\":\"https:\/\/apuntesdesanluis.com\/index.php\/2023\/09\/04\/llega-el-segundo-encuentro-nacional-de-trekking-a-merlo\/#primaryimage\"},\"image\":{\"@id\":\"https:\/\/apuntesdesanluis.com\/index.php\/2023\/09\/04\/llega-el-segundo-encuentro-nacional-de-trekking-a-merlo\/#primaryimage\"},\"thumbnailUrl\":\"https:\/\/apuntesdesanluis.com\/wp-content\/uploads\/2023\/09\/trekking-en-merlo.png\",\"datePublished\":\"2023-09-04T15:47:25+00:00\",\"dateModified\":\"2023-09-04T15:48:12+00:00\",\"breadcrumb\":{\"@id\":\"https:\/\/apuntesdesanluis.com\/index.php\/2023\/09\/04\/llega-el-segundo-encuentro-nacional-de-trekking-a-merlo\/#breadcrumb\"},\"inLanguage\":\"es-AR\",\"potentialAction\":[{\"@type\":\"ReadAction\",\"target\":[\"https:\/\/apuntesdesanluis.com\/index.php\/2023\/09\/04\/llega-el-segundo-encuentro-nacional-de-trekking-a-merlo\/\"]}]},{\"@type\":\"ImageObject\",\"inLanguage\":\"es-AR\",\"@id\":\"https:\/\/apuntesdesanluis.com\/index.php\/2023\/09\/04\/llega-el-segundo-encuentro-nacional-de-trekking-a-merlo\/#primaryimage\",\"url\":\"https:\/\/apuntesdesanluis.com\/wp-content\/uploads\/2023\/09\/trekking-en-merlo.png\",\"contentUrl\":\"https:\/\/apuntesdesanluis.com\/wp-content\/uploads\/2023\/09\/trekking-en-merlo.png\",\"width\":579,\"height\":331},{\"@type\":\"BreadcrumbList\",\"@id\":\"https:\/\/apuntesdesanluis.com\/index.php\/2023\/09\/04\/llega-el-segundo-encuentro-nacional-de-trekking-a-merlo\/#breadcrumb\",\"itemListElement\":[{\"@type\":\"ListItem\",\"position\":1,\"name\":\"Inicio\",\"item\":\"https:\/\/apuntesdesanluis.com\/\"},{\"@type\":\"ListItem\",\"position\":2,\"name\":\"LLEGA EL SEGUNDO ENCUENTRO NACIONAL DE TREKKING A MERLO\"}]},{\"@type\":\"WebSite\",\"@id\":\"https:\/\/apuntesdesanluis.com\/#website\",\"url\":\"https:\/\/apuntesdesanluis.com\/\",\"name\":\"Apuntes de San Luis\",\"description\":\"\",\"publisher\":{\"@id\":\"https:\/\/apuntesdesanluis.com\/#\/schema\/person\/b55151d52296fcce64d1a72538a70b90\"},\"potentialAction\":[{\"@type\":\"SearchAction\",\"target\":{\"@type\":\"EntryPoint\",\"urlTemplate\":\"https:\/\/apuntesdesanluis.com\/?s={search_term_string}\"},\"query-input\":{\"@type\":\"PropertyValueSpecification\",\"valueRequired\":true,\"valueName\":\"search_term_string\"}}],\"inLanguage\":\"es-AR\"},{\"@type\":[\"Person\",\"Organization\"],\"@id\":\"https:\/\/apuntesdesanluis.com\/#\/schema\/person\/b55151d52296fcce64d1a72538a70b90\",\"name\":\"apuntesdesanluis.com\",\"image\":{\"@type\":\"ImageObject\",\"inLanguage\":\"es-AR\",\"@id\":\"https:\/\/apuntesdesanluis.com\/#\/schema\/person\/image\/\",\"url\":\"https:\/\/apuntesdesanluis.com\/wp-content\/uploads\/2023\/07\/cropped-apuntesdesanluis.png\",\"contentUrl\":\"https:\/\/apuntesdesanluis.com\/wp-content\/uploads\/2023\/07\/cropped-apuntesdesanluis.png\",\"width\":450,\"height\":112,\"caption\":\"apuntesdesanluis.com\"},\"logo\":{\"@id\":\"https:\/\/apuntesdesanluis.com\/#\/schema\/person\/image\/\"},\"sameAs\":[\"https:\/\/apuntesdesanluis.com\"],\"url\":\"https:\/\/apuntesdesanluis.com\/index.php\/author\/apuntesdesanluis-com\/\"}]}<\/script>\n<!-- \/ Yoast SEO plugin. -->","yoast_head_json":{"title":"LLEGA EL SEGUNDO ENCUENTRO NACIONAL DE TREKKING A MERLO - Apuntes de San Luis","robots":{"index":"index","follow":"follow","max-snippet":"max-snippet:-1","max-image-preview":"max-image-preview:large","max-video-preview":"max-video-preview:-1"},"canonical":"https:\/\/apuntesdesanluis.com\/index.php\/2023\/09\/04\/llega-el-segundo-encuentro-nacional-de-trekking-a-merlo\/","og_locale":"es_ES","og_type":"article","og_title":"LLEGA EL SEGUNDO ENCUENTRO NACIONAL DE TREKKING A MERLO - Apuntes de San Luis","og_description":"El pr\u00f3ximo fin de semana, este evento organizado por Circuito F\u00e9nix y auspiciado por la...","og_url":"https:\/\/apuntesdesanluis.com\/index.php\/2023\/09\/04\/llega-el-segundo-encuentro-nacional-de-trekking-a-merlo\/","og_site_name":"Apuntes de San Luis","article_published_time":"2023-09-04T15:47:25+00:00","article_modified_time":"2023-09-04T15:48:12+00:00","og_image":[{"width":579,"height":331,"url":"https:\/\/apuntesdesanluis.com\/wp-content\/uploads\/2023\/09\/trekking-en-merlo.png","type":"image\/png"}],"author":"apuntesdesanluis.com","twitter_card":"summary_large_image","twitter_misc":{"Escrito por":"apuntesdesanluis.com","Tiempo de lectura":"2 minutos"},"schema":{"@context":"https:\/\/schema.org","@graph":[{"@type":"Article","@id":"https:\/\/apuntesdesanluis.com\/index.php\/2023\/09\/04\/llega-el-segundo-encuentro-nacional-de-trekking-a-merlo\/#article","isPartOf":{"@id":"https:\/\/apuntesdesanluis.com\/index.php\/2023\/09\/04\/llega-el-segundo-encuentro-nacional-de-trekking-a-merlo\/"},"author":{"name":"apuntesdesanluis.com","@id":"https:\/\/apuntesdesanluis.com\/#\/schema\/person\/b55151d52296fcce64d1a72538a70b90"},"headline":"LLEGA EL SEGUNDO ENCUENTRO NACIONAL DE TREKKING A MERLO","datePublished":"2023-09-04T15:47:25+00:00","dateModified":"2023-09-04T15:48:12+00:00","mainEntityOfPage":{"@id":"https:\/\/apuntesdesanluis.com\/index.php\/2023\/09\/04\/llega-el-segundo-encuentro-nacional-de-trekking-a-merlo\/"},"wordCount":235,"publisher":{"@id":"https:\/\/apuntesdesanluis.com\/#\/schema\/person\/b55151d52296fcce64d1a72538a70b90"},"image":{"@id":"https:\/\/apuntesdesanluis.com\/index.php\/2023\/09\/04\/llega-el-segundo-encuentro-nacional-de-trekking-a-merlo\/#primaryimage"},"thumbnailUrl":"https:\/\/apuntesdesanluis.com\/wp-content\/uploads\/2023\/09\/trekking-en-merlo.png","articleSection":["Ciudad\/Provincia"],"inLanguage":"es-AR"},{"@type":"WebPage","@id":"https:\/\/apuntesdesanluis.com\/index.php\/2023\/09\/04\/llega-el-segundo-encuentro-nacional-de-trekking-a-merlo\/","url":"https:\/\/apuntesdesanluis.com\/index.php\/2023\/09\/04\/llega-el-segundo-encuentro-nacional-de-trekking-a-merlo\/","name":"LLEGA EL SEGUNDO ENCUENTRO NACIONAL DE TREKKING A MERLO - Apuntes de San Luis","isPartOf":{"@id":"https:\/\/apuntesdesanluis.com\/#website"},"primaryImageOfPage":{"@id":"https:\/\/apuntesdesanluis.com\/index.php\/2023\/09\/04\/llega-el-segundo-encuentro-nacional-de-trekking-a-merlo\/#primaryimage"},"image":{"@id":"https:\/\/apuntesdesanluis.com\/index.php\/2023\/09\/04\/llega-el-segundo-encuentro-nacional-de-trekking-a-merlo\/#primaryimage"},"thumbnailUrl":"https:\/\/apuntesdesanluis.com\/wp-content\/uploads\/2023\/09\/trekking-en-merlo.png","datePublished":"2023-09-04T15:47:25+00:00","dateModified":"2023-09-04T15:48:12+00:00","breadcrumb":{"@id":"https:\/\/apuntesdesanluis.com\/index.php\/2023\/09\/04\/llega-el-segundo-encuentro-nacional-de-trekking-a-merlo\/#breadcrumb"},"inLanguage":"es-AR","potentialAction":[{"@type":"ReadAction","target":["https:\/\/apuntesdesanluis.com\/index.php\/2023\/09\/04\/llega-el-segundo-encuentro-nacional-de-trekking-a-merlo\/"]}]},{"@type":"ImageObject","inLanguage":"es-AR","@id":"https:\/\/apuntesdesanluis.com\/index.php\/2023\/09\/04\/llega-el-segundo-encuentro-nacional-de-trekking-a-merlo\/#primaryimage","url":"https:\/\/apuntesdesanluis.com\/wp-content\/uploads\/2023\/09\/trekking-en-merlo.png","contentUrl":"https:\/\/apuntesdesanluis.com\/wp-content\/uploads\/2023\/09\/trekking-en-merlo.png","width":579,"height":331},{"@type":"BreadcrumbList","@id":"https:\/\/apuntesdesanluis.com\/index.php\/2023\/09\/04\/llega-el-segundo-encuentro-nacional-de-trekking-a-merlo\/#breadcrumb","itemListElement":[{"@type":"ListItem","position":1,"name":"Inicio","item":"https:\/\/apuntesdesanluis.com\/"},{"@type":"ListItem","position":2,"name":"LLEGA EL SEGUNDO ENCUENTRO NACIONAL DE TREKKING A MERLO"}]},{"@type":"WebSite","@id":"https:\/\/apuntesdesanluis.com\/#website","url":"https:\/\/apuntesdesanluis.com\/","name":"Apuntes de San Luis","description":"","publisher":{"@id":"https:\/\/apuntesdesanluis.com\/#\/schema\/person\/b55151d52296fcce64d1a72538a70b90"},"potentialAction":[{"@type":"SearchAction","target":{"@type":"EntryPoint","urlTemplate":"https:\/\/apuntesdesanluis.com\/?s={search_term_string}"},"query-input":{"@type":"PropertyValueSpecification","valueRequired":true,"valueName":"search_term_string"}}],"inLanguage":"es-AR"},{"@type":["Person","Organization"],"@id":"https:\/\/apuntesdesanluis.com\/#\/schema\/person\/b55151d52296fcce64d1a72538a70b90","name":"apuntesdesanluis.com","image":{"@type":"ImageObject","inLanguage":"es-AR","@id":"https:\/\/apuntesdesanluis.com\/#\/schema\/person\/image\/","url":"https:\/\/apuntesdesanluis.com\/wp-content\/uploads\/2023\/07\/cropped-apuntesdesanluis.png","contentUrl":"https:\/\/apuntesdesanluis.com\/wp-content\/uploads\/2023\/07\/cropped-apuntesdesanluis.png","width":450,"height":112,"caption":"apuntesdesanluis.com"},"logo":{"@id":"https:\/\/apuntesdesanluis.com\/#\/schema\/person\/image\/"},"sameAs":["https:\/\/apuntesdesanluis.com"],"url":"https:\/\/apuntesdesanluis.com\/index.php\/author\/apuntesdesanluis-com\/"}]}},"featured_image_urls":{"full":["https:\/\/apuntesdesanluis.com\/wp-content\/uploads\/2023\/09\/trekking-en-merlo.png",579,331,false],"thumbnail":["https:\/\/apuntesdesanluis.com\/wp-content\/uploads\/2023\/09\/trekking-en-merlo-150x150.png",150,150,true],"medium":["https:\/\/apuntesdesanluis.com\/wp-content\/uploads\/2023\/09\/trekking-en-merlo-300x172.png",300,172,true],"medium_large":["https:\/\/apuntesdesanluis.com\/wp-content\/uploads\/2023\/09\/trekking-en-merlo.png",579,331,false],"large":["https:\/\/apuntesdesanluis.com\/wp-content\/uploads\/2023\/09\/trekking-en-merlo.png",579,331,false],"1536x1536":["https:\/\/apuntesdesanluis.com\/wp-content\/uploads\/2023\/09\/trekking-en-merlo.png",579,331,false],"2048x2048":["https:\/\/apuntesdesanluis.com\/wp-content\/uploads\/2023\/09\/trekking-en-merlo.png",579,331,false],"newsever-slider-full":["https:\/\/apuntesdesanluis.com\/wp-content\/uploads\/2023\/09\/trekking-en-merlo.png",579,331,false],"newsever-featured":["https:\/\/apuntesdesanluis.com\/wp-content\/uploads\/2023\/09\/trekking-en-merlo.png",579,331,false],"newsever-medium":["https:\/\/apuntesdesanluis.com\/wp-content\/uploads\/2023\/09\/trekking-en-merlo.png",579,331,false]},"author_info":{"display_name":"apuntesdesanluis.com","author_link":"https:\/\/apuntesdesanluis.com\/index.php\/author\/apuntesdesanluis-com\/"},"category_info":"<a href=\"https:\/\/apuntesdesanluis.com\/index.php\/category\/ciudad-provincia\/\" rel=\"category tag\">Ciudad\/Provincia<\/a>","tag_info":"Ciudad\/Provincia","comment_count":"0","_links":{"self":[{"href":"https:\/\/apuntesdesanluis.com\/index.php\/wp-json\/wp\/v2\/posts\/2625","targetHints":{"allow":["GET"]}}],"collection":[{"href":"https:\/\/apuntesdesanluis.com\/index.php\/wp-json\/wp\/v2\/posts"}],"about":[{"href":"https:\/\/apuntesdesanluis.com\/index.php\/wp-json\/wp\/v2\/types\/post"}],"author":[{"embeddable":true,"href":"https:\/\/apuntesdesanluis.com\/index.php\/wp-json\/wp\/v2\/users\/1"}],"replies":[{"embeddable":true,"href":"https:\/\/apuntesdesanluis.com\/index.php\/wp-json\/wp\/v2\/comments?post=2625"}],"version-history":[{"count":2,"href":"https:\/\/apuntesdesanluis.com\/index.php\/wp-json\/wp\/v2\/posts\/2625\/revisions"}],"predecessor-version":[{"id":2629,"href":"https:\/\/apuntesdesanluis.com\/index.php\/wp-json\/wp\/v2\/posts\/2625\/revisions\/2629"}],"wp:featuredmedia":[{"embeddable":true,"href":"https:\/\/apuntesdesanluis.com\/index.php\/wp-json\/wp\/v2\/media\/2627"}],"wp:attachment":[{"href":"https:\/\/apuntesdesanluis.com\/index.php\/wp-json\/wp\/v2\/media?parent=2625"}],"wp:term":[{"taxonomy":"category","embeddable":true,"href":"https:\/\/apuntesdesanluis.com\/index.php\/wp-json\/wp\/v2\/categories?post=2625"},{"taxonomy":"post_tag","embeddable":true,"href":"https:\/\/apuntesdesanluis.com\/index.php\/wp-json\/wp\/v2\/tags?post=2625"}],"curies":[{"name":"wp","href":"https:\/\/api.w.org\/{rel}","templated":true}]}}