{"id":26254,"date":"2024-12-04T22:48:08","date_gmt":"2024-12-05T01:48:08","guid":{"rendered":"https:\/\/apuntesdesanluis.com\/?p=26254"},"modified":"2024-12-04T22:48:08","modified_gmt":"2024-12-05T01:48:08","slug":"el-secretario-de-discapacidad-aseguro-la-continuidad-de-la-escuela-de-equinoterapia-y-rechazo-criticas","status":"publish","type":"post","link":"https:\/\/apuntesdesanluis.com\/index.php\/2024\/12\/04\/el-secretario-de-discapacidad-aseguro-la-continuidad-de-la-escuela-de-equinoterapia-y-rechazo-criticas\/","title":{"rendered":"EL SECRETARIO DE DISCAPACIDAD ASEGUR\u00d3 LA CONTINUIDAD DE LA ESCUELA DE EQUINOTERAPIA Y RECHAZ\u00d3 CR\u00cdTICAS"},"content":{"rendered":"<h3>En una reuni\u00f3n llevada a cabo con padres y docentes de la Escuela de Equinoterapia, el Secretario de Personas con Discapacidad <strong>Luis Giraudo<\/strong> despej\u00f3 las dudas y temores acerca del futuro de la instituci\u00f3n. Durante el encuentro, afirm\u00f3 de manera tajante que la escuela no cerrar\u00e1 y que el presupuesto destinado al programa de equinoterapia est\u00e1 plenamente garantizado por el gobierno.<\/h3>\n<h3>Las preocupaciones sobre un posible cierre de la escuela y el despido de docentes hab\u00edan generado gran inquietud entre los padres y educadores, quienes tem\u00edan por la continuidad de la educaci\u00f3n y el tratamiento que se brinda a los ni\u00f1os con discapacidad. En este sentido, el Secretario de Discapacidad asegur\u00f3 que no ha habido despidos de docentes ni est\u00e1 en discusi\u00f3n esta posibilidad, dando respuesta a los reclamos y especulaciones que circulaban en la comunidad.<\/h3>\n<h3>La reuni\u00f3n, convocada espec\u00edficamente para aclarar estos puntos, permiti\u00f3 al Secretario tranquilizar a los asistentes, asegurando que el gobierno est\u00e1 plenamente comprometido con la continuidad del programa de equinoterapia. Adem\u00e1s, destac\u00f3 que \u201cel propio gobernador Claudio Poggi ha asumido un fuerte compromiso con esta tem\u00e1tica desde el primer d\u00eda, realizando un gran esfuerzo la gesti\u00f3n para garantizar los recursos necesarios que aseguren el funcionamiento y los servicios que se prestan a esta poblaci\u00f3n vulnerable\u201d.<\/h3>\n<h3>Por otro lado, con respecto al cupo de personas para acceder a la escuela, sostuvo que es de 80, pero la demanda es tres veces superior. \u201cPor esa raz\u00f3n, se dispuso para darle transparencia al sistema de acceso, hacerlo por sorteo para evitar acomodos y amiguismos, como nos dijeron algunos padres que exist\u00eda a\u00f1os anteriores\u201d.<\/h3>\n<h3>Tras las palabras del Secretario, los padres y docentes presentes manifestaron su alivio y satisfacci\u00f3n por las respuestas claras y transparentes recibidas. Agradecieron la disposici\u00f3n del funcionario para abordar sus inquietudes, lo que les permiti\u00f3 recuperar la confianza en la continuidad de la instituci\u00f3n y el apoyo a los ni\u00f1os que se benefician de este valioso programa.<\/h3>\n<h3>Finalmente, el funcionario lament\u00f3 que \u201calgunos sectores utilicen este tema para hacer campa\u00f1a, porque evidentemente eso est\u00e1n haciendo, creando conflictos y tratando de desprestigiar todo lo que est\u00e1 haciendo este gobierno, que es el \u00fanico en todo el pa\u00eds que le ha dado rango de ministerio al \u00e1rea de la discapacidad, e incluso acaba de promulgar la ley de creaci\u00f3n del Consejo Provincial de Discapacidad\u201d, concluy\u00f3.<\/h3>\n<p>&nbsp;<\/p>\n<p>&nbsp;<\/p>\n<p>&nbsp;<\/p>\n<p>&nbsp;<\/p>\n<p>&nbsp;<\/p>\n","protected":false},"excerpt":{"rendered":"<p>En una reuni\u00f3n llevada a cabo con padres y docentes de la Escuela de Equinoterapia,&#8230;<\/p>\n","protected":false},"author":1,"featured_media":26256,"comment_status":"closed","ping_status":"closed","sticky":false,"template":"","format":"standard","meta":{"footnotes":""},"categories":[6],"tags":[],"class_list":["post-26254","post","type-post","status-publish","format-standard","has-post-thumbnail","hentry","category-ciudad-provincia"],"yoast_head":"<!-- This site is optimized with the Yoast SEO plugin v26.1.1 - https:\/\/yoast.com\/wordpress\/plugins\/seo\/ -->\n<title>EL SECRETARIO DE DISCAPACIDAD ASEGUR\u00d3 LA CONTINUIDAD DE LA ESCUELA DE EQUINOTERAPIA Y RECHAZ\u00d3 CR\u00cdTICAS - Apuntes de San Luis<\/title>\n<meta name=\"robots\" content=\"index, follow, max-snippet:-1, max-image-preview:large, max-video-preview:-1\" \/>\n<link rel=\"canonical\" href=\"https:\/\/apuntesdesanluis.com\/index.php\/2024\/12\/04\/el-secretario-de-discapacidad-aseguro-la-continuidad-de-la-escuela-de-equinoterapia-y-rechazo-criticas\/\" \/>\n<meta property=\"og:locale\" content=\"es_ES\" \/>\n<meta property=\"og:type\" content=\"article\" \/>\n<meta property=\"og:title\" content=\"EL SECRETARIO DE DISCAPACIDAD ASEGUR\u00d3 LA CONTINUIDAD DE LA ESCUELA DE EQUINOTERAPIA Y RECHAZ\u00d3 CR\u00cdTICAS - Apuntes de San Luis\" \/>\n<meta property=\"og:description\" content=\"En una reuni\u00f3n llevada a cabo con padres y docentes de la Escuela de Equinoterapia,...\" \/>\n<meta property=\"og:url\" content=\"https:\/\/apuntesdesanluis.com\/index.php\/2024\/12\/04\/el-secretario-de-discapacidad-aseguro-la-continuidad-de-la-escuela-de-equinoterapia-y-rechazo-criticas\/\" \/>\n<meta property=\"og:site_name\" content=\"Apuntes de San Luis\" \/>\n<meta property=\"article:published_time\" content=\"2024-12-05T01:48:08+00:00\" \/>\n<meta property=\"og:image\" content=\"https:\/\/apuntesdesanluis.com\/wp-content\/uploads\/2024\/12\/LUIS-GIRAUDO.jpg\" \/>\n\t<meta property=\"og:image:width\" content=\"600\" \/>\n\t<meta property=\"og:image:height\" content=\"415\" \/>\n\t<meta property=\"og:image:type\" content=\"image\/jpeg\" \/>\n<meta name=\"author\" content=\"apuntesdesanluis.com\" \/>\n<meta name=\"twitter:card\" content=\"summary_large_image\" \/>\n<meta name=\"twitter:label1\" content=\"Escrito por\" \/>\n\t<meta name=\"twitter:data1\" content=\"apuntesdesanluis.com\" \/>\n\t<meta name=\"twitter:label2\" content=\"Tiempo de lectura\" \/>\n\t<meta name=\"twitter:data2\" content=\"2 minutos\" \/>\n<script type=\"application\/ld+json\" class=\"yoast-schema-graph\">{\"@context\":\"https:\/\/schema.org\",\"@graph\":[{\"@type\":\"Article\",\"@id\":\"https:\/\/apuntesdesanluis.com\/index.php\/2024\/12\/04\/el-secretario-de-discapacidad-aseguro-la-continuidad-de-la-escuela-de-equinoterapia-y-rechazo-criticas\/#article\",\"isPartOf\":{\"@id\":\"https:\/\/apuntesdesanluis.com\/index.php\/2024\/12\/04\/el-secretario-de-discapacidad-aseguro-la-continuidad-de-la-escuela-de-equinoterapia-y-rechazo-criticas\/\"},\"author\":{\"name\":\"apuntesdesanluis.com\",\"@id\":\"https:\/\/apuntesdesanluis.com\/#\/schema\/person\/b55151d52296fcce64d1a72538a70b90\"},\"headline\":\"EL SECRETARIO DE DISCAPACIDAD ASEGUR\u00d3 LA CONTINUIDAD DE LA ESCUELA DE EQUINOTERAPIA Y RECHAZ\u00d3 CR\u00cdTICAS\",\"datePublished\":\"2024-12-05T01:48:08+00:00\",\"mainEntityOfPage\":{\"@id\":\"https:\/\/apuntesdesanluis.com\/index.php\/2024\/12\/04\/el-secretario-de-discapacidad-aseguro-la-continuidad-de-la-escuela-de-equinoterapia-y-rechazo-criticas\/\"},\"wordCount\":433,\"publisher\":{\"@id\":\"https:\/\/apuntesdesanluis.com\/#\/schema\/person\/b55151d52296fcce64d1a72538a70b90\"},\"image\":{\"@id\":\"https:\/\/apuntesdesanluis.com\/index.php\/2024\/12\/04\/el-secretario-de-discapacidad-aseguro-la-continuidad-de-la-escuela-de-equinoterapia-y-rechazo-criticas\/#primaryimage\"},\"thumbnailUrl\":\"https:\/\/apuntesdesanluis.com\/wp-content\/uploads\/2024\/12\/LUIS-GIRAUDO.jpg\",\"articleSection\":[\"Ciudad\/Provincia\"],\"inLanguage\":\"es-AR\"},{\"@type\":\"WebPage\",\"@id\":\"https:\/\/apuntesdesanluis.com\/index.php\/2024\/12\/04\/el-secretario-de-discapacidad-aseguro-la-continuidad-de-la-escuela-de-equinoterapia-y-rechazo-criticas\/\",\"url\":\"https:\/\/apuntesdesanluis.com\/index.php\/2024\/12\/04\/el-secretario-de-discapacidad-aseguro-la-continuidad-de-la-escuela-de-equinoterapia-y-rechazo-criticas\/\",\"name\":\"EL SECRETARIO DE DISCAPACIDAD ASEGUR\u00d3 LA CONTINUIDAD DE LA ESCUELA DE EQUINOTERAPIA Y RECHAZ\u00d3 CR\u00cdTICAS - Apuntes de San Luis\",\"isPartOf\":{\"@id\":\"https:\/\/apuntesdesanluis.com\/#website\"},\"primaryImageOfPage\":{\"@id\":\"https:\/\/apuntesdesanluis.com\/index.php\/2024\/12\/04\/el-secretario-de-discapacidad-aseguro-la-continuidad-de-la-escuela-de-equinoterapia-y-rechazo-criticas\/#primaryimage\"},\"image\":{\"@id\":\"https:\/\/apuntesdesanluis.com\/index.php\/2024\/12\/04\/el-secretario-de-discapacidad-aseguro-la-continuidad-de-la-escuela-de-equinoterapia-y-rechazo-criticas\/#primaryimage\"},\"thumbnailUrl\":\"https:\/\/apuntesdesanluis.com\/wp-content\/uploads\/2024\/12\/LUIS-GIRAUDO.jpg\",\"datePublished\":\"2024-12-05T01:48:08+00:00\",\"breadcrumb\":{\"@id\":\"https:\/\/apuntesdesanluis.com\/index.php\/2024\/12\/04\/el-secretario-de-discapacidad-aseguro-la-continuidad-de-la-escuela-de-equinoterapia-y-rechazo-criticas\/#breadcrumb\"},\"inLanguage\":\"es-AR\",\"potentialAction\":[{\"@type\":\"ReadAction\",\"target\":[\"https:\/\/apuntesdesanluis.com\/index.php\/2024\/12\/04\/el-secretario-de-discapacidad-aseguro-la-continuidad-de-la-escuela-de-equinoterapia-y-rechazo-criticas\/\"]}]},{\"@type\":\"ImageObject\",\"inLanguage\":\"es-AR\",\"@id\":\"https:\/\/apuntesdesanluis.com\/index.php\/2024\/12\/04\/el-secretario-de-discapacidad-aseguro-la-continuidad-de-la-escuela-de-equinoterapia-y-rechazo-criticas\/#primaryimage\",\"url\":\"https:\/\/apuntesdesanluis.com\/wp-content\/uploads\/2024\/12\/LUIS-GIRAUDO.jpg\",\"contentUrl\":\"https:\/\/apuntesdesanluis.com\/wp-content\/uploads\/2024\/12\/LUIS-GIRAUDO.jpg\",\"width\":600,\"height\":415},{\"@type\":\"BreadcrumbList\",\"@id\":\"https:\/\/apuntesdesanluis.com\/index.php\/2024\/12\/04\/el-secretario-de-discapacidad-aseguro-la-continuidad-de-la-escuela-de-equinoterapia-y-rechazo-criticas\/#breadcrumb\",\"itemListElement\":[{\"@type\":\"ListItem\",\"position\":1,\"name\":\"Inicio\",\"item\":\"https:\/\/apuntesdesanluis.com\/\"},{\"@type\":\"ListItem\",\"position\":2,\"name\":\"EL SECRETARIO DE DISCAPACIDAD ASEGUR\u00d3 LA CONTINUIDAD DE LA ESCUELA DE EQUINOTERAPIA Y RECHAZ\u00d3 CR\u00cdTICAS\"}]},{\"@type\":\"WebSite\",\"@id\":\"https:\/\/apuntesdesanluis.com\/#website\",\"url\":\"https:\/\/apuntesdesanluis.com\/\",\"name\":\"Apuntes de San Luis\",\"description\":\"\",\"publisher\":{\"@id\":\"https:\/\/apuntesdesanluis.com\/#\/schema\/person\/b55151d52296fcce64d1a72538a70b90\"},\"potentialAction\":[{\"@type\":\"SearchAction\",\"target\":{\"@type\":\"EntryPoint\",\"urlTemplate\":\"https:\/\/apuntesdesanluis.com\/?s={search_term_string}\"},\"query-input\":{\"@type\":\"PropertyValueSpecification\",\"valueRequired\":true,\"valueName\":\"search_term_string\"}}],\"inLanguage\":\"es-AR\"},{\"@type\":[\"Person\",\"Organization\"],\"@id\":\"https:\/\/apuntesdesanluis.com\/#\/schema\/person\/b55151d52296fcce64d1a72538a70b90\",\"name\":\"apuntesdesanluis.com\",\"image\":{\"@type\":\"ImageObject\",\"inLanguage\":\"es-AR\",\"@id\":\"https:\/\/apuntesdesanluis.com\/#\/schema\/person\/image\/\",\"url\":\"https:\/\/apuntesdesanluis.com\/wp-content\/uploads\/2023\/07\/cropped-apuntesdesanluis.png\",\"contentUrl\":\"https:\/\/apuntesdesanluis.com\/wp-content\/uploads\/2023\/07\/cropped-apuntesdesanluis.png\",\"width\":450,\"height\":112,\"caption\":\"apuntesdesanluis.com\"},\"logo\":{\"@id\":\"https:\/\/apuntesdesanluis.com\/#\/schema\/person\/image\/\"},\"sameAs\":[\"https:\/\/apuntesdesanluis.com\"],\"url\":\"https:\/\/apuntesdesanluis.com\/index.php\/author\/apuntesdesanluis-com\/\"}]}<\/script>\n<!-- \/ Yoast SEO plugin. -->","yoast_head_json":{"title":"EL SECRETARIO DE DISCAPACIDAD ASEGUR\u00d3 LA CONTINUIDAD DE LA ESCUELA DE EQUINOTERAPIA Y RECHAZ\u00d3 CR\u00cdTICAS - Apuntes de San Luis","robots":{"index":"index","follow":"follow","max-snippet":"max-snippet:-1","max-image-preview":"max-image-preview:large","max-video-preview":"max-video-preview:-1"},"canonical":"https:\/\/apuntesdesanluis.com\/index.php\/2024\/12\/04\/el-secretario-de-discapacidad-aseguro-la-continuidad-de-la-escuela-de-equinoterapia-y-rechazo-criticas\/","og_locale":"es_ES","og_type":"article","og_title":"EL SECRETARIO DE DISCAPACIDAD ASEGUR\u00d3 LA CONTINUIDAD DE LA ESCUELA DE EQUINOTERAPIA Y RECHAZ\u00d3 CR\u00cdTICAS - Apuntes de San Luis","og_description":"En una reuni\u00f3n llevada a cabo con padres y docentes de la Escuela de Equinoterapia,...","og_url":"https:\/\/apuntesdesanluis.com\/index.php\/2024\/12\/04\/el-secretario-de-discapacidad-aseguro-la-continuidad-de-la-escuela-de-equinoterapia-y-rechazo-criticas\/","og_site_name":"Apuntes de San Luis","article_published_time":"2024-12-05T01:48:08+00:00","og_image":[{"width":600,"height":415,"url":"https:\/\/apuntesdesanluis.com\/wp-content\/uploads\/2024\/12\/LUIS-GIRAUDO.jpg","type":"image\/jpeg"}],"author":"apuntesdesanluis.com","twitter_card":"summary_large_image","twitter_misc":{"Escrito por":"apuntesdesanluis.com","Tiempo de lectura":"2 minutos"},"schema":{"@context":"https:\/\/schema.org","@graph":[{"@type":"Article","@id":"https:\/\/apuntesdesanluis.com\/index.php\/2024\/12\/04\/el-secretario-de-discapacidad-aseguro-la-continuidad-de-la-escuela-de-equinoterapia-y-rechazo-criticas\/#article","isPartOf":{"@id":"https:\/\/apuntesdesanluis.com\/index.php\/2024\/12\/04\/el-secretario-de-discapacidad-aseguro-la-continuidad-de-la-escuela-de-equinoterapia-y-rechazo-criticas\/"},"author":{"name":"apuntesdesanluis.com","@id":"https:\/\/apuntesdesanluis.com\/#\/schema\/person\/b55151d52296fcce64d1a72538a70b90"},"headline":"EL SECRETARIO DE DISCAPACIDAD ASEGUR\u00d3 LA CONTINUIDAD DE LA ESCUELA DE EQUINOTERAPIA Y RECHAZ\u00d3 CR\u00cdTICAS","datePublished":"2024-12-05T01:48:08+00:00","mainEntityOfPage":{"@id":"https:\/\/apuntesdesanluis.com\/index.php\/2024\/12\/04\/el-secretario-de-discapacidad-aseguro-la-continuidad-de-la-escuela-de-equinoterapia-y-rechazo-criticas\/"},"wordCount":433,"publisher":{"@id":"https:\/\/apuntesdesanluis.com\/#\/schema\/person\/b55151d52296fcce64d1a72538a70b90"},"image":{"@id":"https:\/\/apuntesdesanluis.com\/index.php\/2024\/12\/04\/el-secretario-de-discapacidad-aseguro-la-continuidad-de-la-escuela-de-equinoterapia-y-rechazo-criticas\/#primaryimage"},"thumbnailUrl":"https:\/\/apuntesdesanluis.com\/wp-content\/uploads\/2024\/12\/LUIS-GIRAUDO.jpg","articleSection":["Ciudad\/Provincia"],"inLanguage":"es-AR"},{"@type":"WebPage","@id":"https:\/\/apuntesdesanluis.com\/index.php\/2024\/12\/04\/el-secretario-de-discapacidad-aseguro-la-continuidad-de-la-escuela-de-equinoterapia-y-rechazo-criticas\/","url":"https:\/\/apuntesdesanluis.com\/index.php\/2024\/12\/04\/el-secretario-de-discapacidad-aseguro-la-continuidad-de-la-escuela-de-equinoterapia-y-rechazo-criticas\/","name":"EL SECRETARIO DE DISCAPACIDAD ASEGUR\u00d3 LA CONTINUIDAD DE LA ESCUELA DE EQUINOTERAPIA Y RECHAZ\u00d3 CR\u00cdTICAS - Apuntes de San Luis","isPartOf":{"@id":"https:\/\/apuntesdesanluis.com\/#website"},"primaryImageOfPage":{"@id":"https:\/\/apuntesdesanluis.com\/index.php\/2024\/12\/04\/el-secretario-de-discapacidad-aseguro-la-continuidad-de-la-escuela-de-equinoterapia-y-rechazo-criticas\/#primaryimage"},"image":{"@id":"https:\/\/apuntesdesanluis.com\/index.php\/2024\/12\/04\/el-secretario-de-discapacidad-aseguro-la-continuidad-de-la-escuela-de-equinoterapia-y-rechazo-criticas\/#primaryimage"},"thumbnailUrl":"https:\/\/apuntesdesanluis.com\/wp-content\/uploads\/2024\/12\/LUIS-GIRAUDO.jpg","datePublished":"2024-12-05T01:48:08+00:00","breadcrumb":{"@id":"https:\/\/apuntesdesanluis.com\/index.php\/2024\/12\/04\/el-secretario-de-discapacidad-aseguro-la-continuidad-de-la-escuela-de-equinoterapia-y-rechazo-criticas\/#breadcrumb"},"inLanguage":"es-AR","potentialAction":[{"@type":"ReadAction","target":["https:\/\/apuntesdesanluis.com\/index.php\/2024\/12\/04\/el-secretario-de-discapacidad-aseguro-la-continuidad-de-la-escuela-de-equinoterapia-y-rechazo-criticas\/"]}]},{"@type":"ImageObject","inLanguage":"es-AR","@id":"https:\/\/apuntesdesanluis.com\/index.php\/2024\/12\/04\/el-secretario-de-discapacidad-aseguro-la-continuidad-de-la-escuela-de-equinoterapia-y-rechazo-criticas\/#primaryimage","url":"https:\/\/apuntesdesanluis.com\/wp-content\/uploads\/2024\/12\/LUIS-GIRAUDO.jpg","contentUrl":"https:\/\/apuntesdesanluis.com\/wp-content\/uploads\/2024\/12\/LUIS-GIRAUDO.jpg","width":600,"height":415},{"@type":"BreadcrumbList","@id":"https:\/\/apuntesdesanluis.com\/index.php\/2024\/12\/04\/el-secretario-de-discapacidad-aseguro-la-continuidad-de-la-escuela-de-equinoterapia-y-rechazo-criticas\/#breadcrumb","itemListElement":[{"@type":"ListItem","position":1,"name":"Inicio","item":"https:\/\/apuntesdesanluis.com\/"},{"@type":"ListItem","position":2,"name":"EL SECRETARIO DE DISCAPACIDAD ASEGUR\u00d3 LA CONTINUIDAD DE LA ESCUELA DE EQUINOTERAPIA Y RECHAZ\u00d3 CR\u00cdTICAS"}]},{"@type":"WebSite","@id":"https:\/\/apuntesdesanluis.com\/#website","url":"https:\/\/apuntesdesanluis.com\/","name":"Apuntes de San Luis","description":"","publisher":{"@id":"https:\/\/apuntesdesanluis.com\/#\/schema\/person\/b55151d52296fcce64d1a72538a70b90"},"potentialAction":[{"@type":"SearchAction","target":{"@type":"EntryPoint","urlTemplate":"https:\/\/apuntesdesanluis.com\/?s={search_term_string}"},"query-input":{"@type":"PropertyValueSpecification","valueRequired":true,"valueName":"search_term_string"}}],"inLanguage":"es-AR"},{"@type":["Person","Organization"],"@id":"https:\/\/apuntesdesanluis.com\/#\/schema\/person\/b55151d52296fcce64d1a72538a70b90","name":"apuntesdesanluis.com","image":{"@type":"ImageObject","inLanguage":"es-AR","@id":"https:\/\/apuntesdesanluis.com\/#\/schema\/person\/image\/","url":"https:\/\/apuntesdesanluis.com\/wp-content\/uploads\/2023\/07\/cropped-apuntesdesanluis.png","contentUrl":"https:\/\/apuntesdesanluis.com\/wp-content\/uploads\/2023\/07\/cropped-apuntesdesanluis.png","width":450,"height":112,"caption":"apuntesdesanluis.com"},"logo":{"@id":"https:\/\/apuntesdesanluis.com\/#\/schema\/person\/image\/"},"sameAs":["https:\/\/apuntesdesanluis.com"],"url":"https:\/\/apuntesdesanluis.com\/index.php\/author\/apuntesdesanluis-com\/"}]}},"featured_image_urls":{"full":["https:\/\/apuntesdesanluis.com\/wp-content\/uploads\/2024\/12\/LUIS-GIRAUDO.jpg",600,415,false],"thumbnail":["https:\/\/apuntesdesanluis.com\/wp-content\/uploads\/2024\/12\/LUIS-GIRAUDO-150x150.jpg",150,150,true],"medium":["https:\/\/apuntesdesanluis.com\/wp-content\/uploads\/2024\/12\/LUIS-GIRAUDO-300x208.jpg",300,208,true],"medium_large":["https:\/\/apuntesdesanluis.com\/wp-content\/uploads\/2024\/12\/LUIS-GIRAUDO.jpg",600,415,false],"large":["https:\/\/apuntesdesanluis.com\/wp-content\/uploads\/2024\/12\/LUIS-GIRAUDO.jpg",600,415,false],"1536x1536":["https:\/\/apuntesdesanluis.com\/wp-content\/uploads\/2024\/12\/LUIS-GIRAUDO.jpg",600,415,false],"2048x2048":["https:\/\/apuntesdesanluis.com\/wp-content\/uploads\/2024\/12\/LUIS-GIRAUDO.jpg",600,415,false],"newsever-slider-full":["https:\/\/apuntesdesanluis.com\/wp-content\/uploads\/2024\/12\/LUIS-GIRAUDO.jpg",600,415,false],"newsever-featured":["https:\/\/apuntesdesanluis.com\/wp-content\/uploads\/2024\/12\/LUIS-GIRAUDO.jpg",600,415,false],"newsever-medium":["https:\/\/apuntesdesanluis.com\/wp-content\/uploads\/2024\/12\/LUIS-GIRAUDO.jpg",600,415,false]},"author_info":{"display_name":"apuntesdesanluis.com","author_link":"https:\/\/apuntesdesanluis.com\/index.php\/author\/apuntesdesanluis-com\/"},"category_info":"<a href=\"https:\/\/apuntesdesanluis.com\/index.php\/category\/ciudad-provincia\/\" rel=\"category tag\">Ciudad\/Provincia<\/a>","tag_info":"Ciudad\/Provincia","comment_count":"0","_links":{"self":[{"href":"https:\/\/apuntesdesanluis.com\/index.php\/wp-json\/wp\/v2\/posts\/26254","targetHints":{"allow":["GET"]}}],"collection":[{"href":"https:\/\/apuntesdesanluis.com\/index.php\/wp-json\/wp\/v2\/posts"}],"about":[{"href":"https:\/\/apuntesdesanluis.com\/index.php\/wp-json\/wp\/v2\/types\/post"}],"author":[{"embeddable":true,"href":"https:\/\/apuntesdesanluis.com\/index.php\/wp-json\/wp\/v2\/users\/1"}],"replies":[{"embeddable":true,"href":"https:\/\/apuntesdesanluis.com\/index.php\/wp-json\/wp\/v2\/comments?post=26254"}],"version-history":[{"count":1,"href":"https:\/\/apuntesdesanluis.com\/index.php\/wp-json\/wp\/v2\/posts\/26254\/revisions"}],"predecessor-version":[{"id":26257,"href":"https:\/\/apuntesdesanluis.com\/index.php\/wp-json\/wp\/v2\/posts\/26254\/revisions\/26257"}],"wp:featuredmedia":[{"embeddable":true,"href":"https:\/\/apuntesdesanluis.com\/index.php\/wp-json\/wp\/v2\/media\/26256"}],"wp:attachment":[{"href":"https:\/\/apuntesdesanluis.com\/index.php\/wp-json\/wp\/v2\/media?parent=26254"}],"wp:term":[{"taxonomy":"category","embeddable":true,"href":"https:\/\/apuntesdesanluis.com\/index.php\/wp-json\/wp\/v2\/categories?post=26254"},{"taxonomy":"post_tag","embeddable":true,"href":"https:\/\/apuntesdesanluis.com\/index.php\/wp-json\/wp\/v2\/tags?post=26254"}],"curies":[{"name":"wp","href":"https:\/\/api.w.org\/{rel}","templated":true}]}}