{"id":26272,"date":"2024-12-05T16:22:11","date_gmt":"2024-12-05T19:22:11","guid":{"rendered":"https:\/\/apuntesdesanluis.com\/?p=26272"},"modified":"2024-12-05T16:22:11","modified_gmt":"2024-12-05T19:22:11","slug":"caso-jesus-munoz-el-miercoles-11-se-desarrollaran-los-alegatos-de-clausura","status":"publish","type":"post","link":"https:\/\/apuntesdesanluis.com\/index.php\/2024\/12\/05\/caso-jesus-munoz-el-miercoles-11-se-desarrollaran-los-alegatos-de-clausura\/","title":{"rendered":"CASO JESUS MU\u00d1OZ: EL MI\u00c9RCOLES 11 SE DESARROLLAR\u00c1N LOS ALEGATOS DE CLAUSURA"},"content":{"rendered":"<h3>En la jornada de hoy declararon dos testigos y finaliz\u00f3 la etapa probatoria.<\/h3>\n<h3>Este jueves por la ma\u00f1ana, se desarroll\u00f3 la cuarta jornada del debate donde tres personas son juzgadas por el homicidio de Jes\u00fas Mu\u00f1oz, ocurrido el pasado 25 de febrero en una plaza del barrio 1000 Viviendas, de Villa Mercedes.<\/h3>\n<h3>En la jornada de hoy jueves declararon dos testigos, con lo que finaliz\u00f3 la etapa probatoria. El abogado defensor de uno de los acusados, Dr. Javier Quiroga, anticip\u00f3 que su asistido declarar\u00eda previo al desarrollo de los alegatos. Luego de escuchar a las partes, la Presidente del Tribunal inform\u00f3 que el debate continuar\u00e1 el pr\u00f3ximo mi\u00e9rcoles 11 de diciembre en la Sala de Juicios Orales N\u00ba 1 de Villa Mercedes \u2013 a partir de las 9:30 horas- cuando declarar\u00e1 uno de los tres acusados. Seguidamente, se desarrollar\u00e1n los alegatos de clausura.<\/h3>\n<h3>En este caso, al igual que en el inicio del debate, las etapas de alegatos de cierre y veredicto del debate oral ser\u00e1n transmitidas en vivo a trav\u00e9s del canal de YouTube del Poder Judicial. Oportunamente se informar\u00e1 el enlace de conexi\u00f3n. El objeto de incorporar esta herramienta\/canal es cumplir con el acceso a justicia para la sociedad, adem\u00e1s de dar cumplimiento con la publicidad de los actos de gobierno establecida en la Constituci\u00f3n Nacional.<\/h3>\n<p>&nbsp;<\/p>\n<p>&nbsp;<\/p>\n<p>&nbsp;<\/p>\n<p>&nbsp;<\/p>\n<p>&nbsp;<\/p>\n<p>&nbsp;<\/p>\n","protected":false},"excerpt":{"rendered":"<p>En la jornada de hoy declararon dos testigos y finaliz\u00f3 la etapa probatoria. Este jueves&#8230;<\/p>\n","protected":false},"author":1,"featured_media":26273,"comment_status":"closed","ping_status":"closed","sticky":false,"template":"","format":"standard","meta":{"footnotes":""},"categories":[6],"tags":[],"class_list":["post-26272","post","type-post","status-publish","format-standard","has-post-thumbnail","hentry","category-ciudad-provincia"],"yoast_head":"<!-- This site is optimized with the Yoast SEO plugin v26.1.1 - https:\/\/yoast.com\/wordpress\/plugins\/seo\/ -->\n<title>CASO JESUS MU\u00d1OZ: EL MI\u00c9RCOLES 11 SE DESARROLLAR\u00c1N LOS ALEGATOS DE CLAUSURA - Apuntes de San Luis<\/title>\n<meta name=\"robots\" content=\"index, follow, max-snippet:-1, max-image-preview:large, max-video-preview:-1\" \/>\n<link rel=\"canonical\" href=\"https:\/\/apuntesdesanluis.com\/index.php\/2024\/12\/05\/caso-jesus-munoz-el-miercoles-11-se-desarrollaran-los-alegatos-de-clausura\/\" \/>\n<meta property=\"og:locale\" content=\"es_ES\" \/>\n<meta property=\"og:type\" content=\"article\" \/>\n<meta property=\"og:title\" content=\"CASO JESUS MU\u00d1OZ: EL MI\u00c9RCOLES 11 SE DESARROLLAR\u00c1N LOS ALEGATOS DE CLAUSURA - Apuntes de San Luis\" \/>\n<meta property=\"og:description\" content=\"En la jornada de hoy declararon dos testigos y finaliz\u00f3 la etapa probatoria. Este jueves...\" \/>\n<meta property=\"og:url\" content=\"https:\/\/apuntesdesanluis.com\/index.php\/2024\/12\/05\/caso-jesus-munoz-el-miercoles-11-se-desarrollaran-los-alegatos-de-clausura\/\" \/>\n<meta property=\"og:site_name\" content=\"Apuntes de San Luis\" \/>\n<meta property=\"article:published_time\" content=\"2024-12-05T19:22:11+00:00\" \/>\n<meta property=\"og:image\" content=\"https:\/\/apuntesdesanluis.com\/wp-content\/uploads\/2024\/12\/juicio-caso-munoz-1.png\" \/>\n\t<meta property=\"og:image:width\" content=\"800\" \/>\n\t<meta property=\"og:image:height\" content=\"522\" \/>\n\t<meta property=\"og:image:type\" content=\"image\/png\" \/>\n<meta name=\"author\" content=\"apuntesdesanluis.com\" \/>\n<meta name=\"twitter:card\" content=\"summary_large_image\" \/>\n<meta name=\"twitter:label1\" content=\"Escrito por\" \/>\n\t<meta name=\"twitter:data1\" content=\"apuntesdesanluis.com\" \/>\n\t<meta name=\"twitter:label2\" content=\"Tiempo de lectura\" \/>\n\t<meta name=\"twitter:data2\" content=\"2 minutos\" \/>\n<script type=\"application\/ld+json\" class=\"yoast-schema-graph\">{\"@context\":\"https:\/\/schema.org\",\"@graph\":[{\"@type\":\"Article\",\"@id\":\"https:\/\/apuntesdesanluis.com\/index.php\/2024\/12\/05\/caso-jesus-munoz-el-miercoles-11-se-desarrollaran-los-alegatos-de-clausura\/#article\",\"isPartOf\":{\"@id\":\"https:\/\/apuntesdesanluis.com\/index.php\/2024\/12\/05\/caso-jesus-munoz-el-miercoles-11-se-desarrollaran-los-alegatos-de-clausura\/\"},\"author\":{\"name\":\"apuntesdesanluis.com\",\"@id\":\"https:\/\/apuntesdesanluis.com\/#\/schema\/person\/b55151d52296fcce64d1a72538a70b90\"},\"headline\":\"CASO JESUS MU\u00d1OZ: EL MI\u00c9RCOLES 11 SE DESARROLLAR\u00c1N LOS ALEGATOS DE CLAUSURA\",\"datePublished\":\"2024-12-05T19:22:11+00:00\",\"mainEntityOfPage\":{\"@id\":\"https:\/\/apuntesdesanluis.com\/index.php\/2024\/12\/05\/caso-jesus-munoz-el-miercoles-11-se-desarrollaran-los-alegatos-de-clausura\/\"},\"wordCount\":245,\"publisher\":{\"@id\":\"https:\/\/apuntesdesanluis.com\/#\/schema\/person\/b55151d52296fcce64d1a72538a70b90\"},\"image\":{\"@id\":\"https:\/\/apuntesdesanluis.com\/index.php\/2024\/12\/05\/caso-jesus-munoz-el-miercoles-11-se-desarrollaran-los-alegatos-de-clausura\/#primaryimage\"},\"thumbnailUrl\":\"https:\/\/apuntesdesanluis.com\/wp-content\/uploads\/2024\/12\/juicio-caso-munoz-1.png\",\"articleSection\":[\"Ciudad\/Provincia\"],\"inLanguage\":\"es-AR\"},{\"@type\":\"WebPage\",\"@id\":\"https:\/\/apuntesdesanluis.com\/index.php\/2024\/12\/05\/caso-jesus-munoz-el-miercoles-11-se-desarrollaran-los-alegatos-de-clausura\/\",\"url\":\"https:\/\/apuntesdesanluis.com\/index.php\/2024\/12\/05\/caso-jesus-munoz-el-miercoles-11-se-desarrollaran-los-alegatos-de-clausura\/\",\"name\":\"CASO JESUS MU\u00d1OZ: EL MI\u00c9RCOLES 11 SE DESARROLLAR\u00c1N LOS ALEGATOS DE CLAUSURA - Apuntes de San Luis\",\"isPartOf\":{\"@id\":\"https:\/\/apuntesdesanluis.com\/#website\"},\"primaryImageOfPage\":{\"@id\":\"https:\/\/apuntesdesanluis.com\/index.php\/2024\/12\/05\/caso-jesus-munoz-el-miercoles-11-se-desarrollaran-los-alegatos-de-clausura\/#primaryimage\"},\"image\":{\"@id\":\"https:\/\/apuntesdesanluis.com\/index.php\/2024\/12\/05\/caso-jesus-munoz-el-miercoles-11-se-desarrollaran-los-alegatos-de-clausura\/#primaryimage\"},\"thumbnailUrl\":\"https:\/\/apuntesdesanluis.com\/wp-content\/uploads\/2024\/12\/juicio-caso-munoz-1.png\",\"datePublished\":\"2024-12-05T19:22:11+00:00\",\"breadcrumb\":{\"@id\":\"https:\/\/apuntesdesanluis.com\/index.php\/2024\/12\/05\/caso-jesus-munoz-el-miercoles-11-se-desarrollaran-los-alegatos-de-clausura\/#breadcrumb\"},\"inLanguage\":\"es-AR\",\"potentialAction\":[{\"@type\":\"ReadAction\",\"target\":[\"https:\/\/apuntesdesanluis.com\/index.php\/2024\/12\/05\/caso-jesus-munoz-el-miercoles-11-se-desarrollaran-los-alegatos-de-clausura\/\"]}]},{\"@type\":\"ImageObject\",\"inLanguage\":\"es-AR\",\"@id\":\"https:\/\/apuntesdesanluis.com\/index.php\/2024\/12\/05\/caso-jesus-munoz-el-miercoles-11-se-desarrollaran-los-alegatos-de-clausura\/#primaryimage\",\"url\":\"https:\/\/apuntesdesanluis.com\/wp-content\/uploads\/2024\/12\/juicio-caso-munoz-1.png\",\"contentUrl\":\"https:\/\/apuntesdesanluis.com\/wp-content\/uploads\/2024\/12\/juicio-caso-munoz-1.png\",\"width\":800,\"height\":522},{\"@type\":\"BreadcrumbList\",\"@id\":\"https:\/\/apuntesdesanluis.com\/index.php\/2024\/12\/05\/caso-jesus-munoz-el-miercoles-11-se-desarrollaran-los-alegatos-de-clausura\/#breadcrumb\",\"itemListElement\":[{\"@type\":\"ListItem\",\"position\":1,\"name\":\"Inicio\",\"item\":\"https:\/\/apuntesdesanluis.com\/\"},{\"@type\":\"ListItem\",\"position\":2,\"name\":\"CASO JESUS MU\u00d1OZ: EL MI\u00c9RCOLES 11 SE DESARROLLAR\u00c1N LOS ALEGATOS DE CLAUSURA\"}]},{\"@type\":\"WebSite\",\"@id\":\"https:\/\/apuntesdesanluis.com\/#website\",\"url\":\"https:\/\/apuntesdesanluis.com\/\",\"name\":\"Apuntes de San Luis\",\"description\":\"\",\"publisher\":{\"@id\":\"https:\/\/apuntesdesanluis.com\/#\/schema\/person\/b55151d52296fcce64d1a72538a70b90\"},\"potentialAction\":[{\"@type\":\"SearchAction\",\"target\":{\"@type\":\"EntryPoint\",\"urlTemplate\":\"https:\/\/apuntesdesanluis.com\/?s={search_term_string}\"},\"query-input\":{\"@type\":\"PropertyValueSpecification\",\"valueRequired\":true,\"valueName\":\"search_term_string\"}}],\"inLanguage\":\"es-AR\"},{\"@type\":[\"Person\",\"Organization\"],\"@id\":\"https:\/\/apuntesdesanluis.com\/#\/schema\/person\/b55151d52296fcce64d1a72538a70b90\",\"name\":\"apuntesdesanluis.com\",\"image\":{\"@type\":\"ImageObject\",\"inLanguage\":\"es-AR\",\"@id\":\"https:\/\/apuntesdesanluis.com\/#\/schema\/person\/image\/\",\"url\":\"https:\/\/apuntesdesanluis.com\/wp-content\/uploads\/2023\/07\/cropped-apuntesdesanluis.png\",\"contentUrl\":\"https:\/\/apuntesdesanluis.com\/wp-content\/uploads\/2023\/07\/cropped-apuntesdesanluis.png\",\"width\":450,\"height\":112,\"caption\":\"apuntesdesanluis.com\"},\"logo\":{\"@id\":\"https:\/\/apuntesdesanluis.com\/#\/schema\/person\/image\/\"},\"sameAs\":[\"https:\/\/apuntesdesanluis.com\"],\"url\":\"https:\/\/apuntesdesanluis.com\/index.php\/author\/apuntesdesanluis-com\/\"}]}<\/script>\n<!-- \/ Yoast SEO plugin. -->","yoast_head_json":{"title":"CASO JESUS MU\u00d1OZ: EL MI\u00c9RCOLES 11 SE DESARROLLAR\u00c1N LOS ALEGATOS DE CLAUSURA - Apuntes de San Luis","robots":{"index":"index","follow":"follow","max-snippet":"max-snippet:-1","max-image-preview":"max-image-preview:large","max-video-preview":"max-video-preview:-1"},"canonical":"https:\/\/apuntesdesanluis.com\/index.php\/2024\/12\/05\/caso-jesus-munoz-el-miercoles-11-se-desarrollaran-los-alegatos-de-clausura\/","og_locale":"es_ES","og_type":"article","og_title":"CASO JESUS MU\u00d1OZ: EL MI\u00c9RCOLES 11 SE DESARROLLAR\u00c1N LOS ALEGATOS DE CLAUSURA - Apuntes de San Luis","og_description":"En la jornada de hoy declararon dos testigos y finaliz\u00f3 la etapa probatoria. Este jueves...","og_url":"https:\/\/apuntesdesanluis.com\/index.php\/2024\/12\/05\/caso-jesus-munoz-el-miercoles-11-se-desarrollaran-los-alegatos-de-clausura\/","og_site_name":"Apuntes de San Luis","article_published_time":"2024-12-05T19:22:11+00:00","og_image":[{"width":800,"height":522,"url":"https:\/\/apuntesdesanluis.com\/wp-content\/uploads\/2024\/12\/juicio-caso-munoz-1.png","type":"image\/png"}],"author":"apuntesdesanluis.com","twitter_card":"summary_large_image","twitter_misc":{"Escrito por":"apuntesdesanluis.com","Tiempo de lectura":"2 minutos"},"schema":{"@context":"https:\/\/schema.org","@graph":[{"@type":"Article","@id":"https:\/\/apuntesdesanluis.com\/index.php\/2024\/12\/05\/caso-jesus-munoz-el-miercoles-11-se-desarrollaran-los-alegatos-de-clausura\/#article","isPartOf":{"@id":"https:\/\/apuntesdesanluis.com\/index.php\/2024\/12\/05\/caso-jesus-munoz-el-miercoles-11-se-desarrollaran-los-alegatos-de-clausura\/"},"author":{"name":"apuntesdesanluis.com","@id":"https:\/\/apuntesdesanluis.com\/#\/schema\/person\/b55151d52296fcce64d1a72538a70b90"},"headline":"CASO JESUS MU\u00d1OZ: EL MI\u00c9RCOLES 11 SE DESARROLLAR\u00c1N LOS ALEGATOS DE CLAUSURA","datePublished":"2024-12-05T19:22:11+00:00","mainEntityOfPage":{"@id":"https:\/\/apuntesdesanluis.com\/index.php\/2024\/12\/05\/caso-jesus-munoz-el-miercoles-11-se-desarrollaran-los-alegatos-de-clausura\/"},"wordCount":245,"publisher":{"@id":"https:\/\/apuntesdesanluis.com\/#\/schema\/person\/b55151d52296fcce64d1a72538a70b90"},"image":{"@id":"https:\/\/apuntesdesanluis.com\/index.php\/2024\/12\/05\/caso-jesus-munoz-el-miercoles-11-se-desarrollaran-los-alegatos-de-clausura\/#primaryimage"},"thumbnailUrl":"https:\/\/apuntesdesanluis.com\/wp-content\/uploads\/2024\/12\/juicio-caso-munoz-1.png","articleSection":["Ciudad\/Provincia"],"inLanguage":"es-AR"},{"@type":"WebPage","@id":"https:\/\/apuntesdesanluis.com\/index.php\/2024\/12\/05\/caso-jesus-munoz-el-miercoles-11-se-desarrollaran-los-alegatos-de-clausura\/","url":"https:\/\/apuntesdesanluis.com\/index.php\/2024\/12\/05\/caso-jesus-munoz-el-miercoles-11-se-desarrollaran-los-alegatos-de-clausura\/","name":"CASO JESUS MU\u00d1OZ: EL MI\u00c9RCOLES 11 SE DESARROLLAR\u00c1N LOS ALEGATOS DE CLAUSURA - Apuntes de San Luis","isPartOf":{"@id":"https:\/\/apuntesdesanluis.com\/#website"},"primaryImageOfPage":{"@id":"https:\/\/apuntesdesanluis.com\/index.php\/2024\/12\/05\/caso-jesus-munoz-el-miercoles-11-se-desarrollaran-los-alegatos-de-clausura\/#primaryimage"},"image":{"@id":"https:\/\/apuntesdesanluis.com\/index.php\/2024\/12\/05\/caso-jesus-munoz-el-miercoles-11-se-desarrollaran-los-alegatos-de-clausura\/#primaryimage"},"thumbnailUrl":"https:\/\/apuntesdesanluis.com\/wp-content\/uploads\/2024\/12\/juicio-caso-munoz-1.png","datePublished":"2024-12-05T19:22:11+00:00","breadcrumb":{"@id":"https:\/\/apuntesdesanluis.com\/index.php\/2024\/12\/05\/caso-jesus-munoz-el-miercoles-11-se-desarrollaran-los-alegatos-de-clausura\/#breadcrumb"},"inLanguage":"es-AR","potentialAction":[{"@type":"ReadAction","target":["https:\/\/apuntesdesanluis.com\/index.php\/2024\/12\/05\/caso-jesus-munoz-el-miercoles-11-se-desarrollaran-los-alegatos-de-clausura\/"]}]},{"@type":"ImageObject","inLanguage":"es-AR","@id":"https:\/\/apuntesdesanluis.com\/index.php\/2024\/12\/05\/caso-jesus-munoz-el-miercoles-11-se-desarrollaran-los-alegatos-de-clausura\/#primaryimage","url":"https:\/\/apuntesdesanluis.com\/wp-content\/uploads\/2024\/12\/juicio-caso-munoz-1.png","contentUrl":"https:\/\/apuntesdesanluis.com\/wp-content\/uploads\/2024\/12\/juicio-caso-munoz-1.png","width":800,"height":522},{"@type":"BreadcrumbList","@id":"https:\/\/apuntesdesanluis.com\/index.php\/2024\/12\/05\/caso-jesus-munoz-el-miercoles-11-se-desarrollaran-los-alegatos-de-clausura\/#breadcrumb","itemListElement":[{"@type":"ListItem","position":1,"name":"Inicio","item":"https:\/\/apuntesdesanluis.com\/"},{"@type":"ListItem","position":2,"name":"CASO JESUS MU\u00d1OZ: EL MI\u00c9RCOLES 11 SE DESARROLLAR\u00c1N LOS ALEGATOS DE CLAUSURA"}]},{"@type":"WebSite","@id":"https:\/\/apuntesdesanluis.com\/#website","url":"https:\/\/apuntesdesanluis.com\/","name":"Apuntes de San Luis","description":"","publisher":{"@id":"https:\/\/apuntesdesanluis.com\/#\/schema\/person\/b55151d52296fcce64d1a72538a70b90"},"potentialAction":[{"@type":"SearchAction","target":{"@type":"EntryPoint","urlTemplate":"https:\/\/apuntesdesanluis.com\/?s={search_term_string}"},"query-input":{"@type":"PropertyValueSpecification","valueRequired":true,"valueName":"search_term_string"}}],"inLanguage":"es-AR"},{"@type":["Person","Organization"],"@id":"https:\/\/apuntesdesanluis.com\/#\/schema\/person\/b55151d52296fcce64d1a72538a70b90","name":"apuntesdesanluis.com","image":{"@type":"ImageObject","inLanguage":"es-AR","@id":"https:\/\/apuntesdesanluis.com\/#\/schema\/person\/image\/","url":"https:\/\/apuntesdesanluis.com\/wp-content\/uploads\/2023\/07\/cropped-apuntesdesanluis.png","contentUrl":"https:\/\/apuntesdesanluis.com\/wp-content\/uploads\/2023\/07\/cropped-apuntesdesanluis.png","width":450,"height":112,"caption":"apuntesdesanluis.com"},"logo":{"@id":"https:\/\/apuntesdesanluis.com\/#\/schema\/person\/image\/"},"sameAs":["https:\/\/apuntesdesanluis.com"],"url":"https:\/\/apuntesdesanluis.com\/index.php\/author\/apuntesdesanluis-com\/"}]}},"featured_image_urls":{"full":["https:\/\/apuntesdesanluis.com\/wp-content\/uploads\/2024\/12\/juicio-caso-munoz-1.png",800,522,false],"thumbnail":["https:\/\/apuntesdesanluis.com\/wp-content\/uploads\/2024\/12\/juicio-caso-munoz-1-150x150.png",150,150,true],"medium":["https:\/\/apuntesdesanluis.com\/wp-content\/uploads\/2024\/12\/juicio-caso-munoz-1-300x196.png",300,196,true],"medium_large":["https:\/\/apuntesdesanluis.com\/wp-content\/uploads\/2024\/12\/juicio-caso-munoz-1-768x501.png",640,418,true],"large":["https:\/\/apuntesdesanluis.com\/wp-content\/uploads\/2024\/12\/juicio-caso-munoz-1.png",640,418,false],"1536x1536":["https:\/\/apuntesdesanluis.com\/wp-content\/uploads\/2024\/12\/juicio-caso-munoz-1.png",800,522,false],"2048x2048":["https:\/\/apuntesdesanluis.com\/wp-content\/uploads\/2024\/12\/juicio-caso-munoz-1.png",800,522,false],"newsever-slider-full":["https:\/\/apuntesdesanluis.com\/wp-content\/uploads\/2024\/12\/juicio-caso-munoz-1.png",800,522,false],"newsever-featured":["https:\/\/apuntesdesanluis.com\/wp-content\/uploads\/2024\/12\/juicio-caso-munoz-1.png",800,522,false],"newsever-medium":["https:\/\/apuntesdesanluis.com\/wp-content\/uploads\/2024\/12\/juicio-caso-munoz-1-720x475.png",720,475,true]},"author_info":{"display_name":"apuntesdesanluis.com","author_link":"https:\/\/apuntesdesanluis.com\/index.php\/author\/apuntesdesanluis-com\/"},"category_info":"<a href=\"https:\/\/apuntesdesanluis.com\/index.php\/category\/ciudad-provincia\/\" rel=\"category tag\">Ciudad\/Provincia<\/a>","tag_info":"Ciudad\/Provincia","comment_count":"0","_links":{"self":[{"href":"https:\/\/apuntesdesanluis.com\/index.php\/wp-json\/wp\/v2\/posts\/26272","targetHints":{"allow":["GET"]}}],"collection":[{"href":"https:\/\/apuntesdesanluis.com\/index.php\/wp-json\/wp\/v2\/posts"}],"about":[{"href":"https:\/\/apuntesdesanluis.com\/index.php\/wp-json\/wp\/v2\/types\/post"}],"author":[{"embeddable":true,"href":"https:\/\/apuntesdesanluis.com\/index.php\/wp-json\/wp\/v2\/users\/1"}],"replies":[{"embeddable":true,"href":"https:\/\/apuntesdesanluis.com\/index.php\/wp-json\/wp\/v2\/comments?post=26272"}],"version-history":[{"count":1,"href":"https:\/\/apuntesdesanluis.com\/index.php\/wp-json\/wp\/v2\/posts\/26272\/revisions"}],"predecessor-version":[{"id":26274,"href":"https:\/\/apuntesdesanluis.com\/index.php\/wp-json\/wp\/v2\/posts\/26272\/revisions\/26274"}],"wp:featuredmedia":[{"embeddable":true,"href":"https:\/\/apuntesdesanluis.com\/index.php\/wp-json\/wp\/v2\/media\/26273"}],"wp:attachment":[{"href":"https:\/\/apuntesdesanluis.com\/index.php\/wp-json\/wp\/v2\/media?parent=26272"}],"wp:term":[{"taxonomy":"category","embeddable":true,"href":"https:\/\/apuntesdesanluis.com\/index.php\/wp-json\/wp\/v2\/categories?post=26272"},{"taxonomy":"post_tag","embeddable":true,"href":"https:\/\/apuntesdesanluis.com\/index.php\/wp-json\/wp\/v2\/tags?post=26272"}],"curies":[{"name":"wp","href":"https:\/\/api.w.org\/{rel}","templated":true}]}}