{"id":26282,"date":"2024-12-05T16:49:47","date_gmt":"2024-12-05T19:49:47","guid":{"rendered":"https:\/\/apuntesdesanluis.com\/?p=26282"},"modified":"2024-12-05T16:49:47","modified_gmt":"2024-12-05T19:49:47","slug":"dejan-firme-el-sobreseimiento-de-cristina-kirchner-y-axel-kicillof-por-la-causa-dolar-futuro","status":"publish","type":"post","link":"https:\/\/apuntesdesanluis.com\/index.php\/2024\/12\/05\/dejan-firme-el-sobreseimiento-de-cristina-kirchner-y-axel-kicillof-por-la-causa-dolar-futuro\/","title":{"rendered":"DEJAN FIRME EL SOBRESEIMIENTO DE CRISTINA KIRCHNER Y AXEL KICILLOF POR LA CAUSA D\u00d3LAR FUTURO"},"content":{"rendered":"<h3>La Corte Suprema de Justicia puso fin a la causa conocida como \u201cd\u00f3lar futuro\u201d en la que estaban acusados y enviados a juicio oral la ex presidenta <strong>Cristina Kirchner<\/strong> y su ex ministro de Econom\u00eda y hoy gobernador bonaerense <strong>Axel Kicillof<\/strong>, junto a un grupo de ex funcionarios. El tribunal decidi\u00f3 no entrar en la cuesti\u00f3n de fondo, con el llamado art\u00edculo 280, y dej\u00f3 firme la resoluci\u00f3n de la C\u00e1mara Federal de Casaci\u00f3n Penal que, con CFK en la vicepresidencia, sostuvo que no hab\u00eda existido perjuicio para el Estado.<\/h3>\n<h3>La fiscal\u00eda pretend\u00eda que el caso se debatiera en juicio oral. Sosten\u00eda que el sobreseimiento se hab\u00eda dictado cuando el expediente ya estaba en instancia de debate y hab\u00eda que producir la prueba en esa instancia. As\u00ed, por dos votos a uno, tambi\u00e9n lo hab\u00eda dicho el tribunal oral que recibi\u00f3 el planteo inicial. Pero la C\u00e1mara de Casaci\u00f3n, tras una audiencia en la que la propia Cristina Kirchner declar\u00f3 desde su silla como presidenta del Senado, decidi\u00f3 que no hab\u00eda motivos para llegar a esa instancia y dict\u00f3 sobreseimientos.<\/h3>\n<h3>Los acusados se ve\u00edan venir una resoluci\u00f3n y estaban expectantes. Tal como relat\u00f3 el martes pasado Infobae, el propio expediente daba cuenta de una inminente decisi\u00f3n porque ya hab\u00eda pasado por las oficinas del sector \u201cCoherencia\u201d, en Jurisprudencia, y por \u201cConfrontaciones y Copias\u201d, el \u00faltimo paso antes de una sentencia del m\u00e1ximo tribunal. Incluso un medio period\u00edstico public\u00f3 que el m\u00e1ximo tribunal hab\u00eda confirmado los sobreseimientos de la ex jefa de Estado y el resto de los involucrados en la causa, pero ese d\u00eda el m\u00e1ximo tribunal no se hab\u00eda reunido.<\/h3>\n<h3><strong>EL CASO<\/strong><\/h3>\n<h3>Esta causa se abri\u00f3 con una denuncia de un grupo de diputados del PRO y de la UCR cuando se estaba definiendo qui\u00e9n gobernar\u00eda en la Casa Rosada. All\u00ed se sostuvo que entre agosto y noviembre de 2015, el Banco Central vendi\u00f3 contratos a \u201cd\u00f3lar futuro\u201d a $10,6 y $10,8 por unidad al sector privado para liquidar entre febrero y junio-julio de 2016. Para esa \u00e9poca, el d\u00f3lar \u201cblue\u201d se cotizaba a 16 pesos. Y el precio de mercado de esos contratos (en Nueva York y otras plazas) era de entre $14 y $15.<\/h3>\n<h3>A criterio del juez Claudio Bonadio, el Banco Central lleg\u00f3 a tener por esta operatoria contratos abiertos en el ROFEX y el MAE a diciembre de 2015 casi 17 mil millones de d\u00f3lares. En mayo de 2016, Bonadio proces\u00f3 a Cristina Kirchner, Axel Kicillof \u2013en su rol de ministro de Econom\u00eda\u2013 y a los entonces responsables del Banco Central. En ese fallo asegur\u00f3 que la autoridad monetaria report\u00f3 quebrantos para su patrimonio por m\u00e1s de 77 mil millones de pesos: la cifra exacta es $77.325.739.338,60. La C\u00e1mara Federal confirm\u00f3 el fallo y la causa se elev\u00f3 a juicio en mayo de 2017.<\/h3>\n<h3>Fue a ra\u00edz del pedido de la defensa de Miguel Pesce, a cargo de Andrea Casaux, hecho en 2017 y al que adhirieron otros imputados, que el Tribunal Oral Federal 1 orden\u00f3 un estudio contable. Los analistas del Cuerpo de Peritos de la Corte, Carlos Alberto Campod\u00f3nico, Alejandro del Acebo y Stella Maris Casta\u00f1o \u2013junto a los peritos de parte\u2013 finalmente se reunieron, analizaron la documentaci\u00f3n y contestaron, en 82 p\u00e1ginas, las 81 preguntas que confeccion\u00f3 el tribunal. All\u00ed se sostuvo que \u201clas operaciones de liquidaci\u00f3n de d\u00f3lar futuro est\u00e1n informadas en los balances del BCRA al 31\/12\/2015 y 31\/12\/2016 y en dichos a\u00f1os los balances arrojaron ganancias por $147.116.885.000 en 2015 y $67.448.520.000\u2033.<\/h3>\n<h3>La informaci\u00f3n se conoci\u00f3 el 8 de agosto de 2019. Cristina Kirchner ya se encaminaba para ser vicepresidenta de un gobierno de Alberto Fern\u00e1ndez.<\/h3>\n<p>&nbsp;<\/p>\n<p>&nbsp;<\/p>\n<p>&nbsp;<\/p>\n","protected":false},"excerpt":{"rendered":"<p>La Corte Suprema de Justicia puso fin a la causa conocida como \u201cd\u00f3lar futuro\u201d en&#8230;<\/p>\n","protected":false},"author":1,"featured_media":26283,"comment_status":"closed","ping_status":"closed","sticky":false,"template":"","format":"standard","meta":{"footnotes":""},"categories":[5],"tags":[],"class_list":["post-26282","post","type-post","status-publish","format-standard","has-post-thumbnail","hentry","category-nacionales-internacionales"],"yoast_head":"<!-- This site is optimized with the Yoast SEO plugin v26.1.1 - https:\/\/yoast.com\/wordpress\/plugins\/seo\/ -->\n<title>DEJAN FIRME EL SOBRESEIMIENTO DE CRISTINA KIRCHNER Y AXEL KICILLOF POR LA CAUSA D\u00d3LAR FUTURO - Apuntes de San Luis<\/title>\n<meta name=\"robots\" content=\"index, follow, max-snippet:-1, max-image-preview:large, max-video-preview:-1\" \/>\n<link rel=\"canonical\" href=\"https:\/\/apuntesdesanluis.com\/index.php\/2024\/12\/05\/dejan-firme-el-sobreseimiento-de-cristina-kirchner-y-axel-kicillof-por-la-causa-dolar-futuro\/\" \/>\n<meta property=\"og:locale\" content=\"es_ES\" \/>\n<meta property=\"og:type\" content=\"article\" \/>\n<meta property=\"og:title\" content=\"DEJAN FIRME EL SOBRESEIMIENTO DE CRISTINA KIRCHNER Y AXEL KICILLOF POR LA CAUSA D\u00d3LAR FUTURO - Apuntes de San Luis\" \/>\n<meta property=\"og:description\" content=\"La Corte Suprema de Justicia puso fin a la causa conocida como \u201cd\u00f3lar futuro\u201d en...\" \/>\n<meta property=\"og:url\" content=\"https:\/\/apuntesdesanluis.com\/index.php\/2024\/12\/05\/dejan-firme-el-sobreseimiento-de-cristina-kirchner-y-axel-kicillof-por-la-causa-dolar-futuro\/\" \/>\n<meta property=\"og:site_name\" content=\"Apuntes de San Luis\" \/>\n<meta property=\"article:published_time\" content=\"2024-12-05T19:49:47+00:00\" \/>\n<meta property=\"og:image\" content=\"https:\/\/apuntesdesanluis.com\/wp-content\/uploads\/2024\/12\/AXEL-Y-CRISTINA.png\" \/>\n\t<meta property=\"og:image:width\" content=\"805\" \/>\n\t<meta property=\"og:image:height\" content=\"571\" \/>\n\t<meta property=\"og:image:type\" content=\"image\/png\" \/>\n<meta name=\"author\" content=\"apuntesdesanluis.com\" \/>\n<meta name=\"twitter:card\" content=\"summary_large_image\" \/>\n<meta name=\"twitter:label1\" content=\"Escrito por\" \/>\n\t<meta name=\"twitter:data1\" content=\"apuntesdesanluis.com\" \/>\n\t<meta name=\"twitter:label2\" content=\"Tiempo de lectura\" \/>\n\t<meta name=\"twitter:data2\" content=\"3 minutos\" \/>\n<script type=\"application\/ld+json\" class=\"yoast-schema-graph\">{\"@context\":\"https:\/\/schema.org\",\"@graph\":[{\"@type\":\"Article\",\"@id\":\"https:\/\/apuntesdesanluis.com\/index.php\/2024\/12\/05\/dejan-firme-el-sobreseimiento-de-cristina-kirchner-y-axel-kicillof-por-la-causa-dolar-futuro\/#article\",\"isPartOf\":{\"@id\":\"https:\/\/apuntesdesanluis.com\/index.php\/2024\/12\/05\/dejan-firme-el-sobreseimiento-de-cristina-kirchner-y-axel-kicillof-por-la-causa-dolar-futuro\/\"},\"author\":{\"name\":\"apuntesdesanluis.com\",\"@id\":\"https:\/\/apuntesdesanluis.com\/#\/schema\/person\/b55151d52296fcce64d1a72538a70b90\"},\"headline\":\"DEJAN FIRME EL SOBRESEIMIENTO DE CRISTINA KIRCHNER Y AXEL KICILLOF POR LA CAUSA D\u00d3LAR FUTURO\",\"datePublished\":\"2024-12-05T19:49:47+00:00\",\"mainEntityOfPage\":{\"@id\":\"https:\/\/apuntesdesanluis.com\/index.php\/2024\/12\/05\/dejan-firme-el-sobreseimiento-de-cristina-kirchner-y-axel-kicillof-por-la-causa-dolar-futuro\/\"},\"wordCount\":649,\"publisher\":{\"@id\":\"https:\/\/apuntesdesanluis.com\/#\/schema\/person\/b55151d52296fcce64d1a72538a70b90\"},\"image\":{\"@id\":\"https:\/\/apuntesdesanluis.com\/index.php\/2024\/12\/05\/dejan-firme-el-sobreseimiento-de-cristina-kirchner-y-axel-kicillof-por-la-causa-dolar-futuro\/#primaryimage\"},\"thumbnailUrl\":\"https:\/\/apuntesdesanluis.com\/wp-content\/uploads\/2024\/12\/AXEL-Y-CRISTINA.png\",\"articleSection\":[\"Nacionales\/Internacionales\"],\"inLanguage\":\"es-AR\"},{\"@type\":\"WebPage\",\"@id\":\"https:\/\/apuntesdesanluis.com\/index.php\/2024\/12\/05\/dejan-firme-el-sobreseimiento-de-cristina-kirchner-y-axel-kicillof-por-la-causa-dolar-futuro\/\",\"url\":\"https:\/\/apuntesdesanluis.com\/index.php\/2024\/12\/05\/dejan-firme-el-sobreseimiento-de-cristina-kirchner-y-axel-kicillof-por-la-causa-dolar-futuro\/\",\"name\":\"DEJAN FIRME EL SOBRESEIMIENTO DE CRISTINA KIRCHNER Y AXEL KICILLOF POR LA CAUSA D\u00d3LAR FUTURO - Apuntes de San Luis\",\"isPartOf\":{\"@id\":\"https:\/\/apuntesdesanluis.com\/#website\"},\"primaryImageOfPage\":{\"@id\":\"https:\/\/apuntesdesanluis.com\/index.php\/2024\/12\/05\/dejan-firme-el-sobreseimiento-de-cristina-kirchner-y-axel-kicillof-por-la-causa-dolar-futuro\/#primaryimage\"},\"image\":{\"@id\":\"https:\/\/apuntesdesanluis.com\/index.php\/2024\/12\/05\/dejan-firme-el-sobreseimiento-de-cristina-kirchner-y-axel-kicillof-por-la-causa-dolar-futuro\/#primaryimage\"},\"thumbnailUrl\":\"https:\/\/apuntesdesanluis.com\/wp-content\/uploads\/2024\/12\/AXEL-Y-CRISTINA.png\",\"datePublished\":\"2024-12-05T19:49:47+00:00\",\"breadcrumb\":{\"@id\":\"https:\/\/apuntesdesanluis.com\/index.php\/2024\/12\/05\/dejan-firme-el-sobreseimiento-de-cristina-kirchner-y-axel-kicillof-por-la-causa-dolar-futuro\/#breadcrumb\"},\"inLanguage\":\"es-AR\",\"potentialAction\":[{\"@type\":\"ReadAction\",\"target\":[\"https:\/\/apuntesdesanluis.com\/index.php\/2024\/12\/05\/dejan-firme-el-sobreseimiento-de-cristina-kirchner-y-axel-kicillof-por-la-causa-dolar-futuro\/\"]}]},{\"@type\":\"ImageObject\",\"inLanguage\":\"es-AR\",\"@id\":\"https:\/\/apuntesdesanluis.com\/index.php\/2024\/12\/05\/dejan-firme-el-sobreseimiento-de-cristina-kirchner-y-axel-kicillof-por-la-causa-dolar-futuro\/#primaryimage\",\"url\":\"https:\/\/apuntesdesanluis.com\/wp-content\/uploads\/2024\/12\/AXEL-Y-CRISTINA.png\",\"contentUrl\":\"https:\/\/apuntesdesanluis.com\/wp-content\/uploads\/2024\/12\/AXEL-Y-CRISTINA.png\",\"width\":805,\"height\":571},{\"@type\":\"BreadcrumbList\",\"@id\":\"https:\/\/apuntesdesanluis.com\/index.php\/2024\/12\/05\/dejan-firme-el-sobreseimiento-de-cristina-kirchner-y-axel-kicillof-por-la-causa-dolar-futuro\/#breadcrumb\",\"itemListElement\":[{\"@type\":\"ListItem\",\"position\":1,\"name\":\"Inicio\",\"item\":\"https:\/\/apuntesdesanluis.com\/\"},{\"@type\":\"ListItem\",\"position\":2,\"name\":\"DEJAN FIRME EL SOBRESEIMIENTO DE CRISTINA KIRCHNER Y AXEL KICILLOF POR LA CAUSA D\u00d3LAR FUTURO\"}]},{\"@type\":\"WebSite\",\"@id\":\"https:\/\/apuntesdesanluis.com\/#website\",\"url\":\"https:\/\/apuntesdesanluis.com\/\",\"name\":\"Apuntes de San Luis\",\"description\":\"\",\"publisher\":{\"@id\":\"https:\/\/apuntesdesanluis.com\/#\/schema\/person\/b55151d52296fcce64d1a72538a70b90\"},\"potentialAction\":[{\"@type\":\"SearchAction\",\"target\":{\"@type\":\"EntryPoint\",\"urlTemplate\":\"https:\/\/apuntesdesanluis.com\/?s={search_term_string}\"},\"query-input\":{\"@type\":\"PropertyValueSpecification\",\"valueRequired\":true,\"valueName\":\"search_term_string\"}}],\"inLanguage\":\"es-AR\"},{\"@type\":[\"Person\",\"Organization\"],\"@id\":\"https:\/\/apuntesdesanluis.com\/#\/schema\/person\/b55151d52296fcce64d1a72538a70b90\",\"name\":\"apuntesdesanluis.com\",\"image\":{\"@type\":\"ImageObject\",\"inLanguage\":\"es-AR\",\"@id\":\"https:\/\/apuntesdesanluis.com\/#\/schema\/person\/image\/\",\"url\":\"https:\/\/apuntesdesanluis.com\/wp-content\/uploads\/2023\/07\/cropped-apuntesdesanluis.png\",\"contentUrl\":\"https:\/\/apuntesdesanluis.com\/wp-content\/uploads\/2023\/07\/cropped-apuntesdesanluis.png\",\"width\":450,\"height\":112,\"caption\":\"apuntesdesanluis.com\"},\"logo\":{\"@id\":\"https:\/\/apuntesdesanluis.com\/#\/schema\/person\/image\/\"},\"sameAs\":[\"https:\/\/apuntesdesanluis.com\"],\"url\":\"https:\/\/apuntesdesanluis.com\/index.php\/author\/apuntesdesanluis-com\/\"}]}<\/script>\n<!-- \/ Yoast SEO plugin. -->","yoast_head_json":{"title":"DEJAN FIRME EL SOBRESEIMIENTO DE CRISTINA KIRCHNER Y AXEL KICILLOF POR LA CAUSA D\u00d3LAR FUTURO - Apuntes de San Luis","robots":{"index":"index","follow":"follow","max-snippet":"max-snippet:-1","max-image-preview":"max-image-preview:large","max-video-preview":"max-video-preview:-1"},"canonical":"https:\/\/apuntesdesanluis.com\/index.php\/2024\/12\/05\/dejan-firme-el-sobreseimiento-de-cristina-kirchner-y-axel-kicillof-por-la-causa-dolar-futuro\/","og_locale":"es_ES","og_type":"article","og_title":"DEJAN FIRME EL SOBRESEIMIENTO DE CRISTINA KIRCHNER Y AXEL KICILLOF POR LA CAUSA D\u00d3LAR FUTURO - Apuntes de San Luis","og_description":"La Corte Suprema de Justicia puso fin a la causa conocida como \u201cd\u00f3lar futuro\u201d en...","og_url":"https:\/\/apuntesdesanluis.com\/index.php\/2024\/12\/05\/dejan-firme-el-sobreseimiento-de-cristina-kirchner-y-axel-kicillof-por-la-causa-dolar-futuro\/","og_site_name":"Apuntes de San Luis","article_published_time":"2024-12-05T19:49:47+00:00","og_image":[{"width":805,"height":571,"url":"https:\/\/apuntesdesanluis.com\/wp-content\/uploads\/2024\/12\/AXEL-Y-CRISTINA.png","type":"image\/png"}],"author":"apuntesdesanluis.com","twitter_card":"summary_large_image","twitter_misc":{"Escrito por":"apuntesdesanluis.com","Tiempo de lectura":"3 minutos"},"schema":{"@context":"https:\/\/schema.org","@graph":[{"@type":"Article","@id":"https:\/\/apuntesdesanluis.com\/index.php\/2024\/12\/05\/dejan-firme-el-sobreseimiento-de-cristina-kirchner-y-axel-kicillof-por-la-causa-dolar-futuro\/#article","isPartOf":{"@id":"https:\/\/apuntesdesanluis.com\/index.php\/2024\/12\/05\/dejan-firme-el-sobreseimiento-de-cristina-kirchner-y-axel-kicillof-por-la-causa-dolar-futuro\/"},"author":{"name":"apuntesdesanluis.com","@id":"https:\/\/apuntesdesanluis.com\/#\/schema\/person\/b55151d52296fcce64d1a72538a70b90"},"headline":"DEJAN FIRME EL SOBRESEIMIENTO DE CRISTINA KIRCHNER Y AXEL KICILLOF POR LA CAUSA D\u00d3LAR FUTURO","datePublished":"2024-12-05T19:49:47+00:00","mainEntityOfPage":{"@id":"https:\/\/apuntesdesanluis.com\/index.php\/2024\/12\/05\/dejan-firme-el-sobreseimiento-de-cristina-kirchner-y-axel-kicillof-por-la-causa-dolar-futuro\/"},"wordCount":649,"publisher":{"@id":"https:\/\/apuntesdesanluis.com\/#\/schema\/person\/b55151d52296fcce64d1a72538a70b90"},"image":{"@id":"https:\/\/apuntesdesanluis.com\/index.php\/2024\/12\/05\/dejan-firme-el-sobreseimiento-de-cristina-kirchner-y-axel-kicillof-por-la-causa-dolar-futuro\/#primaryimage"},"thumbnailUrl":"https:\/\/apuntesdesanluis.com\/wp-content\/uploads\/2024\/12\/AXEL-Y-CRISTINA.png","articleSection":["Nacionales\/Internacionales"],"inLanguage":"es-AR"},{"@type":"WebPage","@id":"https:\/\/apuntesdesanluis.com\/index.php\/2024\/12\/05\/dejan-firme-el-sobreseimiento-de-cristina-kirchner-y-axel-kicillof-por-la-causa-dolar-futuro\/","url":"https:\/\/apuntesdesanluis.com\/index.php\/2024\/12\/05\/dejan-firme-el-sobreseimiento-de-cristina-kirchner-y-axel-kicillof-por-la-causa-dolar-futuro\/","name":"DEJAN FIRME EL SOBRESEIMIENTO DE CRISTINA KIRCHNER Y AXEL KICILLOF POR LA CAUSA D\u00d3LAR FUTURO - Apuntes de San Luis","isPartOf":{"@id":"https:\/\/apuntesdesanluis.com\/#website"},"primaryImageOfPage":{"@id":"https:\/\/apuntesdesanluis.com\/index.php\/2024\/12\/05\/dejan-firme-el-sobreseimiento-de-cristina-kirchner-y-axel-kicillof-por-la-causa-dolar-futuro\/#primaryimage"},"image":{"@id":"https:\/\/apuntesdesanluis.com\/index.php\/2024\/12\/05\/dejan-firme-el-sobreseimiento-de-cristina-kirchner-y-axel-kicillof-por-la-causa-dolar-futuro\/#primaryimage"},"thumbnailUrl":"https:\/\/apuntesdesanluis.com\/wp-content\/uploads\/2024\/12\/AXEL-Y-CRISTINA.png","datePublished":"2024-12-05T19:49:47+00:00","breadcrumb":{"@id":"https:\/\/apuntesdesanluis.com\/index.php\/2024\/12\/05\/dejan-firme-el-sobreseimiento-de-cristina-kirchner-y-axel-kicillof-por-la-causa-dolar-futuro\/#breadcrumb"},"inLanguage":"es-AR","potentialAction":[{"@type":"ReadAction","target":["https:\/\/apuntesdesanluis.com\/index.php\/2024\/12\/05\/dejan-firme-el-sobreseimiento-de-cristina-kirchner-y-axel-kicillof-por-la-causa-dolar-futuro\/"]}]},{"@type":"ImageObject","inLanguage":"es-AR","@id":"https:\/\/apuntesdesanluis.com\/index.php\/2024\/12\/05\/dejan-firme-el-sobreseimiento-de-cristina-kirchner-y-axel-kicillof-por-la-causa-dolar-futuro\/#primaryimage","url":"https:\/\/apuntesdesanluis.com\/wp-content\/uploads\/2024\/12\/AXEL-Y-CRISTINA.png","contentUrl":"https:\/\/apuntesdesanluis.com\/wp-content\/uploads\/2024\/12\/AXEL-Y-CRISTINA.png","width":805,"height":571},{"@type":"BreadcrumbList","@id":"https:\/\/apuntesdesanluis.com\/index.php\/2024\/12\/05\/dejan-firme-el-sobreseimiento-de-cristina-kirchner-y-axel-kicillof-por-la-causa-dolar-futuro\/#breadcrumb","itemListElement":[{"@type":"ListItem","position":1,"name":"Inicio","item":"https:\/\/apuntesdesanluis.com\/"},{"@type":"ListItem","position":2,"name":"DEJAN FIRME EL SOBRESEIMIENTO DE CRISTINA KIRCHNER Y AXEL KICILLOF POR LA CAUSA D\u00d3LAR FUTURO"}]},{"@type":"WebSite","@id":"https:\/\/apuntesdesanluis.com\/#website","url":"https:\/\/apuntesdesanluis.com\/","name":"Apuntes de San Luis","description":"","publisher":{"@id":"https:\/\/apuntesdesanluis.com\/#\/schema\/person\/b55151d52296fcce64d1a72538a70b90"},"potentialAction":[{"@type":"SearchAction","target":{"@type":"EntryPoint","urlTemplate":"https:\/\/apuntesdesanluis.com\/?s={search_term_string}"},"query-input":{"@type":"PropertyValueSpecification","valueRequired":true,"valueName":"search_term_string"}}],"inLanguage":"es-AR"},{"@type":["Person","Organization"],"@id":"https:\/\/apuntesdesanluis.com\/#\/schema\/person\/b55151d52296fcce64d1a72538a70b90","name":"apuntesdesanluis.com","image":{"@type":"ImageObject","inLanguage":"es-AR","@id":"https:\/\/apuntesdesanluis.com\/#\/schema\/person\/image\/","url":"https:\/\/apuntesdesanluis.com\/wp-content\/uploads\/2023\/07\/cropped-apuntesdesanluis.png","contentUrl":"https:\/\/apuntesdesanluis.com\/wp-content\/uploads\/2023\/07\/cropped-apuntesdesanluis.png","width":450,"height":112,"caption":"apuntesdesanluis.com"},"logo":{"@id":"https:\/\/apuntesdesanluis.com\/#\/schema\/person\/image\/"},"sameAs":["https:\/\/apuntesdesanluis.com"],"url":"https:\/\/apuntesdesanluis.com\/index.php\/author\/apuntesdesanluis-com\/"}]}},"featured_image_urls":{"full":["https:\/\/apuntesdesanluis.com\/wp-content\/uploads\/2024\/12\/AXEL-Y-CRISTINA.png",805,571,false],"thumbnail":["https:\/\/apuntesdesanluis.com\/wp-content\/uploads\/2024\/12\/AXEL-Y-CRISTINA-150x150.png",150,150,true],"medium":["https:\/\/apuntesdesanluis.com\/wp-content\/uploads\/2024\/12\/AXEL-Y-CRISTINA-300x213.png",300,213,true],"medium_large":["https:\/\/apuntesdesanluis.com\/wp-content\/uploads\/2024\/12\/AXEL-Y-CRISTINA-768x545.png",640,454,true],"large":["https:\/\/apuntesdesanluis.com\/wp-content\/uploads\/2024\/12\/AXEL-Y-CRISTINA.png",640,454,false],"1536x1536":["https:\/\/apuntesdesanluis.com\/wp-content\/uploads\/2024\/12\/AXEL-Y-CRISTINA.png",805,571,false],"2048x2048":["https:\/\/apuntesdesanluis.com\/wp-content\/uploads\/2024\/12\/AXEL-Y-CRISTINA.png",805,571,false],"newsever-slider-full":["https:\/\/apuntesdesanluis.com\/wp-content\/uploads\/2024\/12\/AXEL-Y-CRISTINA.png",805,571,false],"newsever-featured":["https:\/\/apuntesdesanluis.com\/wp-content\/uploads\/2024\/12\/AXEL-Y-CRISTINA.png",805,571,false],"newsever-medium":["https:\/\/apuntesdesanluis.com\/wp-content\/uploads\/2024\/12\/AXEL-Y-CRISTINA-720x475.png",720,475,true]},"author_info":{"display_name":"apuntesdesanluis.com","author_link":"https:\/\/apuntesdesanluis.com\/index.php\/author\/apuntesdesanluis-com\/"},"category_info":"<a href=\"https:\/\/apuntesdesanluis.com\/index.php\/category\/nacionales-internacionales\/\" rel=\"category tag\">Nacionales\/Internacionales<\/a>","tag_info":"Nacionales\/Internacionales","comment_count":"0","_links":{"self":[{"href":"https:\/\/apuntesdesanluis.com\/index.php\/wp-json\/wp\/v2\/posts\/26282","targetHints":{"allow":["GET"]}}],"collection":[{"href":"https:\/\/apuntesdesanluis.com\/index.php\/wp-json\/wp\/v2\/posts"}],"about":[{"href":"https:\/\/apuntesdesanluis.com\/index.php\/wp-json\/wp\/v2\/types\/post"}],"author":[{"embeddable":true,"href":"https:\/\/apuntesdesanluis.com\/index.php\/wp-json\/wp\/v2\/users\/1"}],"replies":[{"embeddable":true,"href":"https:\/\/apuntesdesanluis.com\/index.php\/wp-json\/wp\/v2\/comments?post=26282"}],"version-history":[{"count":1,"href":"https:\/\/apuntesdesanluis.com\/index.php\/wp-json\/wp\/v2\/posts\/26282\/revisions"}],"predecessor-version":[{"id":26284,"href":"https:\/\/apuntesdesanluis.com\/index.php\/wp-json\/wp\/v2\/posts\/26282\/revisions\/26284"}],"wp:featuredmedia":[{"embeddable":true,"href":"https:\/\/apuntesdesanluis.com\/index.php\/wp-json\/wp\/v2\/media\/26283"}],"wp:attachment":[{"href":"https:\/\/apuntesdesanluis.com\/index.php\/wp-json\/wp\/v2\/media?parent=26282"}],"wp:term":[{"taxonomy":"category","embeddable":true,"href":"https:\/\/apuntesdesanluis.com\/index.php\/wp-json\/wp\/v2\/categories?post=26282"},{"taxonomy":"post_tag","embeddable":true,"href":"https:\/\/apuntesdesanluis.com\/index.php\/wp-json\/wp\/v2\/tags?post=26282"}],"curies":[{"name":"wp","href":"https:\/\/api.w.org\/{rel}","templated":true}]}}