{"id":26285,"date":"2024-12-05T16:59:31","date_gmt":"2024-12-05T19:59:31","guid":{"rendered":"https:\/\/apuntesdesanluis.com\/?p=26285"},"modified":"2024-12-05T16:59:31","modified_gmt":"2024-12-05T19:59:31","slug":"fallo-judicial-le-dio-la-razon-a-la-afa-y-suspendio-las-sociedades-anonimas-que-impulsa-milei","status":"publish","type":"post","link":"https:\/\/apuntesdesanluis.com\/index.php\/2024\/12\/05\/fallo-judicial-le-dio-la-razon-a-la-afa-y-suspendio-las-sociedades-anonimas-que-impulsa-milei\/","title":{"rendered":"FALLO JUDICIAL LE DIO LA RAZ\u00d3N A LA AFA Y SUSPENDI\u00d3 LAS SOCIEDADES AN\u00d3NIMAS QUE IMPULSA MILEI"},"content":{"rendered":"<h3>La C\u00e1mara Federal de San Mart\u00edn, a trav\u00e9s de la Sala I, emiti\u00f3 una decisi\u00f3n crucial en la causa que enfrenta a la <strong>Asociaci\u00f3n de F\u00fatbol Argentino<\/strong> (AFA) contra el gobierno de <strong>Javier Milei<\/strong> por las Sociedades An\u00f3nimas Deportivas (SAD). El tribunal de alzada decidi\u00f3 dejar sin efecto el art\u00edculo que autorizaba el ingreso de capitales privados a los clubes y le dio al titular de la entidad, Claudio \u201cChiqui\u201d Tapia una victoria decisiva en la pelea de fondo con la Casa Rosada.<\/h3>\n<h3>En este fallo, dictado en el marco de la causa N\u00b0 22121, fechado el 5 de diciembre, los jueces decidieron mantener la medida cautelar que suspende los efectos de ciertos art\u00edculos del Decreto de Necesidad y Urgencia N\u00b0 70\/2023, adem\u00e1s de los art\u00edculos del Decreto Reglamentario 730\/2024, hasta que se dicte una sentencia definitiva.<\/h3>\n<h3>La disputa por las SAD y el establecimiento de las reglas del mercado en el f\u00fatbol es una de las principales peleas que plante\u00f3 Milei desde su llegada a la Presidencia de la Naci\u00f3n. De hecho, hace solo cuatro d\u00edas, despu\u00e9s de la coronaci\u00f3n de Botafogo como campe\u00f3n de la Copa Libertadores de Am\u00e9rica, el presidente public\u00f3 un posteo en la red X con la frase \u201cy si debatimos las SAD?\u201d, y el cuadro con los \u00faltimos ganadores del certamen continental, que son gerenciados por empresas privadas.<\/h3>\n<h3>La resoluci\u00f3n fue firmada por los jueces de C\u00e1mara Marcelo Dar\u00edo Fern\u00e1ndez, Marcos Moran, y Juan Pablo Salas, junto con el secretario Mat\u00edas Jos\u00e9 Sac. El fallo surge tras un recurso de apelaci\u00f3n del Estado Nacional en contra de una medida anterior que otorgaba a la AFA la suspensi\u00f3n cautelar de los efectos del decreto mencionado, el cual intentaba imponer cambios en la estructura jur\u00eddica de las asociaciones deportivas, al permitir la afiliaci\u00f3n obligatoria de sociedades an\u00f3nimas.<\/h3>\n<h3>Seg\u00fan los jueces, el motivo de la suspensi\u00f3n se basa en que la normativa impugnada por la AFA altera negativamente la autonom\u00eda de las asociaciones deportivas, que son entidades sin fines de lucro, al obligarlas a aceptar afiliaciones de sociedades an\u00f3nimas, lo que perjudica su funcionamiento aut\u00f3nomo. Los jueces de c\u00e1mara fundamentaron su decisi\u00f3n argumentando que existe un \u201cestado de necesidad\u201d en el que las entidades sufren un perjuicio de imposible reparaci\u00f3n posterior debido a los cambios propuestos por el DNU 70\/2023.<\/h3>\n<h3>La AFA plante\u00f3 que los art\u00edculos en cuesti\u00f3n afectan directamente el derecho de libre asociaci\u00f3n, forzando a las organizaciones deportivas a aceptar afiliaciones de sociedades an\u00f3nimas, algo que va en contra de sus estatutos y estructura organizativa tradicional. El tribunal, al analizar los argumentos presentados por la AFA, coincidi\u00f3 en que la urgencia y necesidad justificadas en el DNU no se verifican y que las modificaciones propuestas no son urgentes, ni responden a una situaci\u00f3n de emergencia que requerir\u00eda una actuaci\u00f3n legislativa inmediata.<\/h3>\n<h3>En el expediente, la AFA sostuvo que dichas modificaciones beneficiaban a un sector minoritario y no reflejan el inter\u00e9s general.<\/h3>\n<p>&nbsp;<\/p>\n<p>&nbsp;<\/p>\n<p>&nbsp;<\/p>\n<p>&nbsp;<\/p>\n<p>&nbsp;<\/p>\n<p>&nbsp;<\/p>\n","protected":false},"excerpt":{"rendered":"<p>La C\u00e1mara Federal de San Mart\u00edn, a trav\u00e9s de la Sala I, emiti\u00f3 una decisi\u00f3n&#8230;<\/p>\n","protected":false},"author":1,"featured_media":26286,"comment_status":"closed","ping_status":"closed","sticky":false,"template":"","format":"standard","meta":{"footnotes":""},"categories":[5],"tags":[],"class_list":["post-26285","post","type-post","status-publish","format-standard","has-post-thumbnail","hentry","category-nacionales-internacionales"],"yoast_head":"<!-- This site is optimized with the Yoast SEO plugin v26.1.1 - https:\/\/yoast.com\/wordpress\/plugins\/seo\/ -->\n<title>FALLO JUDICIAL LE DIO LA RAZ\u00d3N A LA AFA Y SUSPENDI\u00d3 LAS SOCIEDADES AN\u00d3NIMAS QUE IMPULSA MILEI - Apuntes de San Luis<\/title>\n<meta name=\"robots\" content=\"index, follow, max-snippet:-1, max-image-preview:large, max-video-preview:-1\" \/>\n<link rel=\"canonical\" href=\"https:\/\/apuntesdesanluis.com\/index.php\/2024\/12\/05\/fallo-judicial-le-dio-la-razon-a-la-afa-y-suspendio-las-sociedades-anonimas-que-impulsa-milei\/\" \/>\n<meta property=\"og:locale\" content=\"es_ES\" \/>\n<meta property=\"og:type\" content=\"article\" \/>\n<meta property=\"og:title\" content=\"FALLO JUDICIAL LE DIO LA RAZ\u00d3N A LA AFA Y SUSPENDI\u00d3 LAS SOCIEDADES AN\u00d3NIMAS QUE IMPULSA MILEI - Apuntes de San Luis\" \/>\n<meta property=\"og:description\" content=\"La C\u00e1mara Federal de San Mart\u00edn, a trav\u00e9s de la Sala I, emiti\u00f3 una decisi\u00f3n...\" \/>\n<meta property=\"og:url\" content=\"https:\/\/apuntesdesanluis.com\/index.php\/2024\/12\/05\/fallo-judicial-le-dio-la-razon-a-la-afa-y-suspendio-las-sociedades-anonimas-que-impulsa-milei\/\" \/>\n<meta property=\"og:site_name\" content=\"Apuntes de San Luis\" \/>\n<meta property=\"article:published_time\" content=\"2024-12-05T19:59:31+00:00\" \/>\n<meta property=\"og:image\" content=\"https:\/\/apuntesdesanluis.com\/wp-content\/uploads\/2024\/12\/MILEI-Y-CHIQUI-TAPIA.png\" \/>\n\t<meta property=\"og:image:width\" content=\"800\" \/>\n\t<meta property=\"og:image:height\" content=\"464\" \/>\n\t<meta property=\"og:image:type\" content=\"image\/png\" \/>\n<meta name=\"author\" content=\"apuntesdesanluis.com\" \/>\n<meta name=\"twitter:card\" content=\"summary_large_image\" \/>\n<meta name=\"twitter:label1\" content=\"Escrito por\" \/>\n\t<meta name=\"twitter:data1\" content=\"apuntesdesanluis.com\" \/>\n\t<meta name=\"twitter:label2\" content=\"Tiempo de lectura\" \/>\n\t<meta name=\"twitter:data2\" content=\"3 minutos\" \/>\n<script type=\"application\/ld+json\" class=\"yoast-schema-graph\">{\"@context\":\"https:\/\/schema.org\",\"@graph\":[{\"@type\":\"Article\",\"@id\":\"https:\/\/apuntesdesanluis.com\/index.php\/2024\/12\/05\/fallo-judicial-le-dio-la-razon-a-la-afa-y-suspendio-las-sociedades-anonimas-que-impulsa-milei\/#article\",\"isPartOf\":{\"@id\":\"https:\/\/apuntesdesanluis.com\/index.php\/2024\/12\/05\/fallo-judicial-le-dio-la-razon-a-la-afa-y-suspendio-las-sociedades-anonimas-que-impulsa-milei\/\"},\"author\":{\"name\":\"apuntesdesanluis.com\",\"@id\":\"https:\/\/apuntesdesanluis.com\/#\/schema\/person\/b55151d52296fcce64d1a72538a70b90\"},\"headline\":\"FALLO JUDICIAL LE DIO LA RAZ\u00d3N A LA AFA Y SUSPENDI\u00d3 LAS SOCIEDADES AN\u00d3NIMAS QUE IMPULSA MILEI\",\"datePublished\":\"2024-12-05T19:59:31+00:00\",\"mainEntityOfPage\":{\"@id\":\"https:\/\/apuntesdesanluis.com\/index.php\/2024\/12\/05\/fallo-judicial-le-dio-la-razon-a-la-afa-y-suspendio-las-sociedades-anonimas-que-impulsa-milei\/\"},\"wordCount\":550,\"publisher\":{\"@id\":\"https:\/\/apuntesdesanluis.com\/#\/schema\/person\/b55151d52296fcce64d1a72538a70b90\"},\"image\":{\"@id\":\"https:\/\/apuntesdesanluis.com\/index.php\/2024\/12\/05\/fallo-judicial-le-dio-la-razon-a-la-afa-y-suspendio-las-sociedades-anonimas-que-impulsa-milei\/#primaryimage\"},\"thumbnailUrl\":\"https:\/\/apuntesdesanluis.com\/wp-content\/uploads\/2024\/12\/MILEI-Y-CHIQUI-TAPIA.png\",\"articleSection\":[\"Nacionales\/Internacionales\"],\"inLanguage\":\"es-AR\"},{\"@type\":\"WebPage\",\"@id\":\"https:\/\/apuntesdesanluis.com\/index.php\/2024\/12\/05\/fallo-judicial-le-dio-la-razon-a-la-afa-y-suspendio-las-sociedades-anonimas-que-impulsa-milei\/\",\"url\":\"https:\/\/apuntesdesanluis.com\/index.php\/2024\/12\/05\/fallo-judicial-le-dio-la-razon-a-la-afa-y-suspendio-las-sociedades-anonimas-que-impulsa-milei\/\",\"name\":\"FALLO JUDICIAL LE DIO LA RAZ\u00d3N A LA AFA Y SUSPENDI\u00d3 LAS SOCIEDADES AN\u00d3NIMAS QUE IMPULSA MILEI - Apuntes de San Luis\",\"isPartOf\":{\"@id\":\"https:\/\/apuntesdesanluis.com\/#website\"},\"primaryImageOfPage\":{\"@id\":\"https:\/\/apuntesdesanluis.com\/index.php\/2024\/12\/05\/fallo-judicial-le-dio-la-razon-a-la-afa-y-suspendio-las-sociedades-anonimas-que-impulsa-milei\/#primaryimage\"},\"image\":{\"@id\":\"https:\/\/apuntesdesanluis.com\/index.php\/2024\/12\/05\/fallo-judicial-le-dio-la-razon-a-la-afa-y-suspendio-las-sociedades-anonimas-que-impulsa-milei\/#primaryimage\"},\"thumbnailUrl\":\"https:\/\/apuntesdesanluis.com\/wp-content\/uploads\/2024\/12\/MILEI-Y-CHIQUI-TAPIA.png\",\"datePublished\":\"2024-12-05T19:59:31+00:00\",\"breadcrumb\":{\"@id\":\"https:\/\/apuntesdesanluis.com\/index.php\/2024\/12\/05\/fallo-judicial-le-dio-la-razon-a-la-afa-y-suspendio-las-sociedades-anonimas-que-impulsa-milei\/#breadcrumb\"},\"inLanguage\":\"es-AR\",\"potentialAction\":[{\"@type\":\"ReadAction\",\"target\":[\"https:\/\/apuntesdesanluis.com\/index.php\/2024\/12\/05\/fallo-judicial-le-dio-la-razon-a-la-afa-y-suspendio-las-sociedades-anonimas-que-impulsa-milei\/\"]}]},{\"@type\":\"ImageObject\",\"inLanguage\":\"es-AR\",\"@id\":\"https:\/\/apuntesdesanluis.com\/index.php\/2024\/12\/05\/fallo-judicial-le-dio-la-razon-a-la-afa-y-suspendio-las-sociedades-anonimas-que-impulsa-milei\/#primaryimage\",\"url\":\"https:\/\/apuntesdesanluis.com\/wp-content\/uploads\/2024\/12\/MILEI-Y-CHIQUI-TAPIA.png\",\"contentUrl\":\"https:\/\/apuntesdesanluis.com\/wp-content\/uploads\/2024\/12\/MILEI-Y-CHIQUI-TAPIA.png\",\"width\":800,\"height\":464},{\"@type\":\"BreadcrumbList\",\"@id\":\"https:\/\/apuntesdesanluis.com\/index.php\/2024\/12\/05\/fallo-judicial-le-dio-la-razon-a-la-afa-y-suspendio-las-sociedades-anonimas-que-impulsa-milei\/#breadcrumb\",\"itemListElement\":[{\"@type\":\"ListItem\",\"position\":1,\"name\":\"Inicio\",\"item\":\"https:\/\/apuntesdesanluis.com\/\"},{\"@type\":\"ListItem\",\"position\":2,\"name\":\"FALLO JUDICIAL LE DIO LA RAZ\u00d3N A LA AFA Y SUSPENDI\u00d3 LAS SOCIEDADES AN\u00d3NIMAS QUE IMPULSA MILEI\"}]},{\"@type\":\"WebSite\",\"@id\":\"https:\/\/apuntesdesanluis.com\/#website\",\"url\":\"https:\/\/apuntesdesanluis.com\/\",\"name\":\"Apuntes de San Luis\",\"description\":\"\",\"publisher\":{\"@id\":\"https:\/\/apuntesdesanluis.com\/#\/schema\/person\/b55151d52296fcce64d1a72538a70b90\"},\"potentialAction\":[{\"@type\":\"SearchAction\",\"target\":{\"@type\":\"EntryPoint\",\"urlTemplate\":\"https:\/\/apuntesdesanluis.com\/?s={search_term_string}\"},\"query-input\":{\"@type\":\"PropertyValueSpecification\",\"valueRequired\":true,\"valueName\":\"search_term_string\"}}],\"inLanguage\":\"es-AR\"},{\"@type\":[\"Person\",\"Organization\"],\"@id\":\"https:\/\/apuntesdesanluis.com\/#\/schema\/person\/b55151d52296fcce64d1a72538a70b90\",\"name\":\"apuntesdesanluis.com\",\"image\":{\"@type\":\"ImageObject\",\"inLanguage\":\"es-AR\",\"@id\":\"https:\/\/apuntesdesanluis.com\/#\/schema\/person\/image\/\",\"url\":\"https:\/\/apuntesdesanluis.com\/wp-content\/uploads\/2023\/07\/cropped-apuntesdesanluis.png\",\"contentUrl\":\"https:\/\/apuntesdesanluis.com\/wp-content\/uploads\/2023\/07\/cropped-apuntesdesanluis.png\",\"width\":450,\"height\":112,\"caption\":\"apuntesdesanluis.com\"},\"logo\":{\"@id\":\"https:\/\/apuntesdesanluis.com\/#\/schema\/person\/image\/\"},\"sameAs\":[\"https:\/\/apuntesdesanluis.com\"],\"url\":\"https:\/\/apuntesdesanluis.com\/index.php\/author\/apuntesdesanluis-com\/\"}]}<\/script>\n<!-- \/ Yoast SEO plugin. -->","yoast_head_json":{"title":"FALLO JUDICIAL LE DIO LA RAZ\u00d3N A LA AFA Y SUSPENDI\u00d3 LAS SOCIEDADES AN\u00d3NIMAS QUE IMPULSA MILEI - Apuntes de San Luis","robots":{"index":"index","follow":"follow","max-snippet":"max-snippet:-1","max-image-preview":"max-image-preview:large","max-video-preview":"max-video-preview:-1"},"canonical":"https:\/\/apuntesdesanluis.com\/index.php\/2024\/12\/05\/fallo-judicial-le-dio-la-razon-a-la-afa-y-suspendio-las-sociedades-anonimas-que-impulsa-milei\/","og_locale":"es_ES","og_type":"article","og_title":"FALLO JUDICIAL LE DIO LA RAZ\u00d3N A LA AFA Y SUSPENDI\u00d3 LAS SOCIEDADES AN\u00d3NIMAS QUE IMPULSA MILEI - Apuntes de San Luis","og_description":"La C\u00e1mara Federal de San Mart\u00edn, a trav\u00e9s de la Sala I, emiti\u00f3 una decisi\u00f3n...","og_url":"https:\/\/apuntesdesanluis.com\/index.php\/2024\/12\/05\/fallo-judicial-le-dio-la-razon-a-la-afa-y-suspendio-las-sociedades-anonimas-que-impulsa-milei\/","og_site_name":"Apuntes de San Luis","article_published_time":"2024-12-05T19:59:31+00:00","og_image":[{"width":800,"height":464,"url":"https:\/\/apuntesdesanluis.com\/wp-content\/uploads\/2024\/12\/MILEI-Y-CHIQUI-TAPIA.png","type":"image\/png"}],"author":"apuntesdesanluis.com","twitter_card":"summary_large_image","twitter_misc":{"Escrito por":"apuntesdesanluis.com","Tiempo de lectura":"3 minutos"},"schema":{"@context":"https:\/\/schema.org","@graph":[{"@type":"Article","@id":"https:\/\/apuntesdesanluis.com\/index.php\/2024\/12\/05\/fallo-judicial-le-dio-la-razon-a-la-afa-y-suspendio-las-sociedades-anonimas-que-impulsa-milei\/#article","isPartOf":{"@id":"https:\/\/apuntesdesanluis.com\/index.php\/2024\/12\/05\/fallo-judicial-le-dio-la-razon-a-la-afa-y-suspendio-las-sociedades-anonimas-que-impulsa-milei\/"},"author":{"name":"apuntesdesanluis.com","@id":"https:\/\/apuntesdesanluis.com\/#\/schema\/person\/b55151d52296fcce64d1a72538a70b90"},"headline":"FALLO JUDICIAL LE DIO LA RAZ\u00d3N A LA AFA Y SUSPENDI\u00d3 LAS SOCIEDADES AN\u00d3NIMAS QUE IMPULSA MILEI","datePublished":"2024-12-05T19:59:31+00:00","mainEntityOfPage":{"@id":"https:\/\/apuntesdesanluis.com\/index.php\/2024\/12\/05\/fallo-judicial-le-dio-la-razon-a-la-afa-y-suspendio-las-sociedades-anonimas-que-impulsa-milei\/"},"wordCount":550,"publisher":{"@id":"https:\/\/apuntesdesanluis.com\/#\/schema\/person\/b55151d52296fcce64d1a72538a70b90"},"image":{"@id":"https:\/\/apuntesdesanluis.com\/index.php\/2024\/12\/05\/fallo-judicial-le-dio-la-razon-a-la-afa-y-suspendio-las-sociedades-anonimas-que-impulsa-milei\/#primaryimage"},"thumbnailUrl":"https:\/\/apuntesdesanluis.com\/wp-content\/uploads\/2024\/12\/MILEI-Y-CHIQUI-TAPIA.png","articleSection":["Nacionales\/Internacionales"],"inLanguage":"es-AR"},{"@type":"WebPage","@id":"https:\/\/apuntesdesanluis.com\/index.php\/2024\/12\/05\/fallo-judicial-le-dio-la-razon-a-la-afa-y-suspendio-las-sociedades-anonimas-que-impulsa-milei\/","url":"https:\/\/apuntesdesanluis.com\/index.php\/2024\/12\/05\/fallo-judicial-le-dio-la-razon-a-la-afa-y-suspendio-las-sociedades-anonimas-que-impulsa-milei\/","name":"FALLO JUDICIAL LE DIO LA RAZ\u00d3N A LA AFA Y SUSPENDI\u00d3 LAS SOCIEDADES AN\u00d3NIMAS QUE IMPULSA MILEI - Apuntes de San Luis","isPartOf":{"@id":"https:\/\/apuntesdesanluis.com\/#website"},"primaryImageOfPage":{"@id":"https:\/\/apuntesdesanluis.com\/index.php\/2024\/12\/05\/fallo-judicial-le-dio-la-razon-a-la-afa-y-suspendio-las-sociedades-anonimas-que-impulsa-milei\/#primaryimage"},"image":{"@id":"https:\/\/apuntesdesanluis.com\/index.php\/2024\/12\/05\/fallo-judicial-le-dio-la-razon-a-la-afa-y-suspendio-las-sociedades-anonimas-que-impulsa-milei\/#primaryimage"},"thumbnailUrl":"https:\/\/apuntesdesanluis.com\/wp-content\/uploads\/2024\/12\/MILEI-Y-CHIQUI-TAPIA.png","datePublished":"2024-12-05T19:59:31+00:00","breadcrumb":{"@id":"https:\/\/apuntesdesanluis.com\/index.php\/2024\/12\/05\/fallo-judicial-le-dio-la-razon-a-la-afa-y-suspendio-las-sociedades-anonimas-que-impulsa-milei\/#breadcrumb"},"inLanguage":"es-AR","potentialAction":[{"@type":"ReadAction","target":["https:\/\/apuntesdesanluis.com\/index.php\/2024\/12\/05\/fallo-judicial-le-dio-la-razon-a-la-afa-y-suspendio-las-sociedades-anonimas-que-impulsa-milei\/"]}]},{"@type":"ImageObject","inLanguage":"es-AR","@id":"https:\/\/apuntesdesanluis.com\/index.php\/2024\/12\/05\/fallo-judicial-le-dio-la-razon-a-la-afa-y-suspendio-las-sociedades-anonimas-que-impulsa-milei\/#primaryimage","url":"https:\/\/apuntesdesanluis.com\/wp-content\/uploads\/2024\/12\/MILEI-Y-CHIQUI-TAPIA.png","contentUrl":"https:\/\/apuntesdesanluis.com\/wp-content\/uploads\/2024\/12\/MILEI-Y-CHIQUI-TAPIA.png","width":800,"height":464},{"@type":"BreadcrumbList","@id":"https:\/\/apuntesdesanluis.com\/index.php\/2024\/12\/05\/fallo-judicial-le-dio-la-razon-a-la-afa-y-suspendio-las-sociedades-anonimas-que-impulsa-milei\/#breadcrumb","itemListElement":[{"@type":"ListItem","position":1,"name":"Inicio","item":"https:\/\/apuntesdesanluis.com\/"},{"@type":"ListItem","position":2,"name":"FALLO JUDICIAL LE DIO LA RAZ\u00d3N A LA AFA Y SUSPENDI\u00d3 LAS SOCIEDADES AN\u00d3NIMAS QUE IMPULSA MILEI"}]},{"@type":"WebSite","@id":"https:\/\/apuntesdesanluis.com\/#website","url":"https:\/\/apuntesdesanluis.com\/","name":"Apuntes de San Luis","description":"","publisher":{"@id":"https:\/\/apuntesdesanluis.com\/#\/schema\/person\/b55151d52296fcce64d1a72538a70b90"},"potentialAction":[{"@type":"SearchAction","target":{"@type":"EntryPoint","urlTemplate":"https:\/\/apuntesdesanluis.com\/?s={search_term_string}"},"query-input":{"@type":"PropertyValueSpecification","valueRequired":true,"valueName":"search_term_string"}}],"inLanguage":"es-AR"},{"@type":["Person","Organization"],"@id":"https:\/\/apuntesdesanluis.com\/#\/schema\/person\/b55151d52296fcce64d1a72538a70b90","name":"apuntesdesanluis.com","image":{"@type":"ImageObject","inLanguage":"es-AR","@id":"https:\/\/apuntesdesanluis.com\/#\/schema\/person\/image\/","url":"https:\/\/apuntesdesanluis.com\/wp-content\/uploads\/2023\/07\/cropped-apuntesdesanluis.png","contentUrl":"https:\/\/apuntesdesanluis.com\/wp-content\/uploads\/2023\/07\/cropped-apuntesdesanluis.png","width":450,"height":112,"caption":"apuntesdesanluis.com"},"logo":{"@id":"https:\/\/apuntesdesanluis.com\/#\/schema\/person\/image\/"},"sameAs":["https:\/\/apuntesdesanluis.com"],"url":"https:\/\/apuntesdesanluis.com\/index.php\/author\/apuntesdesanluis-com\/"}]}},"featured_image_urls":{"full":["https:\/\/apuntesdesanluis.com\/wp-content\/uploads\/2024\/12\/MILEI-Y-CHIQUI-TAPIA.png",800,464,false],"thumbnail":["https:\/\/apuntesdesanluis.com\/wp-content\/uploads\/2024\/12\/MILEI-Y-CHIQUI-TAPIA-150x150.png",150,150,true],"medium":["https:\/\/apuntesdesanluis.com\/wp-content\/uploads\/2024\/12\/MILEI-Y-CHIQUI-TAPIA-300x174.png",300,174,true],"medium_large":["https:\/\/apuntesdesanluis.com\/wp-content\/uploads\/2024\/12\/MILEI-Y-CHIQUI-TAPIA-768x445.png",640,371,true],"large":["https:\/\/apuntesdesanluis.com\/wp-content\/uploads\/2024\/12\/MILEI-Y-CHIQUI-TAPIA.png",640,371,false],"1536x1536":["https:\/\/apuntesdesanluis.com\/wp-content\/uploads\/2024\/12\/MILEI-Y-CHIQUI-TAPIA.png",800,464,false],"2048x2048":["https:\/\/apuntesdesanluis.com\/wp-content\/uploads\/2024\/12\/MILEI-Y-CHIQUI-TAPIA.png",800,464,false],"newsever-slider-full":["https:\/\/apuntesdesanluis.com\/wp-content\/uploads\/2024\/12\/MILEI-Y-CHIQUI-TAPIA.png",800,464,false],"newsever-featured":["https:\/\/apuntesdesanluis.com\/wp-content\/uploads\/2024\/12\/MILEI-Y-CHIQUI-TAPIA.png",800,464,false],"newsever-medium":["https:\/\/apuntesdesanluis.com\/wp-content\/uploads\/2024\/12\/MILEI-Y-CHIQUI-TAPIA-720x464.png",720,464,true]},"author_info":{"display_name":"apuntesdesanluis.com","author_link":"https:\/\/apuntesdesanluis.com\/index.php\/author\/apuntesdesanluis-com\/"},"category_info":"<a href=\"https:\/\/apuntesdesanluis.com\/index.php\/category\/nacionales-internacionales\/\" rel=\"category tag\">Nacionales\/Internacionales<\/a>","tag_info":"Nacionales\/Internacionales","comment_count":"0","_links":{"self":[{"href":"https:\/\/apuntesdesanluis.com\/index.php\/wp-json\/wp\/v2\/posts\/26285","targetHints":{"allow":["GET"]}}],"collection":[{"href":"https:\/\/apuntesdesanluis.com\/index.php\/wp-json\/wp\/v2\/posts"}],"about":[{"href":"https:\/\/apuntesdesanluis.com\/index.php\/wp-json\/wp\/v2\/types\/post"}],"author":[{"embeddable":true,"href":"https:\/\/apuntesdesanluis.com\/index.php\/wp-json\/wp\/v2\/users\/1"}],"replies":[{"embeddable":true,"href":"https:\/\/apuntesdesanluis.com\/index.php\/wp-json\/wp\/v2\/comments?post=26285"}],"version-history":[{"count":1,"href":"https:\/\/apuntesdesanluis.com\/index.php\/wp-json\/wp\/v2\/posts\/26285\/revisions"}],"predecessor-version":[{"id":26287,"href":"https:\/\/apuntesdesanluis.com\/index.php\/wp-json\/wp\/v2\/posts\/26285\/revisions\/26287"}],"wp:featuredmedia":[{"embeddable":true,"href":"https:\/\/apuntesdesanluis.com\/index.php\/wp-json\/wp\/v2\/media\/26286"}],"wp:attachment":[{"href":"https:\/\/apuntesdesanluis.com\/index.php\/wp-json\/wp\/v2\/media?parent=26285"}],"wp:term":[{"taxonomy":"category","embeddable":true,"href":"https:\/\/apuntesdesanluis.com\/index.php\/wp-json\/wp\/v2\/categories?post=26285"},{"taxonomy":"post_tag","embeddable":true,"href":"https:\/\/apuntesdesanluis.com\/index.php\/wp-json\/wp\/v2\/tags?post=26285"}],"curies":[{"name":"wp","href":"https:\/\/api.w.org\/{rel}","templated":true}]}}