{"id":26288,"date":"2024-12-05T18:01:38","date_gmt":"2024-12-05T21:01:38","guid":{"rendered":"https:\/\/apuntesdesanluis.com\/?p=26288"},"modified":"2024-12-05T18:02:36","modified_gmt":"2024-12-05T21:02:36","slug":"la-unvime-entrego-58-titulos-y-apoyara-a-los-nuevos-profesionales-en-su-insercion-laboral","status":"publish","type":"post","link":"https:\/\/apuntesdesanluis.com\/index.php\/2024\/12\/05\/la-unvime-entrego-58-titulos-y-apoyara-a-los-nuevos-profesionales-en-su-insercion-laboral\/","title":{"rendered":"LA UNVIME ENTREG\u00d3 58 T\u00cdTULOS Y APOYAR\u00c1 A LOS NUEVOS PROFESIONALES EN SU INSERCI\u00d3N LABORAL"},"content":{"rendered":"<h3>Este jueves se desarroll\u00f3 la XIV Colaci\u00f3n de Grados de la <strong>Universidad Nacional de Villa Mercedes<\/strong>, acto que se cumpli\u00f3 ante un sal\u00f3n colmado de p\u00fablico, integrado mayoritariamente por familiares de los flamantes graduados. El rector <strong>Marcelo Sosa<\/strong> anunci\u00f3 que la universidad se har\u00e1 cargo de los gastos de matriculaci\u00f3n inicial para apoyar a los nuevos profesionales en su inserci\u00f3n laboral.<\/h3>\n<h3>Al acto asistieron el intendente municipal <strong>Maximiliano Frontera<\/strong>, la viceintendenta<strong> Silvina Galetto<\/strong>, concejales, el vicerrector de la UNSL H\u00e9ctor Flores, el rector de la UPrO Rudy C\u00e1mera e invitados especiales.<\/h3>\n<h3>En su discurso, el rector expres\u00f3 su felicidad por presidir la entrega de t\u00edtulos y record\u00f3 que a lo largo de estos 15 a\u00f1os, y de 11 de iniciar el dictado de carreras, se han formado en la UNViMe un total de 564 profesionales: 271 de Salud, 64 de la Escuela de Ingenier\u00eda y Ciencias Ambientales, 105 la Escuela de Gesti\u00f3n de Empresas y Econom\u00eda y 124 de la Escuela de Ciencias Sociales y Educaci\u00f3n.<\/h3>\n<p><img fetchpriority=\"high\" decoding=\"async\" class=\"wp-image-26290 aligncenter\" src=\"https:\/\/apuntesdesanluis.com\/wp-content\/uploads\/2024\/12\/colacion-publico-300x194.png\" alt=\"\" width=\"600\" height=\"388\" srcset=\"https:\/\/apuntesdesanluis.com\/wp-content\/uploads\/2024\/12\/colacion-publico-300x194.png 300w, https:\/\/apuntesdesanluis.com\/wp-content\/uploads\/2024\/12\/colacion-publico.png 693w\" sizes=\"(max-width: 600px) 100vw, 600px\" \/><\/p>\n<h3>Asimismo, efectu\u00f3 una f\u00e9rrea defensa de la carrera de Medicina, que \u201cpara algunos fue un error estrat\u00e9gico. No es as\u00ed, esta carrera es estrat\u00e9gica para la ciudad y nuestro pa\u00eds. A ellos les digo que mientras haya un mercedino en esta universidad, Medicina se defender\u00e1\u201d, enfatiz\u00f3.<\/h3>\n<p><iframe title=\"Discurso Rector XIV Ato de Colaci\u00f3n\" width=\"640\" height=\"360\" src=\"https:\/\/www.youtube.com\/embed\/Loo_7LhcFX0?feature=oembed\" frameborder=\"0\" allow=\"accelerometer; autoplay; clipboard-write; encrypted-media; gyroscope; picture-in-picture; web-share\" referrerpolicy=\"strict-origin-when-cross-origin\" allowfullscreen><\/iframe><\/p>\n<h3>Tambi\u00e9n felicit\u00f3 a los graduados, los inst\u00f3 a \u00abser dignos y honestos en su profesi\u00f3n\u00bb y a que defiendan la universidad p\u00fablica argentina.<\/h3>\n<h3>Finalmente, dirigi\u00e9ndose a los nuevos profesionales, el Dr. Sosa les asegur\u00f3 que la universidad los seguir\u00e1 acompa\u00f1ando como egresados, y les comunic\u00f3 que la UNViMe se har\u00e1 cargo de los gastos de matriculaci\u00f3n inicial para apoyarlos en su inserci\u00f3n laboral.<\/h3>\n<p><img decoding=\"async\" class=\"wp-image-26291 aligncenter\" src=\"https:\/\/apuntesdesanluis.com\/wp-content\/uploads\/2024\/12\/pajaro-300x298.png\" alt=\"\" width=\"558\" height=\"554\" srcset=\"https:\/\/apuntesdesanluis.com\/wp-content\/uploads\/2024\/12\/pajaro-300x298.png 300w, https:\/\/apuntesdesanluis.com\/wp-content\/uploads\/2024\/12\/pajaro-150x150.png 150w, https:\/\/apuntesdesanluis.com\/wp-content\/uploads\/2024\/12\/pajaro.png 717w\" sizes=\"(max-width: 558px) 100vw, 558px\" \/><\/p>\n<h3>En este sentido, los graduados pueden concurrir personalmente a la Secretar\u00eda de Asuntos Estudiantiles y Bienestar Universitario (Balcarce 314) o contactarse al siguiente mail: <a href=\"mailto:egresadosunvime@evirtual.unvime.edu.ar\">egresadosunvime@evirtual.unvime.edu.ar<\/a><\/h3>\n<h3>Como es tradicional, el momento de mayor emotividad fue la entrega de los 58 t\u00edtulos a los flamantes profesionales de las cuatro escuelas.<\/h3>\n<p><img decoding=\"async\" class=\"wp-image-26292 aligncenter\" src=\"https:\/\/apuntesdesanluis.com\/wp-content\/uploads\/2024\/12\/maxi-300x239.png\" alt=\"\" width=\"604\" height=\"481\" srcset=\"https:\/\/apuntesdesanluis.com\/wp-content\/uploads\/2024\/12\/maxi-300x239.png 300w, https:\/\/apuntesdesanluis.com\/wp-content\/uploads\/2024\/12\/maxi-768x613.png 768w, https:\/\/apuntesdesanluis.com\/wp-content\/uploads\/2024\/12\/maxi.png 812w\" sizes=\"(max-width: 604px) 100vw, 604px\" \/><\/p>\n<h3><strong>ESCUELA DE CIENCIAS DE LA SALUD<\/strong><\/h3>\n<h3><strong>Enfermer\u00eda<\/strong><\/h3>\n<h3>Aguilera Gonzales, Ezequiel Alejandro<\/h3>\n<h3>Gonz\u00e1lez, Lucas Sebasti\u00e1n<\/h3>\n<h3>Agusto, Sof\u00eda Antonella<\/h3>\n<h3>Alva Fern\u00e1ndez, Tamara<\/h3>\n<h3>Ar\u00e9valo, Gisela Romina<\/h3>\n<h3>Cardozo Camargo, Gimena Joan<\/h3>\n<h3>Galarza, Sharon Gianella<\/h3>\n<h3>Mansilla, Mara Daiana<\/h3>\n<h3>Mansilla Andrada, Daniela Andrea Solange<\/h3>\n<h3><strong>Licenciatura en Kinesiolog\u00eda y Fisiatr\u00eda<\/strong><\/h3>\n<h3>Escudero, Cecilia<\/h3>\n<h3>Ortiz, Antonella Estefan\u00eda<\/h3>\n<h3><strong>Licenciatura en Obstetricia<\/strong><\/h3>\n<h3>Miselli Escudero, Luciano Rodrigo<\/h3>\n<h3>Moyano, Micaela Andrea<\/h3>\n<h3>Panelo, Jorgel\u00edna Elisabeth<\/h3>\n<h3>Pereyra Olmos, Giselle Alejandra<\/h3>\n<h3>Poblet, Paula Yamila<\/h3>\n<h3>Ureta Bazan, Romina Patricia<\/h3>\n<h3><strong>Licenciatura en Actividad F\u00edsica (Ciclo Complementario)<\/strong><\/h3>\n<h3>Reyna Mendieta, Franco Agust\u00edn<\/h3>\n<h3>Wendel Daruich, Santiago Federico<\/h3>\n<h3><strong>ESCUELA DE CIENCIAS SOCIALES Y EDUCACI\u00d3N<\/strong><\/h3>\n<h3><strong>Profesorado de Educaci\u00f3n Inicial<\/strong><\/h3>\n<h3>Abbondio, Mail\u00e9n<\/h3>\n<h3>Arce, Yohana Lorena<\/h3>\n<h3>Borgatello, Pamela Dayana<\/h3>\n<h3>Cornejo, Flavia Natal\u00ed<\/h3>\n<h3>Fern\u00e1ndez Paez, Maria Alejandra<\/h3>\n<h3>Gim\u00e9nez, Melisa Daniela<\/h3>\n<h3>Gui\u00f1azu, Evelyn<\/h3>\n<h3>Reynoso, D\u00e9bora Anah\u00ed<\/h3>\n<h3>Sosa, Elsa Ester<\/h3>\n<h3><strong>Profesorado de Educaci\u00f3n Primaria<\/strong><\/h3>\n<h3>Alessio Lucero, Cinthia Carolina<\/h3>\n<h3>Avila, Irma In\u00e9s<\/h3>\n<h3>Barrozo, Natalia Angeles<\/h3>\n<h3>Centeno, J\u00e9sica Romina<\/h3>\n<h3>Colonbero, Gisela Belen<\/h3>\n<h3>Diaz, D\u00e9bora Leonela<\/h3>\n<h3>Diaz, Silvia Elizabeth<\/h3>\n<h3>Escudero, Julieta Daniela<\/h3>\n<h3>Escudero, Rocio Daiana<\/h3>\n<h3>Fern\u00e1ndez, Elena<\/h3>\n<h3>Gonz\u00e1lez, Delma Griselda<\/h3>\n<h3>Olmos, Seyla Evelin<\/h3>\n<h3>Perdiguera, Noelia Alejandra<\/h3>\n<h3>Roya, Patricia Estela<\/h3>\n<h3><strong>Tecnicatura en Administraci\u00f3n y Gesti\u00f3n Universitaria<\/strong><\/h3>\n<h3>Diaz, Victor Abelardo<\/h3>\n<h3><strong>Tecnicatura Universitaria en Dise\u00f1o de Comunicaci\u00f3n<\/strong><\/h3>\n<h3>Perez, Isa\u00edas Noe<\/h3>\n<h3>Bocanegra, Milena Abigail<\/h3>\n<h3>C\u00e1ceres, Ludmila Aymar\u00e1<\/h3>\n<h3>Cejas Tuma, Aldana Alejandra<\/h3>\n<h3>Cortes, Graciela del Carmen<\/h3>\n<h3><strong>Licenciatura en dise\u00f1o de comunicaci\u00f3n<\/strong><\/h3>\n<h3>Clara Nu\u00f1ez, Micaela Noemi<\/h3>\n<h3><strong>Tecnicatura Universitaria en Marketing Cultural y Deportivo<\/strong><\/h3>\n<h3>Pedernera, Melany Magali<\/h3>\n<h3>Romero Aldalla, Johana Bel\u00e9n<\/h3>\n<h3><strong>Analista en Sistemas de Informaci\u00f3n<\/strong><\/h3>\n<h3>Silva, Andr\u00e9s Gustavo<\/h3>\n<h3><strong>Programador Universitario en Sistemas<\/strong><\/h3>\n<h3>Ochoa, Alvaro Emmanuel<\/h3>\n<h3>Miyno, Selene Agustina<\/h3>\n<h3>Pizarro, Melanie Daiana<\/h3>\n<h3><strong>Tecnicatura Superior en Gesti\u00f3n Ambiental<\/strong><\/h3>\n<h3>Velez, Macarena Anahi<\/h3>\n<h3><strong>Tecnicatura Universitaria en Agroalimentos<\/strong><\/h3>\n<h3>Alaniz, Yanina Soledad<\/h3>\n<h3>Dominguez, Nadia Valeria<\/h3>\n<p>&nbsp;<\/p>\n<p>&nbsp;<\/p>\n<p>&nbsp;<\/p>\n","protected":false},"excerpt":{"rendered":"<p>Este jueves se desarroll\u00f3 la XIV Colaci\u00f3n de Grados de la Universidad Nacional de Villa&#8230;<\/p>\n","protected":false},"author":1,"featured_media":26289,"comment_status":"closed","ping_status":"closed","sticky":false,"template":"","format":"standard","meta":{"footnotes":""},"categories":[6],"tags":[],"class_list":["post-26288","post","type-post","status-publish","format-standard","has-post-thumbnail","hentry","category-ciudad-provincia"],"yoast_head":"<!-- This site is optimized with the Yoast SEO plugin v26.1.1 - https:\/\/yoast.com\/wordpress\/plugins\/seo\/ -->\n<title>LA UNVIME ENTREG\u00d3 58 T\u00cdTULOS Y APOYAR\u00c1 A LOS NUEVOS PROFESIONALES EN SU INSERCI\u00d3N LABORAL - Apuntes de San Luis<\/title>\n<meta name=\"robots\" content=\"index, follow, max-snippet:-1, max-image-preview:large, max-video-preview:-1\" \/>\n<link rel=\"canonical\" href=\"https:\/\/apuntesdesanluis.com\/index.php\/2024\/12\/05\/la-unvime-entrego-58-titulos-y-apoyara-a-los-nuevos-profesionales-en-su-insercion-laboral\/\" \/>\n<meta property=\"og:locale\" content=\"es_ES\" \/>\n<meta property=\"og:type\" content=\"article\" \/>\n<meta property=\"og:title\" content=\"LA UNVIME ENTREG\u00d3 58 T\u00cdTULOS Y APOYAR\u00c1 A LOS NUEVOS PROFESIONALES EN SU INSERCI\u00d3N LABORAL - Apuntes de San Luis\" \/>\n<meta property=\"og:description\" content=\"Este jueves se desarroll\u00f3 la XIV Colaci\u00f3n de Grados de la Universidad Nacional de Villa...\" \/>\n<meta property=\"og:url\" content=\"https:\/\/apuntesdesanluis.com\/index.php\/2024\/12\/05\/la-unvime-entrego-58-titulos-y-apoyara-a-los-nuevos-profesionales-en-su-insercion-laboral\/\" \/>\n<meta property=\"og:site_name\" content=\"Apuntes de San Luis\" \/>\n<meta property=\"article:published_time\" content=\"2024-12-05T21:01:38+00:00\" \/>\n<meta property=\"article:modified_time\" content=\"2024-12-05T21:02:36+00:00\" \/>\n<meta property=\"og:image\" content=\"https:\/\/apuntesdesanluis.com\/wp-content\/uploads\/2024\/12\/egresados.png\" \/>\n\t<meta property=\"og:image:width\" content=\"800\" \/>\n\t<meta property=\"og:image:height\" content=\"410\" \/>\n\t<meta property=\"og:image:type\" content=\"image\/png\" \/>\n<meta name=\"author\" content=\"apuntesdesanluis.com\" \/>\n<meta name=\"twitter:card\" content=\"summary_large_image\" \/>\n<meta name=\"twitter:label1\" content=\"Escrito por\" \/>\n\t<meta name=\"twitter:data1\" content=\"apuntesdesanluis.com\" \/>\n\t<meta name=\"twitter:label2\" content=\"Tiempo de lectura\" \/>\n\t<meta name=\"twitter:data2\" content=\"4 minutos\" \/>\n<script type=\"application\/ld+json\" class=\"yoast-schema-graph\">{\"@context\":\"https:\/\/schema.org\",\"@graph\":[{\"@type\":\"Article\",\"@id\":\"https:\/\/apuntesdesanluis.com\/index.php\/2024\/12\/05\/la-unvime-entrego-58-titulos-y-apoyara-a-los-nuevos-profesionales-en-su-insercion-laboral\/#article\",\"isPartOf\":{\"@id\":\"https:\/\/apuntesdesanluis.com\/index.php\/2024\/12\/05\/la-unvime-entrego-58-titulos-y-apoyara-a-los-nuevos-profesionales-en-su-insercion-laboral\/\"},\"author\":{\"name\":\"apuntesdesanluis.com\",\"@id\":\"https:\/\/apuntesdesanluis.com\/#\/schema\/person\/b55151d52296fcce64d1a72538a70b90\"},\"headline\":\"LA UNVIME ENTREG\u00d3 58 T\u00cdTULOS Y APOYAR\u00c1 A LOS NUEVOS PROFESIONALES EN SU INSERCI\u00d3N LABORAL\",\"datePublished\":\"2024-12-05T21:01:38+00:00\",\"dateModified\":\"2024-12-05T21:02:36+00:00\",\"mainEntityOfPage\":{\"@id\":\"https:\/\/apuntesdesanluis.com\/index.php\/2024\/12\/05\/la-unvime-entrego-58-titulos-y-apoyara-a-los-nuevos-profesionales-en-su-insercion-laboral\/\"},\"wordCount\":670,\"publisher\":{\"@id\":\"https:\/\/apuntesdesanluis.com\/#\/schema\/person\/b55151d52296fcce64d1a72538a70b90\"},\"image\":{\"@id\":\"https:\/\/apuntesdesanluis.com\/index.php\/2024\/12\/05\/la-unvime-entrego-58-titulos-y-apoyara-a-los-nuevos-profesionales-en-su-insercion-laboral\/#primaryimage\"},\"thumbnailUrl\":\"https:\/\/apuntesdesanluis.com\/wp-content\/uploads\/2024\/12\/egresados.png\",\"articleSection\":[\"Ciudad\/Provincia\"],\"inLanguage\":\"es-AR\"},{\"@type\":\"WebPage\",\"@id\":\"https:\/\/apuntesdesanluis.com\/index.php\/2024\/12\/05\/la-unvime-entrego-58-titulos-y-apoyara-a-los-nuevos-profesionales-en-su-insercion-laboral\/\",\"url\":\"https:\/\/apuntesdesanluis.com\/index.php\/2024\/12\/05\/la-unvime-entrego-58-titulos-y-apoyara-a-los-nuevos-profesionales-en-su-insercion-laboral\/\",\"name\":\"LA UNVIME ENTREG\u00d3 58 T\u00cdTULOS Y APOYAR\u00c1 A LOS NUEVOS PROFESIONALES EN SU INSERCI\u00d3N LABORAL - Apuntes de San Luis\",\"isPartOf\":{\"@id\":\"https:\/\/apuntesdesanluis.com\/#website\"},\"primaryImageOfPage\":{\"@id\":\"https:\/\/apuntesdesanluis.com\/index.php\/2024\/12\/05\/la-unvime-entrego-58-titulos-y-apoyara-a-los-nuevos-profesionales-en-su-insercion-laboral\/#primaryimage\"},\"image\":{\"@id\":\"https:\/\/apuntesdesanluis.com\/index.php\/2024\/12\/05\/la-unvime-entrego-58-titulos-y-apoyara-a-los-nuevos-profesionales-en-su-insercion-laboral\/#primaryimage\"},\"thumbnailUrl\":\"https:\/\/apuntesdesanluis.com\/wp-content\/uploads\/2024\/12\/egresados.png\",\"datePublished\":\"2024-12-05T21:01:38+00:00\",\"dateModified\":\"2024-12-05T21:02:36+00:00\",\"breadcrumb\":{\"@id\":\"https:\/\/apuntesdesanluis.com\/index.php\/2024\/12\/05\/la-unvime-entrego-58-titulos-y-apoyara-a-los-nuevos-profesionales-en-su-insercion-laboral\/#breadcrumb\"},\"inLanguage\":\"es-AR\",\"potentialAction\":[{\"@type\":\"ReadAction\",\"target\":[\"https:\/\/apuntesdesanluis.com\/index.php\/2024\/12\/05\/la-unvime-entrego-58-titulos-y-apoyara-a-los-nuevos-profesionales-en-su-insercion-laboral\/\"]}]},{\"@type\":\"ImageObject\",\"inLanguage\":\"es-AR\",\"@id\":\"https:\/\/apuntesdesanluis.com\/index.php\/2024\/12\/05\/la-unvime-entrego-58-titulos-y-apoyara-a-los-nuevos-profesionales-en-su-insercion-laboral\/#primaryimage\",\"url\":\"https:\/\/apuntesdesanluis.com\/wp-content\/uploads\/2024\/12\/egresados.png\",\"contentUrl\":\"https:\/\/apuntesdesanluis.com\/wp-content\/uploads\/2024\/12\/egresados.png\",\"width\":800,\"height\":410},{\"@type\":\"BreadcrumbList\",\"@id\":\"https:\/\/apuntesdesanluis.com\/index.php\/2024\/12\/05\/la-unvime-entrego-58-titulos-y-apoyara-a-los-nuevos-profesionales-en-su-insercion-laboral\/#breadcrumb\",\"itemListElement\":[{\"@type\":\"ListItem\",\"position\":1,\"name\":\"Inicio\",\"item\":\"https:\/\/apuntesdesanluis.com\/\"},{\"@type\":\"ListItem\",\"position\":2,\"name\":\"LA UNVIME ENTREG\u00d3 58 T\u00cdTULOS Y APOYAR\u00c1 A LOS NUEVOS PROFESIONALES EN SU INSERCI\u00d3N LABORAL\"}]},{\"@type\":\"WebSite\",\"@id\":\"https:\/\/apuntesdesanluis.com\/#website\",\"url\":\"https:\/\/apuntesdesanluis.com\/\",\"name\":\"Apuntes de San Luis\",\"description\":\"\",\"publisher\":{\"@id\":\"https:\/\/apuntesdesanluis.com\/#\/schema\/person\/b55151d52296fcce64d1a72538a70b90\"},\"potentialAction\":[{\"@type\":\"SearchAction\",\"target\":{\"@type\":\"EntryPoint\",\"urlTemplate\":\"https:\/\/apuntesdesanluis.com\/?s={search_term_string}\"},\"query-input\":{\"@type\":\"PropertyValueSpecification\",\"valueRequired\":true,\"valueName\":\"search_term_string\"}}],\"inLanguage\":\"es-AR\"},{\"@type\":[\"Person\",\"Organization\"],\"@id\":\"https:\/\/apuntesdesanluis.com\/#\/schema\/person\/b55151d52296fcce64d1a72538a70b90\",\"name\":\"apuntesdesanluis.com\",\"image\":{\"@type\":\"ImageObject\",\"inLanguage\":\"es-AR\",\"@id\":\"https:\/\/apuntesdesanluis.com\/#\/schema\/person\/image\/\",\"url\":\"https:\/\/apuntesdesanluis.com\/wp-content\/uploads\/2023\/07\/cropped-apuntesdesanluis.png\",\"contentUrl\":\"https:\/\/apuntesdesanluis.com\/wp-content\/uploads\/2023\/07\/cropped-apuntesdesanluis.png\",\"width\":450,\"height\":112,\"caption\":\"apuntesdesanluis.com\"},\"logo\":{\"@id\":\"https:\/\/apuntesdesanluis.com\/#\/schema\/person\/image\/\"},\"sameAs\":[\"https:\/\/apuntesdesanluis.com\"],\"url\":\"https:\/\/apuntesdesanluis.com\/index.php\/author\/apuntesdesanluis-com\/\"}]}<\/script>\n<!-- \/ Yoast SEO plugin. -->","yoast_head_json":{"title":"LA UNVIME ENTREG\u00d3 58 T\u00cdTULOS Y APOYAR\u00c1 A LOS NUEVOS PROFESIONALES EN SU INSERCI\u00d3N LABORAL - Apuntes de San Luis","robots":{"index":"index","follow":"follow","max-snippet":"max-snippet:-1","max-image-preview":"max-image-preview:large","max-video-preview":"max-video-preview:-1"},"canonical":"https:\/\/apuntesdesanluis.com\/index.php\/2024\/12\/05\/la-unvime-entrego-58-titulos-y-apoyara-a-los-nuevos-profesionales-en-su-insercion-laboral\/","og_locale":"es_ES","og_type":"article","og_title":"LA UNVIME ENTREG\u00d3 58 T\u00cdTULOS Y APOYAR\u00c1 A LOS NUEVOS PROFESIONALES EN SU INSERCI\u00d3N LABORAL - Apuntes de San Luis","og_description":"Este jueves se desarroll\u00f3 la XIV Colaci\u00f3n de Grados de la Universidad Nacional de Villa...","og_url":"https:\/\/apuntesdesanluis.com\/index.php\/2024\/12\/05\/la-unvime-entrego-58-titulos-y-apoyara-a-los-nuevos-profesionales-en-su-insercion-laboral\/","og_site_name":"Apuntes de San Luis","article_published_time":"2024-12-05T21:01:38+00:00","article_modified_time":"2024-12-05T21:02:36+00:00","og_image":[{"width":800,"height":410,"url":"https:\/\/apuntesdesanluis.com\/wp-content\/uploads\/2024\/12\/egresados.png","type":"image\/png"}],"author":"apuntesdesanluis.com","twitter_card":"summary_large_image","twitter_misc":{"Escrito por":"apuntesdesanluis.com","Tiempo de lectura":"4 minutos"},"schema":{"@context":"https:\/\/schema.org","@graph":[{"@type":"Article","@id":"https:\/\/apuntesdesanluis.com\/index.php\/2024\/12\/05\/la-unvime-entrego-58-titulos-y-apoyara-a-los-nuevos-profesionales-en-su-insercion-laboral\/#article","isPartOf":{"@id":"https:\/\/apuntesdesanluis.com\/index.php\/2024\/12\/05\/la-unvime-entrego-58-titulos-y-apoyara-a-los-nuevos-profesionales-en-su-insercion-laboral\/"},"author":{"name":"apuntesdesanluis.com","@id":"https:\/\/apuntesdesanluis.com\/#\/schema\/person\/b55151d52296fcce64d1a72538a70b90"},"headline":"LA UNVIME ENTREG\u00d3 58 T\u00cdTULOS Y APOYAR\u00c1 A LOS NUEVOS PROFESIONALES EN SU INSERCI\u00d3N LABORAL","datePublished":"2024-12-05T21:01:38+00:00","dateModified":"2024-12-05T21:02:36+00:00","mainEntityOfPage":{"@id":"https:\/\/apuntesdesanluis.com\/index.php\/2024\/12\/05\/la-unvime-entrego-58-titulos-y-apoyara-a-los-nuevos-profesionales-en-su-insercion-laboral\/"},"wordCount":670,"publisher":{"@id":"https:\/\/apuntesdesanluis.com\/#\/schema\/person\/b55151d52296fcce64d1a72538a70b90"},"image":{"@id":"https:\/\/apuntesdesanluis.com\/index.php\/2024\/12\/05\/la-unvime-entrego-58-titulos-y-apoyara-a-los-nuevos-profesionales-en-su-insercion-laboral\/#primaryimage"},"thumbnailUrl":"https:\/\/apuntesdesanluis.com\/wp-content\/uploads\/2024\/12\/egresados.png","articleSection":["Ciudad\/Provincia"],"inLanguage":"es-AR"},{"@type":"WebPage","@id":"https:\/\/apuntesdesanluis.com\/index.php\/2024\/12\/05\/la-unvime-entrego-58-titulos-y-apoyara-a-los-nuevos-profesionales-en-su-insercion-laboral\/","url":"https:\/\/apuntesdesanluis.com\/index.php\/2024\/12\/05\/la-unvime-entrego-58-titulos-y-apoyara-a-los-nuevos-profesionales-en-su-insercion-laboral\/","name":"LA UNVIME ENTREG\u00d3 58 T\u00cdTULOS Y APOYAR\u00c1 A LOS NUEVOS PROFESIONALES EN SU INSERCI\u00d3N LABORAL - Apuntes de San Luis","isPartOf":{"@id":"https:\/\/apuntesdesanluis.com\/#website"},"primaryImageOfPage":{"@id":"https:\/\/apuntesdesanluis.com\/index.php\/2024\/12\/05\/la-unvime-entrego-58-titulos-y-apoyara-a-los-nuevos-profesionales-en-su-insercion-laboral\/#primaryimage"},"image":{"@id":"https:\/\/apuntesdesanluis.com\/index.php\/2024\/12\/05\/la-unvime-entrego-58-titulos-y-apoyara-a-los-nuevos-profesionales-en-su-insercion-laboral\/#primaryimage"},"thumbnailUrl":"https:\/\/apuntesdesanluis.com\/wp-content\/uploads\/2024\/12\/egresados.png","datePublished":"2024-12-05T21:01:38+00:00","dateModified":"2024-12-05T21:02:36+00:00","breadcrumb":{"@id":"https:\/\/apuntesdesanluis.com\/index.php\/2024\/12\/05\/la-unvime-entrego-58-titulos-y-apoyara-a-los-nuevos-profesionales-en-su-insercion-laboral\/#breadcrumb"},"inLanguage":"es-AR","potentialAction":[{"@type":"ReadAction","target":["https:\/\/apuntesdesanluis.com\/index.php\/2024\/12\/05\/la-unvime-entrego-58-titulos-y-apoyara-a-los-nuevos-profesionales-en-su-insercion-laboral\/"]}]},{"@type":"ImageObject","inLanguage":"es-AR","@id":"https:\/\/apuntesdesanluis.com\/index.php\/2024\/12\/05\/la-unvime-entrego-58-titulos-y-apoyara-a-los-nuevos-profesionales-en-su-insercion-laboral\/#primaryimage","url":"https:\/\/apuntesdesanluis.com\/wp-content\/uploads\/2024\/12\/egresados.png","contentUrl":"https:\/\/apuntesdesanluis.com\/wp-content\/uploads\/2024\/12\/egresados.png","width":800,"height":410},{"@type":"BreadcrumbList","@id":"https:\/\/apuntesdesanluis.com\/index.php\/2024\/12\/05\/la-unvime-entrego-58-titulos-y-apoyara-a-los-nuevos-profesionales-en-su-insercion-laboral\/#breadcrumb","itemListElement":[{"@type":"ListItem","position":1,"name":"Inicio","item":"https:\/\/apuntesdesanluis.com\/"},{"@type":"ListItem","position":2,"name":"LA UNVIME ENTREG\u00d3 58 T\u00cdTULOS Y APOYAR\u00c1 A LOS NUEVOS PROFESIONALES EN SU INSERCI\u00d3N LABORAL"}]},{"@type":"WebSite","@id":"https:\/\/apuntesdesanluis.com\/#website","url":"https:\/\/apuntesdesanluis.com\/","name":"Apuntes de San Luis","description":"","publisher":{"@id":"https:\/\/apuntesdesanluis.com\/#\/schema\/person\/b55151d52296fcce64d1a72538a70b90"},"potentialAction":[{"@type":"SearchAction","target":{"@type":"EntryPoint","urlTemplate":"https:\/\/apuntesdesanluis.com\/?s={search_term_string}"},"query-input":{"@type":"PropertyValueSpecification","valueRequired":true,"valueName":"search_term_string"}}],"inLanguage":"es-AR"},{"@type":["Person","Organization"],"@id":"https:\/\/apuntesdesanluis.com\/#\/schema\/person\/b55151d52296fcce64d1a72538a70b90","name":"apuntesdesanluis.com","image":{"@type":"ImageObject","inLanguage":"es-AR","@id":"https:\/\/apuntesdesanluis.com\/#\/schema\/person\/image\/","url":"https:\/\/apuntesdesanluis.com\/wp-content\/uploads\/2023\/07\/cropped-apuntesdesanluis.png","contentUrl":"https:\/\/apuntesdesanluis.com\/wp-content\/uploads\/2023\/07\/cropped-apuntesdesanluis.png","width":450,"height":112,"caption":"apuntesdesanluis.com"},"logo":{"@id":"https:\/\/apuntesdesanluis.com\/#\/schema\/person\/image\/"},"sameAs":["https:\/\/apuntesdesanluis.com"],"url":"https:\/\/apuntesdesanluis.com\/index.php\/author\/apuntesdesanluis-com\/"}]}},"featured_image_urls":{"full":["https:\/\/apuntesdesanluis.com\/wp-content\/uploads\/2024\/12\/egresados.png",800,410,false],"thumbnail":["https:\/\/apuntesdesanluis.com\/wp-content\/uploads\/2024\/12\/egresados-150x150.png",150,150,true],"medium":["https:\/\/apuntesdesanluis.com\/wp-content\/uploads\/2024\/12\/egresados-300x154.png",300,154,true],"medium_large":["https:\/\/apuntesdesanluis.com\/wp-content\/uploads\/2024\/12\/egresados-768x394.png",640,328,true],"large":["https:\/\/apuntesdesanluis.com\/wp-content\/uploads\/2024\/12\/egresados.png",640,328,false],"1536x1536":["https:\/\/apuntesdesanluis.com\/wp-content\/uploads\/2024\/12\/egresados.png",800,410,false],"2048x2048":["https:\/\/apuntesdesanluis.com\/wp-content\/uploads\/2024\/12\/egresados.png",800,410,false],"newsever-slider-full":["https:\/\/apuntesdesanluis.com\/wp-content\/uploads\/2024\/12\/egresados.png",800,410,false],"newsever-featured":["https:\/\/apuntesdesanluis.com\/wp-content\/uploads\/2024\/12\/egresados.png",800,410,false],"newsever-medium":["https:\/\/apuntesdesanluis.com\/wp-content\/uploads\/2024\/12\/egresados-720x410.png",720,410,true]},"author_info":{"display_name":"apuntesdesanluis.com","author_link":"https:\/\/apuntesdesanluis.com\/index.php\/author\/apuntesdesanluis-com\/"},"category_info":"<a href=\"https:\/\/apuntesdesanluis.com\/index.php\/category\/ciudad-provincia\/\" rel=\"category tag\">Ciudad\/Provincia<\/a>","tag_info":"Ciudad\/Provincia","comment_count":"0","_links":{"self":[{"href":"https:\/\/apuntesdesanluis.com\/index.php\/wp-json\/wp\/v2\/posts\/26288","targetHints":{"allow":["GET"]}}],"collection":[{"href":"https:\/\/apuntesdesanluis.com\/index.php\/wp-json\/wp\/v2\/posts"}],"about":[{"href":"https:\/\/apuntesdesanluis.com\/index.php\/wp-json\/wp\/v2\/types\/post"}],"author":[{"embeddable":true,"href":"https:\/\/apuntesdesanluis.com\/index.php\/wp-json\/wp\/v2\/users\/1"}],"replies":[{"embeddable":true,"href":"https:\/\/apuntesdesanluis.com\/index.php\/wp-json\/wp\/v2\/comments?post=26288"}],"version-history":[{"count":2,"href":"https:\/\/apuntesdesanluis.com\/index.php\/wp-json\/wp\/v2\/posts\/26288\/revisions"}],"predecessor-version":[{"id":26294,"href":"https:\/\/apuntesdesanluis.com\/index.php\/wp-json\/wp\/v2\/posts\/26288\/revisions\/26294"}],"wp:featuredmedia":[{"embeddable":true,"href":"https:\/\/apuntesdesanluis.com\/index.php\/wp-json\/wp\/v2\/media\/26289"}],"wp:attachment":[{"href":"https:\/\/apuntesdesanluis.com\/index.php\/wp-json\/wp\/v2\/media?parent=26288"}],"wp:term":[{"taxonomy":"category","embeddable":true,"href":"https:\/\/apuntesdesanluis.com\/index.php\/wp-json\/wp\/v2\/categories?post=26288"},{"taxonomy":"post_tag","embeddable":true,"href":"https:\/\/apuntesdesanluis.com\/index.php\/wp-json\/wp\/v2\/tags?post=26288"}],"curies":[{"name":"wp","href":"https:\/\/api.w.org\/{rel}","templated":true}]}}