{"id":26295,"date":"2024-12-05T18:09:46","date_gmt":"2024-12-05T21:09:46","guid":{"rendered":"https:\/\/apuntesdesanluis.com\/?p=26295"},"modified":"2024-12-05T18:09:46","modified_gmt":"2024-12-05T21:09:46","slug":"federico-sturzenegger-oficializo-el-ingreso-de-alejandro-cacace-a-su-equipo","status":"publish","type":"post","link":"https:\/\/apuntesdesanluis.com\/index.php\/2024\/12\/05\/federico-sturzenegger-oficializo-el-ingreso-de-alejandro-cacace-a-su-equipo\/","title":{"rendered":"FEDERICO STURZENEGGER OFICIALIZ\u00d3 EL INGRESO DE ALEJANDRO CACACE A SU EQUIPO"},"content":{"rendered":"<h3><strong>Federico Sturzenegger<\/strong>, ministro de Desregulaci\u00f3n y Transformaci\u00f3n del Estado, incorpor\u00f3 al ex diputado <strong>Alejandro Cacace<\/strong>, con el objetivo de avanzar en un plan que busca la eliminaci\u00f3n de 4.500 regulaciones.<\/h3>\n<h3>Cacace fue designado subsecretario de Reformas Estructurales, y su incorporaci\u00f3n busca potenciar la cartera con &#8220;la experiencia de una larga trayectoria parlamentaria&#8221;, seg\u00fan destac\u00f3 el propio ministro.<\/h3>\n<h3>&#8220;Alejandro no solo nos va a ayudar a empujar la intensa agenda parlamentaria que tenemos planificada para el a\u00f1o que viene, sino que tambi\u00e9n nos aporta m\u00fasculo para acelerar las reformas desregulatorias&#8221;, expres\u00f3 el ministro a trav\u00e9s de su cuenta de X, la red social. En este sentido, Sturzenegger hizo hincapi\u00e9 en la necesidad de avanzar r\u00e1pidamente en las reformas dentro del Estado nacional.<\/h3>\n<h3><img fetchpriority=\"high\" decoding=\"async\" class=\"wp-image-26296 aligncenter\" src=\"https:\/\/apuntesdesanluis.com\/wp-content\/uploads\/2024\/12\/posteo-300x292.png\" alt=\"\" width=\"605\" height=\"589\" srcset=\"https:\/\/apuntesdesanluis.com\/wp-content\/uploads\/2024\/12\/posteo-300x292.png 300w, https:\/\/apuntesdesanluis.com\/wp-content\/uploads\/2024\/12\/posteo-768x748.png 768w, https:\/\/apuntesdesanluis.com\/wp-content\/uploads\/2024\/12\/posteo.png 821w\" sizes=\"(max-width: 605px) 100vw, 605px\" \/><\/h3>\n<h3>&#8220;Es el momento de acelerar. Hoy nos quedan 215 d\u00edas de facultades delegadas y desde que levantamos nuestro site para reportar la burocracia hemos recibido m\u00e1s de 4.500 sugerencias de desregulaci\u00f3n&#8221;, agreg\u00f3 el ministro para subrayar la importancia de la participaci\u00f3n ciudadana en el proceso y la urgencia de implementar cambios en el sistema administrativo del Estado.<\/h3>\n<h3>Sturzenegger, destac\u00f3 la reciente incorporaci\u00f3n de Alejandro Cacace, diputado radical, a su equipo de trabajo, subrayando que este se unir\u00e1 a un &#8220;pu\u00f1ado de funcionarios&#8221; comprometidos con la agenda de la libertad. Cacace se sumar\u00e1 a un plan de reformas que busca reducir el tama\u00f1o del Estado y eliminar gastos innecesarios.<\/h3>\n<h3>A principios de noviembre, Sturzenegger adelant\u00f3 que el pr\u00f3ximo a\u00f1o implementar\u00e1 un proceso denominado &#8220;deep motosierra&#8221;, orientado a continuar con la reducci\u00f3n del Estado. En una entrevista radial, el ministro afirm\u00f3 que &#8220;el Estado tiene que proveer estabilidad econ\u00f3mica, algunos bienes p\u00fablicos esenciales, pero est\u00e1 obviamente sobredimensionado&#8221;, a la vez que destac\u00f3 que ya se hab\u00eda logrado reducir en un 30% los cargos pol\u00edticos y en un 15% la administraci\u00f3n p\u00fablica nacional.<\/h3>\n<h3>EL ROL DE CACACE Y SU V\u00cdNCULO CON DE LOREDO<\/h3>\n<h3>Cacace, quien es el secretario parlamentario del bloque de la Uni\u00f3n C\u00edvica Radical liderado por Rodrigo De Loredo, se incorpora a este proceso de reformas con un rol t\u00e9cnico clave en el Ministerio de Desregulaci\u00f3n. El dirigente, cercano a De Loredo, jug\u00f3 un papel crucial en la disputa por la silla en la Auditor\u00eda General de la Naci\u00f3n (AGN), que a\u00fan no ha sido resuelta.<\/h3>\n<h3>Adem\u00e1s, Cacace particip\u00f3 en un viaje a Estados Unidos en noviembre, donde 17 legisladores actuaron como &#8220;veedores&#8221; de las elecciones presidenciales que termin\u00f3 ganando Donald Trump, como parte de una delegaci\u00f3n organizada por la C\u00e1mara de Comercio de Estados Unidos (Am-Cham).<\/h3>\n<h3>Con su experiencia parlamentaria, Cacace trabajar\u00e1 junto a Sturzenegger en cuestiones t\u00e9cnicas para seguir adelante con el proceso de desregulaci\u00f3n y reformas estructurales que el ministro impuls\u00f3 desde su asunci\u00f3n.<\/h3>\n<p>&nbsp;<\/p>\n<p>&nbsp;<\/p>\n<p>&nbsp;<\/p>\n<p>&nbsp;<\/p>\n<p>&nbsp;<\/p>\n<p>&nbsp;<\/p>\n","protected":false},"excerpt":{"rendered":"<p>Federico Sturzenegger, ministro de Desregulaci\u00f3n y Transformaci\u00f3n del Estado, incorpor\u00f3 al ex diputado Alejandro Cacace,&#8230;<\/p>\n","protected":false},"author":1,"featured_media":26297,"comment_status":"closed","ping_status":"closed","sticky":false,"template":"","format":"standard","meta":{"footnotes":""},"categories":[5],"tags":[],"class_list":["post-26295","post","type-post","status-publish","format-standard","has-post-thumbnail","hentry","category-nacionales-internacionales"],"yoast_head":"<!-- This site is optimized with the Yoast SEO plugin v26.1.1 - https:\/\/yoast.com\/wordpress\/plugins\/seo\/ -->\n<title>FEDERICO STURZENEGGER OFICIALIZ\u00d3 EL INGRESO DE ALEJANDRO CACACE A SU EQUIPO - Apuntes de San Luis<\/title>\n<meta name=\"robots\" content=\"index, follow, max-snippet:-1, max-image-preview:large, max-video-preview:-1\" \/>\n<link rel=\"canonical\" href=\"https:\/\/apuntesdesanluis.com\/index.php\/2024\/12\/05\/federico-sturzenegger-oficializo-el-ingreso-de-alejandro-cacace-a-su-equipo\/\" \/>\n<meta property=\"og:locale\" content=\"es_ES\" \/>\n<meta property=\"og:type\" content=\"article\" \/>\n<meta property=\"og:title\" content=\"FEDERICO STURZENEGGER OFICIALIZ\u00d3 EL INGRESO DE ALEJANDRO CACACE A SU EQUIPO - Apuntes de San Luis\" \/>\n<meta property=\"og:description\" content=\"Federico Sturzenegger, ministro de Desregulaci\u00f3n y Transformaci\u00f3n del Estado, incorpor\u00f3 al ex diputado Alejandro Cacace,...\" \/>\n<meta property=\"og:url\" content=\"https:\/\/apuntesdesanluis.com\/index.php\/2024\/12\/05\/federico-sturzenegger-oficializo-el-ingreso-de-alejandro-cacace-a-su-equipo\/\" \/>\n<meta property=\"og:site_name\" content=\"Apuntes de San Luis\" \/>\n<meta property=\"article:published_time\" content=\"2024-12-05T21:09:46+00:00\" \/>\n<meta property=\"og:image\" content=\"https:\/\/apuntesdesanluis.com\/wp-content\/uploads\/2024\/12\/alejandro-cacace-1.png\" \/>\n\t<meta property=\"og:image:width\" content=\"866\" \/>\n\t<meta property=\"og:image:height\" content=\"521\" \/>\n\t<meta property=\"og:image:type\" content=\"image\/png\" \/>\n<meta name=\"author\" content=\"apuntesdesanluis.com\" \/>\n<meta name=\"twitter:card\" content=\"summary_large_image\" \/>\n<meta name=\"twitter:label1\" content=\"Escrito por\" \/>\n\t<meta name=\"twitter:data1\" content=\"apuntesdesanluis.com\" \/>\n\t<meta name=\"twitter:label2\" content=\"Tiempo de lectura\" \/>\n\t<meta name=\"twitter:data2\" content=\"3 minutos\" \/>\n<script type=\"application\/ld+json\" class=\"yoast-schema-graph\">{\"@context\":\"https:\/\/schema.org\",\"@graph\":[{\"@type\":\"Article\",\"@id\":\"https:\/\/apuntesdesanluis.com\/index.php\/2024\/12\/05\/federico-sturzenegger-oficializo-el-ingreso-de-alejandro-cacace-a-su-equipo\/#article\",\"isPartOf\":{\"@id\":\"https:\/\/apuntesdesanluis.com\/index.php\/2024\/12\/05\/federico-sturzenegger-oficializo-el-ingreso-de-alejandro-cacace-a-su-equipo\/\"},\"author\":{\"name\":\"apuntesdesanluis.com\",\"@id\":\"https:\/\/apuntesdesanluis.com\/#\/schema\/person\/b55151d52296fcce64d1a72538a70b90\"},\"headline\":\"FEDERICO STURZENEGGER OFICIALIZ\u00d3 EL INGRESO DE ALEJANDRO CACACE A SU EQUIPO\",\"datePublished\":\"2024-12-05T21:09:46+00:00\",\"mainEntityOfPage\":{\"@id\":\"https:\/\/apuntesdesanluis.com\/index.php\/2024\/12\/05\/federico-sturzenegger-oficializo-el-ingreso-de-alejandro-cacace-a-su-equipo\/\"},\"wordCount\":498,\"publisher\":{\"@id\":\"https:\/\/apuntesdesanluis.com\/#\/schema\/person\/b55151d52296fcce64d1a72538a70b90\"},\"image\":{\"@id\":\"https:\/\/apuntesdesanluis.com\/index.php\/2024\/12\/05\/federico-sturzenegger-oficializo-el-ingreso-de-alejandro-cacace-a-su-equipo\/#primaryimage\"},\"thumbnailUrl\":\"https:\/\/apuntesdesanluis.com\/wp-content\/uploads\/2024\/12\/alejandro-cacace-1.png\",\"articleSection\":[\"Nacionales\/Internacionales\"],\"inLanguage\":\"es-AR\"},{\"@type\":\"WebPage\",\"@id\":\"https:\/\/apuntesdesanluis.com\/index.php\/2024\/12\/05\/federico-sturzenegger-oficializo-el-ingreso-de-alejandro-cacace-a-su-equipo\/\",\"url\":\"https:\/\/apuntesdesanluis.com\/index.php\/2024\/12\/05\/federico-sturzenegger-oficializo-el-ingreso-de-alejandro-cacace-a-su-equipo\/\",\"name\":\"FEDERICO STURZENEGGER OFICIALIZ\u00d3 EL INGRESO DE ALEJANDRO CACACE A SU EQUIPO - Apuntes de San Luis\",\"isPartOf\":{\"@id\":\"https:\/\/apuntesdesanluis.com\/#website\"},\"primaryImageOfPage\":{\"@id\":\"https:\/\/apuntesdesanluis.com\/index.php\/2024\/12\/05\/federico-sturzenegger-oficializo-el-ingreso-de-alejandro-cacace-a-su-equipo\/#primaryimage\"},\"image\":{\"@id\":\"https:\/\/apuntesdesanluis.com\/index.php\/2024\/12\/05\/federico-sturzenegger-oficializo-el-ingreso-de-alejandro-cacace-a-su-equipo\/#primaryimage\"},\"thumbnailUrl\":\"https:\/\/apuntesdesanluis.com\/wp-content\/uploads\/2024\/12\/alejandro-cacace-1.png\",\"datePublished\":\"2024-12-05T21:09:46+00:00\",\"breadcrumb\":{\"@id\":\"https:\/\/apuntesdesanluis.com\/index.php\/2024\/12\/05\/federico-sturzenegger-oficializo-el-ingreso-de-alejandro-cacace-a-su-equipo\/#breadcrumb\"},\"inLanguage\":\"es-AR\",\"potentialAction\":[{\"@type\":\"ReadAction\",\"target\":[\"https:\/\/apuntesdesanluis.com\/index.php\/2024\/12\/05\/federico-sturzenegger-oficializo-el-ingreso-de-alejandro-cacace-a-su-equipo\/\"]}]},{\"@type\":\"ImageObject\",\"inLanguage\":\"es-AR\",\"@id\":\"https:\/\/apuntesdesanluis.com\/index.php\/2024\/12\/05\/federico-sturzenegger-oficializo-el-ingreso-de-alejandro-cacace-a-su-equipo\/#primaryimage\",\"url\":\"https:\/\/apuntesdesanluis.com\/wp-content\/uploads\/2024\/12\/alejandro-cacace-1.png\",\"contentUrl\":\"https:\/\/apuntesdesanluis.com\/wp-content\/uploads\/2024\/12\/alejandro-cacace-1.png\",\"width\":866,\"height\":521},{\"@type\":\"BreadcrumbList\",\"@id\":\"https:\/\/apuntesdesanluis.com\/index.php\/2024\/12\/05\/federico-sturzenegger-oficializo-el-ingreso-de-alejandro-cacace-a-su-equipo\/#breadcrumb\",\"itemListElement\":[{\"@type\":\"ListItem\",\"position\":1,\"name\":\"Inicio\",\"item\":\"https:\/\/apuntesdesanluis.com\/\"},{\"@type\":\"ListItem\",\"position\":2,\"name\":\"FEDERICO STURZENEGGER OFICIALIZ\u00d3 EL INGRESO DE ALEJANDRO CACACE A SU EQUIPO\"}]},{\"@type\":\"WebSite\",\"@id\":\"https:\/\/apuntesdesanluis.com\/#website\",\"url\":\"https:\/\/apuntesdesanluis.com\/\",\"name\":\"Apuntes de San Luis\",\"description\":\"\",\"publisher\":{\"@id\":\"https:\/\/apuntesdesanluis.com\/#\/schema\/person\/b55151d52296fcce64d1a72538a70b90\"},\"potentialAction\":[{\"@type\":\"SearchAction\",\"target\":{\"@type\":\"EntryPoint\",\"urlTemplate\":\"https:\/\/apuntesdesanluis.com\/?s={search_term_string}\"},\"query-input\":{\"@type\":\"PropertyValueSpecification\",\"valueRequired\":true,\"valueName\":\"search_term_string\"}}],\"inLanguage\":\"es-AR\"},{\"@type\":[\"Person\",\"Organization\"],\"@id\":\"https:\/\/apuntesdesanluis.com\/#\/schema\/person\/b55151d52296fcce64d1a72538a70b90\",\"name\":\"apuntesdesanluis.com\",\"image\":{\"@type\":\"ImageObject\",\"inLanguage\":\"es-AR\",\"@id\":\"https:\/\/apuntesdesanluis.com\/#\/schema\/person\/image\/\",\"url\":\"https:\/\/apuntesdesanluis.com\/wp-content\/uploads\/2023\/07\/cropped-apuntesdesanluis.png\",\"contentUrl\":\"https:\/\/apuntesdesanluis.com\/wp-content\/uploads\/2023\/07\/cropped-apuntesdesanluis.png\",\"width\":450,\"height\":112,\"caption\":\"apuntesdesanluis.com\"},\"logo\":{\"@id\":\"https:\/\/apuntesdesanluis.com\/#\/schema\/person\/image\/\"},\"sameAs\":[\"https:\/\/apuntesdesanluis.com\"],\"url\":\"https:\/\/apuntesdesanluis.com\/index.php\/author\/apuntesdesanluis-com\/\"}]}<\/script>\n<!-- \/ Yoast SEO plugin. -->","yoast_head_json":{"title":"FEDERICO STURZENEGGER OFICIALIZ\u00d3 EL INGRESO DE ALEJANDRO CACACE A SU EQUIPO - Apuntes de San Luis","robots":{"index":"index","follow":"follow","max-snippet":"max-snippet:-1","max-image-preview":"max-image-preview:large","max-video-preview":"max-video-preview:-1"},"canonical":"https:\/\/apuntesdesanluis.com\/index.php\/2024\/12\/05\/federico-sturzenegger-oficializo-el-ingreso-de-alejandro-cacace-a-su-equipo\/","og_locale":"es_ES","og_type":"article","og_title":"FEDERICO STURZENEGGER OFICIALIZ\u00d3 EL INGRESO DE ALEJANDRO CACACE A SU EQUIPO - Apuntes de San Luis","og_description":"Federico Sturzenegger, ministro de Desregulaci\u00f3n y Transformaci\u00f3n del Estado, incorpor\u00f3 al ex diputado Alejandro Cacace,...","og_url":"https:\/\/apuntesdesanluis.com\/index.php\/2024\/12\/05\/federico-sturzenegger-oficializo-el-ingreso-de-alejandro-cacace-a-su-equipo\/","og_site_name":"Apuntes de San Luis","article_published_time":"2024-12-05T21:09:46+00:00","og_image":[{"width":866,"height":521,"url":"https:\/\/apuntesdesanluis.com\/wp-content\/uploads\/2024\/12\/alejandro-cacace-1.png","type":"image\/png"}],"author":"apuntesdesanluis.com","twitter_card":"summary_large_image","twitter_misc":{"Escrito por":"apuntesdesanluis.com","Tiempo de lectura":"3 minutos"},"schema":{"@context":"https:\/\/schema.org","@graph":[{"@type":"Article","@id":"https:\/\/apuntesdesanluis.com\/index.php\/2024\/12\/05\/federico-sturzenegger-oficializo-el-ingreso-de-alejandro-cacace-a-su-equipo\/#article","isPartOf":{"@id":"https:\/\/apuntesdesanluis.com\/index.php\/2024\/12\/05\/federico-sturzenegger-oficializo-el-ingreso-de-alejandro-cacace-a-su-equipo\/"},"author":{"name":"apuntesdesanluis.com","@id":"https:\/\/apuntesdesanluis.com\/#\/schema\/person\/b55151d52296fcce64d1a72538a70b90"},"headline":"FEDERICO STURZENEGGER OFICIALIZ\u00d3 EL INGRESO DE ALEJANDRO CACACE A SU EQUIPO","datePublished":"2024-12-05T21:09:46+00:00","mainEntityOfPage":{"@id":"https:\/\/apuntesdesanluis.com\/index.php\/2024\/12\/05\/federico-sturzenegger-oficializo-el-ingreso-de-alejandro-cacace-a-su-equipo\/"},"wordCount":498,"publisher":{"@id":"https:\/\/apuntesdesanluis.com\/#\/schema\/person\/b55151d52296fcce64d1a72538a70b90"},"image":{"@id":"https:\/\/apuntesdesanluis.com\/index.php\/2024\/12\/05\/federico-sturzenegger-oficializo-el-ingreso-de-alejandro-cacace-a-su-equipo\/#primaryimage"},"thumbnailUrl":"https:\/\/apuntesdesanluis.com\/wp-content\/uploads\/2024\/12\/alejandro-cacace-1.png","articleSection":["Nacionales\/Internacionales"],"inLanguage":"es-AR"},{"@type":"WebPage","@id":"https:\/\/apuntesdesanluis.com\/index.php\/2024\/12\/05\/federico-sturzenegger-oficializo-el-ingreso-de-alejandro-cacace-a-su-equipo\/","url":"https:\/\/apuntesdesanluis.com\/index.php\/2024\/12\/05\/federico-sturzenegger-oficializo-el-ingreso-de-alejandro-cacace-a-su-equipo\/","name":"FEDERICO STURZENEGGER OFICIALIZ\u00d3 EL INGRESO DE ALEJANDRO CACACE A SU EQUIPO - Apuntes de San Luis","isPartOf":{"@id":"https:\/\/apuntesdesanluis.com\/#website"},"primaryImageOfPage":{"@id":"https:\/\/apuntesdesanluis.com\/index.php\/2024\/12\/05\/federico-sturzenegger-oficializo-el-ingreso-de-alejandro-cacace-a-su-equipo\/#primaryimage"},"image":{"@id":"https:\/\/apuntesdesanluis.com\/index.php\/2024\/12\/05\/federico-sturzenegger-oficializo-el-ingreso-de-alejandro-cacace-a-su-equipo\/#primaryimage"},"thumbnailUrl":"https:\/\/apuntesdesanluis.com\/wp-content\/uploads\/2024\/12\/alejandro-cacace-1.png","datePublished":"2024-12-05T21:09:46+00:00","breadcrumb":{"@id":"https:\/\/apuntesdesanluis.com\/index.php\/2024\/12\/05\/federico-sturzenegger-oficializo-el-ingreso-de-alejandro-cacace-a-su-equipo\/#breadcrumb"},"inLanguage":"es-AR","potentialAction":[{"@type":"ReadAction","target":["https:\/\/apuntesdesanluis.com\/index.php\/2024\/12\/05\/federico-sturzenegger-oficializo-el-ingreso-de-alejandro-cacace-a-su-equipo\/"]}]},{"@type":"ImageObject","inLanguage":"es-AR","@id":"https:\/\/apuntesdesanluis.com\/index.php\/2024\/12\/05\/federico-sturzenegger-oficializo-el-ingreso-de-alejandro-cacace-a-su-equipo\/#primaryimage","url":"https:\/\/apuntesdesanluis.com\/wp-content\/uploads\/2024\/12\/alejandro-cacace-1.png","contentUrl":"https:\/\/apuntesdesanluis.com\/wp-content\/uploads\/2024\/12\/alejandro-cacace-1.png","width":866,"height":521},{"@type":"BreadcrumbList","@id":"https:\/\/apuntesdesanluis.com\/index.php\/2024\/12\/05\/federico-sturzenegger-oficializo-el-ingreso-de-alejandro-cacace-a-su-equipo\/#breadcrumb","itemListElement":[{"@type":"ListItem","position":1,"name":"Inicio","item":"https:\/\/apuntesdesanluis.com\/"},{"@type":"ListItem","position":2,"name":"FEDERICO STURZENEGGER OFICIALIZ\u00d3 EL INGRESO DE ALEJANDRO CACACE A SU EQUIPO"}]},{"@type":"WebSite","@id":"https:\/\/apuntesdesanluis.com\/#website","url":"https:\/\/apuntesdesanluis.com\/","name":"Apuntes de San Luis","description":"","publisher":{"@id":"https:\/\/apuntesdesanluis.com\/#\/schema\/person\/b55151d52296fcce64d1a72538a70b90"},"potentialAction":[{"@type":"SearchAction","target":{"@type":"EntryPoint","urlTemplate":"https:\/\/apuntesdesanluis.com\/?s={search_term_string}"},"query-input":{"@type":"PropertyValueSpecification","valueRequired":true,"valueName":"search_term_string"}}],"inLanguage":"es-AR"},{"@type":["Person","Organization"],"@id":"https:\/\/apuntesdesanluis.com\/#\/schema\/person\/b55151d52296fcce64d1a72538a70b90","name":"apuntesdesanluis.com","image":{"@type":"ImageObject","inLanguage":"es-AR","@id":"https:\/\/apuntesdesanluis.com\/#\/schema\/person\/image\/","url":"https:\/\/apuntesdesanluis.com\/wp-content\/uploads\/2023\/07\/cropped-apuntesdesanluis.png","contentUrl":"https:\/\/apuntesdesanluis.com\/wp-content\/uploads\/2023\/07\/cropped-apuntesdesanluis.png","width":450,"height":112,"caption":"apuntesdesanluis.com"},"logo":{"@id":"https:\/\/apuntesdesanluis.com\/#\/schema\/person\/image\/"},"sameAs":["https:\/\/apuntesdesanluis.com"],"url":"https:\/\/apuntesdesanluis.com\/index.php\/author\/apuntesdesanluis-com\/"}]}},"featured_image_urls":{"full":["https:\/\/apuntesdesanluis.com\/wp-content\/uploads\/2024\/12\/alejandro-cacace-1.png",866,521,false],"thumbnail":["https:\/\/apuntesdesanluis.com\/wp-content\/uploads\/2024\/12\/alejandro-cacace-1-150x150.png",150,150,true],"medium":["https:\/\/apuntesdesanluis.com\/wp-content\/uploads\/2024\/12\/alejandro-cacace-1-300x180.png",300,180,true],"medium_large":["https:\/\/apuntesdesanluis.com\/wp-content\/uploads\/2024\/12\/alejandro-cacace-1-768x462.png",640,385,true],"large":["https:\/\/apuntesdesanluis.com\/wp-content\/uploads\/2024\/12\/alejandro-cacace-1.png",640,385,false],"1536x1536":["https:\/\/apuntesdesanluis.com\/wp-content\/uploads\/2024\/12\/alejandro-cacace-1.png",866,521,false],"2048x2048":["https:\/\/apuntesdesanluis.com\/wp-content\/uploads\/2024\/12\/alejandro-cacace-1.png",866,521,false],"newsever-slider-full":["https:\/\/apuntesdesanluis.com\/wp-content\/uploads\/2024\/12\/alejandro-cacace-1.png",866,521,false],"newsever-featured":["https:\/\/apuntesdesanluis.com\/wp-content\/uploads\/2024\/12\/alejandro-cacace-1.png",866,521,false],"newsever-medium":["https:\/\/apuntesdesanluis.com\/wp-content\/uploads\/2024\/12\/alejandro-cacace-1-720x475.png",720,475,true]},"author_info":{"display_name":"apuntesdesanluis.com","author_link":"https:\/\/apuntesdesanluis.com\/index.php\/author\/apuntesdesanluis-com\/"},"category_info":"<a href=\"https:\/\/apuntesdesanluis.com\/index.php\/category\/nacionales-internacionales\/\" rel=\"category tag\">Nacionales\/Internacionales<\/a>","tag_info":"Nacionales\/Internacionales","comment_count":"0","_links":{"self":[{"href":"https:\/\/apuntesdesanluis.com\/index.php\/wp-json\/wp\/v2\/posts\/26295","targetHints":{"allow":["GET"]}}],"collection":[{"href":"https:\/\/apuntesdesanluis.com\/index.php\/wp-json\/wp\/v2\/posts"}],"about":[{"href":"https:\/\/apuntesdesanluis.com\/index.php\/wp-json\/wp\/v2\/types\/post"}],"author":[{"embeddable":true,"href":"https:\/\/apuntesdesanluis.com\/index.php\/wp-json\/wp\/v2\/users\/1"}],"replies":[{"embeddable":true,"href":"https:\/\/apuntesdesanluis.com\/index.php\/wp-json\/wp\/v2\/comments?post=26295"}],"version-history":[{"count":1,"href":"https:\/\/apuntesdesanluis.com\/index.php\/wp-json\/wp\/v2\/posts\/26295\/revisions"}],"predecessor-version":[{"id":26298,"href":"https:\/\/apuntesdesanluis.com\/index.php\/wp-json\/wp\/v2\/posts\/26295\/revisions\/26298"}],"wp:featuredmedia":[{"embeddable":true,"href":"https:\/\/apuntesdesanluis.com\/index.php\/wp-json\/wp\/v2\/media\/26297"}],"wp:attachment":[{"href":"https:\/\/apuntesdesanluis.com\/index.php\/wp-json\/wp\/v2\/media?parent=26295"}],"wp:term":[{"taxonomy":"category","embeddable":true,"href":"https:\/\/apuntesdesanluis.com\/index.php\/wp-json\/wp\/v2\/categories?post=26295"},{"taxonomy":"post_tag","embeddable":true,"href":"https:\/\/apuntesdesanluis.com\/index.php\/wp-json\/wp\/v2\/tags?post=26295"}],"curies":[{"name":"wp","href":"https:\/\/api.w.org\/{rel}","templated":true}]}}