{"id":26299,"date":"2024-12-05T20:20:39","date_gmt":"2024-12-05T23:20:39","guid":{"rendered":"https:\/\/apuntesdesanluis.com\/?p=26299"},"modified":"2024-12-05T20:20:39","modified_gmt":"2024-12-05T23:20:39","slug":"publican-este-viernes-los-ordenes-de-merito-provisorios-para-cargos-docentes","status":"publish","type":"post","link":"https:\/\/apuntesdesanluis.com\/index.php\/2024\/12\/05\/publican-este-viernes-los-ordenes-de-merito-provisorios-para-cargos-docentes\/","title":{"rendered":"PUBLICAN ESTE VIERNES LOS \u00d3RDENES DE M\u00c9RITO PROVISORIOS PARA CARGOS DOCENTES"},"content":{"rendered":"<h3>La <strong>Direcci\u00f3n de Gesti\u00f3n Educativa<\/strong>, perteneciente al ministerio de Educaci\u00f3n, inform\u00f3 que a partir del viernes 6 de diciembre estar\u00e1n disponibles estos listados que incluyen a los aspirantes inscriptos para cubrir interinatos y suplencias, seg\u00fan lo establecido en la Resoluci\u00f3n N\u00b02-JCD-2024, publicada en la p\u00e1gina oficial del ministerio de Educaci\u00f3n.<\/h3>\n<h3>En este marco, se destac\u00f3 que mediante el Decreto N\u00b012.847-ME-2024 se actualizaron los espacios curriculares correspondientes al Ciclo B\u00e1sico y Orientado del nivel Secundario, con sus respectivas incumbencias de t\u00edtulos. Estos cambios, que impactan directamente en las estructuras curriculares vigentes, se reflejar\u00e1n en los \u00d3rdenes de M\u00e9rito y las c\u00e9dulas docentes que estar\u00e1n disponibles a partir de este viernes en la web del ministerio de Educaci\u00f3n: sanluis.gov.ar\/educaci\u00f3n.<\/h3>\n<h3>Adem\u00e1s, durante el a\u00f1o se integraron al sistema inform\u00e1tico de las Juntas de Clasificaci\u00f3n Docente los Decretos de Incumbencias relacionados con las Modalidades T\u00e9cnico Profesional y J\u00f3venes y Adultos del nivel Secundario, as\u00ed como cargos espec\u00edficos como el de Asesor Pedag\u00f3gico. Este avance permitir\u00e1 a los docentes consultar de manera \u00e1gil los espacios curriculares y cargos en los que deseen participar en los concursos de interinatos y suplencias, al tiempo que optimizar\u00e1 los procesos de cobertura de cargos por parte de las Juntas de Clasificaci\u00f3n.<\/h3>\n<h3>Este avance moderniza el proceso y brinda una mayor tranquilidad a los docentes, quienes tendr\u00e1n total seguridad sobre los espacios curriculares a los que pueden acceder y el puntaje que poseen. Por otra parte, deja en claro qu\u00e9 t\u00edtulos son los pedag\u00f3gicos, supletorios y habilitantes.<\/h3>\n<h3>El nuevo sistema beneficia tanto a docentes como a la Junta. Por un lado, los docentes pueden consultar su c\u00e9dula personal actualizada en tan solo 24 horas, con detalles de los espacios curriculares que pueden ense\u00f1ar y el puntaje que poseen. Esto brinda mayor claridad, elimina errores del proceso manual anterior y asegura transparencia en la asignaci\u00f3n.<\/h3>\n<h3><\/h3>\n<p>&nbsp;<\/p>\n<p>&nbsp;<\/p>\n","protected":false},"excerpt":{"rendered":"<p>La Direcci\u00f3n de Gesti\u00f3n Educativa, perteneciente al ministerio de Educaci\u00f3n, inform\u00f3 que a partir del&#8230;<\/p>\n","protected":false},"author":1,"featured_media":26300,"comment_status":"closed","ping_status":"closed","sticky":false,"template":"","format":"standard","meta":{"footnotes":""},"categories":[6],"tags":[],"class_list":["post-26299","post","type-post","status-publish","format-standard","has-post-thumbnail","hentry","category-ciudad-provincia"],"yoast_head":"<!-- This site is optimized with the Yoast SEO plugin v26.1.1 - https:\/\/yoast.com\/wordpress\/plugins\/seo\/ -->\n<title>PUBLICAN ESTE VIERNES LOS \u00d3RDENES DE M\u00c9RITO PROVISORIOS PARA CARGOS DOCENTES - Apuntes de San Luis<\/title>\n<meta name=\"robots\" content=\"index, follow, max-snippet:-1, max-image-preview:large, max-video-preview:-1\" \/>\n<link rel=\"canonical\" href=\"https:\/\/apuntesdesanluis.com\/index.php\/2024\/12\/05\/publican-este-viernes-los-ordenes-de-merito-provisorios-para-cargos-docentes\/\" \/>\n<meta property=\"og:locale\" content=\"es_ES\" \/>\n<meta property=\"og:type\" content=\"article\" \/>\n<meta property=\"og:title\" content=\"PUBLICAN ESTE VIERNES LOS \u00d3RDENES DE M\u00c9RITO PROVISORIOS PARA CARGOS DOCENTES - Apuntes de San Luis\" \/>\n<meta property=\"og:description\" content=\"La Direcci\u00f3n de Gesti\u00f3n Educativa, perteneciente al ministerio de Educaci\u00f3n, inform\u00f3 que a partir del...\" \/>\n<meta property=\"og:url\" content=\"https:\/\/apuntesdesanluis.com\/index.php\/2024\/12\/05\/publican-este-viernes-los-ordenes-de-merito-provisorios-para-cargos-docentes\/\" \/>\n<meta property=\"og:site_name\" content=\"Apuntes de San Luis\" \/>\n<meta property=\"article:published_time\" content=\"2024-12-05T23:20:39+00:00\" \/>\n<meta property=\"og:image\" content=\"https:\/\/apuntesdesanluis.com\/wp-content\/uploads\/2024\/12\/MINISTERIO-DE-EDUCACION.png\" \/>\n\t<meta property=\"og:image:width\" content=\"645\" \/>\n\t<meta property=\"og:image:height\" content=\"387\" \/>\n\t<meta property=\"og:image:type\" content=\"image\/png\" \/>\n<meta name=\"author\" content=\"apuntesdesanluis.com\" \/>\n<meta name=\"twitter:card\" content=\"summary_large_image\" \/>\n<meta name=\"twitter:label1\" content=\"Escrito por\" \/>\n\t<meta name=\"twitter:data1\" content=\"apuntesdesanluis.com\" \/>\n\t<meta name=\"twitter:label2\" content=\"Tiempo de lectura\" \/>\n\t<meta name=\"twitter:data2\" content=\"2 minutos\" \/>\n<script type=\"application\/ld+json\" class=\"yoast-schema-graph\">{\"@context\":\"https:\/\/schema.org\",\"@graph\":[{\"@type\":\"Article\",\"@id\":\"https:\/\/apuntesdesanluis.com\/index.php\/2024\/12\/05\/publican-este-viernes-los-ordenes-de-merito-provisorios-para-cargos-docentes\/#article\",\"isPartOf\":{\"@id\":\"https:\/\/apuntesdesanluis.com\/index.php\/2024\/12\/05\/publican-este-viernes-los-ordenes-de-merito-provisorios-para-cargos-docentes\/\"},\"author\":{\"name\":\"apuntesdesanluis.com\",\"@id\":\"https:\/\/apuntesdesanluis.com\/#\/schema\/person\/b55151d52296fcce64d1a72538a70b90\"},\"headline\":\"PUBLICAN ESTE VIERNES LOS \u00d3RDENES DE M\u00c9RITO PROVISORIOS PARA CARGOS DOCENTES\",\"datePublished\":\"2024-12-05T23:20:39+00:00\",\"mainEntityOfPage\":{\"@id\":\"https:\/\/apuntesdesanluis.com\/index.php\/2024\/12\/05\/publican-este-viernes-los-ordenes-de-merito-provisorios-para-cargos-docentes\/\"},\"wordCount\":352,\"publisher\":{\"@id\":\"https:\/\/apuntesdesanluis.com\/#\/schema\/person\/b55151d52296fcce64d1a72538a70b90\"},\"image\":{\"@id\":\"https:\/\/apuntesdesanluis.com\/index.php\/2024\/12\/05\/publican-este-viernes-los-ordenes-de-merito-provisorios-para-cargos-docentes\/#primaryimage\"},\"thumbnailUrl\":\"https:\/\/apuntesdesanluis.com\/wp-content\/uploads\/2024\/12\/MINISTERIO-DE-EDUCACION.png\",\"articleSection\":[\"Ciudad\/Provincia\"],\"inLanguage\":\"es-AR\"},{\"@type\":\"WebPage\",\"@id\":\"https:\/\/apuntesdesanluis.com\/index.php\/2024\/12\/05\/publican-este-viernes-los-ordenes-de-merito-provisorios-para-cargos-docentes\/\",\"url\":\"https:\/\/apuntesdesanluis.com\/index.php\/2024\/12\/05\/publican-este-viernes-los-ordenes-de-merito-provisorios-para-cargos-docentes\/\",\"name\":\"PUBLICAN ESTE VIERNES LOS \u00d3RDENES DE M\u00c9RITO PROVISORIOS PARA CARGOS DOCENTES - Apuntes de San Luis\",\"isPartOf\":{\"@id\":\"https:\/\/apuntesdesanluis.com\/#website\"},\"primaryImageOfPage\":{\"@id\":\"https:\/\/apuntesdesanluis.com\/index.php\/2024\/12\/05\/publican-este-viernes-los-ordenes-de-merito-provisorios-para-cargos-docentes\/#primaryimage\"},\"image\":{\"@id\":\"https:\/\/apuntesdesanluis.com\/index.php\/2024\/12\/05\/publican-este-viernes-los-ordenes-de-merito-provisorios-para-cargos-docentes\/#primaryimage\"},\"thumbnailUrl\":\"https:\/\/apuntesdesanluis.com\/wp-content\/uploads\/2024\/12\/MINISTERIO-DE-EDUCACION.png\",\"datePublished\":\"2024-12-05T23:20:39+00:00\",\"breadcrumb\":{\"@id\":\"https:\/\/apuntesdesanluis.com\/index.php\/2024\/12\/05\/publican-este-viernes-los-ordenes-de-merito-provisorios-para-cargos-docentes\/#breadcrumb\"},\"inLanguage\":\"es-AR\",\"potentialAction\":[{\"@type\":\"ReadAction\",\"target\":[\"https:\/\/apuntesdesanluis.com\/index.php\/2024\/12\/05\/publican-este-viernes-los-ordenes-de-merito-provisorios-para-cargos-docentes\/\"]}]},{\"@type\":\"ImageObject\",\"inLanguage\":\"es-AR\",\"@id\":\"https:\/\/apuntesdesanluis.com\/index.php\/2024\/12\/05\/publican-este-viernes-los-ordenes-de-merito-provisorios-para-cargos-docentes\/#primaryimage\",\"url\":\"https:\/\/apuntesdesanluis.com\/wp-content\/uploads\/2024\/12\/MINISTERIO-DE-EDUCACION.png\",\"contentUrl\":\"https:\/\/apuntesdesanluis.com\/wp-content\/uploads\/2024\/12\/MINISTERIO-DE-EDUCACION.png\",\"width\":645,\"height\":387},{\"@type\":\"BreadcrumbList\",\"@id\":\"https:\/\/apuntesdesanluis.com\/index.php\/2024\/12\/05\/publican-este-viernes-los-ordenes-de-merito-provisorios-para-cargos-docentes\/#breadcrumb\",\"itemListElement\":[{\"@type\":\"ListItem\",\"position\":1,\"name\":\"Inicio\",\"item\":\"https:\/\/apuntesdesanluis.com\/\"},{\"@type\":\"ListItem\",\"position\":2,\"name\":\"PUBLICAN ESTE VIERNES LOS \u00d3RDENES DE M\u00c9RITO PROVISORIOS PARA CARGOS DOCENTES\"}]},{\"@type\":\"WebSite\",\"@id\":\"https:\/\/apuntesdesanluis.com\/#website\",\"url\":\"https:\/\/apuntesdesanluis.com\/\",\"name\":\"Apuntes de San Luis\",\"description\":\"\",\"publisher\":{\"@id\":\"https:\/\/apuntesdesanluis.com\/#\/schema\/person\/b55151d52296fcce64d1a72538a70b90\"},\"potentialAction\":[{\"@type\":\"SearchAction\",\"target\":{\"@type\":\"EntryPoint\",\"urlTemplate\":\"https:\/\/apuntesdesanluis.com\/?s={search_term_string}\"},\"query-input\":{\"@type\":\"PropertyValueSpecification\",\"valueRequired\":true,\"valueName\":\"search_term_string\"}}],\"inLanguage\":\"es-AR\"},{\"@type\":[\"Person\",\"Organization\"],\"@id\":\"https:\/\/apuntesdesanluis.com\/#\/schema\/person\/b55151d52296fcce64d1a72538a70b90\",\"name\":\"apuntesdesanluis.com\",\"image\":{\"@type\":\"ImageObject\",\"inLanguage\":\"es-AR\",\"@id\":\"https:\/\/apuntesdesanluis.com\/#\/schema\/person\/image\/\",\"url\":\"https:\/\/apuntesdesanluis.com\/wp-content\/uploads\/2023\/07\/cropped-apuntesdesanluis.png\",\"contentUrl\":\"https:\/\/apuntesdesanluis.com\/wp-content\/uploads\/2023\/07\/cropped-apuntesdesanluis.png\",\"width\":450,\"height\":112,\"caption\":\"apuntesdesanluis.com\"},\"logo\":{\"@id\":\"https:\/\/apuntesdesanluis.com\/#\/schema\/person\/image\/\"},\"sameAs\":[\"https:\/\/apuntesdesanluis.com\"],\"url\":\"https:\/\/apuntesdesanluis.com\/index.php\/author\/apuntesdesanluis-com\/\"}]}<\/script>\n<!-- \/ Yoast SEO plugin. -->","yoast_head_json":{"title":"PUBLICAN ESTE VIERNES LOS \u00d3RDENES DE M\u00c9RITO PROVISORIOS PARA CARGOS DOCENTES - Apuntes de San Luis","robots":{"index":"index","follow":"follow","max-snippet":"max-snippet:-1","max-image-preview":"max-image-preview:large","max-video-preview":"max-video-preview:-1"},"canonical":"https:\/\/apuntesdesanluis.com\/index.php\/2024\/12\/05\/publican-este-viernes-los-ordenes-de-merito-provisorios-para-cargos-docentes\/","og_locale":"es_ES","og_type":"article","og_title":"PUBLICAN ESTE VIERNES LOS \u00d3RDENES DE M\u00c9RITO PROVISORIOS PARA CARGOS DOCENTES - Apuntes de San Luis","og_description":"La Direcci\u00f3n de Gesti\u00f3n Educativa, perteneciente al ministerio de Educaci\u00f3n, inform\u00f3 que a partir del...","og_url":"https:\/\/apuntesdesanluis.com\/index.php\/2024\/12\/05\/publican-este-viernes-los-ordenes-de-merito-provisorios-para-cargos-docentes\/","og_site_name":"Apuntes de San Luis","article_published_time":"2024-12-05T23:20:39+00:00","og_image":[{"width":645,"height":387,"url":"https:\/\/apuntesdesanluis.com\/wp-content\/uploads\/2024\/12\/MINISTERIO-DE-EDUCACION.png","type":"image\/png"}],"author":"apuntesdesanluis.com","twitter_card":"summary_large_image","twitter_misc":{"Escrito por":"apuntesdesanluis.com","Tiempo de lectura":"2 minutos"},"schema":{"@context":"https:\/\/schema.org","@graph":[{"@type":"Article","@id":"https:\/\/apuntesdesanluis.com\/index.php\/2024\/12\/05\/publican-este-viernes-los-ordenes-de-merito-provisorios-para-cargos-docentes\/#article","isPartOf":{"@id":"https:\/\/apuntesdesanluis.com\/index.php\/2024\/12\/05\/publican-este-viernes-los-ordenes-de-merito-provisorios-para-cargos-docentes\/"},"author":{"name":"apuntesdesanluis.com","@id":"https:\/\/apuntesdesanluis.com\/#\/schema\/person\/b55151d52296fcce64d1a72538a70b90"},"headline":"PUBLICAN ESTE VIERNES LOS \u00d3RDENES DE M\u00c9RITO PROVISORIOS PARA CARGOS DOCENTES","datePublished":"2024-12-05T23:20:39+00:00","mainEntityOfPage":{"@id":"https:\/\/apuntesdesanluis.com\/index.php\/2024\/12\/05\/publican-este-viernes-los-ordenes-de-merito-provisorios-para-cargos-docentes\/"},"wordCount":352,"publisher":{"@id":"https:\/\/apuntesdesanluis.com\/#\/schema\/person\/b55151d52296fcce64d1a72538a70b90"},"image":{"@id":"https:\/\/apuntesdesanluis.com\/index.php\/2024\/12\/05\/publican-este-viernes-los-ordenes-de-merito-provisorios-para-cargos-docentes\/#primaryimage"},"thumbnailUrl":"https:\/\/apuntesdesanluis.com\/wp-content\/uploads\/2024\/12\/MINISTERIO-DE-EDUCACION.png","articleSection":["Ciudad\/Provincia"],"inLanguage":"es-AR"},{"@type":"WebPage","@id":"https:\/\/apuntesdesanluis.com\/index.php\/2024\/12\/05\/publican-este-viernes-los-ordenes-de-merito-provisorios-para-cargos-docentes\/","url":"https:\/\/apuntesdesanluis.com\/index.php\/2024\/12\/05\/publican-este-viernes-los-ordenes-de-merito-provisorios-para-cargos-docentes\/","name":"PUBLICAN ESTE VIERNES LOS \u00d3RDENES DE M\u00c9RITO PROVISORIOS PARA CARGOS DOCENTES - Apuntes de San Luis","isPartOf":{"@id":"https:\/\/apuntesdesanluis.com\/#website"},"primaryImageOfPage":{"@id":"https:\/\/apuntesdesanluis.com\/index.php\/2024\/12\/05\/publican-este-viernes-los-ordenes-de-merito-provisorios-para-cargos-docentes\/#primaryimage"},"image":{"@id":"https:\/\/apuntesdesanluis.com\/index.php\/2024\/12\/05\/publican-este-viernes-los-ordenes-de-merito-provisorios-para-cargos-docentes\/#primaryimage"},"thumbnailUrl":"https:\/\/apuntesdesanluis.com\/wp-content\/uploads\/2024\/12\/MINISTERIO-DE-EDUCACION.png","datePublished":"2024-12-05T23:20:39+00:00","breadcrumb":{"@id":"https:\/\/apuntesdesanluis.com\/index.php\/2024\/12\/05\/publican-este-viernes-los-ordenes-de-merito-provisorios-para-cargos-docentes\/#breadcrumb"},"inLanguage":"es-AR","potentialAction":[{"@type":"ReadAction","target":["https:\/\/apuntesdesanluis.com\/index.php\/2024\/12\/05\/publican-este-viernes-los-ordenes-de-merito-provisorios-para-cargos-docentes\/"]}]},{"@type":"ImageObject","inLanguage":"es-AR","@id":"https:\/\/apuntesdesanluis.com\/index.php\/2024\/12\/05\/publican-este-viernes-los-ordenes-de-merito-provisorios-para-cargos-docentes\/#primaryimage","url":"https:\/\/apuntesdesanluis.com\/wp-content\/uploads\/2024\/12\/MINISTERIO-DE-EDUCACION.png","contentUrl":"https:\/\/apuntesdesanluis.com\/wp-content\/uploads\/2024\/12\/MINISTERIO-DE-EDUCACION.png","width":645,"height":387},{"@type":"BreadcrumbList","@id":"https:\/\/apuntesdesanluis.com\/index.php\/2024\/12\/05\/publican-este-viernes-los-ordenes-de-merito-provisorios-para-cargos-docentes\/#breadcrumb","itemListElement":[{"@type":"ListItem","position":1,"name":"Inicio","item":"https:\/\/apuntesdesanluis.com\/"},{"@type":"ListItem","position":2,"name":"PUBLICAN ESTE VIERNES LOS \u00d3RDENES DE M\u00c9RITO PROVISORIOS PARA CARGOS DOCENTES"}]},{"@type":"WebSite","@id":"https:\/\/apuntesdesanluis.com\/#website","url":"https:\/\/apuntesdesanluis.com\/","name":"Apuntes de San Luis","description":"","publisher":{"@id":"https:\/\/apuntesdesanluis.com\/#\/schema\/person\/b55151d52296fcce64d1a72538a70b90"},"potentialAction":[{"@type":"SearchAction","target":{"@type":"EntryPoint","urlTemplate":"https:\/\/apuntesdesanluis.com\/?s={search_term_string}"},"query-input":{"@type":"PropertyValueSpecification","valueRequired":true,"valueName":"search_term_string"}}],"inLanguage":"es-AR"},{"@type":["Person","Organization"],"@id":"https:\/\/apuntesdesanluis.com\/#\/schema\/person\/b55151d52296fcce64d1a72538a70b90","name":"apuntesdesanluis.com","image":{"@type":"ImageObject","inLanguage":"es-AR","@id":"https:\/\/apuntesdesanluis.com\/#\/schema\/person\/image\/","url":"https:\/\/apuntesdesanluis.com\/wp-content\/uploads\/2023\/07\/cropped-apuntesdesanluis.png","contentUrl":"https:\/\/apuntesdesanluis.com\/wp-content\/uploads\/2023\/07\/cropped-apuntesdesanluis.png","width":450,"height":112,"caption":"apuntesdesanluis.com"},"logo":{"@id":"https:\/\/apuntesdesanluis.com\/#\/schema\/person\/image\/"},"sameAs":["https:\/\/apuntesdesanluis.com"],"url":"https:\/\/apuntesdesanluis.com\/index.php\/author\/apuntesdesanluis-com\/"}]}},"featured_image_urls":{"full":["https:\/\/apuntesdesanluis.com\/wp-content\/uploads\/2024\/12\/MINISTERIO-DE-EDUCACION.png",645,387,false],"thumbnail":["https:\/\/apuntesdesanluis.com\/wp-content\/uploads\/2024\/12\/MINISTERIO-DE-EDUCACION-150x150.png",150,150,true],"medium":["https:\/\/apuntesdesanluis.com\/wp-content\/uploads\/2024\/12\/MINISTERIO-DE-EDUCACION-300x180.png",300,180,true],"medium_large":["https:\/\/apuntesdesanluis.com\/wp-content\/uploads\/2024\/12\/MINISTERIO-DE-EDUCACION.png",640,384,false],"large":["https:\/\/apuntesdesanluis.com\/wp-content\/uploads\/2024\/12\/MINISTERIO-DE-EDUCACION.png",640,384,false],"1536x1536":["https:\/\/apuntesdesanluis.com\/wp-content\/uploads\/2024\/12\/MINISTERIO-DE-EDUCACION.png",645,387,false],"2048x2048":["https:\/\/apuntesdesanluis.com\/wp-content\/uploads\/2024\/12\/MINISTERIO-DE-EDUCACION.png",645,387,false],"newsever-slider-full":["https:\/\/apuntesdesanluis.com\/wp-content\/uploads\/2024\/12\/MINISTERIO-DE-EDUCACION.png",645,387,false],"newsever-featured":["https:\/\/apuntesdesanluis.com\/wp-content\/uploads\/2024\/12\/MINISTERIO-DE-EDUCACION.png",645,387,false],"newsever-medium":["https:\/\/apuntesdesanluis.com\/wp-content\/uploads\/2024\/12\/MINISTERIO-DE-EDUCACION.png",645,387,false]},"author_info":{"display_name":"apuntesdesanluis.com","author_link":"https:\/\/apuntesdesanluis.com\/index.php\/author\/apuntesdesanluis-com\/"},"category_info":"<a href=\"https:\/\/apuntesdesanluis.com\/index.php\/category\/ciudad-provincia\/\" rel=\"category tag\">Ciudad\/Provincia<\/a>","tag_info":"Ciudad\/Provincia","comment_count":"0","_links":{"self":[{"href":"https:\/\/apuntesdesanluis.com\/index.php\/wp-json\/wp\/v2\/posts\/26299","targetHints":{"allow":["GET"]}}],"collection":[{"href":"https:\/\/apuntesdesanluis.com\/index.php\/wp-json\/wp\/v2\/posts"}],"about":[{"href":"https:\/\/apuntesdesanluis.com\/index.php\/wp-json\/wp\/v2\/types\/post"}],"author":[{"embeddable":true,"href":"https:\/\/apuntesdesanluis.com\/index.php\/wp-json\/wp\/v2\/users\/1"}],"replies":[{"embeddable":true,"href":"https:\/\/apuntesdesanluis.com\/index.php\/wp-json\/wp\/v2\/comments?post=26299"}],"version-history":[{"count":1,"href":"https:\/\/apuntesdesanluis.com\/index.php\/wp-json\/wp\/v2\/posts\/26299\/revisions"}],"predecessor-version":[{"id":26301,"href":"https:\/\/apuntesdesanluis.com\/index.php\/wp-json\/wp\/v2\/posts\/26299\/revisions\/26301"}],"wp:featuredmedia":[{"embeddable":true,"href":"https:\/\/apuntesdesanluis.com\/index.php\/wp-json\/wp\/v2\/media\/26300"}],"wp:attachment":[{"href":"https:\/\/apuntesdesanluis.com\/index.php\/wp-json\/wp\/v2\/media?parent=26299"}],"wp:term":[{"taxonomy":"category","embeddable":true,"href":"https:\/\/apuntesdesanluis.com\/index.php\/wp-json\/wp\/v2\/categories?post=26299"},{"taxonomy":"post_tag","embeddable":true,"href":"https:\/\/apuntesdesanluis.com\/index.php\/wp-json\/wp\/v2\/tags?post=26299"}],"curies":[{"name":"wp","href":"https:\/\/api.w.org\/{rel}","templated":true}]}}