{"id":26302,"date":"2024-12-05T20:26:47","date_gmt":"2024-12-05T23:26:47","guid":{"rendered":"https:\/\/apuntesdesanluis.com\/?p=26302"},"modified":"2024-12-05T20:26:47","modified_gmt":"2024-12-05T23:26:47","slug":"el-aeropuerto-del-valle-del-conlara-puso-en-marcha-una-planta-de-aerocombustible","status":"publish","type":"post","link":"https:\/\/apuntesdesanluis.com\/index.php\/2024\/12\/05\/el-aeropuerto-del-valle-del-conlara-puso-en-marcha-una-planta-de-aerocombustible\/","title":{"rendered":"EL AEROPUERTO DEL VALLE DEL CONLARA PUSO EN MARCHA UNA PLANTA DE AEROCOMBUSTIBLE"},"content":{"rendered":"<h3>Este jueves, durante la gira institucional que lleva adelante el gobernador <strong>Claudio Poggi<\/strong>, el Ente de Desarrollo Aeronautico (EDA) habilit\u00f3 por primera vez en 23 a\u00f1os la planta de aerocombustible del aeropuerto Valle del Conlara.<\/h3>\n<h3>Esta iniciativa forma parte de una de las pol\u00edticas de Estado que lleva el Gobierno, que es la de facilitar la instalaci\u00f3n de capitales privados para que puedan generar trabajo.<\/h3>\n<h3>El presidente del EDA, Horacio Quiroga, explic\u00f3 que la estaci\u00f3n se construy\u00f3 durante la primer gesti\u00f3n del gobernador Poggi y luego de dejar su mandato, el espacio qued\u00f3 abandonado por parte de la administraci\u00f3n que lo sucedi\u00f3.<\/h3>\n<h3><img fetchpriority=\"high\" decoding=\"async\" class=\"wp-image-26304 aligncenter\" src=\"https:\/\/apuntesdesanluis.com\/wp-content\/uploads\/2024\/12\/POGGI-REUNION-300x190.png\" alt=\"\" width=\"625\" height=\"396\" srcset=\"https:\/\/apuntesdesanluis.com\/wp-content\/uploads\/2024\/12\/POGGI-REUNION-300x190.png 300w, https:\/\/apuntesdesanluis.com\/wp-content\/uploads\/2024\/12\/POGGI-REUNION-1024x650.png 1024w, https:\/\/apuntesdesanluis.com\/wp-content\/uploads\/2024\/12\/POGGI-REUNION-768x487.png 768w, https:\/\/apuntesdesanluis.com\/wp-content\/uploads\/2024\/12\/POGGI-REUNION.png 1081w\" sizes=\"(max-width: 625px) 100vw, 625px\" \/><\/h3>\n<h3>\u201cNo se hizo absolutamente nada teniendo la carga de combustible para JP1 y para 100LL, que son las aeronaves peque\u00f1as. Esto fue realmente un acto de desidia, nada m\u00e1s porque nosotros hab\u00edamos construido la planta. Hoy, despu\u00e9s de ocho a\u00f1os, estamos festejando porque realmente el aeropuerto nunca tuvo combustible para hacer funcionar las aerol\u00edneas\u201d, asegur\u00f3 Quiroga.<\/h3>\n<h3>El Gobernador remarc\u00f3 esta iniciativa y afirm\u00f3 que ser\u00e1 \u201cun incentivo para que se abra el mercado, para desarrollar m\u00e1s vuelos a\u00e9reos. Esta firma de convenio no solo es para abastecer combustible a\u00e9reo sino tambi\u00e9n para la ampliaci\u00f3n de esta obra. Ser\u00e1 una gran puerta para que tambi\u00e9n venga el turismo internacional, crezcan los transportes de carga y descarga y as\u00ed se convierta en un aeropuerto con todas las funciones posibles\u201d, dijo Poggi.<\/h3>\n<h3>Adem\u00e1s durante el encuentro, el Gobierno firm\u00f3 un convenio de cesi\u00f3n del espacio a la empresa Laion-AeroG\u00e1lvez para la ampliaci\u00f3n de la planta en la que se invertir\u00e1 m\u00e1s de un mill\u00f3n de d\u00f3lares.<\/h3>\n<h3>\u201cEl proyecto es muy ambicioso. A esta planta la vamos a ampliar y vamos a conformar tres tanques m\u00e1s de 50.000 litros para Z1 y los otros dos tanques se van convertir para aeron\u00e1utica. Tenemos los fondos para comenzar esta obra\u201d, asegur\u00f3 el director de la empresa, Ariel P\u00e9rez.<\/h3>\n<p>&nbsp;<\/p>\n<p>&nbsp;<\/p>\n<p>&nbsp;<\/p>\n<p>&nbsp;<\/p>\n<p>&nbsp;<\/p>\n","protected":false},"excerpt":{"rendered":"<p>Este jueves, durante la gira institucional que lleva adelante el gobernador Claudio Poggi, el Ente&#8230;<\/p>\n","protected":false},"author":1,"featured_media":26303,"comment_status":"closed","ping_status":"closed","sticky":false,"template":"","format":"standard","meta":{"footnotes":""},"categories":[6],"tags":[],"class_list":["post-26302","post","type-post","status-publish","format-standard","has-post-thumbnail","hentry","category-ciudad-provincia"],"yoast_head":"<!-- This site is optimized with the Yoast SEO plugin v26.1.1 - https:\/\/yoast.com\/wordpress\/plugins\/seo\/ -->\n<title>EL AEROPUERTO DEL VALLE DEL CONLARA PUSO EN MARCHA UNA PLANTA DE AEROCOMBUSTIBLE - Apuntes de San Luis<\/title>\n<meta name=\"robots\" content=\"index, follow, max-snippet:-1, max-image-preview:large, max-video-preview:-1\" \/>\n<link rel=\"canonical\" href=\"https:\/\/apuntesdesanluis.com\/index.php\/2024\/12\/05\/el-aeropuerto-del-valle-del-conlara-puso-en-marcha-una-planta-de-aerocombustible\/\" \/>\n<meta property=\"og:locale\" content=\"es_ES\" \/>\n<meta property=\"og:type\" content=\"article\" \/>\n<meta property=\"og:title\" content=\"EL AEROPUERTO DEL VALLE DEL CONLARA PUSO EN MARCHA UNA PLANTA DE AEROCOMBUSTIBLE - Apuntes de San Luis\" \/>\n<meta property=\"og:description\" content=\"Este jueves, durante la gira institucional que lleva adelante el gobernador Claudio Poggi, el Ente...\" \/>\n<meta property=\"og:url\" content=\"https:\/\/apuntesdesanluis.com\/index.php\/2024\/12\/05\/el-aeropuerto-del-valle-del-conlara-puso-en-marcha-una-planta-de-aerocombustible\/\" \/>\n<meta property=\"og:site_name\" content=\"Apuntes de San Luis\" \/>\n<meta property=\"article:published_time\" content=\"2024-12-05T23:26:47+00:00\" \/>\n<meta property=\"og:image\" content=\"https:\/\/apuntesdesanluis.com\/wp-content\/uploads\/2024\/12\/AEROCOMBUSTIBLE.png\" \/>\n\t<meta property=\"og:image:width\" content=\"628\" \/>\n\t<meta property=\"og:image:height\" content=\"395\" \/>\n\t<meta property=\"og:image:type\" content=\"image\/png\" \/>\n<meta name=\"author\" content=\"apuntesdesanluis.com\" \/>\n<meta name=\"twitter:card\" content=\"summary_large_image\" \/>\n<meta name=\"twitter:label1\" content=\"Escrito por\" \/>\n\t<meta name=\"twitter:data1\" content=\"apuntesdesanluis.com\" \/>\n\t<meta name=\"twitter:label2\" content=\"Tiempo de lectura\" \/>\n\t<meta name=\"twitter:data2\" content=\"2 minutos\" \/>\n<script type=\"application\/ld+json\" class=\"yoast-schema-graph\">{\"@context\":\"https:\/\/schema.org\",\"@graph\":[{\"@type\":\"Article\",\"@id\":\"https:\/\/apuntesdesanluis.com\/index.php\/2024\/12\/05\/el-aeropuerto-del-valle-del-conlara-puso-en-marcha-una-planta-de-aerocombustible\/#article\",\"isPartOf\":{\"@id\":\"https:\/\/apuntesdesanluis.com\/index.php\/2024\/12\/05\/el-aeropuerto-del-valle-del-conlara-puso-en-marcha-una-planta-de-aerocombustible\/\"},\"author\":{\"name\":\"apuntesdesanluis.com\",\"@id\":\"https:\/\/apuntesdesanluis.com\/#\/schema\/person\/b55151d52296fcce64d1a72538a70b90\"},\"headline\":\"EL AEROPUERTO DEL VALLE DEL CONLARA PUSO EN MARCHA UNA PLANTA DE AEROCOMBUSTIBLE\",\"datePublished\":\"2024-12-05T23:26:47+00:00\",\"mainEntityOfPage\":{\"@id\":\"https:\/\/apuntesdesanluis.com\/index.php\/2024\/12\/05\/el-aeropuerto-del-valle-del-conlara-puso-en-marcha-una-planta-de-aerocombustible\/\"},\"wordCount\":358,\"publisher\":{\"@id\":\"https:\/\/apuntesdesanluis.com\/#\/schema\/person\/b55151d52296fcce64d1a72538a70b90\"},\"image\":{\"@id\":\"https:\/\/apuntesdesanluis.com\/index.php\/2024\/12\/05\/el-aeropuerto-del-valle-del-conlara-puso-en-marcha-una-planta-de-aerocombustible\/#primaryimage\"},\"thumbnailUrl\":\"https:\/\/apuntesdesanluis.com\/wp-content\/uploads\/2024\/12\/AEROCOMBUSTIBLE.png\",\"articleSection\":[\"Ciudad\/Provincia\"],\"inLanguage\":\"es-AR\"},{\"@type\":\"WebPage\",\"@id\":\"https:\/\/apuntesdesanluis.com\/index.php\/2024\/12\/05\/el-aeropuerto-del-valle-del-conlara-puso-en-marcha-una-planta-de-aerocombustible\/\",\"url\":\"https:\/\/apuntesdesanluis.com\/index.php\/2024\/12\/05\/el-aeropuerto-del-valle-del-conlara-puso-en-marcha-una-planta-de-aerocombustible\/\",\"name\":\"EL AEROPUERTO DEL VALLE DEL CONLARA PUSO EN MARCHA UNA PLANTA DE AEROCOMBUSTIBLE - Apuntes de San Luis\",\"isPartOf\":{\"@id\":\"https:\/\/apuntesdesanluis.com\/#website\"},\"primaryImageOfPage\":{\"@id\":\"https:\/\/apuntesdesanluis.com\/index.php\/2024\/12\/05\/el-aeropuerto-del-valle-del-conlara-puso-en-marcha-una-planta-de-aerocombustible\/#primaryimage\"},\"image\":{\"@id\":\"https:\/\/apuntesdesanluis.com\/index.php\/2024\/12\/05\/el-aeropuerto-del-valle-del-conlara-puso-en-marcha-una-planta-de-aerocombustible\/#primaryimage\"},\"thumbnailUrl\":\"https:\/\/apuntesdesanluis.com\/wp-content\/uploads\/2024\/12\/AEROCOMBUSTIBLE.png\",\"datePublished\":\"2024-12-05T23:26:47+00:00\",\"breadcrumb\":{\"@id\":\"https:\/\/apuntesdesanluis.com\/index.php\/2024\/12\/05\/el-aeropuerto-del-valle-del-conlara-puso-en-marcha-una-planta-de-aerocombustible\/#breadcrumb\"},\"inLanguage\":\"es-AR\",\"potentialAction\":[{\"@type\":\"ReadAction\",\"target\":[\"https:\/\/apuntesdesanluis.com\/index.php\/2024\/12\/05\/el-aeropuerto-del-valle-del-conlara-puso-en-marcha-una-planta-de-aerocombustible\/\"]}]},{\"@type\":\"ImageObject\",\"inLanguage\":\"es-AR\",\"@id\":\"https:\/\/apuntesdesanluis.com\/index.php\/2024\/12\/05\/el-aeropuerto-del-valle-del-conlara-puso-en-marcha-una-planta-de-aerocombustible\/#primaryimage\",\"url\":\"https:\/\/apuntesdesanluis.com\/wp-content\/uploads\/2024\/12\/AEROCOMBUSTIBLE.png\",\"contentUrl\":\"https:\/\/apuntesdesanluis.com\/wp-content\/uploads\/2024\/12\/AEROCOMBUSTIBLE.png\",\"width\":628,\"height\":395},{\"@type\":\"BreadcrumbList\",\"@id\":\"https:\/\/apuntesdesanluis.com\/index.php\/2024\/12\/05\/el-aeropuerto-del-valle-del-conlara-puso-en-marcha-una-planta-de-aerocombustible\/#breadcrumb\",\"itemListElement\":[{\"@type\":\"ListItem\",\"position\":1,\"name\":\"Inicio\",\"item\":\"https:\/\/apuntesdesanluis.com\/\"},{\"@type\":\"ListItem\",\"position\":2,\"name\":\"EL AEROPUERTO DEL VALLE DEL CONLARA PUSO EN MARCHA UNA PLANTA DE AEROCOMBUSTIBLE\"}]},{\"@type\":\"WebSite\",\"@id\":\"https:\/\/apuntesdesanluis.com\/#website\",\"url\":\"https:\/\/apuntesdesanluis.com\/\",\"name\":\"Apuntes de San Luis\",\"description\":\"\",\"publisher\":{\"@id\":\"https:\/\/apuntesdesanluis.com\/#\/schema\/person\/b55151d52296fcce64d1a72538a70b90\"},\"potentialAction\":[{\"@type\":\"SearchAction\",\"target\":{\"@type\":\"EntryPoint\",\"urlTemplate\":\"https:\/\/apuntesdesanluis.com\/?s={search_term_string}\"},\"query-input\":{\"@type\":\"PropertyValueSpecification\",\"valueRequired\":true,\"valueName\":\"search_term_string\"}}],\"inLanguage\":\"es-AR\"},{\"@type\":[\"Person\",\"Organization\"],\"@id\":\"https:\/\/apuntesdesanluis.com\/#\/schema\/person\/b55151d52296fcce64d1a72538a70b90\",\"name\":\"apuntesdesanluis.com\",\"image\":{\"@type\":\"ImageObject\",\"inLanguage\":\"es-AR\",\"@id\":\"https:\/\/apuntesdesanluis.com\/#\/schema\/person\/image\/\",\"url\":\"https:\/\/apuntesdesanluis.com\/wp-content\/uploads\/2023\/07\/cropped-apuntesdesanluis.png\",\"contentUrl\":\"https:\/\/apuntesdesanluis.com\/wp-content\/uploads\/2023\/07\/cropped-apuntesdesanluis.png\",\"width\":450,\"height\":112,\"caption\":\"apuntesdesanluis.com\"},\"logo\":{\"@id\":\"https:\/\/apuntesdesanluis.com\/#\/schema\/person\/image\/\"},\"sameAs\":[\"https:\/\/apuntesdesanluis.com\"],\"url\":\"https:\/\/apuntesdesanluis.com\/index.php\/author\/apuntesdesanluis-com\/\"}]}<\/script>\n<!-- \/ Yoast SEO plugin. -->","yoast_head_json":{"title":"EL AEROPUERTO DEL VALLE DEL CONLARA PUSO EN MARCHA UNA PLANTA DE AEROCOMBUSTIBLE - Apuntes de San Luis","robots":{"index":"index","follow":"follow","max-snippet":"max-snippet:-1","max-image-preview":"max-image-preview:large","max-video-preview":"max-video-preview:-1"},"canonical":"https:\/\/apuntesdesanluis.com\/index.php\/2024\/12\/05\/el-aeropuerto-del-valle-del-conlara-puso-en-marcha-una-planta-de-aerocombustible\/","og_locale":"es_ES","og_type":"article","og_title":"EL AEROPUERTO DEL VALLE DEL CONLARA PUSO EN MARCHA UNA PLANTA DE AEROCOMBUSTIBLE - Apuntes de San Luis","og_description":"Este jueves, durante la gira institucional que lleva adelante el gobernador Claudio Poggi, el Ente...","og_url":"https:\/\/apuntesdesanluis.com\/index.php\/2024\/12\/05\/el-aeropuerto-del-valle-del-conlara-puso-en-marcha-una-planta-de-aerocombustible\/","og_site_name":"Apuntes de San Luis","article_published_time":"2024-12-05T23:26:47+00:00","og_image":[{"width":628,"height":395,"url":"https:\/\/apuntesdesanluis.com\/wp-content\/uploads\/2024\/12\/AEROCOMBUSTIBLE.png","type":"image\/png"}],"author":"apuntesdesanluis.com","twitter_card":"summary_large_image","twitter_misc":{"Escrito por":"apuntesdesanluis.com","Tiempo de lectura":"2 minutos"},"schema":{"@context":"https:\/\/schema.org","@graph":[{"@type":"Article","@id":"https:\/\/apuntesdesanluis.com\/index.php\/2024\/12\/05\/el-aeropuerto-del-valle-del-conlara-puso-en-marcha-una-planta-de-aerocombustible\/#article","isPartOf":{"@id":"https:\/\/apuntesdesanluis.com\/index.php\/2024\/12\/05\/el-aeropuerto-del-valle-del-conlara-puso-en-marcha-una-planta-de-aerocombustible\/"},"author":{"name":"apuntesdesanluis.com","@id":"https:\/\/apuntesdesanluis.com\/#\/schema\/person\/b55151d52296fcce64d1a72538a70b90"},"headline":"EL AEROPUERTO DEL VALLE DEL CONLARA PUSO EN MARCHA UNA PLANTA DE AEROCOMBUSTIBLE","datePublished":"2024-12-05T23:26:47+00:00","mainEntityOfPage":{"@id":"https:\/\/apuntesdesanluis.com\/index.php\/2024\/12\/05\/el-aeropuerto-del-valle-del-conlara-puso-en-marcha-una-planta-de-aerocombustible\/"},"wordCount":358,"publisher":{"@id":"https:\/\/apuntesdesanluis.com\/#\/schema\/person\/b55151d52296fcce64d1a72538a70b90"},"image":{"@id":"https:\/\/apuntesdesanluis.com\/index.php\/2024\/12\/05\/el-aeropuerto-del-valle-del-conlara-puso-en-marcha-una-planta-de-aerocombustible\/#primaryimage"},"thumbnailUrl":"https:\/\/apuntesdesanluis.com\/wp-content\/uploads\/2024\/12\/AEROCOMBUSTIBLE.png","articleSection":["Ciudad\/Provincia"],"inLanguage":"es-AR"},{"@type":"WebPage","@id":"https:\/\/apuntesdesanluis.com\/index.php\/2024\/12\/05\/el-aeropuerto-del-valle-del-conlara-puso-en-marcha-una-planta-de-aerocombustible\/","url":"https:\/\/apuntesdesanluis.com\/index.php\/2024\/12\/05\/el-aeropuerto-del-valle-del-conlara-puso-en-marcha-una-planta-de-aerocombustible\/","name":"EL AEROPUERTO DEL VALLE DEL CONLARA PUSO EN MARCHA UNA PLANTA DE AEROCOMBUSTIBLE - Apuntes de San Luis","isPartOf":{"@id":"https:\/\/apuntesdesanluis.com\/#website"},"primaryImageOfPage":{"@id":"https:\/\/apuntesdesanluis.com\/index.php\/2024\/12\/05\/el-aeropuerto-del-valle-del-conlara-puso-en-marcha-una-planta-de-aerocombustible\/#primaryimage"},"image":{"@id":"https:\/\/apuntesdesanluis.com\/index.php\/2024\/12\/05\/el-aeropuerto-del-valle-del-conlara-puso-en-marcha-una-planta-de-aerocombustible\/#primaryimage"},"thumbnailUrl":"https:\/\/apuntesdesanluis.com\/wp-content\/uploads\/2024\/12\/AEROCOMBUSTIBLE.png","datePublished":"2024-12-05T23:26:47+00:00","breadcrumb":{"@id":"https:\/\/apuntesdesanluis.com\/index.php\/2024\/12\/05\/el-aeropuerto-del-valle-del-conlara-puso-en-marcha-una-planta-de-aerocombustible\/#breadcrumb"},"inLanguage":"es-AR","potentialAction":[{"@type":"ReadAction","target":["https:\/\/apuntesdesanluis.com\/index.php\/2024\/12\/05\/el-aeropuerto-del-valle-del-conlara-puso-en-marcha-una-planta-de-aerocombustible\/"]}]},{"@type":"ImageObject","inLanguage":"es-AR","@id":"https:\/\/apuntesdesanluis.com\/index.php\/2024\/12\/05\/el-aeropuerto-del-valle-del-conlara-puso-en-marcha-una-planta-de-aerocombustible\/#primaryimage","url":"https:\/\/apuntesdesanluis.com\/wp-content\/uploads\/2024\/12\/AEROCOMBUSTIBLE.png","contentUrl":"https:\/\/apuntesdesanluis.com\/wp-content\/uploads\/2024\/12\/AEROCOMBUSTIBLE.png","width":628,"height":395},{"@type":"BreadcrumbList","@id":"https:\/\/apuntesdesanluis.com\/index.php\/2024\/12\/05\/el-aeropuerto-del-valle-del-conlara-puso-en-marcha-una-planta-de-aerocombustible\/#breadcrumb","itemListElement":[{"@type":"ListItem","position":1,"name":"Inicio","item":"https:\/\/apuntesdesanluis.com\/"},{"@type":"ListItem","position":2,"name":"EL AEROPUERTO DEL VALLE DEL CONLARA PUSO EN MARCHA UNA PLANTA DE AEROCOMBUSTIBLE"}]},{"@type":"WebSite","@id":"https:\/\/apuntesdesanluis.com\/#website","url":"https:\/\/apuntesdesanluis.com\/","name":"Apuntes de San Luis","description":"","publisher":{"@id":"https:\/\/apuntesdesanluis.com\/#\/schema\/person\/b55151d52296fcce64d1a72538a70b90"},"potentialAction":[{"@type":"SearchAction","target":{"@type":"EntryPoint","urlTemplate":"https:\/\/apuntesdesanluis.com\/?s={search_term_string}"},"query-input":{"@type":"PropertyValueSpecification","valueRequired":true,"valueName":"search_term_string"}}],"inLanguage":"es-AR"},{"@type":["Person","Organization"],"@id":"https:\/\/apuntesdesanluis.com\/#\/schema\/person\/b55151d52296fcce64d1a72538a70b90","name":"apuntesdesanluis.com","image":{"@type":"ImageObject","inLanguage":"es-AR","@id":"https:\/\/apuntesdesanluis.com\/#\/schema\/person\/image\/","url":"https:\/\/apuntesdesanluis.com\/wp-content\/uploads\/2023\/07\/cropped-apuntesdesanluis.png","contentUrl":"https:\/\/apuntesdesanluis.com\/wp-content\/uploads\/2023\/07\/cropped-apuntesdesanluis.png","width":450,"height":112,"caption":"apuntesdesanluis.com"},"logo":{"@id":"https:\/\/apuntesdesanluis.com\/#\/schema\/person\/image\/"},"sameAs":["https:\/\/apuntesdesanluis.com"],"url":"https:\/\/apuntesdesanluis.com\/index.php\/author\/apuntesdesanluis-com\/"}]}},"featured_image_urls":{"full":["https:\/\/apuntesdesanluis.com\/wp-content\/uploads\/2024\/12\/AEROCOMBUSTIBLE.png",628,395,false],"thumbnail":["https:\/\/apuntesdesanluis.com\/wp-content\/uploads\/2024\/12\/AEROCOMBUSTIBLE-150x150.png",150,150,true],"medium":["https:\/\/apuntesdesanluis.com\/wp-content\/uploads\/2024\/12\/AEROCOMBUSTIBLE-300x189.png",300,189,true],"medium_large":["https:\/\/apuntesdesanluis.com\/wp-content\/uploads\/2024\/12\/AEROCOMBUSTIBLE.png",628,395,false],"large":["https:\/\/apuntesdesanluis.com\/wp-content\/uploads\/2024\/12\/AEROCOMBUSTIBLE.png",628,395,false],"1536x1536":["https:\/\/apuntesdesanluis.com\/wp-content\/uploads\/2024\/12\/AEROCOMBUSTIBLE.png",628,395,false],"2048x2048":["https:\/\/apuntesdesanluis.com\/wp-content\/uploads\/2024\/12\/AEROCOMBUSTIBLE.png",628,395,false],"newsever-slider-full":["https:\/\/apuntesdesanluis.com\/wp-content\/uploads\/2024\/12\/AEROCOMBUSTIBLE.png",628,395,false],"newsever-featured":["https:\/\/apuntesdesanluis.com\/wp-content\/uploads\/2024\/12\/AEROCOMBUSTIBLE.png",628,395,false],"newsever-medium":["https:\/\/apuntesdesanluis.com\/wp-content\/uploads\/2024\/12\/AEROCOMBUSTIBLE.png",628,395,false]},"author_info":{"display_name":"apuntesdesanluis.com","author_link":"https:\/\/apuntesdesanluis.com\/index.php\/author\/apuntesdesanluis-com\/"},"category_info":"<a href=\"https:\/\/apuntesdesanluis.com\/index.php\/category\/ciudad-provincia\/\" rel=\"category tag\">Ciudad\/Provincia<\/a>","tag_info":"Ciudad\/Provincia","comment_count":"0","_links":{"self":[{"href":"https:\/\/apuntesdesanluis.com\/index.php\/wp-json\/wp\/v2\/posts\/26302","targetHints":{"allow":["GET"]}}],"collection":[{"href":"https:\/\/apuntesdesanluis.com\/index.php\/wp-json\/wp\/v2\/posts"}],"about":[{"href":"https:\/\/apuntesdesanluis.com\/index.php\/wp-json\/wp\/v2\/types\/post"}],"author":[{"embeddable":true,"href":"https:\/\/apuntesdesanluis.com\/index.php\/wp-json\/wp\/v2\/users\/1"}],"replies":[{"embeddable":true,"href":"https:\/\/apuntesdesanluis.com\/index.php\/wp-json\/wp\/v2\/comments?post=26302"}],"version-history":[{"count":1,"href":"https:\/\/apuntesdesanluis.com\/index.php\/wp-json\/wp\/v2\/posts\/26302\/revisions"}],"predecessor-version":[{"id":26305,"href":"https:\/\/apuntesdesanluis.com\/index.php\/wp-json\/wp\/v2\/posts\/26302\/revisions\/26305"}],"wp:featuredmedia":[{"embeddable":true,"href":"https:\/\/apuntesdesanluis.com\/index.php\/wp-json\/wp\/v2\/media\/26303"}],"wp:attachment":[{"href":"https:\/\/apuntesdesanluis.com\/index.php\/wp-json\/wp\/v2\/media?parent=26302"}],"wp:term":[{"taxonomy":"category","embeddable":true,"href":"https:\/\/apuntesdesanluis.com\/index.php\/wp-json\/wp\/v2\/categories?post=26302"},{"taxonomy":"post_tag","embeddable":true,"href":"https:\/\/apuntesdesanluis.com\/index.php\/wp-json\/wp\/v2\/tags?post=26302"}],"curies":[{"name":"wp","href":"https:\/\/api.w.org\/{rel}","templated":true}]}}