{"id":26309,"date":"2024-12-06T19:40:36","date_gmt":"2024-12-06T22:40:36","guid":{"rendered":"https:\/\/apuntesdesanluis.com\/?p=26309"},"modified":"2024-12-06T19:40:36","modified_gmt":"2024-12-06T22:40:36","slug":"la-cultura-de-luto-murio-jesus-liberato-tobares","status":"publish","type":"post","link":"https:\/\/apuntesdesanluis.com\/index.php\/2024\/12\/06\/la-cultura-de-luto-murio-jesus-liberato-tobares\/","title":{"rendered":"LA CULTURA, DE LUTO: MURI\u00d3 JES\u00daS LIBERATO TOBARES"},"content":{"rendered":"<h3>El historiador y poeta falleci\u00f3 este viernes, seg\u00fan lo confirm\u00f3 su hija Alba Myriam Tobares en las redes sociales. Sus restos ser\u00e1n velados en su San Mart\u00edn querido.<\/h3>\n<h3>Este viernes, a los 95 a\u00f1os, falleci\u00f3 el doctor <strong>Jes\u00fas Liberato Tobares<\/strong>, oriundo de su amado pueblo de San Mart\u00edn, emblema de las letras e historia sanluise\u00f1as, procurador, abogado, escritor, historiador y poeta. Tambi\u00e9n fue distinguido por la Universidad Nacional de San Luis (UNSL) con el t\u00edtulo Doctor Honoris Causa por su labor tanto en las leyes como en la literatura e investigaci\u00f3n y su gran aporte a la cultura, en la que p\u00fablico varias obras literarias.<\/h3>\n<p><img fetchpriority=\"high\" decoding=\"async\" class=\"wp-image-26311 aligncenter\" src=\"https:\/\/apuntesdesanluis.com\/wp-content\/uploads\/2024\/12\/JESUS-LIBERATO-TOBARES-300x187.png\" alt=\"\" width=\"570\" height=\"355\" srcset=\"https:\/\/apuntesdesanluis.com\/wp-content\/uploads\/2024\/12\/JESUS-LIBERATO-TOBARES-300x187.png 300w, https:\/\/apuntesdesanluis.com\/wp-content\/uploads\/2024\/12\/JESUS-LIBERATO-TOBARES.png 500w\" sizes=\"(max-width: 570px) 100vw, 570px\" \/><\/p>\n<h3>Por tal motivo, el gobernador <strong>Claudio Poggi<\/strong> firm\u00f3 el Decreto 13.164-SGG-2024, que establece que por dos d\u00edas se dispondr\u00e1n que las banderas Nacional y de la Provincia de San Luis permanezcan izadas a media asta en los edificios de las dependencias p\u00fablicas provinciales.<\/h3>\n<h3>El objetivo es rendir un sentido homenaje y reconocimiento a quien integr\u00f3 una de las generaciones m\u00e1s prol\u00edficas y destacadas de historiadores, su legado es un tesoro que nos acompa\u00f1ar\u00e1 por siempre en nuestra cultura.<\/h3>\n<h3><img decoding=\"async\" class=\"wp-image-26312 aligncenter\" src=\"https:\/\/apuntesdesanluis.com\/wp-content\/uploads\/2024\/12\/CONDOLENCIAS-DE-POGGI-300x136.png\" alt=\"\" width=\"569\" height=\"258\" srcset=\"https:\/\/apuntesdesanluis.com\/wp-content\/uploads\/2024\/12\/CONDOLENCIAS-DE-POGGI-300x136.png 300w, https:\/\/apuntesdesanluis.com\/wp-content\/uploads\/2024\/12\/CONDOLENCIAS-DE-POGGI.png 666w\" sizes=\"(max-width: 569px) 100vw, 569px\" \/><\/h3>\n<h3>A trav\u00e9s de un comunicado en su red social X, Claudio Poggi manifest\u00f3 su profundo pesar por el fallecimiento del poeta, escritor e historiador sanluise\u00f1o.<\/h3>\n<h3><strong>MARCELO SOSA<\/strong><\/h3>\n<h3>Por su parte el Rector Dr. Marcelo David Sosa y la comunidad de la UNViMe transmitieron sus condolencias a la se\u00f1ora esposa, hijos y familiares en la p\u00e9rdida f\u00edsica del Dr. Jes\u00fas Liberato Tobares, \u201camigo entra\u00f1able y baluarte de la puntanidad. Nuestra patria chica le agradece su contribuci\u00f3n espiritual, su don de gentes y su amor a nuestra tierra\u201d.<\/h3>\n<p>&nbsp;<\/p>\n<p>&nbsp;<\/p>\n<p>&nbsp;<\/p>\n<p>&nbsp;<\/p>\n<p>&nbsp;<\/p>\n<p>&nbsp;<\/p>\n","protected":false},"excerpt":{"rendered":"<p>El historiador y poeta falleci\u00f3 este viernes, seg\u00fan lo confirm\u00f3 su hija Alba Myriam Tobares&#8230;<\/p>\n","protected":false},"author":1,"featured_media":26310,"comment_status":"closed","ping_status":"closed","sticky":false,"template":"","format":"standard","meta":{"footnotes":""},"categories":[6],"tags":[],"class_list":["post-26309","post","type-post","status-publish","format-standard","has-post-thumbnail","hentry","category-ciudad-provincia"],"yoast_head":"<!-- This site is optimized with the Yoast SEO plugin v26.1.1 - https:\/\/yoast.com\/wordpress\/plugins\/seo\/ -->\n<title>LA CULTURA, DE LUTO: MURI\u00d3 JES\u00daS LIBERATO TOBARES - Apuntes de San Luis<\/title>\n<meta name=\"robots\" content=\"index, follow, max-snippet:-1, max-image-preview:large, max-video-preview:-1\" \/>\n<link rel=\"canonical\" href=\"https:\/\/apuntesdesanluis.com\/index.php\/2024\/12\/06\/la-cultura-de-luto-murio-jesus-liberato-tobares\/\" \/>\n<meta property=\"og:locale\" content=\"es_ES\" \/>\n<meta property=\"og:type\" content=\"article\" \/>\n<meta property=\"og:title\" content=\"LA CULTURA, DE LUTO: MURI\u00d3 JES\u00daS LIBERATO TOBARES - Apuntes de San Luis\" \/>\n<meta property=\"og:description\" content=\"El historiador y poeta falleci\u00f3 este viernes, seg\u00fan lo confirm\u00f3 su hija Alba Myriam Tobares...\" \/>\n<meta property=\"og:url\" content=\"https:\/\/apuntesdesanluis.com\/index.php\/2024\/12\/06\/la-cultura-de-luto-murio-jesus-liberato-tobares\/\" \/>\n<meta property=\"og:site_name\" content=\"Apuntes de San Luis\" \/>\n<meta property=\"article:published_time\" content=\"2024-12-06T22:40:36+00:00\" \/>\n<meta property=\"og:image\" content=\"https:\/\/apuntesdesanluis.com\/wp-content\/uploads\/2024\/12\/JESUS-LIBERATO.png\" \/>\n\t<meta property=\"og:image:width\" content=\"674\" \/>\n\t<meta property=\"og:image:height\" content=\"448\" \/>\n\t<meta property=\"og:image:type\" content=\"image\/png\" \/>\n<meta name=\"author\" content=\"apuntesdesanluis.com\" \/>\n<meta name=\"twitter:card\" content=\"summary_large_image\" \/>\n<meta name=\"twitter:label1\" content=\"Escrito por\" \/>\n\t<meta name=\"twitter:data1\" content=\"apuntesdesanluis.com\" \/>\n\t<meta name=\"twitter:label2\" content=\"Tiempo de lectura\" \/>\n\t<meta name=\"twitter:data2\" content=\"2 minutos\" \/>\n<script type=\"application\/ld+json\" class=\"yoast-schema-graph\">{\"@context\":\"https:\/\/schema.org\",\"@graph\":[{\"@type\":\"Article\",\"@id\":\"https:\/\/apuntesdesanluis.com\/index.php\/2024\/12\/06\/la-cultura-de-luto-murio-jesus-liberato-tobares\/#article\",\"isPartOf\":{\"@id\":\"https:\/\/apuntesdesanluis.com\/index.php\/2024\/12\/06\/la-cultura-de-luto-murio-jesus-liberato-tobares\/\"},\"author\":{\"name\":\"apuntesdesanluis.com\",\"@id\":\"https:\/\/apuntesdesanluis.com\/#\/schema\/person\/b55151d52296fcce64d1a72538a70b90\"},\"headline\":\"LA CULTURA, DE LUTO: MURI\u00d3 JES\u00daS LIBERATO TOBARES\",\"datePublished\":\"2024-12-06T22:40:36+00:00\",\"mainEntityOfPage\":{\"@id\":\"https:\/\/apuntesdesanluis.com\/index.php\/2024\/12\/06\/la-cultura-de-luto-murio-jesus-liberato-tobares\/\"},\"wordCount\":308,\"publisher\":{\"@id\":\"https:\/\/apuntesdesanluis.com\/#\/schema\/person\/b55151d52296fcce64d1a72538a70b90\"},\"image\":{\"@id\":\"https:\/\/apuntesdesanluis.com\/index.php\/2024\/12\/06\/la-cultura-de-luto-murio-jesus-liberato-tobares\/#primaryimage\"},\"thumbnailUrl\":\"https:\/\/apuntesdesanluis.com\/wp-content\/uploads\/2024\/12\/JESUS-LIBERATO.png\",\"articleSection\":[\"Ciudad\/Provincia\"],\"inLanguage\":\"es-AR\"},{\"@type\":\"WebPage\",\"@id\":\"https:\/\/apuntesdesanluis.com\/index.php\/2024\/12\/06\/la-cultura-de-luto-murio-jesus-liberato-tobares\/\",\"url\":\"https:\/\/apuntesdesanluis.com\/index.php\/2024\/12\/06\/la-cultura-de-luto-murio-jesus-liberato-tobares\/\",\"name\":\"LA CULTURA, DE LUTO: MURI\u00d3 JES\u00daS LIBERATO TOBARES - Apuntes de San Luis\",\"isPartOf\":{\"@id\":\"https:\/\/apuntesdesanluis.com\/#website\"},\"primaryImageOfPage\":{\"@id\":\"https:\/\/apuntesdesanluis.com\/index.php\/2024\/12\/06\/la-cultura-de-luto-murio-jesus-liberato-tobares\/#primaryimage\"},\"image\":{\"@id\":\"https:\/\/apuntesdesanluis.com\/index.php\/2024\/12\/06\/la-cultura-de-luto-murio-jesus-liberato-tobares\/#primaryimage\"},\"thumbnailUrl\":\"https:\/\/apuntesdesanluis.com\/wp-content\/uploads\/2024\/12\/JESUS-LIBERATO.png\",\"datePublished\":\"2024-12-06T22:40:36+00:00\",\"breadcrumb\":{\"@id\":\"https:\/\/apuntesdesanluis.com\/index.php\/2024\/12\/06\/la-cultura-de-luto-murio-jesus-liberato-tobares\/#breadcrumb\"},\"inLanguage\":\"es-AR\",\"potentialAction\":[{\"@type\":\"ReadAction\",\"target\":[\"https:\/\/apuntesdesanluis.com\/index.php\/2024\/12\/06\/la-cultura-de-luto-murio-jesus-liberato-tobares\/\"]}]},{\"@type\":\"ImageObject\",\"inLanguage\":\"es-AR\",\"@id\":\"https:\/\/apuntesdesanluis.com\/index.php\/2024\/12\/06\/la-cultura-de-luto-murio-jesus-liberato-tobares\/#primaryimage\",\"url\":\"https:\/\/apuntesdesanluis.com\/wp-content\/uploads\/2024\/12\/JESUS-LIBERATO.png\",\"contentUrl\":\"https:\/\/apuntesdesanluis.com\/wp-content\/uploads\/2024\/12\/JESUS-LIBERATO.png\",\"width\":674,\"height\":448},{\"@type\":\"BreadcrumbList\",\"@id\":\"https:\/\/apuntesdesanluis.com\/index.php\/2024\/12\/06\/la-cultura-de-luto-murio-jesus-liberato-tobares\/#breadcrumb\",\"itemListElement\":[{\"@type\":\"ListItem\",\"position\":1,\"name\":\"Inicio\",\"item\":\"https:\/\/apuntesdesanluis.com\/\"},{\"@type\":\"ListItem\",\"position\":2,\"name\":\"LA CULTURA, DE LUTO: MURI\u00d3 JES\u00daS LIBERATO TOBARES\"}]},{\"@type\":\"WebSite\",\"@id\":\"https:\/\/apuntesdesanluis.com\/#website\",\"url\":\"https:\/\/apuntesdesanluis.com\/\",\"name\":\"Apuntes de San Luis\",\"description\":\"\",\"publisher\":{\"@id\":\"https:\/\/apuntesdesanluis.com\/#\/schema\/person\/b55151d52296fcce64d1a72538a70b90\"},\"potentialAction\":[{\"@type\":\"SearchAction\",\"target\":{\"@type\":\"EntryPoint\",\"urlTemplate\":\"https:\/\/apuntesdesanluis.com\/?s={search_term_string}\"},\"query-input\":{\"@type\":\"PropertyValueSpecification\",\"valueRequired\":true,\"valueName\":\"search_term_string\"}}],\"inLanguage\":\"es-AR\"},{\"@type\":[\"Person\",\"Organization\"],\"@id\":\"https:\/\/apuntesdesanluis.com\/#\/schema\/person\/b55151d52296fcce64d1a72538a70b90\",\"name\":\"apuntesdesanluis.com\",\"image\":{\"@type\":\"ImageObject\",\"inLanguage\":\"es-AR\",\"@id\":\"https:\/\/apuntesdesanluis.com\/#\/schema\/person\/image\/\",\"url\":\"https:\/\/apuntesdesanluis.com\/wp-content\/uploads\/2023\/07\/cropped-apuntesdesanluis.png\",\"contentUrl\":\"https:\/\/apuntesdesanluis.com\/wp-content\/uploads\/2023\/07\/cropped-apuntesdesanluis.png\",\"width\":450,\"height\":112,\"caption\":\"apuntesdesanluis.com\"},\"logo\":{\"@id\":\"https:\/\/apuntesdesanluis.com\/#\/schema\/person\/image\/\"},\"sameAs\":[\"https:\/\/apuntesdesanluis.com\"],\"url\":\"https:\/\/apuntesdesanluis.com\/index.php\/author\/apuntesdesanluis-com\/\"}]}<\/script>\n<!-- \/ Yoast SEO plugin. -->","yoast_head_json":{"title":"LA CULTURA, DE LUTO: MURI\u00d3 JES\u00daS LIBERATO TOBARES - Apuntes de San Luis","robots":{"index":"index","follow":"follow","max-snippet":"max-snippet:-1","max-image-preview":"max-image-preview:large","max-video-preview":"max-video-preview:-1"},"canonical":"https:\/\/apuntesdesanluis.com\/index.php\/2024\/12\/06\/la-cultura-de-luto-murio-jesus-liberato-tobares\/","og_locale":"es_ES","og_type":"article","og_title":"LA CULTURA, DE LUTO: MURI\u00d3 JES\u00daS LIBERATO TOBARES - Apuntes de San Luis","og_description":"El historiador y poeta falleci\u00f3 este viernes, seg\u00fan lo confirm\u00f3 su hija Alba Myriam Tobares...","og_url":"https:\/\/apuntesdesanluis.com\/index.php\/2024\/12\/06\/la-cultura-de-luto-murio-jesus-liberato-tobares\/","og_site_name":"Apuntes de San Luis","article_published_time":"2024-12-06T22:40:36+00:00","og_image":[{"width":674,"height":448,"url":"https:\/\/apuntesdesanluis.com\/wp-content\/uploads\/2024\/12\/JESUS-LIBERATO.png","type":"image\/png"}],"author":"apuntesdesanluis.com","twitter_card":"summary_large_image","twitter_misc":{"Escrito por":"apuntesdesanluis.com","Tiempo de lectura":"2 minutos"},"schema":{"@context":"https:\/\/schema.org","@graph":[{"@type":"Article","@id":"https:\/\/apuntesdesanluis.com\/index.php\/2024\/12\/06\/la-cultura-de-luto-murio-jesus-liberato-tobares\/#article","isPartOf":{"@id":"https:\/\/apuntesdesanluis.com\/index.php\/2024\/12\/06\/la-cultura-de-luto-murio-jesus-liberato-tobares\/"},"author":{"name":"apuntesdesanluis.com","@id":"https:\/\/apuntesdesanluis.com\/#\/schema\/person\/b55151d52296fcce64d1a72538a70b90"},"headline":"LA CULTURA, DE LUTO: MURI\u00d3 JES\u00daS LIBERATO TOBARES","datePublished":"2024-12-06T22:40:36+00:00","mainEntityOfPage":{"@id":"https:\/\/apuntesdesanluis.com\/index.php\/2024\/12\/06\/la-cultura-de-luto-murio-jesus-liberato-tobares\/"},"wordCount":308,"publisher":{"@id":"https:\/\/apuntesdesanluis.com\/#\/schema\/person\/b55151d52296fcce64d1a72538a70b90"},"image":{"@id":"https:\/\/apuntesdesanluis.com\/index.php\/2024\/12\/06\/la-cultura-de-luto-murio-jesus-liberato-tobares\/#primaryimage"},"thumbnailUrl":"https:\/\/apuntesdesanluis.com\/wp-content\/uploads\/2024\/12\/JESUS-LIBERATO.png","articleSection":["Ciudad\/Provincia"],"inLanguage":"es-AR"},{"@type":"WebPage","@id":"https:\/\/apuntesdesanluis.com\/index.php\/2024\/12\/06\/la-cultura-de-luto-murio-jesus-liberato-tobares\/","url":"https:\/\/apuntesdesanluis.com\/index.php\/2024\/12\/06\/la-cultura-de-luto-murio-jesus-liberato-tobares\/","name":"LA CULTURA, DE LUTO: MURI\u00d3 JES\u00daS LIBERATO TOBARES - Apuntes de San Luis","isPartOf":{"@id":"https:\/\/apuntesdesanluis.com\/#website"},"primaryImageOfPage":{"@id":"https:\/\/apuntesdesanluis.com\/index.php\/2024\/12\/06\/la-cultura-de-luto-murio-jesus-liberato-tobares\/#primaryimage"},"image":{"@id":"https:\/\/apuntesdesanluis.com\/index.php\/2024\/12\/06\/la-cultura-de-luto-murio-jesus-liberato-tobares\/#primaryimage"},"thumbnailUrl":"https:\/\/apuntesdesanluis.com\/wp-content\/uploads\/2024\/12\/JESUS-LIBERATO.png","datePublished":"2024-12-06T22:40:36+00:00","breadcrumb":{"@id":"https:\/\/apuntesdesanluis.com\/index.php\/2024\/12\/06\/la-cultura-de-luto-murio-jesus-liberato-tobares\/#breadcrumb"},"inLanguage":"es-AR","potentialAction":[{"@type":"ReadAction","target":["https:\/\/apuntesdesanluis.com\/index.php\/2024\/12\/06\/la-cultura-de-luto-murio-jesus-liberato-tobares\/"]}]},{"@type":"ImageObject","inLanguage":"es-AR","@id":"https:\/\/apuntesdesanluis.com\/index.php\/2024\/12\/06\/la-cultura-de-luto-murio-jesus-liberato-tobares\/#primaryimage","url":"https:\/\/apuntesdesanluis.com\/wp-content\/uploads\/2024\/12\/JESUS-LIBERATO.png","contentUrl":"https:\/\/apuntesdesanluis.com\/wp-content\/uploads\/2024\/12\/JESUS-LIBERATO.png","width":674,"height":448},{"@type":"BreadcrumbList","@id":"https:\/\/apuntesdesanluis.com\/index.php\/2024\/12\/06\/la-cultura-de-luto-murio-jesus-liberato-tobares\/#breadcrumb","itemListElement":[{"@type":"ListItem","position":1,"name":"Inicio","item":"https:\/\/apuntesdesanluis.com\/"},{"@type":"ListItem","position":2,"name":"LA CULTURA, DE LUTO: MURI\u00d3 JES\u00daS LIBERATO TOBARES"}]},{"@type":"WebSite","@id":"https:\/\/apuntesdesanluis.com\/#website","url":"https:\/\/apuntesdesanluis.com\/","name":"Apuntes de San Luis","description":"","publisher":{"@id":"https:\/\/apuntesdesanluis.com\/#\/schema\/person\/b55151d52296fcce64d1a72538a70b90"},"potentialAction":[{"@type":"SearchAction","target":{"@type":"EntryPoint","urlTemplate":"https:\/\/apuntesdesanluis.com\/?s={search_term_string}"},"query-input":{"@type":"PropertyValueSpecification","valueRequired":true,"valueName":"search_term_string"}}],"inLanguage":"es-AR"},{"@type":["Person","Organization"],"@id":"https:\/\/apuntesdesanluis.com\/#\/schema\/person\/b55151d52296fcce64d1a72538a70b90","name":"apuntesdesanluis.com","image":{"@type":"ImageObject","inLanguage":"es-AR","@id":"https:\/\/apuntesdesanluis.com\/#\/schema\/person\/image\/","url":"https:\/\/apuntesdesanluis.com\/wp-content\/uploads\/2023\/07\/cropped-apuntesdesanluis.png","contentUrl":"https:\/\/apuntesdesanluis.com\/wp-content\/uploads\/2023\/07\/cropped-apuntesdesanluis.png","width":450,"height":112,"caption":"apuntesdesanluis.com"},"logo":{"@id":"https:\/\/apuntesdesanluis.com\/#\/schema\/person\/image\/"},"sameAs":["https:\/\/apuntesdesanluis.com"],"url":"https:\/\/apuntesdesanluis.com\/index.php\/author\/apuntesdesanluis-com\/"}]}},"featured_image_urls":{"full":["https:\/\/apuntesdesanluis.com\/wp-content\/uploads\/2024\/12\/JESUS-LIBERATO.png",674,448,false],"thumbnail":["https:\/\/apuntesdesanluis.com\/wp-content\/uploads\/2024\/12\/JESUS-LIBERATO-150x150.png",150,150,true],"medium":["https:\/\/apuntesdesanluis.com\/wp-content\/uploads\/2024\/12\/JESUS-LIBERATO-300x199.png",300,199,true],"medium_large":["https:\/\/apuntesdesanluis.com\/wp-content\/uploads\/2024\/12\/JESUS-LIBERATO.png",640,425,false],"large":["https:\/\/apuntesdesanluis.com\/wp-content\/uploads\/2024\/12\/JESUS-LIBERATO.png",640,425,false],"1536x1536":["https:\/\/apuntesdesanluis.com\/wp-content\/uploads\/2024\/12\/JESUS-LIBERATO.png",674,448,false],"2048x2048":["https:\/\/apuntesdesanluis.com\/wp-content\/uploads\/2024\/12\/JESUS-LIBERATO.png",674,448,false],"newsever-slider-full":["https:\/\/apuntesdesanluis.com\/wp-content\/uploads\/2024\/12\/JESUS-LIBERATO.png",674,448,false],"newsever-featured":["https:\/\/apuntesdesanluis.com\/wp-content\/uploads\/2024\/12\/JESUS-LIBERATO.png",674,448,false],"newsever-medium":["https:\/\/apuntesdesanluis.com\/wp-content\/uploads\/2024\/12\/JESUS-LIBERATO.png",674,448,false]},"author_info":{"display_name":"apuntesdesanluis.com","author_link":"https:\/\/apuntesdesanluis.com\/index.php\/author\/apuntesdesanluis-com\/"},"category_info":"<a href=\"https:\/\/apuntesdesanluis.com\/index.php\/category\/ciudad-provincia\/\" rel=\"category tag\">Ciudad\/Provincia<\/a>","tag_info":"Ciudad\/Provincia","comment_count":"0","_links":{"self":[{"href":"https:\/\/apuntesdesanluis.com\/index.php\/wp-json\/wp\/v2\/posts\/26309","targetHints":{"allow":["GET"]}}],"collection":[{"href":"https:\/\/apuntesdesanluis.com\/index.php\/wp-json\/wp\/v2\/posts"}],"about":[{"href":"https:\/\/apuntesdesanluis.com\/index.php\/wp-json\/wp\/v2\/types\/post"}],"author":[{"embeddable":true,"href":"https:\/\/apuntesdesanluis.com\/index.php\/wp-json\/wp\/v2\/users\/1"}],"replies":[{"embeddable":true,"href":"https:\/\/apuntesdesanluis.com\/index.php\/wp-json\/wp\/v2\/comments?post=26309"}],"version-history":[{"count":1,"href":"https:\/\/apuntesdesanluis.com\/index.php\/wp-json\/wp\/v2\/posts\/26309\/revisions"}],"predecessor-version":[{"id":26313,"href":"https:\/\/apuntesdesanluis.com\/index.php\/wp-json\/wp\/v2\/posts\/26309\/revisions\/26313"}],"wp:featuredmedia":[{"embeddable":true,"href":"https:\/\/apuntesdesanluis.com\/index.php\/wp-json\/wp\/v2\/media\/26310"}],"wp:attachment":[{"href":"https:\/\/apuntesdesanluis.com\/index.php\/wp-json\/wp\/v2\/media?parent=26309"}],"wp:term":[{"taxonomy":"category","embeddable":true,"href":"https:\/\/apuntesdesanluis.com\/index.php\/wp-json\/wp\/v2\/categories?post=26309"},{"taxonomy":"post_tag","embeddable":true,"href":"https:\/\/apuntesdesanluis.com\/index.php\/wp-json\/wp\/v2\/tags?post=26309"}],"curies":[{"name":"wp","href":"https:\/\/api.w.org\/{rel}","templated":true}]}}