{"id":26319,"date":"2024-12-06T20:30:02","date_gmt":"2024-12-06T23:30:02","guid":{"rendered":"https:\/\/apuntesdesanluis.com\/?p=26319"},"modified":"2024-12-06T20:30:02","modified_gmt":"2024-12-06T23:30:02","slug":"tres-personas-ilesas-tras-volcar-camioneta-en-la-autopista-de-las-serranias-puntanas","status":"publish","type":"post","link":"https:\/\/apuntesdesanluis.com\/index.php\/2024\/12\/06\/tres-personas-ilesas-tras-volcar-camioneta-en-la-autopista-de-las-serranias-puntanas\/","title":{"rendered":"TRES PERSONAS ILESAS TRAS VOLCAR CAMIONETA EN LA AUTOPISTA DE LAS SERRAN\u00cdAS PUNTANAS"},"content":{"rendered":"<h3>El accidente ocurri\u00f3 este jueves, alrededor de las 18:00, en el kil\u00f3metro 740, a unos 10 kil\u00f3metros de la localidad de Fraga.<\/h3>\n<h3>Una persona de 50 a\u00f1os que conduc\u00eda una camioneta Ford Ranger -de oeste a este- realiz\u00f3 una mala maniobra, lo que provoc\u00f3 que perdiera el control del rodado, el cual termin\u00f3 volcado con las cuatro ruedas hacia arriba, en la zona del cantero central.<\/h3>\n<h3>El conductor (con domicilio en Luj\u00e1n de Cuyo, provincia de Mendoza) iba acompa\u00f1ado por un hombre de 48 a\u00f1os (de Guaymall\u00e9n) y un hombre de 49 (con domicilio en Rosario, provincia de Santa Fe).<\/h3>\n<h3>Al lugar acudi\u00f3 personal m\u00e9dico en una ambulancia de la localidad de Fraga, quienes brindaron las primeras atenciones a los tres hombres, los cuales no presentaban lesiones de consideraci\u00f3n. El hombre de 50 a\u00f1os ten\u00eda presi\u00f3n alta, por lo que fue trasladado hacia el Policl\u00ednico Regional \u201cJuan Domingo Per\u00f3n\u201d de Villa Mercedes para una revisi\u00f3n m\u00e9dica m\u00e1s compleja. Luego, fue dado de alta.<\/h3>\n<h3>En el lugar tambi\u00e9n trabajaron bomberos voluntarios de Fraga, personal del Ente de Control de Rutas y polic\u00edas de la Comisar\u00eda Distrito 49\u00b0 de Fraga.<\/h3>\n<p>&nbsp;<\/p>\n<p>&nbsp;<\/p>\n<p>&nbsp;<\/p>\n","protected":false},"excerpt":{"rendered":"<p>El accidente ocurri\u00f3 este jueves, alrededor de las 18:00, en el kil\u00f3metro 740, a unos&#8230;<\/p>\n","protected":false},"author":1,"featured_media":26320,"comment_status":"closed","ping_status":"closed","sticky":false,"template":"","format":"standard","meta":{"footnotes":""},"categories":[6],"tags":[],"class_list":["post-26319","post","type-post","status-publish","format-standard","has-post-thumbnail","hentry","category-ciudad-provincia"],"yoast_head":"<!-- This site is optimized with the Yoast SEO plugin v26.1.1 - https:\/\/yoast.com\/wordpress\/plugins\/seo\/ -->\n<title>TRES PERSONAS ILESAS TRAS VOLCAR CAMIONETA EN LA AUTOPISTA DE LAS SERRAN\u00cdAS PUNTANAS - Apuntes de San Luis<\/title>\n<meta name=\"robots\" content=\"index, follow, max-snippet:-1, max-image-preview:large, max-video-preview:-1\" \/>\n<link rel=\"canonical\" href=\"https:\/\/apuntesdesanluis.com\/index.php\/2024\/12\/06\/tres-personas-ilesas-tras-volcar-camioneta-en-la-autopista-de-las-serranias-puntanas\/\" \/>\n<meta property=\"og:locale\" content=\"es_ES\" \/>\n<meta property=\"og:type\" content=\"article\" \/>\n<meta property=\"og:title\" content=\"TRES PERSONAS ILESAS TRAS VOLCAR CAMIONETA EN LA AUTOPISTA DE LAS SERRAN\u00cdAS PUNTANAS - Apuntes de San Luis\" \/>\n<meta property=\"og:description\" content=\"El accidente ocurri\u00f3 este jueves, alrededor de las 18:00, en el kil\u00f3metro 740, a unos...\" \/>\n<meta property=\"og:url\" content=\"https:\/\/apuntesdesanluis.com\/index.php\/2024\/12\/06\/tres-personas-ilesas-tras-volcar-camioneta-en-la-autopista-de-las-serranias-puntanas\/\" \/>\n<meta property=\"og:site_name\" content=\"Apuntes de San Luis\" \/>\n<meta property=\"article:published_time\" content=\"2024-12-06T23:30:02+00:00\" \/>\n<meta property=\"og:image\" content=\"https:\/\/apuntesdesanluis.com\/wp-content\/uploads\/2024\/12\/Imagen-de-WhatsApp-2024-12-06-a-las-11.19.34_b72f9537.jpg\" \/>\n\t<meta property=\"og:image:width\" content=\"757\" \/>\n\t<meta property=\"og:image:height\" content=\"480\" \/>\n\t<meta property=\"og:image:type\" content=\"image\/jpeg\" \/>\n<meta name=\"author\" content=\"apuntesdesanluis.com\" \/>\n<meta name=\"twitter:card\" content=\"summary_large_image\" \/>\n<meta name=\"twitter:label1\" content=\"Escrito por\" \/>\n\t<meta name=\"twitter:data1\" content=\"apuntesdesanluis.com\" \/>\n\t<meta name=\"twitter:label2\" content=\"Tiempo de lectura\" \/>\n\t<meta name=\"twitter:data2\" content=\"2 minutos\" \/>\n<script type=\"application\/ld+json\" class=\"yoast-schema-graph\">{\"@context\":\"https:\/\/schema.org\",\"@graph\":[{\"@type\":\"Article\",\"@id\":\"https:\/\/apuntesdesanluis.com\/index.php\/2024\/12\/06\/tres-personas-ilesas-tras-volcar-camioneta-en-la-autopista-de-las-serranias-puntanas\/#article\",\"isPartOf\":{\"@id\":\"https:\/\/apuntesdesanluis.com\/index.php\/2024\/12\/06\/tres-personas-ilesas-tras-volcar-camioneta-en-la-autopista-de-las-serranias-puntanas\/\"},\"author\":{\"name\":\"apuntesdesanluis.com\",\"@id\":\"https:\/\/apuntesdesanluis.com\/#\/schema\/person\/b55151d52296fcce64d1a72538a70b90\"},\"headline\":\"TRES PERSONAS ILESAS TRAS VOLCAR CAMIONETA EN LA AUTOPISTA DE LAS SERRAN\u00cdAS PUNTANAS\",\"datePublished\":\"2024-12-06T23:30:02+00:00\",\"mainEntityOfPage\":{\"@id\":\"https:\/\/apuntesdesanluis.com\/index.php\/2024\/12\/06\/tres-personas-ilesas-tras-volcar-camioneta-en-la-autopista-de-las-serranias-puntanas\/\"},\"wordCount\":218,\"publisher\":{\"@id\":\"https:\/\/apuntesdesanluis.com\/#\/schema\/person\/b55151d52296fcce64d1a72538a70b90\"},\"image\":{\"@id\":\"https:\/\/apuntesdesanluis.com\/index.php\/2024\/12\/06\/tres-personas-ilesas-tras-volcar-camioneta-en-la-autopista-de-las-serranias-puntanas\/#primaryimage\"},\"thumbnailUrl\":\"https:\/\/apuntesdesanluis.com\/wp-content\/uploads\/2024\/12\/Imagen-de-WhatsApp-2024-12-06-a-las-11.19.34_b72f9537.jpg\",\"articleSection\":[\"Ciudad\/Provincia\"],\"inLanguage\":\"es-AR\"},{\"@type\":\"WebPage\",\"@id\":\"https:\/\/apuntesdesanluis.com\/index.php\/2024\/12\/06\/tres-personas-ilesas-tras-volcar-camioneta-en-la-autopista-de-las-serranias-puntanas\/\",\"url\":\"https:\/\/apuntesdesanluis.com\/index.php\/2024\/12\/06\/tres-personas-ilesas-tras-volcar-camioneta-en-la-autopista-de-las-serranias-puntanas\/\",\"name\":\"TRES PERSONAS ILESAS TRAS VOLCAR CAMIONETA EN LA AUTOPISTA DE LAS SERRAN\u00cdAS PUNTANAS - Apuntes de San Luis\",\"isPartOf\":{\"@id\":\"https:\/\/apuntesdesanluis.com\/#website\"},\"primaryImageOfPage\":{\"@id\":\"https:\/\/apuntesdesanluis.com\/index.php\/2024\/12\/06\/tres-personas-ilesas-tras-volcar-camioneta-en-la-autopista-de-las-serranias-puntanas\/#primaryimage\"},\"image\":{\"@id\":\"https:\/\/apuntesdesanluis.com\/index.php\/2024\/12\/06\/tres-personas-ilesas-tras-volcar-camioneta-en-la-autopista-de-las-serranias-puntanas\/#primaryimage\"},\"thumbnailUrl\":\"https:\/\/apuntesdesanluis.com\/wp-content\/uploads\/2024\/12\/Imagen-de-WhatsApp-2024-12-06-a-las-11.19.34_b72f9537.jpg\",\"datePublished\":\"2024-12-06T23:30:02+00:00\",\"breadcrumb\":{\"@id\":\"https:\/\/apuntesdesanluis.com\/index.php\/2024\/12\/06\/tres-personas-ilesas-tras-volcar-camioneta-en-la-autopista-de-las-serranias-puntanas\/#breadcrumb\"},\"inLanguage\":\"es-AR\",\"potentialAction\":[{\"@type\":\"ReadAction\",\"target\":[\"https:\/\/apuntesdesanluis.com\/index.php\/2024\/12\/06\/tres-personas-ilesas-tras-volcar-camioneta-en-la-autopista-de-las-serranias-puntanas\/\"]}]},{\"@type\":\"ImageObject\",\"inLanguage\":\"es-AR\",\"@id\":\"https:\/\/apuntesdesanluis.com\/index.php\/2024\/12\/06\/tres-personas-ilesas-tras-volcar-camioneta-en-la-autopista-de-las-serranias-puntanas\/#primaryimage\",\"url\":\"https:\/\/apuntesdesanluis.com\/wp-content\/uploads\/2024\/12\/Imagen-de-WhatsApp-2024-12-06-a-las-11.19.34_b72f9537.jpg\",\"contentUrl\":\"https:\/\/apuntesdesanluis.com\/wp-content\/uploads\/2024\/12\/Imagen-de-WhatsApp-2024-12-06-a-las-11.19.34_b72f9537.jpg\",\"width\":757,\"height\":480},{\"@type\":\"BreadcrumbList\",\"@id\":\"https:\/\/apuntesdesanluis.com\/index.php\/2024\/12\/06\/tres-personas-ilesas-tras-volcar-camioneta-en-la-autopista-de-las-serranias-puntanas\/#breadcrumb\",\"itemListElement\":[{\"@type\":\"ListItem\",\"position\":1,\"name\":\"Inicio\",\"item\":\"https:\/\/apuntesdesanluis.com\/\"},{\"@type\":\"ListItem\",\"position\":2,\"name\":\"TRES PERSONAS ILESAS TRAS VOLCAR CAMIONETA EN LA AUTOPISTA DE LAS SERRAN\u00cdAS PUNTANAS\"}]},{\"@type\":\"WebSite\",\"@id\":\"https:\/\/apuntesdesanluis.com\/#website\",\"url\":\"https:\/\/apuntesdesanluis.com\/\",\"name\":\"Apuntes de San Luis\",\"description\":\"\",\"publisher\":{\"@id\":\"https:\/\/apuntesdesanluis.com\/#\/schema\/person\/b55151d52296fcce64d1a72538a70b90\"},\"potentialAction\":[{\"@type\":\"SearchAction\",\"target\":{\"@type\":\"EntryPoint\",\"urlTemplate\":\"https:\/\/apuntesdesanluis.com\/?s={search_term_string}\"},\"query-input\":{\"@type\":\"PropertyValueSpecification\",\"valueRequired\":true,\"valueName\":\"search_term_string\"}}],\"inLanguage\":\"es-AR\"},{\"@type\":[\"Person\",\"Organization\"],\"@id\":\"https:\/\/apuntesdesanluis.com\/#\/schema\/person\/b55151d52296fcce64d1a72538a70b90\",\"name\":\"apuntesdesanluis.com\",\"image\":{\"@type\":\"ImageObject\",\"inLanguage\":\"es-AR\",\"@id\":\"https:\/\/apuntesdesanluis.com\/#\/schema\/person\/image\/\",\"url\":\"https:\/\/apuntesdesanluis.com\/wp-content\/uploads\/2023\/07\/cropped-apuntesdesanluis.png\",\"contentUrl\":\"https:\/\/apuntesdesanluis.com\/wp-content\/uploads\/2023\/07\/cropped-apuntesdesanluis.png\",\"width\":450,\"height\":112,\"caption\":\"apuntesdesanluis.com\"},\"logo\":{\"@id\":\"https:\/\/apuntesdesanluis.com\/#\/schema\/person\/image\/\"},\"sameAs\":[\"https:\/\/apuntesdesanluis.com\"],\"url\":\"https:\/\/apuntesdesanluis.com\/index.php\/author\/apuntesdesanluis-com\/\"}]}<\/script>\n<!-- \/ Yoast SEO plugin. -->","yoast_head_json":{"title":"TRES PERSONAS ILESAS TRAS VOLCAR CAMIONETA EN LA AUTOPISTA DE LAS SERRAN\u00cdAS PUNTANAS - Apuntes de San Luis","robots":{"index":"index","follow":"follow","max-snippet":"max-snippet:-1","max-image-preview":"max-image-preview:large","max-video-preview":"max-video-preview:-1"},"canonical":"https:\/\/apuntesdesanluis.com\/index.php\/2024\/12\/06\/tres-personas-ilesas-tras-volcar-camioneta-en-la-autopista-de-las-serranias-puntanas\/","og_locale":"es_ES","og_type":"article","og_title":"TRES PERSONAS ILESAS TRAS VOLCAR CAMIONETA EN LA AUTOPISTA DE LAS SERRAN\u00cdAS PUNTANAS - Apuntes de San Luis","og_description":"El accidente ocurri\u00f3 este jueves, alrededor de las 18:00, en el kil\u00f3metro 740, a unos...","og_url":"https:\/\/apuntesdesanluis.com\/index.php\/2024\/12\/06\/tres-personas-ilesas-tras-volcar-camioneta-en-la-autopista-de-las-serranias-puntanas\/","og_site_name":"Apuntes de San Luis","article_published_time":"2024-12-06T23:30:02+00:00","og_image":[{"width":757,"height":480,"url":"https:\/\/apuntesdesanluis.com\/wp-content\/uploads\/2024\/12\/Imagen-de-WhatsApp-2024-12-06-a-las-11.19.34_b72f9537.jpg","type":"image\/jpeg"}],"author":"apuntesdesanluis.com","twitter_card":"summary_large_image","twitter_misc":{"Escrito por":"apuntesdesanluis.com","Tiempo de lectura":"2 minutos"},"schema":{"@context":"https:\/\/schema.org","@graph":[{"@type":"Article","@id":"https:\/\/apuntesdesanluis.com\/index.php\/2024\/12\/06\/tres-personas-ilesas-tras-volcar-camioneta-en-la-autopista-de-las-serranias-puntanas\/#article","isPartOf":{"@id":"https:\/\/apuntesdesanluis.com\/index.php\/2024\/12\/06\/tres-personas-ilesas-tras-volcar-camioneta-en-la-autopista-de-las-serranias-puntanas\/"},"author":{"name":"apuntesdesanluis.com","@id":"https:\/\/apuntesdesanluis.com\/#\/schema\/person\/b55151d52296fcce64d1a72538a70b90"},"headline":"TRES PERSONAS ILESAS TRAS VOLCAR CAMIONETA EN LA AUTOPISTA DE LAS SERRAN\u00cdAS PUNTANAS","datePublished":"2024-12-06T23:30:02+00:00","mainEntityOfPage":{"@id":"https:\/\/apuntesdesanluis.com\/index.php\/2024\/12\/06\/tres-personas-ilesas-tras-volcar-camioneta-en-la-autopista-de-las-serranias-puntanas\/"},"wordCount":218,"publisher":{"@id":"https:\/\/apuntesdesanluis.com\/#\/schema\/person\/b55151d52296fcce64d1a72538a70b90"},"image":{"@id":"https:\/\/apuntesdesanluis.com\/index.php\/2024\/12\/06\/tres-personas-ilesas-tras-volcar-camioneta-en-la-autopista-de-las-serranias-puntanas\/#primaryimage"},"thumbnailUrl":"https:\/\/apuntesdesanluis.com\/wp-content\/uploads\/2024\/12\/Imagen-de-WhatsApp-2024-12-06-a-las-11.19.34_b72f9537.jpg","articleSection":["Ciudad\/Provincia"],"inLanguage":"es-AR"},{"@type":"WebPage","@id":"https:\/\/apuntesdesanluis.com\/index.php\/2024\/12\/06\/tres-personas-ilesas-tras-volcar-camioneta-en-la-autopista-de-las-serranias-puntanas\/","url":"https:\/\/apuntesdesanluis.com\/index.php\/2024\/12\/06\/tres-personas-ilesas-tras-volcar-camioneta-en-la-autopista-de-las-serranias-puntanas\/","name":"TRES PERSONAS ILESAS TRAS VOLCAR CAMIONETA EN LA AUTOPISTA DE LAS SERRAN\u00cdAS PUNTANAS - Apuntes de San Luis","isPartOf":{"@id":"https:\/\/apuntesdesanluis.com\/#website"},"primaryImageOfPage":{"@id":"https:\/\/apuntesdesanluis.com\/index.php\/2024\/12\/06\/tres-personas-ilesas-tras-volcar-camioneta-en-la-autopista-de-las-serranias-puntanas\/#primaryimage"},"image":{"@id":"https:\/\/apuntesdesanluis.com\/index.php\/2024\/12\/06\/tres-personas-ilesas-tras-volcar-camioneta-en-la-autopista-de-las-serranias-puntanas\/#primaryimage"},"thumbnailUrl":"https:\/\/apuntesdesanluis.com\/wp-content\/uploads\/2024\/12\/Imagen-de-WhatsApp-2024-12-06-a-las-11.19.34_b72f9537.jpg","datePublished":"2024-12-06T23:30:02+00:00","breadcrumb":{"@id":"https:\/\/apuntesdesanluis.com\/index.php\/2024\/12\/06\/tres-personas-ilesas-tras-volcar-camioneta-en-la-autopista-de-las-serranias-puntanas\/#breadcrumb"},"inLanguage":"es-AR","potentialAction":[{"@type":"ReadAction","target":["https:\/\/apuntesdesanluis.com\/index.php\/2024\/12\/06\/tres-personas-ilesas-tras-volcar-camioneta-en-la-autopista-de-las-serranias-puntanas\/"]}]},{"@type":"ImageObject","inLanguage":"es-AR","@id":"https:\/\/apuntesdesanluis.com\/index.php\/2024\/12\/06\/tres-personas-ilesas-tras-volcar-camioneta-en-la-autopista-de-las-serranias-puntanas\/#primaryimage","url":"https:\/\/apuntesdesanluis.com\/wp-content\/uploads\/2024\/12\/Imagen-de-WhatsApp-2024-12-06-a-las-11.19.34_b72f9537.jpg","contentUrl":"https:\/\/apuntesdesanluis.com\/wp-content\/uploads\/2024\/12\/Imagen-de-WhatsApp-2024-12-06-a-las-11.19.34_b72f9537.jpg","width":757,"height":480},{"@type":"BreadcrumbList","@id":"https:\/\/apuntesdesanluis.com\/index.php\/2024\/12\/06\/tres-personas-ilesas-tras-volcar-camioneta-en-la-autopista-de-las-serranias-puntanas\/#breadcrumb","itemListElement":[{"@type":"ListItem","position":1,"name":"Inicio","item":"https:\/\/apuntesdesanluis.com\/"},{"@type":"ListItem","position":2,"name":"TRES PERSONAS ILESAS TRAS VOLCAR CAMIONETA EN LA AUTOPISTA DE LAS SERRAN\u00cdAS PUNTANAS"}]},{"@type":"WebSite","@id":"https:\/\/apuntesdesanluis.com\/#website","url":"https:\/\/apuntesdesanluis.com\/","name":"Apuntes de San Luis","description":"","publisher":{"@id":"https:\/\/apuntesdesanluis.com\/#\/schema\/person\/b55151d52296fcce64d1a72538a70b90"},"potentialAction":[{"@type":"SearchAction","target":{"@type":"EntryPoint","urlTemplate":"https:\/\/apuntesdesanluis.com\/?s={search_term_string}"},"query-input":{"@type":"PropertyValueSpecification","valueRequired":true,"valueName":"search_term_string"}}],"inLanguage":"es-AR"},{"@type":["Person","Organization"],"@id":"https:\/\/apuntesdesanluis.com\/#\/schema\/person\/b55151d52296fcce64d1a72538a70b90","name":"apuntesdesanluis.com","image":{"@type":"ImageObject","inLanguage":"es-AR","@id":"https:\/\/apuntesdesanluis.com\/#\/schema\/person\/image\/","url":"https:\/\/apuntesdesanluis.com\/wp-content\/uploads\/2023\/07\/cropped-apuntesdesanluis.png","contentUrl":"https:\/\/apuntesdesanluis.com\/wp-content\/uploads\/2023\/07\/cropped-apuntesdesanluis.png","width":450,"height":112,"caption":"apuntesdesanluis.com"},"logo":{"@id":"https:\/\/apuntesdesanluis.com\/#\/schema\/person\/image\/"},"sameAs":["https:\/\/apuntesdesanluis.com"],"url":"https:\/\/apuntesdesanluis.com\/index.php\/author\/apuntesdesanluis-com\/"}]}},"featured_image_urls":{"full":["https:\/\/apuntesdesanluis.com\/wp-content\/uploads\/2024\/12\/Imagen-de-WhatsApp-2024-12-06-a-las-11.19.34_b72f9537.jpg",757,480,false],"thumbnail":["https:\/\/apuntesdesanluis.com\/wp-content\/uploads\/2024\/12\/Imagen-de-WhatsApp-2024-12-06-a-las-11.19.34_b72f9537-150x150.jpg",150,150,true],"medium":["https:\/\/apuntesdesanluis.com\/wp-content\/uploads\/2024\/12\/Imagen-de-WhatsApp-2024-12-06-a-las-11.19.34_b72f9537-300x190.jpg",300,190,true],"medium_large":["https:\/\/apuntesdesanluis.com\/wp-content\/uploads\/2024\/12\/Imagen-de-WhatsApp-2024-12-06-a-las-11.19.34_b72f9537.jpg",640,406,false],"large":["https:\/\/apuntesdesanluis.com\/wp-content\/uploads\/2024\/12\/Imagen-de-WhatsApp-2024-12-06-a-las-11.19.34_b72f9537.jpg",640,406,false],"1536x1536":["https:\/\/apuntesdesanluis.com\/wp-content\/uploads\/2024\/12\/Imagen-de-WhatsApp-2024-12-06-a-las-11.19.34_b72f9537.jpg",757,480,false],"2048x2048":["https:\/\/apuntesdesanluis.com\/wp-content\/uploads\/2024\/12\/Imagen-de-WhatsApp-2024-12-06-a-las-11.19.34_b72f9537.jpg",757,480,false],"newsever-slider-full":["https:\/\/apuntesdesanluis.com\/wp-content\/uploads\/2024\/12\/Imagen-de-WhatsApp-2024-12-06-a-las-11.19.34_b72f9537.jpg",757,480,false],"newsever-featured":["https:\/\/apuntesdesanluis.com\/wp-content\/uploads\/2024\/12\/Imagen-de-WhatsApp-2024-12-06-a-las-11.19.34_b72f9537.jpg",757,480,false],"newsever-medium":["https:\/\/apuntesdesanluis.com\/wp-content\/uploads\/2024\/12\/Imagen-de-WhatsApp-2024-12-06-a-las-11.19.34_b72f9537-720x475.jpg",720,475,true]},"author_info":{"display_name":"apuntesdesanluis.com","author_link":"https:\/\/apuntesdesanluis.com\/index.php\/author\/apuntesdesanluis-com\/"},"category_info":"<a href=\"https:\/\/apuntesdesanluis.com\/index.php\/category\/ciudad-provincia\/\" rel=\"category tag\">Ciudad\/Provincia<\/a>","tag_info":"Ciudad\/Provincia","comment_count":"0","_links":{"self":[{"href":"https:\/\/apuntesdesanluis.com\/index.php\/wp-json\/wp\/v2\/posts\/26319","targetHints":{"allow":["GET"]}}],"collection":[{"href":"https:\/\/apuntesdesanluis.com\/index.php\/wp-json\/wp\/v2\/posts"}],"about":[{"href":"https:\/\/apuntesdesanluis.com\/index.php\/wp-json\/wp\/v2\/types\/post"}],"author":[{"embeddable":true,"href":"https:\/\/apuntesdesanluis.com\/index.php\/wp-json\/wp\/v2\/users\/1"}],"replies":[{"embeddable":true,"href":"https:\/\/apuntesdesanluis.com\/index.php\/wp-json\/wp\/v2\/comments?post=26319"}],"version-history":[{"count":1,"href":"https:\/\/apuntesdesanluis.com\/index.php\/wp-json\/wp\/v2\/posts\/26319\/revisions"}],"predecessor-version":[{"id":26321,"href":"https:\/\/apuntesdesanluis.com\/index.php\/wp-json\/wp\/v2\/posts\/26319\/revisions\/26321"}],"wp:featuredmedia":[{"embeddable":true,"href":"https:\/\/apuntesdesanluis.com\/index.php\/wp-json\/wp\/v2\/media\/26320"}],"wp:attachment":[{"href":"https:\/\/apuntesdesanluis.com\/index.php\/wp-json\/wp\/v2\/media?parent=26319"}],"wp:term":[{"taxonomy":"category","embeddable":true,"href":"https:\/\/apuntesdesanluis.com\/index.php\/wp-json\/wp\/v2\/categories?post=26319"},{"taxonomy":"post_tag","embeddable":true,"href":"https:\/\/apuntesdesanluis.com\/index.php\/wp-json\/wp\/v2\/tags?post=26319"}],"curies":[{"name":"wp","href":"https:\/\/api.w.org\/{rel}","templated":true}]}}