{"id":2632,"date":"2023-09-04T13:34:55","date_gmt":"2023-09-04T16:34:55","guid":{"rendered":"https:\/\/apuntesdesanluis.com\/?p=2632"},"modified":"2023-09-04T13:35:15","modified_gmt":"2023-09-04T16:35:15","slug":"tres-hombres-detenidos-por-el-robo-a-una-heladeria-de-villa-mercedes","status":"publish","type":"post","link":"https:\/\/apuntesdesanluis.com\/index.php\/2023\/09\/04\/tres-hombres-detenidos-por-el-robo-a-una-heladeria-de-villa-mercedes\/","title":{"rendered":"TRES HOMBRES DETENIDOS POR EL ROBO A UNA HELADER\u00cdA DE VILLA MERCEDES"},"content":{"rendered":"<h3>Les formularon cargos por el delito de robo en poblado y en banda y les concedieron una pr\u00f3rroga de detenci\u00f3n de 4 d\u00edas solicitada por la defensa.<\/h3>\n<h3>Este lunes se desarroll\u00f3 la audiencia de formulaci\u00f3n de cargos en el Juzgado de Garant\u00eda N\u00ba 3 de la Segunda Circunscripci\u00f3n Judicial, a cargo de la Dra. Mirta Ucelay de Garciarena.<\/h3>\n<h3>El hecho por el que est\u00e1n detenidos los tres hombres ocurri\u00f3 el pasado domingo 3 de septiembre a la madrugada \u2013alrededor de las 3 am-. Los imputados habr\u00edan forzado las trabas de la puerta de una helader\u00eda \u2013ubicada en Av. Mitre casi San Juan- para poder ingresar. Una vez adentro se apoderaron de una caja registradora que conten\u00eda $3880 y un posnet.<\/h3>\n<h3>Fueron descubiertos a pocas cuadras del lugar por personal policial quienes advirtieron que estas personas llevaban una caja de seguridad. La fiscal\u00eda formul\u00f3 cargos por el delito de robo en poblado y en banda en calidad de co autores.<\/h3>\n<h3>Los tres imputados se abstuvieron de declarar. La defensa hizo reserva de cuestionar la calificaci\u00f3n legal y plante\u00f3 la posibilidad de una soluci\u00f3n alternativa. Ambas defensas solicitaron una pr\u00f3rroga de detenci\u00f3n de 4 d\u00edas.<\/h3>\n<h3>La Dra. Ucelay consider\u00f3 que los indicios expuestos por fiscal\u00eda son para considerar la conducta de los tres imputados y admiti\u00f3 de manera provisoria los cargos por el delito de robo en poblado y en banda en calidad de co autores. Por otro lado, concedi\u00f3 la pr\u00f3rroga de detenci\u00f3n por cuatros d\u00edas.<\/h3>\n<h3>En representaci\u00f3n del Ministerio P\u00fablico Fiscal intervinieron los fiscales adjuntos, Dres. Gisela Milstein y Gast\u00f3n Yllera. La defensa de dos de los imputados fue representada por el Dr. Hern\u00e1n Herrera \u2013Defensor Oficial- y la Dra. Mar\u00eda Laura Fornero \u2013Defensora Adjunta-. En representaci\u00f3n del otro imputado intervino el Dr. Emanuel Correa Otaz\u00fa.<\/h3>\n","protected":false},"excerpt":{"rendered":"<p>Les formularon cargos por el delito de robo en poblado y en banda y les&#8230;<\/p>\n","protected":false},"author":1,"featured_media":2633,"comment_status":"closed","ping_status":"closed","sticky":false,"template":"","format":"standard","meta":{"footnotes":""},"categories":[6],"tags":[],"class_list":["post-2632","post","type-post","status-publish","format-standard","has-post-thumbnail","hentry","category-ciudad-provincia"],"yoast_head":"<!-- This site is optimized with the Yoast SEO plugin v26.1.1 - https:\/\/yoast.com\/wordpress\/plugins\/seo\/ -->\n<title>TRES HOMBRES DETENIDOS POR EL ROBO A UNA HELADER\u00cdA DE VILLA MERCEDES - Apuntes de San Luis<\/title>\n<meta name=\"robots\" content=\"index, follow, max-snippet:-1, max-image-preview:large, max-video-preview:-1\" \/>\n<link rel=\"canonical\" href=\"https:\/\/apuntesdesanluis.com\/index.php\/2023\/09\/04\/tres-hombres-detenidos-por-el-robo-a-una-heladeria-de-villa-mercedes\/\" \/>\n<meta property=\"og:locale\" content=\"es_ES\" \/>\n<meta property=\"og:type\" content=\"article\" \/>\n<meta property=\"og:title\" content=\"TRES HOMBRES DETENIDOS POR EL ROBO A UNA HELADER\u00cdA DE VILLA MERCEDES - Apuntes de San Luis\" \/>\n<meta property=\"og:description\" content=\"Les formularon cargos por el delito de robo en poblado y en banda y les...\" \/>\n<meta property=\"og:url\" content=\"https:\/\/apuntesdesanluis.com\/index.php\/2023\/09\/04\/tres-hombres-detenidos-por-el-robo-a-una-heladeria-de-villa-mercedes\/\" \/>\n<meta property=\"og:site_name\" content=\"Apuntes de San Luis\" \/>\n<meta property=\"article:published_time\" content=\"2023-09-04T16:34:55+00:00\" \/>\n<meta property=\"article:modified_time\" content=\"2023-09-04T16:35:15+00:00\" \/>\n<meta property=\"og:image\" content=\"https:\/\/apuntesdesanluis.com\/wp-content\/uploads\/2023\/09\/audiencia.png\" \/>\n\t<meta property=\"og:image:width\" content=\"648\" \/>\n\t<meta property=\"og:image:height\" content=\"427\" \/>\n\t<meta property=\"og:image:type\" content=\"image\/png\" \/>\n<meta name=\"author\" content=\"apuntesdesanluis.com\" \/>\n<meta name=\"twitter:card\" content=\"summary_large_image\" \/>\n<meta name=\"twitter:label1\" content=\"Escrito por\" \/>\n\t<meta name=\"twitter:data1\" content=\"apuntesdesanluis.com\" \/>\n\t<meta name=\"twitter:label2\" content=\"Tiempo de lectura\" \/>\n\t<meta name=\"twitter:data2\" content=\"2 minutos\" \/>\n<script type=\"application\/ld+json\" class=\"yoast-schema-graph\">{\"@context\":\"https:\/\/schema.org\",\"@graph\":[{\"@type\":\"Article\",\"@id\":\"https:\/\/apuntesdesanluis.com\/index.php\/2023\/09\/04\/tres-hombres-detenidos-por-el-robo-a-una-heladeria-de-villa-mercedes\/#article\",\"isPartOf\":{\"@id\":\"https:\/\/apuntesdesanluis.com\/index.php\/2023\/09\/04\/tres-hombres-detenidos-por-el-robo-a-una-heladeria-de-villa-mercedes\/\"},\"author\":{\"name\":\"apuntesdesanluis.com\",\"@id\":\"https:\/\/apuntesdesanluis.com\/#\/schema\/person\/b55151d52296fcce64d1a72538a70b90\"},\"headline\":\"TRES HOMBRES DETENIDOS POR EL ROBO A UNA HELADER\u00cdA DE VILLA MERCEDES\",\"datePublished\":\"2023-09-04T16:34:55+00:00\",\"dateModified\":\"2023-09-04T16:35:15+00:00\",\"mainEntityOfPage\":{\"@id\":\"https:\/\/apuntesdesanluis.com\/index.php\/2023\/09\/04\/tres-hombres-detenidos-por-el-robo-a-una-heladeria-de-villa-mercedes\/\"},\"wordCount\":329,\"publisher\":{\"@id\":\"https:\/\/apuntesdesanluis.com\/#\/schema\/person\/b55151d52296fcce64d1a72538a70b90\"},\"image\":{\"@id\":\"https:\/\/apuntesdesanluis.com\/index.php\/2023\/09\/04\/tres-hombres-detenidos-por-el-robo-a-una-heladeria-de-villa-mercedes\/#primaryimage\"},\"thumbnailUrl\":\"https:\/\/apuntesdesanluis.com\/wp-content\/uploads\/2023\/09\/audiencia.png\",\"articleSection\":[\"Ciudad\/Provincia\"],\"inLanguage\":\"es-AR\"},{\"@type\":\"WebPage\",\"@id\":\"https:\/\/apuntesdesanluis.com\/index.php\/2023\/09\/04\/tres-hombres-detenidos-por-el-robo-a-una-heladeria-de-villa-mercedes\/\",\"url\":\"https:\/\/apuntesdesanluis.com\/index.php\/2023\/09\/04\/tres-hombres-detenidos-por-el-robo-a-una-heladeria-de-villa-mercedes\/\",\"name\":\"TRES HOMBRES DETENIDOS POR EL ROBO A UNA HELADER\u00cdA DE VILLA MERCEDES - Apuntes de San Luis\",\"isPartOf\":{\"@id\":\"https:\/\/apuntesdesanluis.com\/#website\"},\"primaryImageOfPage\":{\"@id\":\"https:\/\/apuntesdesanluis.com\/index.php\/2023\/09\/04\/tres-hombres-detenidos-por-el-robo-a-una-heladeria-de-villa-mercedes\/#primaryimage\"},\"image\":{\"@id\":\"https:\/\/apuntesdesanluis.com\/index.php\/2023\/09\/04\/tres-hombres-detenidos-por-el-robo-a-una-heladeria-de-villa-mercedes\/#primaryimage\"},\"thumbnailUrl\":\"https:\/\/apuntesdesanluis.com\/wp-content\/uploads\/2023\/09\/audiencia.png\",\"datePublished\":\"2023-09-04T16:34:55+00:00\",\"dateModified\":\"2023-09-04T16:35:15+00:00\",\"breadcrumb\":{\"@id\":\"https:\/\/apuntesdesanluis.com\/index.php\/2023\/09\/04\/tres-hombres-detenidos-por-el-robo-a-una-heladeria-de-villa-mercedes\/#breadcrumb\"},\"inLanguage\":\"es-AR\",\"potentialAction\":[{\"@type\":\"ReadAction\",\"target\":[\"https:\/\/apuntesdesanluis.com\/index.php\/2023\/09\/04\/tres-hombres-detenidos-por-el-robo-a-una-heladeria-de-villa-mercedes\/\"]}]},{\"@type\":\"ImageObject\",\"inLanguage\":\"es-AR\",\"@id\":\"https:\/\/apuntesdesanluis.com\/index.php\/2023\/09\/04\/tres-hombres-detenidos-por-el-robo-a-una-heladeria-de-villa-mercedes\/#primaryimage\",\"url\":\"https:\/\/apuntesdesanluis.com\/wp-content\/uploads\/2023\/09\/audiencia.png\",\"contentUrl\":\"https:\/\/apuntesdesanluis.com\/wp-content\/uploads\/2023\/09\/audiencia.png\",\"width\":648,\"height\":427},{\"@type\":\"BreadcrumbList\",\"@id\":\"https:\/\/apuntesdesanluis.com\/index.php\/2023\/09\/04\/tres-hombres-detenidos-por-el-robo-a-una-heladeria-de-villa-mercedes\/#breadcrumb\",\"itemListElement\":[{\"@type\":\"ListItem\",\"position\":1,\"name\":\"Inicio\",\"item\":\"https:\/\/apuntesdesanluis.com\/\"},{\"@type\":\"ListItem\",\"position\":2,\"name\":\"TRES HOMBRES DETENIDOS POR EL ROBO A UNA HELADER\u00cdA DE VILLA MERCEDES\"}]},{\"@type\":\"WebSite\",\"@id\":\"https:\/\/apuntesdesanluis.com\/#website\",\"url\":\"https:\/\/apuntesdesanluis.com\/\",\"name\":\"Apuntes de San Luis\",\"description\":\"\",\"publisher\":{\"@id\":\"https:\/\/apuntesdesanluis.com\/#\/schema\/person\/b55151d52296fcce64d1a72538a70b90\"},\"potentialAction\":[{\"@type\":\"SearchAction\",\"target\":{\"@type\":\"EntryPoint\",\"urlTemplate\":\"https:\/\/apuntesdesanluis.com\/?s={search_term_string}\"},\"query-input\":{\"@type\":\"PropertyValueSpecification\",\"valueRequired\":true,\"valueName\":\"search_term_string\"}}],\"inLanguage\":\"es-AR\"},{\"@type\":[\"Person\",\"Organization\"],\"@id\":\"https:\/\/apuntesdesanluis.com\/#\/schema\/person\/b55151d52296fcce64d1a72538a70b90\",\"name\":\"apuntesdesanluis.com\",\"image\":{\"@type\":\"ImageObject\",\"inLanguage\":\"es-AR\",\"@id\":\"https:\/\/apuntesdesanluis.com\/#\/schema\/person\/image\/\",\"url\":\"https:\/\/apuntesdesanluis.com\/wp-content\/uploads\/2023\/07\/cropped-apuntesdesanluis.png\",\"contentUrl\":\"https:\/\/apuntesdesanluis.com\/wp-content\/uploads\/2023\/07\/cropped-apuntesdesanluis.png\",\"width\":450,\"height\":112,\"caption\":\"apuntesdesanluis.com\"},\"logo\":{\"@id\":\"https:\/\/apuntesdesanluis.com\/#\/schema\/person\/image\/\"},\"sameAs\":[\"https:\/\/apuntesdesanluis.com\"],\"url\":\"https:\/\/apuntesdesanluis.com\/index.php\/author\/apuntesdesanluis-com\/\"}]}<\/script>\n<!-- \/ Yoast SEO plugin. -->","yoast_head_json":{"title":"TRES HOMBRES DETENIDOS POR EL ROBO A UNA HELADER\u00cdA DE VILLA MERCEDES - Apuntes de San Luis","robots":{"index":"index","follow":"follow","max-snippet":"max-snippet:-1","max-image-preview":"max-image-preview:large","max-video-preview":"max-video-preview:-1"},"canonical":"https:\/\/apuntesdesanluis.com\/index.php\/2023\/09\/04\/tres-hombres-detenidos-por-el-robo-a-una-heladeria-de-villa-mercedes\/","og_locale":"es_ES","og_type":"article","og_title":"TRES HOMBRES DETENIDOS POR EL ROBO A UNA HELADER\u00cdA DE VILLA MERCEDES - Apuntes de San Luis","og_description":"Les formularon cargos por el delito de robo en poblado y en banda y les...","og_url":"https:\/\/apuntesdesanluis.com\/index.php\/2023\/09\/04\/tres-hombres-detenidos-por-el-robo-a-una-heladeria-de-villa-mercedes\/","og_site_name":"Apuntes de San Luis","article_published_time":"2023-09-04T16:34:55+00:00","article_modified_time":"2023-09-04T16:35:15+00:00","og_image":[{"width":648,"height":427,"url":"https:\/\/apuntesdesanluis.com\/wp-content\/uploads\/2023\/09\/audiencia.png","type":"image\/png"}],"author":"apuntesdesanluis.com","twitter_card":"summary_large_image","twitter_misc":{"Escrito por":"apuntesdesanluis.com","Tiempo de lectura":"2 minutos"},"schema":{"@context":"https:\/\/schema.org","@graph":[{"@type":"Article","@id":"https:\/\/apuntesdesanluis.com\/index.php\/2023\/09\/04\/tres-hombres-detenidos-por-el-robo-a-una-heladeria-de-villa-mercedes\/#article","isPartOf":{"@id":"https:\/\/apuntesdesanluis.com\/index.php\/2023\/09\/04\/tres-hombres-detenidos-por-el-robo-a-una-heladeria-de-villa-mercedes\/"},"author":{"name":"apuntesdesanluis.com","@id":"https:\/\/apuntesdesanluis.com\/#\/schema\/person\/b55151d52296fcce64d1a72538a70b90"},"headline":"TRES HOMBRES DETENIDOS POR EL ROBO A UNA HELADER\u00cdA DE VILLA MERCEDES","datePublished":"2023-09-04T16:34:55+00:00","dateModified":"2023-09-04T16:35:15+00:00","mainEntityOfPage":{"@id":"https:\/\/apuntesdesanluis.com\/index.php\/2023\/09\/04\/tres-hombres-detenidos-por-el-robo-a-una-heladeria-de-villa-mercedes\/"},"wordCount":329,"publisher":{"@id":"https:\/\/apuntesdesanluis.com\/#\/schema\/person\/b55151d52296fcce64d1a72538a70b90"},"image":{"@id":"https:\/\/apuntesdesanluis.com\/index.php\/2023\/09\/04\/tres-hombres-detenidos-por-el-robo-a-una-heladeria-de-villa-mercedes\/#primaryimage"},"thumbnailUrl":"https:\/\/apuntesdesanluis.com\/wp-content\/uploads\/2023\/09\/audiencia.png","articleSection":["Ciudad\/Provincia"],"inLanguage":"es-AR"},{"@type":"WebPage","@id":"https:\/\/apuntesdesanluis.com\/index.php\/2023\/09\/04\/tres-hombres-detenidos-por-el-robo-a-una-heladeria-de-villa-mercedes\/","url":"https:\/\/apuntesdesanluis.com\/index.php\/2023\/09\/04\/tres-hombres-detenidos-por-el-robo-a-una-heladeria-de-villa-mercedes\/","name":"TRES HOMBRES DETENIDOS POR EL ROBO A UNA HELADER\u00cdA DE VILLA MERCEDES - Apuntes de San Luis","isPartOf":{"@id":"https:\/\/apuntesdesanluis.com\/#website"},"primaryImageOfPage":{"@id":"https:\/\/apuntesdesanluis.com\/index.php\/2023\/09\/04\/tres-hombres-detenidos-por-el-robo-a-una-heladeria-de-villa-mercedes\/#primaryimage"},"image":{"@id":"https:\/\/apuntesdesanluis.com\/index.php\/2023\/09\/04\/tres-hombres-detenidos-por-el-robo-a-una-heladeria-de-villa-mercedes\/#primaryimage"},"thumbnailUrl":"https:\/\/apuntesdesanluis.com\/wp-content\/uploads\/2023\/09\/audiencia.png","datePublished":"2023-09-04T16:34:55+00:00","dateModified":"2023-09-04T16:35:15+00:00","breadcrumb":{"@id":"https:\/\/apuntesdesanluis.com\/index.php\/2023\/09\/04\/tres-hombres-detenidos-por-el-robo-a-una-heladeria-de-villa-mercedes\/#breadcrumb"},"inLanguage":"es-AR","potentialAction":[{"@type":"ReadAction","target":["https:\/\/apuntesdesanluis.com\/index.php\/2023\/09\/04\/tres-hombres-detenidos-por-el-robo-a-una-heladeria-de-villa-mercedes\/"]}]},{"@type":"ImageObject","inLanguage":"es-AR","@id":"https:\/\/apuntesdesanluis.com\/index.php\/2023\/09\/04\/tres-hombres-detenidos-por-el-robo-a-una-heladeria-de-villa-mercedes\/#primaryimage","url":"https:\/\/apuntesdesanluis.com\/wp-content\/uploads\/2023\/09\/audiencia.png","contentUrl":"https:\/\/apuntesdesanluis.com\/wp-content\/uploads\/2023\/09\/audiencia.png","width":648,"height":427},{"@type":"BreadcrumbList","@id":"https:\/\/apuntesdesanluis.com\/index.php\/2023\/09\/04\/tres-hombres-detenidos-por-el-robo-a-una-heladeria-de-villa-mercedes\/#breadcrumb","itemListElement":[{"@type":"ListItem","position":1,"name":"Inicio","item":"https:\/\/apuntesdesanluis.com\/"},{"@type":"ListItem","position":2,"name":"TRES HOMBRES DETENIDOS POR EL ROBO A UNA HELADER\u00cdA DE VILLA MERCEDES"}]},{"@type":"WebSite","@id":"https:\/\/apuntesdesanluis.com\/#website","url":"https:\/\/apuntesdesanluis.com\/","name":"Apuntes de San Luis","description":"","publisher":{"@id":"https:\/\/apuntesdesanluis.com\/#\/schema\/person\/b55151d52296fcce64d1a72538a70b90"},"potentialAction":[{"@type":"SearchAction","target":{"@type":"EntryPoint","urlTemplate":"https:\/\/apuntesdesanluis.com\/?s={search_term_string}"},"query-input":{"@type":"PropertyValueSpecification","valueRequired":true,"valueName":"search_term_string"}}],"inLanguage":"es-AR"},{"@type":["Person","Organization"],"@id":"https:\/\/apuntesdesanluis.com\/#\/schema\/person\/b55151d52296fcce64d1a72538a70b90","name":"apuntesdesanluis.com","image":{"@type":"ImageObject","inLanguage":"es-AR","@id":"https:\/\/apuntesdesanluis.com\/#\/schema\/person\/image\/","url":"https:\/\/apuntesdesanluis.com\/wp-content\/uploads\/2023\/07\/cropped-apuntesdesanluis.png","contentUrl":"https:\/\/apuntesdesanluis.com\/wp-content\/uploads\/2023\/07\/cropped-apuntesdesanluis.png","width":450,"height":112,"caption":"apuntesdesanluis.com"},"logo":{"@id":"https:\/\/apuntesdesanluis.com\/#\/schema\/person\/image\/"},"sameAs":["https:\/\/apuntesdesanluis.com"],"url":"https:\/\/apuntesdesanluis.com\/index.php\/author\/apuntesdesanluis-com\/"}]}},"featured_image_urls":{"full":["https:\/\/apuntesdesanluis.com\/wp-content\/uploads\/2023\/09\/audiencia.png",648,427,false],"thumbnail":["https:\/\/apuntesdesanluis.com\/wp-content\/uploads\/2023\/09\/audiencia-150x150.png",150,150,true],"medium":["https:\/\/apuntesdesanluis.com\/wp-content\/uploads\/2023\/09\/audiencia-300x198.png",300,198,true],"medium_large":["https:\/\/apuntesdesanluis.com\/wp-content\/uploads\/2023\/09\/audiencia.png",640,422,false],"large":["https:\/\/apuntesdesanluis.com\/wp-content\/uploads\/2023\/09\/audiencia.png",640,422,false],"1536x1536":["https:\/\/apuntesdesanluis.com\/wp-content\/uploads\/2023\/09\/audiencia.png",648,427,false],"2048x2048":["https:\/\/apuntesdesanluis.com\/wp-content\/uploads\/2023\/09\/audiencia.png",648,427,false],"newsever-slider-full":["https:\/\/apuntesdesanluis.com\/wp-content\/uploads\/2023\/09\/audiencia.png",648,427,false],"newsever-featured":["https:\/\/apuntesdesanluis.com\/wp-content\/uploads\/2023\/09\/audiencia.png",648,427,false],"newsever-medium":["https:\/\/apuntesdesanluis.com\/wp-content\/uploads\/2023\/09\/audiencia.png",648,427,false]},"author_info":{"display_name":"apuntesdesanluis.com","author_link":"https:\/\/apuntesdesanluis.com\/index.php\/author\/apuntesdesanluis-com\/"},"category_info":"<a href=\"https:\/\/apuntesdesanluis.com\/index.php\/category\/ciudad-provincia\/\" rel=\"category tag\">Ciudad\/Provincia<\/a>","tag_info":"Ciudad\/Provincia","comment_count":"0","_links":{"self":[{"href":"https:\/\/apuntesdesanluis.com\/index.php\/wp-json\/wp\/v2\/posts\/2632","targetHints":{"allow":["GET"]}}],"collection":[{"href":"https:\/\/apuntesdesanluis.com\/index.php\/wp-json\/wp\/v2\/posts"}],"about":[{"href":"https:\/\/apuntesdesanluis.com\/index.php\/wp-json\/wp\/v2\/types\/post"}],"author":[{"embeddable":true,"href":"https:\/\/apuntesdesanluis.com\/index.php\/wp-json\/wp\/v2\/users\/1"}],"replies":[{"embeddable":true,"href":"https:\/\/apuntesdesanluis.com\/index.php\/wp-json\/wp\/v2\/comments?post=2632"}],"version-history":[{"count":2,"href":"https:\/\/apuntesdesanluis.com\/index.php\/wp-json\/wp\/v2\/posts\/2632\/revisions"}],"predecessor-version":[{"id":2635,"href":"https:\/\/apuntesdesanluis.com\/index.php\/wp-json\/wp\/v2\/posts\/2632\/revisions\/2635"}],"wp:featuredmedia":[{"embeddable":true,"href":"https:\/\/apuntesdesanluis.com\/index.php\/wp-json\/wp\/v2\/media\/2633"}],"wp:attachment":[{"href":"https:\/\/apuntesdesanluis.com\/index.php\/wp-json\/wp\/v2\/media?parent=2632"}],"wp:term":[{"taxonomy":"category","embeddable":true,"href":"https:\/\/apuntesdesanluis.com\/index.php\/wp-json\/wp\/v2\/categories?post=2632"},{"taxonomy":"post_tag","embeddable":true,"href":"https:\/\/apuntesdesanluis.com\/index.php\/wp-json\/wp\/v2\/tags?post=2632"}],"curies":[{"name":"wp","href":"https:\/\/api.w.org\/{rel}","templated":true}]}}