{"id":26322,"date":"2024-12-06T20:41:33","date_gmt":"2024-12-06T23:41:33","guid":{"rendered":"https:\/\/apuntesdesanluis.com\/?p=26322"},"modified":"2024-12-07T10:07:53","modified_gmt":"2024-12-07T13:07:53","slug":"imputan-al-secretario-general-de-los-graficos-por-retencion-indebida-de-fondos","status":"publish","type":"post","link":"https:\/\/apuntesdesanluis.com\/index.php\/2024\/12\/06\/imputan-al-secretario-general-de-los-graficos-por-retencion-indebida-de-fondos\/","title":{"rendered":"IMPUTAN AL SECRETARIO GENERAL DE LOS GR\u00c1FICOS POR RETENCI\u00d3N INDEBIDA DE FONDOS"},"content":{"rendered":"<h3>El Secretario General del Sindicato Gr\u00e1fico de San Luis, <strong>Fausto Rosales<\/strong>, qued\u00f3 imputado bajo la figura de administraci\u00f3n fraudulenta y retenci\u00f3n indebida (art\u00edculo 173, inciso 2\u00b0, del C\u00f3digo Penal), delito que castiga el desv\u00edo de recursos destinados a un fin espec\u00edfico, todo en concurso real.<\/h3>\n<h3>Este jueves, la jueza de Garant\u00eda N\u00b0 2, Mar\u00eda Agustina Dopazo Samper, dio por formulados cargos contra el dirigente sindical y orden\u00f3, como medida coercitiva, la firma del Libro de Procesados.<\/h3>\n<h3>Rosales, enfrenta acusaciones por presunta apropiaci\u00f3n indebida de fondos destinados a la Federaci\u00f3n Argentina de Trabajadores de la Imprenta, Diarios Digitales y Afines (FATIDA). Seg\u00fan la denuncia, los fondos, que suman un total de $1.238.804,07, fueron depositados en la cuenta del sindicato por la empresa Auflex, en cumplimiento del convenio colectivo de trabajo 409\/05, pero no fueron rendidos a FATIDA como correspond\u00eda.<\/h3>\n<h3>\u201cEl aqu\u00ed imputado se apropi\u00f3 indebidamente de los fondos que fueron depositados en la cuenta del sindicato Gr\u00e1fico por la empresa Auflex que deb\u00eda estar destinada a FATIDA seg\u00fan convenio colectivo de trabajo 409\/05. Que al no haber rendido cuenta de los montos devengados en los t\u00e9rminos del Convenio Colectivo de Trabajo, correspondientes a los periodos 2016, 2017, 2019 y 2020, y habiendo sido intimado fehacientemente por FATIDA, el Rosales rechaz\u00f3 la intimaci\u00f3n y reconoci\u00f3 el dep\u00f3sito de dichos fondos en la cuenta del sindicato, planteando la prescripci\u00f3n del reclamo\u201d, explic\u00f3 el fiscal de Instrucci\u00f3n N\u00b0 3, Esteban Roche.<\/h3>\n<p>&nbsp;<\/p>\n<p>&nbsp;<\/p>\n<p>&nbsp;<\/p>\n<p>&nbsp;<\/p>\n","protected":false},"excerpt":{"rendered":"<p>El Secretario General del Sindicato Gr\u00e1fico de San Luis, Fausto Rosales, qued\u00f3 imputado bajo la&#8230;<\/p>\n","protected":false},"author":1,"featured_media":26331,"comment_status":"closed","ping_status":"closed","sticky":false,"template":"","format":"standard","meta":{"footnotes":""},"categories":[6],"tags":[],"class_list":["post-26322","post","type-post","status-publish","format-standard","has-post-thumbnail","hentry","category-ciudad-provincia"],"yoast_head":"<!-- This site is optimized with the Yoast SEO plugin v26.1.1 - https:\/\/yoast.com\/wordpress\/plugins\/seo\/ -->\n<title>IMPUTAN AL SECRETARIO GENERAL DE LOS GR\u00c1FICOS POR RETENCI\u00d3N INDEBIDA DE FONDOS - Apuntes de San Luis<\/title>\n<meta name=\"robots\" content=\"index, follow, max-snippet:-1, max-image-preview:large, max-video-preview:-1\" \/>\n<link rel=\"canonical\" href=\"https:\/\/apuntesdesanluis.com\/index.php\/2024\/12\/06\/imputan-al-secretario-general-de-los-graficos-por-retencion-indebida-de-fondos\/\" \/>\n<meta property=\"og:locale\" content=\"es_ES\" \/>\n<meta property=\"og:type\" content=\"article\" \/>\n<meta property=\"og:title\" content=\"IMPUTAN AL SECRETARIO GENERAL DE LOS GR\u00c1FICOS POR RETENCI\u00d3N INDEBIDA DE FONDOS - Apuntes de San Luis\" \/>\n<meta property=\"og:description\" content=\"El Secretario General del Sindicato Gr\u00e1fico de San Luis, Fausto Rosales, qued\u00f3 imputado bajo la...\" \/>\n<meta property=\"og:url\" content=\"https:\/\/apuntesdesanluis.com\/index.php\/2024\/12\/06\/imputan-al-secretario-general-de-los-graficos-por-retencion-indebida-de-fondos\/\" \/>\n<meta property=\"og:site_name\" content=\"Apuntes de San Luis\" \/>\n<meta property=\"article:published_time\" content=\"2024-12-06T23:41:33+00:00\" \/>\n<meta property=\"article:modified_time\" content=\"2024-12-07T13:07:53+00:00\" \/>\n<meta property=\"og:image\" content=\"https:\/\/apuntesdesanluis.com\/wp-content\/uploads\/2024\/12\/faustino-rosales.png\" \/>\n\t<meta property=\"og:image:width\" content=\"884\" \/>\n\t<meta property=\"og:image:height\" content=\"649\" \/>\n\t<meta property=\"og:image:type\" content=\"image\/png\" \/>\n<meta name=\"author\" content=\"apuntesdesanluis.com\" \/>\n<meta name=\"twitter:card\" content=\"summary_large_image\" \/>\n<meta name=\"twitter:label1\" content=\"Escrito por\" \/>\n\t<meta name=\"twitter:data1\" content=\"apuntesdesanluis.com\" \/>\n\t<meta name=\"twitter:label2\" content=\"Tiempo de lectura\" \/>\n\t<meta name=\"twitter:data2\" content=\"2 minutos\" \/>\n<script type=\"application\/ld+json\" class=\"yoast-schema-graph\">{\"@context\":\"https:\/\/schema.org\",\"@graph\":[{\"@type\":\"Article\",\"@id\":\"https:\/\/apuntesdesanluis.com\/index.php\/2024\/12\/06\/imputan-al-secretario-general-de-los-graficos-por-retencion-indebida-de-fondos\/#article\",\"isPartOf\":{\"@id\":\"https:\/\/apuntesdesanluis.com\/index.php\/2024\/12\/06\/imputan-al-secretario-general-de-los-graficos-por-retencion-indebida-de-fondos\/\"},\"author\":{\"name\":\"apuntesdesanluis.com\",\"@id\":\"https:\/\/apuntesdesanluis.com\/#\/schema\/person\/b55151d52296fcce64d1a72538a70b90\"},\"headline\":\"IMPUTAN AL SECRETARIO GENERAL DE LOS GR\u00c1FICOS POR RETENCI\u00d3N INDEBIDA DE FONDOS\",\"datePublished\":\"2024-12-06T23:41:33+00:00\",\"dateModified\":\"2024-12-07T13:07:53+00:00\",\"mainEntityOfPage\":{\"@id\":\"https:\/\/apuntesdesanluis.com\/index.php\/2024\/12\/06\/imputan-al-secretario-general-de-los-graficos-por-retencion-indebida-de-fondos\/\"},\"wordCount\":265,\"publisher\":{\"@id\":\"https:\/\/apuntesdesanluis.com\/#\/schema\/person\/b55151d52296fcce64d1a72538a70b90\"},\"image\":{\"@id\":\"https:\/\/apuntesdesanluis.com\/index.php\/2024\/12\/06\/imputan-al-secretario-general-de-los-graficos-por-retencion-indebida-de-fondos\/#primaryimage\"},\"thumbnailUrl\":\"https:\/\/apuntesdesanluis.com\/wp-content\/uploads\/2024\/12\/faustino-rosales.png\",\"articleSection\":[\"Ciudad\/Provincia\"],\"inLanguage\":\"es-AR\"},{\"@type\":\"WebPage\",\"@id\":\"https:\/\/apuntesdesanluis.com\/index.php\/2024\/12\/06\/imputan-al-secretario-general-de-los-graficos-por-retencion-indebida-de-fondos\/\",\"url\":\"https:\/\/apuntesdesanluis.com\/index.php\/2024\/12\/06\/imputan-al-secretario-general-de-los-graficos-por-retencion-indebida-de-fondos\/\",\"name\":\"IMPUTAN AL SECRETARIO GENERAL DE LOS GR\u00c1FICOS POR RETENCI\u00d3N INDEBIDA DE FONDOS - Apuntes de San Luis\",\"isPartOf\":{\"@id\":\"https:\/\/apuntesdesanluis.com\/#website\"},\"primaryImageOfPage\":{\"@id\":\"https:\/\/apuntesdesanluis.com\/index.php\/2024\/12\/06\/imputan-al-secretario-general-de-los-graficos-por-retencion-indebida-de-fondos\/#primaryimage\"},\"image\":{\"@id\":\"https:\/\/apuntesdesanluis.com\/index.php\/2024\/12\/06\/imputan-al-secretario-general-de-los-graficos-por-retencion-indebida-de-fondos\/#primaryimage\"},\"thumbnailUrl\":\"https:\/\/apuntesdesanluis.com\/wp-content\/uploads\/2024\/12\/faustino-rosales.png\",\"datePublished\":\"2024-12-06T23:41:33+00:00\",\"dateModified\":\"2024-12-07T13:07:53+00:00\",\"breadcrumb\":{\"@id\":\"https:\/\/apuntesdesanluis.com\/index.php\/2024\/12\/06\/imputan-al-secretario-general-de-los-graficos-por-retencion-indebida-de-fondos\/#breadcrumb\"},\"inLanguage\":\"es-AR\",\"potentialAction\":[{\"@type\":\"ReadAction\",\"target\":[\"https:\/\/apuntesdesanluis.com\/index.php\/2024\/12\/06\/imputan-al-secretario-general-de-los-graficos-por-retencion-indebida-de-fondos\/\"]}]},{\"@type\":\"ImageObject\",\"inLanguage\":\"es-AR\",\"@id\":\"https:\/\/apuntesdesanluis.com\/index.php\/2024\/12\/06\/imputan-al-secretario-general-de-los-graficos-por-retencion-indebida-de-fondos\/#primaryimage\",\"url\":\"https:\/\/apuntesdesanluis.com\/wp-content\/uploads\/2024\/12\/faustino-rosales.png\",\"contentUrl\":\"https:\/\/apuntesdesanluis.com\/wp-content\/uploads\/2024\/12\/faustino-rosales.png\",\"width\":884,\"height\":649},{\"@type\":\"BreadcrumbList\",\"@id\":\"https:\/\/apuntesdesanluis.com\/index.php\/2024\/12\/06\/imputan-al-secretario-general-de-los-graficos-por-retencion-indebida-de-fondos\/#breadcrumb\",\"itemListElement\":[{\"@type\":\"ListItem\",\"position\":1,\"name\":\"Inicio\",\"item\":\"https:\/\/apuntesdesanluis.com\/\"},{\"@type\":\"ListItem\",\"position\":2,\"name\":\"IMPUTAN AL SECRETARIO GENERAL DE LOS GR\u00c1FICOS POR RETENCI\u00d3N INDEBIDA DE FONDOS\"}]},{\"@type\":\"WebSite\",\"@id\":\"https:\/\/apuntesdesanluis.com\/#website\",\"url\":\"https:\/\/apuntesdesanluis.com\/\",\"name\":\"Apuntes de San Luis\",\"description\":\"\",\"publisher\":{\"@id\":\"https:\/\/apuntesdesanluis.com\/#\/schema\/person\/b55151d52296fcce64d1a72538a70b90\"},\"potentialAction\":[{\"@type\":\"SearchAction\",\"target\":{\"@type\":\"EntryPoint\",\"urlTemplate\":\"https:\/\/apuntesdesanluis.com\/?s={search_term_string}\"},\"query-input\":{\"@type\":\"PropertyValueSpecification\",\"valueRequired\":true,\"valueName\":\"search_term_string\"}}],\"inLanguage\":\"es-AR\"},{\"@type\":[\"Person\",\"Organization\"],\"@id\":\"https:\/\/apuntesdesanluis.com\/#\/schema\/person\/b55151d52296fcce64d1a72538a70b90\",\"name\":\"apuntesdesanluis.com\",\"image\":{\"@type\":\"ImageObject\",\"inLanguage\":\"es-AR\",\"@id\":\"https:\/\/apuntesdesanluis.com\/#\/schema\/person\/image\/\",\"url\":\"https:\/\/apuntesdesanluis.com\/wp-content\/uploads\/2023\/07\/cropped-apuntesdesanluis.png\",\"contentUrl\":\"https:\/\/apuntesdesanluis.com\/wp-content\/uploads\/2023\/07\/cropped-apuntesdesanluis.png\",\"width\":450,\"height\":112,\"caption\":\"apuntesdesanluis.com\"},\"logo\":{\"@id\":\"https:\/\/apuntesdesanluis.com\/#\/schema\/person\/image\/\"},\"sameAs\":[\"https:\/\/apuntesdesanluis.com\"],\"url\":\"https:\/\/apuntesdesanluis.com\/index.php\/author\/apuntesdesanluis-com\/\"}]}<\/script>\n<!-- \/ Yoast SEO plugin. -->","yoast_head_json":{"title":"IMPUTAN AL SECRETARIO GENERAL DE LOS GR\u00c1FICOS POR RETENCI\u00d3N INDEBIDA DE FONDOS - Apuntes de San Luis","robots":{"index":"index","follow":"follow","max-snippet":"max-snippet:-1","max-image-preview":"max-image-preview:large","max-video-preview":"max-video-preview:-1"},"canonical":"https:\/\/apuntesdesanluis.com\/index.php\/2024\/12\/06\/imputan-al-secretario-general-de-los-graficos-por-retencion-indebida-de-fondos\/","og_locale":"es_ES","og_type":"article","og_title":"IMPUTAN AL SECRETARIO GENERAL DE LOS GR\u00c1FICOS POR RETENCI\u00d3N INDEBIDA DE FONDOS - Apuntes de San Luis","og_description":"El Secretario General del Sindicato Gr\u00e1fico de San Luis, Fausto Rosales, qued\u00f3 imputado bajo la...","og_url":"https:\/\/apuntesdesanluis.com\/index.php\/2024\/12\/06\/imputan-al-secretario-general-de-los-graficos-por-retencion-indebida-de-fondos\/","og_site_name":"Apuntes de San Luis","article_published_time":"2024-12-06T23:41:33+00:00","article_modified_time":"2024-12-07T13:07:53+00:00","og_image":[{"width":884,"height":649,"url":"https:\/\/apuntesdesanluis.com\/wp-content\/uploads\/2024\/12\/faustino-rosales.png","type":"image\/png"}],"author":"apuntesdesanluis.com","twitter_card":"summary_large_image","twitter_misc":{"Escrito por":"apuntesdesanluis.com","Tiempo de lectura":"2 minutos"},"schema":{"@context":"https:\/\/schema.org","@graph":[{"@type":"Article","@id":"https:\/\/apuntesdesanluis.com\/index.php\/2024\/12\/06\/imputan-al-secretario-general-de-los-graficos-por-retencion-indebida-de-fondos\/#article","isPartOf":{"@id":"https:\/\/apuntesdesanluis.com\/index.php\/2024\/12\/06\/imputan-al-secretario-general-de-los-graficos-por-retencion-indebida-de-fondos\/"},"author":{"name":"apuntesdesanluis.com","@id":"https:\/\/apuntesdesanluis.com\/#\/schema\/person\/b55151d52296fcce64d1a72538a70b90"},"headline":"IMPUTAN AL SECRETARIO GENERAL DE LOS GR\u00c1FICOS POR RETENCI\u00d3N INDEBIDA DE FONDOS","datePublished":"2024-12-06T23:41:33+00:00","dateModified":"2024-12-07T13:07:53+00:00","mainEntityOfPage":{"@id":"https:\/\/apuntesdesanluis.com\/index.php\/2024\/12\/06\/imputan-al-secretario-general-de-los-graficos-por-retencion-indebida-de-fondos\/"},"wordCount":265,"publisher":{"@id":"https:\/\/apuntesdesanluis.com\/#\/schema\/person\/b55151d52296fcce64d1a72538a70b90"},"image":{"@id":"https:\/\/apuntesdesanluis.com\/index.php\/2024\/12\/06\/imputan-al-secretario-general-de-los-graficos-por-retencion-indebida-de-fondos\/#primaryimage"},"thumbnailUrl":"https:\/\/apuntesdesanluis.com\/wp-content\/uploads\/2024\/12\/faustino-rosales.png","articleSection":["Ciudad\/Provincia"],"inLanguage":"es-AR"},{"@type":"WebPage","@id":"https:\/\/apuntesdesanluis.com\/index.php\/2024\/12\/06\/imputan-al-secretario-general-de-los-graficos-por-retencion-indebida-de-fondos\/","url":"https:\/\/apuntesdesanluis.com\/index.php\/2024\/12\/06\/imputan-al-secretario-general-de-los-graficos-por-retencion-indebida-de-fondos\/","name":"IMPUTAN AL SECRETARIO GENERAL DE LOS GR\u00c1FICOS POR RETENCI\u00d3N INDEBIDA DE FONDOS - Apuntes de San Luis","isPartOf":{"@id":"https:\/\/apuntesdesanluis.com\/#website"},"primaryImageOfPage":{"@id":"https:\/\/apuntesdesanluis.com\/index.php\/2024\/12\/06\/imputan-al-secretario-general-de-los-graficos-por-retencion-indebida-de-fondos\/#primaryimage"},"image":{"@id":"https:\/\/apuntesdesanluis.com\/index.php\/2024\/12\/06\/imputan-al-secretario-general-de-los-graficos-por-retencion-indebida-de-fondos\/#primaryimage"},"thumbnailUrl":"https:\/\/apuntesdesanluis.com\/wp-content\/uploads\/2024\/12\/faustino-rosales.png","datePublished":"2024-12-06T23:41:33+00:00","dateModified":"2024-12-07T13:07:53+00:00","breadcrumb":{"@id":"https:\/\/apuntesdesanluis.com\/index.php\/2024\/12\/06\/imputan-al-secretario-general-de-los-graficos-por-retencion-indebida-de-fondos\/#breadcrumb"},"inLanguage":"es-AR","potentialAction":[{"@type":"ReadAction","target":["https:\/\/apuntesdesanluis.com\/index.php\/2024\/12\/06\/imputan-al-secretario-general-de-los-graficos-por-retencion-indebida-de-fondos\/"]}]},{"@type":"ImageObject","inLanguage":"es-AR","@id":"https:\/\/apuntesdesanluis.com\/index.php\/2024\/12\/06\/imputan-al-secretario-general-de-los-graficos-por-retencion-indebida-de-fondos\/#primaryimage","url":"https:\/\/apuntesdesanluis.com\/wp-content\/uploads\/2024\/12\/faustino-rosales.png","contentUrl":"https:\/\/apuntesdesanluis.com\/wp-content\/uploads\/2024\/12\/faustino-rosales.png","width":884,"height":649},{"@type":"BreadcrumbList","@id":"https:\/\/apuntesdesanluis.com\/index.php\/2024\/12\/06\/imputan-al-secretario-general-de-los-graficos-por-retencion-indebida-de-fondos\/#breadcrumb","itemListElement":[{"@type":"ListItem","position":1,"name":"Inicio","item":"https:\/\/apuntesdesanluis.com\/"},{"@type":"ListItem","position":2,"name":"IMPUTAN AL SECRETARIO GENERAL DE LOS GR\u00c1FICOS POR RETENCI\u00d3N INDEBIDA DE FONDOS"}]},{"@type":"WebSite","@id":"https:\/\/apuntesdesanluis.com\/#website","url":"https:\/\/apuntesdesanluis.com\/","name":"Apuntes de San Luis","description":"","publisher":{"@id":"https:\/\/apuntesdesanluis.com\/#\/schema\/person\/b55151d52296fcce64d1a72538a70b90"},"potentialAction":[{"@type":"SearchAction","target":{"@type":"EntryPoint","urlTemplate":"https:\/\/apuntesdesanluis.com\/?s={search_term_string}"},"query-input":{"@type":"PropertyValueSpecification","valueRequired":true,"valueName":"search_term_string"}}],"inLanguage":"es-AR"},{"@type":["Person","Organization"],"@id":"https:\/\/apuntesdesanluis.com\/#\/schema\/person\/b55151d52296fcce64d1a72538a70b90","name":"apuntesdesanluis.com","image":{"@type":"ImageObject","inLanguage":"es-AR","@id":"https:\/\/apuntesdesanluis.com\/#\/schema\/person\/image\/","url":"https:\/\/apuntesdesanluis.com\/wp-content\/uploads\/2023\/07\/cropped-apuntesdesanluis.png","contentUrl":"https:\/\/apuntesdesanluis.com\/wp-content\/uploads\/2023\/07\/cropped-apuntesdesanluis.png","width":450,"height":112,"caption":"apuntesdesanluis.com"},"logo":{"@id":"https:\/\/apuntesdesanluis.com\/#\/schema\/person\/image\/"},"sameAs":["https:\/\/apuntesdesanluis.com"],"url":"https:\/\/apuntesdesanluis.com\/index.php\/author\/apuntesdesanluis-com\/"}]}},"featured_image_urls":{"full":["https:\/\/apuntesdesanluis.com\/wp-content\/uploads\/2024\/12\/faustino-rosales.png",884,649,false],"thumbnail":["https:\/\/apuntesdesanluis.com\/wp-content\/uploads\/2024\/12\/faustino-rosales-150x150.png",150,150,true],"medium":["https:\/\/apuntesdesanluis.com\/wp-content\/uploads\/2024\/12\/faustino-rosales-300x220.png",300,220,true],"medium_large":["https:\/\/apuntesdesanluis.com\/wp-content\/uploads\/2024\/12\/faustino-rosales-768x564.png",640,470,true],"large":["https:\/\/apuntesdesanluis.com\/wp-content\/uploads\/2024\/12\/faustino-rosales.png",640,470,false],"1536x1536":["https:\/\/apuntesdesanluis.com\/wp-content\/uploads\/2024\/12\/faustino-rosales.png",884,649,false],"2048x2048":["https:\/\/apuntesdesanluis.com\/wp-content\/uploads\/2024\/12\/faustino-rosales.png",884,649,false],"newsever-slider-full":["https:\/\/apuntesdesanluis.com\/wp-content\/uploads\/2024\/12\/faustino-rosales.png",884,649,false],"newsever-featured":["https:\/\/apuntesdesanluis.com\/wp-content\/uploads\/2024\/12\/faustino-rosales.png",884,649,false],"newsever-medium":["https:\/\/apuntesdesanluis.com\/wp-content\/uploads\/2024\/12\/faustino-rosales-720x475.png",720,475,true]},"author_info":{"display_name":"apuntesdesanluis.com","author_link":"https:\/\/apuntesdesanluis.com\/index.php\/author\/apuntesdesanluis-com\/"},"category_info":"<a href=\"https:\/\/apuntesdesanluis.com\/index.php\/category\/ciudad-provincia\/\" rel=\"category tag\">Ciudad\/Provincia<\/a>","tag_info":"Ciudad\/Provincia","comment_count":"0","_links":{"self":[{"href":"https:\/\/apuntesdesanluis.com\/index.php\/wp-json\/wp\/v2\/posts\/26322","targetHints":{"allow":["GET"]}}],"collection":[{"href":"https:\/\/apuntesdesanluis.com\/index.php\/wp-json\/wp\/v2\/posts"}],"about":[{"href":"https:\/\/apuntesdesanluis.com\/index.php\/wp-json\/wp\/v2\/types\/post"}],"author":[{"embeddable":true,"href":"https:\/\/apuntesdesanluis.com\/index.php\/wp-json\/wp\/v2\/users\/1"}],"replies":[{"embeddable":true,"href":"https:\/\/apuntesdesanluis.com\/index.php\/wp-json\/wp\/v2\/comments?post=26322"}],"version-history":[{"count":1,"href":"https:\/\/apuntesdesanluis.com\/index.php\/wp-json\/wp\/v2\/posts\/26322\/revisions"}],"predecessor-version":[{"id":26324,"href":"https:\/\/apuntesdesanluis.com\/index.php\/wp-json\/wp\/v2\/posts\/26322\/revisions\/26324"}],"wp:featuredmedia":[{"embeddable":true,"href":"https:\/\/apuntesdesanluis.com\/index.php\/wp-json\/wp\/v2\/media\/26331"}],"wp:attachment":[{"href":"https:\/\/apuntesdesanluis.com\/index.php\/wp-json\/wp\/v2\/media?parent=26322"}],"wp:term":[{"taxonomy":"category","embeddable":true,"href":"https:\/\/apuntesdesanluis.com\/index.php\/wp-json\/wp\/v2\/categories?post=26322"},{"taxonomy":"post_tag","embeddable":true,"href":"https:\/\/apuntesdesanluis.com\/index.php\/wp-json\/wp\/v2\/tags?post=26322"}],"curies":[{"name":"wp","href":"https:\/\/api.w.org\/{rel}","templated":true}]}}