{"id":26407,"date":"2024-12-08T20:52:12","date_gmt":"2024-12-08T23:52:12","guid":{"rendered":"https:\/\/apuntesdesanluis.com\/?p=26407"},"modified":"2024-12-08T20:59:19","modified_gmt":"2024-12-08T23:59:19","slug":"caso-kueider-sin-condenar-al-senador-y-molesto-con-que-se-lo-adjudiquen-el-gobierno-reacciona-con-violencia","status":"publish","type":"post","link":"https:\/\/apuntesdesanluis.com\/index.php\/2024\/12\/08\/caso-kueider-sin-condenar-al-senador-y-molesto-con-que-se-lo-adjudiquen-el-gobierno-reacciona-con-violencia\/","title":{"rendered":"CASO KUEIDER: SIN CONDENAR AL SENADOR Y MOLESTO CON QUE SE LO ADJUDIQUEN, EL GOBIERNO REACCIONA CON VIOLENCIA"},"content":{"rendered":"<h3>En medio del esc\u00e1ndalo por la detenci\u00f3n del senador <strong>Edgardo Kueider<\/strong> en Paraguay, el kirchnerismo impulsa una sesi\u00f3n esta semana &#8220;para destituirlo&#8221;, movida a dos bandas que apunta a cobrarle al senador entrerriano su &#8220;traici\u00f3n&#8221; apoyando temas libertarios, y al mismo tiempo sacarle un voto clave al oficialismo en el Senado, reemplaz\u00e1ndolo por otro nombre ultra K.<\/h3>\n<h3>A pesar de haber sido electo por el peronismo, las fotos de Kuider cuando pact\u00f3 con los libertarios son postales inc\u00f3modas para el gobierno, como la que ilustra esta nota, posando con el llamado<strong> &#8220;tri\u00e1ngulo de hierro&#8221;<\/strong> (Milei, su hermana Karina y Santiago Caputo). De hecho, ning\u00fan representante del gobierno sali\u00f3 a cuestionar a Kueider luego del esc\u00e1ndalo que gener\u00f3 su detenci\u00f3n en Paraguay, con m\u00e1s de 200 mil d\u00f3lares sin declarar.<\/h3>\n<h3>La respuesta desde La Libertad Avanza (LLA) fue dejar trascender que &#8220;eval\u00faan impulsar la destituci\u00f3n de todos los legisladores con causas judiciales abiertas&#8221;, para abrir el tema &#8220;transparencia&#8221; m\u00e1s all\u00e1 del bochornoso caso Kueider, para ver si el kirchnerismo modera sus ataques a la vista de que &#8220;discutir honestidad&#8221; les resultar\u00eda riesgoso.<\/h3>\n<p><img fetchpriority=\"high\" decoding=\"async\" class=\"wp-image-26349 aligncenter\" src=\"https:\/\/apuntesdesanluis.com\/wp-content\/uploads\/2024\/12\/bonino-275x300.png\" alt=\"\" width=\"562\" height=\"613\" srcset=\"https:\/\/apuntesdesanluis.com\/wp-content\/uploads\/2024\/12\/bonino-275x300.png 275w, https:\/\/apuntesdesanluis.com\/wp-content\/uploads\/2024\/12\/bonino-768x836.png 768w, https:\/\/apuntesdesanluis.com\/wp-content\/uploads\/2024\/12\/bonino.png 786w\" sizes=\"(max-width: 562px) 100vw, 562px\" \/><\/p>\n<h3>En la carga contra Kueider, el peronismo pide adem\u00e1s conformar una &#8220;comisi\u00f3n investigadora&#8221; en Diputados para indagar sobre posibles irregularidades (l\u00e9ase presuntos sobornos) vinculados a la aprobaci\u00f3n de la Ley Bases, lo que abrir\u00eda un castillo de naipes de alcances imprevisibles para el oficialismo. Sobre todo si se avanza en &#8220;la ruta del dinero&#8221; que Kueider llevaba en sus m\u00faltiples viajes a Paraguay.<\/h3>\n<h3>Por eso LLA habl\u00f3 en las \u00faltimas horas de \u201cdestituir a todos los diputados y senadores que tengan un proceso judicial similar al de Kueider\u201d, y el propio presidente Javier Milei retuite\u00f3 un mensaje en el que un le\u00f3n aparec\u00eda &#8220;fumigando a las ratas del Congreso&#8221;.<\/h3>\n<h3><img decoding=\"async\" class=\"wp-image-26408 aligncenter\" src=\"https:\/\/apuntesdesanluis.com\/wp-content\/uploads\/2024\/12\/FUMIGADOR-300x242.png\" alt=\"\" width=\"581\" height=\"469\" srcset=\"https:\/\/apuntesdesanluis.com\/wp-content\/uploads\/2024\/12\/FUMIGADOR-300x242.png 300w, https:\/\/apuntesdesanluis.com\/wp-content\/uploads\/2024\/12\/FUMIGADOR.png 651w\" sizes=\"(max-width: 581px) 100vw, 581px\" \/><\/h3>\n<h3>En ese duelo de amenazas, el oficialismo planea convocar a una sesi\u00f3n especial la pr\u00f3xima semana para tratar esta iniciativa, que podr\u00eda coincidir con la fecha que Uni\u00f3n por la Patria (UP) propuso para debatir la remoci\u00f3n del dirigente de Entre R\u00edos.<\/h3>\n<h3>En la lista que maneja el Gobierno, sobre legisladores investigados por la Justicia, figuran nombres como los diputados de UP Victoria Tolosa Paz, Rodolfo Tailhade, M\u00e1ximo Kirchner y Santiago Cafiero. Este \u00faltimo, junto con Tolosa Paz, firm\u00f3 un proyecto que busca la creaci\u00f3n de una comisi\u00f3n investigadora para indagar en posibles sobornos relacionados con la votaci\u00f3n de la Ley Bases.<\/h3>\n<h3>En un mensaje alusivo a las intenciones de LLA, el vocero presidencial <strong>Manuel Adorni <\/strong>utiliz\u00f3 las redes sociales para sondear la opini\u00f3n p\u00fablica. En su cuenta de X (antes Twitter), public\u00f3 una encuesta preguntando si los usuarios estaban o no \u201ca favor de destituir a todos los diputados y senadores que tengan causas judiciales\u201d.<\/h3>\n<h3><img decoding=\"async\" class=\"wp-image-26409 aligncenter\" src=\"https:\/\/apuntesdesanluis.com\/wp-content\/uploads\/2024\/12\/MANUEL-ADORNI-300x167.png\" alt=\"\" width=\"595\" height=\"331\" srcset=\"https:\/\/apuntesdesanluis.com\/wp-content\/uploads\/2024\/12\/MANUEL-ADORNI-300x167.png 300w, https:\/\/apuntesdesanluis.com\/wp-content\/uploads\/2024\/12\/MANUEL-ADORNI-768x428.png 768w, https:\/\/apuntesdesanluis.com\/wp-content\/uploads\/2024\/12\/MANUEL-ADORNI.png 941w\" sizes=\"(max-width: 595px) 100vw, 595px\" \/><\/h3>\n<h3>El post de Adorni gener\u00f3 un aluvi\u00f3n de apoyo entre trolls libertarios, que impulsaron el hashtag #AFumigarElCongreso, iniciado por Daniel Parisini, mejor conocido como el Gordo Dan. La etiqueta se volvi\u00f3 tendencia en X y uno de los mensajes fue replicado por el propio presidente Javier Milei.<\/h3>\n<h3>El post compartido por el mandatario mostraba la imagen de una persona con cabeza de le\u00f3n fumigando ratas dentro del Congreso y acompa\u00f1ada de la frase &#8220;Fuera las ratas&#8221;.<\/h3>\n<h3>La propuesta del oficialismo surge como una respuesta a las cr\u00edticas de la oposici\u00f3n, quienes cuestionan el papel de aliado que asumi\u00f3 Kueider en la votaci\u00f3n de la Ley Bases, al oponerse a sus compa\u00f1eros de bloque y votar a favor de uno de los proyectos m\u00e1s importantes del Gobierno.<\/h3>\n<h3>Mientras tanto, Uni\u00f3n por la Patria solicit\u00f3 una sesi\u00f3n especial en el Senado, presidido por Victoria Villarruel, para tratar la remoci\u00f3n de Kueider. La reuni\u00f3n est\u00e1 programada para el pr\u00f3ximo 12 de diciembre y fue respaldada por figuras como Juliana Di Tullio, Mariano Recalde y Eduardo \u201cWado\u201d de Pedro.<\/h3>\n<h3>En el pedido, los senadores argumentaron que los hechos que involucran a Kueider representan una \u201cgrave crisis institucional\u201d y advirtieron que cualquier intento de dilaci\u00f3n ser\u00e1 considerado como un acto de \u201ccomplicidad\u201d.<\/h3>\n<h3>Adem\u00e1s, UP impulsa la creaci\u00f3n de una Comisi\u00f3n Investigadora sobre Coimas, Cohechos, Sobornos y Pagos Irregulares. El objetivo es esclarecer si hubo sobornos durante la votaci\u00f3n de la Ley Bases y analizar la adjudicaci\u00f3n de contratos p\u00fablicos y transacciones sospechosas.<\/h3>\n<p><img loading=\"lazy\" decoding=\"async\" class=\"wp-image-26410 aligncenter\" src=\"https:\/\/apuntesdesanluis.com\/wp-content\/uploads\/2024\/12\/KUEIDER-Y-SECRETARIA-300x169.png\" alt=\"\" width=\"586\" height=\"330\" srcset=\"https:\/\/apuntesdesanluis.com\/wp-content\/uploads\/2024\/12\/KUEIDER-Y-SECRETARIA-300x169.png 300w, https:\/\/apuntesdesanluis.com\/wp-content\/uploads\/2024\/12\/KUEIDER-Y-SECRETARIA-768x433.png 768w, https:\/\/apuntesdesanluis.com\/wp-content\/uploads\/2024\/12\/KUEIDER-Y-SECRETARIA.png 935w\" sizes=\"(max-width: 586px) 100vw, 586px\" \/><\/p>\n<h3>\u201cEs urgente que el Congreso de la Naci\u00f3n intervenga a trav\u00e9s de una Comisi\u00f3n Investigadora para esclarecer si existieron sobornos al torcerse la votaci\u00f3n a favor del oficialismo en la Ley Bases y punto de partida para la libertad de los argentinos\u201d, sostuvo Cafiero en sus redes sociales.<\/h3>\n<h3><span style=\"color: #3366ff;\"><a style=\"color: #3366ff;\" href=\"https:\/\/www.perfil.com\/noticias\/politica\/edgardo-kueider-y-su-secretaria-cumplen-prision-domiciliaria-tras-pagar-una-fianza-de-150-mil-dolares-cada-uno.phtml\" target=\"_blank\" rel=\"noopener\">Edgardo Kueider y su secretaria cumplen prisi\u00f3n domiciliaria tras pagar una fianza de 150 mil d\u00f3lares cada uno.<\/a><\/span><\/h3>\n<h3><\/h3>\n<h3><\/h3>\n<p>&nbsp;<\/p>\n","protected":false},"excerpt":{"rendered":"<p>En medio del esc\u00e1ndalo por la detenci\u00f3n del senador Edgardo Kueider en Paraguay, el kirchnerismo&#8230;<\/p>\n","protected":false},"author":1,"featured_media":26412,"comment_status":"closed","ping_status":"closed","sticky":false,"template":"","format":"standard","meta":{"footnotes":""},"categories":[5],"tags":[],"class_list":["post-26407","post","type-post","status-publish","format-standard","has-post-thumbnail","hentry","category-nacionales-internacionales"],"yoast_head":"<!-- This site is optimized with the Yoast SEO plugin v26.1.1 - https:\/\/yoast.com\/wordpress\/plugins\/seo\/ -->\n<title>CASO KUEIDER: SIN CONDENAR AL SENADOR Y MOLESTO CON QUE SE LO ADJUDIQUEN, EL GOBIERNO REACCIONA CON VIOLENCIA - Apuntes de San Luis<\/title>\n<meta name=\"robots\" content=\"index, follow, max-snippet:-1, max-image-preview:large, max-video-preview:-1\" \/>\n<link rel=\"canonical\" href=\"https:\/\/apuntesdesanluis.com\/index.php\/2024\/12\/08\/caso-kueider-sin-condenar-al-senador-y-molesto-con-que-se-lo-adjudiquen-el-gobierno-reacciona-con-violencia\/\" \/>\n<meta property=\"og:locale\" content=\"es_ES\" \/>\n<meta property=\"og:type\" content=\"article\" \/>\n<meta property=\"og:title\" content=\"CASO KUEIDER: SIN CONDENAR AL SENADOR Y MOLESTO CON QUE SE LO ADJUDIQUEN, EL GOBIERNO REACCIONA CON VIOLENCIA - Apuntes de San Luis\" \/>\n<meta property=\"og:description\" content=\"En medio del esc\u00e1ndalo por la detenci\u00f3n del senador Edgardo Kueider en Paraguay, el kirchnerismo...\" \/>\n<meta property=\"og:url\" content=\"https:\/\/apuntesdesanluis.com\/index.php\/2024\/12\/08\/caso-kueider-sin-condenar-al-senador-y-molesto-con-que-se-lo-adjudiquen-el-gobierno-reacciona-con-violencia\/\" \/>\n<meta property=\"og:site_name\" content=\"Apuntes de San Luis\" \/>\n<meta property=\"article:published_time\" content=\"2024-12-08T23:52:12+00:00\" \/>\n<meta property=\"article:modified_time\" content=\"2024-12-08T23:59:19+00:00\" \/>\n<meta property=\"og:image\" content=\"https:\/\/apuntesdesanluis.com\/wp-content\/uploads\/2024\/12\/KUIDER-Y-EL-TRIANGULO-DE-HIERRO.png\" \/>\n\t<meta property=\"og:image:width\" content=\"545\" \/>\n\t<meta property=\"og:image:height\" content=\"360\" \/>\n\t<meta property=\"og:image:type\" content=\"image\/png\" \/>\n<meta name=\"author\" content=\"apuntesdesanluis.com\" \/>\n<meta name=\"twitter:card\" content=\"summary_large_image\" \/>\n<meta name=\"twitter:label1\" content=\"Escrito por\" \/>\n\t<meta name=\"twitter:data1\" content=\"apuntesdesanluis.com\" \/>\n\t<meta name=\"twitter:label2\" content=\"Tiempo de lectura\" \/>\n\t<meta name=\"twitter:data2\" content=\"5 minutos\" \/>\n<script type=\"application\/ld+json\" class=\"yoast-schema-graph\">{\"@context\":\"https:\/\/schema.org\",\"@graph\":[{\"@type\":\"Article\",\"@id\":\"https:\/\/apuntesdesanluis.com\/index.php\/2024\/12\/08\/caso-kueider-sin-condenar-al-senador-y-molesto-con-que-se-lo-adjudiquen-el-gobierno-reacciona-con-violencia\/#article\",\"isPartOf\":{\"@id\":\"https:\/\/apuntesdesanluis.com\/index.php\/2024\/12\/08\/caso-kueider-sin-condenar-al-senador-y-molesto-con-que-se-lo-adjudiquen-el-gobierno-reacciona-con-violencia\/\"},\"author\":{\"name\":\"apuntesdesanluis.com\",\"@id\":\"https:\/\/apuntesdesanluis.com\/#\/schema\/person\/b55151d52296fcce64d1a72538a70b90\"},\"headline\":\"CASO KUEIDER: SIN CONDENAR AL SENADOR Y MOLESTO CON QUE SE LO ADJUDIQUEN, EL GOBIERNO REACCIONA CON VIOLENCIA\",\"datePublished\":\"2024-12-08T23:52:12+00:00\",\"dateModified\":\"2024-12-08T23:59:19+00:00\",\"mainEntityOfPage\":{\"@id\":\"https:\/\/apuntesdesanluis.com\/index.php\/2024\/12\/08\/caso-kueider-sin-condenar-al-senador-y-molesto-con-que-se-lo-adjudiquen-el-gobierno-reacciona-con-violencia\/\"},\"wordCount\":837,\"publisher\":{\"@id\":\"https:\/\/apuntesdesanluis.com\/#\/schema\/person\/b55151d52296fcce64d1a72538a70b90\"},\"image\":{\"@id\":\"https:\/\/apuntesdesanluis.com\/index.php\/2024\/12\/08\/caso-kueider-sin-condenar-al-senador-y-molesto-con-que-se-lo-adjudiquen-el-gobierno-reacciona-con-violencia\/#primaryimage\"},\"thumbnailUrl\":\"https:\/\/apuntesdesanluis.com\/wp-content\/uploads\/2024\/12\/KUIDER-Y-EL-TRIANGULO-DE-HIERRO.png\",\"articleSection\":[\"Nacionales\/Internacionales\"],\"inLanguage\":\"es-AR\"},{\"@type\":\"WebPage\",\"@id\":\"https:\/\/apuntesdesanluis.com\/index.php\/2024\/12\/08\/caso-kueider-sin-condenar-al-senador-y-molesto-con-que-se-lo-adjudiquen-el-gobierno-reacciona-con-violencia\/\",\"url\":\"https:\/\/apuntesdesanluis.com\/index.php\/2024\/12\/08\/caso-kueider-sin-condenar-al-senador-y-molesto-con-que-se-lo-adjudiquen-el-gobierno-reacciona-con-violencia\/\",\"name\":\"CASO KUEIDER: SIN CONDENAR AL SENADOR Y MOLESTO CON QUE SE LO ADJUDIQUEN, EL GOBIERNO REACCIONA CON VIOLENCIA - Apuntes de San Luis\",\"isPartOf\":{\"@id\":\"https:\/\/apuntesdesanluis.com\/#website\"},\"primaryImageOfPage\":{\"@id\":\"https:\/\/apuntesdesanluis.com\/index.php\/2024\/12\/08\/caso-kueider-sin-condenar-al-senador-y-molesto-con-que-se-lo-adjudiquen-el-gobierno-reacciona-con-violencia\/#primaryimage\"},\"image\":{\"@id\":\"https:\/\/apuntesdesanluis.com\/index.php\/2024\/12\/08\/caso-kueider-sin-condenar-al-senador-y-molesto-con-que-se-lo-adjudiquen-el-gobierno-reacciona-con-violencia\/#primaryimage\"},\"thumbnailUrl\":\"https:\/\/apuntesdesanluis.com\/wp-content\/uploads\/2024\/12\/KUIDER-Y-EL-TRIANGULO-DE-HIERRO.png\",\"datePublished\":\"2024-12-08T23:52:12+00:00\",\"dateModified\":\"2024-12-08T23:59:19+00:00\",\"breadcrumb\":{\"@id\":\"https:\/\/apuntesdesanluis.com\/index.php\/2024\/12\/08\/caso-kueider-sin-condenar-al-senador-y-molesto-con-que-se-lo-adjudiquen-el-gobierno-reacciona-con-violencia\/#breadcrumb\"},\"inLanguage\":\"es-AR\",\"potentialAction\":[{\"@type\":\"ReadAction\",\"target\":[\"https:\/\/apuntesdesanluis.com\/index.php\/2024\/12\/08\/caso-kueider-sin-condenar-al-senador-y-molesto-con-que-se-lo-adjudiquen-el-gobierno-reacciona-con-violencia\/\"]}]},{\"@type\":\"ImageObject\",\"inLanguage\":\"es-AR\",\"@id\":\"https:\/\/apuntesdesanluis.com\/index.php\/2024\/12\/08\/caso-kueider-sin-condenar-al-senador-y-molesto-con-que-se-lo-adjudiquen-el-gobierno-reacciona-con-violencia\/#primaryimage\",\"url\":\"https:\/\/apuntesdesanluis.com\/wp-content\/uploads\/2024\/12\/KUIDER-Y-EL-TRIANGULO-DE-HIERRO.png\",\"contentUrl\":\"https:\/\/apuntesdesanluis.com\/wp-content\/uploads\/2024\/12\/KUIDER-Y-EL-TRIANGULO-DE-HIERRO.png\",\"width\":545,\"height\":360},{\"@type\":\"BreadcrumbList\",\"@id\":\"https:\/\/apuntesdesanluis.com\/index.php\/2024\/12\/08\/caso-kueider-sin-condenar-al-senador-y-molesto-con-que-se-lo-adjudiquen-el-gobierno-reacciona-con-violencia\/#breadcrumb\",\"itemListElement\":[{\"@type\":\"ListItem\",\"position\":1,\"name\":\"Inicio\",\"item\":\"https:\/\/apuntesdesanluis.com\/\"},{\"@type\":\"ListItem\",\"position\":2,\"name\":\"CASO KUEIDER: SIN CONDENAR AL SENADOR Y MOLESTO CON QUE SE LO ADJUDIQUEN, EL GOBIERNO REACCIONA CON VIOLENCIA\"}]},{\"@type\":\"WebSite\",\"@id\":\"https:\/\/apuntesdesanluis.com\/#website\",\"url\":\"https:\/\/apuntesdesanluis.com\/\",\"name\":\"Apuntes de San Luis\",\"description\":\"\",\"publisher\":{\"@id\":\"https:\/\/apuntesdesanluis.com\/#\/schema\/person\/b55151d52296fcce64d1a72538a70b90\"},\"potentialAction\":[{\"@type\":\"SearchAction\",\"target\":{\"@type\":\"EntryPoint\",\"urlTemplate\":\"https:\/\/apuntesdesanluis.com\/?s={search_term_string}\"},\"query-input\":{\"@type\":\"PropertyValueSpecification\",\"valueRequired\":true,\"valueName\":\"search_term_string\"}}],\"inLanguage\":\"es-AR\"},{\"@type\":[\"Person\",\"Organization\"],\"@id\":\"https:\/\/apuntesdesanluis.com\/#\/schema\/person\/b55151d52296fcce64d1a72538a70b90\",\"name\":\"apuntesdesanluis.com\",\"image\":{\"@type\":\"ImageObject\",\"inLanguage\":\"es-AR\",\"@id\":\"https:\/\/apuntesdesanluis.com\/#\/schema\/person\/image\/\",\"url\":\"https:\/\/apuntesdesanluis.com\/wp-content\/uploads\/2023\/07\/cropped-apuntesdesanluis.png\",\"contentUrl\":\"https:\/\/apuntesdesanluis.com\/wp-content\/uploads\/2023\/07\/cropped-apuntesdesanluis.png\",\"width\":450,\"height\":112,\"caption\":\"apuntesdesanluis.com\"},\"logo\":{\"@id\":\"https:\/\/apuntesdesanluis.com\/#\/schema\/person\/image\/\"},\"sameAs\":[\"https:\/\/apuntesdesanluis.com\"],\"url\":\"https:\/\/apuntesdesanluis.com\/index.php\/author\/apuntesdesanluis-com\/\"}]}<\/script>\n<!-- \/ Yoast SEO plugin. -->","yoast_head_json":{"title":"CASO KUEIDER: SIN CONDENAR AL SENADOR Y MOLESTO CON QUE SE LO ADJUDIQUEN, EL GOBIERNO REACCIONA CON VIOLENCIA - Apuntes de San Luis","robots":{"index":"index","follow":"follow","max-snippet":"max-snippet:-1","max-image-preview":"max-image-preview:large","max-video-preview":"max-video-preview:-1"},"canonical":"https:\/\/apuntesdesanluis.com\/index.php\/2024\/12\/08\/caso-kueider-sin-condenar-al-senador-y-molesto-con-que-se-lo-adjudiquen-el-gobierno-reacciona-con-violencia\/","og_locale":"es_ES","og_type":"article","og_title":"CASO KUEIDER: SIN CONDENAR AL SENADOR Y MOLESTO CON QUE SE LO ADJUDIQUEN, EL GOBIERNO REACCIONA CON VIOLENCIA - Apuntes de San Luis","og_description":"En medio del esc\u00e1ndalo por la detenci\u00f3n del senador Edgardo Kueider en Paraguay, el kirchnerismo...","og_url":"https:\/\/apuntesdesanluis.com\/index.php\/2024\/12\/08\/caso-kueider-sin-condenar-al-senador-y-molesto-con-que-se-lo-adjudiquen-el-gobierno-reacciona-con-violencia\/","og_site_name":"Apuntes de San Luis","article_published_time":"2024-12-08T23:52:12+00:00","article_modified_time":"2024-12-08T23:59:19+00:00","og_image":[{"width":545,"height":360,"url":"https:\/\/apuntesdesanluis.com\/wp-content\/uploads\/2024\/12\/KUIDER-Y-EL-TRIANGULO-DE-HIERRO.png","type":"image\/png"}],"author":"apuntesdesanluis.com","twitter_card":"summary_large_image","twitter_misc":{"Escrito por":"apuntesdesanluis.com","Tiempo de lectura":"5 minutos"},"schema":{"@context":"https:\/\/schema.org","@graph":[{"@type":"Article","@id":"https:\/\/apuntesdesanluis.com\/index.php\/2024\/12\/08\/caso-kueider-sin-condenar-al-senador-y-molesto-con-que-se-lo-adjudiquen-el-gobierno-reacciona-con-violencia\/#article","isPartOf":{"@id":"https:\/\/apuntesdesanluis.com\/index.php\/2024\/12\/08\/caso-kueider-sin-condenar-al-senador-y-molesto-con-que-se-lo-adjudiquen-el-gobierno-reacciona-con-violencia\/"},"author":{"name":"apuntesdesanluis.com","@id":"https:\/\/apuntesdesanluis.com\/#\/schema\/person\/b55151d52296fcce64d1a72538a70b90"},"headline":"CASO KUEIDER: SIN CONDENAR AL SENADOR Y MOLESTO CON QUE SE LO ADJUDIQUEN, EL GOBIERNO REACCIONA CON VIOLENCIA","datePublished":"2024-12-08T23:52:12+00:00","dateModified":"2024-12-08T23:59:19+00:00","mainEntityOfPage":{"@id":"https:\/\/apuntesdesanluis.com\/index.php\/2024\/12\/08\/caso-kueider-sin-condenar-al-senador-y-molesto-con-que-se-lo-adjudiquen-el-gobierno-reacciona-con-violencia\/"},"wordCount":837,"publisher":{"@id":"https:\/\/apuntesdesanluis.com\/#\/schema\/person\/b55151d52296fcce64d1a72538a70b90"},"image":{"@id":"https:\/\/apuntesdesanluis.com\/index.php\/2024\/12\/08\/caso-kueider-sin-condenar-al-senador-y-molesto-con-que-se-lo-adjudiquen-el-gobierno-reacciona-con-violencia\/#primaryimage"},"thumbnailUrl":"https:\/\/apuntesdesanluis.com\/wp-content\/uploads\/2024\/12\/KUIDER-Y-EL-TRIANGULO-DE-HIERRO.png","articleSection":["Nacionales\/Internacionales"],"inLanguage":"es-AR"},{"@type":"WebPage","@id":"https:\/\/apuntesdesanluis.com\/index.php\/2024\/12\/08\/caso-kueider-sin-condenar-al-senador-y-molesto-con-que-se-lo-adjudiquen-el-gobierno-reacciona-con-violencia\/","url":"https:\/\/apuntesdesanluis.com\/index.php\/2024\/12\/08\/caso-kueider-sin-condenar-al-senador-y-molesto-con-que-se-lo-adjudiquen-el-gobierno-reacciona-con-violencia\/","name":"CASO KUEIDER: SIN CONDENAR AL SENADOR Y MOLESTO CON QUE SE LO ADJUDIQUEN, EL GOBIERNO REACCIONA CON VIOLENCIA - Apuntes de San Luis","isPartOf":{"@id":"https:\/\/apuntesdesanluis.com\/#website"},"primaryImageOfPage":{"@id":"https:\/\/apuntesdesanluis.com\/index.php\/2024\/12\/08\/caso-kueider-sin-condenar-al-senador-y-molesto-con-que-se-lo-adjudiquen-el-gobierno-reacciona-con-violencia\/#primaryimage"},"image":{"@id":"https:\/\/apuntesdesanluis.com\/index.php\/2024\/12\/08\/caso-kueider-sin-condenar-al-senador-y-molesto-con-que-se-lo-adjudiquen-el-gobierno-reacciona-con-violencia\/#primaryimage"},"thumbnailUrl":"https:\/\/apuntesdesanluis.com\/wp-content\/uploads\/2024\/12\/KUIDER-Y-EL-TRIANGULO-DE-HIERRO.png","datePublished":"2024-12-08T23:52:12+00:00","dateModified":"2024-12-08T23:59:19+00:00","breadcrumb":{"@id":"https:\/\/apuntesdesanluis.com\/index.php\/2024\/12\/08\/caso-kueider-sin-condenar-al-senador-y-molesto-con-que-se-lo-adjudiquen-el-gobierno-reacciona-con-violencia\/#breadcrumb"},"inLanguage":"es-AR","potentialAction":[{"@type":"ReadAction","target":["https:\/\/apuntesdesanluis.com\/index.php\/2024\/12\/08\/caso-kueider-sin-condenar-al-senador-y-molesto-con-que-se-lo-adjudiquen-el-gobierno-reacciona-con-violencia\/"]}]},{"@type":"ImageObject","inLanguage":"es-AR","@id":"https:\/\/apuntesdesanluis.com\/index.php\/2024\/12\/08\/caso-kueider-sin-condenar-al-senador-y-molesto-con-que-se-lo-adjudiquen-el-gobierno-reacciona-con-violencia\/#primaryimage","url":"https:\/\/apuntesdesanluis.com\/wp-content\/uploads\/2024\/12\/KUIDER-Y-EL-TRIANGULO-DE-HIERRO.png","contentUrl":"https:\/\/apuntesdesanluis.com\/wp-content\/uploads\/2024\/12\/KUIDER-Y-EL-TRIANGULO-DE-HIERRO.png","width":545,"height":360},{"@type":"BreadcrumbList","@id":"https:\/\/apuntesdesanluis.com\/index.php\/2024\/12\/08\/caso-kueider-sin-condenar-al-senador-y-molesto-con-que-se-lo-adjudiquen-el-gobierno-reacciona-con-violencia\/#breadcrumb","itemListElement":[{"@type":"ListItem","position":1,"name":"Inicio","item":"https:\/\/apuntesdesanluis.com\/"},{"@type":"ListItem","position":2,"name":"CASO KUEIDER: SIN CONDENAR AL SENADOR Y MOLESTO CON QUE SE LO ADJUDIQUEN, EL GOBIERNO REACCIONA CON VIOLENCIA"}]},{"@type":"WebSite","@id":"https:\/\/apuntesdesanluis.com\/#website","url":"https:\/\/apuntesdesanluis.com\/","name":"Apuntes de San Luis","description":"","publisher":{"@id":"https:\/\/apuntesdesanluis.com\/#\/schema\/person\/b55151d52296fcce64d1a72538a70b90"},"potentialAction":[{"@type":"SearchAction","target":{"@type":"EntryPoint","urlTemplate":"https:\/\/apuntesdesanluis.com\/?s={search_term_string}"},"query-input":{"@type":"PropertyValueSpecification","valueRequired":true,"valueName":"search_term_string"}}],"inLanguage":"es-AR"},{"@type":["Person","Organization"],"@id":"https:\/\/apuntesdesanluis.com\/#\/schema\/person\/b55151d52296fcce64d1a72538a70b90","name":"apuntesdesanluis.com","image":{"@type":"ImageObject","inLanguage":"es-AR","@id":"https:\/\/apuntesdesanluis.com\/#\/schema\/person\/image\/","url":"https:\/\/apuntesdesanluis.com\/wp-content\/uploads\/2023\/07\/cropped-apuntesdesanluis.png","contentUrl":"https:\/\/apuntesdesanluis.com\/wp-content\/uploads\/2023\/07\/cropped-apuntesdesanluis.png","width":450,"height":112,"caption":"apuntesdesanluis.com"},"logo":{"@id":"https:\/\/apuntesdesanluis.com\/#\/schema\/person\/image\/"},"sameAs":["https:\/\/apuntesdesanluis.com"],"url":"https:\/\/apuntesdesanluis.com\/index.php\/author\/apuntesdesanluis-com\/"}]}},"featured_image_urls":{"full":["https:\/\/apuntesdesanluis.com\/wp-content\/uploads\/2024\/12\/KUIDER-Y-EL-TRIANGULO-DE-HIERRO.png",545,360,false],"thumbnail":["https:\/\/apuntesdesanluis.com\/wp-content\/uploads\/2024\/12\/KUIDER-Y-EL-TRIANGULO-DE-HIERRO-150x150.png",150,150,true],"medium":["https:\/\/apuntesdesanluis.com\/wp-content\/uploads\/2024\/12\/KUIDER-Y-EL-TRIANGULO-DE-HIERRO-300x198.png",300,198,true],"medium_large":["https:\/\/apuntesdesanluis.com\/wp-content\/uploads\/2024\/12\/KUIDER-Y-EL-TRIANGULO-DE-HIERRO.png",545,360,false],"large":["https:\/\/apuntesdesanluis.com\/wp-content\/uploads\/2024\/12\/KUIDER-Y-EL-TRIANGULO-DE-HIERRO.png",545,360,false],"1536x1536":["https:\/\/apuntesdesanluis.com\/wp-content\/uploads\/2024\/12\/KUIDER-Y-EL-TRIANGULO-DE-HIERRO.png",545,360,false],"2048x2048":["https:\/\/apuntesdesanluis.com\/wp-content\/uploads\/2024\/12\/KUIDER-Y-EL-TRIANGULO-DE-HIERRO.png",545,360,false],"newsever-slider-full":["https:\/\/apuntesdesanluis.com\/wp-content\/uploads\/2024\/12\/KUIDER-Y-EL-TRIANGULO-DE-HIERRO.png",545,360,false],"newsever-featured":["https:\/\/apuntesdesanluis.com\/wp-content\/uploads\/2024\/12\/KUIDER-Y-EL-TRIANGULO-DE-HIERRO.png",545,360,false],"newsever-medium":["https:\/\/apuntesdesanluis.com\/wp-content\/uploads\/2024\/12\/KUIDER-Y-EL-TRIANGULO-DE-HIERRO.png",545,360,false]},"author_info":{"display_name":"apuntesdesanluis.com","author_link":"https:\/\/apuntesdesanluis.com\/index.php\/author\/apuntesdesanluis-com\/"},"category_info":"<a href=\"https:\/\/apuntesdesanluis.com\/index.php\/category\/nacionales-internacionales\/\" rel=\"category tag\">Nacionales\/Internacionales<\/a>","tag_info":"Nacionales\/Internacionales","comment_count":"0","_links":{"self":[{"href":"https:\/\/apuntesdesanluis.com\/index.php\/wp-json\/wp\/v2\/posts\/26407","targetHints":{"allow":["GET"]}}],"collection":[{"href":"https:\/\/apuntesdesanluis.com\/index.php\/wp-json\/wp\/v2\/posts"}],"about":[{"href":"https:\/\/apuntesdesanluis.com\/index.php\/wp-json\/wp\/v2\/types\/post"}],"author":[{"embeddable":true,"href":"https:\/\/apuntesdesanluis.com\/index.php\/wp-json\/wp\/v2\/users\/1"}],"replies":[{"embeddable":true,"href":"https:\/\/apuntesdesanluis.com\/index.php\/wp-json\/wp\/v2\/comments?post=26407"}],"version-history":[{"count":3,"href":"https:\/\/apuntesdesanluis.com\/index.php\/wp-json\/wp\/v2\/posts\/26407\/revisions"}],"predecessor-version":[{"id":26414,"href":"https:\/\/apuntesdesanluis.com\/index.php\/wp-json\/wp\/v2\/posts\/26407\/revisions\/26414"}],"wp:featuredmedia":[{"embeddable":true,"href":"https:\/\/apuntesdesanluis.com\/index.php\/wp-json\/wp\/v2\/media\/26412"}],"wp:attachment":[{"href":"https:\/\/apuntesdesanluis.com\/index.php\/wp-json\/wp\/v2\/media?parent=26407"}],"wp:term":[{"taxonomy":"category","embeddable":true,"href":"https:\/\/apuntesdesanluis.com\/index.php\/wp-json\/wp\/v2\/categories?post=26407"},{"taxonomy":"post_tag","embeddable":true,"href":"https:\/\/apuntesdesanluis.com\/index.php\/wp-json\/wp\/v2\/tags?post=26407"}],"curies":[{"name":"wp","href":"https:\/\/api.w.org\/{rel}","templated":true}]}}