{"id":26415,"date":"2024-12-09T15:19:34","date_gmt":"2024-12-09T18:19:34","guid":{"rendered":"https:\/\/apuntesdesanluis.com\/?p=26415"},"modified":"2024-12-09T16:17:36","modified_gmt":"2024-12-09T19:17:36","slug":"historias-desobedientes-recibira-el-premio-rector-mauricio-amilcar-lopez","status":"publish","type":"post","link":"https:\/\/apuntesdesanluis.com\/index.php\/2024\/12\/09\/historias-desobedientes-recibira-el-premio-rector-mauricio-amilcar-lopez\/","title":{"rendered":"\u201cHISTORIAS DESOBEDIENTES\u201d RECIBIR\u00c1 EL PREMIO \u201cRECTOR MAURICIO AM\u00cdLCAR L\u00d3PEZ\u201d"},"content":{"rendered":"<h3>La trig\u00e9simo primera edici\u00f3n del Premio a la trayectoria en la defensa y promoci\u00f3n de los Derechos Humanos (DD.HH.) contar\u00e1 con tres (3) galardones: el Premio al colectivo <strong>Historias Desobedientes<\/strong> y dos (2) Menciones Especiales, para el poeta y profesor <strong>Juan Pablo Melto<\/strong>, y post mortem a <strong>Juan Manuel Echand\u00eda<\/strong>.<\/h3>\n<h3>Ser\u00e1 este <strong>martes 10 de diciembre<\/strong> a las 10:00 horas en Rectorado, con entrada libre y gratuita.<\/h3>\n<p><img fetchpriority=\"high\" decoding=\"async\" class=\"wp-image-26416 aligncenter\" src=\"https:\/\/apuntesdesanluis.com\/wp-content\/uploads\/2024\/12\/premio-rector-mauricio-lopez-300x179.png\" alt=\"\" width=\"625\" height=\"373\" srcset=\"https:\/\/apuntesdesanluis.com\/wp-content\/uploads\/2024\/12\/premio-rector-mauricio-lopez-300x179.png 300w, https:\/\/apuntesdesanluis.com\/wp-content\/uploads\/2024\/12\/premio-rector-mauricio-lopez-768x457.png 768w, https:\/\/apuntesdesanluis.com\/wp-content\/uploads\/2024\/12\/premio-rector-mauricio-lopez.png 852w\" sizes=\"(max-width: 625px) 100vw, 625px\" \/><\/p>\n<h3>En este marco, ser\u00e1 la primera vez que la Universidad Nacional de San Luis (UNSL) realice la entrega de legajos a familiares de <strong>Ra\u00fal Sebasti\u00e1n Cobos, Luis Mar\u00eda Fr\u00fcm y Pedro Valent\u00edn Ledesma<\/strong>, quienes fueron militantes pol\u00edticos y pertenec\u00edan a la comunidad universitaria de San Luis. Cobos y Fr\u00fcm fueron asesinados, y Ledesma contin\u00faa a\u00fan desaparecido.<\/h3>\n<h3>Adem\u00e1s, se realizar\u00e1n proyecciones de videos y un cierre musical a cargo de Yeka Ramos. Por la noche, el coro de la Instituci\u00f3n continuar\u00e1 con la conmemoraci\u00f3n, con concierto en el Auditorio Mauricio L\u00f3pez.<\/h3>\n<h3><strong>PROGRAMA DE ACTIVIDADES<\/strong><\/h3>\n<h3>Martes 10 de diciembre<\/h3>\n<h3>10:00 horas \u2013 Rectorado \u2013 Entrada libre y gratuita.<\/h3>\n<h3>Acto en la explanada<\/h3>\n<h3>\u2013 Himno Nacional Argentino<\/h3>\n<h3>\u2013 Ofrenda floral al busto de Mauricio L\u00f3pez<\/h3>\n<h3>Acto en el Auditorio Mauricio L\u00f3pez<\/h3>\n<h3>\u2013 Mesa acad\u00e9mica<\/h3>\n<h3>\u2013 Entrega de Premio a Historias Desobedientes, a cargo del Rector V\u00edctor Mori\u00f1igo.<\/h3>\n<h3>\u2013 Entrega de Menciones a Juan Pablo Melto (Rector) y a Juan Manuel Echand\u00eda (Vicerrector H\u00e9ctor Flores).<\/h3>\n<h3>\u2013 Palabras de la Coordinadora de DD.HH. de la UNSL a Ana Mar\u00eda Garraza.<\/h3>\n<h3>\u2013 Proyecci\u00f3n de video de Beatriz Quevedo, compa\u00f1era de Ra\u00fal Sebasti\u00e1n Cobos (nodocente y estudiante de la UNSL).<\/h3>\n<h3>\u2013 Entrega de Legajo de Ra\u00fal Sebasti\u00e1n Cobos a representante, Beatriz Quevedo, por parte de Ana Mar\u00eda Garraza.<\/h3>\n<h3>\u2013 Proyecci\u00f3n de video de Claudia Frum, hija de Luis Mar\u00eda Fr\u00fcm (docente de la UNSL).<\/h3>\n<h3>\u2013 Entrega de Legajo de Luis Mar\u00eda Fr\u00fcm a su nieta Laura Quimey Fr\u00fcm.<\/h3>\n<h3>\u2013 Proyecci\u00f3n de video de Catalina Garraza, compa\u00f1era de Pedro Valent\u00edn Ledesma (estudiante de la UNSL).<\/h3>\n<h3>\u2013 Entrega de Legajo de Pedro Valent\u00edn Ledesma a su familia.<\/h3>\n<h3>\u2013 Palabras del rector, V\u00edctor Mori\u00f1igo.<\/h3>\n<h3>\u2013 Cierre musical de Yeka Ramos.<\/h3>\n<h3>22:00 horas \u2013 Auditorio Mauricio L\u00f3pez \u2013 Entrada libre y gratuita.<\/h3>\n<h3>El Coro de la UNSL celebrar\u00e1 el <strong>D\u00eda Internacional de los Derechos Humanos<\/strong>.<\/h3>\n<h3>Con la direcci\u00f3n de Ricardo Marino, la asistencia de direcci\u00f3n de Laura Novillo, la direcci\u00f3n esc\u00e9nica de Marcela Aravena y la direcci\u00f3n general de elencos de Daniela Pereyra Jameson, el Coro presentar\u00e1 en su cierre de a\u00f1o una selecci\u00f3n de canciones de sus espect\u00e1culos Habitar la Democracia y 50 a\u00f1os de la UNSL, y nuevas canciones vinculadas a la defensa de los DDHH y de la Universidad P\u00fablica.<\/h3>\n<p>&nbsp;<\/p>\n<p>&nbsp;<\/p>\n<p>&nbsp;<\/p>\n<p>&nbsp;<\/p>\n<p>&nbsp;<\/p>\n","protected":false},"excerpt":{"rendered":"<p>La trig\u00e9simo primera edici\u00f3n del Premio a la trayectoria en la defensa y promoci\u00f3n de&#8230;<\/p>\n","protected":false},"author":1,"featured_media":26417,"comment_status":"closed","ping_status":"closed","sticky":false,"template":"","format":"standard","meta":{"footnotes":""},"categories":[6],"tags":[],"class_list":["post-26415","post","type-post","status-publish","format-standard","has-post-thumbnail","hentry","category-ciudad-provincia"],"yoast_head":"<!-- This site is optimized with the Yoast SEO plugin v26.1.1 - https:\/\/yoast.com\/wordpress\/plugins\/seo\/ -->\n<title>\u201cHISTORIAS DESOBEDIENTES\u201d RECIBIR\u00c1 EL PREMIO \u201cRECTOR MAURICIO AM\u00cdLCAR L\u00d3PEZ\u201d - Apuntes de San Luis<\/title>\n<meta name=\"robots\" content=\"index, follow, max-snippet:-1, max-image-preview:large, max-video-preview:-1\" \/>\n<link rel=\"canonical\" href=\"https:\/\/apuntesdesanluis.com\/index.php\/2024\/12\/09\/historias-desobedientes-recibira-el-premio-rector-mauricio-amilcar-lopez\/\" \/>\n<meta property=\"og:locale\" content=\"es_ES\" \/>\n<meta property=\"og:type\" content=\"article\" \/>\n<meta property=\"og:title\" content=\"\u201cHISTORIAS DESOBEDIENTES\u201d RECIBIR\u00c1 EL PREMIO \u201cRECTOR MAURICIO AM\u00cdLCAR L\u00d3PEZ\u201d - Apuntes de San Luis\" \/>\n<meta property=\"og:description\" content=\"La trig\u00e9simo primera edici\u00f3n del Premio a la trayectoria en la defensa y promoci\u00f3n de...\" \/>\n<meta property=\"og:url\" content=\"https:\/\/apuntesdesanluis.com\/index.php\/2024\/12\/09\/historias-desobedientes-recibira-el-premio-rector-mauricio-amilcar-lopez\/\" \/>\n<meta property=\"og:site_name\" content=\"Apuntes de San Luis\" \/>\n<meta property=\"article:published_time\" content=\"2024-12-09T18:19:34+00:00\" \/>\n<meta property=\"article:modified_time\" content=\"2024-12-09T19:17:36+00:00\" \/>\n<meta property=\"og:image\" content=\"https:\/\/apuntesdesanluis.com\/wp-content\/uploads\/2024\/12\/historias-desobedientes.png\" \/>\n\t<meta property=\"og:image:width\" content=\"548\" \/>\n\t<meta property=\"og:image:height\" content=\"366\" \/>\n\t<meta property=\"og:image:type\" content=\"image\/png\" \/>\n<meta name=\"author\" content=\"apuntesdesanluis.com\" \/>\n<meta name=\"twitter:card\" content=\"summary_large_image\" \/>\n<meta name=\"twitter:label1\" content=\"Escrito por\" \/>\n\t<meta name=\"twitter:data1\" content=\"apuntesdesanluis.com\" \/>\n\t<meta name=\"twitter:label2\" content=\"Tiempo de lectura\" \/>\n\t<meta name=\"twitter:data2\" content=\"3 minutos\" \/>\n<script type=\"application\/ld+json\" class=\"yoast-schema-graph\">{\"@context\":\"https:\/\/schema.org\",\"@graph\":[{\"@type\":\"Article\",\"@id\":\"https:\/\/apuntesdesanluis.com\/index.php\/2024\/12\/09\/historias-desobedientes-recibira-el-premio-rector-mauricio-amilcar-lopez\/#article\",\"isPartOf\":{\"@id\":\"https:\/\/apuntesdesanluis.com\/index.php\/2024\/12\/09\/historias-desobedientes-recibira-el-premio-rector-mauricio-amilcar-lopez\/\"},\"author\":{\"name\":\"apuntesdesanluis.com\",\"@id\":\"https:\/\/apuntesdesanluis.com\/#\/schema\/person\/b55151d52296fcce64d1a72538a70b90\"},\"headline\":\"\u201cHISTORIAS DESOBEDIENTES\u201d RECIBIR\u00c1 EL PREMIO \u201cRECTOR MAURICIO AM\u00cdLCAR L\u00d3PEZ\u201d\",\"datePublished\":\"2024-12-09T18:19:34+00:00\",\"dateModified\":\"2024-12-09T19:17:36+00:00\",\"mainEntityOfPage\":{\"@id\":\"https:\/\/apuntesdesanluis.com\/index.php\/2024\/12\/09\/historias-desobedientes-recibira-el-premio-rector-mauricio-amilcar-lopez\/\"},\"wordCount\":489,\"publisher\":{\"@id\":\"https:\/\/apuntesdesanluis.com\/#\/schema\/person\/b55151d52296fcce64d1a72538a70b90\"},\"image\":{\"@id\":\"https:\/\/apuntesdesanluis.com\/index.php\/2024\/12\/09\/historias-desobedientes-recibira-el-premio-rector-mauricio-amilcar-lopez\/#primaryimage\"},\"thumbnailUrl\":\"https:\/\/apuntesdesanluis.com\/wp-content\/uploads\/2024\/12\/historias-desobedientes.png\",\"articleSection\":[\"Ciudad\/Provincia\"],\"inLanguage\":\"es-AR\"},{\"@type\":\"WebPage\",\"@id\":\"https:\/\/apuntesdesanluis.com\/index.php\/2024\/12\/09\/historias-desobedientes-recibira-el-premio-rector-mauricio-amilcar-lopez\/\",\"url\":\"https:\/\/apuntesdesanluis.com\/index.php\/2024\/12\/09\/historias-desobedientes-recibira-el-premio-rector-mauricio-amilcar-lopez\/\",\"name\":\"\u201cHISTORIAS DESOBEDIENTES\u201d RECIBIR\u00c1 EL PREMIO \u201cRECTOR MAURICIO AM\u00cdLCAR L\u00d3PEZ\u201d - Apuntes de San Luis\",\"isPartOf\":{\"@id\":\"https:\/\/apuntesdesanluis.com\/#website\"},\"primaryImageOfPage\":{\"@id\":\"https:\/\/apuntesdesanluis.com\/index.php\/2024\/12\/09\/historias-desobedientes-recibira-el-premio-rector-mauricio-amilcar-lopez\/#primaryimage\"},\"image\":{\"@id\":\"https:\/\/apuntesdesanluis.com\/index.php\/2024\/12\/09\/historias-desobedientes-recibira-el-premio-rector-mauricio-amilcar-lopez\/#primaryimage\"},\"thumbnailUrl\":\"https:\/\/apuntesdesanluis.com\/wp-content\/uploads\/2024\/12\/historias-desobedientes.png\",\"datePublished\":\"2024-12-09T18:19:34+00:00\",\"dateModified\":\"2024-12-09T19:17:36+00:00\",\"breadcrumb\":{\"@id\":\"https:\/\/apuntesdesanluis.com\/index.php\/2024\/12\/09\/historias-desobedientes-recibira-el-premio-rector-mauricio-amilcar-lopez\/#breadcrumb\"},\"inLanguage\":\"es-AR\",\"potentialAction\":[{\"@type\":\"ReadAction\",\"target\":[\"https:\/\/apuntesdesanluis.com\/index.php\/2024\/12\/09\/historias-desobedientes-recibira-el-premio-rector-mauricio-amilcar-lopez\/\"]}]},{\"@type\":\"ImageObject\",\"inLanguage\":\"es-AR\",\"@id\":\"https:\/\/apuntesdesanluis.com\/index.php\/2024\/12\/09\/historias-desobedientes-recibira-el-premio-rector-mauricio-amilcar-lopez\/#primaryimage\",\"url\":\"https:\/\/apuntesdesanluis.com\/wp-content\/uploads\/2024\/12\/historias-desobedientes.png\",\"contentUrl\":\"https:\/\/apuntesdesanluis.com\/wp-content\/uploads\/2024\/12\/historias-desobedientes.png\",\"width\":548,\"height\":366},{\"@type\":\"BreadcrumbList\",\"@id\":\"https:\/\/apuntesdesanluis.com\/index.php\/2024\/12\/09\/historias-desobedientes-recibira-el-premio-rector-mauricio-amilcar-lopez\/#breadcrumb\",\"itemListElement\":[{\"@type\":\"ListItem\",\"position\":1,\"name\":\"Inicio\",\"item\":\"https:\/\/apuntesdesanluis.com\/\"},{\"@type\":\"ListItem\",\"position\":2,\"name\":\"\u201cHISTORIAS DESOBEDIENTES\u201d RECIBIR\u00c1 EL PREMIO \u201cRECTOR MAURICIO AM\u00cdLCAR L\u00d3PEZ\u201d\"}]},{\"@type\":\"WebSite\",\"@id\":\"https:\/\/apuntesdesanluis.com\/#website\",\"url\":\"https:\/\/apuntesdesanluis.com\/\",\"name\":\"Apuntes de San Luis\",\"description\":\"\",\"publisher\":{\"@id\":\"https:\/\/apuntesdesanluis.com\/#\/schema\/person\/b55151d52296fcce64d1a72538a70b90\"},\"potentialAction\":[{\"@type\":\"SearchAction\",\"target\":{\"@type\":\"EntryPoint\",\"urlTemplate\":\"https:\/\/apuntesdesanluis.com\/?s={search_term_string}\"},\"query-input\":{\"@type\":\"PropertyValueSpecification\",\"valueRequired\":true,\"valueName\":\"search_term_string\"}}],\"inLanguage\":\"es-AR\"},{\"@type\":[\"Person\",\"Organization\"],\"@id\":\"https:\/\/apuntesdesanluis.com\/#\/schema\/person\/b55151d52296fcce64d1a72538a70b90\",\"name\":\"apuntesdesanluis.com\",\"image\":{\"@type\":\"ImageObject\",\"inLanguage\":\"es-AR\",\"@id\":\"https:\/\/apuntesdesanluis.com\/#\/schema\/person\/image\/\",\"url\":\"https:\/\/apuntesdesanluis.com\/wp-content\/uploads\/2023\/07\/cropped-apuntesdesanluis.png\",\"contentUrl\":\"https:\/\/apuntesdesanluis.com\/wp-content\/uploads\/2023\/07\/cropped-apuntesdesanluis.png\",\"width\":450,\"height\":112,\"caption\":\"apuntesdesanluis.com\"},\"logo\":{\"@id\":\"https:\/\/apuntesdesanluis.com\/#\/schema\/person\/image\/\"},\"sameAs\":[\"https:\/\/apuntesdesanluis.com\"],\"url\":\"https:\/\/apuntesdesanluis.com\/index.php\/author\/apuntesdesanluis-com\/\"}]}<\/script>\n<!-- \/ Yoast SEO plugin. -->","yoast_head_json":{"title":"\u201cHISTORIAS DESOBEDIENTES\u201d RECIBIR\u00c1 EL PREMIO \u201cRECTOR MAURICIO AM\u00cdLCAR L\u00d3PEZ\u201d - Apuntes de San Luis","robots":{"index":"index","follow":"follow","max-snippet":"max-snippet:-1","max-image-preview":"max-image-preview:large","max-video-preview":"max-video-preview:-1"},"canonical":"https:\/\/apuntesdesanluis.com\/index.php\/2024\/12\/09\/historias-desobedientes-recibira-el-premio-rector-mauricio-amilcar-lopez\/","og_locale":"es_ES","og_type":"article","og_title":"\u201cHISTORIAS DESOBEDIENTES\u201d RECIBIR\u00c1 EL PREMIO \u201cRECTOR MAURICIO AM\u00cdLCAR L\u00d3PEZ\u201d - Apuntes de San Luis","og_description":"La trig\u00e9simo primera edici\u00f3n del Premio a la trayectoria en la defensa y promoci\u00f3n de...","og_url":"https:\/\/apuntesdesanluis.com\/index.php\/2024\/12\/09\/historias-desobedientes-recibira-el-premio-rector-mauricio-amilcar-lopez\/","og_site_name":"Apuntes de San Luis","article_published_time":"2024-12-09T18:19:34+00:00","article_modified_time":"2024-12-09T19:17:36+00:00","og_image":[{"width":548,"height":366,"url":"https:\/\/apuntesdesanluis.com\/wp-content\/uploads\/2024\/12\/historias-desobedientes.png","type":"image\/png"}],"author":"apuntesdesanluis.com","twitter_card":"summary_large_image","twitter_misc":{"Escrito por":"apuntesdesanluis.com","Tiempo de lectura":"3 minutos"},"schema":{"@context":"https:\/\/schema.org","@graph":[{"@type":"Article","@id":"https:\/\/apuntesdesanluis.com\/index.php\/2024\/12\/09\/historias-desobedientes-recibira-el-premio-rector-mauricio-amilcar-lopez\/#article","isPartOf":{"@id":"https:\/\/apuntesdesanluis.com\/index.php\/2024\/12\/09\/historias-desobedientes-recibira-el-premio-rector-mauricio-amilcar-lopez\/"},"author":{"name":"apuntesdesanluis.com","@id":"https:\/\/apuntesdesanluis.com\/#\/schema\/person\/b55151d52296fcce64d1a72538a70b90"},"headline":"\u201cHISTORIAS DESOBEDIENTES\u201d RECIBIR\u00c1 EL PREMIO \u201cRECTOR MAURICIO AM\u00cdLCAR L\u00d3PEZ\u201d","datePublished":"2024-12-09T18:19:34+00:00","dateModified":"2024-12-09T19:17:36+00:00","mainEntityOfPage":{"@id":"https:\/\/apuntesdesanluis.com\/index.php\/2024\/12\/09\/historias-desobedientes-recibira-el-premio-rector-mauricio-amilcar-lopez\/"},"wordCount":489,"publisher":{"@id":"https:\/\/apuntesdesanluis.com\/#\/schema\/person\/b55151d52296fcce64d1a72538a70b90"},"image":{"@id":"https:\/\/apuntesdesanluis.com\/index.php\/2024\/12\/09\/historias-desobedientes-recibira-el-premio-rector-mauricio-amilcar-lopez\/#primaryimage"},"thumbnailUrl":"https:\/\/apuntesdesanluis.com\/wp-content\/uploads\/2024\/12\/historias-desobedientes.png","articleSection":["Ciudad\/Provincia"],"inLanguage":"es-AR"},{"@type":"WebPage","@id":"https:\/\/apuntesdesanluis.com\/index.php\/2024\/12\/09\/historias-desobedientes-recibira-el-premio-rector-mauricio-amilcar-lopez\/","url":"https:\/\/apuntesdesanluis.com\/index.php\/2024\/12\/09\/historias-desobedientes-recibira-el-premio-rector-mauricio-amilcar-lopez\/","name":"\u201cHISTORIAS DESOBEDIENTES\u201d RECIBIR\u00c1 EL PREMIO \u201cRECTOR MAURICIO AM\u00cdLCAR L\u00d3PEZ\u201d - Apuntes de San Luis","isPartOf":{"@id":"https:\/\/apuntesdesanluis.com\/#website"},"primaryImageOfPage":{"@id":"https:\/\/apuntesdesanluis.com\/index.php\/2024\/12\/09\/historias-desobedientes-recibira-el-premio-rector-mauricio-amilcar-lopez\/#primaryimage"},"image":{"@id":"https:\/\/apuntesdesanluis.com\/index.php\/2024\/12\/09\/historias-desobedientes-recibira-el-premio-rector-mauricio-amilcar-lopez\/#primaryimage"},"thumbnailUrl":"https:\/\/apuntesdesanluis.com\/wp-content\/uploads\/2024\/12\/historias-desobedientes.png","datePublished":"2024-12-09T18:19:34+00:00","dateModified":"2024-12-09T19:17:36+00:00","breadcrumb":{"@id":"https:\/\/apuntesdesanluis.com\/index.php\/2024\/12\/09\/historias-desobedientes-recibira-el-premio-rector-mauricio-amilcar-lopez\/#breadcrumb"},"inLanguage":"es-AR","potentialAction":[{"@type":"ReadAction","target":["https:\/\/apuntesdesanluis.com\/index.php\/2024\/12\/09\/historias-desobedientes-recibira-el-premio-rector-mauricio-amilcar-lopez\/"]}]},{"@type":"ImageObject","inLanguage":"es-AR","@id":"https:\/\/apuntesdesanluis.com\/index.php\/2024\/12\/09\/historias-desobedientes-recibira-el-premio-rector-mauricio-amilcar-lopez\/#primaryimage","url":"https:\/\/apuntesdesanluis.com\/wp-content\/uploads\/2024\/12\/historias-desobedientes.png","contentUrl":"https:\/\/apuntesdesanluis.com\/wp-content\/uploads\/2024\/12\/historias-desobedientes.png","width":548,"height":366},{"@type":"BreadcrumbList","@id":"https:\/\/apuntesdesanluis.com\/index.php\/2024\/12\/09\/historias-desobedientes-recibira-el-premio-rector-mauricio-amilcar-lopez\/#breadcrumb","itemListElement":[{"@type":"ListItem","position":1,"name":"Inicio","item":"https:\/\/apuntesdesanluis.com\/"},{"@type":"ListItem","position":2,"name":"\u201cHISTORIAS DESOBEDIENTES\u201d RECIBIR\u00c1 EL PREMIO \u201cRECTOR MAURICIO AM\u00cdLCAR L\u00d3PEZ\u201d"}]},{"@type":"WebSite","@id":"https:\/\/apuntesdesanluis.com\/#website","url":"https:\/\/apuntesdesanluis.com\/","name":"Apuntes de San Luis","description":"","publisher":{"@id":"https:\/\/apuntesdesanluis.com\/#\/schema\/person\/b55151d52296fcce64d1a72538a70b90"},"potentialAction":[{"@type":"SearchAction","target":{"@type":"EntryPoint","urlTemplate":"https:\/\/apuntesdesanluis.com\/?s={search_term_string}"},"query-input":{"@type":"PropertyValueSpecification","valueRequired":true,"valueName":"search_term_string"}}],"inLanguage":"es-AR"},{"@type":["Person","Organization"],"@id":"https:\/\/apuntesdesanluis.com\/#\/schema\/person\/b55151d52296fcce64d1a72538a70b90","name":"apuntesdesanluis.com","image":{"@type":"ImageObject","inLanguage":"es-AR","@id":"https:\/\/apuntesdesanluis.com\/#\/schema\/person\/image\/","url":"https:\/\/apuntesdesanluis.com\/wp-content\/uploads\/2023\/07\/cropped-apuntesdesanluis.png","contentUrl":"https:\/\/apuntesdesanluis.com\/wp-content\/uploads\/2023\/07\/cropped-apuntesdesanluis.png","width":450,"height":112,"caption":"apuntesdesanluis.com"},"logo":{"@id":"https:\/\/apuntesdesanluis.com\/#\/schema\/person\/image\/"},"sameAs":["https:\/\/apuntesdesanluis.com"],"url":"https:\/\/apuntesdesanluis.com\/index.php\/author\/apuntesdesanluis-com\/"}]}},"featured_image_urls":{"full":["https:\/\/apuntesdesanluis.com\/wp-content\/uploads\/2024\/12\/historias-desobedientes.png",548,366,false],"thumbnail":["https:\/\/apuntesdesanluis.com\/wp-content\/uploads\/2024\/12\/historias-desobedientes-150x150.png",150,150,true],"medium":["https:\/\/apuntesdesanluis.com\/wp-content\/uploads\/2024\/12\/historias-desobedientes-300x200.png",300,200,true],"medium_large":["https:\/\/apuntesdesanluis.com\/wp-content\/uploads\/2024\/12\/historias-desobedientes.png",548,366,false],"large":["https:\/\/apuntesdesanluis.com\/wp-content\/uploads\/2024\/12\/historias-desobedientes.png",548,366,false],"1536x1536":["https:\/\/apuntesdesanluis.com\/wp-content\/uploads\/2024\/12\/historias-desobedientes.png",548,366,false],"2048x2048":["https:\/\/apuntesdesanluis.com\/wp-content\/uploads\/2024\/12\/historias-desobedientes.png",548,366,false],"newsever-slider-full":["https:\/\/apuntesdesanluis.com\/wp-content\/uploads\/2024\/12\/historias-desobedientes.png",548,366,false],"newsever-featured":["https:\/\/apuntesdesanluis.com\/wp-content\/uploads\/2024\/12\/historias-desobedientes.png",548,366,false],"newsever-medium":["https:\/\/apuntesdesanluis.com\/wp-content\/uploads\/2024\/12\/historias-desobedientes.png",548,366,false]},"author_info":{"display_name":"apuntesdesanluis.com","author_link":"https:\/\/apuntesdesanluis.com\/index.php\/author\/apuntesdesanluis-com\/"},"category_info":"<a href=\"https:\/\/apuntesdesanluis.com\/index.php\/category\/ciudad-provincia\/\" rel=\"category tag\">Ciudad\/Provincia<\/a>","tag_info":"Ciudad\/Provincia","comment_count":"0","_links":{"self":[{"href":"https:\/\/apuntesdesanluis.com\/index.php\/wp-json\/wp\/v2\/posts\/26415","targetHints":{"allow":["GET"]}}],"collection":[{"href":"https:\/\/apuntesdesanluis.com\/index.php\/wp-json\/wp\/v2\/posts"}],"about":[{"href":"https:\/\/apuntesdesanluis.com\/index.php\/wp-json\/wp\/v2\/types\/post"}],"author":[{"embeddable":true,"href":"https:\/\/apuntesdesanluis.com\/index.php\/wp-json\/wp\/v2\/users\/1"}],"replies":[{"embeddable":true,"href":"https:\/\/apuntesdesanluis.com\/index.php\/wp-json\/wp\/v2\/comments?post=26415"}],"version-history":[{"count":1,"href":"https:\/\/apuntesdesanluis.com\/index.php\/wp-json\/wp\/v2\/posts\/26415\/revisions"}],"predecessor-version":[{"id":26418,"href":"https:\/\/apuntesdesanluis.com\/index.php\/wp-json\/wp\/v2\/posts\/26415\/revisions\/26418"}],"wp:featuredmedia":[{"embeddable":true,"href":"https:\/\/apuntesdesanluis.com\/index.php\/wp-json\/wp\/v2\/media\/26417"}],"wp:attachment":[{"href":"https:\/\/apuntesdesanluis.com\/index.php\/wp-json\/wp\/v2\/media?parent=26415"}],"wp:term":[{"taxonomy":"category","embeddable":true,"href":"https:\/\/apuntesdesanluis.com\/index.php\/wp-json\/wp\/v2\/categories?post=26415"},{"taxonomy":"post_tag","embeddable":true,"href":"https:\/\/apuntesdesanluis.com\/index.php\/wp-json\/wp\/v2\/tags?post=26415"}],"curies":[{"name":"wp","href":"https:\/\/api.w.org\/{rel}","templated":true}]}}