{"id":26419,"date":"2024-12-08T21:58:49","date_gmt":"2024-12-09T00:58:49","guid":{"rendered":"https:\/\/apuntesdesanluis.com\/?p=26419"},"modified":"2024-12-08T21:58:49","modified_gmt":"2024-12-09T00:58:49","slug":"san-luis-adhiere-a-ley-nacional-que-termina-con-la-industria-del-juicio-en-materia-laboral","status":"publish","type":"post","link":"https:\/\/apuntesdesanluis.com\/index.php\/2024\/12\/08\/san-luis-adhiere-a-ley-nacional-que-termina-con-la-industria-del-juicio-en-materia-laboral\/","title":{"rendered":"SAN LUIS ADHIERE A LEY NACIONAL QUE TERMINA CON LA \u2018INDUSTRIA DEL JUICIO\u2019 EN MATERIA LABORAL"},"content":{"rendered":"<h3>El gobernador <strong>Claudio Poggi<\/strong> firm\u00f3 un decreto de promulgaci\u00f3n que implica la adhesi\u00f3n de San Luis a la Ley Nacional N\u00b0 27.348 \u201cComplementaria de la Ley sobre riesgos de trabajo\u201d.<\/h3>\n<h3>\u201cEs un paso importante para el sector industrial y las pymes, ya que complementa las legislaciones sobre riesgo de trabajo que ya rigen a nivel nacional. Esta nueva norma busca reducir lo que se conoce como \u2018industria del juicio\u2019 mediante una instancia previa de conciliaci\u00f3n, algo que ya funciona en otras provincias como C\u00f3rdoba\u201d,\u00a0 indic\u00f3 la informaci\u00f3n oficial.<\/h3>\n<h3>La norma lleva la sanci\u00f3n legislativa N\u00b0V-1159-2024 y fue tratada en la Legislatura el \u00faltimo 28 de noviembre.\u00a0 Su entrada en vigencia quedar\u00e1 supeditada a la instrumentaci\u00f3n de los convenios a los que alude el art\u00edculo 2\u00b0.<\/h3>\n<h3>Se trata de acuerdos de colaboraci\u00f3n coordinaci\u00f3n que el Ejecutivo provincial debe firmar con la Superintendencia de Riesgos de Trabajo para la conformaci\u00f3n de Comisiones M\u00e9dicas Jurisdiccionales.<\/h3>\n<h3>En San Luis habr\u00e1 tres, una por cada Circunscripci\u00f3n Judicial. O sea que se crear\u00e1n en San Luis, Villa Mercedes y Concar\u00e1n. Estas comisiones actuar\u00e1n en San Luis como una instancia prejurisdiccional.<\/h3>\n<h3>Seg\u00fan la ley promulgada por el Gobierno, deber\u00e1n actuar con \u201cceleridad, sencillez y gratuidad para los trabajadores\u201d; brinda una buena \u201ccalidad de atenci\u00f3n\u201d; y sus dict\u00e1menes m\u00e9dicos deber\u00e1n tener \u201cfundamentaci\u00f3n cient\u00edfica, imparcialidad, objetividad y profesionalismo\u201d.<\/h3>\n<h3>Es una buena noticia tanto para los trabajadores, que ver\u00e1n cubiertos sus derechos ante la Justicia laboral, como para las empresas, que ya no deber\u00e1n enfrentarse a la \u2018industria del juicio\u2019 que acarrea p\u00e9rdidas para quienes dan trabajo y s\u00f3lo sirve para llenar los bolsillos de unos pocos.<\/h3>\n<p>&nbsp;<\/p>\n<p>&nbsp;<\/p>\n<p>&nbsp;<\/p>\n","protected":false},"excerpt":{"rendered":"<p>El gobernador Claudio Poggi firm\u00f3 un decreto de promulgaci\u00f3n que implica la adhesi\u00f3n de San&#8230;<\/p>\n","protected":false},"author":1,"featured_media":26420,"comment_status":"closed","ping_status":"closed","sticky":false,"template":"","format":"standard","meta":{"footnotes":""},"categories":[6],"tags":[],"class_list":["post-26419","post","type-post","status-publish","format-standard","has-post-thumbnail","hentry","category-ciudad-provincia"],"yoast_head":"<!-- This site is optimized with the Yoast SEO plugin v26.1.1 - https:\/\/yoast.com\/wordpress\/plugins\/seo\/ -->\n<title>SAN LUIS ADHIERE A LEY NACIONAL QUE TERMINA CON LA \u2018INDUSTRIA DEL JUICIO\u2019 EN MATERIA LABORAL - Apuntes de San Luis<\/title>\n<meta name=\"robots\" content=\"index, follow, max-snippet:-1, max-image-preview:large, max-video-preview:-1\" \/>\n<link rel=\"canonical\" href=\"https:\/\/apuntesdesanluis.com\/index.php\/2024\/12\/08\/san-luis-adhiere-a-ley-nacional-que-termina-con-la-industria-del-juicio-en-materia-laboral\/\" \/>\n<meta property=\"og:locale\" content=\"es_ES\" \/>\n<meta property=\"og:type\" content=\"article\" \/>\n<meta property=\"og:title\" content=\"SAN LUIS ADHIERE A LEY NACIONAL QUE TERMINA CON LA \u2018INDUSTRIA DEL JUICIO\u2019 EN MATERIA LABORAL - Apuntes de San Luis\" \/>\n<meta property=\"og:description\" content=\"El gobernador Claudio Poggi firm\u00f3 un decreto de promulgaci\u00f3n que implica la adhesi\u00f3n de San...\" \/>\n<meta property=\"og:url\" content=\"https:\/\/apuntesdesanluis.com\/index.php\/2024\/12\/08\/san-luis-adhiere-a-ley-nacional-que-termina-con-la-industria-del-juicio-en-materia-laboral\/\" \/>\n<meta property=\"og:site_name\" content=\"Apuntes de San Luis\" \/>\n<meta property=\"article:published_time\" content=\"2024-12-09T00:58:49+00:00\" \/>\n<meta property=\"og:image\" content=\"https:\/\/apuntesdesanluis.com\/wp-content\/uploads\/2024\/12\/poggi-saluda-a-laburante.png\" \/>\n\t<meta property=\"og:image:width\" content=\"683\" \/>\n\t<meta property=\"og:image:height\" content=\"446\" \/>\n\t<meta property=\"og:image:type\" content=\"image\/png\" \/>\n<meta name=\"author\" content=\"apuntesdesanluis.com\" \/>\n<meta name=\"twitter:card\" content=\"summary_large_image\" \/>\n<meta name=\"twitter:label1\" content=\"Escrito por\" \/>\n\t<meta name=\"twitter:data1\" content=\"apuntesdesanluis.com\" \/>\n\t<meta name=\"twitter:label2\" content=\"Tiempo de lectura\" \/>\n\t<meta name=\"twitter:data2\" content=\"2 minutos\" \/>\n<script type=\"application\/ld+json\" class=\"yoast-schema-graph\">{\"@context\":\"https:\/\/schema.org\",\"@graph\":[{\"@type\":\"Article\",\"@id\":\"https:\/\/apuntesdesanluis.com\/index.php\/2024\/12\/08\/san-luis-adhiere-a-ley-nacional-que-termina-con-la-industria-del-juicio-en-materia-laboral\/#article\",\"isPartOf\":{\"@id\":\"https:\/\/apuntesdesanluis.com\/index.php\/2024\/12\/08\/san-luis-adhiere-a-ley-nacional-que-termina-con-la-industria-del-juicio-en-materia-laboral\/\"},\"author\":{\"name\":\"apuntesdesanluis.com\",\"@id\":\"https:\/\/apuntesdesanluis.com\/#\/schema\/person\/b55151d52296fcce64d1a72538a70b90\"},\"headline\":\"SAN LUIS ADHIERE A LEY NACIONAL QUE TERMINA CON LA \u2018INDUSTRIA DEL JUICIO\u2019 EN MATERIA LABORAL\",\"datePublished\":\"2024-12-09T00:58:49+00:00\",\"mainEntityOfPage\":{\"@id\":\"https:\/\/apuntesdesanluis.com\/index.php\/2024\/12\/08\/san-luis-adhiere-a-ley-nacional-que-termina-con-la-industria-del-juicio-en-materia-laboral\/\"},\"wordCount\":313,\"publisher\":{\"@id\":\"https:\/\/apuntesdesanluis.com\/#\/schema\/person\/b55151d52296fcce64d1a72538a70b90\"},\"image\":{\"@id\":\"https:\/\/apuntesdesanluis.com\/index.php\/2024\/12\/08\/san-luis-adhiere-a-ley-nacional-que-termina-con-la-industria-del-juicio-en-materia-laboral\/#primaryimage\"},\"thumbnailUrl\":\"https:\/\/apuntesdesanluis.com\/wp-content\/uploads\/2024\/12\/poggi-saluda-a-laburante.png\",\"articleSection\":[\"Ciudad\/Provincia\"],\"inLanguage\":\"es-AR\"},{\"@type\":\"WebPage\",\"@id\":\"https:\/\/apuntesdesanluis.com\/index.php\/2024\/12\/08\/san-luis-adhiere-a-ley-nacional-que-termina-con-la-industria-del-juicio-en-materia-laboral\/\",\"url\":\"https:\/\/apuntesdesanluis.com\/index.php\/2024\/12\/08\/san-luis-adhiere-a-ley-nacional-que-termina-con-la-industria-del-juicio-en-materia-laboral\/\",\"name\":\"SAN LUIS ADHIERE A LEY NACIONAL QUE TERMINA CON LA \u2018INDUSTRIA DEL JUICIO\u2019 EN MATERIA LABORAL - Apuntes de San Luis\",\"isPartOf\":{\"@id\":\"https:\/\/apuntesdesanluis.com\/#website\"},\"primaryImageOfPage\":{\"@id\":\"https:\/\/apuntesdesanluis.com\/index.php\/2024\/12\/08\/san-luis-adhiere-a-ley-nacional-que-termina-con-la-industria-del-juicio-en-materia-laboral\/#primaryimage\"},\"image\":{\"@id\":\"https:\/\/apuntesdesanluis.com\/index.php\/2024\/12\/08\/san-luis-adhiere-a-ley-nacional-que-termina-con-la-industria-del-juicio-en-materia-laboral\/#primaryimage\"},\"thumbnailUrl\":\"https:\/\/apuntesdesanluis.com\/wp-content\/uploads\/2024\/12\/poggi-saluda-a-laburante.png\",\"datePublished\":\"2024-12-09T00:58:49+00:00\",\"breadcrumb\":{\"@id\":\"https:\/\/apuntesdesanluis.com\/index.php\/2024\/12\/08\/san-luis-adhiere-a-ley-nacional-que-termina-con-la-industria-del-juicio-en-materia-laboral\/#breadcrumb\"},\"inLanguage\":\"es-AR\",\"potentialAction\":[{\"@type\":\"ReadAction\",\"target\":[\"https:\/\/apuntesdesanluis.com\/index.php\/2024\/12\/08\/san-luis-adhiere-a-ley-nacional-que-termina-con-la-industria-del-juicio-en-materia-laboral\/\"]}]},{\"@type\":\"ImageObject\",\"inLanguage\":\"es-AR\",\"@id\":\"https:\/\/apuntesdesanluis.com\/index.php\/2024\/12\/08\/san-luis-adhiere-a-ley-nacional-que-termina-con-la-industria-del-juicio-en-materia-laboral\/#primaryimage\",\"url\":\"https:\/\/apuntesdesanluis.com\/wp-content\/uploads\/2024\/12\/poggi-saluda-a-laburante.png\",\"contentUrl\":\"https:\/\/apuntesdesanluis.com\/wp-content\/uploads\/2024\/12\/poggi-saluda-a-laburante.png\",\"width\":683,\"height\":446},{\"@type\":\"BreadcrumbList\",\"@id\":\"https:\/\/apuntesdesanluis.com\/index.php\/2024\/12\/08\/san-luis-adhiere-a-ley-nacional-que-termina-con-la-industria-del-juicio-en-materia-laboral\/#breadcrumb\",\"itemListElement\":[{\"@type\":\"ListItem\",\"position\":1,\"name\":\"Inicio\",\"item\":\"https:\/\/apuntesdesanluis.com\/\"},{\"@type\":\"ListItem\",\"position\":2,\"name\":\"SAN LUIS ADHIERE A LEY NACIONAL QUE TERMINA CON LA \u2018INDUSTRIA DEL JUICIO\u2019 EN MATERIA LABORAL\"}]},{\"@type\":\"WebSite\",\"@id\":\"https:\/\/apuntesdesanluis.com\/#website\",\"url\":\"https:\/\/apuntesdesanluis.com\/\",\"name\":\"Apuntes de San Luis\",\"description\":\"\",\"publisher\":{\"@id\":\"https:\/\/apuntesdesanluis.com\/#\/schema\/person\/b55151d52296fcce64d1a72538a70b90\"},\"potentialAction\":[{\"@type\":\"SearchAction\",\"target\":{\"@type\":\"EntryPoint\",\"urlTemplate\":\"https:\/\/apuntesdesanluis.com\/?s={search_term_string}\"},\"query-input\":{\"@type\":\"PropertyValueSpecification\",\"valueRequired\":true,\"valueName\":\"search_term_string\"}}],\"inLanguage\":\"es-AR\"},{\"@type\":[\"Person\",\"Organization\"],\"@id\":\"https:\/\/apuntesdesanluis.com\/#\/schema\/person\/b55151d52296fcce64d1a72538a70b90\",\"name\":\"apuntesdesanluis.com\",\"image\":{\"@type\":\"ImageObject\",\"inLanguage\":\"es-AR\",\"@id\":\"https:\/\/apuntesdesanluis.com\/#\/schema\/person\/image\/\",\"url\":\"https:\/\/apuntesdesanluis.com\/wp-content\/uploads\/2023\/07\/cropped-apuntesdesanluis.png\",\"contentUrl\":\"https:\/\/apuntesdesanluis.com\/wp-content\/uploads\/2023\/07\/cropped-apuntesdesanluis.png\",\"width\":450,\"height\":112,\"caption\":\"apuntesdesanluis.com\"},\"logo\":{\"@id\":\"https:\/\/apuntesdesanluis.com\/#\/schema\/person\/image\/\"},\"sameAs\":[\"https:\/\/apuntesdesanluis.com\"],\"url\":\"https:\/\/apuntesdesanluis.com\/index.php\/author\/apuntesdesanluis-com\/\"}]}<\/script>\n<!-- \/ Yoast SEO plugin. -->","yoast_head_json":{"title":"SAN LUIS ADHIERE A LEY NACIONAL QUE TERMINA CON LA \u2018INDUSTRIA DEL JUICIO\u2019 EN MATERIA LABORAL - Apuntes de San Luis","robots":{"index":"index","follow":"follow","max-snippet":"max-snippet:-1","max-image-preview":"max-image-preview:large","max-video-preview":"max-video-preview:-1"},"canonical":"https:\/\/apuntesdesanluis.com\/index.php\/2024\/12\/08\/san-luis-adhiere-a-ley-nacional-que-termina-con-la-industria-del-juicio-en-materia-laboral\/","og_locale":"es_ES","og_type":"article","og_title":"SAN LUIS ADHIERE A LEY NACIONAL QUE TERMINA CON LA \u2018INDUSTRIA DEL JUICIO\u2019 EN MATERIA LABORAL - Apuntes de San Luis","og_description":"El gobernador Claudio Poggi firm\u00f3 un decreto de promulgaci\u00f3n que implica la adhesi\u00f3n de San...","og_url":"https:\/\/apuntesdesanluis.com\/index.php\/2024\/12\/08\/san-luis-adhiere-a-ley-nacional-que-termina-con-la-industria-del-juicio-en-materia-laboral\/","og_site_name":"Apuntes de San Luis","article_published_time":"2024-12-09T00:58:49+00:00","og_image":[{"width":683,"height":446,"url":"https:\/\/apuntesdesanluis.com\/wp-content\/uploads\/2024\/12\/poggi-saluda-a-laburante.png","type":"image\/png"}],"author":"apuntesdesanluis.com","twitter_card":"summary_large_image","twitter_misc":{"Escrito por":"apuntesdesanluis.com","Tiempo de lectura":"2 minutos"},"schema":{"@context":"https:\/\/schema.org","@graph":[{"@type":"Article","@id":"https:\/\/apuntesdesanluis.com\/index.php\/2024\/12\/08\/san-luis-adhiere-a-ley-nacional-que-termina-con-la-industria-del-juicio-en-materia-laboral\/#article","isPartOf":{"@id":"https:\/\/apuntesdesanluis.com\/index.php\/2024\/12\/08\/san-luis-adhiere-a-ley-nacional-que-termina-con-la-industria-del-juicio-en-materia-laboral\/"},"author":{"name":"apuntesdesanluis.com","@id":"https:\/\/apuntesdesanluis.com\/#\/schema\/person\/b55151d52296fcce64d1a72538a70b90"},"headline":"SAN LUIS ADHIERE A LEY NACIONAL QUE TERMINA CON LA \u2018INDUSTRIA DEL JUICIO\u2019 EN MATERIA LABORAL","datePublished":"2024-12-09T00:58:49+00:00","mainEntityOfPage":{"@id":"https:\/\/apuntesdesanluis.com\/index.php\/2024\/12\/08\/san-luis-adhiere-a-ley-nacional-que-termina-con-la-industria-del-juicio-en-materia-laboral\/"},"wordCount":313,"publisher":{"@id":"https:\/\/apuntesdesanluis.com\/#\/schema\/person\/b55151d52296fcce64d1a72538a70b90"},"image":{"@id":"https:\/\/apuntesdesanluis.com\/index.php\/2024\/12\/08\/san-luis-adhiere-a-ley-nacional-que-termina-con-la-industria-del-juicio-en-materia-laboral\/#primaryimage"},"thumbnailUrl":"https:\/\/apuntesdesanluis.com\/wp-content\/uploads\/2024\/12\/poggi-saluda-a-laburante.png","articleSection":["Ciudad\/Provincia"],"inLanguage":"es-AR"},{"@type":"WebPage","@id":"https:\/\/apuntesdesanluis.com\/index.php\/2024\/12\/08\/san-luis-adhiere-a-ley-nacional-que-termina-con-la-industria-del-juicio-en-materia-laboral\/","url":"https:\/\/apuntesdesanluis.com\/index.php\/2024\/12\/08\/san-luis-adhiere-a-ley-nacional-que-termina-con-la-industria-del-juicio-en-materia-laboral\/","name":"SAN LUIS ADHIERE A LEY NACIONAL QUE TERMINA CON LA \u2018INDUSTRIA DEL JUICIO\u2019 EN MATERIA LABORAL - Apuntes de San Luis","isPartOf":{"@id":"https:\/\/apuntesdesanluis.com\/#website"},"primaryImageOfPage":{"@id":"https:\/\/apuntesdesanluis.com\/index.php\/2024\/12\/08\/san-luis-adhiere-a-ley-nacional-que-termina-con-la-industria-del-juicio-en-materia-laboral\/#primaryimage"},"image":{"@id":"https:\/\/apuntesdesanluis.com\/index.php\/2024\/12\/08\/san-luis-adhiere-a-ley-nacional-que-termina-con-la-industria-del-juicio-en-materia-laboral\/#primaryimage"},"thumbnailUrl":"https:\/\/apuntesdesanluis.com\/wp-content\/uploads\/2024\/12\/poggi-saluda-a-laburante.png","datePublished":"2024-12-09T00:58:49+00:00","breadcrumb":{"@id":"https:\/\/apuntesdesanluis.com\/index.php\/2024\/12\/08\/san-luis-adhiere-a-ley-nacional-que-termina-con-la-industria-del-juicio-en-materia-laboral\/#breadcrumb"},"inLanguage":"es-AR","potentialAction":[{"@type":"ReadAction","target":["https:\/\/apuntesdesanluis.com\/index.php\/2024\/12\/08\/san-luis-adhiere-a-ley-nacional-que-termina-con-la-industria-del-juicio-en-materia-laboral\/"]}]},{"@type":"ImageObject","inLanguage":"es-AR","@id":"https:\/\/apuntesdesanluis.com\/index.php\/2024\/12\/08\/san-luis-adhiere-a-ley-nacional-que-termina-con-la-industria-del-juicio-en-materia-laboral\/#primaryimage","url":"https:\/\/apuntesdesanluis.com\/wp-content\/uploads\/2024\/12\/poggi-saluda-a-laburante.png","contentUrl":"https:\/\/apuntesdesanluis.com\/wp-content\/uploads\/2024\/12\/poggi-saluda-a-laburante.png","width":683,"height":446},{"@type":"BreadcrumbList","@id":"https:\/\/apuntesdesanluis.com\/index.php\/2024\/12\/08\/san-luis-adhiere-a-ley-nacional-que-termina-con-la-industria-del-juicio-en-materia-laboral\/#breadcrumb","itemListElement":[{"@type":"ListItem","position":1,"name":"Inicio","item":"https:\/\/apuntesdesanluis.com\/"},{"@type":"ListItem","position":2,"name":"SAN LUIS ADHIERE A LEY NACIONAL QUE TERMINA CON LA \u2018INDUSTRIA DEL JUICIO\u2019 EN MATERIA LABORAL"}]},{"@type":"WebSite","@id":"https:\/\/apuntesdesanluis.com\/#website","url":"https:\/\/apuntesdesanluis.com\/","name":"Apuntes de San Luis","description":"","publisher":{"@id":"https:\/\/apuntesdesanluis.com\/#\/schema\/person\/b55151d52296fcce64d1a72538a70b90"},"potentialAction":[{"@type":"SearchAction","target":{"@type":"EntryPoint","urlTemplate":"https:\/\/apuntesdesanluis.com\/?s={search_term_string}"},"query-input":{"@type":"PropertyValueSpecification","valueRequired":true,"valueName":"search_term_string"}}],"inLanguage":"es-AR"},{"@type":["Person","Organization"],"@id":"https:\/\/apuntesdesanluis.com\/#\/schema\/person\/b55151d52296fcce64d1a72538a70b90","name":"apuntesdesanluis.com","image":{"@type":"ImageObject","inLanguage":"es-AR","@id":"https:\/\/apuntesdesanluis.com\/#\/schema\/person\/image\/","url":"https:\/\/apuntesdesanluis.com\/wp-content\/uploads\/2023\/07\/cropped-apuntesdesanluis.png","contentUrl":"https:\/\/apuntesdesanluis.com\/wp-content\/uploads\/2023\/07\/cropped-apuntesdesanluis.png","width":450,"height":112,"caption":"apuntesdesanluis.com"},"logo":{"@id":"https:\/\/apuntesdesanluis.com\/#\/schema\/person\/image\/"},"sameAs":["https:\/\/apuntesdesanluis.com"],"url":"https:\/\/apuntesdesanluis.com\/index.php\/author\/apuntesdesanluis-com\/"}]}},"featured_image_urls":{"full":["https:\/\/apuntesdesanluis.com\/wp-content\/uploads\/2024\/12\/poggi-saluda-a-laburante.png",683,446,false],"thumbnail":["https:\/\/apuntesdesanluis.com\/wp-content\/uploads\/2024\/12\/poggi-saluda-a-laburante-150x150.png",150,150,true],"medium":["https:\/\/apuntesdesanluis.com\/wp-content\/uploads\/2024\/12\/poggi-saluda-a-laburante-300x196.png",300,196,true],"medium_large":["https:\/\/apuntesdesanluis.com\/wp-content\/uploads\/2024\/12\/poggi-saluda-a-laburante.png",640,418,false],"large":["https:\/\/apuntesdesanluis.com\/wp-content\/uploads\/2024\/12\/poggi-saluda-a-laburante.png",640,418,false],"1536x1536":["https:\/\/apuntesdesanluis.com\/wp-content\/uploads\/2024\/12\/poggi-saluda-a-laburante.png",683,446,false],"2048x2048":["https:\/\/apuntesdesanluis.com\/wp-content\/uploads\/2024\/12\/poggi-saluda-a-laburante.png",683,446,false],"newsever-slider-full":["https:\/\/apuntesdesanluis.com\/wp-content\/uploads\/2024\/12\/poggi-saluda-a-laburante.png",683,446,false],"newsever-featured":["https:\/\/apuntesdesanluis.com\/wp-content\/uploads\/2024\/12\/poggi-saluda-a-laburante.png",683,446,false],"newsever-medium":["https:\/\/apuntesdesanluis.com\/wp-content\/uploads\/2024\/12\/poggi-saluda-a-laburante.png",683,446,false]},"author_info":{"display_name":"apuntesdesanluis.com","author_link":"https:\/\/apuntesdesanluis.com\/index.php\/author\/apuntesdesanluis-com\/"},"category_info":"<a href=\"https:\/\/apuntesdesanluis.com\/index.php\/category\/ciudad-provincia\/\" rel=\"category tag\">Ciudad\/Provincia<\/a>","tag_info":"Ciudad\/Provincia","comment_count":"0","_links":{"self":[{"href":"https:\/\/apuntesdesanluis.com\/index.php\/wp-json\/wp\/v2\/posts\/26419","targetHints":{"allow":["GET"]}}],"collection":[{"href":"https:\/\/apuntesdesanluis.com\/index.php\/wp-json\/wp\/v2\/posts"}],"about":[{"href":"https:\/\/apuntesdesanluis.com\/index.php\/wp-json\/wp\/v2\/types\/post"}],"author":[{"embeddable":true,"href":"https:\/\/apuntesdesanluis.com\/index.php\/wp-json\/wp\/v2\/users\/1"}],"replies":[{"embeddable":true,"href":"https:\/\/apuntesdesanluis.com\/index.php\/wp-json\/wp\/v2\/comments?post=26419"}],"version-history":[{"count":1,"href":"https:\/\/apuntesdesanluis.com\/index.php\/wp-json\/wp\/v2\/posts\/26419\/revisions"}],"predecessor-version":[{"id":26421,"href":"https:\/\/apuntesdesanluis.com\/index.php\/wp-json\/wp\/v2\/posts\/26419\/revisions\/26421"}],"wp:featuredmedia":[{"embeddable":true,"href":"https:\/\/apuntesdesanluis.com\/index.php\/wp-json\/wp\/v2\/media\/26420"}],"wp:attachment":[{"href":"https:\/\/apuntesdesanluis.com\/index.php\/wp-json\/wp\/v2\/media?parent=26419"}],"wp:term":[{"taxonomy":"category","embeddable":true,"href":"https:\/\/apuntesdesanluis.com\/index.php\/wp-json\/wp\/v2\/categories?post=26419"},{"taxonomy":"post_tag","embeddable":true,"href":"https:\/\/apuntesdesanluis.com\/index.php\/wp-json\/wp\/v2\/tags?post=26419"}],"curies":[{"name":"wp","href":"https:\/\/api.w.org\/{rel}","templated":true}]}}