{"id":26422,"date":"2024-12-07T10:02:39","date_gmt":"2024-12-07T13:02:39","guid":{"rendered":"https:\/\/apuntesdesanluis.com\/?p=26422"},"modified":"2024-12-08T22:11:33","modified_gmt":"2024-12-09T01:11:33","slug":"el-boxeo-amateur-tuvo-el-broche-de-oro-de-su-edicion-2024","status":"publish","type":"post","link":"https:\/\/apuntesdesanluis.com\/index.php\/2024\/12\/07\/el-boxeo-amateur-tuvo-el-broche-de-oro-de-su-edicion-2024\/","title":{"rendered":"EL BOXEO AMATEUR TUVO EL BROCHE DE ORO DE SU EDICI\u00d3N 2024"},"content":{"rendered":"<h3>Este viernes, el Palacio Municipal de los Deportes de Villa Mercedes fue el escenario de un acto cargado de emociones y reconocimientos, antes del inicio de las siete peleas que marcaron la \u00faltima fecha del <strong>Campeonato de Boxeo Amateur \u2018Jos\u00e9 Mar\u00eda Gatica\u2019<\/strong>.<\/h3>\n<h3>En primer lugar\u00a0 el gobernador <strong>Claudio Poggi<\/strong>, junto al intendente <strong>Maximiliano Frontera<\/strong>, la directora provincial de boxeo, Eva Gatica, y la secretaria de Deportes del Gobierno de la provincia, Adelaida Mu\u00f1iz, procedieron al descubrimiento de dos placas conmemorativas al torneo y a la figura del emblem\u00e1tico boxeador villamercedino, Jos\u00e9 Mar\u00eda Gatica, en la efigie que recuerda al pugilista, con una estatua posando en guardia, bajo cuyo pedestal descansan sus restos mortales.<\/h3>\n<h3><img fetchpriority=\"high\" decoding=\"async\" class=\"wp-image-26424 aligncenter\" src=\"https:\/\/apuntesdesanluis.com\/wp-content\/uploads\/2024\/12\/AUTORIDADES-300x199.png\" alt=\"\" width=\"586\" height=\"389\" srcset=\"https:\/\/apuntesdesanluis.com\/wp-content\/uploads\/2024\/12\/AUTORIDADES-300x199.png 300w, https:\/\/apuntesdesanluis.com\/wp-content\/uploads\/2024\/12\/AUTORIDADES.png 589w\" sizes=\"(max-width: 586px) 100vw, 586px\" \/><\/h3>\n<h3>El resto del acto se desarroll\u00f3 dentro del recinto deportivo, puntualmente sobre el cuadril\u00e1tero. Valentina Pereyra, destacada campeona de la provincia, entreg\u00f3 un reconocimiento al intendente de Merlo, Juan \u00c1lvarez Pinto, por su contribuci\u00f3n al desarrollo del deporte en la regi\u00f3n. Acto seguido, Maximiliano Germ\u00e1n Frontera, intendente de Villa Mercedes, recibi\u00f3 su homenaje por parte de la campeona mundial Micaela \u2018La Princesita\u2019 Luj\u00e1n, por su incondicional respaldo a los festivales de boxeo, consolidando su compromiso con esta disciplina como herramienta de inclusi\u00f3n social y fomento del talento juvenil.<\/h3>\n<p><img decoding=\"async\" class=\"wp-image-26425 aligncenter\" src=\"https:\/\/apuntesdesanluis.com\/wp-content\/uploads\/2024\/12\/BOXEO-AMATEUR-300x186.png\" alt=\"\" width=\"589\" height=\"365\" srcset=\"https:\/\/apuntesdesanluis.com\/wp-content\/uploads\/2024\/12\/BOXEO-AMATEUR-300x186.png 300w, https:\/\/apuntesdesanluis.com\/wp-content\/uploads\/2024\/12\/BOXEO-AMATEUR.png 615w\" sizes=\"(max-width: 589px) 100vw, 589px\" \/><\/p>\n<h3>Tambi\u00e9n se rindi\u00f3 homenaje p\u00f3stumo a Arnaldo Serra, recordado como un gran impulsor del boxeo en San Luis, cuyo legado fue reconocido a trav\u00e9s de una menci\u00f3n especial.<\/h3>\n<h3>El acto tuvo un toque especial con la participaci\u00f3n de <strong>Osvaldo Pr\u00edncipi<\/strong>, destacado periodista deportivo nacional e internacional, quien ha sido una figura clave en la narraci\u00f3n de los festivales box\u00edsticos en la provincia durante a\u00f1os. Su regreso fue aplaudido por el p\u00fablico y las autoridades presentes.<\/h3>\n<h3><img decoding=\"async\" class=\"wp-image-26426 aligncenter\" src=\"https:\/\/apuntesdesanluis.com\/wp-content\/uploads\/2024\/12\/OSVALDO-PRINCIPI-1-300x196.png\" alt=\"\" width=\"591\" height=\"386\" srcset=\"https:\/\/apuntesdesanluis.com\/wp-content\/uploads\/2024\/12\/OSVALDO-PRINCIPI-1-300x196.png 300w, https:\/\/apuntesdesanluis.com\/wp-content\/uploads\/2024\/12\/OSVALDO-PRINCIPI-1.png 614w\" sizes=\"(max-width: 591px) 100vw, 591px\" \/><\/h3>\n<h3>La velada continu\u00f3 con las esperadas 7 peleas, protagonizada por las y los atletas destacados en esta edici\u00f3n, consolidando una noche inolvidable para el boxeo amateur de la provincia. Posteriomente, premiaron a los 27 campeones de las distintas categor\u00edas y el gobernador Claudio Poggi anunci\u00f3 que el 14 de febrero de 2025 inicia la edici\u00f3n 2025 del Campeonato Provincial de Boxeo Amateur.<\/h3>\n<h3><span style=\"color: #3366ff;\"><strong>LOS CAMPEONES DEL 2024<\/strong><\/span><\/h3>\n<h3><strong>Cadetes \u2013 masculino:<\/strong><\/h3>\n<ul>\n<li>\n<h3>Lucas Guti\u00e9rrez (46 kg) \u2013 Gimnasio \u2018El Luchador\u2019, San Luis.<\/h3>\n<\/li>\n<li>\n<h3>Mariano Cuesta (50 kg) \u2013 Escuela de Boxeo \u2018El Salvador\u2019, Villa Mercedes.<\/h3>\n<\/li>\n<li>\n<h3>Benjam\u00edn Falc\u00f3n (57 kg) \u2013 Gimnasio \u2018El Luchador\u2019, San Luis.<\/h3>\n<\/li>\n<li>\n<h3>Isaias Aguilera (60 kg) \u2013 Gimnasio \u2018El Luchador\u2019, San Luis.<\/h3>\n<\/li>\n<li>\n<h3>David Orozco (64 kg) \u2013 Escuela de Boxeo \u2018El Salvador\u2019, Villa Mercedes.<\/h3>\n<\/li>\n<li>\n<h3>Rom\u00e1n Amitrano (70 kg) \u2013 Gimnasio \u2018El Tata\u2019, Villa Mercedes.<\/h3>\n<\/li>\n<li>\n<h3>Thiago Quiroga (80 kg) \u2013 Team Aumada, San Luis.<\/h3>\n<\/li>\n<li>\n<h3>Uciel Sosa (+80 kg) \u2013 Gimnasio \u2018El Chiqui Valenzuela\u2019, San Luis.<\/h3>\n<\/li>\n<\/ul>\n<h3><img loading=\"lazy\" decoding=\"async\" class=\"wp-image-26427 aligncenter\" src=\"https:\/\/apuntesdesanluis.com\/wp-content\/uploads\/2024\/12\/GANADOR-MASCULINO-300x249.png\" alt=\"\" width=\"667\" height=\"554\" srcset=\"https:\/\/apuntesdesanluis.com\/wp-content\/uploads\/2024\/12\/GANADOR-MASCULINO-300x249.png 300w, https:\/\/apuntesdesanluis.com\/wp-content\/uploads\/2024\/12\/GANADOR-MASCULINO.png 517w\" sizes=\"(max-width: 667px) 100vw, 667px\" \/><\/h3>\n<h3><strong>Juveniles \u2013 masculino:<\/strong><\/h3>\n<ul>\n<li>\n<h3>Uriel D\u00edaz (54 kg) \u2013 Gimnasio \u2018El Luchador\u2019, San Luis.<\/h3>\n<\/li>\n<li>\n<h3>Mario Palacio (57 kg) \u2013 Gimnasio \u2018Palacio Box\u2019, Villa Mercedes.<\/h3>\n<\/li>\n<li>\n<h3>Andr\u00e9s Fern\u00e1ndez (64 kg) \u2013 Gimnasio \u2018Micaela Luj\u00e1n\u2019, Villa Mercedes.<\/h3>\n<\/li>\n<li>\n<h3>Lucas Reinoso (81 kg) \u2013 Gimnasio \u2018Palacio Box\u2019, Villa Mercedes.<\/h3>\n<\/li>\n<\/ul>\n<h3><strong>Mayores \u2013 masculino:<\/strong><\/h3>\n<ul>\n<li>\n<h3>Juan Roja (56 kg) \u2013 Gimnasio \u2018El Luchador\u2019, San Luis.<\/h3>\n<\/li>\n<li>\n<h3>Thomas Galante (60 kg) \u2013 Gimnasio \u2018El Luchador\u2019, San Luis.<\/h3>\n<\/li>\n<li>\n<h3>Santiago Giordano (64 kg) \u2013 Gimnasio \u2018El Luchador\u2019, San Luis.<\/h3>\n<\/li>\n<li>\n<h3>Javier Rosales (69 kg) \u2013 Escuela de Boxeo \u2018El Salvador\u2019, Villa Mercedes.<\/h3>\n<\/li>\n<li>\n<h3>Ezequiel Quiroga (75 kg) \u2013 Gimnasio \u2018El Luchador\u2019, San Luis.<\/h3>\n<\/li>\n<li>\n<h3>Nahuel Ben\u00edtez (81 kg) \u2013 Escuela deportiva \u2018Juan G. Funes\u2019, La Punta.<\/h3>\n<\/li>\n<li>\n<h3>Kevin Ayala (81 kg) \u2013 Gimnasio \u2018Only Warriors\u2019, La Toma.<\/h3>\n<\/li>\n<li>\n<h3>Rodrigo Quevedo (91 kg) \u2013 Gimnasio \u2018El Luchador\u2019, San Luis.<\/h3>\n<\/li>\n<li>\n<h3>Farid Alexis (+91 kg) \u2013 Gimnasio \u2018El Chiqui Valenzuela\u2019, San Luis.<\/h3>\n<\/li>\n<\/ul>\n<h3><strong>Menores \u2013 femenino:<\/strong><\/h3>\n<ul>\n<li>\n<h3>Luz Salto (60 kg) \u2013 Gimnasio \u2018El Luchador\u2019, San Luis.<\/h3>\n<\/li>\n<\/ul>\n<h3><strong>Cadetes \u2013 femenino:<\/strong><\/h3>\n<ul>\n<li>\n<h3>Milagros Godoy (48 kg) \u2013 Gimnasio \u2018Stodulsky Box\u2019, Villa Mercedes.<\/h3>\n<\/li>\n<li>\n<h3>Jazm\u00edn C\u00f3rdoba (54 kg) \u2013 Gimnasio \u2018El Luchador\u2019, San Luis.<\/h3>\n<\/li>\n<\/ul>\n<h3><img loading=\"lazy\" decoding=\"async\" class=\"wp-image-26428 aligncenter\" src=\"https:\/\/apuntesdesanluis.com\/wp-content\/uploads\/2024\/12\/GANADORA-FEMENINA-300x171.png\" alt=\"\" width=\"618\" height=\"352\" srcset=\"https:\/\/apuntesdesanluis.com\/wp-content\/uploads\/2024\/12\/GANADORA-FEMENINA-300x171.png 300w, https:\/\/apuntesdesanluis.com\/wp-content\/uploads\/2024\/12\/GANADORA-FEMENINA.png 623w\" sizes=\"(max-width: 618px) 100vw, 618px\" \/><\/h3>\n<h3><strong>Juveniles \u2013 femenino:<\/strong><\/h3>\n<ul>\n<li>\n<h3>Navia Romero (51 kg) \u2013 Escuela de Boxeo \u2018El Salvador\u2019, Villa Mercedes.<\/h3>\n<\/li>\n<\/ul>\n<h3><strong>Mayores \u2013 femenino:<\/strong><\/h3>\n<ul>\n<li>\n<h3>Josefina Gatica (57 kg) \u2013 Gimnasio \u2018Los Gatica\u2019, La Punta.<\/h3>\n<\/li>\n<\/ul>\n<ul>\n<li>\n<h3>Valentina Pereyra (60 kg) \u2013 Gimnasio \u2018Mariano Box\u2019, Villa de Merlo.<\/h3>\n<\/li>\n<\/ul>\n<h3><\/h3>\n<h3><\/h3>\n<p>&nbsp;<\/p>\n<p>&nbsp;<\/p>\n<h3><\/h3>\n<h3><\/h3>\n","protected":false},"excerpt":{"rendered":"<p>Este viernes, el Palacio Municipal de los Deportes de Villa Mercedes fue el escenario de&#8230;<\/p>\n","protected":false},"author":1,"featured_media":26423,"comment_status":"closed","ping_status":"closed","sticky":false,"template":"","format":"standard","meta":{"footnotes":""},"categories":[6],"tags":[],"class_list":["post-26422","post","type-post","status-publish","format-standard","has-post-thumbnail","hentry","category-ciudad-provincia"],"yoast_head":"<!-- This site is optimized with the Yoast SEO plugin v26.1.1 - https:\/\/yoast.com\/wordpress\/plugins\/seo\/ -->\n<title>EL BOXEO AMATEUR TUVO EL BROCHE DE ORO DE SU EDICI\u00d3N 2024 - Apuntes de San Luis<\/title>\n<meta name=\"robots\" content=\"index, follow, max-snippet:-1, max-image-preview:large, max-video-preview:-1\" \/>\n<link rel=\"canonical\" href=\"https:\/\/apuntesdesanluis.com\/index.php\/2024\/12\/07\/el-boxeo-amateur-tuvo-el-broche-de-oro-de-su-edicion-2024\/\" \/>\n<meta property=\"og:locale\" content=\"es_ES\" \/>\n<meta property=\"og:type\" content=\"article\" \/>\n<meta property=\"og:title\" content=\"EL BOXEO AMATEUR TUVO EL BROCHE DE ORO DE SU EDICI\u00d3N 2024 - Apuntes de San Luis\" \/>\n<meta property=\"og:description\" content=\"Este viernes, el Palacio Municipal de los Deportes de Villa Mercedes fue el escenario de...\" \/>\n<meta property=\"og:url\" content=\"https:\/\/apuntesdesanluis.com\/index.php\/2024\/12\/07\/el-boxeo-amateur-tuvo-el-broche-de-oro-de-su-edicion-2024\/\" \/>\n<meta property=\"og:site_name\" content=\"Apuntes de San Luis\" \/>\n<meta property=\"article:published_time\" content=\"2024-12-07T13:02:39+00:00\" \/>\n<meta property=\"article:modified_time\" content=\"2024-12-09T01:11:33+00:00\" \/>\n<meta property=\"og:image\" content=\"https:\/\/apuntesdesanluis.com\/wp-content\/uploads\/2024\/12\/BOXEO-AMATEUR-PINAS.png\" \/>\n\t<meta property=\"og:image:width\" content=\"566\" \/>\n\t<meta property=\"og:image:height\" content=\"375\" \/>\n\t<meta property=\"og:image:type\" content=\"image\/png\" \/>\n<meta name=\"author\" content=\"apuntesdesanluis.com\" \/>\n<meta name=\"twitter:card\" content=\"summary_large_image\" \/>\n<meta name=\"twitter:label1\" content=\"Escrito por\" \/>\n\t<meta name=\"twitter:data1\" content=\"apuntesdesanluis.com\" \/>\n\t<meta name=\"twitter:label2\" content=\"Tiempo de lectura\" \/>\n\t<meta name=\"twitter:data2\" content=\"5 minutos\" \/>\n<script type=\"application\/ld+json\" class=\"yoast-schema-graph\">{\"@context\":\"https:\/\/schema.org\",\"@graph\":[{\"@type\":\"Article\",\"@id\":\"https:\/\/apuntesdesanluis.com\/index.php\/2024\/12\/07\/el-boxeo-amateur-tuvo-el-broche-de-oro-de-su-edicion-2024\/#article\",\"isPartOf\":{\"@id\":\"https:\/\/apuntesdesanluis.com\/index.php\/2024\/12\/07\/el-boxeo-amateur-tuvo-el-broche-de-oro-de-su-edicion-2024\/\"},\"author\":{\"name\":\"apuntesdesanluis.com\",\"@id\":\"https:\/\/apuntesdesanluis.com\/#\/schema\/person\/b55151d52296fcce64d1a72538a70b90\"},\"headline\":\"EL BOXEO AMATEUR TUVO EL BROCHE DE ORO DE SU EDICI\u00d3N 2024\",\"datePublished\":\"2024-12-07T13:02:39+00:00\",\"dateModified\":\"2024-12-09T01:11:33+00:00\",\"mainEntityOfPage\":{\"@id\":\"https:\/\/apuntesdesanluis.com\/index.php\/2024\/12\/07\/el-boxeo-amateur-tuvo-el-broche-de-oro-de-su-edicion-2024\/\"},\"wordCount\":626,\"publisher\":{\"@id\":\"https:\/\/apuntesdesanluis.com\/#\/schema\/person\/b55151d52296fcce64d1a72538a70b90\"},\"image\":{\"@id\":\"https:\/\/apuntesdesanluis.com\/index.php\/2024\/12\/07\/el-boxeo-amateur-tuvo-el-broche-de-oro-de-su-edicion-2024\/#primaryimage\"},\"thumbnailUrl\":\"https:\/\/apuntesdesanluis.com\/wp-content\/uploads\/2024\/12\/BOXEO-AMATEUR-PINAS.png\",\"articleSection\":[\"Ciudad\/Provincia\"],\"inLanguage\":\"es-AR\"},{\"@type\":\"WebPage\",\"@id\":\"https:\/\/apuntesdesanluis.com\/index.php\/2024\/12\/07\/el-boxeo-amateur-tuvo-el-broche-de-oro-de-su-edicion-2024\/\",\"url\":\"https:\/\/apuntesdesanluis.com\/index.php\/2024\/12\/07\/el-boxeo-amateur-tuvo-el-broche-de-oro-de-su-edicion-2024\/\",\"name\":\"EL BOXEO AMATEUR TUVO EL BROCHE DE ORO DE SU EDICI\u00d3N 2024 - Apuntes de San Luis\",\"isPartOf\":{\"@id\":\"https:\/\/apuntesdesanluis.com\/#website\"},\"primaryImageOfPage\":{\"@id\":\"https:\/\/apuntesdesanluis.com\/index.php\/2024\/12\/07\/el-boxeo-amateur-tuvo-el-broche-de-oro-de-su-edicion-2024\/#primaryimage\"},\"image\":{\"@id\":\"https:\/\/apuntesdesanluis.com\/index.php\/2024\/12\/07\/el-boxeo-amateur-tuvo-el-broche-de-oro-de-su-edicion-2024\/#primaryimage\"},\"thumbnailUrl\":\"https:\/\/apuntesdesanluis.com\/wp-content\/uploads\/2024\/12\/BOXEO-AMATEUR-PINAS.png\",\"datePublished\":\"2024-12-07T13:02:39+00:00\",\"dateModified\":\"2024-12-09T01:11:33+00:00\",\"breadcrumb\":{\"@id\":\"https:\/\/apuntesdesanluis.com\/index.php\/2024\/12\/07\/el-boxeo-amateur-tuvo-el-broche-de-oro-de-su-edicion-2024\/#breadcrumb\"},\"inLanguage\":\"es-AR\",\"potentialAction\":[{\"@type\":\"ReadAction\",\"target\":[\"https:\/\/apuntesdesanluis.com\/index.php\/2024\/12\/07\/el-boxeo-amateur-tuvo-el-broche-de-oro-de-su-edicion-2024\/\"]}]},{\"@type\":\"ImageObject\",\"inLanguage\":\"es-AR\",\"@id\":\"https:\/\/apuntesdesanluis.com\/index.php\/2024\/12\/07\/el-boxeo-amateur-tuvo-el-broche-de-oro-de-su-edicion-2024\/#primaryimage\",\"url\":\"https:\/\/apuntesdesanluis.com\/wp-content\/uploads\/2024\/12\/BOXEO-AMATEUR-PINAS.png\",\"contentUrl\":\"https:\/\/apuntesdesanluis.com\/wp-content\/uploads\/2024\/12\/BOXEO-AMATEUR-PINAS.png\",\"width\":566,\"height\":375},{\"@type\":\"BreadcrumbList\",\"@id\":\"https:\/\/apuntesdesanluis.com\/index.php\/2024\/12\/07\/el-boxeo-amateur-tuvo-el-broche-de-oro-de-su-edicion-2024\/#breadcrumb\",\"itemListElement\":[{\"@type\":\"ListItem\",\"position\":1,\"name\":\"Inicio\",\"item\":\"https:\/\/apuntesdesanluis.com\/\"},{\"@type\":\"ListItem\",\"position\":2,\"name\":\"EL BOXEO AMATEUR TUVO EL BROCHE DE ORO DE SU EDICI\u00d3N 2024\"}]},{\"@type\":\"WebSite\",\"@id\":\"https:\/\/apuntesdesanluis.com\/#website\",\"url\":\"https:\/\/apuntesdesanluis.com\/\",\"name\":\"Apuntes de San Luis\",\"description\":\"\",\"publisher\":{\"@id\":\"https:\/\/apuntesdesanluis.com\/#\/schema\/person\/b55151d52296fcce64d1a72538a70b90\"},\"potentialAction\":[{\"@type\":\"SearchAction\",\"target\":{\"@type\":\"EntryPoint\",\"urlTemplate\":\"https:\/\/apuntesdesanluis.com\/?s={search_term_string}\"},\"query-input\":{\"@type\":\"PropertyValueSpecification\",\"valueRequired\":true,\"valueName\":\"search_term_string\"}}],\"inLanguage\":\"es-AR\"},{\"@type\":[\"Person\",\"Organization\"],\"@id\":\"https:\/\/apuntesdesanluis.com\/#\/schema\/person\/b55151d52296fcce64d1a72538a70b90\",\"name\":\"apuntesdesanluis.com\",\"image\":{\"@type\":\"ImageObject\",\"inLanguage\":\"es-AR\",\"@id\":\"https:\/\/apuntesdesanluis.com\/#\/schema\/person\/image\/\",\"url\":\"https:\/\/apuntesdesanluis.com\/wp-content\/uploads\/2023\/07\/cropped-apuntesdesanluis.png\",\"contentUrl\":\"https:\/\/apuntesdesanluis.com\/wp-content\/uploads\/2023\/07\/cropped-apuntesdesanluis.png\",\"width\":450,\"height\":112,\"caption\":\"apuntesdesanluis.com\"},\"logo\":{\"@id\":\"https:\/\/apuntesdesanluis.com\/#\/schema\/person\/image\/\"},\"sameAs\":[\"https:\/\/apuntesdesanluis.com\"],\"url\":\"https:\/\/apuntesdesanluis.com\/index.php\/author\/apuntesdesanluis-com\/\"}]}<\/script>\n<!-- \/ Yoast SEO plugin. -->","yoast_head_json":{"title":"EL BOXEO AMATEUR TUVO EL BROCHE DE ORO DE SU EDICI\u00d3N 2024 - Apuntes de San Luis","robots":{"index":"index","follow":"follow","max-snippet":"max-snippet:-1","max-image-preview":"max-image-preview:large","max-video-preview":"max-video-preview:-1"},"canonical":"https:\/\/apuntesdesanluis.com\/index.php\/2024\/12\/07\/el-boxeo-amateur-tuvo-el-broche-de-oro-de-su-edicion-2024\/","og_locale":"es_ES","og_type":"article","og_title":"EL BOXEO AMATEUR TUVO EL BROCHE DE ORO DE SU EDICI\u00d3N 2024 - Apuntes de San Luis","og_description":"Este viernes, el Palacio Municipal de los Deportes de Villa Mercedes fue el escenario de...","og_url":"https:\/\/apuntesdesanluis.com\/index.php\/2024\/12\/07\/el-boxeo-amateur-tuvo-el-broche-de-oro-de-su-edicion-2024\/","og_site_name":"Apuntes de San Luis","article_published_time":"2024-12-07T13:02:39+00:00","article_modified_time":"2024-12-09T01:11:33+00:00","og_image":[{"width":566,"height":375,"url":"https:\/\/apuntesdesanluis.com\/wp-content\/uploads\/2024\/12\/BOXEO-AMATEUR-PINAS.png","type":"image\/png"}],"author":"apuntesdesanluis.com","twitter_card":"summary_large_image","twitter_misc":{"Escrito por":"apuntesdesanluis.com","Tiempo de lectura":"5 minutos"},"schema":{"@context":"https:\/\/schema.org","@graph":[{"@type":"Article","@id":"https:\/\/apuntesdesanluis.com\/index.php\/2024\/12\/07\/el-boxeo-amateur-tuvo-el-broche-de-oro-de-su-edicion-2024\/#article","isPartOf":{"@id":"https:\/\/apuntesdesanluis.com\/index.php\/2024\/12\/07\/el-boxeo-amateur-tuvo-el-broche-de-oro-de-su-edicion-2024\/"},"author":{"name":"apuntesdesanluis.com","@id":"https:\/\/apuntesdesanluis.com\/#\/schema\/person\/b55151d52296fcce64d1a72538a70b90"},"headline":"EL BOXEO AMATEUR TUVO EL BROCHE DE ORO DE SU EDICI\u00d3N 2024","datePublished":"2024-12-07T13:02:39+00:00","dateModified":"2024-12-09T01:11:33+00:00","mainEntityOfPage":{"@id":"https:\/\/apuntesdesanluis.com\/index.php\/2024\/12\/07\/el-boxeo-amateur-tuvo-el-broche-de-oro-de-su-edicion-2024\/"},"wordCount":626,"publisher":{"@id":"https:\/\/apuntesdesanluis.com\/#\/schema\/person\/b55151d52296fcce64d1a72538a70b90"},"image":{"@id":"https:\/\/apuntesdesanluis.com\/index.php\/2024\/12\/07\/el-boxeo-amateur-tuvo-el-broche-de-oro-de-su-edicion-2024\/#primaryimage"},"thumbnailUrl":"https:\/\/apuntesdesanluis.com\/wp-content\/uploads\/2024\/12\/BOXEO-AMATEUR-PINAS.png","articleSection":["Ciudad\/Provincia"],"inLanguage":"es-AR"},{"@type":"WebPage","@id":"https:\/\/apuntesdesanluis.com\/index.php\/2024\/12\/07\/el-boxeo-amateur-tuvo-el-broche-de-oro-de-su-edicion-2024\/","url":"https:\/\/apuntesdesanluis.com\/index.php\/2024\/12\/07\/el-boxeo-amateur-tuvo-el-broche-de-oro-de-su-edicion-2024\/","name":"EL BOXEO AMATEUR TUVO EL BROCHE DE ORO DE SU EDICI\u00d3N 2024 - Apuntes de San Luis","isPartOf":{"@id":"https:\/\/apuntesdesanluis.com\/#website"},"primaryImageOfPage":{"@id":"https:\/\/apuntesdesanluis.com\/index.php\/2024\/12\/07\/el-boxeo-amateur-tuvo-el-broche-de-oro-de-su-edicion-2024\/#primaryimage"},"image":{"@id":"https:\/\/apuntesdesanluis.com\/index.php\/2024\/12\/07\/el-boxeo-amateur-tuvo-el-broche-de-oro-de-su-edicion-2024\/#primaryimage"},"thumbnailUrl":"https:\/\/apuntesdesanluis.com\/wp-content\/uploads\/2024\/12\/BOXEO-AMATEUR-PINAS.png","datePublished":"2024-12-07T13:02:39+00:00","dateModified":"2024-12-09T01:11:33+00:00","breadcrumb":{"@id":"https:\/\/apuntesdesanluis.com\/index.php\/2024\/12\/07\/el-boxeo-amateur-tuvo-el-broche-de-oro-de-su-edicion-2024\/#breadcrumb"},"inLanguage":"es-AR","potentialAction":[{"@type":"ReadAction","target":["https:\/\/apuntesdesanluis.com\/index.php\/2024\/12\/07\/el-boxeo-amateur-tuvo-el-broche-de-oro-de-su-edicion-2024\/"]}]},{"@type":"ImageObject","inLanguage":"es-AR","@id":"https:\/\/apuntesdesanluis.com\/index.php\/2024\/12\/07\/el-boxeo-amateur-tuvo-el-broche-de-oro-de-su-edicion-2024\/#primaryimage","url":"https:\/\/apuntesdesanluis.com\/wp-content\/uploads\/2024\/12\/BOXEO-AMATEUR-PINAS.png","contentUrl":"https:\/\/apuntesdesanluis.com\/wp-content\/uploads\/2024\/12\/BOXEO-AMATEUR-PINAS.png","width":566,"height":375},{"@type":"BreadcrumbList","@id":"https:\/\/apuntesdesanluis.com\/index.php\/2024\/12\/07\/el-boxeo-amateur-tuvo-el-broche-de-oro-de-su-edicion-2024\/#breadcrumb","itemListElement":[{"@type":"ListItem","position":1,"name":"Inicio","item":"https:\/\/apuntesdesanluis.com\/"},{"@type":"ListItem","position":2,"name":"EL BOXEO AMATEUR TUVO EL BROCHE DE ORO DE SU EDICI\u00d3N 2024"}]},{"@type":"WebSite","@id":"https:\/\/apuntesdesanluis.com\/#website","url":"https:\/\/apuntesdesanluis.com\/","name":"Apuntes de San Luis","description":"","publisher":{"@id":"https:\/\/apuntesdesanluis.com\/#\/schema\/person\/b55151d52296fcce64d1a72538a70b90"},"potentialAction":[{"@type":"SearchAction","target":{"@type":"EntryPoint","urlTemplate":"https:\/\/apuntesdesanluis.com\/?s={search_term_string}"},"query-input":{"@type":"PropertyValueSpecification","valueRequired":true,"valueName":"search_term_string"}}],"inLanguage":"es-AR"},{"@type":["Person","Organization"],"@id":"https:\/\/apuntesdesanluis.com\/#\/schema\/person\/b55151d52296fcce64d1a72538a70b90","name":"apuntesdesanluis.com","image":{"@type":"ImageObject","inLanguage":"es-AR","@id":"https:\/\/apuntesdesanluis.com\/#\/schema\/person\/image\/","url":"https:\/\/apuntesdesanluis.com\/wp-content\/uploads\/2023\/07\/cropped-apuntesdesanluis.png","contentUrl":"https:\/\/apuntesdesanluis.com\/wp-content\/uploads\/2023\/07\/cropped-apuntesdesanluis.png","width":450,"height":112,"caption":"apuntesdesanluis.com"},"logo":{"@id":"https:\/\/apuntesdesanluis.com\/#\/schema\/person\/image\/"},"sameAs":["https:\/\/apuntesdesanluis.com"],"url":"https:\/\/apuntesdesanluis.com\/index.php\/author\/apuntesdesanluis-com\/"}]}},"featured_image_urls":{"full":["https:\/\/apuntesdesanluis.com\/wp-content\/uploads\/2024\/12\/BOXEO-AMATEUR-PINAS.png",566,375,false],"thumbnail":["https:\/\/apuntesdesanluis.com\/wp-content\/uploads\/2024\/12\/BOXEO-AMATEUR-PINAS-150x150.png",150,150,true],"medium":["https:\/\/apuntesdesanluis.com\/wp-content\/uploads\/2024\/12\/BOXEO-AMATEUR-PINAS-300x199.png",300,199,true],"medium_large":["https:\/\/apuntesdesanluis.com\/wp-content\/uploads\/2024\/12\/BOXEO-AMATEUR-PINAS.png",566,375,false],"large":["https:\/\/apuntesdesanluis.com\/wp-content\/uploads\/2024\/12\/BOXEO-AMATEUR-PINAS.png",566,375,false],"1536x1536":["https:\/\/apuntesdesanluis.com\/wp-content\/uploads\/2024\/12\/BOXEO-AMATEUR-PINAS.png",566,375,false],"2048x2048":["https:\/\/apuntesdesanluis.com\/wp-content\/uploads\/2024\/12\/BOXEO-AMATEUR-PINAS.png",566,375,false],"newsever-slider-full":["https:\/\/apuntesdesanluis.com\/wp-content\/uploads\/2024\/12\/BOXEO-AMATEUR-PINAS.png",566,375,false],"newsever-featured":["https:\/\/apuntesdesanluis.com\/wp-content\/uploads\/2024\/12\/BOXEO-AMATEUR-PINAS.png",566,375,false],"newsever-medium":["https:\/\/apuntesdesanluis.com\/wp-content\/uploads\/2024\/12\/BOXEO-AMATEUR-PINAS.png",566,375,false]},"author_info":{"display_name":"apuntesdesanluis.com","author_link":"https:\/\/apuntesdesanluis.com\/index.php\/author\/apuntesdesanluis-com\/"},"category_info":"<a href=\"https:\/\/apuntesdesanluis.com\/index.php\/category\/ciudad-provincia\/\" rel=\"category tag\">Ciudad\/Provincia<\/a>","tag_info":"Ciudad\/Provincia","comment_count":"0","_links":{"self":[{"href":"https:\/\/apuntesdesanluis.com\/index.php\/wp-json\/wp\/v2\/posts\/26422","targetHints":{"allow":["GET"]}}],"collection":[{"href":"https:\/\/apuntesdesanluis.com\/index.php\/wp-json\/wp\/v2\/posts"}],"about":[{"href":"https:\/\/apuntesdesanluis.com\/index.php\/wp-json\/wp\/v2\/types\/post"}],"author":[{"embeddable":true,"href":"https:\/\/apuntesdesanluis.com\/index.php\/wp-json\/wp\/v2\/users\/1"}],"replies":[{"embeddable":true,"href":"https:\/\/apuntesdesanluis.com\/index.php\/wp-json\/wp\/v2\/comments?post=26422"}],"version-history":[{"count":1,"href":"https:\/\/apuntesdesanluis.com\/index.php\/wp-json\/wp\/v2\/posts\/26422\/revisions"}],"predecessor-version":[{"id":26429,"href":"https:\/\/apuntesdesanluis.com\/index.php\/wp-json\/wp\/v2\/posts\/26422\/revisions\/26429"}],"wp:featuredmedia":[{"embeddable":true,"href":"https:\/\/apuntesdesanluis.com\/index.php\/wp-json\/wp\/v2\/media\/26423"}],"wp:attachment":[{"href":"https:\/\/apuntesdesanluis.com\/index.php\/wp-json\/wp\/v2\/media?parent=26422"}],"wp:term":[{"taxonomy":"category","embeddable":true,"href":"https:\/\/apuntesdesanluis.com\/index.php\/wp-json\/wp\/v2\/categories?post=26422"},{"taxonomy":"post_tag","embeddable":true,"href":"https:\/\/apuntesdesanluis.com\/index.php\/wp-json\/wp\/v2\/tags?post=26422"}],"curies":[{"name":"wp","href":"https:\/\/api.w.org\/{rel}","templated":true}]}}