{"id":26471,"date":"2024-12-09T20:55:17","date_gmt":"2024-12-09T23:55:17","guid":{"rendered":"https:\/\/apuntesdesanluis.com\/?p=26471"},"modified":"2024-12-09T20:55:17","modified_gmt":"2024-12-09T23:55:17","slug":"el-segundo-remate-de-vehiculos-del-estado-duplico-la-recaudacion-prevista","status":"publish","type":"post","link":"https:\/\/apuntesdesanluis.com\/index.php\/2024\/12\/09\/el-segundo-remate-de-vehiculos-del-estado-duplico-la-recaudacion-prevista\/","title":{"rendered":"EL SEGUNDO REMATE DE VEH\u00cdCULOS DEL ESTADO DUPLIC\u00d3 LA RECAUDACI\u00d3N PREVISTA"},"content":{"rendered":"<h3>\u201cSe han cubierto las expectativas que ten\u00edamos. Consideremos que de 340 millones de pesos estipulados se recaudaron 620 millones, algo m\u00e1s de un 80%\u201d por encima de lo previsto\u201d, celebr\u00f3 este lunes <strong>Ricardo Bazla<\/strong>, secretario de \u00c9tica y Control de Gesti\u00f3n, sobre el segundo remate de veh\u00edculos del Parque Automotor que se celebr\u00f3 el s\u00e1bado en el Sal\u00f3n Malvinas Argentinas de Casa de Gobierno. Adem\u00e1s de detallar los n\u00fameros finos de la subasta, el funcionario anunci\u00f3 que habr\u00e1 un tercer remate en marzo y que incluir\u00e1 como novedad a unas 28 m\u00e1quinas viales.<\/h3>\n<h3>Se vendi\u00f3 \u201cla totalidad de los veh\u00edculos que se ofrecieron, unos 105, entre los cuales hubo camionetas, veh\u00edculos que han sido ambulancias, autom\u00f3viles que fueron patrulleros y algunas motocicletas. La mayor parte de los compradores de este segundo remate fueron personas que viven fuera de la provincia, y un 30% aproximadamente son de San Luis\u201d, precis\u00f3 Bazla.<\/h3>\n<h3>Lo recaudado a\u00fan no tiene asignada una finalidad, los fondos se sumar\u00e1n al Tesoro General de la Provincia \u201cy luego el Gobernador ser\u00e1 quien tome la decisi\u00f3n. Respecto de la sumatoria de este remate del 6 de diciembre y el que realizamos el 7 de julio, estamos en el orden de los 1.500 millones de pesos aproximadamente\u201d, precis\u00f3 en conferencia de prensa, y aprovech\u00f3 para agradecer \u201cla profesionalidad con la que nuevamente el Colegio de Martilleros y Corredores P\u00fablicos de la provincia de San Luis llev\u00f3 adelante este remate con total normalidad\u201d.<\/h3>\n<p><iframe title=\"Ricardo Bazla, secretario de \u00c9tica P\u00fablica y Control de Gesti\u00f3n - Conferencia\" width=\"640\" height=\"360\" src=\"https:\/\/www.youtube.com\/embed\/pnOwjVdhnNw?feature=oembed\" frameborder=\"0\" allow=\"accelerometer; autoplay; clipboard-write; encrypted-media; gyroscope; picture-in-picture; web-share\" referrerpolicy=\"strict-origin-when-cross-origin\" allowfullscreen><\/iframe><\/p>\n<h3>Para aquellos compradores que por alg\u00fan motivo no pudieron participar o que s\u00ed lo hicieron y se quedaron con ganas de m\u00e1s, Bazla anunci\u00f3 que ya organizan \u201cun tercer remate, que va a incluir distintos veh\u00edculos, sobre todo algunos que se encuentran en reparticiones del interior de la provincia y que van a ser trasladados al Parque Automotor. Tambi\u00e9n se van a rematar en el mes de marzo 28 m\u00e1quinas viales que est\u00e1n fuera de servicio y que van a formar parte de esa subasta\u201d, ahond\u00f3.<\/h3>\n<h3>Consultado sobre la cantidad de unidades a rematar en la tercer entrega, Bazla aclar\u00f3 que \u201clo \u00fanico que tenemos definido es la cantidad de m\u00e1quinas viales. Los veh\u00edculos todav\u00eda no porque estamos realizando un inventario de los que est\u00e1n en distintas reparticiones, como comisar\u00edas y establecimientos de salud, en distintos lugares de la provincia y que han quedado abandonados por la gesti\u00f3n anterior. Les dimos prioridad, por decisi\u00f3n del Gobernador, a los veh\u00edculos que estaban en la direcci\u00f3n, en la planta verificadora, aqu\u00ed en la ciudad de San Luis. Luego, a los que estaban todav\u00eda en la direcci\u00f3n del Parque Automotor, en el Parque Industrial Sur, y ahora vamos por esta tercera parte. Estimamos que en el mes de febrero ya va a estar todo concluido para dar a conocer cu\u00e1les son los veh\u00edculos que se van a rematar\u201d, cerr\u00f3.<\/h3>\n<p>&nbsp;<\/p>\n<p>&nbsp;<\/p>\n<p>&nbsp;<\/p>\n<h3><\/h3>\n<h3><\/h3>\n","protected":false},"excerpt":{"rendered":"<p>\u201cSe han cubierto las expectativas que ten\u00edamos. Consideremos que de 340 millones de pesos estipulados&#8230;<\/p>\n","protected":false},"author":1,"featured_media":26472,"comment_status":"closed","ping_status":"closed","sticky":false,"template":"","format":"standard","meta":{"footnotes":""},"categories":[6],"tags":[],"class_list":["post-26471","post","type-post","status-publish","format-standard","has-post-thumbnail","hentry","category-ciudad-provincia"],"yoast_head":"<!-- This site is optimized with the Yoast SEO plugin v26.1.1 - https:\/\/yoast.com\/wordpress\/plugins\/seo\/ -->\n<title>EL SEGUNDO REMATE DE VEH\u00cdCULOS DEL ESTADO DUPLIC\u00d3 LA RECAUDACI\u00d3N PREVISTA - Apuntes de San Luis<\/title>\n<meta name=\"robots\" content=\"index, follow, max-snippet:-1, max-image-preview:large, max-video-preview:-1\" \/>\n<link rel=\"canonical\" href=\"https:\/\/apuntesdesanluis.com\/index.php\/2024\/12\/09\/el-segundo-remate-de-vehiculos-del-estado-duplico-la-recaudacion-prevista\/\" \/>\n<meta property=\"og:locale\" content=\"es_ES\" \/>\n<meta property=\"og:type\" content=\"article\" \/>\n<meta property=\"og:title\" content=\"EL SEGUNDO REMATE DE VEH\u00cdCULOS DEL ESTADO DUPLIC\u00d3 LA RECAUDACI\u00d3N PREVISTA - Apuntes de San Luis\" \/>\n<meta property=\"og:description\" content=\"\u201cSe han cubierto las expectativas que ten\u00edamos. Consideremos que de 340 millones de pesos estipulados...\" \/>\n<meta property=\"og:url\" content=\"https:\/\/apuntesdesanluis.com\/index.php\/2024\/12\/09\/el-segundo-remate-de-vehiculos-del-estado-duplico-la-recaudacion-prevista\/\" \/>\n<meta property=\"og:site_name\" content=\"Apuntes de San Luis\" \/>\n<meta property=\"article:published_time\" content=\"2024-12-09T23:55:17+00:00\" \/>\n<meta property=\"og:image\" content=\"https:\/\/apuntesdesanluis.com\/wp-content\/uploads\/2024\/12\/remate.png\" \/>\n\t<meta property=\"og:image:width\" content=\"640\" \/>\n\t<meta property=\"og:image:height\" content=\"374\" \/>\n\t<meta property=\"og:image:type\" content=\"image\/png\" \/>\n<meta name=\"author\" content=\"apuntesdesanluis.com\" \/>\n<meta name=\"twitter:card\" content=\"summary_large_image\" \/>\n<meta name=\"twitter:label1\" content=\"Escrito por\" \/>\n\t<meta name=\"twitter:data1\" content=\"apuntesdesanluis.com\" \/>\n\t<meta name=\"twitter:label2\" content=\"Tiempo de lectura\" \/>\n\t<meta name=\"twitter:data2\" content=\"3 minutos\" \/>\n<script type=\"application\/ld+json\" class=\"yoast-schema-graph\">{\"@context\":\"https:\/\/schema.org\",\"@graph\":[{\"@type\":\"Article\",\"@id\":\"https:\/\/apuntesdesanluis.com\/index.php\/2024\/12\/09\/el-segundo-remate-de-vehiculos-del-estado-duplico-la-recaudacion-prevista\/#article\",\"isPartOf\":{\"@id\":\"https:\/\/apuntesdesanluis.com\/index.php\/2024\/12\/09\/el-segundo-remate-de-vehiculos-del-estado-duplico-la-recaudacion-prevista\/\"},\"author\":{\"name\":\"apuntesdesanluis.com\",\"@id\":\"https:\/\/apuntesdesanluis.com\/#\/schema\/person\/b55151d52296fcce64d1a72538a70b90\"},\"headline\":\"EL SEGUNDO REMATE DE VEH\u00cdCULOS DEL ESTADO DUPLIC\u00d3 LA RECAUDACI\u00d3N PREVISTA\",\"datePublished\":\"2024-12-09T23:55:17+00:00\",\"mainEntityOfPage\":{\"@id\":\"https:\/\/apuntesdesanluis.com\/index.php\/2024\/12\/09\/el-segundo-remate-de-vehiculos-del-estado-duplico-la-recaudacion-prevista\/\"},\"wordCount\":515,\"publisher\":{\"@id\":\"https:\/\/apuntesdesanluis.com\/#\/schema\/person\/b55151d52296fcce64d1a72538a70b90\"},\"image\":{\"@id\":\"https:\/\/apuntesdesanluis.com\/index.php\/2024\/12\/09\/el-segundo-remate-de-vehiculos-del-estado-duplico-la-recaudacion-prevista\/#primaryimage\"},\"thumbnailUrl\":\"https:\/\/apuntesdesanluis.com\/wp-content\/uploads\/2024\/12\/remate.png\",\"articleSection\":[\"Ciudad\/Provincia\"],\"inLanguage\":\"es-AR\"},{\"@type\":\"WebPage\",\"@id\":\"https:\/\/apuntesdesanluis.com\/index.php\/2024\/12\/09\/el-segundo-remate-de-vehiculos-del-estado-duplico-la-recaudacion-prevista\/\",\"url\":\"https:\/\/apuntesdesanluis.com\/index.php\/2024\/12\/09\/el-segundo-remate-de-vehiculos-del-estado-duplico-la-recaudacion-prevista\/\",\"name\":\"EL SEGUNDO REMATE DE VEH\u00cdCULOS DEL ESTADO DUPLIC\u00d3 LA RECAUDACI\u00d3N PREVISTA - Apuntes de San Luis\",\"isPartOf\":{\"@id\":\"https:\/\/apuntesdesanluis.com\/#website\"},\"primaryImageOfPage\":{\"@id\":\"https:\/\/apuntesdesanluis.com\/index.php\/2024\/12\/09\/el-segundo-remate-de-vehiculos-del-estado-duplico-la-recaudacion-prevista\/#primaryimage\"},\"image\":{\"@id\":\"https:\/\/apuntesdesanluis.com\/index.php\/2024\/12\/09\/el-segundo-remate-de-vehiculos-del-estado-duplico-la-recaudacion-prevista\/#primaryimage\"},\"thumbnailUrl\":\"https:\/\/apuntesdesanluis.com\/wp-content\/uploads\/2024\/12\/remate.png\",\"datePublished\":\"2024-12-09T23:55:17+00:00\",\"breadcrumb\":{\"@id\":\"https:\/\/apuntesdesanluis.com\/index.php\/2024\/12\/09\/el-segundo-remate-de-vehiculos-del-estado-duplico-la-recaudacion-prevista\/#breadcrumb\"},\"inLanguage\":\"es-AR\",\"potentialAction\":[{\"@type\":\"ReadAction\",\"target\":[\"https:\/\/apuntesdesanluis.com\/index.php\/2024\/12\/09\/el-segundo-remate-de-vehiculos-del-estado-duplico-la-recaudacion-prevista\/\"]}]},{\"@type\":\"ImageObject\",\"inLanguage\":\"es-AR\",\"@id\":\"https:\/\/apuntesdesanluis.com\/index.php\/2024\/12\/09\/el-segundo-remate-de-vehiculos-del-estado-duplico-la-recaudacion-prevista\/#primaryimage\",\"url\":\"https:\/\/apuntesdesanluis.com\/wp-content\/uploads\/2024\/12\/remate.png\",\"contentUrl\":\"https:\/\/apuntesdesanluis.com\/wp-content\/uploads\/2024\/12\/remate.png\",\"width\":640,\"height\":374},{\"@type\":\"BreadcrumbList\",\"@id\":\"https:\/\/apuntesdesanluis.com\/index.php\/2024\/12\/09\/el-segundo-remate-de-vehiculos-del-estado-duplico-la-recaudacion-prevista\/#breadcrumb\",\"itemListElement\":[{\"@type\":\"ListItem\",\"position\":1,\"name\":\"Inicio\",\"item\":\"https:\/\/apuntesdesanluis.com\/\"},{\"@type\":\"ListItem\",\"position\":2,\"name\":\"EL SEGUNDO REMATE DE VEH\u00cdCULOS DEL ESTADO DUPLIC\u00d3 LA RECAUDACI\u00d3N PREVISTA\"}]},{\"@type\":\"WebSite\",\"@id\":\"https:\/\/apuntesdesanluis.com\/#website\",\"url\":\"https:\/\/apuntesdesanluis.com\/\",\"name\":\"Apuntes de San Luis\",\"description\":\"\",\"publisher\":{\"@id\":\"https:\/\/apuntesdesanluis.com\/#\/schema\/person\/b55151d52296fcce64d1a72538a70b90\"},\"potentialAction\":[{\"@type\":\"SearchAction\",\"target\":{\"@type\":\"EntryPoint\",\"urlTemplate\":\"https:\/\/apuntesdesanluis.com\/?s={search_term_string}\"},\"query-input\":{\"@type\":\"PropertyValueSpecification\",\"valueRequired\":true,\"valueName\":\"search_term_string\"}}],\"inLanguage\":\"es-AR\"},{\"@type\":[\"Person\",\"Organization\"],\"@id\":\"https:\/\/apuntesdesanluis.com\/#\/schema\/person\/b55151d52296fcce64d1a72538a70b90\",\"name\":\"apuntesdesanluis.com\",\"image\":{\"@type\":\"ImageObject\",\"inLanguage\":\"es-AR\",\"@id\":\"https:\/\/apuntesdesanluis.com\/#\/schema\/person\/image\/\",\"url\":\"https:\/\/apuntesdesanluis.com\/wp-content\/uploads\/2023\/07\/cropped-apuntesdesanluis.png\",\"contentUrl\":\"https:\/\/apuntesdesanluis.com\/wp-content\/uploads\/2023\/07\/cropped-apuntesdesanluis.png\",\"width\":450,\"height\":112,\"caption\":\"apuntesdesanluis.com\"},\"logo\":{\"@id\":\"https:\/\/apuntesdesanluis.com\/#\/schema\/person\/image\/\"},\"sameAs\":[\"https:\/\/apuntesdesanluis.com\"],\"url\":\"https:\/\/apuntesdesanluis.com\/index.php\/author\/apuntesdesanluis-com\/\"}]}<\/script>\n<!-- \/ Yoast SEO plugin. -->","yoast_head_json":{"title":"EL SEGUNDO REMATE DE VEH\u00cdCULOS DEL ESTADO DUPLIC\u00d3 LA RECAUDACI\u00d3N PREVISTA - Apuntes de San Luis","robots":{"index":"index","follow":"follow","max-snippet":"max-snippet:-1","max-image-preview":"max-image-preview:large","max-video-preview":"max-video-preview:-1"},"canonical":"https:\/\/apuntesdesanluis.com\/index.php\/2024\/12\/09\/el-segundo-remate-de-vehiculos-del-estado-duplico-la-recaudacion-prevista\/","og_locale":"es_ES","og_type":"article","og_title":"EL SEGUNDO REMATE DE VEH\u00cdCULOS DEL ESTADO DUPLIC\u00d3 LA RECAUDACI\u00d3N PREVISTA - Apuntes de San Luis","og_description":"\u201cSe han cubierto las expectativas que ten\u00edamos. Consideremos que de 340 millones de pesos estipulados...","og_url":"https:\/\/apuntesdesanluis.com\/index.php\/2024\/12\/09\/el-segundo-remate-de-vehiculos-del-estado-duplico-la-recaudacion-prevista\/","og_site_name":"Apuntes de San Luis","article_published_time":"2024-12-09T23:55:17+00:00","og_image":[{"width":640,"height":374,"url":"https:\/\/apuntesdesanluis.com\/wp-content\/uploads\/2024\/12\/remate.png","type":"image\/png"}],"author":"apuntesdesanluis.com","twitter_card":"summary_large_image","twitter_misc":{"Escrito por":"apuntesdesanluis.com","Tiempo de lectura":"3 minutos"},"schema":{"@context":"https:\/\/schema.org","@graph":[{"@type":"Article","@id":"https:\/\/apuntesdesanluis.com\/index.php\/2024\/12\/09\/el-segundo-remate-de-vehiculos-del-estado-duplico-la-recaudacion-prevista\/#article","isPartOf":{"@id":"https:\/\/apuntesdesanluis.com\/index.php\/2024\/12\/09\/el-segundo-remate-de-vehiculos-del-estado-duplico-la-recaudacion-prevista\/"},"author":{"name":"apuntesdesanluis.com","@id":"https:\/\/apuntesdesanluis.com\/#\/schema\/person\/b55151d52296fcce64d1a72538a70b90"},"headline":"EL SEGUNDO REMATE DE VEH\u00cdCULOS DEL ESTADO DUPLIC\u00d3 LA RECAUDACI\u00d3N PREVISTA","datePublished":"2024-12-09T23:55:17+00:00","mainEntityOfPage":{"@id":"https:\/\/apuntesdesanluis.com\/index.php\/2024\/12\/09\/el-segundo-remate-de-vehiculos-del-estado-duplico-la-recaudacion-prevista\/"},"wordCount":515,"publisher":{"@id":"https:\/\/apuntesdesanluis.com\/#\/schema\/person\/b55151d52296fcce64d1a72538a70b90"},"image":{"@id":"https:\/\/apuntesdesanluis.com\/index.php\/2024\/12\/09\/el-segundo-remate-de-vehiculos-del-estado-duplico-la-recaudacion-prevista\/#primaryimage"},"thumbnailUrl":"https:\/\/apuntesdesanluis.com\/wp-content\/uploads\/2024\/12\/remate.png","articleSection":["Ciudad\/Provincia"],"inLanguage":"es-AR"},{"@type":"WebPage","@id":"https:\/\/apuntesdesanluis.com\/index.php\/2024\/12\/09\/el-segundo-remate-de-vehiculos-del-estado-duplico-la-recaudacion-prevista\/","url":"https:\/\/apuntesdesanluis.com\/index.php\/2024\/12\/09\/el-segundo-remate-de-vehiculos-del-estado-duplico-la-recaudacion-prevista\/","name":"EL SEGUNDO REMATE DE VEH\u00cdCULOS DEL ESTADO DUPLIC\u00d3 LA RECAUDACI\u00d3N PREVISTA - Apuntes de San Luis","isPartOf":{"@id":"https:\/\/apuntesdesanluis.com\/#website"},"primaryImageOfPage":{"@id":"https:\/\/apuntesdesanluis.com\/index.php\/2024\/12\/09\/el-segundo-remate-de-vehiculos-del-estado-duplico-la-recaudacion-prevista\/#primaryimage"},"image":{"@id":"https:\/\/apuntesdesanluis.com\/index.php\/2024\/12\/09\/el-segundo-remate-de-vehiculos-del-estado-duplico-la-recaudacion-prevista\/#primaryimage"},"thumbnailUrl":"https:\/\/apuntesdesanluis.com\/wp-content\/uploads\/2024\/12\/remate.png","datePublished":"2024-12-09T23:55:17+00:00","breadcrumb":{"@id":"https:\/\/apuntesdesanluis.com\/index.php\/2024\/12\/09\/el-segundo-remate-de-vehiculos-del-estado-duplico-la-recaudacion-prevista\/#breadcrumb"},"inLanguage":"es-AR","potentialAction":[{"@type":"ReadAction","target":["https:\/\/apuntesdesanluis.com\/index.php\/2024\/12\/09\/el-segundo-remate-de-vehiculos-del-estado-duplico-la-recaudacion-prevista\/"]}]},{"@type":"ImageObject","inLanguage":"es-AR","@id":"https:\/\/apuntesdesanluis.com\/index.php\/2024\/12\/09\/el-segundo-remate-de-vehiculos-del-estado-duplico-la-recaudacion-prevista\/#primaryimage","url":"https:\/\/apuntesdesanluis.com\/wp-content\/uploads\/2024\/12\/remate.png","contentUrl":"https:\/\/apuntesdesanluis.com\/wp-content\/uploads\/2024\/12\/remate.png","width":640,"height":374},{"@type":"BreadcrumbList","@id":"https:\/\/apuntesdesanluis.com\/index.php\/2024\/12\/09\/el-segundo-remate-de-vehiculos-del-estado-duplico-la-recaudacion-prevista\/#breadcrumb","itemListElement":[{"@type":"ListItem","position":1,"name":"Inicio","item":"https:\/\/apuntesdesanluis.com\/"},{"@type":"ListItem","position":2,"name":"EL SEGUNDO REMATE DE VEH\u00cdCULOS DEL ESTADO DUPLIC\u00d3 LA RECAUDACI\u00d3N PREVISTA"}]},{"@type":"WebSite","@id":"https:\/\/apuntesdesanluis.com\/#website","url":"https:\/\/apuntesdesanluis.com\/","name":"Apuntes de San Luis","description":"","publisher":{"@id":"https:\/\/apuntesdesanluis.com\/#\/schema\/person\/b55151d52296fcce64d1a72538a70b90"},"potentialAction":[{"@type":"SearchAction","target":{"@type":"EntryPoint","urlTemplate":"https:\/\/apuntesdesanluis.com\/?s={search_term_string}"},"query-input":{"@type":"PropertyValueSpecification","valueRequired":true,"valueName":"search_term_string"}}],"inLanguage":"es-AR"},{"@type":["Person","Organization"],"@id":"https:\/\/apuntesdesanluis.com\/#\/schema\/person\/b55151d52296fcce64d1a72538a70b90","name":"apuntesdesanluis.com","image":{"@type":"ImageObject","inLanguage":"es-AR","@id":"https:\/\/apuntesdesanluis.com\/#\/schema\/person\/image\/","url":"https:\/\/apuntesdesanluis.com\/wp-content\/uploads\/2023\/07\/cropped-apuntesdesanluis.png","contentUrl":"https:\/\/apuntesdesanluis.com\/wp-content\/uploads\/2023\/07\/cropped-apuntesdesanluis.png","width":450,"height":112,"caption":"apuntesdesanluis.com"},"logo":{"@id":"https:\/\/apuntesdesanluis.com\/#\/schema\/person\/image\/"},"sameAs":["https:\/\/apuntesdesanluis.com"],"url":"https:\/\/apuntesdesanluis.com\/index.php\/author\/apuntesdesanluis-com\/"}]}},"featured_image_urls":{"full":["https:\/\/apuntesdesanluis.com\/wp-content\/uploads\/2024\/12\/remate.png",640,374,false],"thumbnail":["https:\/\/apuntesdesanluis.com\/wp-content\/uploads\/2024\/12\/remate-150x150.png",150,150,true],"medium":["https:\/\/apuntesdesanluis.com\/wp-content\/uploads\/2024\/12\/remate-300x175.png",300,175,true],"medium_large":["https:\/\/apuntesdesanluis.com\/wp-content\/uploads\/2024\/12\/remate.png",640,374,false],"large":["https:\/\/apuntesdesanluis.com\/wp-content\/uploads\/2024\/12\/remate.png",640,374,false],"1536x1536":["https:\/\/apuntesdesanluis.com\/wp-content\/uploads\/2024\/12\/remate.png",640,374,false],"2048x2048":["https:\/\/apuntesdesanluis.com\/wp-content\/uploads\/2024\/12\/remate.png",640,374,false],"newsever-slider-full":["https:\/\/apuntesdesanluis.com\/wp-content\/uploads\/2024\/12\/remate.png",640,374,false],"newsever-featured":["https:\/\/apuntesdesanluis.com\/wp-content\/uploads\/2024\/12\/remate.png",640,374,false],"newsever-medium":["https:\/\/apuntesdesanluis.com\/wp-content\/uploads\/2024\/12\/remate.png",640,374,false]},"author_info":{"display_name":"apuntesdesanluis.com","author_link":"https:\/\/apuntesdesanluis.com\/index.php\/author\/apuntesdesanluis-com\/"},"category_info":"<a href=\"https:\/\/apuntesdesanluis.com\/index.php\/category\/ciudad-provincia\/\" rel=\"category tag\">Ciudad\/Provincia<\/a>","tag_info":"Ciudad\/Provincia","comment_count":"0","_links":{"self":[{"href":"https:\/\/apuntesdesanluis.com\/index.php\/wp-json\/wp\/v2\/posts\/26471","targetHints":{"allow":["GET"]}}],"collection":[{"href":"https:\/\/apuntesdesanluis.com\/index.php\/wp-json\/wp\/v2\/posts"}],"about":[{"href":"https:\/\/apuntesdesanluis.com\/index.php\/wp-json\/wp\/v2\/types\/post"}],"author":[{"embeddable":true,"href":"https:\/\/apuntesdesanluis.com\/index.php\/wp-json\/wp\/v2\/users\/1"}],"replies":[{"embeddable":true,"href":"https:\/\/apuntesdesanluis.com\/index.php\/wp-json\/wp\/v2\/comments?post=26471"}],"version-history":[{"count":1,"href":"https:\/\/apuntesdesanluis.com\/index.php\/wp-json\/wp\/v2\/posts\/26471\/revisions"}],"predecessor-version":[{"id":26473,"href":"https:\/\/apuntesdesanluis.com\/index.php\/wp-json\/wp\/v2\/posts\/26471\/revisions\/26473"}],"wp:featuredmedia":[{"embeddable":true,"href":"https:\/\/apuntesdesanluis.com\/index.php\/wp-json\/wp\/v2\/media\/26472"}],"wp:attachment":[{"href":"https:\/\/apuntesdesanluis.com\/index.php\/wp-json\/wp\/v2\/media?parent=26471"}],"wp:term":[{"taxonomy":"category","embeddable":true,"href":"https:\/\/apuntesdesanluis.com\/index.php\/wp-json\/wp\/v2\/categories?post=26471"},{"taxonomy":"post_tag","embeddable":true,"href":"https:\/\/apuntesdesanluis.com\/index.php\/wp-json\/wp\/v2\/tags?post=26471"}],"curies":[{"name":"wp","href":"https:\/\/api.w.org\/{rel}","templated":true}]}}