{"id":26474,"date":"2024-12-09T21:00:16","date_gmt":"2024-12-10T00:00:16","guid":{"rendered":"https:\/\/apuntesdesanluis.com\/?p=26474"},"modified":"2024-12-09T21:00:16","modified_gmt":"2024-12-10T00:00:16","slug":"confirmado-el-lunes-24-de-febrero-comenzaran-las-clases-en-san-luis","status":"publish","type":"post","link":"https:\/\/apuntesdesanluis.com\/index.php\/2024\/12\/09\/confirmado-el-lunes-24-de-febrero-comenzaran-las-clases-en-san-luis\/","title":{"rendered":"CONFIRMADO: EL LUNES 24 DE FEBRERO COMENZAR\u00c1N LAS CLASES EN SAN LUIS"},"content":{"rendered":"<h3>El gobernador de la Provincia, <strong>Claudio Poggi<\/strong>, rubric\u00f3 este lunes el Decreto N\u00ba13183 -ME-2024 del calendario escolar 2025 que establece que los niveles Inicial y Primario comenzar\u00e1n el lunes 24, mientras que el nivel Secundario lo har\u00e1 el jueves 27.<\/h3>\n<h3>El personal jer\u00e1rquico, docente y administrativo de los tres niveles educativos obligatorios deber\u00e1 presentarse en los establecimientos escolares el mi\u00e9rcoles 19 de febrero.<\/h3>\n<h3>El receso escolar de invierno para todos los niveles educativos y modalidades en la Provincia est\u00e1 previsto que comience el 7 de julio y finalice el 18 de julio de 2025.<\/h3>\n<h3>El Calendario Escolar \u00danico elaborado en el marco de la legislaci\u00f3n vigente (Ley Provincial N\u00ba XV-0387-2004 y su Decreto Reglamentario N\u00b0 4521-MP-2004) expresa el cronograma de actividades correspondiente al ciclo lectivo 2025 y es un instrumento de trabajo organizador y de consulta permanente para todas las instituciones educativas en sus distintos niveles, modalidades y tipos de gesti\u00f3n.<\/h3>\n<h3>El decreto establece que el per\u00edodo \u00e1ulico, para los niveles Inicial y Primario de todas las modalidades ser\u00e1 desde el 24 de febrero hasta el 19 de diciembre de 2025. Respecto al nivel secundario, comenzar\u00e1 el jueves 27.<\/h3>\n<h3>El personal jer\u00e1rquico, docente y administrativo de los tres niveles educativos obligatorios deber\u00e1 presentarse en los establecimientos escolares el d\u00eda mi\u00e9rcoles 19 de febrero y su tarea se extender\u00e1 hasta el 19 de diciembre de 2025.<\/h3>\n<h3>En cuanto a los ex\u00e1menes:<\/h3>\n<h3><strong>1\u00b0 Instancia \u2013 2025<\/strong><\/h3>\n<h3>Nivel Primario: del 19 de febrero de 2025 al 21 de febrero de 2025.<\/h3>\n<h3>*Nivel Secundario: del\u00a0 19\u00a0 de\u00a0 febrero\u00a0 de\u00a0 2025\u00a0 al\u00a0 26\u00a0 de\u00a0 febrero\u00a0 de\u00a0 2025:\u00a0 regulares, previos, libres y de equivalencias.<\/h3>\n<h3><strong>2\u00b0 Instancia \u2013 2025<\/strong><\/h3>\n<h3>Nivel Secundario: del 21 de julio de 2025 al 25 de julio de 2025: previos, libres y de equivalencias (sin suspensi\u00f3n de actividades).<\/h3>\n<h3><strong>3\u00b0 Instancia \u2013 2025<\/strong><\/h3>\n<h3>Nivel Primario: del 09 de diciembre de 2025 al 16 de diciembre de 2025 per\u00edodo de recuperaci\u00f3n.<\/h3>\n<h3>Nivel Secundario: del 02 de diciembre de 2025 al 5 de diciembre de 2025, previos (sin suspensi\u00f3n de actividades). Del 09 de diciembre de 2025 al 16 de diciembre de 2025: regulares, libres y de equivalencias (con desarrollo de actividades de estrategias mixtas).<\/h3>\n<h3>Para visualizar el Decreto Calendario completo, ingresar a: <span style=\"color: #3366ff;\"><a style=\"color: #3366ff;\" href=\"https:\/\/sanluis.gov.ar\/educacion\/\">https:\/\/sanluis.gov.ar\/educacion\/<\/a><\/span><\/h3>\n<p>&nbsp;<\/p>\n<p>&nbsp;<\/p>\n<p>&nbsp;<\/p>\n<p>&nbsp;<\/p>\n","protected":false},"excerpt":{"rendered":"<p>El gobernador de la Provincia, Claudio Poggi, rubric\u00f3 este lunes el Decreto N\u00ba13183 -ME-2024 del&#8230;<\/p>\n","protected":false},"author":1,"featured_media":26475,"comment_status":"closed","ping_status":"closed","sticky":false,"template":"","format":"standard","meta":{"footnotes":""},"categories":[6],"tags":[],"class_list":["post-26474","post","type-post","status-publish","format-standard","has-post-thumbnail","hentry","category-ciudad-provincia"],"yoast_head":"<!-- This site is optimized with the Yoast SEO plugin v26.1.1 - https:\/\/yoast.com\/wordpress\/plugins\/seo\/ -->\n<title>CONFIRMADO: EL LUNES 24 DE FEBRERO COMENZAR\u00c1N LAS CLASES EN SAN LUIS - Apuntes de San Luis<\/title>\n<meta name=\"robots\" content=\"index, follow, max-snippet:-1, max-image-preview:large, max-video-preview:-1\" \/>\n<link rel=\"canonical\" href=\"https:\/\/apuntesdesanluis.com\/index.php\/2024\/12\/09\/confirmado-el-lunes-24-de-febrero-comenzaran-las-clases-en-san-luis\/\" \/>\n<meta property=\"og:locale\" content=\"es_ES\" \/>\n<meta property=\"og:type\" content=\"article\" \/>\n<meta property=\"og:title\" content=\"CONFIRMADO: EL LUNES 24 DE FEBRERO COMENZAR\u00c1N LAS CLASES EN SAN LUIS - Apuntes de San Luis\" \/>\n<meta property=\"og:description\" content=\"El gobernador de la Provincia, Claudio Poggi, rubric\u00f3 este lunes el Decreto N\u00ba13183 -ME-2024 del...\" \/>\n<meta property=\"og:url\" content=\"https:\/\/apuntesdesanluis.com\/index.php\/2024\/12\/09\/confirmado-el-lunes-24-de-febrero-comenzaran-las-clases-en-san-luis\/\" \/>\n<meta property=\"og:site_name\" content=\"Apuntes de San Luis\" \/>\n<meta property=\"article:published_time\" content=\"2024-12-10T00:00:16+00:00\" \/>\n<meta property=\"og:image\" content=\"https:\/\/apuntesdesanluis.com\/wp-content\/uploads\/2024\/12\/poggi-araujo.png\" \/>\n\t<meta property=\"og:image:width\" content=\"674\" \/>\n\t<meta property=\"og:image:height\" content=\"443\" \/>\n\t<meta property=\"og:image:type\" content=\"image\/png\" \/>\n<meta name=\"author\" content=\"apuntesdesanluis.com\" \/>\n<meta name=\"twitter:card\" content=\"summary_large_image\" \/>\n<meta name=\"twitter:label1\" content=\"Escrito por\" \/>\n\t<meta name=\"twitter:data1\" content=\"apuntesdesanluis.com\" \/>\n\t<meta name=\"twitter:label2\" content=\"Tiempo de lectura\" \/>\n\t<meta name=\"twitter:data2\" content=\"2 minutos\" \/>\n<script type=\"application\/ld+json\" class=\"yoast-schema-graph\">{\"@context\":\"https:\/\/schema.org\",\"@graph\":[{\"@type\":\"Article\",\"@id\":\"https:\/\/apuntesdesanluis.com\/index.php\/2024\/12\/09\/confirmado-el-lunes-24-de-febrero-comenzaran-las-clases-en-san-luis\/#article\",\"isPartOf\":{\"@id\":\"https:\/\/apuntesdesanluis.com\/index.php\/2024\/12\/09\/confirmado-el-lunes-24-de-febrero-comenzaran-las-clases-en-san-luis\/\"},\"author\":{\"name\":\"apuntesdesanluis.com\",\"@id\":\"https:\/\/apuntesdesanluis.com\/#\/schema\/person\/b55151d52296fcce64d1a72538a70b90\"},\"headline\":\"CONFIRMADO: EL LUNES 24 DE FEBRERO COMENZAR\u00c1N LAS CLASES EN SAN LUIS\",\"datePublished\":\"2024-12-10T00:00:16+00:00\",\"mainEntityOfPage\":{\"@id\":\"https:\/\/apuntesdesanluis.com\/index.php\/2024\/12\/09\/confirmado-el-lunes-24-de-febrero-comenzaran-las-clases-en-san-luis\/\"},\"wordCount\":355,\"publisher\":{\"@id\":\"https:\/\/apuntesdesanluis.com\/#\/schema\/person\/b55151d52296fcce64d1a72538a70b90\"},\"image\":{\"@id\":\"https:\/\/apuntesdesanluis.com\/index.php\/2024\/12\/09\/confirmado-el-lunes-24-de-febrero-comenzaran-las-clases-en-san-luis\/#primaryimage\"},\"thumbnailUrl\":\"https:\/\/apuntesdesanluis.com\/wp-content\/uploads\/2024\/12\/poggi-araujo.png\",\"articleSection\":[\"Ciudad\/Provincia\"],\"inLanguage\":\"es-AR\"},{\"@type\":\"WebPage\",\"@id\":\"https:\/\/apuntesdesanluis.com\/index.php\/2024\/12\/09\/confirmado-el-lunes-24-de-febrero-comenzaran-las-clases-en-san-luis\/\",\"url\":\"https:\/\/apuntesdesanluis.com\/index.php\/2024\/12\/09\/confirmado-el-lunes-24-de-febrero-comenzaran-las-clases-en-san-luis\/\",\"name\":\"CONFIRMADO: EL LUNES 24 DE FEBRERO COMENZAR\u00c1N LAS CLASES EN SAN LUIS - Apuntes de San Luis\",\"isPartOf\":{\"@id\":\"https:\/\/apuntesdesanluis.com\/#website\"},\"primaryImageOfPage\":{\"@id\":\"https:\/\/apuntesdesanluis.com\/index.php\/2024\/12\/09\/confirmado-el-lunes-24-de-febrero-comenzaran-las-clases-en-san-luis\/#primaryimage\"},\"image\":{\"@id\":\"https:\/\/apuntesdesanluis.com\/index.php\/2024\/12\/09\/confirmado-el-lunes-24-de-febrero-comenzaran-las-clases-en-san-luis\/#primaryimage\"},\"thumbnailUrl\":\"https:\/\/apuntesdesanluis.com\/wp-content\/uploads\/2024\/12\/poggi-araujo.png\",\"datePublished\":\"2024-12-10T00:00:16+00:00\",\"breadcrumb\":{\"@id\":\"https:\/\/apuntesdesanluis.com\/index.php\/2024\/12\/09\/confirmado-el-lunes-24-de-febrero-comenzaran-las-clases-en-san-luis\/#breadcrumb\"},\"inLanguage\":\"es-AR\",\"potentialAction\":[{\"@type\":\"ReadAction\",\"target\":[\"https:\/\/apuntesdesanluis.com\/index.php\/2024\/12\/09\/confirmado-el-lunes-24-de-febrero-comenzaran-las-clases-en-san-luis\/\"]}]},{\"@type\":\"ImageObject\",\"inLanguage\":\"es-AR\",\"@id\":\"https:\/\/apuntesdesanluis.com\/index.php\/2024\/12\/09\/confirmado-el-lunes-24-de-febrero-comenzaran-las-clases-en-san-luis\/#primaryimage\",\"url\":\"https:\/\/apuntesdesanluis.com\/wp-content\/uploads\/2024\/12\/poggi-araujo.png\",\"contentUrl\":\"https:\/\/apuntesdesanluis.com\/wp-content\/uploads\/2024\/12\/poggi-araujo.png\",\"width\":674,\"height\":443},{\"@type\":\"BreadcrumbList\",\"@id\":\"https:\/\/apuntesdesanluis.com\/index.php\/2024\/12\/09\/confirmado-el-lunes-24-de-febrero-comenzaran-las-clases-en-san-luis\/#breadcrumb\",\"itemListElement\":[{\"@type\":\"ListItem\",\"position\":1,\"name\":\"Inicio\",\"item\":\"https:\/\/apuntesdesanluis.com\/\"},{\"@type\":\"ListItem\",\"position\":2,\"name\":\"CONFIRMADO: EL LUNES 24 DE FEBRERO COMENZAR\u00c1N LAS CLASES EN SAN LUIS\"}]},{\"@type\":\"WebSite\",\"@id\":\"https:\/\/apuntesdesanluis.com\/#website\",\"url\":\"https:\/\/apuntesdesanluis.com\/\",\"name\":\"Apuntes de San Luis\",\"description\":\"\",\"publisher\":{\"@id\":\"https:\/\/apuntesdesanluis.com\/#\/schema\/person\/b55151d52296fcce64d1a72538a70b90\"},\"potentialAction\":[{\"@type\":\"SearchAction\",\"target\":{\"@type\":\"EntryPoint\",\"urlTemplate\":\"https:\/\/apuntesdesanluis.com\/?s={search_term_string}\"},\"query-input\":{\"@type\":\"PropertyValueSpecification\",\"valueRequired\":true,\"valueName\":\"search_term_string\"}}],\"inLanguage\":\"es-AR\"},{\"@type\":[\"Person\",\"Organization\"],\"@id\":\"https:\/\/apuntesdesanluis.com\/#\/schema\/person\/b55151d52296fcce64d1a72538a70b90\",\"name\":\"apuntesdesanluis.com\",\"image\":{\"@type\":\"ImageObject\",\"inLanguage\":\"es-AR\",\"@id\":\"https:\/\/apuntesdesanluis.com\/#\/schema\/person\/image\/\",\"url\":\"https:\/\/apuntesdesanluis.com\/wp-content\/uploads\/2023\/07\/cropped-apuntesdesanluis.png\",\"contentUrl\":\"https:\/\/apuntesdesanluis.com\/wp-content\/uploads\/2023\/07\/cropped-apuntesdesanluis.png\",\"width\":450,\"height\":112,\"caption\":\"apuntesdesanluis.com\"},\"logo\":{\"@id\":\"https:\/\/apuntesdesanluis.com\/#\/schema\/person\/image\/\"},\"sameAs\":[\"https:\/\/apuntesdesanluis.com\"],\"url\":\"https:\/\/apuntesdesanluis.com\/index.php\/author\/apuntesdesanluis-com\/\"}]}<\/script>\n<!-- \/ Yoast SEO plugin. -->","yoast_head_json":{"title":"CONFIRMADO: EL LUNES 24 DE FEBRERO COMENZAR\u00c1N LAS CLASES EN SAN LUIS - Apuntes de San Luis","robots":{"index":"index","follow":"follow","max-snippet":"max-snippet:-1","max-image-preview":"max-image-preview:large","max-video-preview":"max-video-preview:-1"},"canonical":"https:\/\/apuntesdesanluis.com\/index.php\/2024\/12\/09\/confirmado-el-lunes-24-de-febrero-comenzaran-las-clases-en-san-luis\/","og_locale":"es_ES","og_type":"article","og_title":"CONFIRMADO: EL LUNES 24 DE FEBRERO COMENZAR\u00c1N LAS CLASES EN SAN LUIS - Apuntes de San Luis","og_description":"El gobernador de la Provincia, Claudio Poggi, rubric\u00f3 este lunes el Decreto N\u00ba13183 -ME-2024 del...","og_url":"https:\/\/apuntesdesanluis.com\/index.php\/2024\/12\/09\/confirmado-el-lunes-24-de-febrero-comenzaran-las-clases-en-san-luis\/","og_site_name":"Apuntes de San Luis","article_published_time":"2024-12-10T00:00:16+00:00","og_image":[{"width":674,"height":443,"url":"https:\/\/apuntesdesanluis.com\/wp-content\/uploads\/2024\/12\/poggi-araujo.png","type":"image\/png"}],"author":"apuntesdesanluis.com","twitter_card":"summary_large_image","twitter_misc":{"Escrito por":"apuntesdesanluis.com","Tiempo de lectura":"2 minutos"},"schema":{"@context":"https:\/\/schema.org","@graph":[{"@type":"Article","@id":"https:\/\/apuntesdesanluis.com\/index.php\/2024\/12\/09\/confirmado-el-lunes-24-de-febrero-comenzaran-las-clases-en-san-luis\/#article","isPartOf":{"@id":"https:\/\/apuntesdesanluis.com\/index.php\/2024\/12\/09\/confirmado-el-lunes-24-de-febrero-comenzaran-las-clases-en-san-luis\/"},"author":{"name":"apuntesdesanluis.com","@id":"https:\/\/apuntesdesanluis.com\/#\/schema\/person\/b55151d52296fcce64d1a72538a70b90"},"headline":"CONFIRMADO: EL LUNES 24 DE FEBRERO COMENZAR\u00c1N LAS CLASES EN SAN LUIS","datePublished":"2024-12-10T00:00:16+00:00","mainEntityOfPage":{"@id":"https:\/\/apuntesdesanluis.com\/index.php\/2024\/12\/09\/confirmado-el-lunes-24-de-febrero-comenzaran-las-clases-en-san-luis\/"},"wordCount":355,"publisher":{"@id":"https:\/\/apuntesdesanluis.com\/#\/schema\/person\/b55151d52296fcce64d1a72538a70b90"},"image":{"@id":"https:\/\/apuntesdesanluis.com\/index.php\/2024\/12\/09\/confirmado-el-lunes-24-de-febrero-comenzaran-las-clases-en-san-luis\/#primaryimage"},"thumbnailUrl":"https:\/\/apuntesdesanluis.com\/wp-content\/uploads\/2024\/12\/poggi-araujo.png","articleSection":["Ciudad\/Provincia"],"inLanguage":"es-AR"},{"@type":"WebPage","@id":"https:\/\/apuntesdesanluis.com\/index.php\/2024\/12\/09\/confirmado-el-lunes-24-de-febrero-comenzaran-las-clases-en-san-luis\/","url":"https:\/\/apuntesdesanluis.com\/index.php\/2024\/12\/09\/confirmado-el-lunes-24-de-febrero-comenzaran-las-clases-en-san-luis\/","name":"CONFIRMADO: EL LUNES 24 DE FEBRERO COMENZAR\u00c1N LAS CLASES EN SAN LUIS - Apuntes de San Luis","isPartOf":{"@id":"https:\/\/apuntesdesanluis.com\/#website"},"primaryImageOfPage":{"@id":"https:\/\/apuntesdesanluis.com\/index.php\/2024\/12\/09\/confirmado-el-lunes-24-de-febrero-comenzaran-las-clases-en-san-luis\/#primaryimage"},"image":{"@id":"https:\/\/apuntesdesanluis.com\/index.php\/2024\/12\/09\/confirmado-el-lunes-24-de-febrero-comenzaran-las-clases-en-san-luis\/#primaryimage"},"thumbnailUrl":"https:\/\/apuntesdesanluis.com\/wp-content\/uploads\/2024\/12\/poggi-araujo.png","datePublished":"2024-12-10T00:00:16+00:00","breadcrumb":{"@id":"https:\/\/apuntesdesanluis.com\/index.php\/2024\/12\/09\/confirmado-el-lunes-24-de-febrero-comenzaran-las-clases-en-san-luis\/#breadcrumb"},"inLanguage":"es-AR","potentialAction":[{"@type":"ReadAction","target":["https:\/\/apuntesdesanluis.com\/index.php\/2024\/12\/09\/confirmado-el-lunes-24-de-febrero-comenzaran-las-clases-en-san-luis\/"]}]},{"@type":"ImageObject","inLanguage":"es-AR","@id":"https:\/\/apuntesdesanluis.com\/index.php\/2024\/12\/09\/confirmado-el-lunes-24-de-febrero-comenzaran-las-clases-en-san-luis\/#primaryimage","url":"https:\/\/apuntesdesanluis.com\/wp-content\/uploads\/2024\/12\/poggi-araujo.png","contentUrl":"https:\/\/apuntesdesanluis.com\/wp-content\/uploads\/2024\/12\/poggi-araujo.png","width":674,"height":443},{"@type":"BreadcrumbList","@id":"https:\/\/apuntesdesanluis.com\/index.php\/2024\/12\/09\/confirmado-el-lunes-24-de-febrero-comenzaran-las-clases-en-san-luis\/#breadcrumb","itemListElement":[{"@type":"ListItem","position":1,"name":"Inicio","item":"https:\/\/apuntesdesanluis.com\/"},{"@type":"ListItem","position":2,"name":"CONFIRMADO: EL LUNES 24 DE FEBRERO COMENZAR\u00c1N LAS CLASES EN SAN LUIS"}]},{"@type":"WebSite","@id":"https:\/\/apuntesdesanluis.com\/#website","url":"https:\/\/apuntesdesanluis.com\/","name":"Apuntes de San Luis","description":"","publisher":{"@id":"https:\/\/apuntesdesanluis.com\/#\/schema\/person\/b55151d52296fcce64d1a72538a70b90"},"potentialAction":[{"@type":"SearchAction","target":{"@type":"EntryPoint","urlTemplate":"https:\/\/apuntesdesanluis.com\/?s={search_term_string}"},"query-input":{"@type":"PropertyValueSpecification","valueRequired":true,"valueName":"search_term_string"}}],"inLanguage":"es-AR"},{"@type":["Person","Organization"],"@id":"https:\/\/apuntesdesanluis.com\/#\/schema\/person\/b55151d52296fcce64d1a72538a70b90","name":"apuntesdesanluis.com","image":{"@type":"ImageObject","inLanguage":"es-AR","@id":"https:\/\/apuntesdesanluis.com\/#\/schema\/person\/image\/","url":"https:\/\/apuntesdesanluis.com\/wp-content\/uploads\/2023\/07\/cropped-apuntesdesanluis.png","contentUrl":"https:\/\/apuntesdesanluis.com\/wp-content\/uploads\/2023\/07\/cropped-apuntesdesanluis.png","width":450,"height":112,"caption":"apuntesdesanluis.com"},"logo":{"@id":"https:\/\/apuntesdesanluis.com\/#\/schema\/person\/image\/"},"sameAs":["https:\/\/apuntesdesanluis.com"],"url":"https:\/\/apuntesdesanluis.com\/index.php\/author\/apuntesdesanluis-com\/"}]}},"featured_image_urls":{"full":["https:\/\/apuntesdesanluis.com\/wp-content\/uploads\/2024\/12\/poggi-araujo.png",674,443,false],"thumbnail":["https:\/\/apuntesdesanluis.com\/wp-content\/uploads\/2024\/12\/poggi-araujo-150x150.png",150,150,true],"medium":["https:\/\/apuntesdesanluis.com\/wp-content\/uploads\/2024\/12\/poggi-araujo-300x197.png",300,197,true],"medium_large":["https:\/\/apuntesdesanluis.com\/wp-content\/uploads\/2024\/12\/poggi-araujo.png",640,421,false],"large":["https:\/\/apuntesdesanluis.com\/wp-content\/uploads\/2024\/12\/poggi-araujo.png",640,421,false],"1536x1536":["https:\/\/apuntesdesanluis.com\/wp-content\/uploads\/2024\/12\/poggi-araujo.png",674,443,false],"2048x2048":["https:\/\/apuntesdesanluis.com\/wp-content\/uploads\/2024\/12\/poggi-araujo.png",674,443,false],"newsever-slider-full":["https:\/\/apuntesdesanluis.com\/wp-content\/uploads\/2024\/12\/poggi-araujo.png",674,443,false],"newsever-featured":["https:\/\/apuntesdesanluis.com\/wp-content\/uploads\/2024\/12\/poggi-araujo.png",674,443,false],"newsever-medium":["https:\/\/apuntesdesanluis.com\/wp-content\/uploads\/2024\/12\/poggi-araujo.png",674,443,false]},"author_info":{"display_name":"apuntesdesanluis.com","author_link":"https:\/\/apuntesdesanluis.com\/index.php\/author\/apuntesdesanluis-com\/"},"category_info":"<a href=\"https:\/\/apuntesdesanluis.com\/index.php\/category\/ciudad-provincia\/\" rel=\"category tag\">Ciudad\/Provincia<\/a>","tag_info":"Ciudad\/Provincia","comment_count":"0","_links":{"self":[{"href":"https:\/\/apuntesdesanluis.com\/index.php\/wp-json\/wp\/v2\/posts\/26474","targetHints":{"allow":["GET"]}}],"collection":[{"href":"https:\/\/apuntesdesanluis.com\/index.php\/wp-json\/wp\/v2\/posts"}],"about":[{"href":"https:\/\/apuntesdesanluis.com\/index.php\/wp-json\/wp\/v2\/types\/post"}],"author":[{"embeddable":true,"href":"https:\/\/apuntesdesanluis.com\/index.php\/wp-json\/wp\/v2\/users\/1"}],"replies":[{"embeddable":true,"href":"https:\/\/apuntesdesanluis.com\/index.php\/wp-json\/wp\/v2\/comments?post=26474"}],"version-history":[{"count":1,"href":"https:\/\/apuntesdesanluis.com\/index.php\/wp-json\/wp\/v2\/posts\/26474\/revisions"}],"predecessor-version":[{"id":26476,"href":"https:\/\/apuntesdesanluis.com\/index.php\/wp-json\/wp\/v2\/posts\/26474\/revisions\/26476"}],"wp:featuredmedia":[{"embeddable":true,"href":"https:\/\/apuntesdesanluis.com\/index.php\/wp-json\/wp\/v2\/media\/26475"}],"wp:attachment":[{"href":"https:\/\/apuntesdesanluis.com\/index.php\/wp-json\/wp\/v2\/media?parent=26474"}],"wp:term":[{"taxonomy":"category","embeddable":true,"href":"https:\/\/apuntesdesanluis.com\/index.php\/wp-json\/wp\/v2\/categories?post=26474"},{"taxonomy":"post_tag","embeddable":true,"href":"https:\/\/apuntesdesanluis.com\/index.php\/wp-json\/wp\/v2\/tags?post=26474"}],"curies":[{"name":"wp","href":"https:\/\/api.w.org\/{rel}","templated":true}]}}