{"id":26507,"date":"2024-12-10T20:01:16","date_gmt":"2024-12-10T23:01:16","guid":{"rendered":"https:\/\/apuntesdesanluis.com\/?p=26507"},"modified":"2024-12-10T20:01:16","modified_gmt":"2024-12-10T23:01:16","slug":"homicidio-de-una-beba-revocan-la-prision-domiciliaria-del-padrastro","status":"publish","type":"post","link":"https:\/\/apuntesdesanluis.com\/index.php\/2024\/12\/10\/homicidio-de-una-beba-revocan-la-prision-domiciliaria-del-padrastro\/","title":{"rendered":"HOMICIDIO DE UNA BEBA: REVOCAN LA PRISI\u00d3N DOMICILIARIA DEL PADRASTRO"},"content":{"rendered":"<h3>El Tribunal de Impugnaciones de la ciudad de San Luis hizo lugar al pedido de la fiscal de Instrucci\u00f3n, Mar\u00eda del Valle Dur\u00e1n, y revoc\u00f3 el dictamen del Juzgado de Garant\u00eda N\u00b0 4 que dispon\u00eda que Edgar S\u00e1nchez, uno de los imputados por el homicidio de una beba de 9 meses, continuara el proceso penal bajo detenci\u00f3n domiciliaria. La nueva resoluci\u00f3n ordena que el hombre de 32 a\u00f1os contin\u00fae privado de la libertad en el Servicio Penitenciario Provincial para cumplir con la medida cautelar de prisi\u00f3n preventiva.<\/h3>\n<h3>\u201cNo est\u00e1n dadas las condiciones para que se morigere la medida de coerci\u00f3n porque no alcanza para cautelar la investigaci\u00f3n\u201d, explic\u00f3 el presidente del tribunal, Jorge Sabaini Zapata. El fallo se emiti\u00f3 este martes a la ma\u00f1ana luego de que los jueces escuchasen los argumentos de la fiscal Dur\u00e1n y del abogado de S\u00e1nchez, Federico Putelli.<\/h3>\n<p><img fetchpriority=\"high\" decoding=\"async\" class=\"wp-image-26509 aligncenter\" src=\"https:\/\/apuntesdesanluis.com\/wp-content\/uploads\/2024\/12\/defensa-300x189.png\" alt=\"\" width=\"597\" height=\"376\" srcset=\"https:\/\/apuntesdesanluis.com\/wp-content\/uploads\/2024\/12\/defensa-300x189.png 300w, https:\/\/apuntesdesanluis.com\/wp-content\/uploads\/2024\/12\/defensa-768x484.png 768w, https:\/\/apuntesdesanluis.com\/wp-content\/uploads\/2024\/12\/defensa.png 798w\" sizes=\"(max-width: 597px) 100vw, 597px\" \/><\/p>\n<h3>La titular de la Fiscal\u00eda de Instrucci\u00f3n N\u00b0 4 apel\u00f3 el dictamen que la jueza Natalia Lazarte Otero realiz\u00f3 en la audiencia de control de acusaci\u00f3n del cinco de diciembre. Ese d\u00eda, la magistrada prorrog\u00f3 la prisi\u00f3n domiciliaria de Melanie Castro, la otra persona imputada en la causa y mam\u00e1 de la v\u00edctima, y resolvi\u00f3 que S\u00e1nchez, una vez cumplido el plazo de la prisi\u00f3n preventiva, abandone la penitenciar\u00eda para continuar privado de su libertad en el domicilio de su madre, ubicado en el Barrio 208 Viviendas. As\u00ed lo hab\u00eda solicitado su defensa.<\/h3>\n<h3>Edgar S\u00e1nchez est\u00e1 acusado junto a su pareja, Melanie Castro, por la muerte de Catalina, una beba de casi 10 meses, hija de la mujer. La fiscal Dur\u00e1n imput\u00f3 al hombre por homicidio simple, con un pedido de condena de 20 a\u00f1os de prisi\u00f3n, mientras que a la progenitora la imput\u00f3 como autora de homicidio calificado agravado por el v\u00ednculo, en comisi\u00f3n por omisi\u00f3n, mediando circunstancias extraordinarias de atenuaci\u00f3n (art. 45, 80 inc. 1ro y ultimo p\u00e1rr. del CP), con pedido de pena de 10 a\u00f1os.<\/h3>\n<h3>Dur\u00e1n explic\u00f3 que existen riesgos procesales que hacen necesario prorrogar la preventiva del imputado, que vence ma\u00f1ana. \u201cEs una causa sensible y compleja. La investigaci\u00f3n est\u00e1 finalizada pero la medida de prisi\u00f3n preventiva resulta indispensable ya que se presume que exista riesgo de fuga, por la solidez de la acusaci\u00f3n y la expectativa de pena solicitada de 20 a\u00f1os\u201d, fundament\u00f3.<\/h3>\n<h3>Y agreg\u00f3 la fiscal: \u201cTambi\u00e9n existe un riesgo de entorpecimiento de la investigaci\u00f3n. La evidencia da cuenta de lo agresivo y conflictivo que era S\u00e1nchez y con seguridad puede amedrentar a la familia de la v\u00edctima. A la co-imputada Castro la quiso manipular envi\u00e1ndole cartas en el Penal. Tambi\u00e9n lo hizo con una hermana de la imputada\u201d.<\/h3>\n<h3>Dur\u00e1n mencion\u00f3 que S\u00e1nchez tiene varias denuncias en su contra y que en una causa por robo fue declarado rebelde, que es cuando una persona, habiendo sido debidamente notificada, no comparece al proceso o incumple con las obligaciones impuestas por el tribunal sin una justificaci\u00f3n v\u00e1lida.<\/h3>\n<h3>El abogado defensor, por su parte, sostuvo que el imputado tambi\u00e9n tiene hijos que quieren estar con su padre, que no hay antecedentes de que haya presionado a nadie desde el Servicio Penitenciario y que el dictamen de la jueza Lazarte responde a una decisi\u00f3n arm\u00f3nica y que no perjudica la investigaci\u00f3n.<\/h3>\n<h3>\u201cSe encuentran cautelados todos los requisitos a trav\u00e9s de esta medida morigerada. La prisi\u00f3n preventiva debe ser proporcional y no debe tratarse como una condena. S\u00e1nchez ya lleva 11 meses privado de su libertad y la fiscal\u00eda no demostr\u00f3 ning\u00fan peligro puntual para evitar la prisi\u00f3n domiciliaria\u201d, dijo Putelli.<\/h3>\n<h3>LA PALABRA DEL TRIBUNAL<\/h3>\n<h3>El Tribunal de Impugnaciones, integrado por Jorge Sabaini Zapata, Yanina Del Viso y Hern\u00e1n Herrera, consider\u00f3 que los fundamentos presentados para otorgar la prisi\u00f3n domiciliaria no eran suficientes.<\/h3>\n<h3>\u201cEntendemos que la resoluci\u00f3n de la jueza se bas\u00f3 en los principios de igualdad de valores y equidad, pero, en este caso, el tribunal entiende que ambos imputados no est\u00e1n en igualdad de condiciones, que las situaciones de Castro y S\u00e1nchez son desiguales\u201d, explic\u00f3 Sabaini.<\/h3>\n<h3>Y agreg\u00f3: \u201cexisten riesgos procesales que es necesario atender. Primero, el riesgo de fuga. Se ha hecho referencia que, en una causa por robo, el imputado no se ha ajustado a derecho. M\u00e1s all\u00e1 de lo que se puede decir o valorar oportunamente en el juicio, a primera vista se observa que habr\u00eda existido o podr\u00eda existir una cuesti\u00f3n de manipulaci\u00f3n que indica que de esa forma, est\u00e1 tratando de entorpecer o por lo menos influir en uno de los dos imputados y tambi\u00e9n eso nos lleva objetivamente a que exista una pauta que pueda haber un peligro de entorpecimiento en la causa. Todos estos elementos justifican por si mismas el dictado de una medida coercitiva\u201d.<\/h3>\n<h3>Y concluy\u00f3: \u201cPor todas estas razones que he esgrimido entiendo que corresponde hacer lugar a la apelaci\u00f3n revocando la resoluci\u00f3n de la jueza de primera instancia que dispon\u00eda un arresto domiciliario o prisi\u00f3n domiciliaria, disponiendo que contin\u00faen bajo el r\u00e9gimen de la prisi\u00f3n preventiva\u201d.<\/h3>\n<p>&nbsp;<\/p>\n<p>&nbsp;<\/p>\n<p>&nbsp;<\/p>\n","protected":false},"excerpt":{"rendered":"<p>El Tribunal de Impugnaciones de la ciudad de San Luis hizo lugar al pedido de&#8230;<\/p>\n","protected":false},"author":1,"featured_media":26508,"comment_status":"closed","ping_status":"closed","sticky":false,"template":"","format":"standard","meta":{"footnotes":""},"categories":[6],"tags":[],"class_list":["post-26507","post","type-post","status-publish","format-standard","has-post-thumbnail","hentry","category-ciudad-provincia"],"yoast_head":"<!-- This site is optimized with the Yoast SEO plugin v26.1.1 - https:\/\/yoast.com\/wordpress\/plugins\/seo\/ -->\n<title>HOMICIDIO DE UNA BEBA: REVOCAN LA PRISI\u00d3N DOMICILIARIA DEL PADRASTRO - Apuntes de San Luis<\/title>\n<meta name=\"robots\" content=\"index, follow, max-snippet:-1, max-image-preview:large, max-video-preview:-1\" \/>\n<link rel=\"canonical\" href=\"https:\/\/apuntesdesanluis.com\/index.php\/2024\/12\/10\/homicidio-de-una-beba-revocan-la-prision-domiciliaria-del-padrastro\/\" \/>\n<meta property=\"og:locale\" content=\"es_ES\" \/>\n<meta property=\"og:type\" content=\"article\" \/>\n<meta property=\"og:title\" content=\"HOMICIDIO DE UNA BEBA: REVOCAN LA PRISI\u00d3N DOMICILIARIA DEL PADRASTRO - Apuntes de San Luis\" \/>\n<meta property=\"og:description\" content=\"El Tribunal de Impugnaciones de la ciudad de San Luis hizo lugar al pedido de...\" \/>\n<meta property=\"og:url\" content=\"https:\/\/apuntesdesanluis.com\/index.php\/2024\/12\/10\/homicidio-de-una-beba-revocan-la-prision-domiciliaria-del-padrastro\/\" \/>\n<meta property=\"og:site_name\" content=\"Apuntes de San Luis\" \/>\n<meta property=\"article:published_time\" content=\"2024-12-10T23:01:16+00:00\" \/>\n<meta property=\"og:image\" content=\"https:\/\/apuntesdesanluis.com\/wp-content\/uploads\/2024\/12\/tribunal.png\" \/>\n\t<meta property=\"og:image:width\" content=\"821\" \/>\n\t<meta property=\"og:image:height\" content=\"461\" \/>\n\t<meta property=\"og:image:type\" content=\"image\/png\" \/>\n<meta name=\"author\" content=\"apuntesdesanluis.com\" \/>\n<meta name=\"twitter:card\" content=\"summary_large_image\" \/>\n<meta name=\"twitter:label1\" content=\"Escrito por\" \/>\n\t<meta name=\"twitter:data1\" content=\"apuntesdesanluis.com\" \/>\n\t<meta name=\"twitter:label2\" content=\"Tiempo de lectura\" \/>\n\t<meta name=\"twitter:data2\" content=\"5 minutos\" \/>\n<script type=\"application\/ld+json\" class=\"yoast-schema-graph\">{\"@context\":\"https:\/\/schema.org\",\"@graph\":[{\"@type\":\"Article\",\"@id\":\"https:\/\/apuntesdesanluis.com\/index.php\/2024\/12\/10\/homicidio-de-una-beba-revocan-la-prision-domiciliaria-del-padrastro\/#article\",\"isPartOf\":{\"@id\":\"https:\/\/apuntesdesanluis.com\/index.php\/2024\/12\/10\/homicidio-de-una-beba-revocan-la-prision-domiciliaria-del-padrastro\/\"},\"author\":{\"name\":\"apuntesdesanluis.com\",\"@id\":\"https:\/\/apuntesdesanluis.com\/#\/schema\/person\/b55151d52296fcce64d1a72538a70b90\"},\"headline\":\"HOMICIDIO DE UNA BEBA: REVOCAN LA PRISI\u00d3N DOMICILIARIA DEL PADRASTRO\",\"datePublished\":\"2024-12-10T23:01:16+00:00\",\"mainEntityOfPage\":{\"@id\":\"https:\/\/apuntesdesanluis.com\/index.php\/2024\/12\/10\/homicidio-de-una-beba-revocan-la-prision-domiciliaria-del-padrastro\/\"},\"wordCount\":906,\"publisher\":{\"@id\":\"https:\/\/apuntesdesanluis.com\/#\/schema\/person\/b55151d52296fcce64d1a72538a70b90\"},\"image\":{\"@id\":\"https:\/\/apuntesdesanluis.com\/index.php\/2024\/12\/10\/homicidio-de-una-beba-revocan-la-prision-domiciliaria-del-padrastro\/#primaryimage\"},\"thumbnailUrl\":\"https:\/\/apuntesdesanluis.com\/wp-content\/uploads\/2024\/12\/tribunal.png\",\"articleSection\":[\"Ciudad\/Provincia\"],\"inLanguage\":\"es-AR\"},{\"@type\":\"WebPage\",\"@id\":\"https:\/\/apuntesdesanluis.com\/index.php\/2024\/12\/10\/homicidio-de-una-beba-revocan-la-prision-domiciliaria-del-padrastro\/\",\"url\":\"https:\/\/apuntesdesanluis.com\/index.php\/2024\/12\/10\/homicidio-de-una-beba-revocan-la-prision-domiciliaria-del-padrastro\/\",\"name\":\"HOMICIDIO DE UNA BEBA: REVOCAN LA PRISI\u00d3N DOMICILIARIA DEL PADRASTRO - Apuntes de San Luis\",\"isPartOf\":{\"@id\":\"https:\/\/apuntesdesanluis.com\/#website\"},\"primaryImageOfPage\":{\"@id\":\"https:\/\/apuntesdesanluis.com\/index.php\/2024\/12\/10\/homicidio-de-una-beba-revocan-la-prision-domiciliaria-del-padrastro\/#primaryimage\"},\"image\":{\"@id\":\"https:\/\/apuntesdesanluis.com\/index.php\/2024\/12\/10\/homicidio-de-una-beba-revocan-la-prision-domiciliaria-del-padrastro\/#primaryimage\"},\"thumbnailUrl\":\"https:\/\/apuntesdesanluis.com\/wp-content\/uploads\/2024\/12\/tribunal.png\",\"datePublished\":\"2024-12-10T23:01:16+00:00\",\"breadcrumb\":{\"@id\":\"https:\/\/apuntesdesanluis.com\/index.php\/2024\/12\/10\/homicidio-de-una-beba-revocan-la-prision-domiciliaria-del-padrastro\/#breadcrumb\"},\"inLanguage\":\"es-AR\",\"potentialAction\":[{\"@type\":\"ReadAction\",\"target\":[\"https:\/\/apuntesdesanluis.com\/index.php\/2024\/12\/10\/homicidio-de-una-beba-revocan-la-prision-domiciliaria-del-padrastro\/\"]}]},{\"@type\":\"ImageObject\",\"inLanguage\":\"es-AR\",\"@id\":\"https:\/\/apuntesdesanluis.com\/index.php\/2024\/12\/10\/homicidio-de-una-beba-revocan-la-prision-domiciliaria-del-padrastro\/#primaryimage\",\"url\":\"https:\/\/apuntesdesanluis.com\/wp-content\/uploads\/2024\/12\/tribunal.png\",\"contentUrl\":\"https:\/\/apuntesdesanluis.com\/wp-content\/uploads\/2024\/12\/tribunal.png\",\"width\":821,\"height\":461},{\"@type\":\"BreadcrumbList\",\"@id\":\"https:\/\/apuntesdesanluis.com\/index.php\/2024\/12\/10\/homicidio-de-una-beba-revocan-la-prision-domiciliaria-del-padrastro\/#breadcrumb\",\"itemListElement\":[{\"@type\":\"ListItem\",\"position\":1,\"name\":\"Inicio\",\"item\":\"https:\/\/apuntesdesanluis.com\/\"},{\"@type\":\"ListItem\",\"position\":2,\"name\":\"HOMICIDIO DE UNA BEBA: REVOCAN LA PRISI\u00d3N DOMICILIARIA DEL PADRASTRO\"}]},{\"@type\":\"WebSite\",\"@id\":\"https:\/\/apuntesdesanluis.com\/#website\",\"url\":\"https:\/\/apuntesdesanluis.com\/\",\"name\":\"Apuntes de San Luis\",\"description\":\"\",\"publisher\":{\"@id\":\"https:\/\/apuntesdesanluis.com\/#\/schema\/person\/b55151d52296fcce64d1a72538a70b90\"},\"potentialAction\":[{\"@type\":\"SearchAction\",\"target\":{\"@type\":\"EntryPoint\",\"urlTemplate\":\"https:\/\/apuntesdesanluis.com\/?s={search_term_string}\"},\"query-input\":{\"@type\":\"PropertyValueSpecification\",\"valueRequired\":true,\"valueName\":\"search_term_string\"}}],\"inLanguage\":\"es-AR\"},{\"@type\":[\"Person\",\"Organization\"],\"@id\":\"https:\/\/apuntesdesanluis.com\/#\/schema\/person\/b55151d52296fcce64d1a72538a70b90\",\"name\":\"apuntesdesanluis.com\",\"image\":{\"@type\":\"ImageObject\",\"inLanguage\":\"es-AR\",\"@id\":\"https:\/\/apuntesdesanluis.com\/#\/schema\/person\/image\/\",\"url\":\"https:\/\/apuntesdesanluis.com\/wp-content\/uploads\/2023\/07\/cropped-apuntesdesanluis.png\",\"contentUrl\":\"https:\/\/apuntesdesanluis.com\/wp-content\/uploads\/2023\/07\/cropped-apuntesdesanluis.png\",\"width\":450,\"height\":112,\"caption\":\"apuntesdesanluis.com\"},\"logo\":{\"@id\":\"https:\/\/apuntesdesanluis.com\/#\/schema\/person\/image\/\"},\"sameAs\":[\"https:\/\/apuntesdesanluis.com\"],\"url\":\"https:\/\/apuntesdesanluis.com\/index.php\/author\/apuntesdesanluis-com\/\"}]}<\/script>\n<!-- \/ Yoast SEO plugin. -->","yoast_head_json":{"title":"HOMICIDIO DE UNA BEBA: REVOCAN LA PRISI\u00d3N DOMICILIARIA DEL PADRASTRO - Apuntes de San Luis","robots":{"index":"index","follow":"follow","max-snippet":"max-snippet:-1","max-image-preview":"max-image-preview:large","max-video-preview":"max-video-preview:-1"},"canonical":"https:\/\/apuntesdesanluis.com\/index.php\/2024\/12\/10\/homicidio-de-una-beba-revocan-la-prision-domiciliaria-del-padrastro\/","og_locale":"es_ES","og_type":"article","og_title":"HOMICIDIO DE UNA BEBA: REVOCAN LA PRISI\u00d3N DOMICILIARIA DEL PADRASTRO - Apuntes de San Luis","og_description":"El Tribunal de Impugnaciones de la ciudad de San Luis hizo lugar al pedido de...","og_url":"https:\/\/apuntesdesanluis.com\/index.php\/2024\/12\/10\/homicidio-de-una-beba-revocan-la-prision-domiciliaria-del-padrastro\/","og_site_name":"Apuntes de San Luis","article_published_time":"2024-12-10T23:01:16+00:00","og_image":[{"width":821,"height":461,"url":"https:\/\/apuntesdesanluis.com\/wp-content\/uploads\/2024\/12\/tribunal.png","type":"image\/png"}],"author":"apuntesdesanluis.com","twitter_card":"summary_large_image","twitter_misc":{"Escrito por":"apuntesdesanluis.com","Tiempo de lectura":"5 minutos"},"schema":{"@context":"https:\/\/schema.org","@graph":[{"@type":"Article","@id":"https:\/\/apuntesdesanluis.com\/index.php\/2024\/12\/10\/homicidio-de-una-beba-revocan-la-prision-domiciliaria-del-padrastro\/#article","isPartOf":{"@id":"https:\/\/apuntesdesanluis.com\/index.php\/2024\/12\/10\/homicidio-de-una-beba-revocan-la-prision-domiciliaria-del-padrastro\/"},"author":{"name":"apuntesdesanluis.com","@id":"https:\/\/apuntesdesanluis.com\/#\/schema\/person\/b55151d52296fcce64d1a72538a70b90"},"headline":"HOMICIDIO DE UNA BEBA: REVOCAN LA PRISI\u00d3N DOMICILIARIA DEL PADRASTRO","datePublished":"2024-12-10T23:01:16+00:00","mainEntityOfPage":{"@id":"https:\/\/apuntesdesanluis.com\/index.php\/2024\/12\/10\/homicidio-de-una-beba-revocan-la-prision-domiciliaria-del-padrastro\/"},"wordCount":906,"publisher":{"@id":"https:\/\/apuntesdesanluis.com\/#\/schema\/person\/b55151d52296fcce64d1a72538a70b90"},"image":{"@id":"https:\/\/apuntesdesanluis.com\/index.php\/2024\/12\/10\/homicidio-de-una-beba-revocan-la-prision-domiciliaria-del-padrastro\/#primaryimage"},"thumbnailUrl":"https:\/\/apuntesdesanluis.com\/wp-content\/uploads\/2024\/12\/tribunal.png","articleSection":["Ciudad\/Provincia"],"inLanguage":"es-AR"},{"@type":"WebPage","@id":"https:\/\/apuntesdesanluis.com\/index.php\/2024\/12\/10\/homicidio-de-una-beba-revocan-la-prision-domiciliaria-del-padrastro\/","url":"https:\/\/apuntesdesanluis.com\/index.php\/2024\/12\/10\/homicidio-de-una-beba-revocan-la-prision-domiciliaria-del-padrastro\/","name":"HOMICIDIO DE UNA BEBA: REVOCAN LA PRISI\u00d3N DOMICILIARIA DEL PADRASTRO - Apuntes de San Luis","isPartOf":{"@id":"https:\/\/apuntesdesanluis.com\/#website"},"primaryImageOfPage":{"@id":"https:\/\/apuntesdesanluis.com\/index.php\/2024\/12\/10\/homicidio-de-una-beba-revocan-la-prision-domiciliaria-del-padrastro\/#primaryimage"},"image":{"@id":"https:\/\/apuntesdesanluis.com\/index.php\/2024\/12\/10\/homicidio-de-una-beba-revocan-la-prision-domiciliaria-del-padrastro\/#primaryimage"},"thumbnailUrl":"https:\/\/apuntesdesanluis.com\/wp-content\/uploads\/2024\/12\/tribunal.png","datePublished":"2024-12-10T23:01:16+00:00","breadcrumb":{"@id":"https:\/\/apuntesdesanluis.com\/index.php\/2024\/12\/10\/homicidio-de-una-beba-revocan-la-prision-domiciliaria-del-padrastro\/#breadcrumb"},"inLanguage":"es-AR","potentialAction":[{"@type":"ReadAction","target":["https:\/\/apuntesdesanluis.com\/index.php\/2024\/12\/10\/homicidio-de-una-beba-revocan-la-prision-domiciliaria-del-padrastro\/"]}]},{"@type":"ImageObject","inLanguage":"es-AR","@id":"https:\/\/apuntesdesanluis.com\/index.php\/2024\/12\/10\/homicidio-de-una-beba-revocan-la-prision-domiciliaria-del-padrastro\/#primaryimage","url":"https:\/\/apuntesdesanluis.com\/wp-content\/uploads\/2024\/12\/tribunal.png","contentUrl":"https:\/\/apuntesdesanluis.com\/wp-content\/uploads\/2024\/12\/tribunal.png","width":821,"height":461},{"@type":"BreadcrumbList","@id":"https:\/\/apuntesdesanluis.com\/index.php\/2024\/12\/10\/homicidio-de-una-beba-revocan-la-prision-domiciliaria-del-padrastro\/#breadcrumb","itemListElement":[{"@type":"ListItem","position":1,"name":"Inicio","item":"https:\/\/apuntesdesanluis.com\/"},{"@type":"ListItem","position":2,"name":"HOMICIDIO DE UNA BEBA: REVOCAN LA PRISI\u00d3N DOMICILIARIA DEL PADRASTRO"}]},{"@type":"WebSite","@id":"https:\/\/apuntesdesanluis.com\/#website","url":"https:\/\/apuntesdesanluis.com\/","name":"Apuntes de San Luis","description":"","publisher":{"@id":"https:\/\/apuntesdesanluis.com\/#\/schema\/person\/b55151d52296fcce64d1a72538a70b90"},"potentialAction":[{"@type":"SearchAction","target":{"@type":"EntryPoint","urlTemplate":"https:\/\/apuntesdesanluis.com\/?s={search_term_string}"},"query-input":{"@type":"PropertyValueSpecification","valueRequired":true,"valueName":"search_term_string"}}],"inLanguage":"es-AR"},{"@type":["Person","Organization"],"@id":"https:\/\/apuntesdesanluis.com\/#\/schema\/person\/b55151d52296fcce64d1a72538a70b90","name":"apuntesdesanluis.com","image":{"@type":"ImageObject","inLanguage":"es-AR","@id":"https:\/\/apuntesdesanluis.com\/#\/schema\/person\/image\/","url":"https:\/\/apuntesdesanluis.com\/wp-content\/uploads\/2023\/07\/cropped-apuntesdesanluis.png","contentUrl":"https:\/\/apuntesdesanluis.com\/wp-content\/uploads\/2023\/07\/cropped-apuntesdesanluis.png","width":450,"height":112,"caption":"apuntesdesanluis.com"},"logo":{"@id":"https:\/\/apuntesdesanluis.com\/#\/schema\/person\/image\/"},"sameAs":["https:\/\/apuntesdesanluis.com"],"url":"https:\/\/apuntesdesanluis.com\/index.php\/author\/apuntesdesanluis-com\/"}]}},"featured_image_urls":{"full":["https:\/\/apuntesdesanluis.com\/wp-content\/uploads\/2024\/12\/tribunal.png",821,461,false],"thumbnail":["https:\/\/apuntesdesanluis.com\/wp-content\/uploads\/2024\/12\/tribunal-150x150.png",150,150,true],"medium":["https:\/\/apuntesdesanluis.com\/wp-content\/uploads\/2024\/12\/tribunal-300x168.png",300,168,true],"medium_large":["https:\/\/apuntesdesanluis.com\/wp-content\/uploads\/2024\/12\/tribunal-768x431.png",640,359,true],"large":["https:\/\/apuntesdesanluis.com\/wp-content\/uploads\/2024\/12\/tribunal.png",640,359,false],"1536x1536":["https:\/\/apuntesdesanluis.com\/wp-content\/uploads\/2024\/12\/tribunal.png",821,461,false],"2048x2048":["https:\/\/apuntesdesanluis.com\/wp-content\/uploads\/2024\/12\/tribunal.png",821,461,false],"newsever-slider-full":["https:\/\/apuntesdesanluis.com\/wp-content\/uploads\/2024\/12\/tribunal.png",821,461,false],"newsever-featured":["https:\/\/apuntesdesanluis.com\/wp-content\/uploads\/2024\/12\/tribunal.png",821,461,false],"newsever-medium":["https:\/\/apuntesdesanluis.com\/wp-content\/uploads\/2024\/12\/tribunal-720x461.png",720,461,true]},"author_info":{"display_name":"apuntesdesanluis.com","author_link":"https:\/\/apuntesdesanluis.com\/index.php\/author\/apuntesdesanluis-com\/"},"category_info":"<a href=\"https:\/\/apuntesdesanluis.com\/index.php\/category\/ciudad-provincia\/\" rel=\"category tag\">Ciudad\/Provincia<\/a>","tag_info":"Ciudad\/Provincia","comment_count":"0","_links":{"self":[{"href":"https:\/\/apuntesdesanluis.com\/index.php\/wp-json\/wp\/v2\/posts\/26507","targetHints":{"allow":["GET"]}}],"collection":[{"href":"https:\/\/apuntesdesanluis.com\/index.php\/wp-json\/wp\/v2\/posts"}],"about":[{"href":"https:\/\/apuntesdesanluis.com\/index.php\/wp-json\/wp\/v2\/types\/post"}],"author":[{"embeddable":true,"href":"https:\/\/apuntesdesanluis.com\/index.php\/wp-json\/wp\/v2\/users\/1"}],"replies":[{"embeddable":true,"href":"https:\/\/apuntesdesanluis.com\/index.php\/wp-json\/wp\/v2\/comments?post=26507"}],"version-history":[{"count":1,"href":"https:\/\/apuntesdesanluis.com\/index.php\/wp-json\/wp\/v2\/posts\/26507\/revisions"}],"predecessor-version":[{"id":26510,"href":"https:\/\/apuntesdesanluis.com\/index.php\/wp-json\/wp\/v2\/posts\/26507\/revisions\/26510"}],"wp:featuredmedia":[{"embeddable":true,"href":"https:\/\/apuntesdesanluis.com\/index.php\/wp-json\/wp\/v2\/media\/26508"}],"wp:attachment":[{"href":"https:\/\/apuntesdesanluis.com\/index.php\/wp-json\/wp\/v2\/media?parent=26507"}],"wp:term":[{"taxonomy":"category","embeddable":true,"href":"https:\/\/apuntesdesanluis.com\/index.php\/wp-json\/wp\/v2\/categories?post=26507"},{"taxonomy":"post_tag","embeddable":true,"href":"https:\/\/apuntesdesanluis.com\/index.php\/wp-json\/wp\/v2\/tags?post=26507"}],"curies":[{"name":"wp","href":"https:\/\/api.w.org\/{rel}","templated":true}]}}