{"id":26511,"date":"2024-12-10T20:15:36","date_gmt":"2024-12-10T23:15:36","guid":{"rendered":"https:\/\/apuntesdesanluis.com\/?p=26511"},"modified":"2024-12-10T20:27:47","modified_gmt":"2024-12-10T23:27:47","slug":"entregaron-el-premio-mauricio-amilcar-lopez-a-historias-desobedientes","status":"publish","type":"post","link":"https:\/\/apuntesdesanluis.com\/index.php\/2024\/12\/10\/entregaron-el-premio-mauricio-amilcar-lopez-a-historias-desobedientes\/","title":{"rendered":"ENTREGARON EL PREMIO MAURICIO AMILCAR L\u00d3PEZ A \u00abHISTORIAS DESOBEDIENTES\u00bb"},"content":{"rendered":"<h3>En una nueva conmemoraci\u00f3n del <strong>D\u00eda Internacional de los Derechos Humanos<\/strong>, la Universidad Nacional de San Luis (UNSL) realiz\u00f3 la trig\u00e9simo primera edici\u00f3n del <strong>Premio Rector Mauricio Am\u00edlcar L\u00f3pez<\/strong>. Junto al galard\u00f3n para el colectivo Historias desobedientes, recibieron menciones especiales el poeta y profesor <strong>Juan Pablo Melto<\/strong> y al dirigente y militante de Villa Mercedes, <strong>Juan Manuel Echand\u00eda<\/strong> (post mortem).<\/h3>\n<h3>El evento comenz\u00f3 en la explanada de Rectorado, donde las autoridades realizaron una ofrenda floral al busto del primer rector de la Universidad. El acto continu\u00f3 en el Auditorio Mauricio L\u00f3pez, donde se conform\u00f3 la mesa acad\u00e9mica presidida por el rector C.P.N. V\u00edctor Mori\u00f1igo, junto a autoridades de todas las Unidades Acad\u00e9micas de la Casa de Estudios. Luego, se entonaron las estrofas del Himno nacional.<\/h3>\n<h3>Tras la lectura de la resoluci\u00f3n 1822\/24, que protocoliza la entrega de la edici\u00f3n 2024 del Premio, el vicerrector Mgtr. H\u00e9ctor Flores, fue el encargado de otorgar las menciones especiales a la familia de Juan Manuel Echand\u00eda y a Juan Pablo Melto.<\/h3>\n<h3><img fetchpriority=\"high\" decoding=\"async\" class=\"wp-image-26513 aligncenter\" src=\"https:\/\/apuntesdesanluis.com\/wp-content\/uploads\/2024\/12\/ECHANDIA-300x195.png\" alt=\"\" width=\"542\" height=\"352\" srcset=\"https:\/\/apuntesdesanluis.com\/wp-content\/uploads\/2024\/12\/ECHANDIA-300x195.png 300w, https:\/\/apuntesdesanluis.com\/wp-content\/uploads\/2024\/12\/ECHANDIA.png 520w\" sizes=\"(max-width: 542px) 100vw, 542px\" \/><\/h3>\n<h4 style=\"text-align: center;\"><em>El vicerrector, con la familia de Juan Manuel Echand\u00eda.<\/em><\/h4>\n<h3><img decoding=\"async\" class=\"wp-image-26514 aligncenter\" src=\"https:\/\/apuntesdesanluis.com\/wp-content\/uploads\/2024\/12\/MELTO-300x207.png\" alt=\"\" width=\"543\" height=\"375\" srcset=\"https:\/\/apuntesdesanluis.com\/wp-content\/uploads\/2024\/12\/MELTO-300x207.png 300w, https:\/\/apuntesdesanluis.com\/wp-content\/uploads\/2024\/12\/MELTO.png 453w\" sizes=\"(max-width: 543px) 100vw, 543px\" \/><\/h3>\n<h4 style=\"text-align: center;\"><em>El poeta y escritor Juan Pablo Melto.<\/em><\/h4>\n<h3>Tras recibir su distinci\u00f3n, el poeta y docente se dirigi\u00f3 al p\u00fablico presente. En sus palabras, Melto sostuvo que el reconocimiento que le otorgaron no era fruto de una trayectoria individual, sino colectiva. En este sentido, agradeci\u00f3 el acompa\u00f1amiento de su esposa, sus hijos y de todos los que trabajan junto a \u00e9l en el camino de lucha por los Derechos Humanos, la memoria, la verdad y la justicia. \u00abEsto m\u00e1s que un premio es una tarea, un desaf\u00edo y un compromiso que me llevo en nombre de todos aquellos que trabajamos por los Derechos Humanos\u00bb, dijo.<\/h3>\n<h3><img decoding=\"async\" class=\"wp-image-26515 aligncenter\" src=\"https:\/\/apuntesdesanluis.com\/wp-content\/uploads\/2024\/12\/MORINIGO-1-1-300x193.png\" alt=\"\" width=\"558\" height=\"359\" srcset=\"https:\/\/apuntesdesanluis.com\/wp-content\/uploads\/2024\/12\/MORINIGO-1-1-300x193.png 300w, https:\/\/apuntesdesanluis.com\/wp-content\/uploads\/2024\/12\/MORINIGO-1-1.png 512w\" sizes=\"(max-width: 558px) 100vw, 558px\" \/><\/h3>\n<h3>Acto seguido, el Rector realiz\u00f3 la entrega del Premio al colectivo Historias desobedientes, representado por Bibiana Reibaldi, Adriana Britos y Gonzalo Fichera.<\/h3>\n<h3>En sus palabras, Reibaldi expres\u00f3 que el reconocimiento es un ejemplo de vida que siguen desde el movimiento que hoy est\u00e1 presente en Argentina, Chile, Uruguay, Paraguay, Brasil, Espa\u00f1a y Alemania. \u00abEn nombre del colectivo, por m\u00e1s desobedientes\u00bb, dijo.<\/h3>\n<h3>Por su parte, Fichera y Britos sostuvieron que desde el colectivo est\u00e1n realizando un llamamiento: \u00absabemos que hay muchos otros desobedientes que no se animan y que est\u00e1n en desacuerdo con lo que hicieron sus padres, sus parientes, queremos que tengan la posibilidad de encontrarnos y expresar su desobediencia\u00bb, manifestaron.<\/h3>\n<h3>Finalmente, V\u00edctor Mori\u00f1igo habl\u00f3 al p\u00fablico. En sus palabras brind\u00f3 su respeto y admiraci\u00f3n a los premiados. \u00abEstoy convencido que estos actos nos sirven a todos para saber que el enemigo no est\u00e1 ac\u00e1, para respetar la pluralidad y diversidad (\u2026) y para decir que nos hace falta ser un poco desobedientes de la realidad que nos ha tocado vivir\u00bb, dijo. Al mismo tiempo, destac\u00f3 que se puede cambiar la realidad y que es importante defender la educaci\u00f3n p\u00fablica y los derechos humanos, ya que le hacen mucha falta a nuestro pa\u00eds.<\/h3>\n<p><img loading=\"lazy\" decoding=\"async\" class=\"wp-image-26516 aligncenter\" src=\"https:\/\/apuntesdesanluis.com\/wp-content\/uploads\/2024\/12\/EL-ENJAMBRE-300x194.png\" alt=\"\" width=\"629\" height=\"407\" srcset=\"https:\/\/apuntesdesanluis.com\/wp-content\/uploads\/2024\/12\/EL-ENJAMBRE-300x194.png 300w, https:\/\/apuntesdesanluis.com\/wp-content\/uploads\/2024\/12\/EL-ENJAMBRE.png 518w\" sizes=\"(max-width: 629px) 100vw, 629px\" \/><\/p>\n<h3>Como cierre del evento hizo su presentaci\u00f3n art\u00edstica El Enjambre, dirigido por Yeka Ramos.<\/h3>\n<h3><\/h3>\n<p>&nbsp;<\/p>\n<p>&nbsp;<\/p>\n<p>&nbsp;<\/p>\n<h3><\/h3>\n<h3><\/h3>\n","protected":false},"excerpt":{"rendered":"<p>En una nueva conmemoraci\u00f3n del D\u00eda Internacional de los Derechos Humanos, la Universidad Nacional de&#8230;<\/p>\n","protected":false},"author":1,"featured_media":26512,"comment_status":"closed","ping_status":"closed","sticky":false,"template":"","format":"standard","meta":{"footnotes":""},"categories":[6],"tags":[],"class_list":["post-26511","post","type-post","status-publish","format-standard","has-post-thumbnail","hentry","category-ciudad-provincia"],"yoast_head":"<!-- This site is optimized with the Yoast SEO plugin v26.1.1 - https:\/\/yoast.com\/wordpress\/plugins\/seo\/ -->\n<title>ENTREGARON EL PREMIO MAURICIO AMILCAR L\u00d3PEZ A \u00abHISTORIAS DESOBEDIENTES\u00bb - Apuntes de San Luis<\/title>\n<meta name=\"robots\" content=\"index, follow, max-snippet:-1, max-image-preview:large, max-video-preview:-1\" \/>\n<link rel=\"canonical\" href=\"https:\/\/apuntesdesanluis.com\/index.php\/2024\/12\/10\/entregaron-el-premio-mauricio-amilcar-lopez-a-historias-desobedientes\/\" \/>\n<meta property=\"og:locale\" content=\"es_ES\" \/>\n<meta property=\"og:type\" content=\"article\" \/>\n<meta property=\"og:title\" content=\"ENTREGARON EL PREMIO MAURICIO AMILCAR L\u00d3PEZ A \u00abHISTORIAS DESOBEDIENTES\u00bb - Apuntes de San Luis\" \/>\n<meta property=\"og:description\" content=\"En una nueva conmemoraci\u00f3n del D\u00eda Internacional de los Derechos Humanos, la Universidad Nacional de...\" \/>\n<meta property=\"og:url\" content=\"https:\/\/apuntesdesanluis.com\/index.php\/2024\/12\/10\/entregaron-el-premio-mauricio-amilcar-lopez-a-historias-desobedientes\/\" \/>\n<meta property=\"og:site_name\" content=\"Apuntes de San Luis\" \/>\n<meta property=\"article:published_time\" content=\"2024-12-10T23:15:36+00:00\" \/>\n<meta property=\"article:modified_time\" content=\"2024-12-10T23:27:47+00:00\" \/>\n<meta property=\"og:image\" content=\"https:\/\/apuntesdesanluis.com\/wp-content\/uploads\/2024\/12\/MORINIGO-1.png\" \/>\n\t<meta property=\"og:image:width\" content=\"637\" \/>\n\t<meta property=\"og:image:height\" content=\"434\" \/>\n\t<meta property=\"og:image:type\" content=\"image\/png\" \/>\n<meta name=\"author\" content=\"apuntesdesanluis.com\" \/>\n<meta name=\"twitter:card\" content=\"summary_large_image\" \/>\n<meta name=\"twitter:label1\" content=\"Escrito por\" \/>\n\t<meta name=\"twitter:data1\" content=\"apuntesdesanluis.com\" \/>\n\t<meta name=\"twitter:label2\" content=\"Tiempo de lectura\" \/>\n\t<meta name=\"twitter:data2\" content=\"4 minutos\" \/>\n<script type=\"application\/ld+json\" class=\"yoast-schema-graph\">{\"@context\":\"https:\/\/schema.org\",\"@graph\":[{\"@type\":\"Article\",\"@id\":\"https:\/\/apuntesdesanluis.com\/index.php\/2024\/12\/10\/entregaron-el-premio-mauricio-amilcar-lopez-a-historias-desobedientes\/#article\",\"isPartOf\":{\"@id\":\"https:\/\/apuntesdesanluis.com\/index.php\/2024\/12\/10\/entregaron-el-premio-mauricio-amilcar-lopez-a-historias-desobedientes\/\"},\"author\":{\"name\":\"apuntesdesanluis.com\",\"@id\":\"https:\/\/apuntesdesanluis.com\/#\/schema\/person\/b55151d52296fcce64d1a72538a70b90\"},\"headline\":\"ENTREGARON EL PREMIO MAURICIO AMILCAR L\u00d3PEZ A \u00abHISTORIAS DESOBEDIENTES\u00bb\",\"datePublished\":\"2024-12-10T23:15:36+00:00\",\"dateModified\":\"2024-12-10T23:27:47+00:00\",\"mainEntityOfPage\":{\"@id\":\"https:\/\/apuntesdesanluis.com\/index.php\/2024\/12\/10\/entregaron-el-premio-mauricio-amilcar-lopez-a-historias-desobedientes\/\"},\"wordCount\":545,\"publisher\":{\"@id\":\"https:\/\/apuntesdesanluis.com\/#\/schema\/person\/b55151d52296fcce64d1a72538a70b90\"},\"image\":{\"@id\":\"https:\/\/apuntesdesanluis.com\/index.php\/2024\/12\/10\/entregaron-el-premio-mauricio-amilcar-lopez-a-historias-desobedientes\/#primaryimage\"},\"thumbnailUrl\":\"https:\/\/apuntesdesanluis.com\/wp-content\/uploads\/2024\/12\/MORINIGO-1.png\",\"articleSection\":[\"Ciudad\/Provincia\"],\"inLanguage\":\"es-AR\"},{\"@type\":\"WebPage\",\"@id\":\"https:\/\/apuntesdesanluis.com\/index.php\/2024\/12\/10\/entregaron-el-premio-mauricio-amilcar-lopez-a-historias-desobedientes\/\",\"url\":\"https:\/\/apuntesdesanluis.com\/index.php\/2024\/12\/10\/entregaron-el-premio-mauricio-amilcar-lopez-a-historias-desobedientes\/\",\"name\":\"ENTREGARON EL PREMIO MAURICIO AMILCAR L\u00d3PEZ A \u00abHISTORIAS DESOBEDIENTES\u00bb - Apuntes de San Luis\",\"isPartOf\":{\"@id\":\"https:\/\/apuntesdesanluis.com\/#website\"},\"primaryImageOfPage\":{\"@id\":\"https:\/\/apuntesdesanluis.com\/index.php\/2024\/12\/10\/entregaron-el-premio-mauricio-amilcar-lopez-a-historias-desobedientes\/#primaryimage\"},\"image\":{\"@id\":\"https:\/\/apuntesdesanluis.com\/index.php\/2024\/12\/10\/entregaron-el-premio-mauricio-amilcar-lopez-a-historias-desobedientes\/#primaryimage\"},\"thumbnailUrl\":\"https:\/\/apuntesdesanluis.com\/wp-content\/uploads\/2024\/12\/MORINIGO-1.png\",\"datePublished\":\"2024-12-10T23:15:36+00:00\",\"dateModified\":\"2024-12-10T23:27:47+00:00\",\"breadcrumb\":{\"@id\":\"https:\/\/apuntesdesanluis.com\/index.php\/2024\/12\/10\/entregaron-el-premio-mauricio-amilcar-lopez-a-historias-desobedientes\/#breadcrumb\"},\"inLanguage\":\"es-AR\",\"potentialAction\":[{\"@type\":\"ReadAction\",\"target\":[\"https:\/\/apuntesdesanluis.com\/index.php\/2024\/12\/10\/entregaron-el-premio-mauricio-amilcar-lopez-a-historias-desobedientes\/\"]}]},{\"@type\":\"ImageObject\",\"inLanguage\":\"es-AR\",\"@id\":\"https:\/\/apuntesdesanluis.com\/index.php\/2024\/12\/10\/entregaron-el-premio-mauricio-amilcar-lopez-a-historias-desobedientes\/#primaryimage\",\"url\":\"https:\/\/apuntesdesanluis.com\/wp-content\/uploads\/2024\/12\/MORINIGO-1.png\",\"contentUrl\":\"https:\/\/apuntesdesanluis.com\/wp-content\/uploads\/2024\/12\/MORINIGO-1.png\",\"width\":637,\"height\":434},{\"@type\":\"BreadcrumbList\",\"@id\":\"https:\/\/apuntesdesanluis.com\/index.php\/2024\/12\/10\/entregaron-el-premio-mauricio-amilcar-lopez-a-historias-desobedientes\/#breadcrumb\",\"itemListElement\":[{\"@type\":\"ListItem\",\"position\":1,\"name\":\"Inicio\",\"item\":\"https:\/\/apuntesdesanluis.com\/\"},{\"@type\":\"ListItem\",\"position\":2,\"name\":\"ENTREGARON EL PREMIO MAURICIO AMILCAR L\u00d3PEZ A \u00abHISTORIAS DESOBEDIENTES\u00bb\"}]},{\"@type\":\"WebSite\",\"@id\":\"https:\/\/apuntesdesanluis.com\/#website\",\"url\":\"https:\/\/apuntesdesanluis.com\/\",\"name\":\"Apuntes de San Luis\",\"description\":\"\",\"publisher\":{\"@id\":\"https:\/\/apuntesdesanluis.com\/#\/schema\/person\/b55151d52296fcce64d1a72538a70b90\"},\"potentialAction\":[{\"@type\":\"SearchAction\",\"target\":{\"@type\":\"EntryPoint\",\"urlTemplate\":\"https:\/\/apuntesdesanluis.com\/?s={search_term_string}\"},\"query-input\":{\"@type\":\"PropertyValueSpecification\",\"valueRequired\":true,\"valueName\":\"search_term_string\"}}],\"inLanguage\":\"es-AR\"},{\"@type\":[\"Person\",\"Organization\"],\"@id\":\"https:\/\/apuntesdesanluis.com\/#\/schema\/person\/b55151d52296fcce64d1a72538a70b90\",\"name\":\"apuntesdesanluis.com\",\"image\":{\"@type\":\"ImageObject\",\"inLanguage\":\"es-AR\",\"@id\":\"https:\/\/apuntesdesanluis.com\/#\/schema\/person\/image\/\",\"url\":\"https:\/\/apuntesdesanluis.com\/wp-content\/uploads\/2023\/07\/cropped-apuntesdesanluis.png\",\"contentUrl\":\"https:\/\/apuntesdesanluis.com\/wp-content\/uploads\/2023\/07\/cropped-apuntesdesanluis.png\",\"width\":450,\"height\":112,\"caption\":\"apuntesdesanluis.com\"},\"logo\":{\"@id\":\"https:\/\/apuntesdesanluis.com\/#\/schema\/person\/image\/\"},\"sameAs\":[\"https:\/\/apuntesdesanluis.com\"],\"url\":\"https:\/\/apuntesdesanluis.com\/index.php\/author\/apuntesdesanluis-com\/\"}]}<\/script>\n<!-- \/ Yoast SEO plugin. -->","yoast_head_json":{"title":"ENTREGARON EL PREMIO MAURICIO AMILCAR L\u00d3PEZ A \u00abHISTORIAS DESOBEDIENTES\u00bb - Apuntes de San Luis","robots":{"index":"index","follow":"follow","max-snippet":"max-snippet:-1","max-image-preview":"max-image-preview:large","max-video-preview":"max-video-preview:-1"},"canonical":"https:\/\/apuntesdesanluis.com\/index.php\/2024\/12\/10\/entregaron-el-premio-mauricio-amilcar-lopez-a-historias-desobedientes\/","og_locale":"es_ES","og_type":"article","og_title":"ENTREGARON EL PREMIO MAURICIO AMILCAR L\u00d3PEZ A \u00abHISTORIAS DESOBEDIENTES\u00bb - Apuntes de San Luis","og_description":"En una nueva conmemoraci\u00f3n del D\u00eda Internacional de los Derechos Humanos, la Universidad Nacional de...","og_url":"https:\/\/apuntesdesanluis.com\/index.php\/2024\/12\/10\/entregaron-el-premio-mauricio-amilcar-lopez-a-historias-desobedientes\/","og_site_name":"Apuntes de San Luis","article_published_time":"2024-12-10T23:15:36+00:00","article_modified_time":"2024-12-10T23:27:47+00:00","og_image":[{"width":637,"height":434,"url":"https:\/\/apuntesdesanluis.com\/wp-content\/uploads\/2024\/12\/MORINIGO-1.png","type":"image\/png"}],"author":"apuntesdesanluis.com","twitter_card":"summary_large_image","twitter_misc":{"Escrito por":"apuntesdesanluis.com","Tiempo de lectura":"4 minutos"},"schema":{"@context":"https:\/\/schema.org","@graph":[{"@type":"Article","@id":"https:\/\/apuntesdesanluis.com\/index.php\/2024\/12\/10\/entregaron-el-premio-mauricio-amilcar-lopez-a-historias-desobedientes\/#article","isPartOf":{"@id":"https:\/\/apuntesdesanluis.com\/index.php\/2024\/12\/10\/entregaron-el-premio-mauricio-amilcar-lopez-a-historias-desobedientes\/"},"author":{"name":"apuntesdesanluis.com","@id":"https:\/\/apuntesdesanluis.com\/#\/schema\/person\/b55151d52296fcce64d1a72538a70b90"},"headline":"ENTREGARON EL PREMIO MAURICIO AMILCAR L\u00d3PEZ A \u00abHISTORIAS DESOBEDIENTES\u00bb","datePublished":"2024-12-10T23:15:36+00:00","dateModified":"2024-12-10T23:27:47+00:00","mainEntityOfPage":{"@id":"https:\/\/apuntesdesanluis.com\/index.php\/2024\/12\/10\/entregaron-el-premio-mauricio-amilcar-lopez-a-historias-desobedientes\/"},"wordCount":545,"publisher":{"@id":"https:\/\/apuntesdesanluis.com\/#\/schema\/person\/b55151d52296fcce64d1a72538a70b90"},"image":{"@id":"https:\/\/apuntesdesanluis.com\/index.php\/2024\/12\/10\/entregaron-el-premio-mauricio-amilcar-lopez-a-historias-desobedientes\/#primaryimage"},"thumbnailUrl":"https:\/\/apuntesdesanluis.com\/wp-content\/uploads\/2024\/12\/MORINIGO-1.png","articleSection":["Ciudad\/Provincia"],"inLanguage":"es-AR"},{"@type":"WebPage","@id":"https:\/\/apuntesdesanluis.com\/index.php\/2024\/12\/10\/entregaron-el-premio-mauricio-amilcar-lopez-a-historias-desobedientes\/","url":"https:\/\/apuntesdesanluis.com\/index.php\/2024\/12\/10\/entregaron-el-premio-mauricio-amilcar-lopez-a-historias-desobedientes\/","name":"ENTREGARON EL PREMIO MAURICIO AMILCAR L\u00d3PEZ A \u00abHISTORIAS DESOBEDIENTES\u00bb - Apuntes de San Luis","isPartOf":{"@id":"https:\/\/apuntesdesanluis.com\/#website"},"primaryImageOfPage":{"@id":"https:\/\/apuntesdesanluis.com\/index.php\/2024\/12\/10\/entregaron-el-premio-mauricio-amilcar-lopez-a-historias-desobedientes\/#primaryimage"},"image":{"@id":"https:\/\/apuntesdesanluis.com\/index.php\/2024\/12\/10\/entregaron-el-premio-mauricio-amilcar-lopez-a-historias-desobedientes\/#primaryimage"},"thumbnailUrl":"https:\/\/apuntesdesanluis.com\/wp-content\/uploads\/2024\/12\/MORINIGO-1.png","datePublished":"2024-12-10T23:15:36+00:00","dateModified":"2024-12-10T23:27:47+00:00","breadcrumb":{"@id":"https:\/\/apuntesdesanluis.com\/index.php\/2024\/12\/10\/entregaron-el-premio-mauricio-amilcar-lopez-a-historias-desobedientes\/#breadcrumb"},"inLanguage":"es-AR","potentialAction":[{"@type":"ReadAction","target":["https:\/\/apuntesdesanluis.com\/index.php\/2024\/12\/10\/entregaron-el-premio-mauricio-amilcar-lopez-a-historias-desobedientes\/"]}]},{"@type":"ImageObject","inLanguage":"es-AR","@id":"https:\/\/apuntesdesanluis.com\/index.php\/2024\/12\/10\/entregaron-el-premio-mauricio-amilcar-lopez-a-historias-desobedientes\/#primaryimage","url":"https:\/\/apuntesdesanluis.com\/wp-content\/uploads\/2024\/12\/MORINIGO-1.png","contentUrl":"https:\/\/apuntesdesanluis.com\/wp-content\/uploads\/2024\/12\/MORINIGO-1.png","width":637,"height":434},{"@type":"BreadcrumbList","@id":"https:\/\/apuntesdesanluis.com\/index.php\/2024\/12\/10\/entregaron-el-premio-mauricio-amilcar-lopez-a-historias-desobedientes\/#breadcrumb","itemListElement":[{"@type":"ListItem","position":1,"name":"Inicio","item":"https:\/\/apuntesdesanluis.com\/"},{"@type":"ListItem","position":2,"name":"ENTREGARON EL PREMIO MAURICIO AMILCAR L\u00d3PEZ A \u00abHISTORIAS DESOBEDIENTES\u00bb"}]},{"@type":"WebSite","@id":"https:\/\/apuntesdesanluis.com\/#website","url":"https:\/\/apuntesdesanluis.com\/","name":"Apuntes de San Luis","description":"","publisher":{"@id":"https:\/\/apuntesdesanluis.com\/#\/schema\/person\/b55151d52296fcce64d1a72538a70b90"},"potentialAction":[{"@type":"SearchAction","target":{"@type":"EntryPoint","urlTemplate":"https:\/\/apuntesdesanluis.com\/?s={search_term_string}"},"query-input":{"@type":"PropertyValueSpecification","valueRequired":true,"valueName":"search_term_string"}}],"inLanguage":"es-AR"},{"@type":["Person","Organization"],"@id":"https:\/\/apuntesdesanluis.com\/#\/schema\/person\/b55151d52296fcce64d1a72538a70b90","name":"apuntesdesanluis.com","image":{"@type":"ImageObject","inLanguage":"es-AR","@id":"https:\/\/apuntesdesanluis.com\/#\/schema\/person\/image\/","url":"https:\/\/apuntesdesanluis.com\/wp-content\/uploads\/2023\/07\/cropped-apuntesdesanluis.png","contentUrl":"https:\/\/apuntesdesanluis.com\/wp-content\/uploads\/2023\/07\/cropped-apuntesdesanluis.png","width":450,"height":112,"caption":"apuntesdesanluis.com"},"logo":{"@id":"https:\/\/apuntesdesanluis.com\/#\/schema\/person\/image\/"},"sameAs":["https:\/\/apuntesdesanluis.com"],"url":"https:\/\/apuntesdesanluis.com\/index.php\/author\/apuntesdesanluis-com\/"}]}},"featured_image_urls":{"full":["https:\/\/apuntesdesanluis.com\/wp-content\/uploads\/2024\/12\/MORINIGO-1.png",637,434,false],"thumbnail":["https:\/\/apuntesdesanluis.com\/wp-content\/uploads\/2024\/12\/MORINIGO-1-150x150.png",150,150,true],"medium":["https:\/\/apuntesdesanluis.com\/wp-content\/uploads\/2024\/12\/MORINIGO-1-300x204.png",300,204,true],"medium_large":["https:\/\/apuntesdesanluis.com\/wp-content\/uploads\/2024\/12\/MORINIGO-1.png",637,434,false],"large":["https:\/\/apuntesdesanluis.com\/wp-content\/uploads\/2024\/12\/MORINIGO-1.png",637,434,false],"1536x1536":["https:\/\/apuntesdesanluis.com\/wp-content\/uploads\/2024\/12\/MORINIGO-1.png",637,434,false],"2048x2048":["https:\/\/apuntesdesanluis.com\/wp-content\/uploads\/2024\/12\/MORINIGO-1.png",637,434,false],"newsever-slider-full":["https:\/\/apuntesdesanluis.com\/wp-content\/uploads\/2024\/12\/MORINIGO-1.png",637,434,false],"newsever-featured":["https:\/\/apuntesdesanluis.com\/wp-content\/uploads\/2024\/12\/MORINIGO-1.png",637,434,false],"newsever-medium":["https:\/\/apuntesdesanluis.com\/wp-content\/uploads\/2024\/12\/MORINIGO-1.png",637,434,false]},"author_info":{"display_name":"apuntesdesanluis.com","author_link":"https:\/\/apuntesdesanluis.com\/index.php\/author\/apuntesdesanluis-com\/"},"category_info":"<a href=\"https:\/\/apuntesdesanluis.com\/index.php\/category\/ciudad-provincia\/\" rel=\"category tag\">Ciudad\/Provincia<\/a>","tag_info":"Ciudad\/Provincia","comment_count":"0","_links":{"self":[{"href":"https:\/\/apuntesdesanluis.com\/index.php\/wp-json\/wp\/v2\/posts\/26511","targetHints":{"allow":["GET"]}}],"collection":[{"href":"https:\/\/apuntesdesanluis.com\/index.php\/wp-json\/wp\/v2\/posts"}],"about":[{"href":"https:\/\/apuntesdesanluis.com\/index.php\/wp-json\/wp\/v2\/types\/post"}],"author":[{"embeddable":true,"href":"https:\/\/apuntesdesanluis.com\/index.php\/wp-json\/wp\/v2\/users\/1"}],"replies":[{"embeddable":true,"href":"https:\/\/apuntesdesanluis.com\/index.php\/wp-json\/wp\/v2\/comments?post=26511"}],"version-history":[{"count":2,"href":"https:\/\/apuntesdesanluis.com\/index.php\/wp-json\/wp\/v2\/posts\/26511\/revisions"}],"predecessor-version":[{"id":26518,"href":"https:\/\/apuntesdesanluis.com\/index.php\/wp-json\/wp\/v2\/posts\/26511\/revisions\/26518"}],"wp:featuredmedia":[{"embeddable":true,"href":"https:\/\/apuntesdesanluis.com\/index.php\/wp-json\/wp\/v2\/media\/26512"}],"wp:attachment":[{"href":"https:\/\/apuntesdesanluis.com\/index.php\/wp-json\/wp\/v2\/media?parent=26511"}],"wp:term":[{"taxonomy":"category","embeddable":true,"href":"https:\/\/apuntesdesanluis.com\/index.php\/wp-json\/wp\/v2\/categories?post=26511"},{"taxonomy":"post_tag","embeddable":true,"href":"https:\/\/apuntesdesanluis.com\/index.php\/wp-json\/wp\/v2\/tags?post=26511"}],"curies":[{"name":"wp","href":"https:\/\/api.w.org\/{rel}","templated":true}]}}