{"id":2652,"date":"2023-09-04T20:13:52","date_gmt":"2023-09-04T23:13:52","guid":{"rendered":"https:\/\/apuntesdesanluis.com\/?p=2652"},"modified":"2023-09-04T20:20:12","modified_gmt":"2023-09-04T23:20:12","slug":"quedo-inaugurada-la-extension-upro-de-justo-daract","status":"publish","type":"post","link":"https:\/\/apuntesdesanluis.com\/index.php\/2023\/09\/04\/quedo-inaugurada-la-extension-upro-de-justo-daract\/","title":{"rendered":"QUED\u00d3 INAUGURADA LA EXTENSI\u00d3N UPRO DE JUSTO DARACT"},"content":{"rendered":"<h3 class=\"yiv7409174924ydp6329976emsonormal\" style=\"text-align: justify; background: white;\"><span style=\"font-family: 'Arial','sans-serif'; color: #1d2228;\">Este lunes por la ma\u00f1ana se concret\u00f3 la llegada de la Universidad Provincial de Oficios \u201cEva Per\u00f3n\u201d a la ciudad de Justo Daract, quedando formalmente habilitada esta sede a trav\u00e9s de un acto cumplido en el local de La Fraternidad, en Col\u00f3n 343.<\/span><\/h3>\n<h3 class=\"yiv7409174924ydp6329976emsonormal\" style=\"text-align: justify; background: white;\"><span style=\"font-family: 'Arial','sans-serif'; color: #1d2228;\">Con la presencia de autoridades comunales, legislativas y gremiales, el acto estuvo cargado de mucha emoci\u00f3n. En representaci\u00f3n del pueblo de la capital provincial del tango, el concejal Patricio Guardia explic\u00f3 que \u201cesto se trata de un sue\u00f1o para los daractenses\u201d.<\/span><\/h3>\n<h3 class=\"yiv7409174924ydp6329976emsonormal\" style=\"text-align: justify; background: white;\"><span style=\"font-family: 'Arial','sans-serif'; color: #1d2228;\">El primer curso ser\u00e1 Durlock \u201cpero la aspiraci\u00f3n es ir incorporando m\u00e1s cursos y carreras para el pr\u00f3ximo a\u00f1o\u201d, agreg\u00f3.<\/span><\/h3>\n<p><img fetchpriority=\"high\" decoding=\"async\" class=\"wp-image-2654 aligncenter\" src=\"https:\/\/apuntesdesanluis.com\/wp-content\/uploads\/2023\/09\/upro-publico-300x176.png\" alt=\"\" width=\"695\" height=\"408\" srcset=\"https:\/\/apuntesdesanluis.com\/wp-content\/uploads\/2023\/09\/upro-publico-300x176.png 300w, https:\/\/apuntesdesanluis.com\/wp-content\/uploads\/2023\/09\/upro-publico-768x451.png 768w, https:\/\/apuntesdesanluis.com\/wp-content\/uploads\/2023\/09\/upro-publico.png 895w\" sizes=\"(max-width: 695px) 100vw, 695px\" \/><\/p>\n<h3 class=\"yiv7409174924ydp6329976emsonormal\" style=\"text-align: justify; background: white;\"><span style=\"font-family: 'Arial','sans-serif'; color: #1d2228;\">Por su parte, el rector de la UPrO, Joaqu\u00edn Surroca, coment\u00f3: \u201cVenimos a cumplir con lo que firmamos hace un par de meses atr\u00e1s, antes de las elecciones, con el Sindicato de la Fraternidad. La llegada de la UPrO ya es un hecho, y esto es solo el principio de una gran cantidad de proyectos que tenemos pensados para esta ciudad\u201d.<\/span><\/h3>\n<h3 class=\"yiv7409174924ydp6329976emsonormal\" style=\"text-align: justify; background: white;\"><span style=\"font-family: 'Arial','sans-serif'; color: #1d2228;\">Adem\u00e1s, Surroca afirm\u00f3: \u201cEste es el puntapi\u00e9 de la Red Provincial de Extensiones UPrO, un programa que estaremos presentando en los pr\u00f3ximos d\u00edas y que significa la llegada universitaria a todos los pueblos de la provincia de San Luis\u201d.<\/span><\/h3>\n<h3 class=\"yiv7409174924ydp6329976emsonormal\" style=\"text-align: justify; background: white;\"><span style=\"font-family: 'Arial','sans-serif'; color: #1d2228;\">Cecilia Mart\u00ednez, secretaria acad\u00e9mica, se\u00f1al\u00f3 que desde este lunes y hasta el viernes 8, est\u00e1n abiertas las inscripciones para el cursado de Durlock en la sede de La Fraternidad, en calle Col\u00f3n 343. Para este curso no es necesario el secundario completo, dura un cuatrimestre, tiene un cupo de 30 estudiantes y deber\u00e1n rendir examen previo de nivelaci\u00f3n.<\/span><\/h3>\n<h3 class=\"yiv7409174924ydp6329976emsonormal\" style=\"text-align: justify; background: white;\"><span style=\"font-family: 'Arial','sans-serif'; color: #1d2228;\">Por otro lado, este martes a las 11:00 h est\u00e1 previsto el acto de entrega de subsidios en especies a egresados . El mismo tendr\u00e1 lugar en el Teatro de la UPrO (9 de Julio 1095). <\/span><\/h3>\n","protected":false},"excerpt":{"rendered":"<p>Este lunes por la ma\u00f1ana se concret\u00f3 la llegada de la Universidad Provincial de Oficios&#8230;<\/p>\n","protected":false},"author":1,"featured_media":2653,"comment_status":"closed","ping_status":"closed","sticky":false,"template":"","format":"standard","meta":{"footnotes":""},"categories":[6],"tags":[],"class_list":["post-2652","post","type-post","status-publish","format-standard","has-post-thumbnail","hentry","category-ciudad-provincia"],"yoast_head":"<!-- This site is optimized with the Yoast SEO plugin v26.1.1 - https:\/\/yoast.com\/wordpress\/plugins\/seo\/ -->\n<title>QUED\u00d3 INAUGURADA LA EXTENSI\u00d3N UPRO DE JUSTO DARACT - Apuntes de San Luis<\/title>\n<meta name=\"robots\" content=\"index, follow, max-snippet:-1, max-image-preview:large, max-video-preview:-1\" \/>\n<link rel=\"canonical\" href=\"https:\/\/apuntesdesanluis.com\/index.php\/2023\/09\/04\/quedo-inaugurada-la-extension-upro-de-justo-daract\/\" \/>\n<meta property=\"og:locale\" content=\"es_ES\" \/>\n<meta property=\"og:type\" content=\"article\" \/>\n<meta property=\"og:title\" content=\"QUED\u00d3 INAUGURADA LA EXTENSI\u00d3N UPRO DE JUSTO DARACT - Apuntes de San Luis\" \/>\n<meta property=\"og:description\" content=\"Este lunes por la ma\u00f1ana se concret\u00f3 la llegada de la Universidad Provincial de Oficios...\" \/>\n<meta property=\"og:url\" content=\"https:\/\/apuntesdesanluis.com\/index.php\/2023\/09\/04\/quedo-inaugurada-la-extension-upro-de-justo-daract\/\" \/>\n<meta property=\"og:site_name\" content=\"Apuntes de San Luis\" \/>\n<meta property=\"article:published_time\" content=\"2023-09-04T23:13:52+00:00\" \/>\n<meta property=\"article:modified_time\" content=\"2023-09-04T23:20:12+00:00\" \/>\n<meta property=\"og:image\" content=\"https:\/\/apuntesdesanluis.com\/wp-content\/uploads\/2023\/09\/upro-surroca.png\" \/>\n\t<meta property=\"og:image:width\" content=\"919\" \/>\n\t<meta property=\"og:image:height\" content=\"567\" \/>\n\t<meta property=\"og:image:type\" content=\"image\/png\" \/>\n<meta name=\"author\" content=\"apuntesdesanluis.com\" \/>\n<meta name=\"twitter:card\" content=\"summary_large_image\" \/>\n<meta name=\"twitter:label1\" content=\"Escrito por\" \/>\n\t<meta name=\"twitter:data1\" content=\"apuntesdesanluis.com\" \/>\n\t<meta name=\"twitter:label2\" content=\"Tiempo de lectura\" \/>\n\t<meta name=\"twitter:data2\" content=\"2 minutos\" \/>\n<script type=\"application\/ld+json\" class=\"yoast-schema-graph\">{\"@context\":\"https:\/\/schema.org\",\"@graph\":[{\"@type\":\"Article\",\"@id\":\"https:\/\/apuntesdesanluis.com\/index.php\/2023\/09\/04\/quedo-inaugurada-la-extension-upro-de-justo-daract\/#article\",\"isPartOf\":{\"@id\":\"https:\/\/apuntesdesanluis.com\/index.php\/2023\/09\/04\/quedo-inaugurada-la-extension-upro-de-justo-daract\/\"},\"author\":{\"name\":\"apuntesdesanluis.com\",\"@id\":\"https:\/\/apuntesdesanluis.com\/#\/schema\/person\/b55151d52296fcce64d1a72538a70b90\"},\"headline\":\"QUED\u00d3 INAUGURADA LA EXTENSI\u00d3N UPRO DE JUSTO DARACT\",\"datePublished\":\"2023-09-04T23:13:52+00:00\",\"dateModified\":\"2023-09-04T23:20:12+00:00\",\"mainEntityOfPage\":{\"@id\":\"https:\/\/apuntesdesanluis.com\/index.php\/2023\/09\/04\/quedo-inaugurada-la-extension-upro-de-justo-daract\/\"},\"wordCount\":322,\"publisher\":{\"@id\":\"https:\/\/apuntesdesanluis.com\/#\/schema\/person\/b55151d52296fcce64d1a72538a70b90\"},\"image\":{\"@id\":\"https:\/\/apuntesdesanluis.com\/index.php\/2023\/09\/04\/quedo-inaugurada-la-extension-upro-de-justo-daract\/#primaryimage\"},\"thumbnailUrl\":\"https:\/\/apuntesdesanluis.com\/wp-content\/uploads\/2023\/09\/upro-surroca.png\",\"articleSection\":[\"Ciudad\/Provincia\"],\"inLanguage\":\"es-AR\"},{\"@type\":\"WebPage\",\"@id\":\"https:\/\/apuntesdesanluis.com\/index.php\/2023\/09\/04\/quedo-inaugurada-la-extension-upro-de-justo-daract\/\",\"url\":\"https:\/\/apuntesdesanluis.com\/index.php\/2023\/09\/04\/quedo-inaugurada-la-extension-upro-de-justo-daract\/\",\"name\":\"QUED\u00d3 INAUGURADA LA EXTENSI\u00d3N UPRO DE JUSTO DARACT - Apuntes de San Luis\",\"isPartOf\":{\"@id\":\"https:\/\/apuntesdesanluis.com\/#website\"},\"primaryImageOfPage\":{\"@id\":\"https:\/\/apuntesdesanluis.com\/index.php\/2023\/09\/04\/quedo-inaugurada-la-extension-upro-de-justo-daract\/#primaryimage\"},\"image\":{\"@id\":\"https:\/\/apuntesdesanluis.com\/index.php\/2023\/09\/04\/quedo-inaugurada-la-extension-upro-de-justo-daract\/#primaryimage\"},\"thumbnailUrl\":\"https:\/\/apuntesdesanluis.com\/wp-content\/uploads\/2023\/09\/upro-surroca.png\",\"datePublished\":\"2023-09-04T23:13:52+00:00\",\"dateModified\":\"2023-09-04T23:20:12+00:00\",\"breadcrumb\":{\"@id\":\"https:\/\/apuntesdesanluis.com\/index.php\/2023\/09\/04\/quedo-inaugurada-la-extension-upro-de-justo-daract\/#breadcrumb\"},\"inLanguage\":\"es-AR\",\"potentialAction\":[{\"@type\":\"ReadAction\",\"target\":[\"https:\/\/apuntesdesanluis.com\/index.php\/2023\/09\/04\/quedo-inaugurada-la-extension-upro-de-justo-daract\/\"]}]},{\"@type\":\"ImageObject\",\"inLanguage\":\"es-AR\",\"@id\":\"https:\/\/apuntesdesanluis.com\/index.php\/2023\/09\/04\/quedo-inaugurada-la-extension-upro-de-justo-daract\/#primaryimage\",\"url\":\"https:\/\/apuntesdesanluis.com\/wp-content\/uploads\/2023\/09\/upro-surroca.png\",\"contentUrl\":\"https:\/\/apuntesdesanluis.com\/wp-content\/uploads\/2023\/09\/upro-surroca.png\",\"width\":919,\"height\":567},{\"@type\":\"BreadcrumbList\",\"@id\":\"https:\/\/apuntesdesanluis.com\/index.php\/2023\/09\/04\/quedo-inaugurada-la-extension-upro-de-justo-daract\/#breadcrumb\",\"itemListElement\":[{\"@type\":\"ListItem\",\"position\":1,\"name\":\"Inicio\",\"item\":\"https:\/\/apuntesdesanluis.com\/\"},{\"@type\":\"ListItem\",\"position\":2,\"name\":\"QUED\u00d3 INAUGURADA LA EXTENSI\u00d3N UPRO DE JUSTO DARACT\"}]},{\"@type\":\"WebSite\",\"@id\":\"https:\/\/apuntesdesanluis.com\/#website\",\"url\":\"https:\/\/apuntesdesanluis.com\/\",\"name\":\"Apuntes de San Luis\",\"description\":\"\",\"publisher\":{\"@id\":\"https:\/\/apuntesdesanluis.com\/#\/schema\/person\/b55151d52296fcce64d1a72538a70b90\"},\"potentialAction\":[{\"@type\":\"SearchAction\",\"target\":{\"@type\":\"EntryPoint\",\"urlTemplate\":\"https:\/\/apuntesdesanluis.com\/?s={search_term_string}\"},\"query-input\":{\"@type\":\"PropertyValueSpecification\",\"valueRequired\":true,\"valueName\":\"search_term_string\"}}],\"inLanguage\":\"es-AR\"},{\"@type\":[\"Person\",\"Organization\"],\"@id\":\"https:\/\/apuntesdesanluis.com\/#\/schema\/person\/b55151d52296fcce64d1a72538a70b90\",\"name\":\"apuntesdesanluis.com\",\"image\":{\"@type\":\"ImageObject\",\"inLanguage\":\"es-AR\",\"@id\":\"https:\/\/apuntesdesanluis.com\/#\/schema\/person\/image\/\",\"url\":\"https:\/\/apuntesdesanluis.com\/wp-content\/uploads\/2023\/07\/cropped-apuntesdesanluis.png\",\"contentUrl\":\"https:\/\/apuntesdesanluis.com\/wp-content\/uploads\/2023\/07\/cropped-apuntesdesanluis.png\",\"width\":450,\"height\":112,\"caption\":\"apuntesdesanluis.com\"},\"logo\":{\"@id\":\"https:\/\/apuntesdesanluis.com\/#\/schema\/person\/image\/\"},\"sameAs\":[\"https:\/\/apuntesdesanluis.com\"],\"url\":\"https:\/\/apuntesdesanluis.com\/index.php\/author\/apuntesdesanluis-com\/\"}]}<\/script>\n<!-- \/ Yoast SEO plugin. -->","yoast_head_json":{"title":"QUED\u00d3 INAUGURADA LA EXTENSI\u00d3N UPRO DE JUSTO DARACT - Apuntes de San Luis","robots":{"index":"index","follow":"follow","max-snippet":"max-snippet:-1","max-image-preview":"max-image-preview:large","max-video-preview":"max-video-preview:-1"},"canonical":"https:\/\/apuntesdesanluis.com\/index.php\/2023\/09\/04\/quedo-inaugurada-la-extension-upro-de-justo-daract\/","og_locale":"es_ES","og_type":"article","og_title":"QUED\u00d3 INAUGURADA LA EXTENSI\u00d3N UPRO DE JUSTO DARACT - Apuntes de San Luis","og_description":"Este lunes por la ma\u00f1ana se concret\u00f3 la llegada de la Universidad Provincial de Oficios...","og_url":"https:\/\/apuntesdesanluis.com\/index.php\/2023\/09\/04\/quedo-inaugurada-la-extension-upro-de-justo-daract\/","og_site_name":"Apuntes de San Luis","article_published_time":"2023-09-04T23:13:52+00:00","article_modified_time":"2023-09-04T23:20:12+00:00","og_image":[{"width":919,"height":567,"url":"https:\/\/apuntesdesanluis.com\/wp-content\/uploads\/2023\/09\/upro-surroca.png","type":"image\/png"}],"author":"apuntesdesanluis.com","twitter_card":"summary_large_image","twitter_misc":{"Escrito por":"apuntesdesanluis.com","Tiempo de lectura":"2 minutos"},"schema":{"@context":"https:\/\/schema.org","@graph":[{"@type":"Article","@id":"https:\/\/apuntesdesanluis.com\/index.php\/2023\/09\/04\/quedo-inaugurada-la-extension-upro-de-justo-daract\/#article","isPartOf":{"@id":"https:\/\/apuntesdesanluis.com\/index.php\/2023\/09\/04\/quedo-inaugurada-la-extension-upro-de-justo-daract\/"},"author":{"name":"apuntesdesanluis.com","@id":"https:\/\/apuntesdesanluis.com\/#\/schema\/person\/b55151d52296fcce64d1a72538a70b90"},"headline":"QUED\u00d3 INAUGURADA LA EXTENSI\u00d3N UPRO DE JUSTO DARACT","datePublished":"2023-09-04T23:13:52+00:00","dateModified":"2023-09-04T23:20:12+00:00","mainEntityOfPage":{"@id":"https:\/\/apuntesdesanluis.com\/index.php\/2023\/09\/04\/quedo-inaugurada-la-extension-upro-de-justo-daract\/"},"wordCount":322,"publisher":{"@id":"https:\/\/apuntesdesanluis.com\/#\/schema\/person\/b55151d52296fcce64d1a72538a70b90"},"image":{"@id":"https:\/\/apuntesdesanluis.com\/index.php\/2023\/09\/04\/quedo-inaugurada-la-extension-upro-de-justo-daract\/#primaryimage"},"thumbnailUrl":"https:\/\/apuntesdesanluis.com\/wp-content\/uploads\/2023\/09\/upro-surroca.png","articleSection":["Ciudad\/Provincia"],"inLanguage":"es-AR"},{"@type":"WebPage","@id":"https:\/\/apuntesdesanluis.com\/index.php\/2023\/09\/04\/quedo-inaugurada-la-extension-upro-de-justo-daract\/","url":"https:\/\/apuntesdesanluis.com\/index.php\/2023\/09\/04\/quedo-inaugurada-la-extension-upro-de-justo-daract\/","name":"QUED\u00d3 INAUGURADA LA EXTENSI\u00d3N UPRO DE JUSTO DARACT - Apuntes de San Luis","isPartOf":{"@id":"https:\/\/apuntesdesanluis.com\/#website"},"primaryImageOfPage":{"@id":"https:\/\/apuntesdesanluis.com\/index.php\/2023\/09\/04\/quedo-inaugurada-la-extension-upro-de-justo-daract\/#primaryimage"},"image":{"@id":"https:\/\/apuntesdesanluis.com\/index.php\/2023\/09\/04\/quedo-inaugurada-la-extension-upro-de-justo-daract\/#primaryimage"},"thumbnailUrl":"https:\/\/apuntesdesanluis.com\/wp-content\/uploads\/2023\/09\/upro-surroca.png","datePublished":"2023-09-04T23:13:52+00:00","dateModified":"2023-09-04T23:20:12+00:00","breadcrumb":{"@id":"https:\/\/apuntesdesanluis.com\/index.php\/2023\/09\/04\/quedo-inaugurada-la-extension-upro-de-justo-daract\/#breadcrumb"},"inLanguage":"es-AR","potentialAction":[{"@type":"ReadAction","target":["https:\/\/apuntesdesanluis.com\/index.php\/2023\/09\/04\/quedo-inaugurada-la-extension-upro-de-justo-daract\/"]}]},{"@type":"ImageObject","inLanguage":"es-AR","@id":"https:\/\/apuntesdesanluis.com\/index.php\/2023\/09\/04\/quedo-inaugurada-la-extension-upro-de-justo-daract\/#primaryimage","url":"https:\/\/apuntesdesanluis.com\/wp-content\/uploads\/2023\/09\/upro-surroca.png","contentUrl":"https:\/\/apuntesdesanluis.com\/wp-content\/uploads\/2023\/09\/upro-surroca.png","width":919,"height":567},{"@type":"BreadcrumbList","@id":"https:\/\/apuntesdesanluis.com\/index.php\/2023\/09\/04\/quedo-inaugurada-la-extension-upro-de-justo-daract\/#breadcrumb","itemListElement":[{"@type":"ListItem","position":1,"name":"Inicio","item":"https:\/\/apuntesdesanluis.com\/"},{"@type":"ListItem","position":2,"name":"QUED\u00d3 INAUGURADA LA EXTENSI\u00d3N UPRO DE JUSTO DARACT"}]},{"@type":"WebSite","@id":"https:\/\/apuntesdesanluis.com\/#website","url":"https:\/\/apuntesdesanluis.com\/","name":"Apuntes de San Luis","description":"","publisher":{"@id":"https:\/\/apuntesdesanluis.com\/#\/schema\/person\/b55151d52296fcce64d1a72538a70b90"},"potentialAction":[{"@type":"SearchAction","target":{"@type":"EntryPoint","urlTemplate":"https:\/\/apuntesdesanluis.com\/?s={search_term_string}"},"query-input":{"@type":"PropertyValueSpecification","valueRequired":true,"valueName":"search_term_string"}}],"inLanguage":"es-AR"},{"@type":["Person","Organization"],"@id":"https:\/\/apuntesdesanluis.com\/#\/schema\/person\/b55151d52296fcce64d1a72538a70b90","name":"apuntesdesanluis.com","image":{"@type":"ImageObject","inLanguage":"es-AR","@id":"https:\/\/apuntesdesanluis.com\/#\/schema\/person\/image\/","url":"https:\/\/apuntesdesanluis.com\/wp-content\/uploads\/2023\/07\/cropped-apuntesdesanluis.png","contentUrl":"https:\/\/apuntesdesanluis.com\/wp-content\/uploads\/2023\/07\/cropped-apuntesdesanluis.png","width":450,"height":112,"caption":"apuntesdesanluis.com"},"logo":{"@id":"https:\/\/apuntesdesanluis.com\/#\/schema\/person\/image\/"},"sameAs":["https:\/\/apuntesdesanluis.com"],"url":"https:\/\/apuntesdesanluis.com\/index.php\/author\/apuntesdesanluis-com\/"}]}},"featured_image_urls":{"full":["https:\/\/apuntesdesanluis.com\/wp-content\/uploads\/2023\/09\/upro-surroca.png",919,567,false],"thumbnail":["https:\/\/apuntesdesanluis.com\/wp-content\/uploads\/2023\/09\/upro-surroca-150x150.png",150,150,true],"medium":["https:\/\/apuntesdesanluis.com\/wp-content\/uploads\/2023\/09\/upro-surroca-300x185.png",300,185,true],"medium_large":["https:\/\/apuntesdesanluis.com\/wp-content\/uploads\/2023\/09\/upro-surroca-768x474.png",640,395,true],"large":["https:\/\/apuntesdesanluis.com\/wp-content\/uploads\/2023\/09\/upro-surroca.png",640,395,false],"1536x1536":["https:\/\/apuntesdesanluis.com\/wp-content\/uploads\/2023\/09\/upro-surroca.png",919,567,false],"2048x2048":["https:\/\/apuntesdesanluis.com\/wp-content\/uploads\/2023\/09\/upro-surroca.png",919,567,false],"newsever-slider-full":["https:\/\/apuntesdesanluis.com\/wp-content\/uploads\/2023\/09\/upro-surroca.png",919,567,false],"newsever-featured":["https:\/\/apuntesdesanluis.com\/wp-content\/uploads\/2023\/09\/upro-surroca.png",919,567,false],"newsever-medium":["https:\/\/apuntesdesanluis.com\/wp-content\/uploads\/2023\/09\/upro-surroca-720x475.png",720,475,true]},"author_info":{"display_name":"apuntesdesanluis.com","author_link":"https:\/\/apuntesdesanluis.com\/index.php\/author\/apuntesdesanluis-com\/"},"category_info":"<a href=\"https:\/\/apuntesdesanluis.com\/index.php\/category\/ciudad-provincia\/\" rel=\"category tag\">Ciudad\/Provincia<\/a>","tag_info":"Ciudad\/Provincia","comment_count":"0","_links":{"self":[{"href":"https:\/\/apuntesdesanluis.com\/index.php\/wp-json\/wp\/v2\/posts\/2652","targetHints":{"allow":["GET"]}}],"collection":[{"href":"https:\/\/apuntesdesanluis.com\/index.php\/wp-json\/wp\/v2\/posts"}],"about":[{"href":"https:\/\/apuntesdesanluis.com\/index.php\/wp-json\/wp\/v2\/types\/post"}],"author":[{"embeddable":true,"href":"https:\/\/apuntesdesanluis.com\/index.php\/wp-json\/wp\/v2\/users\/1"}],"replies":[{"embeddable":true,"href":"https:\/\/apuntesdesanluis.com\/index.php\/wp-json\/wp\/v2\/comments?post=2652"}],"version-history":[{"count":3,"href":"https:\/\/apuntesdesanluis.com\/index.php\/wp-json\/wp\/v2\/posts\/2652\/revisions"}],"predecessor-version":[{"id":2657,"href":"https:\/\/apuntesdesanluis.com\/index.php\/wp-json\/wp\/v2\/posts\/2652\/revisions\/2657"}],"wp:featuredmedia":[{"embeddable":true,"href":"https:\/\/apuntesdesanluis.com\/index.php\/wp-json\/wp\/v2\/media\/2653"}],"wp:attachment":[{"href":"https:\/\/apuntesdesanluis.com\/index.php\/wp-json\/wp\/v2\/media?parent=2652"}],"wp:term":[{"taxonomy":"category","embeddable":true,"href":"https:\/\/apuntesdesanluis.com\/index.php\/wp-json\/wp\/v2\/categories?post=2652"},{"taxonomy":"post_tag","embeddable":true,"href":"https:\/\/apuntesdesanluis.com\/index.php\/wp-json\/wp\/v2\/tags?post=2652"}],"curies":[{"name":"wp","href":"https:\/\/api.w.org\/{rel}","templated":true}]}}