{"id":26534,"date":"2024-12-10T21:43:35","date_gmt":"2024-12-11T00:43:35","guid":{"rendered":"https:\/\/apuntesdesanluis.com\/?p=26534"},"modified":"2024-12-10T21:43:35","modified_gmt":"2024-12-11T00:43:35","slug":"se-incendio-en-la-autopista-un-camion-de-transportaba-secarropas","status":"publish","type":"post","link":"https:\/\/apuntesdesanluis.com\/index.php\/2024\/12\/10\/se-incendio-en-la-autopista-un-camion-de-transportaba-secarropas\/","title":{"rendered":"SE INCENDI\u00d3 EN LA AUTOPISTA UN CAMI\u00d3N DE TRANSPORTABA SECARROPAS"},"content":{"rendered":"<h3>Desde la Direcci\u00f3n General de Polic\u00eda Caminera y Seguridad Vial informaron que este martes, alrededor de las 10:00, se produjo el incendio de un cami\u00f3n Iveco 320 en la Autopista de las Serran\u00edas Puntanas, cerca de la intersecci\u00f3n con la ruta provincial 11 (camino de ingreso a Villa Salles).<\/h3>\n<h3>El cami\u00f3n, perteneciente a la empresa Autosal, se dirig\u00eda de oeste a este transportando secarropas de la marca Columbia y era conducido por un hombre de 46 a\u00f1os de edad, quien result\u00f3 ileso y se encontraba en buen estado de salud, de acuerdo a la informaci\u00f3n recabada por personal policial que acudi\u00f3 al lugar.<\/h3>\n<h3><img fetchpriority=\"high\" decoding=\"async\" class=\"wp-image-26536 aligncenter\" src=\"https:\/\/apuntesdesanluis.com\/wp-content\/uploads\/2024\/12\/BOMBERO-300x194.png\" alt=\"\" width=\"617\" height=\"399\" srcset=\"https:\/\/apuntesdesanluis.com\/wp-content\/uploads\/2024\/12\/BOMBERO-300x194.png 300w, https:\/\/apuntesdesanluis.com\/wp-content\/uploads\/2024\/12\/BOMBERO-768x496.png 768w, https:\/\/apuntesdesanluis.com\/wp-content\/uploads\/2024\/12\/BOMBERO.png 800w\" sizes=\"(max-width: 617px) 100vw, 617px\" \/><\/h3>\n<h3>Bomberos Voluntarios de Justo Daract trabajaron en ese sitio y extinguieron las llamas, las cuales solo alcanzaron el sector de la cabina del cami\u00f3n.<\/h3>\n<h3><img decoding=\"async\" class=\"wp-image-26537 aligncenter\" src=\"https:\/\/apuntesdesanluis.com\/wp-content\/uploads\/2024\/12\/BOMBERO-1-300x183.png\" alt=\"\" width=\"616\" height=\"376\" srcset=\"https:\/\/apuntesdesanluis.com\/wp-content\/uploads\/2024\/12\/BOMBERO-1-300x183.png 300w, https:\/\/apuntesdesanluis.com\/wp-content\/uploads\/2024\/12\/BOMBERO-1-768x469.png 768w, https:\/\/apuntesdesanluis.com\/wp-content\/uploads\/2024\/12\/BOMBERO-1.png 800w\" sizes=\"(max-width: 616px) 100vw, 616px\" \/><\/h3>\n<h3>Como medida preventiva, se realiz\u00f3 la descarga del transporte. En ese sentido, efectivos de la Direcci\u00f3n General de Unidades Especiales de la Polic\u00eda realizaron un vallado de contenci\u00f3n para custodiar la carga en ese lugar.<\/h3>\n<h3><img decoding=\"async\" class=\"wp-image-26538 aligncenter\" src=\"https:\/\/apuntesdesanluis.com\/wp-content\/uploads\/2024\/12\/CAMION-TRANSITO-300x171.png\" alt=\"\" width=\"616\" height=\"351\" srcset=\"https:\/\/apuntesdesanluis.com\/wp-content\/uploads\/2024\/12\/CAMION-TRANSITO-300x171.png 300w, https:\/\/apuntesdesanluis.com\/wp-content\/uploads\/2024\/12\/CAMION-TRANSITO-768x438.png 768w, https:\/\/apuntesdesanluis.com\/wp-content\/uploads\/2024\/12\/CAMION-TRANSITO.png 800w\" sizes=\"(max-width: 616px) 100vw, 616px\" \/><\/h3>\n<h3>Asimismo, personal del Ente de Control de Rutas tambi\u00e9n realiz\u00f3 tareas preventivas en el lugar con respecto a la circulaci\u00f3n de los veh\u00edculos sobre la autopista.<\/h3>\n<h3><strong>INTENTOS DE SAQUEOS<\/strong><\/h3>\n<h3>En horas de la tarde personal policial continuaba trabajando en la Autopista de Las Serran\u00edas Puntanas, en resguardo de la mercader\u00edal cami\u00f3n que volc\u00f3 en esa zona, debido a que un grupo importante de personas se lleg\u00f3 hasta el lugar con la intenci\u00f3n de realizar saqueos.<\/h3>\n<h3>Por ese motivo la Fiscal\u00eda que interviene orden\u00f3 que parte de la mercader\u00eda sea trasbordada a otro cami\u00f3n de la empresa y una parte secuestrada por la polic\u00eda, la cual fue trasladada en un m\u00f3vil policial.<\/h3>\n<p>&nbsp;<\/p>\n<p>&nbsp;<\/p>\n<p>&nbsp;<\/p>\n<p>&nbsp;<\/p>\n","protected":false},"excerpt":{"rendered":"<p>Desde la Direcci\u00f3n General de Polic\u00eda Caminera y Seguridad Vial informaron que este martes, alrededor&#8230;<\/p>\n","protected":false},"author":1,"featured_media":26535,"comment_status":"closed","ping_status":"closed","sticky":false,"template":"","format":"standard","meta":{"footnotes":""},"categories":[6],"tags":[],"class_list":["post-26534","post","type-post","status-publish","format-standard","has-post-thumbnail","hentry","category-ciudad-provincia"],"yoast_head":"<!-- This site is optimized with the Yoast SEO plugin v26.1.1 - https:\/\/yoast.com\/wordpress\/plugins\/seo\/ -->\n<title>SE INCENDI\u00d3 EN LA AUTOPISTA UN CAMI\u00d3N DE TRANSPORTABA SECARROPAS - Apuntes de San Luis<\/title>\n<meta name=\"robots\" content=\"index, follow, max-snippet:-1, max-image-preview:large, max-video-preview:-1\" \/>\n<link rel=\"canonical\" href=\"https:\/\/apuntesdesanluis.com\/index.php\/2024\/12\/10\/se-incendio-en-la-autopista-un-camion-de-transportaba-secarropas\/\" \/>\n<meta property=\"og:locale\" content=\"es_ES\" \/>\n<meta property=\"og:type\" content=\"article\" \/>\n<meta property=\"og:title\" content=\"SE INCENDI\u00d3 EN LA AUTOPISTA UN CAMI\u00d3N DE TRANSPORTABA SECARROPAS - Apuntes de San Luis\" \/>\n<meta property=\"og:description\" content=\"Desde la Direcci\u00f3n General de Polic\u00eda Caminera y Seguridad Vial informaron que este martes, alrededor...\" \/>\n<meta property=\"og:url\" content=\"https:\/\/apuntesdesanluis.com\/index.php\/2024\/12\/10\/se-incendio-en-la-autopista-un-camion-de-transportaba-secarropas\/\" \/>\n<meta property=\"og:site_name\" content=\"Apuntes de San Luis\" \/>\n<meta property=\"article:published_time\" content=\"2024-12-11T00:43:35+00:00\" \/>\n<meta property=\"og:image\" content=\"https:\/\/apuntesdesanluis.com\/wp-content\/uploads\/2024\/12\/CAMION-INCENDIADO.png\" \/>\n\t<meta property=\"og:image:width\" content=\"800\" \/>\n\t<meta property=\"og:image:height\" content=\"477\" \/>\n\t<meta property=\"og:image:type\" content=\"image\/png\" \/>\n<meta name=\"author\" content=\"apuntesdesanluis.com\" \/>\n<meta name=\"twitter:card\" content=\"summary_large_image\" \/>\n<meta name=\"twitter:label1\" content=\"Escrito por\" \/>\n\t<meta name=\"twitter:data1\" content=\"apuntesdesanluis.com\" \/>\n\t<meta name=\"twitter:label2\" content=\"Tiempo de lectura\" \/>\n\t<meta name=\"twitter:data2\" content=\"3 minutos\" \/>\n<script type=\"application\/ld+json\" class=\"yoast-schema-graph\">{\"@context\":\"https:\/\/schema.org\",\"@graph\":[{\"@type\":\"Article\",\"@id\":\"https:\/\/apuntesdesanluis.com\/index.php\/2024\/12\/10\/se-incendio-en-la-autopista-un-camion-de-transportaba-secarropas\/#article\",\"isPartOf\":{\"@id\":\"https:\/\/apuntesdesanluis.com\/index.php\/2024\/12\/10\/se-incendio-en-la-autopista-un-camion-de-transportaba-secarropas\/\"},\"author\":{\"name\":\"apuntesdesanluis.com\",\"@id\":\"https:\/\/apuntesdesanluis.com\/#\/schema\/person\/b55151d52296fcce64d1a72538a70b90\"},\"headline\":\"SE INCENDI\u00d3 EN LA AUTOPISTA UN CAMI\u00d3N DE TRANSPORTABA SECARROPAS\",\"datePublished\":\"2024-12-11T00:43:35+00:00\",\"mainEntityOfPage\":{\"@id\":\"https:\/\/apuntesdesanluis.com\/index.php\/2024\/12\/10\/se-incendio-en-la-autopista-un-camion-de-transportaba-secarropas\/\"},\"wordCount\":309,\"publisher\":{\"@id\":\"https:\/\/apuntesdesanluis.com\/#\/schema\/person\/b55151d52296fcce64d1a72538a70b90\"},\"image\":{\"@id\":\"https:\/\/apuntesdesanluis.com\/index.php\/2024\/12\/10\/se-incendio-en-la-autopista-un-camion-de-transportaba-secarropas\/#primaryimage\"},\"thumbnailUrl\":\"https:\/\/apuntesdesanluis.com\/wp-content\/uploads\/2024\/12\/CAMION-INCENDIADO.png\",\"articleSection\":[\"Ciudad\/Provincia\"],\"inLanguage\":\"es-AR\"},{\"@type\":\"WebPage\",\"@id\":\"https:\/\/apuntesdesanluis.com\/index.php\/2024\/12\/10\/se-incendio-en-la-autopista-un-camion-de-transportaba-secarropas\/\",\"url\":\"https:\/\/apuntesdesanluis.com\/index.php\/2024\/12\/10\/se-incendio-en-la-autopista-un-camion-de-transportaba-secarropas\/\",\"name\":\"SE INCENDI\u00d3 EN LA AUTOPISTA UN CAMI\u00d3N DE TRANSPORTABA SECARROPAS - Apuntes de San Luis\",\"isPartOf\":{\"@id\":\"https:\/\/apuntesdesanluis.com\/#website\"},\"primaryImageOfPage\":{\"@id\":\"https:\/\/apuntesdesanluis.com\/index.php\/2024\/12\/10\/se-incendio-en-la-autopista-un-camion-de-transportaba-secarropas\/#primaryimage\"},\"image\":{\"@id\":\"https:\/\/apuntesdesanluis.com\/index.php\/2024\/12\/10\/se-incendio-en-la-autopista-un-camion-de-transportaba-secarropas\/#primaryimage\"},\"thumbnailUrl\":\"https:\/\/apuntesdesanluis.com\/wp-content\/uploads\/2024\/12\/CAMION-INCENDIADO.png\",\"datePublished\":\"2024-12-11T00:43:35+00:00\",\"breadcrumb\":{\"@id\":\"https:\/\/apuntesdesanluis.com\/index.php\/2024\/12\/10\/se-incendio-en-la-autopista-un-camion-de-transportaba-secarropas\/#breadcrumb\"},\"inLanguage\":\"es-AR\",\"potentialAction\":[{\"@type\":\"ReadAction\",\"target\":[\"https:\/\/apuntesdesanluis.com\/index.php\/2024\/12\/10\/se-incendio-en-la-autopista-un-camion-de-transportaba-secarropas\/\"]}]},{\"@type\":\"ImageObject\",\"inLanguage\":\"es-AR\",\"@id\":\"https:\/\/apuntesdesanluis.com\/index.php\/2024\/12\/10\/se-incendio-en-la-autopista-un-camion-de-transportaba-secarropas\/#primaryimage\",\"url\":\"https:\/\/apuntesdesanluis.com\/wp-content\/uploads\/2024\/12\/CAMION-INCENDIADO.png\",\"contentUrl\":\"https:\/\/apuntesdesanluis.com\/wp-content\/uploads\/2024\/12\/CAMION-INCENDIADO.png\",\"width\":800,\"height\":477},{\"@type\":\"BreadcrumbList\",\"@id\":\"https:\/\/apuntesdesanluis.com\/index.php\/2024\/12\/10\/se-incendio-en-la-autopista-un-camion-de-transportaba-secarropas\/#breadcrumb\",\"itemListElement\":[{\"@type\":\"ListItem\",\"position\":1,\"name\":\"Inicio\",\"item\":\"https:\/\/apuntesdesanluis.com\/\"},{\"@type\":\"ListItem\",\"position\":2,\"name\":\"SE INCENDI\u00d3 EN LA AUTOPISTA UN CAMI\u00d3N DE TRANSPORTABA SECARROPAS\"}]},{\"@type\":\"WebSite\",\"@id\":\"https:\/\/apuntesdesanluis.com\/#website\",\"url\":\"https:\/\/apuntesdesanluis.com\/\",\"name\":\"Apuntes de San Luis\",\"description\":\"\",\"publisher\":{\"@id\":\"https:\/\/apuntesdesanluis.com\/#\/schema\/person\/b55151d52296fcce64d1a72538a70b90\"},\"potentialAction\":[{\"@type\":\"SearchAction\",\"target\":{\"@type\":\"EntryPoint\",\"urlTemplate\":\"https:\/\/apuntesdesanluis.com\/?s={search_term_string}\"},\"query-input\":{\"@type\":\"PropertyValueSpecification\",\"valueRequired\":true,\"valueName\":\"search_term_string\"}}],\"inLanguage\":\"es-AR\"},{\"@type\":[\"Person\",\"Organization\"],\"@id\":\"https:\/\/apuntesdesanluis.com\/#\/schema\/person\/b55151d52296fcce64d1a72538a70b90\",\"name\":\"apuntesdesanluis.com\",\"image\":{\"@type\":\"ImageObject\",\"inLanguage\":\"es-AR\",\"@id\":\"https:\/\/apuntesdesanluis.com\/#\/schema\/person\/image\/\",\"url\":\"https:\/\/apuntesdesanluis.com\/wp-content\/uploads\/2023\/07\/cropped-apuntesdesanluis.png\",\"contentUrl\":\"https:\/\/apuntesdesanluis.com\/wp-content\/uploads\/2023\/07\/cropped-apuntesdesanluis.png\",\"width\":450,\"height\":112,\"caption\":\"apuntesdesanluis.com\"},\"logo\":{\"@id\":\"https:\/\/apuntesdesanluis.com\/#\/schema\/person\/image\/\"},\"sameAs\":[\"https:\/\/apuntesdesanluis.com\"],\"url\":\"https:\/\/apuntesdesanluis.com\/index.php\/author\/apuntesdesanluis-com\/\"}]}<\/script>\n<!-- \/ Yoast SEO plugin. -->","yoast_head_json":{"title":"SE INCENDI\u00d3 EN LA AUTOPISTA UN CAMI\u00d3N DE TRANSPORTABA SECARROPAS - Apuntes de San Luis","robots":{"index":"index","follow":"follow","max-snippet":"max-snippet:-1","max-image-preview":"max-image-preview:large","max-video-preview":"max-video-preview:-1"},"canonical":"https:\/\/apuntesdesanluis.com\/index.php\/2024\/12\/10\/se-incendio-en-la-autopista-un-camion-de-transportaba-secarropas\/","og_locale":"es_ES","og_type":"article","og_title":"SE INCENDI\u00d3 EN LA AUTOPISTA UN CAMI\u00d3N DE TRANSPORTABA SECARROPAS - Apuntes de San Luis","og_description":"Desde la Direcci\u00f3n General de Polic\u00eda Caminera y Seguridad Vial informaron que este martes, alrededor...","og_url":"https:\/\/apuntesdesanluis.com\/index.php\/2024\/12\/10\/se-incendio-en-la-autopista-un-camion-de-transportaba-secarropas\/","og_site_name":"Apuntes de San Luis","article_published_time":"2024-12-11T00:43:35+00:00","og_image":[{"width":800,"height":477,"url":"https:\/\/apuntesdesanluis.com\/wp-content\/uploads\/2024\/12\/CAMION-INCENDIADO.png","type":"image\/png"}],"author":"apuntesdesanluis.com","twitter_card":"summary_large_image","twitter_misc":{"Escrito por":"apuntesdesanluis.com","Tiempo de lectura":"3 minutos"},"schema":{"@context":"https:\/\/schema.org","@graph":[{"@type":"Article","@id":"https:\/\/apuntesdesanluis.com\/index.php\/2024\/12\/10\/se-incendio-en-la-autopista-un-camion-de-transportaba-secarropas\/#article","isPartOf":{"@id":"https:\/\/apuntesdesanluis.com\/index.php\/2024\/12\/10\/se-incendio-en-la-autopista-un-camion-de-transportaba-secarropas\/"},"author":{"name":"apuntesdesanluis.com","@id":"https:\/\/apuntesdesanluis.com\/#\/schema\/person\/b55151d52296fcce64d1a72538a70b90"},"headline":"SE INCENDI\u00d3 EN LA AUTOPISTA UN CAMI\u00d3N DE TRANSPORTABA SECARROPAS","datePublished":"2024-12-11T00:43:35+00:00","mainEntityOfPage":{"@id":"https:\/\/apuntesdesanluis.com\/index.php\/2024\/12\/10\/se-incendio-en-la-autopista-un-camion-de-transportaba-secarropas\/"},"wordCount":309,"publisher":{"@id":"https:\/\/apuntesdesanluis.com\/#\/schema\/person\/b55151d52296fcce64d1a72538a70b90"},"image":{"@id":"https:\/\/apuntesdesanluis.com\/index.php\/2024\/12\/10\/se-incendio-en-la-autopista-un-camion-de-transportaba-secarropas\/#primaryimage"},"thumbnailUrl":"https:\/\/apuntesdesanluis.com\/wp-content\/uploads\/2024\/12\/CAMION-INCENDIADO.png","articleSection":["Ciudad\/Provincia"],"inLanguage":"es-AR"},{"@type":"WebPage","@id":"https:\/\/apuntesdesanluis.com\/index.php\/2024\/12\/10\/se-incendio-en-la-autopista-un-camion-de-transportaba-secarropas\/","url":"https:\/\/apuntesdesanluis.com\/index.php\/2024\/12\/10\/se-incendio-en-la-autopista-un-camion-de-transportaba-secarropas\/","name":"SE INCENDI\u00d3 EN LA AUTOPISTA UN CAMI\u00d3N DE TRANSPORTABA SECARROPAS - Apuntes de San Luis","isPartOf":{"@id":"https:\/\/apuntesdesanluis.com\/#website"},"primaryImageOfPage":{"@id":"https:\/\/apuntesdesanluis.com\/index.php\/2024\/12\/10\/se-incendio-en-la-autopista-un-camion-de-transportaba-secarropas\/#primaryimage"},"image":{"@id":"https:\/\/apuntesdesanluis.com\/index.php\/2024\/12\/10\/se-incendio-en-la-autopista-un-camion-de-transportaba-secarropas\/#primaryimage"},"thumbnailUrl":"https:\/\/apuntesdesanluis.com\/wp-content\/uploads\/2024\/12\/CAMION-INCENDIADO.png","datePublished":"2024-12-11T00:43:35+00:00","breadcrumb":{"@id":"https:\/\/apuntesdesanluis.com\/index.php\/2024\/12\/10\/se-incendio-en-la-autopista-un-camion-de-transportaba-secarropas\/#breadcrumb"},"inLanguage":"es-AR","potentialAction":[{"@type":"ReadAction","target":["https:\/\/apuntesdesanluis.com\/index.php\/2024\/12\/10\/se-incendio-en-la-autopista-un-camion-de-transportaba-secarropas\/"]}]},{"@type":"ImageObject","inLanguage":"es-AR","@id":"https:\/\/apuntesdesanluis.com\/index.php\/2024\/12\/10\/se-incendio-en-la-autopista-un-camion-de-transportaba-secarropas\/#primaryimage","url":"https:\/\/apuntesdesanluis.com\/wp-content\/uploads\/2024\/12\/CAMION-INCENDIADO.png","contentUrl":"https:\/\/apuntesdesanluis.com\/wp-content\/uploads\/2024\/12\/CAMION-INCENDIADO.png","width":800,"height":477},{"@type":"BreadcrumbList","@id":"https:\/\/apuntesdesanluis.com\/index.php\/2024\/12\/10\/se-incendio-en-la-autopista-un-camion-de-transportaba-secarropas\/#breadcrumb","itemListElement":[{"@type":"ListItem","position":1,"name":"Inicio","item":"https:\/\/apuntesdesanluis.com\/"},{"@type":"ListItem","position":2,"name":"SE INCENDI\u00d3 EN LA AUTOPISTA UN CAMI\u00d3N DE TRANSPORTABA SECARROPAS"}]},{"@type":"WebSite","@id":"https:\/\/apuntesdesanluis.com\/#website","url":"https:\/\/apuntesdesanluis.com\/","name":"Apuntes de San Luis","description":"","publisher":{"@id":"https:\/\/apuntesdesanluis.com\/#\/schema\/person\/b55151d52296fcce64d1a72538a70b90"},"potentialAction":[{"@type":"SearchAction","target":{"@type":"EntryPoint","urlTemplate":"https:\/\/apuntesdesanluis.com\/?s={search_term_string}"},"query-input":{"@type":"PropertyValueSpecification","valueRequired":true,"valueName":"search_term_string"}}],"inLanguage":"es-AR"},{"@type":["Person","Organization"],"@id":"https:\/\/apuntesdesanluis.com\/#\/schema\/person\/b55151d52296fcce64d1a72538a70b90","name":"apuntesdesanluis.com","image":{"@type":"ImageObject","inLanguage":"es-AR","@id":"https:\/\/apuntesdesanluis.com\/#\/schema\/person\/image\/","url":"https:\/\/apuntesdesanluis.com\/wp-content\/uploads\/2023\/07\/cropped-apuntesdesanluis.png","contentUrl":"https:\/\/apuntesdesanluis.com\/wp-content\/uploads\/2023\/07\/cropped-apuntesdesanluis.png","width":450,"height":112,"caption":"apuntesdesanluis.com"},"logo":{"@id":"https:\/\/apuntesdesanluis.com\/#\/schema\/person\/image\/"},"sameAs":["https:\/\/apuntesdesanluis.com"],"url":"https:\/\/apuntesdesanluis.com\/index.php\/author\/apuntesdesanluis-com\/"}]}},"featured_image_urls":{"full":["https:\/\/apuntesdesanluis.com\/wp-content\/uploads\/2024\/12\/CAMION-INCENDIADO.png",800,477,false],"thumbnail":["https:\/\/apuntesdesanluis.com\/wp-content\/uploads\/2024\/12\/CAMION-INCENDIADO-150x150.png",150,150,true],"medium":["https:\/\/apuntesdesanluis.com\/wp-content\/uploads\/2024\/12\/CAMION-INCENDIADO-300x179.png",300,179,true],"medium_large":["https:\/\/apuntesdesanluis.com\/wp-content\/uploads\/2024\/12\/CAMION-INCENDIADO-768x458.png",640,382,true],"large":["https:\/\/apuntesdesanluis.com\/wp-content\/uploads\/2024\/12\/CAMION-INCENDIADO.png",640,382,false],"1536x1536":["https:\/\/apuntesdesanluis.com\/wp-content\/uploads\/2024\/12\/CAMION-INCENDIADO.png",800,477,false],"2048x2048":["https:\/\/apuntesdesanluis.com\/wp-content\/uploads\/2024\/12\/CAMION-INCENDIADO.png",800,477,false],"newsever-slider-full":["https:\/\/apuntesdesanluis.com\/wp-content\/uploads\/2024\/12\/CAMION-INCENDIADO.png",800,477,false],"newsever-featured":["https:\/\/apuntesdesanluis.com\/wp-content\/uploads\/2024\/12\/CAMION-INCENDIADO.png",800,477,false],"newsever-medium":["https:\/\/apuntesdesanluis.com\/wp-content\/uploads\/2024\/12\/CAMION-INCENDIADO-720x475.png",720,475,true]},"author_info":{"display_name":"apuntesdesanluis.com","author_link":"https:\/\/apuntesdesanluis.com\/index.php\/author\/apuntesdesanluis-com\/"},"category_info":"<a href=\"https:\/\/apuntesdesanluis.com\/index.php\/category\/ciudad-provincia\/\" rel=\"category tag\">Ciudad\/Provincia<\/a>","tag_info":"Ciudad\/Provincia","comment_count":"0","_links":{"self":[{"href":"https:\/\/apuntesdesanluis.com\/index.php\/wp-json\/wp\/v2\/posts\/26534","targetHints":{"allow":["GET"]}}],"collection":[{"href":"https:\/\/apuntesdesanluis.com\/index.php\/wp-json\/wp\/v2\/posts"}],"about":[{"href":"https:\/\/apuntesdesanluis.com\/index.php\/wp-json\/wp\/v2\/types\/post"}],"author":[{"embeddable":true,"href":"https:\/\/apuntesdesanluis.com\/index.php\/wp-json\/wp\/v2\/users\/1"}],"replies":[{"embeddable":true,"href":"https:\/\/apuntesdesanluis.com\/index.php\/wp-json\/wp\/v2\/comments?post=26534"}],"version-history":[{"count":1,"href":"https:\/\/apuntesdesanluis.com\/index.php\/wp-json\/wp\/v2\/posts\/26534\/revisions"}],"predecessor-version":[{"id":26539,"href":"https:\/\/apuntesdesanluis.com\/index.php\/wp-json\/wp\/v2\/posts\/26534\/revisions\/26539"}],"wp:featuredmedia":[{"embeddable":true,"href":"https:\/\/apuntesdesanluis.com\/index.php\/wp-json\/wp\/v2\/media\/26535"}],"wp:attachment":[{"href":"https:\/\/apuntesdesanluis.com\/index.php\/wp-json\/wp\/v2\/media?parent=26534"}],"wp:term":[{"taxonomy":"category","embeddable":true,"href":"https:\/\/apuntesdesanluis.com\/index.php\/wp-json\/wp\/v2\/categories?post=26534"},{"taxonomy":"post_tag","embeddable":true,"href":"https:\/\/apuntesdesanluis.com\/index.php\/wp-json\/wp\/v2\/tags?post=26534"}],"curies":[{"name":"wp","href":"https:\/\/api.w.org\/{rel}","templated":true}]}}