{"id":26540,"date":"2024-12-10T22:04:01","date_gmt":"2024-12-11T01:04:01","guid":{"rendered":"https:\/\/apuntesdesanluis.com\/?p=26540"},"modified":"2024-12-10T22:04:01","modified_gmt":"2024-12-11T01:04:01","slug":"el-gobierno-provincial-difundio-un-positivo-balance-del-primer-ano-de-gestion","status":"publish","type":"post","link":"https:\/\/apuntesdesanluis.com\/index.php\/2024\/12\/10\/el-gobierno-provincial-difundio-un-positivo-balance-del-primer-ano-de-gestion\/","title":{"rendered":"EL GOBIERNO PROVINCIAL DIFUNDI\u00d3 UN POSITIVO BALANCE DEL PRIMER A\u00d1O DE GESTI\u00d3N"},"content":{"rendered":"<h3>Este martes, al cumplirse un a\u00f1o de gesti\u00f3n del gobernador <strong>Claudio Poggi<\/strong>, la Agencia de Noticias San Luis dio a conocer un informe en el que repas\u00f3 los principales logros en los diferentes \u00e1mbitos.<\/h3>\n<p><iframe title=\"Un a\u00f1o de gesti\u00f3n, Un a\u00f1o m\u00e1s cerca\" width=\"640\" height=\"360\" src=\"https:\/\/www.youtube.com\/embed\/NWImyeAyQo8?feature=oembed\" frameborder=\"0\" allow=\"accelerometer; autoplay; clipboard-write; encrypted-media; gyroscope; picture-in-picture; web-share\" referrerpolicy=\"strict-origin-when-cross-origin\" allowfullscreen><\/iframe><\/p>\n<h3>El informe rese\u00f1a en forma textual:<\/h3>\n<h3>\u201cParece lejano aquel 10 de diciembre de 2023, cuando fue investido en la Legislatura provincial y dio su primer discurso, en el que describi\u00f3 las pol\u00edticas fundamentales que iba a llevar a cabo. Sab\u00eda que se encontraba con un panorama desolador, pero la realidad demostr\u00f3 ser todav\u00eda m\u00e1s dura.<\/h3>\n<h3>En ese momento el pueblo de San Luis comenz\u00f3 a escuchar una palabra que se repetir\u00eda tambi\u00e9n en los hechos: \u201causteridad\u201d. Tambi\u00e9n plante\u00f3 lineamientos b\u00e1sicos de lo que iba a ser su pol\u00edtica en materia de Salud, de Seguridad, de Educaci\u00f3n, de apoyo irrestricto a las infancias, de protagonismo del sector privado ante un Estado desbordado e ineficiente como el que recibi\u00f3, en cuestiones deportivas, jur\u00eddicas, pol\u00edticas y, finalmente, uno de los ejes clave que hab\u00edan marcado su primera gesti\u00f3n y que volver\u00eda con fuerza, como es la construcci\u00f3n de viviendas, que ya se comenzaron a levantar por todo San Luis.<\/h3>\n<h3><strong>LA CONSTRUCCI\u00d3N DE VIVIENDAS RENACE<\/strong><\/h3>\n<h3>Recibi\u00f3 un gobierno sin gesti\u00f3n, sin la posibilidad de hacer una transici\u00f3n ordenada, sin datos. Como bien dijo entonces, \u201cno estamos en la lona, estamos debajo de la lona\u201d. Pero nunca abandon\u00f3 el tono optimista, por eso siempre complet\u00f3 esa frase con otra: \u201cPero vamos a salir juntos\u201d.<\/h3>\n<h3>Un a\u00f1o despu\u00e9s, San Luis comenz\u00f3 a alejarse del abismo a partir de una premisa fundamental que Poggi respet\u00f3 a rajatabla: mostrar cercan\u00eda con el vecino, escuchar, tomar las sugerencias, conocer los problemas de primera mano, poner el hombro, no hacer un gobierno \u2018de oficina\u2019, sino uno de acci\u00f3n, yendo a enfrentar los problemas y siendo resolutivo a la hora de solucionarlos.<\/h3>\n<h3><strong>CERCAN\u00cdA CON LOS VECINOS<\/strong><\/h3>\n<h3>No dud\u00f3 en salir en colectivo a recorrer cada pueblo y cada paraje, hasta sumar 60 mil kil\u00f3metros solo con las giras institucionales, lo que equivale a 6 viajes ida y vuelta entre Ushuaia y La Quiaca. A eso hay que sumarles las visitas a empresas para respaldar al sector privado, a colegios, a actos de colaci\u00f3n y a cuanto evento lo invitaran, porque siempre accedi\u00f3 gustoso y recibi\u00f3 el cari\u00f1o de la poblaci\u00f3n.<\/h3>\n<h3>Los cuatro ejes principales de gesti\u00f3n quedaron claros de entrada. La reconstrucci\u00f3n del tejido social fue una prioridad, luego de a\u00f1os de despilfarro y clientelismo. Abri\u00f3 centros de Desarrollo Infantil para que los menores de 3 a\u00f1os est\u00e9n contenidos.<\/h3>\n<h3><strong>PROTECCI\u00d3N A LA PRIMERA INFANCIA<\/strong><\/h3>\n<h3>Aqu\u00ed talla fuerte la educaci\u00f3n, que los ni\u00f1os vayan al colegio sin pensar en el est\u00f3mago y que se puedan concentrar en clase. Habiendo recibido el gobierno con 7 de cada 10 chicos en la pobreza, instaur\u00f3 el PANE, un plan alimentario que ya cubre el desayuno y\/o merienda del 100% de los estudiantes y brindando el almuerzo al 50% de la matricula escolar.<\/h3>\n<h3>Tambi\u00e9n decidi\u00f3 adelantar la escolarizaci\u00f3n con la apertura de 65 salas de 3 a\u00f1os, m\u00e1s del doble de las que exist\u00edan en el nivel Inicial. Se comenz\u00f3 a trabajar en la transici\u00f3n del secundario a la universidad, buscando evitar el desgranamiento del primer a\u00f1o en el ciclo superior. Por \u00faltimo, volvi\u00f3 con la Beca al M\u00e9rito, para alentar al esfuerzo y la dedicaci\u00f3n.<\/h3>\n<h3>Muy relacionada con este tema est\u00e1 la lucha contra la inseguridad y las drogas, que hab\u00edan penetrado todas las capas sociales, pero m\u00e1s las vulnerables, desprovistas de trabajo y de contenci\u00f3n hasta diciembre pasado.<\/h3>\n<h3><strong>LA SEGURIDAD Y LA LUCHA CONTRA EL NARCOTR\u00c1FICO <\/strong><\/h3>\n<h3>Lleg\u00f3 Gendarmer\u00eda a San Luis para controlar las rutas y ayudar contra la inseguridad, comenzaron a verse los frutos con redadas antidrogas y el desmantelamiento de bandas delictivas. \u201cQuiero que los vecinos vuelvan a tomar mate en la puerta\u201d, repiti\u00f3 Poggi una y otra vez, en un claro mensaje para acabar con el delito y recuperar la paz social.<\/h3>\n<h3>Tambi\u00e9n le devolvi\u00f3 a la Polic\u00eda y al Servicio Penitenciario la jerarqu\u00eda perdida y mostr\u00f3 su fuerte respaldo ante cada intervenci\u00f3n, siempre dentro de los l\u00edmites de la ley. Y lo m\u00e1s importante, les dej\u00f3 el mismo mensaje que al resto de los sectores que hacen a un Estado fuerte: se acab\u00f3 la \u201cpolitiquer\u00eda\u201d en las instituciones.<\/h3>\n<h3>En cuanto al sector privado, su apoyo fue irrestricto a trav\u00e9s de cr\u00e9ditos blandos, asesoramiento, capacitaciones y visitas para recorrer f\u00e1bricas y emprendimientos, conocer sus realidades y poner a disposici\u00f3n todas las herramientas con las que cuenta el Gobierno para que puedan dar trabajo genuino y atraer nuevas inversiones. A esto debe sumarse que se recorri\u00f3 la provincia realizando foros y mesas sectoriales para escuchar al sector productivo y de servicios.<\/h3>\n<h3><strong>EL RESPALDO AL SECTOR PRIVADO Y A LAS ONG<\/strong><\/h3>\n<h3>El emprendedurismo volvi\u00f3 a ser una pol\u00edtica de estado. La segunda edici\u00f3n del plan \u2018Mi Pr\u00f3ximo Paso\u2019 y el lanzamiento de \u2018Mi Primer Emprendimiento\u2019, con etapas de capacitaci\u00f3n y formaci\u00f3n, m\u00e1s el acceso a cr\u00e9ditos de fomento, pone en marcha nuevamente un ecosistema productivo que hab\u00eda sido deliberadamente adormecido durante los \u00faltimos ocho a\u00f1os.<\/h3>\n<h3>El fortalecimiento alcanz\u00f3 a las ONG, que recibieron ayuda para regularizarse y ahora disfrutan de subsidios para mejorar, al tiempo que sus directivos aprendieron c\u00f3mo manejarse dentro de los reglamentos.<\/h3>\n<h3><strong>FORTALECIMIENTO INSTITUCIONAL<\/strong><\/h3>\n<h3>El fortalecimiento institucional fue la cuarta pol\u00edtica en la que se puso mucho \u00e9nfasis. Se democratiz\u00f3 el acceso universal al Bolet\u00edn Oficial, public\u00e1ndose en formato digital y terminando con la mora de seis meses, que arrastraba de la gesti\u00f3n anterior. Se propuso y se logr\u00f3 la aprobaci\u00f3n de la Legislatura de una modificaci\u00f3n del sistema electoral para terminar con la nociva Ley de Lemas e instalar la Boleta \u00danica Papel.<\/h3>\n<h3>El Pueblo Ranquel recuper\u00f3 la autonom\u00eda y el manejo de sus tierras, la flamante secretar\u00eda de \u00c9tica P\u00fablica comenz\u00f3 a hacer presentaciones judiciales contra quienes hab\u00edan desfondado el Estado y ya nadie tuvo miedo de denunciar, porque se acabaron las represalias y los comisarios pol\u00edticos.<\/h3>\n<h3><strong>RECONSTRUCCI\u00d3N DEL EL TEJIDO SOCIAL<\/strong><\/h3>\n<h3>La relaci\u00f3n con los municipios recuper\u00f3 la institucionalidad. Municipios y Provincia pusieron en marcha el plan, \u2018Construyendo con tu Pueblo\u2019, el cual permiti\u00f3 activar la obra p\u00fablica, con mano de obra local y mejorar la iluminaci\u00f3n, en otro paso m\u00e1s para combatir la inseguridad.<\/h3>\n<h3><strong>AVANCES EN TODOS LOS FRENTES<\/strong><\/h3>\n<h3>Un a\u00f1o de gesti\u00f3n con muchos avances en todos los frentes. Con un Gobierno activo y conectado con los sanluise\u00f1os. Construyendo casas, suturando el tejido social, apoyando el deporte, haciendo de la educaci\u00f3n la herramienta central para cambiar el futuro de nuestros j\u00f3venes, combatiendo el narcotr\u00e1fico, reinstalando a San Luis en foros nacionales que hab\u00eda abandonado, bregando por m\u00e1s trabajo y, sobre todo, mostr\u00e1ndole a los sanluise\u00f1os que juntos es m\u00e1s f\u00e1cil, que hay que escucharse, dialogar y sentar las bases de una provincia otra vez pr\u00f3spera\u201d. <strong>(ANSL)<\/strong><\/h3>\n<h3><\/h3>\n<p>&nbsp;<\/p>\n<p>&nbsp;<\/p>\n<p>&nbsp;<\/p>\n<h3><\/h3>\n<h3><\/h3>\n","protected":false},"excerpt":{"rendered":"<p>Este martes, al cumplirse un a\u00f1o de gesti\u00f3n del gobernador Claudio Poggi, la Agencia de&#8230;<\/p>\n","protected":false},"author":1,"featured_media":26541,"comment_status":"closed","ping_status":"closed","sticky":false,"template":"","format":"standard","meta":{"footnotes":""},"categories":[6],"tags":[],"class_list":["post-26540","post","type-post","status-publish","format-standard","has-post-thumbnail","hentry","category-ciudad-provincia"],"yoast_head":"<!-- This site is optimized with the Yoast SEO plugin v26.1.1 - https:\/\/yoast.com\/wordpress\/plugins\/seo\/ -->\n<title>EL GOBIERNO PROVINCIAL DIFUNDI\u00d3 UN POSITIVO BALANCE DEL PRIMER A\u00d1O DE GESTI\u00d3N - Apuntes de San Luis<\/title>\n<meta name=\"robots\" content=\"index, follow, max-snippet:-1, max-image-preview:large, max-video-preview:-1\" \/>\n<link rel=\"canonical\" href=\"https:\/\/apuntesdesanluis.com\/index.php\/2024\/12\/10\/el-gobierno-provincial-difundio-un-positivo-balance-del-primer-ano-de-gestion\/\" \/>\n<meta property=\"og:locale\" content=\"es_ES\" \/>\n<meta property=\"og:type\" content=\"article\" \/>\n<meta property=\"og:title\" content=\"EL GOBIERNO PROVINCIAL DIFUNDI\u00d3 UN POSITIVO BALANCE DEL PRIMER A\u00d1O DE GESTI\u00d3N - Apuntes de San Luis\" \/>\n<meta property=\"og:description\" content=\"Este martes, al cumplirse un a\u00f1o de gesti\u00f3n del gobernador Claudio Poggi, la Agencia de...\" \/>\n<meta property=\"og:url\" content=\"https:\/\/apuntesdesanluis.com\/index.php\/2024\/12\/10\/el-gobierno-provincial-difundio-un-positivo-balance-del-primer-ano-de-gestion\/\" \/>\n<meta property=\"og:site_name\" content=\"Apuntes de San Luis\" \/>\n<meta property=\"article:published_time\" content=\"2024-12-11T01:04:01+00:00\" \/>\n<meta property=\"og:image\" content=\"https:\/\/apuntesdesanluis.com\/wp-content\/uploads\/2024\/12\/POGGI-3.png\" \/>\n\t<meta property=\"og:image:width\" content=\"670\" \/>\n\t<meta property=\"og:image:height\" content=\"438\" \/>\n\t<meta property=\"og:image:type\" content=\"image\/png\" \/>\n<meta name=\"author\" content=\"apuntesdesanluis.com\" \/>\n<meta name=\"twitter:card\" content=\"summary_large_image\" \/>\n<meta name=\"twitter:label1\" content=\"Escrito por\" \/>\n\t<meta name=\"twitter:data1\" content=\"apuntesdesanluis.com\" \/>\n\t<meta name=\"twitter:label2\" content=\"Tiempo de lectura\" \/>\n\t<meta name=\"twitter:data2\" content=\"6 minutos\" \/>\n<script type=\"application\/ld+json\" class=\"yoast-schema-graph\">{\"@context\":\"https:\/\/schema.org\",\"@graph\":[{\"@type\":\"Article\",\"@id\":\"https:\/\/apuntesdesanluis.com\/index.php\/2024\/12\/10\/el-gobierno-provincial-difundio-un-positivo-balance-del-primer-ano-de-gestion\/#article\",\"isPartOf\":{\"@id\":\"https:\/\/apuntesdesanluis.com\/index.php\/2024\/12\/10\/el-gobierno-provincial-difundio-un-positivo-balance-del-primer-ano-de-gestion\/\"},\"author\":{\"name\":\"apuntesdesanluis.com\",\"@id\":\"https:\/\/apuntesdesanluis.com\/#\/schema\/person\/b55151d52296fcce64d1a72538a70b90\"},\"headline\":\"EL GOBIERNO PROVINCIAL DIFUNDI\u00d3 UN POSITIVO BALANCE DEL PRIMER A\u00d1O DE GESTI\u00d3N\",\"datePublished\":\"2024-12-11T01:04:01+00:00\",\"mainEntityOfPage\":{\"@id\":\"https:\/\/apuntesdesanluis.com\/index.php\/2024\/12\/10\/el-gobierno-provincial-difundio-un-positivo-balance-del-primer-ano-de-gestion\/\"},\"wordCount\":1252,\"publisher\":{\"@id\":\"https:\/\/apuntesdesanluis.com\/#\/schema\/person\/b55151d52296fcce64d1a72538a70b90\"},\"image\":{\"@id\":\"https:\/\/apuntesdesanluis.com\/index.php\/2024\/12\/10\/el-gobierno-provincial-difundio-un-positivo-balance-del-primer-ano-de-gestion\/#primaryimage\"},\"thumbnailUrl\":\"https:\/\/apuntesdesanluis.com\/wp-content\/uploads\/2024\/12\/POGGI-3.png\",\"articleSection\":[\"Ciudad\/Provincia\"],\"inLanguage\":\"es-AR\"},{\"@type\":\"WebPage\",\"@id\":\"https:\/\/apuntesdesanluis.com\/index.php\/2024\/12\/10\/el-gobierno-provincial-difundio-un-positivo-balance-del-primer-ano-de-gestion\/\",\"url\":\"https:\/\/apuntesdesanluis.com\/index.php\/2024\/12\/10\/el-gobierno-provincial-difundio-un-positivo-balance-del-primer-ano-de-gestion\/\",\"name\":\"EL GOBIERNO PROVINCIAL DIFUNDI\u00d3 UN POSITIVO BALANCE DEL PRIMER A\u00d1O DE GESTI\u00d3N - Apuntes de San Luis\",\"isPartOf\":{\"@id\":\"https:\/\/apuntesdesanluis.com\/#website\"},\"primaryImageOfPage\":{\"@id\":\"https:\/\/apuntesdesanluis.com\/index.php\/2024\/12\/10\/el-gobierno-provincial-difundio-un-positivo-balance-del-primer-ano-de-gestion\/#primaryimage\"},\"image\":{\"@id\":\"https:\/\/apuntesdesanluis.com\/index.php\/2024\/12\/10\/el-gobierno-provincial-difundio-un-positivo-balance-del-primer-ano-de-gestion\/#primaryimage\"},\"thumbnailUrl\":\"https:\/\/apuntesdesanluis.com\/wp-content\/uploads\/2024\/12\/POGGI-3.png\",\"datePublished\":\"2024-12-11T01:04:01+00:00\",\"breadcrumb\":{\"@id\":\"https:\/\/apuntesdesanluis.com\/index.php\/2024\/12\/10\/el-gobierno-provincial-difundio-un-positivo-balance-del-primer-ano-de-gestion\/#breadcrumb\"},\"inLanguage\":\"es-AR\",\"potentialAction\":[{\"@type\":\"ReadAction\",\"target\":[\"https:\/\/apuntesdesanluis.com\/index.php\/2024\/12\/10\/el-gobierno-provincial-difundio-un-positivo-balance-del-primer-ano-de-gestion\/\"]}]},{\"@type\":\"ImageObject\",\"inLanguage\":\"es-AR\",\"@id\":\"https:\/\/apuntesdesanluis.com\/index.php\/2024\/12\/10\/el-gobierno-provincial-difundio-un-positivo-balance-del-primer-ano-de-gestion\/#primaryimage\",\"url\":\"https:\/\/apuntesdesanluis.com\/wp-content\/uploads\/2024\/12\/POGGI-3.png\",\"contentUrl\":\"https:\/\/apuntesdesanluis.com\/wp-content\/uploads\/2024\/12\/POGGI-3.png\",\"width\":670,\"height\":438},{\"@type\":\"BreadcrumbList\",\"@id\":\"https:\/\/apuntesdesanluis.com\/index.php\/2024\/12\/10\/el-gobierno-provincial-difundio-un-positivo-balance-del-primer-ano-de-gestion\/#breadcrumb\",\"itemListElement\":[{\"@type\":\"ListItem\",\"position\":1,\"name\":\"Inicio\",\"item\":\"https:\/\/apuntesdesanluis.com\/\"},{\"@type\":\"ListItem\",\"position\":2,\"name\":\"EL GOBIERNO PROVINCIAL DIFUNDI\u00d3 UN POSITIVO BALANCE DEL PRIMER A\u00d1O DE GESTI\u00d3N\"}]},{\"@type\":\"WebSite\",\"@id\":\"https:\/\/apuntesdesanluis.com\/#website\",\"url\":\"https:\/\/apuntesdesanluis.com\/\",\"name\":\"Apuntes de San Luis\",\"description\":\"\",\"publisher\":{\"@id\":\"https:\/\/apuntesdesanluis.com\/#\/schema\/person\/b55151d52296fcce64d1a72538a70b90\"},\"potentialAction\":[{\"@type\":\"SearchAction\",\"target\":{\"@type\":\"EntryPoint\",\"urlTemplate\":\"https:\/\/apuntesdesanluis.com\/?s={search_term_string}\"},\"query-input\":{\"@type\":\"PropertyValueSpecification\",\"valueRequired\":true,\"valueName\":\"search_term_string\"}}],\"inLanguage\":\"es-AR\"},{\"@type\":[\"Person\",\"Organization\"],\"@id\":\"https:\/\/apuntesdesanluis.com\/#\/schema\/person\/b55151d52296fcce64d1a72538a70b90\",\"name\":\"apuntesdesanluis.com\",\"image\":{\"@type\":\"ImageObject\",\"inLanguage\":\"es-AR\",\"@id\":\"https:\/\/apuntesdesanluis.com\/#\/schema\/person\/image\/\",\"url\":\"https:\/\/apuntesdesanluis.com\/wp-content\/uploads\/2023\/07\/cropped-apuntesdesanluis.png\",\"contentUrl\":\"https:\/\/apuntesdesanluis.com\/wp-content\/uploads\/2023\/07\/cropped-apuntesdesanluis.png\",\"width\":450,\"height\":112,\"caption\":\"apuntesdesanluis.com\"},\"logo\":{\"@id\":\"https:\/\/apuntesdesanluis.com\/#\/schema\/person\/image\/\"},\"sameAs\":[\"https:\/\/apuntesdesanluis.com\"],\"url\":\"https:\/\/apuntesdesanluis.com\/index.php\/author\/apuntesdesanluis-com\/\"}]}<\/script>\n<!-- \/ Yoast SEO plugin. -->","yoast_head_json":{"title":"EL GOBIERNO PROVINCIAL DIFUNDI\u00d3 UN POSITIVO BALANCE DEL PRIMER A\u00d1O DE GESTI\u00d3N - Apuntes de San Luis","robots":{"index":"index","follow":"follow","max-snippet":"max-snippet:-1","max-image-preview":"max-image-preview:large","max-video-preview":"max-video-preview:-1"},"canonical":"https:\/\/apuntesdesanluis.com\/index.php\/2024\/12\/10\/el-gobierno-provincial-difundio-un-positivo-balance-del-primer-ano-de-gestion\/","og_locale":"es_ES","og_type":"article","og_title":"EL GOBIERNO PROVINCIAL DIFUNDI\u00d3 UN POSITIVO BALANCE DEL PRIMER A\u00d1O DE GESTI\u00d3N - Apuntes de San Luis","og_description":"Este martes, al cumplirse un a\u00f1o de gesti\u00f3n del gobernador Claudio Poggi, la Agencia de...","og_url":"https:\/\/apuntesdesanluis.com\/index.php\/2024\/12\/10\/el-gobierno-provincial-difundio-un-positivo-balance-del-primer-ano-de-gestion\/","og_site_name":"Apuntes de San Luis","article_published_time":"2024-12-11T01:04:01+00:00","og_image":[{"width":670,"height":438,"url":"https:\/\/apuntesdesanluis.com\/wp-content\/uploads\/2024\/12\/POGGI-3.png","type":"image\/png"}],"author":"apuntesdesanluis.com","twitter_card":"summary_large_image","twitter_misc":{"Escrito por":"apuntesdesanluis.com","Tiempo de lectura":"6 minutos"},"schema":{"@context":"https:\/\/schema.org","@graph":[{"@type":"Article","@id":"https:\/\/apuntesdesanluis.com\/index.php\/2024\/12\/10\/el-gobierno-provincial-difundio-un-positivo-balance-del-primer-ano-de-gestion\/#article","isPartOf":{"@id":"https:\/\/apuntesdesanluis.com\/index.php\/2024\/12\/10\/el-gobierno-provincial-difundio-un-positivo-balance-del-primer-ano-de-gestion\/"},"author":{"name":"apuntesdesanluis.com","@id":"https:\/\/apuntesdesanluis.com\/#\/schema\/person\/b55151d52296fcce64d1a72538a70b90"},"headline":"EL GOBIERNO PROVINCIAL DIFUNDI\u00d3 UN POSITIVO BALANCE DEL PRIMER A\u00d1O DE GESTI\u00d3N","datePublished":"2024-12-11T01:04:01+00:00","mainEntityOfPage":{"@id":"https:\/\/apuntesdesanluis.com\/index.php\/2024\/12\/10\/el-gobierno-provincial-difundio-un-positivo-balance-del-primer-ano-de-gestion\/"},"wordCount":1252,"publisher":{"@id":"https:\/\/apuntesdesanluis.com\/#\/schema\/person\/b55151d52296fcce64d1a72538a70b90"},"image":{"@id":"https:\/\/apuntesdesanluis.com\/index.php\/2024\/12\/10\/el-gobierno-provincial-difundio-un-positivo-balance-del-primer-ano-de-gestion\/#primaryimage"},"thumbnailUrl":"https:\/\/apuntesdesanluis.com\/wp-content\/uploads\/2024\/12\/POGGI-3.png","articleSection":["Ciudad\/Provincia"],"inLanguage":"es-AR"},{"@type":"WebPage","@id":"https:\/\/apuntesdesanluis.com\/index.php\/2024\/12\/10\/el-gobierno-provincial-difundio-un-positivo-balance-del-primer-ano-de-gestion\/","url":"https:\/\/apuntesdesanluis.com\/index.php\/2024\/12\/10\/el-gobierno-provincial-difundio-un-positivo-balance-del-primer-ano-de-gestion\/","name":"EL GOBIERNO PROVINCIAL DIFUNDI\u00d3 UN POSITIVO BALANCE DEL PRIMER A\u00d1O DE GESTI\u00d3N - Apuntes de San Luis","isPartOf":{"@id":"https:\/\/apuntesdesanluis.com\/#website"},"primaryImageOfPage":{"@id":"https:\/\/apuntesdesanluis.com\/index.php\/2024\/12\/10\/el-gobierno-provincial-difundio-un-positivo-balance-del-primer-ano-de-gestion\/#primaryimage"},"image":{"@id":"https:\/\/apuntesdesanluis.com\/index.php\/2024\/12\/10\/el-gobierno-provincial-difundio-un-positivo-balance-del-primer-ano-de-gestion\/#primaryimage"},"thumbnailUrl":"https:\/\/apuntesdesanluis.com\/wp-content\/uploads\/2024\/12\/POGGI-3.png","datePublished":"2024-12-11T01:04:01+00:00","breadcrumb":{"@id":"https:\/\/apuntesdesanluis.com\/index.php\/2024\/12\/10\/el-gobierno-provincial-difundio-un-positivo-balance-del-primer-ano-de-gestion\/#breadcrumb"},"inLanguage":"es-AR","potentialAction":[{"@type":"ReadAction","target":["https:\/\/apuntesdesanluis.com\/index.php\/2024\/12\/10\/el-gobierno-provincial-difundio-un-positivo-balance-del-primer-ano-de-gestion\/"]}]},{"@type":"ImageObject","inLanguage":"es-AR","@id":"https:\/\/apuntesdesanluis.com\/index.php\/2024\/12\/10\/el-gobierno-provincial-difundio-un-positivo-balance-del-primer-ano-de-gestion\/#primaryimage","url":"https:\/\/apuntesdesanluis.com\/wp-content\/uploads\/2024\/12\/POGGI-3.png","contentUrl":"https:\/\/apuntesdesanluis.com\/wp-content\/uploads\/2024\/12\/POGGI-3.png","width":670,"height":438},{"@type":"BreadcrumbList","@id":"https:\/\/apuntesdesanluis.com\/index.php\/2024\/12\/10\/el-gobierno-provincial-difundio-un-positivo-balance-del-primer-ano-de-gestion\/#breadcrumb","itemListElement":[{"@type":"ListItem","position":1,"name":"Inicio","item":"https:\/\/apuntesdesanluis.com\/"},{"@type":"ListItem","position":2,"name":"EL GOBIERNO PROVINCIAL DIFUNDI\u00d3 UN POSITIVO BALANCE DEL PRIMER A\u00d1O DE GESTI\u00d3N"}]},{"@type":"WebSite","@id":"https:\/\/apuntesdesanluis.com\/#website","url":"https:\/\/apuntesdesanluis.com\/","name":"Apuntes de San Luis","description":"","publisher":{"@id":"https:\/\/apuntesdesanluis.com\/#\/schema\/person\/b55151d52296fcce64d1a72538a70b90"},"potentialAction":[{"@type":"SearchAction","target":{"@type":"EntryPoint","urlTemplate":"https:\/\/apuntesdesanluis.com\/?s={search_term_string}"},"query-input":{"@type":"PropertyValueSpecification","valueRequired":true,"valueName":"search_term_string"}}],"inLanguage":"es-AR"},{"@type":["Person","Organization"],"@id":"https:\/\/apuntesdesanluis.com\/#\/schema\/person\/b55151d52296fcce64d1a72538a70b90","name":"apuntesdesanluis.com","image":{"@type":"ImageObject","inLanguage":"es-AR","@id":"https:\/\/apuntesdesanluis.com\/#\/schema\/person\/image\/","url":"https:\/\/apuntesdesanluis.com\/wp-content\/uploads\/2023\/07\/cropped-apuntesdesanluis.png","contentUrl":"https:\/\/apuntesdesanluis.com\/wp-content\/uploads\/2023\/07\/cropped-apuntesdesanluis.png","width":450,"height":112,"caption":"apuntesdesanluis.com"},"logo":{"@id":"https:\/\/apuntesdesanluis.com\/#\/schema\/person\/image\/"},"sameAs":["https:\/\/apuntesdesanluis.com"],"url":"https:\/\/apuntesdesanluis.com\/index.php\/author\/apuntesdesanluis-com\/"}]}},"featured_image_urls":{"full":["https:\/\/apuntesdesanluis.com\/wp-content\/uploads\/2024\/12\/POGGI-3.png",670,438,false],"thumbnail":["https:\/\/apuntesdesanluis.com\/wp-content\/uploads\/2024\/12\/POGGI-3-150x150.png",150,150,true],"medium":["https:\/\/apuntesdesanluis.com\/wp-content\/uploads\/2024\/12\/POGGI-3-300x196.png",300,196,true],"medium_large":["https:\/\/apuntesdesanluis.com\/wp-content\/uploads\/2024\/12\/POGGI-3.png",640,418,false],"large":["https:\/\/apuntesdesanluis.com\/wp-content\/uploads\/2024\/12\/POGGI-3.png",640,418,false],"1536x1536":["https:\/\/apuntesdesanluis.com\/wp-content\/uploads\/2024\/12\/POGGI-3.png",670,438,false],"2048x2048":["https:\/\/apuntesdesanluis.com\/wp-content\/uploads\/2024\/12\/POGGI-3.png",670,438,false],"newsever-slider-full":["https:\/\/apuntesdesanluis.com\/wp-content\/uploads\/2024\/12\/POGGI-3.png",670,438,false],"newsever-featured":["https:\/\/apuntesdesanluis.com\/wp-content\/uploads\/2024\/12\/POGGI-3.png",670,438,false],"newsever-medium":["https:\/\/apuntesdesanluis.com\/wp-content\/uploads\/2024\/12\/POGGI-3.png",670,438,false]},"author_info":{"display_name":"apuntesdesanluis.com","author_link":"https:\/\/apuntesdesanluis.com\/index.php\/author\/apuntesdesanluis-com\/"},"category_info":"<a href=\"https:\/\/apuntesdesanluis.com\/index.php\/category\/ciudad-provincia\/\" rel=\"category tag\">Ciudad\/Provincia<\/a>","tag_info":"Ciudad\/Provincia","comment_count":"0","_links":{"self":[{"href":"https:\/\/apuntesdesanluis.com\/index.php\/wp-json\/wp\/v2\/posts\/26540","targetHints":{"allow":["GET"]}}],"collection":[{"href":"https:\/\/apuntesdesanluis.com\/index.php\/wp-json\/wp\/v2\/posts"}],"about":[{"href":"https:\/\/apuntesdesanluis.com\/index.php\/wp-json\/wp\/v2\/types\/post"}],"author":[{"embeddable":true,"href":"https:\/\/apuntesdesanluis.com\/index.php\/wp-json\/wp\/v2\/users\/1"}],"replies":[{"embeddable":true,"href":"https:\/\/apuntesdesanluis.com\/index.php\/wp-json\/wp\/v2\/comments?post=26540"}],"version-history":[{"count":1,"href":"https:\/\/apuntesdesanluis.com\/index.php\/wp-json\/wp\/v2\/posts\/26540\/revisions"}],"predecessor-version":[{"id":26542,"href":"https:\/\/apuntesdesanluis.com\/index.php\/wp-json\/wp\/v2\/posts\/26540\/revisions\/26542"}],"wp:featuredmedia":[{"embeddable":true,"href":"https:\/\/apuntesdesanluis.com\/index.php\/wp-json\/wp\/v2\/media\/26541"}],"wp:attachment":[{"href":"https:\/\/apuntesdesanluis.com\/index.php\/wp-json\/wp\/v2\/media?parent=26540"}],"wp:term":[{"taxonomy":"category","embeddable":true,"href":"https:\/\/apuntesdesanluis.com\/index.php\/wp-json\/wp\/v2\/categories?post=26540"},{"taxonomy":"post_tag","embeddable":true,"href":"https:\/\/apuntesdesanluis.com\/index.php\/wp-json\/wp\/v2\/tags?post=26540"}],"curies":[{"name":"wp","href":"https:\/\/api.w.org\/{rel}","templated":true}]}}