{"id":26554,"date":"2024-12-10T23:42:43","date_gmt":"2024-12-11T02:42:43","guid":{"rendered":"https:\/\/apuntesdesanluis.com\/?p=26554"},"modified":"2024-12-10T23:42:43","modified_gmt":"2024-12-11T02:42:43","slug":"lula-da-silva-evoluciona-bien-tras-la-operacion-para-drenar-un-hematoma-intracraneano","status":"publish","type":"post","link":"https:\/\/apuntesdesanluis.com\/index.php\/2024\/12\/10\/lula-da-silva-evoluciona-bien-tras-la-operacion-para-drenar-un-hematoma-intracraneano\/","title":{"rendered":"LULA DA SILVA EVOLUCIONA BIEN TRAS LA OPERACI\u00d3N PARA DRENAR UN HEMATOMA INTRACRANEANO"},"content":{"rendered":"<h3>El mandatario brasile\u00f1o hab\u00eda sufrido un accidente dom\u00e9stico en octubre \u00faltimo, que requiri\u00f3 varios puntos de sutura en la nuca.<\/h3>\n<h3>El presidente de Brasil, Luiz In\u00e1cio Lula da Silva, de 79 a\u00f1os, fue sometido a una cirug\u00eda la madrugada de este martes, para drenar un hematoma intracraneano, como consecuencia de una ca\u00edda sufrida en octubre. Seg\u00fan el equipo m\u00e9dico que lo atendi\u00f3, el mandatario se encuentra estable, l\u00facido y sin lesiones cerebrales.<\/h3>\n<h3>&#8220;El presidente evolucion\u00f3 bien, lleg\u00f3 de la cirug\u00eda pr\u00e1cticamente despierto, fue extubado y ya se encuentra estable, habla normalmente, come y deber\u00e1 estar en observaci\u00f3n en los pr\u00f3ximos d\u00edas. No tuvo secuelas&#8221;, dijo Roberto Kalil, m\u00e9dico personal del presidente.<\/h3>\n<h3><strong>DETALLES DE LA INTERVENCI\u00d3N QUIR\u00daRGICA<\/strong><\/h3>\n<h3>En conferencia de prensa, el equipo m\u00e9dico de Lula, del Palacio del Planalto (sede del Gobierno) y del Hospital Sirio-Liban\u00e9s de San Pablo, donde ocurri\u00f3 la operaci\u00f3n, explicaron que el presidente se recupera en buenas condiciones y se espera que pueda retomar sus actividades la pr\u00f3xima semana.<\/h3>\n<h3>Lula da Silva fue ingresado de urgencia la noche del lunes al nosocomio, donde fue sometido a una intervenci\u00f3n quir\u00fargica para drenar un hematoma intracraneal. Fue trasladado en avi\u00f3n desde Brasilia luego de haberse sentido mal durante todo el lunes.<\/h3>\n<h3><strong>ORIGEN DEL HEMATOMA INTRACRANEAL<\/strong><\/h3>\n<h3>El hematoma en el cr\u00e1neo es una de las consecuencias de la ca\u00edda que tuvo en el ba\u00f1o el 19 de octubre pasado durante un accidente dom\u00e9stico que le dej\u00f3 una herida en la nuca y requiri\u00f3 cinco puntos de sutura.<\/h3>\n<h3>Kalil inform\u00f3 que se espera que el presidente pase las pr\u00f3ximas 48 horas por una cuesti\u00f3n de protocolo en la Unidad de Terapia Intensiva y que la semana que viene pueda volver a trabajar con la agenda oficial en la Casa de Gobierno.<\/h3>\n<h3><strong>DETALLES DE LA CIRUG\u00cdA<\/strong><\/h3>\n<h3>Por su parte, el doctor Rog\u00e9rio Tuma, del equipo que oper\u00f3 al presidente, precis\u00f3 que la cirug\u00eda dur\u00f3 casi dos horas. Explic\u00f3 que el hematoma se encontraba entre el cerebro y el hueso, sin ning\u00fan da\u00f1o al cerebro.<\/h3>\n<h3>&#8220;Esta complicaci\u00f3n es com\u00fan en personas que sufrieron una ca\u00edda, especialmente en los pacientes mayores&#8221;, subray\u00f3.<\/h3>\n<p>&nbsp;<\/p>\n<p>&nbsp;<\/p>\n<p>&nbsp;<\/p>\n<p>&nbsp;<\/p>\n<p>&nbsp;<\/p>\n<p>&nbsp;<\/p>\n","protected":false},"excerpt":{"rendered":"<p>El mandatario brasile\u00f1o hab\u00eda sufrido un accidente dom\u00e9stico en octubre \u00faltimo, que requiri\u00f3 varios puntos&#8230;<\/p>\n","protected":false},"author":1,"featured_media":26555,"comment_status":"closed","ping_status":"closed","sticky":false,"template":"","format":"standard","meta":{"footnotes":""},"categories":[5],"tags":[],"class_list":["post-26554","post","type-post","status-publish","format-standard","has-post-thumbnail","hentry","category-nacionales-internacionales"],"yoast_head":"<!-- This site is optimized with the Yoast SEO plugin v26.1.1 - https:\/\/yoast.com\/wordpress\/plugins\/seo\/ -->\n<title>LULA DA SILVA EVOLUCIONA BIEN TRAS LA OPERACI\u00d3N PARA DRENAR UN HEMATOMA INTRACRANEANO - Apuntes de San Luis<\/title>\n<meta name=\"robots\" content=\"index, follow, max-snippet:-1, max-image-preview:large, max-video-preview:-1\" \/>\n<link rel=\"canonical\" href=\"https:\/\/apuntesdesanluis.com\/index.php\/2024\/12\/10\/lula-da-silva-evoluciona-bien-tras-la-operacion-para-drenar-un-hematoma-intracraneano\/\" \/>\n<meta property=\"og:locale\" content=\"es_ES\" \/>\n<meta property=\"og:type\" content=\"article\" \/>\n<meta property=\"og:title\" content=\"LULA DA SILVA EVOLUCIONA BIEN TRAS LA OPERACI\u00d3N PARA DRENAR UN HEMATOMA INTRACRANEANO - Apuntes de San Luis\" \/>\n<meta property=\"og:description\" content=\"El mandatario brasile\u00f1o hab\u00eda sufrido un accidente dom\u00e9stico en octubre \u00faltimo, que requiri\u00f3 varios puntos...\" \/>\n<meta property=\"og:url\" content=\"https:\/\/apuntesdesanluis.com\/index.php\/2024\/12\/10\/lula-da-silva-evoluciona-bien-tras-la-operacion-para-drenar-un-hematoma-intracraneano\/\" \/>\n<meta property=\"og:site_name\" content=\"Apuntes de San Luis\" \/>\n<meta property=\"article:published_time\" content=\"2024-12-11T02:42:43+00:00\" \/>\n<meta property=\"og:image\" content=\"https:\/\/apuntesdesanluis.com\/wp-content\/uploads\/2024\/12\/LULA-DA-SILVA.png\" \/>\n\t<meta property=\"og:image:width\" content=\"681\" \/>\n\t<meta property=\"og:image:height\" content=\"442\" \/>\n\t<meta property=\"og:image:type\" content=\"image\/png\" \/>\n<meta name=\"author\" content=\"apuntesdesanluis.com\" \/>\n<meta name=\"twitter:card\" content=\"summary_large_image\" \/>\n<meta name=\"twitter:label1\" content=\"Escrito por\" \/>\n\t<meta name=\"twitter:data1\" content=\"apuntesdesanluis.com\" \/>\n\t<meta name=\"twitter:label2\" content=\"Tiempo de lectura\" \/>\n\t<meta name=\"twitter:data2\" content=\"2 minutos\" \/>\n<script type=\"application\/ld+json\" class=\"yoast-schema-graph\">{\"@context\":\"https:\/\/schema.org\",\"@graph\":[{\"@type\":\"Article\",\"@id\":\"https:\/\/apuntesdesanluis.com\/index.php\/2024\/12\/10\/lula-da-silva-evoluciona-bien-tras-la-operacion-para-drenar-un-hematoma-intracraneano\/#article\",\"isPartOf\":{\"@id\":\"https:\/\/apuntesdesanluis.com\/index.php\/2024\/12\/10\/lula-da-silva-evoluciona-bien-tras-la-operacion-para-drenar-un-hematoma-intracraneano\/\"},\"author\":{\"name\":\"apuntesdesanluis.com\",\"@id\":\"https:\/\/apuntesdesanluis.com\/#\/schema\/person\/b55151d52296fcce64d1a72538a70b90\"},\"headline\":\"LULA DA SILVA EVOLUCIONA BIEN TRAS LA OPERACI\u00d3N PARA DRENAR UN HEMATOMA INTRACRANEANO\",\"datePublished\":\"2024-12-11T02:42:43+00:00\",\"mainEntityOfPage\":{\"@id\":\"https:\/\/apuntesdesanluis.com\/index.php\/2024\/12\/10\/lula-da-silva-evoluciona-bien-tras-la-operacion-para-drenar-un-hematoma-intracraneano\/\"},\"wordCount\":405,\"publisher\":{\"@id\":\"https:\/\/apuntesdesanluis.com\/#\/schema\/person\/b55151d52296fcce64d1a72538a70b90\"},\"image\":{\"@id\":\"https:\/\/apuntesdesanluis.com\/index.php\/2024\/12\/10\/lula-da-silva-evoluciona-bien-tras-la-operacion-para-drenar-un-hematoma-intracraneano\/#primaryimage\"},\"thumbnailUrl\":\"https:\/\/apuntesdesanluis.com\/wp-content\/uploads\/2024\/12\/LULA-DA-SILVA.png\",\"articleSection\":[\"Nacionales\/Internacionales\"],\"inLanguage\":\"es-AR\"},{\"@type\":\"WebPage\",\"@id\":\"https:\/\/apuntesdesanluis.com\/index.php\/2024\/12\/10\/lula-da-silva-evoluciona-bien-tras-la-operacion-para-drenar-un-hematoma-intracraneano\/\",\"url\":\"https:\/\/apuntesdesanluis.com\/index.php\/2024\/12\/10\/lula-da-silva-evoluciona-bien-tras-la-operacion-para-drenar-un-hematoma-intracraneano\/\",\"name\":\"LULA DA SILVA EVOLUCIONA BIEN TRAS LA OPERACI\u00d3N PARA DRENAR UN HEMATOMA INTRACRANEANO - Apuntes de San Luis\",\"isPartOf\":{\"@id\":\"https:\/\/apuntesdesanluis.com\/#website\"},\"primaryImageOfPage\":{\"@id\":\"https:\/\/apuntesdesanluis.com\/index.php\/2024\/12\/10\/lula-da-silva-evoluciona-bien-tras-la-operacion-para-drenar-un-hematoma-intracraneano\/#primaryimage\"},\"image\":{\"@id\":\"https:\/\/apuntesdesanluis.com\/index.php\/2024\/12\/10\/lula-da-silva-evoluciona-bien-tras-la-operacion-para-drenar-un-hematoma-intracraneano\/#primaryimage\"},\"thumbnailUrl\":\"https:\/\/apuntesdesanluis.com\/wp-content\/uploads\/2024\/12\/LULA-DA-SILVA.png\",\"datePublished\":\"2024-12-11T02:42:43+00:00\",\"breadcrumb\":{\"@id\":\"https:\/\/apuntesdesanluis.com\/index.php\/2024\/12\/10\/lula-da-silva-evoluciona-bien-tras-la-operacion-para-drenar-un-hematoma-intracraneano\/#breadcrumb\"},\"inLanguage\":\"es-AR\",\"potentialAction\":[{\"@type\":\"ReadAction\",\"target\":[\"https:\/\/apuntesdesanluis.com\/index.php\/2024\/12\/10\/lula-da-silva-evoluciona-bien-tras-la-operacion-para-drenar-un-hematoma-intracraneano\/\"]}]},{\"@type\":\"ImageObject\",\"inLanguage\":\"es-AR\",\"@id\":\"https:\/\/apuntesdesanluis.com\/index.php\/2024\/12\/10\/lula-da-silva-evoluciona-bien-tras-la-operacion-para-drenar-un-hematoma-intracraneano\/#primaryimage\",\"url\":\"https:\/\/apuntesdesanluis.com\/wp-content\/uploads\/2024\/12\/LULA-DA-SILVA.png\",\"contentUrl\":\"https:\/\/apuntesdesanluis.com\/wp-content\/uploads\/2024\/12\/LULA-DA-SILVA.png\",\"width\":681,\"height\":442},{\"@type\":\"BreadcrumbList\",\"@id\":\"https:\/\/apuntesdesanluis.com\/index.php\/2024\/12\/10\/lula-da-silva-evoluciona-bien-tras-la-operacion-para-drenar-un-hematoma-intracraneano\/#breadcrumb\",\"itemListElement\":[{\"@type\":\"ListItem\",\"position\":1,\"name\":\"Inicio\",\"item\":\"https:\/\/apuntesdesanluis.com\/\"},{\"@type\":\"ListItem\",\"position\":2,\"name\":\"LULA DA SILVA EVOLUCIONA BIEN TRAS LA OPERACI\u00d3N PARA DRENAR UN HEMATOMA INTRACRANEANO\"}]},{\"@type\":\"WebSite\",\"@id\":\"https:\/\/apuntesdesanluis.com\/#website\",\"url\":\"https:\/\/apuntesdesanluis.com\/\",\"name\":\"Apuntes de San Luis\",\"description\":\"\",\"publisher\":{\"@id\":\"https:\/\/apuntesdesanluis.com\/#\/schema\/person\/b55151d52296fcce64d1a72538a70b90\"},\"potentialAction\":[{\"@type\":\"SearchAction\",\"target\":{\"@type\":\"EntryPoint\",\"urlTemplate\":\"https:\/\/apuntesdesanluis.com\/?s={search_term_string}\"},\"query-input\":{\"@type\":\"PropertyValueSpecification\",\"valueRequired\":true,\"valueName\":\"search_term_string\"}}],\"inLanguage\":\"es-AR\"},{\"@type\":[\"Person\",\"Organization\"],\"@id\":\"https:\/\/apuntesdesanluis.com\/#\/schema\/person\/b55151d52296fcce64d1a72538a70b90\",\"name\":\"apuntesdesanluis.com\",\"image\":{\"@type\":\"ImageObject\",\"inLanguage\":\"es-AR\",\"@id\":\"https:\/\/apuntesdesanluis.com\/#\/schema\/person\/image\/\",\"url\":\"https:\/\/apuntesdesanluis.com\/wp-content\/uploads\/2023\/07\/cropped-apuntesdesanluis.png\",\"contentUrl\":\"https:\/\/apuntesdesanluis.com\/wp-content\/uploads\/2023\/07\/cropped-apuntesdesanluis.png\",\"width\":450,\"height\":112,\"caption\":\"apuntesdesanluis.com\"},\"logo\":{\"@id\":\"https:\/\/apuntesdesanluis.com\/#\/schema\/person\/image\/\"},\"sameAs\":[\"https:\/\/apuntesdesanluis.com\"],\"url\":\"https:\/\/apuntesdesanluis.com\/index.php\/author\/apuntesdesanluis-com\/\"}]}<\/script>\n<!-- \/ Yoast SEO plugin. -->","yoast_head_json":{"title":"LULA DA SILVA EVOLUCIONA BIEN TRAS LA OPERACI\u00d3N PARA DRENAR UN HEMATOMA INTRACRANEANO - Apuntes de San Luis","robots":{"index":"index","follow":"follow","max-snippet":"max-snippet:-1","max-image-preview":"max-image-preview:large","max-video-preview":"max-video-preview:-1"},"canonical":"https:\/\/apuntesdesanluis.com\/index.php\/2024\/12\/10\/lula-da-silva-evoluciona-bien-tras-la-operacion-para-drenar-un-hematoma-intracraneano\/","og_locale":"es_ES","og_type":"article","og_title":"LULA DA SILVA EVOLUCIONA BIEN TRAS LA OPERACI\u00d3N PARA DRENAR UN HEMATOMA INTRACRANEANO - Apuntes de San Luis","og_description":"El mandatario brasile\u00f1o hab\u00eda sufrido un accidente dom\u00e9stico en octubre \u00faltimo, que requiri\u00f3 varios puntos...","og_url":"https:\/\/apuntesdesanluis.com\/index.php\/2024\/12\/10\/lula-da-silva-evoluciona-bien-tras-la-operacion-para-drenar-un-hematoma-intracraneano\/","og_site_name":"Apuntes de San Luis","article_published_time":"2024-12-11T02:42:43+00:00","og_image":[{"width":681,"height":442,"url":"https:\/\/apuntesdesanluis.com\/wp-content\/uploads\/2024\/12\/LULA-DA-SILVA.png","type":"image\/png"}],"author":"apuntesdesanluis.com","twitter_card":"summary_large_image","twitter_misc":{"Escrito por":"apuntesdesanluis.com","Tiempo de lectura":"2 minutos"},"schema":{"@context":"https:\/\/schema.org","@graph":[{"@type":"Article","@id":"https:\/\/apuntesdesanluis.com\/index.php\/2024\/12\/10\/lula-da-silva-evoluciona-bien-tras-la-operacion-para-drenar-un-hematoma-intracraneano\/#article","isPartOf":{"@id":"https:\/\/apuntesdesanluis.com\/index.php\/2024\/12\/10\/lula-da-silva-evoluciona-bien-tras-la-operacion-para-drenar-un-hematoma-intracraneano\/"},"author":{"name":"apuntesdesanluis.com","@id":"https:\/\/apuntesdesanluis.com\/#\/schema\/person\/b55151d52296fcce64d1a72538a70b90"},"headline":"LULA DA SILVA EVOLUCIONA BIEN TRAS LA OPERACI\u00d3N PARA DRENAR UN HEMATOMA INTRACRANEANO","datePublished":"2024-12-11T02:42:43+00:00","mainEntityOfPage":{"@id":"https:\/\/apuntesdesanluis.com\/index.php\/2024\/12\/10\/lula-da-silva-evoluciona-bien-tras-la-operacion-para-drenar-un-hematoma-intracraneano\/"},"wordCount":405,"publisher":{"@id":"https:\/\/apuntesdesanluis.com\/#\/schema\/person\/b55151d52296fcce64d1a72538a70b90"},"image":{"@id":"https:\/\/apuntesdesanluis.com\/index.php\/2024\/12\/10\/lula-da-silva-evoluciona-bien-tras-la-operacion-para-drenar-un-hematoma-intracraneano\/#primaryimage"},"thumbnailUrl":"https:\/\/apuntesdesanluis.com\/wp-content\/uploads\/2024\/12\/LULA-DA-SILVA.png","articleSection":["Nacionales\/Internacionales"],"inLanguage":"es-AR"},{"@type":"WebPage","@id":"https:\/\/apuntesdesanluis.com\/index.php\/2024\/12\/10\/lula-da-silva-evoluciona-bien-tras-la-operacion-para-drenar-un-hematoma-intracraneano\/","url":"https:\/\/apuntesdesanluis.com\/index.php\/2024\/12\/10\/lula-da-silva-evoluciona-bien-tras-la-operacion-para-drenar-un-hematoma-intracraneano\/","name":"LULA DA SILVA EVOLUCIONA BIEN TRAS LA OPERACI\u00d3N PARA DRENAR UN HEMATOMA INTRACRANEANO - Apuntes de San Luis","isPartOf":{"@id":"https:\/\/apuntesdesanluis.com\/#website"},"primaryImageOfPage":{"@id":"https:\/\/apuntesdesanluis.com\/index.php\/2024\/12\/10\/lula-da-silva-evoluciona-bien-tras-la-operacion-para-drenar-un-hematoma-intracraneano\/#primaryimage"},"image":{"@id":"https:\/\/apuntesdesanluis.com\/index.php\/2024\/12\/10\/lula-da-silva-evoluciona-bien-tras-la-operacion-para-drenar-un-hematoma-intracraneano\/#primaryimage"},"thumbnailUrl":"https:\/\/apuntesdesanluis.com\/wp-content\/uploads\/2024\/12\/LULA-DA-SILVA.png","datePublished":"2024-12-11T02:42:43+00:00","breadcrumb":{"@id":"https:\/\/apuntesdesanluis.com\/index.php\/2024\/12\/10\/lula-da-silva-evoluciona-bien-tras-la-operacion-para-drenar-un-hematoma-intracraneano\/#breadcrumb"},"inLanguage":"es-AR","potentialAction":[{"@type":"ReadAction","target":["https:\/\/apuntesdesanluis.com\/index.php\/2024\/12\/10\/lula-da-silva-evoluciona-bien-tras-la-operacion-para-drenar-un-hematoma-intracraneano\/"]}]},{"@type":"ImageObject","inLanguage":"es-AR","@id":"https:\/\/apuntesdesanluis.com\/index.php\/2024\/12\/10\/lula-da-silva-evoluciona-bien-tras-la-operacion-para-drenar-un-hematoma-intracraneano\/#primaryimage","url":"https:\/\/apuntesdesanluis.com\/wp-content\/uploads\/2024\/12\/LULA-DA-SILVA.png","contentUrl":"https:\/\/apuntesdesanluis.com\/wp-content\/uploads\/2024\/12\/LULA-DA-SILVA.png","width":681,"height":442},{"@type":"BreadcrumbList","@id":"https:\/\/apuntesdesanluis.com\/index.php\/2024\/12\/10\/lula-da-silva-evoluciona-bien-tras-la-operacion-para-drenar-un-hematoma-intracraneano\/#breadcrumb","itemListElement":[{"@type":"ListItem","position":1,"name":"Inicio","item":"https:\/\/apuntesdesanluis.com\/"},{"@type":"ListItem","position":2,"name":"LULA DA SILVA EVOLUCIONA BIEN TRAS LA OPERACI\u00d3N PARA DRENAR UN HEMATOMA INTRACRANEANO"}]},{"@type":"WebSite","@id":"https:\/\/apuntesdesanluis.com\/#website","url":"https:\/\/apuntesdesanluis.com\/","name":"Apuntes de San Luis","description":"","publisher":{"@id":"https:\/\/apuntesdesanluis.com\/#\/schema\/person\/b55151d52296fcce64d1a72538a70b90"},"potentialAction":[{"@type":"SearchAction","target":{"@type":"EntryPoint","urlTemplate":"https:\/\/apuntesdesanluis.com\/?s={search_term_string}"},"query-input":{"@type":"PropertyValueSpecification","valueRequired":true,"valueName":"search_term_string"}}],"inLanguage":"es-AR"},{"@type":["Person","Organization"],"@id":"https:\/\/apuntesdesanluis.com\/#\/schema\/person\/b55151d52296fcce64d1a72538a70b90","name":"apuntesdesanluis.com","image":{"@type":"ImageObject","inLanguage":"es-AR","@id":"https:\/\/apuntesdesanluis.com\/#\/schema\/person\/image\/","url":"https:\/\/apuntesdesanluis.com\/wp-content\/uploads\/2023\/07\/cropped-apuntesdesanluis.png","contentUrl":"https:\/\/apuntesdesanluis.com\/wp-content\/uploads\/2023\/07\/cropped-apuntesdesanluis.png","width":450,"height":112,"caption":"apuntesdesanluis.com"},"logo":{"@id":"https:\/\/apuntesdesanluis.com\/#\/schema\/person\/image\/"},"sameAs":["https:\/\/apuntesdesanluis.com"],"url":"https:\/\/apuntesdesanluis.com\/index.php\/author\/apuntesdesanluis-com\/"}]}},"featured_image_urls":{"full":["https:\/\/apuntesdesanluis.com\/wp-content\/uploads\/2024\/12\/LULA-DA-SILVA.png",681,442,false],"thumbnail":["https:\/\/apuntesdesanluis.com\/wp-content\/uploads\/2024\/12\/LULA-DA-SILVA-150x150.png",150,150,true],"medium":["https:\/\/apuntesdesanluis.com\/wp-content\/uploads\/2024\/12\/LULA-DA-SILVA-300x195.png",300,195,true],"medium_large":["https:\/\/apuntesdesanluis.com\/wp-content\/uploads\/2024\/12\/LULA-DA-SILVA.png",640,415,false],"large":["https:\/\/apuntesdesanluis.com\/wp-content\/uploads\/2024\/12\/LULA-DA-SILVA.png",640,415,false],"1536x1536":["https:\/\/apuntesdesanluis.com\/wp-content\/uploads\/2024\/12\/LULA-DA-SILVA.png",681,442,false],"2048x2048":["https:\/\/apuntesdesanluis.com\/wp-content\/uploads\/2024\/12\/LULA-DA-SILVA.png",681,442,false],"newsever-slider-full":["https:\/\/apuntesdesanluis.com\/wp-content\/uploads\/2024\/12\/LULA-DA-SILVA.png",681,442,false],"newsever-featured":["https:\/\/apuntesdesanluis.com\/wp-content\/uploads\/2024\/12\/LULA-DA-SILVA.png",681,442,false],"newsever-medium":["https:\/\/apuntesdesanluis.com\/wp-content\/uploads\/2024\/12\/LULA-DA-SILVA.png",681,442,false]},"author_info":{"display_name":"apuntesdesanluis.com","author_link":"https:\/\/apuntesdesanluis.com\/index.php\/author\/apuntesdesanluis-com\/"},"category_info":"<a href=\"https:\/\/apuntesdesanluis.com\/index.php\/category\/nacionales-internacionales\/\" rel=\"category tag\">Nacionales\/Internacionales<\/a>","tag_info":"Nacionales\/Internacionales","comment_count":"0","_links":{"self":[{"href":"https:\/\/apuntesdesanluis.com\/index.php\/wp-json\/wp\/v2\/posts\/26554","targetHints":{"allow":["GET"]}}],"collection":[{"href":"https:\/\/apuntesdesanluis.com\/index.php\/wp-json\/wp\/v2\/posts"}],"about":[{"href":"https:\/\/apuntesdesanluis.com\/index.php\/wp-json\/wp\/v2\/types\/post"}],"author":[{"embeddable":true,"href":"https:\/\/apuntesdesanluis.com\/index.php\/wp-json\/wp\/v2\/users\/1"}],"replies":[{"embeddable":true,"href":"https:\/\/apuntesdesanluis.com\/index.php\/wp-json\/wp\/v2\/comments?post=26554"}],"version-history":[{"count":1,"href":"https:\/\/apuntesdesanluis.com\/index.php\/wp-json\/wp\/v2\/posts\/26554\/revisions"}],"predecessor-version":[{"id":26556,"href":"https:\/\/apuntesdesanluis.com\/index.php\/wp-json\/wp\/v2\/posts\/26554\/revisions\/26556"}],"wp:featuredmedia":[{"embeddable":true,"href":"https:\/\/apuntesdesanluis.com\/index.php\/wp-json\/wp\/v2\/media\/26555"}],"wp:attachment":[{"href":"https:\/\/apuntesdesanluis.com\/index.php\/wp-json\/wp\/v2\/media?parent=26554"}],"wp:term":[{"taxonomy":"category","embeddable":true,"href":"https:\/\/apuntesdesanluis.com\/index.php\/wp-json\/wp\/v2\/categories?post=26554"},{"taxonomy":"post_tag","embeddable":true,"href":"https:\/\/apuntesdesanluis.com\/index.php\/wp-json\/wp\/v2\/tags?post=26554"}],"curies":[{"name":"wp","href":"https:\/\/api.w.org\/{rel}","templated":true}]}}