{"id":26577,"date":"2024-12-11T18:12:18","date_gmt":"2024-12-11T21:12:18","guid":{"rendered":"https:\/\/apuntesdesanluis.com\/?p=26577"},"modified":"2024-12-11T18:19:02","modified_gmt":"2024-12-11T21:19:02","slug":"el-plan-alimentario-escolar-seguira-durante-el-verano","status":"publish","type":"post","link":"https:\/\/apuntesdesanluis.com\/index.php\/2024\/12\/11\/el-plan-alimentario-escolar-seguira-durante-el-verano\/","title":{"rendered":"EL PLAN ALIMENTARIO ESCOLAR SEGUIR\u00c1 DURANTE EL VERANO"},"content":{"rendered":"<h3>Lo confirm\u00f3 este mi\u00e9rcoles\u00a0<strong>Celeste Aparicio<\/strong>, directora de Comunidad Educativa del ministerio de Educaci\u00f3n.<\/h3>\n<h3>El <strong>Plan Alimentario Nutricional Escolar<\/strong> (PANE) edici\u00f3n verano avanza progresivamente con 50 productos distribuidos en tres bolsas: A, B y C. Est\u00e1 dirigido a todos los alumnos de las escuelas p\u00fablicas provinciales en todos sus niveles, incluyendo a las escuelas de modalidad nocturna. El sistema toma en cuenta a los alumnos que est\u00e1n inscriptos en el sistema de gesti\u00f3n 3.0, a trav\u00e9s del cual resulta posible vincular a los estudiantes con su escuela y tutores.<\/h3>\n<h3>Un gran trabajo de los equipos directivos cumple con la Circular 29, aquella que organiza los modos de entrega. A partir de una comunicaci\u00f3n con los proveedores, los tutores han sido notificados para que retiren las tres bolsas de alimentos no perecederos que le corresponden a cada chico.<\/h3>\n<h3>Los bolsones llevan un instructivo para que la tutores puedan prepararlos. \u201cHemos dise\u00f1ado un c\u00f3digo QR para ofrecer informaci\u00f3n. All\u00ed podr\u00e1n chequear los productos y ver las recetas, con los paso a paso, que fueron elaboradas por el equipo de nutricionistas del PANE\u201d, afirm\u00f3 <strong>Celeste Aparicio<\/strong>, directora de Comunidad Educativa del ministerio de Educaci\u00f3n.<\/h3>\n<p><iframe title=\"Implementaci\u00f3n PANE verano\" width=\"640\" height=\"360\" src=\"https:\/\/www.youtube.com\/embed\/Xlbc7ERDv1o?feature=oembed\" frameborder=\"0\" allow=\"accelerometer; autoplay; clipboard-write; encrypted-media; gyroscope; picture-in-picture; web-share\" referrerpolicy=\"strict-origin-when-cross-origin\" allowfullscreen><\/iframe><\/p>\n<h3>La funcionaria coment\u00f3 que pueden elaborarse hamburguesas de lenteja, postres con gelatina, tacos y pizzas en proporciones rendidoras, con adaptaciones para personas cel\u00edacas o con dietas especiales. En paralelo, sugiri\u00f3 con \u00e9nfasis que, dentro del establecimiento educativo, corroboren los productos \u201cpara que sepan que van a ser tres bolsas. Si no fueran 50 y fueran 47 o 48, deber\u00e1n chequear el gramaje\u201d.<\/h3>\n<h3>\u201cSi hay alg\u00fan excedente o alg\u00fan faltante, nosotros lo vamos a contemplar y directamente nos ocuparemos desde el Ministerio\u201d, asegur\u00f3. En caso de presentarse alguna irregularidad, podr\u00e1n transmitirla al n\u00famero <span style=\"color: #3366ff;\">2664-452000 (interno 3322)<\/span> o a la direcci\u00f3n de correo electr\u00f3nico: <span style=\"color: #3366ff;\"><a style=\"color: #3366ff;\" href=\"mailto:refuerzoalimentario.sl@gmail.com\">refuerzoalimentario.sl@gmail.com<\/a><\/span> para clarificar consultas.<\/h3>\n<h3>En cuanto al progreso alcanzado en el programa alimentario, Aparicio precis\u00f3: \u201cLa verdad es que hoy se desarrolla exitosamente, en un 99%. Hemos estipulado como fecha de cierre el 18 de diciembre y, como las escuelas estar\u00e1n abiertas hasta el 20, solicitamos que si el directivo ya los convoc\u00f3 para que retiren las bolsas acuerden la entrega\u201d.<\/h3>\n<p>&nbsp;<\/p>\n<p>&nbsp;<\/p>\n<p>&nbsp;<\/p>\n<p>&nbsp;<\/p>\n","protected":false},"excerpt":{"rendered":"<p>Lo confirm\u00f3 este mi\u00e9rcoles\u00a0Celeste Aparicio, directora de Comunidad Educativa del ministerio de Educaci\u00f3n. El Plan&#8230;<\/p>\n","protected":false},"author":1,"featured_media":26578,"comment_status":"closed","ping_status":"closed","sticky":false,"template":"","format":"standard","meta":{"footnotes":""},"categories":[6],"tags":[],"class_list":["post-26577","post","type-post","status-publish","format-standard","has-post-thumbnail","hentry","category-ciudad-provincia"],"yoast_head":"<!-- This site is optimized with the Yoast SEO plugin v26.1.1 - https:\/\/yoast.com\/wordpress\/plugins\/seo\/ -->\n<title>EL PLAN ALIMENTARIO ESCOLAR SEGUIR\u00c1 DURANTE EL VERANO - Apuntes de San Luis<\/title>\n<meta name=\"robots\" content=\"index, follow, max-snippet:-1, max-image-preview:large, max-video-preview:-1\" \/>\n<link rel=\"canonical\" href=\"https:\/\/apuntesdesanluis.com\/index.php\/2024\/12\/11\/el-plan-alimentario-escolar-seguira-durante-el-verano\/\" \/>\n<meta property=\"og:locale\" content=\"es_ES\" \/>\n<meta property=\"og:type\" content=\"article\" \/>\n<meta property=\"og:title\" content=\"EL PLAN ALIMENTARIO ESCOLAR SEGUIR\u00c1 DURANTE EL VERANO - Apuntes de San Luis\" \/>\n<meta property=\"og:description\" content=\"Lo confirm\u00f3 este mi\u00e9rcoles\u00a0Celeste Aparicio, directora de Comunidad Educativa del ministerio de Educaci\u00f3n. El Plan...\" \/>\n<meta property=\"og:url\" content=\"https:\/\/apuntesdesanluis.com\/index.php\/2024\/12\/11\/el-plan-alimentario-escolar-seguira-durante-el-verano\/\" \/>\n<meta property=\"og:site_name\" content=\"Apuntes de San Luis\" \/>\n<meta property=\"article:published_time\" content=\"2024-12-11T21:12:18+00:00\" \/>\n<meta property=\"article:modified_time\" content=\"2024-12-11T21:19:02+00:00\" \/>\n<meta property=\"og:image\" content=\"https:\/\/apuntesdesanluis.com\/wp-content\/uploads\/2024\/12\/aparicio.png\" \/>\n\t<meta property=\"og:image:width\" content=\"651\" \/>\n\t<meta property=\"og:image:height\" content=\"402\" \/>\n\t<meta property=\"og:image:type\" content=\"image\/png\" \/>\n<meta name=\"author\" content=\"apuntesdesanluis.com\" \/>\n<meta name=\"twitter:card\" content=\"summary_large_image\" \/>\n<meta name=\"twitter:label1\" content=\"Escrito por\" \/>\n\t<meta name=\"twitter:data1\" content=\"apuntesdesanluis.com\" \/>\n\t<meta name=\"twitter:label2\" content=\"Tiempo de lectura\" \/>\n\t<meta name=\"twitter:data2\" content=\"2 minutos\" \/>\n<script type=\"application\/ld+json\" class=\"yoast-schema-graph\">{\"@context\":\"https:\/\/schema.org\",\"@graph\":[{\"@type\":\"Article\",\"@id\":\"https:\/\/apuntesdesanluis.com\/index.php\/2024\/12\/11\/el-plan-alimentario-escolar-seguira-durante-el-verano\/#article\",\"isPartOf\":{\"@id\":\"https:\/\/apuntesdesanluis.com\/index.php\/2024\/12\/11\/el-plan-alimentario-escolar-seguira-durante-el-verano\/\"},\"author\":{\"name\":\"apuntesdesanluis.com\",\"@id\":\"https:\/\/apuntesdesanluis.com\/#\/schema\/person\/b55151d52296fcce64d1a72538a70b90\"},\"headline\":\"EL PLAN ALIMENTARIO ESCOLAR SEGUIR\u00c1 DURANTE EL VERANO\",\"datePublished\":\"2024-12-11T21:12:18+00:00\",\"dateModified\":\"2024-12-11T21:19:02+00:00\",\"mainEntityOfPage\":{\"@id\":\"https:\/\/apuntesdesanluis.com\/index.php\/2024\/12\/11\/el-plan-alimentario-escolar-seguira-durante-el-verano\/\"},\"wordCount\":389,\"publisher\":{\"@id\":\"https:\/\/apuntesdesanluis.com\/#\/schema\/person\/b55151d52296fcce64d1a72538a70b90\"},\"image\":{\"@id\":\"https:\/\/apuntesdesanluis.com\/index.php\/2024\/12\/11\/el-plan-alimentario-escolar-seguira-durante-el-verano\/#primaryimage\"},\"thumbnailUrl\":\"https:\/\/apuntesdesanluis.com\/wp-content\/uploads\/2024\/12\/aparicio.png\",\"articleSection\":[\"Ciudad\/Provincia\"],\"inLanguage\":\"es-AR\"},{\"@type\":\"WebPage\",\"@id\":\"https:\/\/apuntesdesanluis.com\/index.php\/2024\/12\/11\/el-plan-alimentario-escolar-seguira-durante-el-verano\/\",\"url\":\"https:\/\/apuntesdesanluis.com\/index.php\/2024\/12\/11\/el-plan-alimentario-escolar-seguira-durante-el-verano\/\",\"name\":\"EL PLAN ALIMENTARIO ESCOLAR SEGUIR\u00c1 DURANTE EL VERANO - Apuntes de San Luis\",\"isPartOf\":{\"@id\":\"https:\/\/apuntesdesanluis.com\/#website\"},\"primaryImageOfPage\":{\"@id\":\"https:\/\/apuntesdesanluis.com\/index.php\/2024\/12\/11\/el-plan-alimentario-escolar-seguira-durante-el-verano\/#primaryimage\"},\"image\":{\"@id\":\"https:\/\/apuntesdesanluis.com\/index.php\/2024\/12\/11\/el-plan-alimentario-escolar-seguira-durante-el-verano\/#primaryimage\"},\"thumbnailUrl\":\"https:\/\/apuntesdesanluis.com\/wp-content\/uploads\/2024\/12\/aparicio.png\",\"datePublished\":\"2024-12-11T21:12:18+00:00\",\"dateModified\":\"2024-12-11T21:19:02+00:00\",\"breadcrumb\":{\"@id\":\"https:\/\/apuntesdesanluis.com\/index.php\/2024\/12\/11\/el-plan-alimentario-escolar-seguira-durante-el-verano\/#breadcrumb\"},\"inLanguage\":\"es-AR\",\"potentialAction\":[{\"@type\":\"ReadAction\",\"target\":[\"https:\/\/apuntesdesanluis.com\/index.php\/2024\/12\/11\/el-plan-alimentario-escolar-seguira-durante-el-verano\/\"]}]},{\"@type\":\"ImageObject\",\"inLanguage\":\"es-AR\",\"@id\":\"https:\/\/apuntesdesanluis.com\/index.php\/2024\/12\/11\/el-plan-alimentario-escolar-seguira-durante-el-verano\/#primaryimage\",\"url\":\"https:\/\/apuntesdesanluis.com\/wp-content\/uploads\/2024\/12\/aparicio.png\",\"contentUrl\":\"https:\/\/apuntesdesanluis.com\/wp-content\/uploads\/2024\/12\/aparicio.png\",\"width\":651,\"height\":402},{\"@type\":\"BreadcrumbList\",\"@id\":\"https:\/\/apuntesdesanluis.com\/index.php\/2024\/12\/11\/el-plan-alimentario-escolar-seguira-durante-el-verano\/#breadcrumb\",\"itemListElement\":[{\"@type\":\"ListItem\",\"position\":1,\"name\":\"Inicio\",\"item\":\"https:\/\/apuntesdesanluis.com\/\"},{\"@type\":\"ListItem\",\"position\":2,\"name\":\"EL PLAN ALIMENTARIO ESCOLAR SEGUIR\u00c1 DURANTE EL VERANO\"}]},{\"@type\":\"WebSite\",\"@id\":\"https:\/\/apuntesdesanluis.com\/#website\",\"url\":\"https:\/\/apuntesdesanluis.com\/\",\"name\":\"Apuntes de San Luis\",\"description\":\"\",\"publisher\":{\"@id\":\"https:\/\/apuntesdesanluis.com\/#\/schema\/person\/b55151d52296fcce64d1a72538a70b90\"},\"potentialAction\":[{\"@type\":\"SearchAction\",\"target\":{\"@type\":\"EntryPoint\",\"urlTemplate\":\"https:\/\/apuntesdesanluis.com\/?s={search_term_string}\"},\"query-input\":{\"@type\":\"PropertyValueSpecification\",\"valueRequired\":true,\"valueName\":\"search_term_string\"}}],\"inLanguage\":\"es-AR\"},{\"@type\":[\"Person\",\"Organization\"],\"@id\":\"https:\/\/apuntesdesanluis.com\/#\/schema\/person\/b55151d52296fcce64d1a72538a70b90\",\"name\":\"apuntesdesanluis.com\",\"image\":{\"@type\":\"ImageObject\",\"inLanguage\":\"es-AR\",\"@id\":\"https:\/\/apuntesdesanluis.com\/#\/schema\/person\/image\/\",\"url\":\"https:\/\/apuntesdesanluis.com\/wp-content\/uploads\/2023\/07\/cropped-apuntesdesanluis.png\",\"contentUrl\":\"https:\/\/apuntesdesanluis.com\/wp-content\/uploads\/2023\/07\/cropped-apuntesdesanluis.png\",\"width\":450,\"height\":112,\"caption\":\"apuntesdesanluis.com\"},\"logo\":{\"@id\":\"https:\/\/apuntesdesanluis.com\/#\/schema\/person\/image\/\"},\"sameAs\":[\"https:\/\/apuntesdesanluis.com\"],\"url\":\"https:\/\/apuntesdesanluis.com\/index.php\/author\/apuntesdesanluis-com\/\"}]}<\/script>\n<!-- \/ Yoast SEO plugin. -->","yoast_head_json":{"title":"EL PLAN ALIMENTARIO ESCOLAR SEGUIR\u00c1 DURANTE EL VERANO - Apuntes de San Luis","robots":{"index":"index","follow":"follow","max-snippet":"max-snippet:-1","max-image-preview":"max-image-preview:large","max-video-preview":"max-video-preview:-1"},"canonical":"https:\/\/apuntesdesanluis.com\/index.php\/2024\/12\/11\/el-plan-alimentario-escolar-seguira-durante-el-verano\/","og_locale":"es_ES","og_type":"article","og_title":"EL PLAN ALIMENTARIO ESCOLAR SEGUIR\u00c1 DURANTE EL VERANO - Apuntes de San Luis","og_description":"Lo confirm\u00f3 este mi\u00e9rcoles\u00a0Celeste Aparicio, directora de Comunidad Educativa del ministerio de Educaci\u00f3n. El Plan...","og_url":"https:\/\/apuntesdesanluis.com\/index.php\/2024\/12\/11\/el-plan-alimentario-escolar-seguira-durante-el-verano\/","og_site_name":"Apuntes de San Luis","article_published_time":"2024-12-11T21:12:18+00:00","article_modified_time":"2024-12-11T21:19:02+00:00","og_image":[{"width":651,"height":402,"url":"https:\/\/apuntesdesanluis.com\/wp-content\/uploads\/2024\/12\/aparicio.png","type":"image\/png"}],"author":"apuntesdesanluis.com","twitter_card":"summary_large_image","twitter_misc":{"Escrito por":"apuntesdesanluis.com","Tiempo de lectura":"2 minutos"},"schema":{"@context":"https:\/\/schema.org","@graph":[{"@type":"Article","@id":"https:\/\/apuntesdesanluis.com\/index.php\/2024\/12\/11\/el-plan-alimentario-escolar-seguira-durante-el-verano\/#article","isPartOf":{"@id":"https:\/\/apuntesdesanluis.com\/index.php\/2024\/12\/11\/el-plan-alimentario-escolar-seguira-durante-el-verano\/"},"author":{"name":"apuntesdesanluis.com","@id":"https:\/\/apuntesdesanluis.com\/#\/schema\/person\/b55151d52296fcce64d1a72538a70b90"},"headline":"EL PLAN ALIMENTARIO ESCOLAR SEGUIR\u00c1 DURANTE EL VERANO","datePublished":"2024-12-11T21:12:18+00:00","dateModified":"2024-12-11T21:19:02+00:00","mainEntityOfPage":{"@id":"https:\/\/apuntesdesanluis.com\/index.php\/2024\/12\/11\/el-plan-alimentario-escolar-seguira-durante-el-verano\/"},"wordCount":389,"publisher":{"@id":"https:\/\/apuntesdesanluis.com\/#\/schema\/person\/b55151d52296fcce64d1a72538a70b90"},"image":{"@id":"https:\/\/apuntesdesanluis.com\/index.php\/2024\/12\/11\/el-plan-alimentario-escolar-seguira-durante-el-verano\/#primaryimage"},"thumbnailUrl":"https:\/\/apuntesdesanluis.com\/wp-content\/uploads\/2024\/12\/aparicio.png","articleSection":["Ciudad\/Provincia"],"inLanguage":"es-AR"},{"@type":"WebPage","@id":"https:\/\/apuntesdesanluis.com\/index.php\/2024\/12\/11\/el-plan-alimentario-escolar-seguira-durante-el-verano\/","url":"https:\/\/apuntesdesanluis.com\/index.php\/2024\/12\/11\/el-plan-alimentario-escolar-seguira-durante-el-verano\/","name":"EL PLAN ALIMENTARIO ESCOLAR SEGUIR\u00c1 DURANTE EL VERANO - Apuntes de San Luis","isPartOf":{"@id":"https:\/\/apuntesdesanluis.com\/#website"},"primaryImageOfPage":{"@id":"https:\/\/apuntesdesanluis.com\/index.php\/2024\/12\/11\/el-plan-alimentario-escolar-seguira-durante-el-verano\/#primaryimage"},"image":{"@id":"https:\/\/apuntesdesanluis.com\/index.php\/2024\/12\/11\/el-plan-alimentario-escolar-seguira-durante-el-verano\/#primaryimage"},"thumbnailUrl":"https:\/\/apuntesdesanluis.com\/wp-content\/uploads\/2024\/12\/aparicio.png","datePublished":"2024-12-11T21:12:18+00:00","dateModified":"2024-12-11T21:19:02+00:00","breadcrumb":{"@id":"https:\/\/apuntesdesanluis.com\/index.php\/2024\/12\/11\/el-plan-alimentario-escolar-seguira-durante-el-verano\/#breadcrumb"},"inLanguage":"es-AR","potentialAction":[{"@type":"ReadAction","target":["https:\/\/apuntesdesanluis.com\/index.php\/2024\/12\/11\/el-plan-alimentario-escolar-seguira-durante-el-verano\/"]}]},{"@type":"ImageObject","inLanguage":"es-AR","@id":"https:\/\/apuntesdesanluis.com\/index.php\/2024\/12\/11\/el-plan-alimentario-escolar-seguira-durante-el-verano\/#primaryimage","url":"https:\/\/apuntesdesanluis.com\/wp-content\/uploads\/2024\/12\/aparicio.png","contentUrl":"https:\/\/apuntesdesanluis.com\/wp-content\/uploads\/2024\/12\/aparicio.png","width":651,"height":402},{"@type":"BreadcrumbList","@id":"https:\/\/apuntesdesanluis.com\/index.php\/2024\/12\/11\/el-plan-alimentario-escolar-seguira-durante-el-verano\/#breadcrumb","itemListElement":[{"@type":"ListItem","position":1,"name":"Inicio","item":"https:\/\/apuntesdesanluis.com\/"},{"@type":"ListItem","position":2,"name":"EL PLAN ALIMENTARIO ESCOLAR SEGUIR\u00c1 DURANTE EL VERANO"}]},{"@type":"WebSite","@id":"https:\/\/apuntesdesanluis.com\/#website","url":"https:\/\/apuntesdesanluis.com\/","name":"Apuntes de San Luis","description":"","publisher":{"@id":"https:\/\/apuntesdesanluis.com\/#\/schema\/person\/b55151d52296fcce64d1a72538a70b90"},"potentialAction":[{"@type":"SearchAction","target":{"@type":"EntryPoint","urlTemplate":"https:\/\/apuntesdesanluis.com\/?s={search_term_string}"},"query-input":{"@type":"PropertyValueSpecification","valueRequired":true,"valueName":"search_term_string"}}],"inLanguage":"es-AR"},{"@type":["Person","Organization"],"@id":"https:\/\/apuntesdesanluis.com\/#\/schema\/person\/b55151d52296fcce64d1a72538a70b90","name":"apuntesdesanluis.com","image":{"@type":"ImageObject","inLanguage":"es-AR","@id":"https:\/\/apuntesdesanluis.com\/#\/schema\/person\/image\/","url":"https:\/\/apuntesdesanluis.com\/wp-content\/uploads\/2023\/07\/cropped-apuntesdesanluis.png","contentUrl":"https:\/\/apuntesdesanluis.com\/wp-content\/uploads\/2023\/07\/cropped-apuntesdesanluis.png","width":450,"height":112,"caption":"apuntesdesanluis.com"},"logo":{"@id":"https:\/\/apuntesdesanluis.com\/#\/schema\/person\/image\/"},"sameAs":["https:\/\/apuntesdesanluis.com"],"url":"https:\/\/apuntesdesanluis.com\/index.php\/author\/apuntesdesanluis-com\/"}]}},"featured_image_urls":{"full":["https:\/\/apuntesdesanluis.com\/wp-content\/uploads\/2024\/12\/aparicio.png",651,402,false],"thumbnail":["https:\/\/apuntesdesanluis.com\/wp-content\/uploads\/2024\/12\/aparicio-150x150.png",150,150,true],"medium":["https:\/\/apuntesdesanluis.com\/wp-content\/uploads\/2024\/12\/aparicio-300x185.png",300,185,true],"medium_large":["https:\/\/apuntesdesanluis.com\/wp-content\/uploads\/2024\/12\/aparicio.png",640,395,false],"large":["https:\/\/apuntesdesanluis.com\/wp-content\/uploads\/2024\/12\/aparicio.png",640,395,false],"1536x1536":["https:\/\/apuntesdesanluis.com\/wp-content\/uploads\/2024\/12\/aparicio.png",651,402,false],"2048x2048":["https:\/\/apuntesdesanluis.com\/wp-content\/uploads\/2024\/12\/aparicio.png",651,402,false],"newsever-slider-full":["https:\/\/apuntesdesanluis.com\/wp-content\/uploads\/2024\/12\/aparicio.png",651,402,false],"newsever-featured":["https:\/\/apuntesdesanluis.com\/wp-content\/uploads\/2024\/12\/aparicio.png",651,402,false],"newsever-medium":["https:\/\/apuntesdesanluis.com\/wp-content\/uploads\/2024\/12\/aparicio.png",651,402,false]},"author_info":{"display_name":"apuntesdesanluis.com","author_link":"https:\/\/apuntesdesanluis.com\/index.php\/author\/apuntesdesanluis-com\/"},"category_info":"<a href=\"https:\/\/apuntesdesanluis.com\/index.php\/category\/ciudad-provincia\/\" rel=\"category tag\">Ciudad\/Provincia<\/a>","tag_info":"Ciudad\/Provincia","comment_count":"0","_links":{"self":[{"href":"https:\/\/apuntesdesanluis.com\/index.php\/wp-json\/wp\/v2\/posts\/26577","targetHints":{"allow":["GET"]}}],"collection":[{"href":"https:\/\/apuntesdesanluis.com\/index.php\/wp-json\/wp\/v2\/posts"}],"about":[{"href":"https:\/\/apuntesdesanluis.com\/index.php\/wp-json\/wp\/v2\/types\/post"}],"author":[{"embeddable":true,"href":"https:\/\/apuntesdesanluis.com\/index.php\/wp-json\/wp\/v2\/users\/1"}],"replies":[{"embeddable":true,"href":"https:\/\/apuntesdesanluis.com\/index.php\/wp-json\/wp\/v2\/comments?post=26577"}],"version-history":[{"count":2,"href":"https:\/\/apuntesdesanluis.com\/index.php\/wp-json\/wp\/v2\/posts\/26577\/revisions"}],"predecessor-version":[{"id":26580,"href":"https:\/\/apuntesdesanluis.com\/index.php\/wp-json\/wp\/v2\/posts\/26577\/revisions\/26580"}],"wp:featuredmedia":[{"embeddable":true,"href":"https:\/\/apuntesdesanluis.com\/index.php\/wp-json\/wp\/v2\/media\/26578"}],"wp:attachment":[{"href":"https:\/\/apuntesdesanluis.com\/index.php\/wp-json\/wp\/v2\/media?parent=26577"}],"wp:term":[{"taxonomy":"category","embeddable":true,"href":"https:\/\/apuntesdesanluis.com\/index.php\/wp-json\/wp\/v2\/categories?post=26577"},{"taxonomy":"post_tag","embeddable":true,"href":"https:\/\/apuntesdesanluis.com\/index.php\/wp-json\/wp\/v2\/tags?post=26577"}],"curies":[{"name":"wp","href":"https:\/\/api.w.org\/{rel}","templated":true}]}}