{"id":26581,"date":"2024-12-11T18:21:38","date_gmt":"2024-12-11T21:21:38","guid":{"rendered":"https:\/\/apuntesdesanluis.com\/?p=26581"},"modified":"2024-12-11T18:21:38","modified_gmt":"2024-12-11T21:21:38","slug":"prision-perpetua-para-los-3-acusados-de-matar-a-jesus-munoz","status":"publish","type":"post","link":"https:\/\/apuntesdesanluis.com\/index.php\/2024\/12\/11\/prision-perpetua-para-los-3-acusados-de-matar-a-jesus-munoz\/","title":{"rendered":"PRISI\u00d3N PERPETUA PARA LOS 3 ACUSADOS DE MATAR A JES\u00daS MU\u00d1OZ"},"content":{"rendered":"<h3><strong>Alejandro Jonathan Moreno, Isa\u00edas Sebasti\u00e1n Suarez<\/strong> y <strong>Rodrigo Ezequiel Chillote<\/strong> deber\u00e1n cumplir la pena en el Servicio Penitenciario Provincial.<\/h3>\n<h3>Este mi\u00e9rcoles, se desarroll\u00f3 la etapa final (alegatos de cierre y veredicto) en el debate oral donde tres personas fueron juzgadas por el homicidio de Jes\u00fas Mu\u00f1oz, ocurrido el pasado 25 de febrero en una plaza del barrio 1000 Viviendas, de Villa Mercedes.<\/h3>\n<h3>Luego de recepcionar los alegatos de cierre y de un cuarto intermedio, los jueces emitieron su veredicto.<\/h3>\n<p><img fetchpriority=\"high\" decoding=\"async\" class=\"wp-image-26583 aligncenter\" src=\"https:\/\/apuntesdesanluis.com\/wp-content\/uploads\/2024\/12\/VIRNA-EGUINOA-CAMARA-PENAL-300x169.png\" alt=\"\" width=\"609\" height=\"343\" srcset=\"https:\/\/apuntesdesanluis.com\/wp-content\/uploads\/2024\/12\/VIRNA-EGUINOA-CAMARA-PENAL-300x169.png 300w, https:\/\/apuntesdesanluis.com\/wp-content\/uploads\/2024\/12\/VIRNA-EGUINOA-CAMARA-PENAL.png 765w\" sizes=\"(max-width: 609px) 100vw, 609px\" \/><\/p>\n<h3>El tribunal conformado por la Dra. Virna Eguinoa \u2013Presidente-, el Dr. Sebasti\u00e1n Cadelago Filippi y la Dra. Daniela Estrada \u2013Vocales- resolvi\u00f3 condenar a la pena de prisi\u00f3n perpetua a Alejandro Jonathan Moreno, Isa\u00edas Sebasti\u00e1n Suarez y\u00a0 Rodrigo Ezequiel Chillote por ser coautores penalmente responsables del delito de homicidio criminis causa (Art. 80 inc 7 y 45 del C\u00f3digo Penal de la Naci\u00f3n) en perjuicio de Walter Jes\u00fas Mu\u00f1oz.<\/h3>\n<h3>Cabe mencionar que esta etapa final \u2013alegatos de cierre y veredicto- fue transmitida en vivo por el canal de YouTube del Poder Judicial. El objeto de incorporar esta herramienta\/canal es cumplir con el acceso a justicia para la sociedad, adem\u00e1s de dar cumplimiento con la publicidad de los actos de gobierno establecida en la Constituci\u00f3n Nacional.<\/h3>\n<h3><strong>\u00a0ALEGATOS DE CIERRE<\/strong><\/h3>\n<h3>En primer lugar, el Fiscal de Juicio Dr. Ernesto Lutens realiz\u00f3 un breve relato de los hechos que fueron investigados,\u00a0 expres\u00f3 que no hay discusi\u00f3n de la existencia del delito, de las heridas de arma blanca y del desenlace, mencion\u00f3 la causa de muerte.<\/h3>\n<p><img decoding=\"async\" class=\"wp-image-12324 aligncenter\" src=\"https:\/\/apuntesdesanluis.com\/wp-content\/uploads\/2024\/02\/Jesus-Munoz-300x160.png\" alt=\"\" width=\"609\" height=\"325\" srcset=\"https:\/\/apuntesdesanluis.com\/wp-content\/uploads\/2024\/02\/Jesus-Munoz-300x160.png 300w, https:\/\/apuntesdesanluis.com\/wp-content\/uploads\/2024\/02\/Jesus-Munoz.png 592w\" sizes=\"(max-width: 609px) 100vw, 609px\" \/><\/p>\n<h4 style=\"text-align: center;\"><em>Jes\u00fas Mu\u00f1oz, el docente del IFDC cruelmente asesinado.<\/em><\/h4>\n<h3>Con respecto a la autor\u00eda, dijo que no se cuestion\u00f3 ni en la investigaci\u00f3n ni en el juicio. Hizo referencia al trabajo de investigaci\u00f3n realizado en la instrucci\u00f3n y a todos los elementos que vincularon a los imputados con el hecho. Dijo que no hay constancias de los cuestionamientos planteados por la Defensa en relaci\u00f3n a la violaci\u00f3n de garant\u00edas constitucionales y que el procedimiento se encuentra convalidado y el accionar del personal adecuado y correcto.<\/h3>\n<h3>El representante del Ministerio P\u00fablico Fiscal dijo que una manifestaci\u00f3n espont\u00e1nea de uno de los imputados\u00a0 permiti\u00f3 la recuperaci\u00f3n de elementos y surgi\u00f3 la participaci\u00f3n de las otras personas. Afirm\u00f3 que la autor\u00eda no resiste an\u00e1lisis.<\/h3>\n<h3>Hizo referencia al testimonio del profesional m\u00e9dico que atendi\u00f3 a la v\u00edctima que dio cuenta de las heridas, del estado del paciente y de la causa de muerte y que no hubo una interrupci\u00f3n del nexo causal como lo sostiene la Defensa.<\/h3>\n<h3>El Fiscal de Juicio manifest\u00f3 que los tres imputados salieron con fines de robo, ejercieron violencia f\u00edsica ocasion\u00e1ndole heridas de arma blanca cuando la v\u00edctima se encontraba en estado de vulnerabilidad \u201cse aprovecharon para asegurar el resultado y lograr impunidad\u201d.<\/h3>\n<h3>Agreg\u00f3 que no fue un accidente y que fue previsible, que hubo un reparto de tareas para llegar, reducir, atacar y huir.<\/h3>\n<h3>El Dr. Lutens solicit\u00f3 que los tres j\u00f3venes sean condenados a prisi\u00f3n perpetua por el delito de homicidio agravado criminis causa (un hecho), como atenuantes mencion\u00f3 la falta de antecedentes y como agravantes, el n\u00famero de atacantes y la nocturnidad que agrav\u00f3 la defensi\u00f3n de la v\u00edctima.<\/h3>\n<h3>Luego la Defensa de uno de los acusados, Dr. Javier Quiroga, dijo que su defendido en ning\u00fan momento tom\u00f3 elementos sustra\u00eddos, que no particip\u00f3 del ataque, que fue ejecutado por los otros dos imputados.<\/h3>\n<h3>Agreg\u00f3 que no existi\u00f3 un grado de intencionalidad y que no se dan los requisitos t\u00e9cnicos y jur\u00eddicos para hablar de un criminis causa. Por otro lado, asever\u00f3 que el Fiscal no precis\u00f3 el rol espec\u00edfico de cada uno de ellos y resalt\u00f3 las manifestaciones de uno de los imputados en el allanamiento.<\/h3>\n<h3>Solicit\u00f3 que en caso de condena, se aplique lo estipulado en el Art. 165 del C\u00f3digo Penal, es decir, homicidio en ocasi\u00f3n de robo. Por otra parte hizo reserva de presentar un recurso de casaci\u00f3n.<\/h3>\n<h3>Por \u00faltimo, la Defensora de Juicio, Dra. Roc\u00edo Mediavilla quien representa a dos acusados, sostuvo todo lo manifestado en los alegatos de apertura. Dijo que no se ha podido acreditar con el grado de certeza que se requiere en esta instancia lo solicitado por Fiscal\u00eda, no hubo dolo agreg\u00f3.<\/h3>\n<h3>Adem\u00e1s, en su exposici\u00f3n cuestion\u00f3 la investigaci\u00f3n llevada a cabo por la Fiscal\u00eda de Instrucci\u00f3n que actu\u00f3 en ese momento, y dijo que los procedimientos son nulos y que\u00a0 afectaron principios constitucionales, de legalidad, garant\u00edas, defensa en juicio, etc.<\/h3>\n<h3>Por otra parte, hizo referencia a la cantidad de horas desde que la v\u00edctima ingres\u00f3 al hospital hasta que fue intervenida, y dijo que si hubiera sido intervenido a tiempo, el resultado ser\u00eda otro.<\/h3>\n<h3>La Defensora manifest\u00f3 que este es un caso de homicidio en ocasi\u00f3n de robo, que no hubo intenci\u00f3n de matarlo sino de apoderarse de bienes, que por la resistencia y la lucha la consecuencia fue la muerte.\u00a0 \u201cEl fin fue el robo, no la muerte\u201d.<\/h3>\n<h3>Agreg\u00f3 que no est\u00e1 acreditado qu\u00e9 rol cumpli\u00f3 cada uno. Solicit\u00f3 que la calificaci\u00f3n legal mute a homicidio en ocasi\u00f3n de robo y como atenuantes, mencion\u00f3 la falta de antecedentes, la extrema vulnerabilidad de sus asistidos por una vida atravesada por la violencia, abusos, drogas y abandonos.<\/h3>\n<h3>El hecho, ocurri\u00f3 el pasado 25 de febrero de 2024, en una plaza ubicada en el barrio 1000 Viviendas de Villa Mercedes. All\u00ed, Mu\u00f1oz se encontraba con su novia cuando fueron abordados por\u00a0 tres personas, quienes se conduc\u00edan en motocicleta. Desciende e increpan a la v\u00edctima solicit\u00e1ndole el celular y la moto, la v\u00edctima intent\u00f3 defenderse y proteger a su novia, pero los imputados lo atacaron a golpes y le asestaron pu\u00f1aladas lo que le produjo da\u00f1os severos y como consecuencia el fallecimiento horas despu\u00e9s del ataque.<\/h3>\n<p>&nbsp;<\/p>\n<p>&nbsp;<\/p>\n<p>&nbsp;<\/p>\n<p>&nbsp;<\/p>\n<p>&nbsp;<\/p>\n","protected":false},"excerpt":{"rendered":"<p>Alejandro Jonathan Moreno, Isa\u00edas Sebasti\u00e1n Suarez y Rodrigo Ezequiel Chillote deber\u00e1n cumplir la pena en&#8230;<\/p>\n","protected":false},"author":1,"featured_media":26582,"comment_status":"closed","ping_status":"closed","sticky":false,"template":"","format":"standard","meta":{"footnotes":""},"categories":[6],"tags":[],"class_list":["post-26581","post","type-post","status-publish","format-standard","has-post-thumbnail","hentry","category-ciudad-provincia"],"yoast_head":"<!-- This site is optimized with the Yoast SEO plugin v26.1.1 - https:\/\/yoast.com\/wordpress\/plugins\/seo\/ -->\n<title>PRISI\u00d3N PERPETUA PARA LOS 3 ACUSADOS DE MATAR A JES\u00daS MU\u00d1OZ - Apuntes de San Luis<\/title>\n<meta name=\"robots\" content=\"index, follow, max-snippet:-1, max-image-preview:large, max-video-preview:-1\" \/>\n<link rel=\"canonical\" href=\"https:\/\/apuntesdesanluis.com\/index.php\/2024\/12\/11\/prision-perpetua-para-los-3-acusados-de-matar-a-jesus-munoz\/\" \/>\n<meta property=\"og:locale\" content=\"es_ES\" \/>\n<meta property=\"og:type\" content=\"article\" \/>\n<meta property=\"og:title\" content=\"PRISI\u00d3N PERPETUA PARA LOS 3 ACUSADOS DE MATAR A JES\u00daS MU\u00d1OZ - Apuntes de San Luis\" \/>\n<meta property=\"og:description\" content=\"Alejandro Jonathan Moreno, Isa\u00edas Sebasti\u00e1n Suarez y Rodrigo Ezequiel Chillote deber\u00e1n cumplir la pena en...\" \/>\n<meta property=\"og:url\" content=\"https:\/\/apuntesdesanluis.com\/index.php\/2024\/12\/11\/prision-perpetua-para-los-3-acusados-de-matar-a-jesus-munoz\/\" \/>\n<meta property=\"og:site_name\" content=\"Apuntes de San Luis\" \/>\n<meta property=\"article:published_time\" content=\"2024-12-11T21:21:38+00:00\" \/>\n<meta property=\"og:image\" content=\"https:\/\/apuntesdesanluis.com\/wp-content\/uploads\/2024\/12\/presos-por-jesus-munoz.png\" \/>\n\t<meta property=\"og:image:width\" content=\"797\" \/>\n\t<meta property=\"og:image:height\" content=\"426\" \/>\n\t<meta property=\"og:image:type\" content=\"image\/png\" \/>\n<meta name=\"author\" content=\"apuntesdesanluis.com\" \/>\n<meta name=\"twitter:card\" content=\"summary_large_image\" \/>\n<meta name=\"twitter:label1\" content=\"Escrito por\" \/>\n\t<meta name=\"twitter:data1\" content=\"apuntesdesanluis.com\" \/>\n\t<meta name=\"twitter:label2\" content=\"Tiempo de lectura\" \/>\n\t<meta name=\"twitter:data2\" content=\"5 minutos\" \/>\n<script type=\"application\/ld+json\" class=\"yoast-schema-graph\">{\"@context\":\"https:\/\/schema.org\",\"@graph\":[{\"@type\":\"Article\",\"@id\":\"https:\/\/apuntesdesanluis.com\/index.php\/2024\/12\/11\/prision-perpetua-para-los-3-acusados-de-matar-a-jesus-munoz\/#article\",\"isPartOf\":{\"@id\":\"https:\/\/apuntesdesanluis.com\/index.php\/2024\/12\/11\/prision-perpetua-para-los-3-acusados-de-matar-a-jesus-munoz\/\"},\"author\":{\"name\":\"apuntesdesanluis.com\",\"@id\":\"https:\/\/apuntesdesanluis.com\/#\/schema\/person\/b55151d52296fcce64d1a72538a70b90\"},\"headline\":\"PRISI\u00d3N PERPETUA PARA LOS 3 ACUSADOS DE MATAR A JES\u00daS MU\u00d1OZ\",\"datePublished\":\"2024-12-11T21:21:38+00:00\",\"mainEntityOfPage\":{\"@id\":\"https:\/\/apuntesdesanluis.com\/index.php\/2024\/12\/11\/prision-perpetua-para-los-3-acusados-de-matar-a-jesus-munoz\/\"},\"wordCount\":1028,\"publisher\":{\"@id\":\"https:\/\/apuntesdesanluis.com\/#\/schema\/person\/b55151d52296fcce64d1a72538a70b90\"},\"image\":{\"@id\":\"https:\/\/apuntesdesanluis.com\/index.php\/2024\/12\/11\/prision-perpetua-para-los-3-acusados-de-matar-a-jesus-munoz\/#primaryimage\"},\"thumbnailUrl\":\"https:\/\/apuntesdesanluis.com\/wp-content\/uploads\/2024\/12\/presos-por-jesus-munoz.png\",\"articleSection\":[\"Ciudad\/Provincia\"],\"inLanguage\":\"es-AR\"},{\"@type\":\"WebPage\",\"@id\":\"https:\/\/apuntesdesanluis.com\/index.php\/2024\/12\/11\/prision-perpetua-para-los-3-acusados-de-matar-a-jesus-munoz\/\",\"url\":\"https:\/\/apuntesdesanluis.com\/index.php\/2024\/12\/11\/prision-perpetua-para-los-3-acusados-de-matar-a-jesus-munoz\/\",\"name\":\"PRISI\u00d3N PERPETUA PARA LOS 3 ACUSADOS DE MATAR A JES\u00daS MU\u00d1OZ - Apuntes de San Luis\",\"isPartOf\":{\"@id\":\"https:\/\/apuntesdesanluis.com\/#website\"},\"primaryImageOfPage\":{\"@id\":\"https:\/\/apuntesdesanluis.com\/index.php\/2024\/12\/11\/prision-perpetua-para-los-3-acusados-de-matar-a-jesus-munoz\/#primaryimage\"},\"image\":{\"@id\":\"https:\/\/apuntesdesanluis.com\/index.php\/2024\/12\/11\/prision-perpetua-para-los-3-acusados-de-matar-a-jesus-munoz\/#primaryimage\"},\"thumbnailUrl\":\"https:\/\/apuntesdesanluis.com\/wp-content\/uploads\/2024\/12\/presos-por-jesus-munoz.png\",\"datePublished\":\"2024-12-11T21:21:38+00:00\",\"breadcrumb\":{\"@id\":\"https:\/\/apuntesdesanluis.com\/index.php\/2024\/12\/11\/prision-perpetua-para-los-3-acusados-de-matar-a-jesus-munoz\/#breadcrumb\"},\"inLanguage\":\"es-AR\",\"potentialAction\":[{\"@type\":\"ReadAction\",\"target\":[\"https:\/\/apuntesdesanluis.com\/index.php\/2024\/12\/11\/prision-perpetua-para-los-3-acusados-de-matar-a-jesus-munoz\/\"]}]},{\"@type\":\"ImageObject\",\"inLanguage\":\"es-AR\",\"@id\":\"https:\/\/apuntesdesanluis.com\/index.php\/2024\/12\/11\/prision-perpetua-para-los-3-acusados-de-matar-a-jesus-munoz\/#primaryimage\",\"url\":\"https:\/\/apuntesdesanluis.com\/wp-content\/uploads\/2024\/12\/presos-por-jesus-munoz.png\",\"contentUrl\":\"https:\/\/apuntesdesanluis.com\/wp-content\/uploads\/2024\/12\/presos-por-jesus-munoz.png\",\"width\":797,\"height\":426},{\"@type\":\"BreadcrumbList\",\"@id\":\"https:\/\/apuntesdesanluis.com\/index.php\/2024\/12\/11\/prision-perpetua-para-los-3-acusados-de-matar-a-jesus-munoz\/#breadcrumb\",\"itemListElement\":[{\"@type\":\"ListItem\",\"position\":1,\"name\":\"Inicio\",\"item\":\"https:\/\/apuntesdesanluis.com\/\"},{\"@type\":\"ListItem\",\"position\":2,\"name\":\"PRISI\u00d3N PERPETUA PARA LOS 3 ACUSADOS DE MATAR A JES\u00daS MU\u00d1OZ\"}]},{\"@type\":\"WebSite\",\"@id\":\"https:\/\/apuntesdesanluis.com\/#website\",\"url\":\"https:\/\/apuntesdesanluis.com\/\",\"name\":\"Apuntes de San Luis\",\"description\":\"\",\"publisher\":{\"@id\":\"https:\/\/apuntesdesanluis.com\/#\/schema\/person\/b55151d52296fcce64d1a72538a70b90\"},\"potentialAction\":[{\"@type\":\"SearchAction\",\"target\":{\"@type\":\"EntryPoint\",\"urlTemplate\":\"https:\/\/apuntesdesanluis.com\/?s={search_term_string}\"},\"query-input\":{\"@type\":\"PropertyValueSpecification\",\"valueRequired\":true,\"valueName\":\"search_term_string\"}}],\"inLanguage\":\"es-AR\"},{\"@type\":[\"Person\",\"Organization\"],\"@id\":\"https:\/\/apuntesdesanluis.com\/#\/schema\/person\/b55151d52296fcce64d1a72538a70b90\",\"name\":\"apuntesdesanluis.com\",\"image\":{\"@type\":\"ImageObject\",\"inLanguage\":\"es-AR\",\"@id\":\"https:\/\/apuntesdesanluis.com\/#\/schema\/person\/image\/\",\"url\":\"https:\/\/apuntesdesanluis.com\/wp-content\/uploads\/2023\/07\/cropped-apuntesdesanluis.png\",\"contentUrl\":\"https:\/\/apuntesdesanluis.com\/wp-content\/uploads\/2023\/07\/cropped-apuntesdesanluis.png\",\"width\":450,\"height\":112,\"caption\":\"apuntesdesanluis.com\"},\"logo\":{\"@id\":\"https:\/\/apuntesdesanluis.com\/#\/schema\/person\/image\/\"},\"sameAs\":[\"https:\/\/apuntesdesanluis.com\"],\"url\":\"https:\/\/apuntesdesanluis.com\/index.php\/author\/apuntesdesanluis-com\/\"}]}<\/script>\n<!-- \/ Yoast SEO plugin. -->","yoast_head_json":{"title":"PRISI\u00d3N PERPETUA PARA LOS 3 ACUSADOS DE MATAR A JES\u00daS MU\u00d1OZ - Apuntes de San Luis","robots":{"index":"index","follow":"follow","max-snippet":"max-snippet:-1","max-image-preview":"max-image-preview:large","max-video-preview":"max-video-preview:-1"},"canonical":"https:\/\/apuntesdesanluis.com\/index.php\/2024\/12\/11\/prision-perpetua-para-los-3-acusados-de-matar-a-jesus-munoz\/","og_locale":"es_ES","og_type":"article","og_title":"PRISI\u00d3N PERPETUA PARA LOS 3 ACUSADOS DE MATAR A JES\u00daS MU\u00d1OZ - Apuntes de San Luis","og_description":"Alejandro Jonathan Moreno, Isa\u00edas Sebasti\u00e1n Suarez y Rodrigo Ezequiel Chillote deber\u00e1n cumplir la pena en...","og_url":"https:\/\/apuntesdesanluis.com\/index.php\/2024\/12\/11\/prision-perpetua-para-los-3-acusados-de-matar-a-jesus-munoz\/","og_site_name":"Apuntes de San Luis","article_published_time":"2024-12-11T21:21:38+00:00","og_image":[{"width":797,"height":426,"url":"https:\/\/apuntesdesanluis.com\/wp-content\/uploads\/2024\/12\/presos-por-jesus-munoz.png","type":"image\/png"}],"author":"apuntesdesanluis.com","twitter_card":"summary_large_image","twitter_misc":{"Escrito por":"apuntesdesanluis.com","Tiempo de lectura":"5 minutos"},"schema":{"@context":"https:\/\/schema.org","@graph":[{"@type":"Article","@id":"https:\/\/apuntesdesanluis.com\/index.php\/2024\/12\/11\/prision-perpetua-para-los-3-acusados-de-matar-a-jesus-munoz\/#article","isPartOf":{"@id":"https:\/\/apuntesdesanluis.com\/index.php\/2024\/12\/11\/prision-perpetua-para-los-3-acusados-de-matar-a-jesus-munoz\/"},"author":{"name":"apuntesdesanluis.com","@id":"https:\/\/apuntesdesanluis.com\/#\/schema\/person\/b55151d52296fcce64d1a72538a70b90"},"headline":"PRISI\u00d3N PERPETUA PARA LOS 3 ACUSADOS DE MATAR A JES\u00daS MU\u00d1OZ","datePublished":"2024-12-11T21:21:38+00:00","mainEntityOfPage":{"@id":"https:\/\/apuntesdesanluis.com\/index.php\/2024\/12\/11\/prision-perpetua-para-los-3-acusados-de-matar-a-jesus-munoz\/"},"wordCount":1028,"publisher":{"@id":"https:\/\/apuntesdesanluis.com\/#\/schema\/person\/b55151d52296fcce64d1a72538a70b90"},"image":{"@id":"https:\/\/apuntesdesanluis.com\/index.php\/2024\/12\/11\/prision-perpetua-para-los-3-acusados-de-matar-a-jesus-munoz\/#primaryimage"},"thumbnailUrl":"https:\/\/apuntesdesanluis.com\/wp-content\/uploads\/2024\/12\/presos-por-jesus-munoz.png","articleSection":["Ciudad\/Provincia"],"inLanguage":"es-AR"},{"@type":"WebPage","@id":"https:\/\/apuntesdesanluis.com\/index.php\/2024\/12\/11\/prision-perpetua-para-los-3-acusados-de-matar-a-jesus-munoz\/","url":"https:\/\/apuntesdesanluis.com\/index.php\/2024\/12\/11\/prision-perpetua-para-los-3-acusados-de-matar-a-jesus-munoz\/","name":"PRISI\u00d3N PERPETUA PARA LOS 3 ACUSADOS DE MATAR A JES\u00daS MU\u00d1OZ - Apuntes de San Luis","isPartOf":{"@id":"https:\/\/apuntesdesanluis.com\/#website"},"primaryImageOfPage":{"@id":"https:\/\/apuntesdesanluis.com\/index.php\/2024\/12\/11\/prision-perpetua-para-los-3-acusados-de-matar-a-jesus-munoz\/#primaryimage"},"image":{"@id":"https:\/\/apuntesdesanluis.com\/index.php\/2024\/12\/11\/prision-perpetua-para-los-3-acusados-de-matar-a-jesus-munoz\/#primaryimage"},"thumbnailUrl":"https:\/\/apuntesdesanluis.com\/wp-content\/uploads\/2024\/12\/presos-por-jesus-munoz.png","datePublished":"2024-12-11T21:21:38+00:00","breadcrumb":{"@id":"https:\/\/apuntesdesanluis.com\/index.php\/2024\/12\/11\/prision-perpetua-para-los-3-acusados-de-matar-a-jesus-munoz\/#breadcrumb"},"inLanguage":"es-AR","potentialAction":[{"@type":"ReadAction","target":["https:\/\/apuntesdesanluis.com\/index.php\/2024\/12\/11\/prision-perpetua-para-los-3-acusados-de-matar-a-jesus-munoz\/"]}]},{"@type":"ImageObject","inLanguage":"es-AR","@id":"https:\/\/apuntesdesanluis.com\/index.php\/2024\/12\/11\/prision-perpetua-para-los-3-acusados-de-matar-a-jesus-munoz\/#primaryimage","url":"https:\/\/apuntesdesanluis.com\/wp-content\/uploads\/2024\/12\/presos-por-jesus-munoz.png","contentUrl":"https:\/\/apuntesdesanluis.com\/wp-content\/uploads\/2024\/12\/presos-por-jesus-munoz.png","width":797,"height":426},{"@type":"BreadcrumbList","@id":"https:\/\/apuntesdesanluis.com\/index.php\/2024\/12\/11\/prision-perpetua-para-los-3-acusados-de-matar-a-jesus-munoz\/#breadcrumb","itemListElement":[{"@type":"ListItem","position":1,"name":"Inicio","item":"https:\/\/apuntesdesanluis.com\/"},{"@type":"ListItem","position":2,"name":"PRISI\u00d3N PERPETUA PARA LOS 3 ACUSADOS DE MATAR A JES\u00daS MU\u00d1OZ"}]},{"@type":"WebSite","@id":"https:\/\/apuntesdesanluis.com\/#website","url":"https:\/\/apuntesdesanluis.com\/","name":"Apuntes de San Luis","description":"","publisher":{"@id":"https:\/\/apuntesdesanluis.com\/#\/schema\/person\/b55151d52296fcce64d1a72538a70b90"},"potentialAction":[{"@type":"SearchAction","target":{"@type":"EntryPoint","urlTemplate":"https:\/\/apuntesdesanluis.com\/?s={search_term_string}"},"query-input":{"@type":"PropertyValueSpecification","valueRequired":true,"valueName":"search_term_string"}}],"inLanguage":"es-AR"},{"@type":["Person","Organization"],"@id":"https:\/\/apuntesdesanluis.com\/#\/schema\/person\/b55151d52296fcce64d1a72538a70b90","name":"apuntesdesanluis.com","image":{"@type":"ImageObject","inLanguage":"es-AR","@id":"https:\/\/apuntesdesanluis.com\/#\/schema\/person\/image\/","url":"https:\/\/apuntesdesanluis.com\/wp-content\/uploads\/2023\/07\/cropped-apuntesdesanluis.png","contentUrl":"https:\/\/apuntesdesanluis.com\/wp-content\/uploads\/2023\/07\/cropped-apuntesdesanluis.png","width":450,"height":112,"caption":"apuntesdesanluis.com"},"logo":{"@id":"https:\/\/apuntesdesanluis.com\/#\/schema\/person\/image\/"},"sameAs":["https:\/\/apuntesdesanluis.com"],"url":"https:\/\/apuntesdesanluis.com\/index.php\/author\/apuntesdesanluis-com\/"}]}},"featured_image_urls":{"full":["https:\/\/apuntesdesanluis.com\/wp-content\/uploads\/2024\/12\/presos-por-jesus-munoz.png",797,426,false],"thumbnail":["https:\/\/apuntesdesanluis.com\/wp-content\/uploads\/2024\/12\/presos-por-jesus-munoz-150x150.png",150,150,true],"medium":["https:\/\/apuntesdesanluis.com\/wp-content\/uploads\/2024\/12\/presos-por-jesus-munoz-300x160.png",300,160,true],"medium_large":["https:\/\/apuntesdesanluis.com\/wp-content\/uploads\/2024\/12\/presos-por-jesus-munoz-768x410.png",640,342,true],"large":["https:\/\/apuntesdesanluis.com\/wp-content\/uploads\/2024\/12\/presos-por-jesus-munoz.png",640,342,false],"1536x1536":["https:\/\/apuntesdesanluis.com\/wp-content\/uploads\/2024\/12\/presos-por-jesus-munoz.png",797,426,false],"2048x2048":["https:\/\/apuntesdesanluis.com\/wp-content\/uploads\/2024\/12\/presos-por-jesus-munoz.png",797,426,false],"newsever-slider-full":["https:\/\/apuntesdesanluis.com\/wp-content\/uploads\/2024\/12\/presos-por-jesus-munoz.png",797,426,false],"newsever-featured":["https:\/\/apuntesdesanluis.com\/wp-content\/uploads\/2024\/12\/presos-por-jesus-munoz.png",797,426,false],"newsever-medium":["https:\/\/apuntesdesanluis.com\/wp-content\/uploads\/2024\/12\/presos-por-jesus-munoz-720x426.png",720,426,true]},"author_info":{"display_name":"apuntesdesanluis.com","author_link":"https:\/\/apuntesdesanluis.com\/index.php\/author\/apuntesdesanluis-com\/"},"category_info":"<a href=\"https:\/\/apuntesdesanluis.com\/index.php\/category\/ciudad-provincia\/\" rel=\"category tag\">Ciudad\/Provincia<\/a>","tag_info":"Ciudad\/Provincia","comment_count":"0","_links":{"self":[{"href":"https:\/\/apuntesdesanluis.com\/index.php\/wp-json\/wp\/v2\/posts\/26581","targetHints":{"allow":["GET"]}}],"collection":[{"href":"https:\/\/apuntesdesanluis.com\/index.php\/wp-json\/wp\/v2\/posts"}],"about":[{"href":"https:\/\/apuntesdesanluis.com\/index.php\/wp-json\/wp\/v2\/types\/post"}],"author":[{"embeddable":true,"href":"https:\/\/apuntesdesanluis.com\/index.php\/wp-json\/wp\/v2\/users\/1"}],"replies":[{"embeddable":true,"href":"https:\/\/apuntesdesanluis.com\/index.php\/wp-json\/wp\/v2\/comments?post=26581"}],"version-history":[{"count":1,"href":"https:\/\/apuntesdesanluis.com\/index.php\/wp-json\/wp\/v2\/posts\/26581\/revisions"}],"predecessor-version":[{"id":26584,"href":"https:\/\/apuntesdesanluis.com\/index.php\/wp-json\/wp\/v2\/posts\/26581\/revisions\/26584"}],"wp:featuredmedia":[{"embeddable":true,"href":"https:\/\/apuntesdesanluis.com\/index.php\/wp-json\/wp\/v2\/media\/26582"}],"wp:attachment":[{"href":"https:\/\/apuntesdesanluis.com\/index.php\/wp-json\/wp\/v2\/media?parent=26581"}],"wp:term":[{"taxonomy":"category","embeddable":true,"href":"https:\/\/apuntesdesanluis.com\/index.php\/wp-json\/wp\/v2\/categories?post=26581"},{"taxonomy":"post_tag","embeddable":true,"href":"https:\/\/apuntesdesanluis.com\/index.php\/wp-json\/wp\/v2\/tags?post=26581"}],"curies":[{"name":"wp","href":"https:\/\/api.w.org\/{rel}","templated":true}]}}