{"id":26590,"date":"2024-12-11T18:48:16","date_gmt":"2024-12-11T21:48:16","guid":{"rendered":"https:\/\/apuntesdesanluis.com\/?p=26590"},"modified":"2024-12-11T18:49:25","modified_gmt":"2024-12-11T21:49:25","slug":"efectivo-policial-lesionada-y-dos-equinos-de-la-policia-heridos-tras-un-ataque-de-un-pitbull","status":"publish","type":"post","link":"https:\/\/apuntesdesanluis.com\/index.php\/2024\/12\/11\/efectivo-policial-lesionada-y-dos-equinos-de-la-policia-heridos-tras-un-ataque-de-un-pitbull\/","title":{"rendered":"EFECTIVO POLICIAL LESIONADA Y DOS EQUINOS DE LA POLIC\u00cdA HERIDOS TRAS UN ATAQUE DE UN PITBULL"},"content":{"rendered":"<h3>Este martes por la tarde, dos efectivos policiales de la Divisi\u00f3n Caballer\u00eda Montada llevaban a cabo un recorrido de prevenci\u00f3n por inmediaciones del <strong>barrio Las Vegas, en Juana Koslay<\/strong>, cabalgando en los equinos \u201cBencho\u201d y \u201cPalomo\u201d, y en calle Pedro Velasco -cerca de la costa del r\u00edo- un perro de raza pitbull (cuyo due\u00f1o es un hombre de apellido Rodr\u00edguez) atac\u00f3 a los equinos, provoc\u00e1ndoles distintas heridas.<\/h3>\n<h3>Producto del ataque, una efectivo policial cay\u00f3 del caballo, sufriendo distintos golpes. Adem\u00e1s, uno de los equinos (debido al susto provocado por el ataque del perro) le pis\u00f3 una mano con una de sus patas a la efectivo policial mientras estaba en el suelo.<\/h3>\n<h3>La mujer polic\u00eda fue trasladada al Hospital Central \u201cDr. Ram\u00f3n Carrillo\u201d, donde se constat\u00f3 que presentaba fractura de coxis e inflamaci\u00f3n en la mano.<\/h3>\n<p><img fetchpriority=\"high\" decoding=\"async\" class=\"wp-image-26592 aligncenter\" src=\"https:\/\/apuntesdesanluis.com\/wp-content\/uploads\/2024\/12\/Imagen-de-WhatsApp-2024-12-11-a-las-17.26.40_4180ca66-300x208.jpg\" alt=\"\" width=\"617\" height=\"428\" srcset=\"https:\/\/apuntesdesanluis.com\/wp-content\/uploads\/2024\/12\/Imagen-de-WhatsApp-2024-12-11-a-las-17.26.40_4180ca66-300x208.jpg 300w, https:\/\/apuntesdesanluis.com\/wp-content\/uploads\/2024\/12\/Imagen-de-WhatsApp-2024-12-11-a-las-17.26.40_4180ca66.jpg 700w\" sizes=\"(max-width: 617px) 100vw, 617px\" \/><\/p>\n<h3>Los equinos, en tanto, fueron trasladados hasta la base de Caballer\u00eda para ser atendidos por la veterinaria policial.<\/h3>\n<h3>De acuerdo a la informaci\u00f3n recabada por personal policial, no es la primera vez que se presenta este tipo de episodio con el perro en ese domicilio. En tanto, contin\u00faan las averiguaciones correspondientes para determinar las responsabilidades en el hecho.<\/h3>\n<p>&nbsp;<\/p>\n<p>&nbsp;<\/p>\n<p>&nbsp;<\/p>\n<p>&nbsp;<\/p>\n<p>&nbsp;<\/p>\n<p>&nbsp;<\/p>\n<p>&nbsp;<\/p>\n<p>&nbsp;<\/p>\n<p>&nbsp;<\/p>\n","protected":false},"excerpt":{"rendered":"<p>Este martes por la tarde, dos efectivos policiales de la Divisi\u00f3n Caballer\u00eda Montada llevaban a&#8230;<\/p>\n","protected":false},"author":1,"featured_media":26591,"comment_status":"closed","ping_status":"closed","sticky":false,"template":"","format":"standard","meta":{"footnotes":""},"categories":[6],"tags":[],"class_list":["post-26590","post","type-post","status-publish","format-standard","has-post-thumbnail","hentry","category-ciudad-provincia"],"yoast_head":"<!-- This site is optimized with the Yoast SEO plugin v26.1.1 - https:\/\/yoast.com\/wordpress\/plugins\/seo\/ -->\n<title>EFECTIVO POLICIAL LESIONADA Y DOS EQUINOS DE LA POLIC\u00cdA HERIDOS TRAS UN ATAQUE DE UN PITBULL - Apuntes de San Luis<\/title>\n<meta name=\"robots\" content=\"index, follow, max-snippet:-1, max-image-preview:large, max-video-preview:-1\" \/>\n<link rel=\"canonical\" href=\"https:\/\/apuntesdesanluis.com\/index.php\/2024\/12\/11\/efectivo-policial-lesionada-y-dos-equinos-de-la-policia-heridos-tras-un-ataque-de-un-pitbull\/\" \/>\n<meta property=\"og:locale\" content=\"es_ES\" \/>\n<meta property=\"og:type\" content=\"article\" \/>\n<meta property=\"og:title\" content=\"EFECTIVO POLICIAL LESIONADA Y DOS EQUINOS DE LA POLIC\u00cdA HERIDOS TRAS UN ATAQUE DE UN PITBULL - Apuntes de San Luis\" \/>\n<meta property=\"og:description\" content=\"Este martes por la tarde, dos efectivos policiales de la Divisi\u00f3n Caballer\u00eda Montada llevaban a...\" \/>\n<meta property=\"og:url\" content=\"https:\/\/apuntesdesanluis.com\/index.php\/2024\/12\/11\/efectivo-policial-lesionada-y-dos-equinos-de-la-policia-heridos-tras-un-ataque-de-un-pitbull\/\" \/>\n<meta property=\"og:site_name\" content=\"Apuntes de San Luis\" \/>\n<meta property=\"article:published_time\" content=\"2024-12-11T21:48:16+00:00\" \/>\n<meta property=\"article:modified_time\" content=\"2024-12-11T21:49:25+00:00\" \/>\n<meta property=\"og:image\" content=\"https:\/\/apuntesdesanluis.com\/wp-content\/uploads\/2024\/12\/Imagen-de-WhatsApp-2024-12-11-a-las-17.26.41_566dc3c1.jpg\" \/>\n\t<meta property=\"og:image:width\" content=\"700\" \/>\n\t<meta property=\"og:image:height\" content=\"523\" \/>\n\t<meta property=\"og:image:type\" content=\"image\/jpeg\" \/>\n<meta name=\"author\" content=\"apuntesdesanluis.com\" \/>\n<meta name=\"twitter:card\" content=\"summary_large_image\" \/>\n<meta name=\"twitter:label1\" content=\"Escrito por\" \/>\n\t<meta name=\"twitter:data1\" content=\"apuntesdesanluis.com\" \/>\n\t<meta name=\"twitter:label2\" content=\"Tiempo de lectura\" \/>\n\t<meta name=\"twitter:data2\" content=\"2 minutos\" \/>\n<script type=\"application\/ld+json\" class=\"yoast-schema-graph\">{\"@context\":\"https:\/\/schema.org\",\"@graph\":[{\"@type\":\"Article\",\"@id\":\"https:\/\/apuntesdesanluis.com\/index.php\/2024\/12\/11\/efectivo-policial-lesionada-y-dos-equinos-de-la-policia-heridos-tras-un-ataque-de-un-pitbull\/#article\",\"isPartOf\":{\"@id\":\"https:\/\/apuntesdesanluis.com\/index.php\/2024\/12\/11\/efectivo-policial-lesionada-y-dos-equinos-de-la-policia-heridos-tras-un-ataque-de-un-pitbull\/\"},\"author\":{\"name\":\"apuntesdesanluis.com\",\"@id\":\"https:\/\/apuntesdesanluis.com\/#\/schema\/person\/b55151d52296fcce64d1a72538a70b90\"},\"headline\":\"EFECTIVO POLICIAL LESIONADA Y DOS EQUINOS DE LA POLIC\u00cdA HERIDOS TRAS UN ATAQUE DE UN PITBULL\",\"datePublished\":\"2024-12-11T21:48:16+00:00\",\"dateModified\":\"2024-12-11T21:49:25+00:00\",\"mainEntityOfPage\":{\"@id\":\"https:\/\/apuntesdesanluis.com\/index.php\/2024\/12\/11\/efectivo-policial-lesionada-y-dos-equinos-de-la-policia-heridos-tras-un-ataque-de-un-pitbull\/\"},\"wordCount\":233,\"publisher\":{\"@id\":\"https:\/\/apuntesdesanluis.com\/#\/schema\/person\/b55151d52296fcce64d1a72538a70b90\"},\"image\":{\"@id\":\"https:\/\/apuntesdesanluis.com\/index.php\/2024\/12\/11\/efectivo-policial-lesionada-y-dos-equinos-de-la-policia-heridos-tras-un-ataque-de-un-pitbull\/#primaryimage\"},\"thumbnailUrl\":\"https:\/\/apuntesdesanluis.com\/wp-content\/uploads\/2024\/12\/Imagen-de-WhatsApp-2024-12-11-a-las-17.26.41_566dc3c1.jpg\",\"articleSection\":[\"Ciudad\/Provincia\"],\"inLanguage\":\"es-AR\"},{\"@type\":\"WebPage\",\"@id\":\"https:\/\/apuntesdesanluis.com\/index.php\/2024\/12\/11\/efectivo-policial-lesionada-y-dos-equinos-de-la-policia-heridos-tras-un-ataque-de-un-pitbull\/\",\"url\":\"https:\/\/apuntesdesanluis.com\/index.php\/2024\/12\/11\/efectivo-policial-lesionada-y-dos-equinos-de-la-policia-heridos-tras-un-ataque-de-un-pitbull\/\",\"name\":\"EFECTIVO POLICIAL LESIONADA Y DOS EQUINOS DE LA POLIC\u00cdA HERIDOS TRAS UN ATAQUE DE UN PITBULL - Apuntes de San Luis\",\"isPartOf\":{\"@id\":\"https:\/\/apuntesdesanluis.com\/#website\"},\"primaryImageOfPage\":{\"@id\":\"https:\/\/apuntesdesanluis.com\/index.php\/2024\/12\/11\/efectivo-policial-lesionada-y-dos-equinos-de-la-policia-heridos-tras-un-ataque-de-un-pitbull\/#primaryimage\"},\"image\":{\"@id\":\"https:\/\/apuntesdesanluis.com\/index.php\/2024\/12\/11\/efectivo-policial-lesionada-y-dos-equinos-de-la-policia-heridos-tras-un-ataque-de-un-pitbull\/#primaryimage\"},\"thumbnailUrl\":\"https:\/\/apuntesdesanluis.com\/wp-content\/uploads\/2024\/12\/Imagen-de-WhatsApp-2024-12-11-a-las-17.26.41_566dc3c1.jpg\",\"datePublished\":\"2024-12-11T21:48:16+00:00\",\"dateModified\":\"2024-12-11T21:49:25+00:00\",\"breadcrumb\":{\"@id\":\"https:\/\/apuntesdesanluis.com\/index.php\/2024\/12\/11\/efectivo-policial-lesionada-y-dos-equinos-de-la-policia-heridos-tras-un-ataque-de-un-pitbull\/#breadcrumb\"},\"inLanguage\":\"es-AR\",\"potentialAction\":[{\"@type\":\"ReadAction\",\"target\":[\"https:\/\/apuntesdesanluis.com\/index.php\/2024\/12\/11\/efectivo-policial-lesionada-y-dos-equinos-de-la-policia-heridos-tras-un-ataque-de-un-pitbull\/\"]}]},{\"@type\":\"ImageObject\",\"inLanguage\":\"es-AR\",\"@id\":\"https:\/\/apuntesdesanluis.com\/index.php\/2024\/12\/11\/efectivo-policial-lesionada-y-dos-equinos-de-la-policia-heridos-tras-un-ataque-de-un-pitbull\/#primaryimage\",\"url\":\"https:\/\/apuntesdesanluis.com\/wp-content\/uploads\/2024\/12\/Imagen-de-WhatsApp-2024-12-11-a-las-17.26.41_566dc3c1.jpg\",\"contentUrl\":\"https:\/\/apuntesdesanluis.com\/wp-content\/uploads\/2024\/12\/Imagen-de-WhatsApp-2024-12-11-a-las-17.26.41_566dc3c1.jpg\",\"width\":700,\"height\":523},{\"@type\":\"BreadcrumbList\",\"@id\":\"https:\/\/apuntesdesanluis.com\/index.php\/2024\/12\/11\/efectivo-policial-lesionada-y-dos-equinos-de-la-policia-heridos-tras-un-ataque-de-un-pitbull\/#breadcrumb\",\"itemListElement\":[{\"@type\":\"ListItem\",\"position\":1,\"name\":\"Inicio\",\"item\":\"https:\/\/apuntesdesanluis.com\/\"},{\"@type\":\"ListItem\",\"position\":2,\"name\":\"EFECTIVO POLICIAL LESIONADA Y DOS EQUINOS DE LA POLIC\u00cdA HERIDOS TRAS UN ATAQUE DE UN PITBULL\"}]},{\"@type\":\"WebSite\",\"@id\":\"https:\/\/apuntesdesanluis.com\/#website\",\"url\":\"https:\/\/apuntesdesanluis.com\/\",\"name\":\"Apuntes de San Luis\",\"description\":\"\",\"publisher\":{\"@id\":\"https:\/\/apuntesdesanluis.com\/#\/schema\/person\/b55151d52296fcce64d1a72538a70b90\"},\"potentialAction\":[{\"@type\":\"SearchAction\",\"target\":{\"@type\":\"EntryPoint\",\"urlTemplate\":\"https:\/\/apuntesdesanluis.com\/?s={search_term_string}\"},\"query-input\":{\"@type\":\"PropertyValueSpecification\",\"valueRequired\":true,\"valueName\":\"search_term_string\"}}],\"inLanguage\":\"es-AR\"},{\"@type\":[\"Person\",\"Organization\"],\"@id\":\"https:\/\/apuntesdesanluis.com\/#\/schema\/person\/b55151d52296fcce64d1a72538a70b90\",\"name\":\"apuntesdesanluis.com\",\"image\":{\"@type\":\"ImageObject\",\"inLanguage\":\"es-AR\",\"@id\":\"https:\/\/apuntesdesanluis.com\/#\/schema\/person\/image\/\",\"url\":\"https:\/\/apuntesdesanluis.com\/wp-content\/uploads\/2023\/07\/cropped-apuntesdesanluis.png\",\"contentUrl\":\"https:\/\/apuntesdesanluis.com\/wp-content\/uploads\/2023\/07\/cropped-apuntesdesanluis.png\",\"width\":450,\"height\":112,\"caption\":\"apuntesdesanluis.com\"},\"logo\":{\"@id\":\"https:\/\/apuntesdesanluis.com\/#\/schema\/person\/image\/\"},\"sameAs\":[\"https:\/\/apuntesdesanluis.com\"],\"url\":\"https:\/\/apuntesdesanluis.com\/index.php\/author\/apuntesdesanluis-com\/\"}]}<\/script>\n<!-- \/ Yoast SEO plugin. -->","yoast_head_json":{"title":"EFECTIVO POLICIAL LESIONADA Y DOS EQUINOS DE LA POLIC\u00cdA HERIDOS TRAS UN ATAQUE DE UN PITBULL - Apuntes de San Luis","robots":{"index":"index","follow":"follow","max-snippet":"max-snippet:-1","max-image-preview":"max-image-preview:large","max-video-preview":"max-video-preview:-1"},"canonical":"https:\/\/apuntesdesanluis.com\/index.php\/2024\/12\/11\/efectivo-policial-lesionada-y-dos-equinos-de-la-policia-heridos-tras-un-ataque-de-un-pitbull\/","og_locale":"es_ES","og_type":"article","og_title":"EFECTIVO POLICIAL LESIONADA Y DOS EQUINOS DE LA POLIC\u00cdA HERIDOS TRAS UN ATAQUE DE UN PITBULL - Apuntes de San Luis","og_description":"Este martes por la tarde, dos efectivos policiales de la Divisi\u00f3n Caballer\u00eda Montada llevaban a...","og_url":"https:\/\/apuntesdesanluis.com\/index.php\/2024\/12\/11\/efectivo-policial-lesionada-y-dos-equinos-de-la-policia-heridos-tras-un-ataque-de-un-pitbull\/","og_site_name":"Apuntes de San Luis","article_published_time":"2024-12-11T21:48:16+00:00","article_modified_time":"2024-12-11T21:49:25+00:00","og_image":[{"width":700,"height":523,"url":"https:\/\/apuntesdesanluis.com\/wp-content\/uploads\/2024\/12\/Imagen-de-WhatsApp-2024-12-11-a-las-17.26.41_566dc3c1.jpg","type":"image\/jpeg"}],"author":"apuntesdesanluis.com","twitter_card":"summary_large_image","twitter_misc":{"Escrito por":"apuntesdesanluis.com","Tiempo de lectura":"2 minutos"},"schema":{"@context":"https:\/\/schema.org","@graph":[{"@type":"Article","@id":"https:\/\/apuntesdesanluis.com\/index.php\/2024\/12\/11\/efectivo-policial-lesionada-y-dos-equinos-de-la-policia-heridos-tras-un-ataque-de-un-pitbull\/#article","isPartOf":{"@id":"https:\/\/apuntesdesanluis.com\/index.php\/2024\/12\/11\/efectivo-policial-lesionada-y-dos-equinos-de-la-policia-heridos-tras-un-ataque-de-un-pitbull\/"},"author":{"name":"apuntesdesanluis.com","@id":"https:\/\/apuntesdesanluis.com\/#\/schema\/person\/b55151d52296fcce64d1a72538a70b90"},"headline":"EFECTIVO POLICIAL LESIONADA Y DOS EQUINOS DE LA POLIC\u00cdA HERIDOS TRAS UN ATAQUE DE UN PITBULL","datePublished":"2024-12-11T21:48:16+00:00","dateModified":"2024-12-11T21:49:25+00:00","mainEntityOfPage":{"@id":"https:\/\/apuntesdesanluis.com\/index.php\/2024\/12\/11\/efectivo-policial-lesionada-y-dos-equinos-de-la-policia-heridos-tras-un-ataque-de-un-pitbull\/"},"wordCount":233,"publisher":{"@id":"https:\/\/apuntesdesanluis.com\/#\/schema\/person\/b55151d52296fcce64d1a72538a70b90"},"image":{"@id":"https:\/\/apuntesdesanluis.com\/index.php\/2024\/12\/11\/efectivo-policial-lesionada-y-dos-equinos-de-la-policia-heridos-tras-un-ataque-de-un-pitbull\/#primaryimage"},"thumbnailUrl":"https:\/\/apuntesdesanluis.com\/wp-content\/uploads\/2024\/12\/Imagen-de-WhatsApp-2024-12-11-a-las-17.26.41_566dc3c1.jpg","articleSection":["Ciudad\/Provincia"],"inLanguage":"es-AR"},{"@type":"WebPage","@id":"https:\/\/apuntesdesanluis.com\/index.php\/2024\/12\/11\/efectivo-policial-lesionada-y-dos-equinos-de-la-policia-heridos-tras-un-ataque-de-un-pitbull\/","url":"https:\/\/apuntesdesanluis.com\/index.php\/2024\/12\/11\/efectivo-policial-lesionada-y-dos-equinos-de-la-policia-heridos-tras-un-ataque-de-un-pitbull\/","name":"EFECTIVO POLICIAL LESIONADA Y DOS EQUINOS DE LA POLIC\u00cdA HERIDOS TRAS UN ATAQUE DE UN PITBULL - Apuntes de San Luis","isPartOf":{"@id":"https:\/\/apuntesdesanluis.com\/#website"},"primaryImageOfPage":{"@id":"https:\/\/apuntesdesanluis.com\/index.php\/2024\/12\/11\/efectivo-policial-lesionada-y-dos-equinos-de-la-policia-heridos-tras-un-ataque-de-un-pitbull\/#primaryimage"},"image":{"@id":"https:\/\/apuntesdesanluis.com\/index.php\/2024\/12\/11\/efectivo-policial-lesionada-y-dos-equinos-de-la-policia-heridos-tras-un-ataque-de-un-pitbull\/#primaryimage"},"thumbnailUrl":"https:\/\/apuntesdesanluis.com\/wp-content\/uploads\/2024\/12\/Imagen-de-WhatsApp-2024-12-11-a-las-17.26.41_566dc3c1.jpg","datePublished":"2024-12-11T21:48:16+00:00","dateModified":"2024-12-11T21:49:25+00:00","breadcrumb":{"@id":"https:\/\/apuntesdesanluis.com\/index.php\/2024\/12\/11\/efectivo-policial-lesionada-y-dos-equinos-de-la-policia-heridos-tras-un-ataque-de-un-pitbull\/#breadcrumb"},"inLanguage":"es-AR","potentialAction":[{"@type":"ReadAction","target":["https:\/\/apuntesdesanluis.com\/index.php\/2024\/12\/11\/efectivo-policial-lesionada-y-dos-equinos-de-la-policia-heridos-tras-un-ataque-de-un-pitbull\/"]}]},{"@type":"ImageObject","inLanguage":"es-AR","@id":"https:\/\/apuntesdesanluis.com\/index.php\/2024\/12\/11\/efectivo-policial-lesionada-y-dos-equinos-de-la-policia-heridos-tras-un-ataque-de-un-pitbull\/#primaryimage","url":"https:\/\/apuntesdesanluis.com\/wp-content\/uploads\/2024\/12\/Imagen-de-WhatsApp-2024-12-11-a-las-17.26.41_566dc3c1.jpg","contentUrl":"https:\/\/apuntesdesanluis.com\/wp-content\/uploads\/2024\/12\/Imagen-de-WhatsApp-2024-12-11-a-las-17.26.41_566dc3c1.jpg","width":700,"height":523},{"@type":"BreadcrumbList","@id":"https:\/\/apuntesdesanluis.com\/index.php\/2024\/12\/11\/efectivo-policial-lesionada-y-dos-equinos-de-la-policia-heridos-tras-un-ataque-de-un-pitbull\/#breadcrumb","itemListElement":[{"@type":"ListItem","position":1,"name":"Inicio","item":"https:\/\/apuntesdesanluis.com\/"},{"@type":"ListItem","position":2,"name":"EFECTIVO POLICIAL LESIONADA Y DOS EQUINOS DE LA POLIC\u00cdA HERIDOS TRAS UN ATAQUE DE UN PITBULL"}]},{"@type":"WebSite","@id":"https:\/\/apuntesdesanluis.com\/#website","url":"https:\/\/apuntesdesanluis.com\/","name":"Apuntes de San Luis","description":"","publisher":{"@id":"https:\/\/apuntesdesanluis.com\/#\/schema\/person\/b55151d52296fcce64d1a72538a70b90"},"potentialAction":[{"@type":"SearchAction","target":{"@type":"EntryPoint","urlTemplate":"https:\/\/apuntesdesanluis.com\/?s={search_term_string}"},"query-input":{"@type":"PropertyValueSpecification","valueRequired":true,"valueName":"search_term_string"}}],"inLanguage":"es-AR"},{"@type":["Person","Organization"],"@id":"https:\/\/apuntesdesanluis.com\/#\/schema\/person\/b55151d52296fcce64d1a72538a70b90","name":"apuntesdesanluis.com","image":{"@type":"ImageObject","inLanguage":"es-AR","@id":"https:\/\/apuntesdesanluis.com\/#\/schema\/person\/image\/","url":"https:\/\/apuntesdesanluis.com\/wp-content\/uploads\/2023\/07\/cropped-apuntesdesanluis.png","contentUrl":"https:\/\/apuntesdesanluis.com\/wp-content\/uploads\/2023\/07\/cropped-apuntesdesanluis.png","width":450,"height":112,"caption":"apuntesdesanluis.com"},"logo":{"@id":"https:\/\/apuntesdesanluis.com\/#\/schema\/person\/image\/"},"sameAs":["https:\/\/apuntesdesanluis.com"],"url":"https:\/\/apuntesdesanluis.com\/index.php\/author\/apuntesdesanluis-com\/"}]}},"featured_image_urls":{"full":["https:\/\/apuntesdesanluis.com\/wp-content\/uploads\/2024\/12\/Imagen-de-WhatsApp-2024-12-11-a-las-17.26.41_566dc3c1.jpg",700,523,false],"thumbnail":["https:\/\/apuntesdesanluis.com\/wp-content\/uploads\/2024\/12\/Imagen-de-WhatsApp-2024-12-11-a-las-17.26.41_566dc3c1-150x150.jpg",150,150,true],"medium":["https:\/\/apuntesdesanluis.com\/wp-content\/uploads\/2024\/12\/Imagen-de-WhatsApp-2024-12-11-a-las-17.26.41_566dc3c1-300x224.jpg",300,224,true],"medium_large":["https:\/\/apuntesdesanluis.com\/wp-content\/uploads\/2024\/12\/Imagen-de-WhatsApp-2024-12-11-a-las-17.26.41_566dc3c1.jpg",640,478,false],"large":["https:\/\/apuntesdesanluis.com\/wp-content\/uploads\/2024\/12\/Imagen-de-WhatsApp-2024-12-11-a-las-17.26.41_566dc3c1.jpg",640,478,false],"1536x1536":["https:\/\/apuntesdesanluis.com\/wp-content\/uploads\/2024\/12\/Imagen-de-WhatsApp-2024-12-11-a-las-17.26.41_566dc3c1.jpg",700,523,false],"2048x2048":["https:\/\/apuntesdesanluis.com\/wp-content\/uploads\/2024\/12\/Imagen-de-WhatsApp-2024-12-11-a-las-17.26.41_566dc3c1.jpg",700,523,false],"newsever-slider-full":["https:\/\/apuntesdesanluis.com\/wp-content\/uploads\/2024\/12\/Imagen-de-WhatsApp-2024-12-11-a-las-17.26.41_566dc3c1.jpg",700,523,false],"newsever-featured":["https:\/\/apuntesdesanluis.com\/wp-content\/uploads\/2024\/12\/Imagen-de-WhatsApp-2024-12-11-a-las-17.26.41_566dc3c1.jpg",700,523,false],"newsever-medium":["https:\/\/apuntesdesanluis.com\/wp-content\/uploads\/2024\/12\/Imagen-de-WhatsApp-2024-12-11-a-las-17.26.41_566dc3c1-700x475.jpg",700,475,true]},"author_info":{"display_name":"apuntesdesanluis.com","author_link":"https:\/\/apuntesdesanluis.com\/index.php\/author\/apuntesdesanluis-com\/"},"category_info":"<a href=\"https:\/\/apuntesdesanluis.com\/index.php\/category\/ciudad-provincia\/\" rel=\"category tag\">Ciudad\/Provincia<\/a>","tag_info":"Ciudad\/Provincia","comment_count":"0","_links":{"self":[{"href":"https:\/\/apuntesdesanluis.com\/index.php\/wp-json\/wp\/v2\/posts\/26590","targetHints":{"allow":["GET"]}}],"collection":[{"href":"https:\/\/apuntesdesanluis.com\/index.php\/wp-json\/wp\/v2\/posts"}],"about":[{"href":"https:\/\/apuntesdesanluis.com\/index.php\/wp-json\/wp\/v2\/types\/post"}],"author":[{"embeddable":true,"href":"https:\/\/apuntesdesanluis.com\/index.php\/wp-json\/wp\/v2\/users\/1"}],"replies":[{"embeddable":true,"href":"https:\/\/apuntesdesanluis.com\/index.php\/wp-json\/wp\/v2\/comments?post=26590"}],"version-history":[{"count":3,"href":"https:\/\/apuntesdesanluis.com\/index.php\/wp-json\/wp\/v2\/posts\/26590\/revisions"}],"predecessor-version":[{"id":26595,"href":"https:\/\/apuntesdesanluis.com\/index.php\/wp-json\/wp\/v2\/posts\/26590\/revisions\/26595"}],"wp:featuredmedia":[{"embeddable":true,"href":"https:\/\/apuntesdesanluis.com\/index.php\/wp-json\/wp\/v2\/media\/26591"}],"wp:attachment":[{"href":"https:\/\/apuntesdesanluis.com\/index.php\/wp-json\/wp\/v2\/media?parent=26590"}],"wp:term":[{"taxonomy":"category","embeddable":true,"href":"https:\/\/apuntesdesanluis.com\/index.php\/wp-json\/wp\/v2\/categories?post=26590"},{"taxonomy":"post_tag","embeddable":true,"href":"https:\/\/apuntesdesanluis.com\/index.php\/wp-json\/wp\/v2\/tags?post=26590"}],"curies":[{"name":"wp","href":"https:\/\/api.w.org\/{rel}","templated":true}]}}