{"id":26615,"date":"2024-12-12T02:36:25","date_gmt":"2024-12-12T05:36:25","guid":{"rendered":"https:\/\/apuntesdesanluis.com\/?p=26615"},"modified":"2024-12-12T16:29:58","modified_gmt":"2024-12-12T19:29:58","slug":"un-ciclista-fallecio-al-ser-embestido-por-un-auto-que-paso-un-semaforo-en-rojo","status":"publish","type":"post","link":"https:\/\/apuntesdesanluis.com\/index.php\/2024\/12\/12\/un-ciclista-fallecio-al-ser-embestido-por-un-auto-que-paso-un-semaforo-en-rojo\/","title":{"rendered":"UN CICLISTA FALLECI\u00d3 AL SER EMBESTIDO POR UN AUTO QUE PAS\u00d3 UN SEM\u00c1FORO EN ROJO"},"content":{"rendered":"<h3>El hecho ocurri\u00f3 en San Luis, en la esquina H\u00e9roes de Malvinas y San Juan.<\/h3>\n<h3>El conductor tendr\u00eda unos \u00a060 a\u00f1os y circulaba en un Fiat Cronos por H\u00e9roes de Malvinas. Habr\u00eda arrastrado varios metros al joven que manejaba una bicicleta y estaba trabajando como repartidor de Pedidos Ya.<\/h3>\n<h3>Tras el impacto, el conductor sigui\u00f3 su marcha, choc\u00f3 a un colectivo de Transpuntano y luego a otro veh\u00edculo marca Chevrolet, hasta que se detuvo.<\/h3>\n<h3>En ese momento fue que algunos vecinos lo atacaron enardecidos, hasta que lleg\u00f3 la polic\u00eda y detuvo el linchamiento.<\/h3>\n<h3>Desde Relaciones Policiales informaron que otros deliverys lo atacaron (como modo de tomar justicia por mano propia) hasta que lleg\u00f3 la Polic\u00eda y logr\u00f3 resguardar al hombre involucrado en el hecho. Seg\u00fan trascendi\u00f3, estar\u00eda detenido.<\/h3>\n<h3>Act\u00faan en el hecho el fiscal Dr. Juan Pablo D\u00edaz Estopi\u00f1\u00e1n y fiscal adjunto el Dr. Francisco Assat Al\u00ed.<\/h3>\n<h3>El hombre que conduc\u00eda el Fiat Cronos color blanco fue trasladado en primera instancia bajo vigilancia policial al Hospital del Oeste donde recibi\u00f3 la primera atenci\u00f3n y luego al Hospital Central Carrillo.<\/h3>\n<h3>La polic\u00eda inform\u00f3 que a los conductores de los veh\u00edculos que participaron del hecho se les hizo el respectivo control de alcoholemia y que todos los involucrados dieron negativo de alcohol en sangre. Por otro lado, el fiscal D\u00edaz Estopi\u00f1\u00e1n, orden\u00f3 pericia toxicol\u00f3gica v\u00eda sangu\u00ednea (graduaci\u00f3n de alcohol en sangre y todo otro tipo de sustancia) a la persona fallecida y al conductor del Fiat Cronos.<\/h3>\n<h3>Solamente el fiscal orden\u00f3 el secuestro preventivo de uno de los veh\u00edculos involucrados, puntualmente el auto con el cual el cronos detuvo su marcha, mientras que a los dem\u00e1s m\u00f3viles les orden\u00f3 la entrega a sus propietarios.<\/h3>\n<h3>Desde Accidentologia de la Polic\u00eda se inform\u00f3 que en el lugar se realizaron las pericias necesarias para dar informaci\u00f3n a la Justicia sobre el hecho, precisando que el accidente se produjo sobre H\u00e9roes de Malvinas y calle San Juan. Tanto la bicicleta como el autom\u00f3vil se movilizaban sobre H\u00e9roes de Malvinas.<\/h3>\n<h3>El ciclista fallecido es un hombre de 28 a\u00f1os, que fue colisionado por el auto desde atr\u00e1s en el sem\u00e1foro de la intersecci\u00f3n mencionada.<\/h3>\n<h3>Por \u00faltimo, se hace saber a los medios de comunicaci\u00f3n que la polic\u00eda inform\u00f3 que se analizan c\u00e1maras de seguridad, tanto p\u00fablicas como privadas con el fin de aportar m\u00e1s datos.<\/h3>\n<p>&nbsp;<\/p>\n<p>&nbsp;<\/p>\n<p>&nbsp;<\/p>\n<p>&nbsp;<\/p>\n","protected":false},"excerpt":{"rendered":"<p>El hecho ocurri\u00f3 en San Luis, en la esquina H\u00e9roes de Malvinas y San Juan&#8230;.<\/p>\n","protected":false},"author":1,"featured_media":26616,"comment_status":"closed","ping_status":"closed","sticky":false,"template":"","format":"standard","meta":{"footnotes":""},"categories":[6],"tags":[],"class_list":["post-26615","post","type-post","status-publish","format-standard","has-post-thumbnail","hentry","category-ciudad-provincia"],"yoast_head":"<!-- This site is optimized with the Yoast SEO plugin v26.1.1 - https:\/\/yoast.com\/wordpress\/plugins\/seo\/ -->\n<title>UN CICLISTA FALLECI\u00d3 AL SER EMBESTIDO POR UN AUTO QUE PAS\u00d3 UN SEM\u00c1FORO EN ROJO - Apuntes de San Luis<\/title>\n<meta name=\"robots\" content=\"index, follow, max-snippet:-1, max-image-preview:large, max-video-preview:-1\" \/>\n<link rel=\"canonical\" href=\"https:\/\/apuntesdesanluis.com\/index.php\/2024\/12\/12\/un-ciclista-fallecio-al-ser-embestido-por-un-auto-que-paso-un-semaforo-en-rojo\/\" \/>\n<meta property=\"og:locale\" content=\"es_ES\" \/>\n<meta property=\"og:type\" content=\"article\" \/>\n<meta property=\"og:title\" content=\"UN CICLISTA FALLECI\u00d3 AL SER EMBESTIDO POR UN AUTO QUE PAS\u00d3 UN SEM\u00c1FORO EN ROJO - Apuntes de San Luis\" \/>\n<meta property=\"og:description\" content=\"El hecho ocurri\u00f3 en San Luis, en la esquina H\u00e9roes de Malvinas y San Juan....\" \/>\n<meta property=\"og:url\" content=\"https:\/\/apuntesdesanluis.com\/index.php\/2024\/12\/12\/un-ciclista-fallecio-al-ser-embestido-por-un-auto-que-paso-un-semaforo-en-rojo\/\" \/>\n<meta property=\"og:site_name\" content=\"Apuntes de San Luis\" \/>\n<meta property=\"article:published_time\" content=\"2024-12-12T05:36:25+00:00\" \/>\n<meta property=\"article:modified_time\" content=\"2024-12-12T19:29:58+00:00\" \/>\n<meta property=\"og:image\" content=\"https:\/\/apuntesdesanluis.com\/wp-content\/uploads\/2024\/12\/fiat-cronos.jpg\" \/>\n\t<meta property=\"og:image:width\" content=\"711\" \/>\n\t<meta property=\"og:image:height\" content=\"425\" \/>\n\t<meta property=\"og:image:type\" content=\"image\/jpeg\" \/>\n<meta name=\"author\" content=\"apuntesdesanluis.com\" \/>\n<meta name=\"twitter:card\" content=\"summary_large_image\" \/>\n<meta name=\"twitter:label1\" content=\"Escrito por\" \/>\n\t<meta name=\"twitter:data1\" content=\"apuntesdesanluis.com\" \/>\n\t<meta name=\"twitter:label2\" content=\"Tiempo de lectura\" \/>\n\t<meta name=\"twitter:data2\" content=\"2 minutos\" \/>\n<script type=\"application\/ld+json\" class=\"yoast-schema-graph\">{\"@context\":\"https:\/\/schema.org\",\"@graph\":[{\"@type\":\"Article\",\"@id\":\"https:\/\/apuntesdesanluis.com\/index.php\/2024\/12\/12\/un-ciclista-fallecio-al-ser-embestido-por-un-auto-que-paso-un-semaforo-en-rojo\/#article\",\"isPartOf\":{\"@id\":\"https:\/\/apuntesdesanluis.com\/index.php\/2024\/12\/12\/un-ciclista-fallecio-al-ser-embestido-por-un-auto-que-paso-un-semaforo-en-rojo\/\"},\"author\":{\"name\":\"apuntesdesanluis.com\",\"@id\":\"https:\/\/apuntesdesanluis.com\/#\/schema\/person\/b55151d52296fcce64d1a72538a70b90\"},\"headline\":\"UN CICLISTA FALLECI\u00d3 AL SER EMBESTIDO POR UN AUTO QUE PAS\u00d3 UN SEM\u00c1FORO EN ROJO\",\"datePublished\":\"2024-12-12T05:36:25+00:00\",\"dateModified\":\"2024-12-12T19:29:58+00:00\",\"mainEntityOfPage\":{\"@id\":\"https:\/\/apuntesdesanluis.com\/index.php\/2024\/12\/12\/un-ciclista-fallecio-al-ser-embestido-por-un-auto-que-paso-un-semaforo-en-rojo\/\"},\"wordCount\":446,\"publisher\":{\"@id\":\"https:\/\/apuntesdesanluis.com\/#\/schema\/person\/b55151d52296fcce64d1a72538a70b90\"},\"image\":{\"@id\":\"https:\/\/apuntesdesanluis.com\/index.php\/2024\/12\/12\/un-ciclista-fallecio-al-ser-embestido-por-un-auto-que-paso-un-semaforo-en-rojo\/#primaryimage\"},\"thumbnailUrl\":\"https:\/\/apuntesdesanluis.com\/wp-content\/uploads\/2024\/12\/fiat-cronos.jpg\",\"articleSection\":[\"Ciudad\/Provincia\"],\"inLanguage\":\"es-AR\"},{\"@type\":\"WebPage\",\"@id\":\"https:\/\/apuntesdesanluis.com\/index.php\/2024\/12\/12\/un-ciclista-fallecio-al-ser-embestido-por-un-auto-que-paso-un-semaforo-en-rojo\/\",\"url\":\"https:\/\/apuntesdesanluis.com\/index.php\/2024\/12\/12\/un-ciclista-fallecio-al-ser-embestido-por-un-auto-que-paso-un-semaforo-en-rojo\/\",\"name\":\"UN CICLISTA FALLECI\u00d3 AL SER EMBESTIDO POR UN AUTO QUE PAS\u00d3 UN SEM\u00c1FORO EN ROJO - Apuntes de San Luis\",\"isPartOf\":{\"@id\":\"https:\/\/apuntesdesanluis.com\/#website\"},\"primaryImageOfPage\":{\"@id\":\"https:\/\/apuntesdesanluis.com\/index.php\/2024\/12\/12\/un-ciclista-fallecio-al-ser-embestido-por-un-auto-que-paso-un-semaforo-en-rojo\/#primaryimage\"},\"image\":{\"@id\":\"https:\/\/apuntesdesanluis.com\/index.php\/2024\/12\/12\/un-ciclista-fallecio-al-ser-embestido-por-un-auto-que-paso-un-semaforo-en-rojo\/#primaryimage\"},\"thumbnailUrl\":\"https:\/\/apuntesdesanluis.com\/wp-content\/uploads\/2024\/12\/fiat-cronos.jpg\",\"datePublished\":\"2024-12-12T05:36:25+00:00\",\"dateModified\":\"2024-12-12T19:29:58+00:00\",\"breadcrumb\":{\"@id\":\"https:\/\/apuntesdesanluis.com\/index.php\/2024\/12\/12\/un-ciclista-fallecio-al-ser-embestido-por-un-auto-que-paso-un-semaforo-en-rojo\/#breadcrumb\"},\"inLanguage\":\"es-AR\",\"potentialAction\":[{\"@type\":\"ReadAction\",\"target\":[\"https:\/\/apuntesdesanluis.com\/index.php\/2024\/12\/12\/un-ciclista-fallecio-al-ser-embestido-por-un-auto-que-paso-un-semaforo-en-rojo\/\"]}]},{\"@type\":\"ImageObject\",\"inLanguage\":\"es-AR\",\"@id\":\"https:\/\/apuntesdesanluis.com\/index.php\/2024\/12\/12\/un-ciclista-fallecio-al-ser-embestido-por-un-auto-que-paso-un-semaforo-en-rojo\/#primaryimage\",\"url\":\"https:\/\/apuntesdesanluis.com\/wp-content\/uploads\/2024\/12\/fiat-cronos.jpg\",\"contentUrl\":\"https:\/\/apuntesdesanluis.com\/wp-content\/uploads\/2024\/12\/fiat-cronos.jpg\",\"width\":711,\"height\":425},{\"@type\":\"BreadcrumbList\",\"@id\":\"https:\/\/apuntesdesanluis.com\/index.php\/2024\/12\/12\/un-ciclista-fallecio-al-ser-embestido-por-un-auto-que-paso-un-semaforo-en-rojo\/#breadcrumb\",\"itemListElement\":[{\"@type\":\"ListItem\",\"position\":1,\"name\":\"Inicio\",\"item\":\"https:\/\/apuntesdesanluis.com\/\"},{\"@type\":\"ListItem\",\"position\":2,\"name\":\"UN CICLISTA FALLECI\u00d3 AL SER EMBESTIDO POR UN AUTO QUE PAS\u00d3 UN SEM\u00c1FORO EN ROJO\"}]},{\"@type\":\"WebSite\",\"@id\":\"https:\/\/apuntesdesanluis.com\/#website\",\"url\":\"https:\/\/apuntesdesanluis.com\/\",\"name\":\"Apuntes de San Luis\",\"description\":\"\",\"publisher\":{\"@id\":\"https:\/\/apuntesdesanluis.com\/#\/schema\/person\/b55151d52296fcce64d1a72538a70b90\"},\"potentialAction\":[{\"@type\":\"SearchAction\",\"target\":{\"@type\":\"EntryPoint\",\"urlTemplate\":\"https:\/\/apuntesdesanluis.com\/?s={search_term_string}\"},\"query-input\":{\"@type\":\"PropertyValueSpecification\",\"valueRequired\":true,\"valueName\":\"search_term_string\"}}],\"inLanguage\":\"es-AR\"},{\"@type\":[\"Person\",\"Organization\"],\"@id\":\"https:\/\/apuntesdesanluis.com\/#\/schema\/person\/b55151d52296fcce64d1a72538a70b90\",\"name\":\"apuntesdesanluis.com\",\"image\":{\"@type\":\"ImageObject\",\"inLanguage\":\"es-AR\",\"@id\":\"https:\/\/apuntesdesanluis.com\/#\/schema\/person\/image\/\",\"url\":\"https:\/\/apuntesdesanluis.com\/wp-content\/uploads\/2023\/07\/cropped-apuntesdesanluis.png\",\"contentUrl\":\"https:\/\/apuntesdesanluis.com\/wp-content\/uploads\/2023\/07\/cropped-apuntesdesanluis.png\",\"width\":450,\"height\":112,\"caption\":\"apuntesdesanluis.com\"},\"logo\":{\"@id\":\"https:\/\/apuntesdesanluis.com\/#\/schema\/person\/image\/\"},\"sameAs\":[\"https:\/\/apuntesdesanluis.com\"],\"url\":\"https:\/\/apuntesdesanluis.com\/index.php\/author\/apuntesdesanluis-com\/\"}]}<\/script>\n<!-- \/ Yoast SEO plugin. -->","yoast_head_json":{"title":"UN CICLISTA FALLECI\u00d3 AL SER EMBESTIDO POR UN AUTO QUE PAS\u00d3 UN SEM\u00c1FORO EN ROJO - Apuntes de San Luis","robots":{"index":"index","follow":"follow","max-snippet":"max-snippet:-1","max-image-preview":"max-image-preview:large","max-video-preview":"max-video-preview:-1"},"canonical":"https:\/\/apuntesdesanluis.com\/index.php\/2024\/12\/12\/un-ciclista-fallecio-al-ser-embestido-por-un-auto-que-paso-un-semaforo-en-rojo\/","og_locale":"es_ES","og_type":"article","og_title":"UN CICLISTA FALLECI\u00d3 AL SER EMBESTIDO POR UN AUTO QUE PAS\u00d3 UN SEM\u00c1FORO EN ROJO - Apuntes de San Luis","og_description":"El hecho ocurri\u00f3 en San Luis, en la esquina H\u00e9roes de Malvinas y San Juan....","og_url":"https:\/\/apuntesdesanluis.com\/index.php\/2024\/12\/12\/un-ciclista-fallecio-al-ser-embestido-por-un-auto-que-paso-un-semaforo-en-rojo\/","og_site_name":"Apuntes de San Luis","article_published_time":"2024-12-12T05:36:25+00:00","article_modified_time":"2024-12-12T19:29:58+00:00","og_image":[{"width":711,"height":425,"url":"https:\/\/apuntesdesanluis.com\/wp-content\/uploads\/2024\/12\/fiat-cronos.jpg","type":"image\/jpeg"}],"author":"apuntesdesanluis.com","twitter_card":"summary_large_image","twitter_misc":{"Escrito por":"apuntesdesanluis.com","Tiempo de lectura":"2 minutos"},"schema":{"@context":"https:\/\/schema.org","@graph":[{"@type":"Article","@id":"https:\/\/apuntesdesanluis.com\/index.php\/2024\/12\/12\/un-ciclista-fallecio-al-ser-embestido-por-un-auto-que-paso-un-semaforo-en-rojo\/#article","isPartOf":{"@id":"https:\/\/apuntesdesanluis.com\/index.php\/2024\/12\/12\/un-ciclista-fallecio-al-ser-embestido-por-un-auto-que-paso-un-semaforo-en-rojo\/"},"author":{"name":"apuntesdesanluis.com","@id":"https:\/\/apuntesdesanluis.com\/#\/schema\/person\/b55151d52296fcce64d1a72538a70b90"},"headline":"UN CICLISTA FALLECI\u00d3 AL SER EMBESTIDO POR UN AUTO QUE PAS\u00d3 UN SEM\u00c1FORO EN ROJO","datePublished":"2024-12-12T05:36:25+00:00","dateModified":"2024-12-12T19:29:58+00:00","mainEntityOfPage":{"@id":"https:\/\/apuntesdesanluis.com\/index.php\/2024\/12\/12\/un-ciclista-fallecio-al-ser-embestido-por-un-auto-que-paso-un-semaforo-en-rojo\/"},"wordCount":446,"publisher":{"@id":"https:\/\/apuntesdesanluis.com\/#\/schema\/person\/b55151d52296fcce64d1a72538a70b90"},"image":{"@id":"https:\/\/apuntesdesanluis.com\/index.php\/2024\/12\/12\/un-ciclista-fallecio-al-ser-embestido-por-un-auto-que-paso-un-semaforo-en-rojo\/#primaryimage"},"thumbnailUrl":"https:\/\/apuntesdesanluis.com\/wp-content\/uploads\/2024\/12\/fiat-cronos.jpg","articleSection":["Ciudad\/Provincia"],"inLanguage":"es-AR"},{"@type":"WebPage","@id":"https:\/\/apuntesdesanluis.com\/index.php\/2024\/12\/12\/un-ciclista-fallecio-al-ser-embestido-por-un-auto-que-paso-un-semaforo-en-rojo\/","url":"https:\/\/apuntesdesanluis.com\/index.php\/2024\/12\/12\/un-ciclista-fallecio-al-ser-embestido-por-un-auto-que-paso-un-semaforo-en-rojo\/","name":"UN CICLISTA FALLECI\u00d3 AL SER EMBESTIDO POR UN AUTO QUE PAS\u00d3 UN SEM\u00c1FORO EN ROJO - Apuntes de San Luis","isPartOf":{"@id":"https:\/\/apuntesdesanluis.com\/#website"},"primaryImageOfPage":{"@id":"https:\/\/apuntesdesanluis.com\/index.php\/2024\/12\/12\/un-ciclista-fallecio-al-ser-embestido-por-un-auto-que-paso-un-semaforo-en-rojo\/#primaryimage"},"image":{"@id":"https:\/\/apuntesdesanluis.com\/index.php\/2024\/12\/12\/un-ciclista-fallecio-al-ser-embestido-por-un-auto-que-paso-un-semaforo-en-rojo\/#primaryimage"},"thumbnailUrl":"https:\/\/apuntesdesanluis.com\/wp-content\/uploads\/2024\/12\/fiat-cronos.jpg","datePublished":"2024-12-12T05:36:25+00:00","dateModified":"2024-12-12T19:29:58+00:00","breadcrumb":{"@id":"https:\/\/apuntesdesanluis.com\/index.php\/2024\/12\/12\/un-ciclista-fallecio-al-ser-embestido-por-un-auto-que-paso-un-semaforo-en-rojo\/#breadcrumb"},"inLanguage":"es-AR","potentialAction":[{"@type":"ReadAction","target":["https:\/\/apuntesdesanluis.com\/index.php\/2024\/12\/12\/un-ciclista-fallecio-al-ser-embestido-por-un-auto-que-paso-un-semaforo-en-rojo\/"]}]},{"@type":"ImageObject","inLanguage":"es-AR","@id":"https:\/\/apuntesdesanluis.com\/index.php\/2024\/12\/12\/un-ciclista-fallecio-al-ser-embestido-por-un-auto-que-paso-un-semaforo-en-rojo\/#primaryimage","url":"https:\/\/apuntesdesanluis.com\/wp-content\/uploads\/2024\/12\/fiat-cronos.jpg","contentUrl":"https:\/\/apuntesdesanluis.com\/wp-content\/uploads\/2024\/12\/fiat-cronos.jpg","width":711,"height":425},{"@type":"BreadcrumbList","@id":"https:\/\/apuntesdesanluis.com\/index.php\/2024\/12\/12\/un-ciclista-fallecio-al-ser-embestido-por-un-auto-que-paso-un-semaforo-en-rojo\/#breadcrumb","itemListElement":[{"@type":"ListItem","position":1,"name":"Inicio","item":"https:\/\/apuntesdesanluis.com\/"},{"@type":"ListItem","position":2,"name":"UN CICLISTA FALLECI\u00d3 AL SER EMBESTIDO POR UN AUTO QUE PAS\u00d3 UN SEM\u00c1FORO EN ROJO"}]},{"@type":"WebSite","@id":"https:\/\/apuntesdesanluis.com\/#website","url":"https:\/\/apuntesdesanluis.com\/","name":"Apuntes de San Luis","description":"","publisher":{"@id":"https:\/\/apuntesdesanluis.com\/#\/schema\/person\/b55151d52296fcce64d1a72538a70b90"},"potentialAction":[{"@type":"SearchAction","target":{"@type":"EntryPoint","urlTemplate":"https:\/\/apuntesdesanluis.com\/?s={search_term_string}"},"query-input":{"@type":"PropertyValueSpecification","valueRequired":true,"valueName":"search_term_string"}}],"inLanguage":"es-AR"},{"@type":["Person","Organization"],"@id":"https:\/\/apuntesdesanluis.com\/#\/schema\/person\/b55151d52296fcce64d1a72538a70b90","name":"apuntesdesanluis.com","image":{"@type":"ImageObject","inLanguage":"es-AR","@id":"https:\/\/apuntesdesanluis.com\/#\/schema\/person\/image\/","url":"https:\/\/apuntesdesanluis.com\/wp-content\/uploads\/2023\/07\/cropped-apuntesdesanluis.png","contentUrl":"https:\/\/apuntesdesanluis.com\/wp-content\/uploads\/2023\/07\/cropped-apuntesdesanluis.png","width":450,"height":112,"caption":"apuntesdesanluis.com"},"logo":{"@id":"https:\/\/apuntesdesanluis.com\/#\/schema\/person\/image\/"},"sameAs":["https:\/\/apuntesdesanluis.com"],"url":"https:\/\/apuntesdesanluis.com\/index.php\/author\/apuntesdesanluis-com\/"}]}},"featured_image_urls":{"full":["https:\/\/apuntesdesanluis.com\/wp-content\/uploads\/2024\/12\/fiat-cronos.jpg",711,425,false],"thumbnail":["https:\/\/apuntesdesanluis.com\/wp-content\/uploads\/2024\/12\/fiat-cronos-150x150.jpg",150,150,true],"medium":["https:\/\/apuntesdesanluis.com\/wp-content\/uploads\/2024\/12\/fiat-cronos-300x179.jpg",300,179,true],"medium_large":["https:\/\/apuntesdesanluis.com\/wp-content\/uploads\/2024\/12\/fiat-cronos.jpg",640,383,false],"large":["https:\/\/apuntesdesanluis.com\/wp-content\/uploads\/2024\/12\/fiat-cronos.jpg",640,383,false],"1536x1536":["https:\/\/apuntesdesanluis.com\/wp-content\/uploads\/2024\/12\/fiat-cronos.jpg",711,425,false],"2048x2048":["https:\/\/apuntesdesanluis.com\/wp-content\/uploads\/2024\/12\/fiat-cronos.jpg",711,425,false],"newsever-slider-full":["https:\/\/apuntesdesanluis.com\/wp-content\/uploads\/2024\/12\/fiat-cronos.jpg",711,425,false],"newsever-featured":["https:\/\/apuntesdesanluis.com\/wp-content\/uploads\/2024\/12\/fiat-cronos.jpg",711,425,false],"newsever-medium":["https:\/\/apuntesdesanluis.com\/wp-content\/uploads\/2024\/12\/fiat-cronos.jpg",711,425,false]},"author_info":{"display_name":"apuntesdesanluis.com","author_link":"https:\/\/apuntesdesanluis.com\/index.php\/author\/apuntesdesanluis-com\/"},"category_info":"<a href=\"https:\/\/apuntesdesanluis.com\/index.php\/category\/ciudad-provincia\/\" rel=\"category tag\">Ciudad\/Provincia<\/a>","tag_info":"Ciudad\/Provincia","comment_count":"0","_links":{"self":[{"href":"https:\/\/apuntesdesanluis.com\/index.php\/wp-json\/wp\/v2\/posts\/26615","targetHints":{"allow":["GET"]}}],"collection":[{"href":"https:\/\/apuntesdesanluis.com\/index.php\/wp-json\/wp\/v2\/posts"}],"about":[{"href":"https:\/\/apuntesdesanluis.com\/index.php\/wp-json\/wp\/v2\/types\/post"}],"author":[{"embeddable":true,"href":"https:\/\/apuntesdesanluis.com\/index.php\/wp-json\/wp\/v2\/users\/1"}],"replies":[{"embeddable":true,"href":"https:\/\/apuntesdesanluis.com\/index.php\/wp-json\/wp\/v2\/comments?post=26615"}],"version-history":[{"count":3,"href":"https:\/\/apuntesdesanluis.com\/index.php\/wp-json\/wp\/v2\/posts\/26615\/revisions"}],"predecessor-version":[{"id":26655,"href":"https:\/\/apuntesdesanluis.com\/index.php\/wp-json\/wp\/v2\/posts\/26615\/revisions\/26655"}],"wp:featuredmedia":[{"embeddable":true,"href":"https:\/\/apuntesdesanluis.com\/index.php\/wp-json\/wp\/v2\/media\/26616"}],"wp:attachment":[{"href":"https:\/\/apuntesdesanluis.com\/index.php\/wp-json\/wp\/v2\/media?parent=26615"}],"wp:term":[{"taxonomy":"category","embeddable":true,"href":"https:\/\/apuntesdesanluis.com\/index.php\/wp-json\/wp\/v2\/categories?post=26615"},{"taxonomy":"post_tag","embeddable":true,"href":"https:\/\/apuntesdesanluis.com\/index.php\/wp-json\/wp\/v2\/tags?post=26615"}],"curies":[{"name":"wp","href":"https:\/\/api.w.org\/{rel}","templated":true}]}}