{"id":26649,"date":"2024-12-12T14:54:31","date_gmt":"2024-12-12T17:54:31","guid":{"rendered":"https:\/\/apuntesdesanluis.com\/?p=26649"},"modified":"2024-12-12T14:54:31","modified_gmt":"2024-12-12T17:54:31","slug":"el-segundo-paciente-trasplantado-dejo-atras-un-primer-implante-rechazado-y-24-anos-de-dialisis","status":"publish","type":"post","link":"https:\/\/apuntesdesanluis.com\/index.php\/2024\/12\/12\/el-segundo-paciente-trasplantado-dejo-atras-un-primer-implante-rechazado-y-24-anos-de-dialisis\/","title":{"rendered":"EL SEGUNDO PACIENTE TRASPLANTADO DEJ\u00d3 ATR\u00c1S UN PRIMER IMPLANTE RECHAZADO Y 24 A\u00d1OS DE DI\u00c1LISIS"},"content":{"rendered":"<h3>Tres profesionales del Hospital Central \u2018Doctor Ram\u00f3n Carrillo\u2019 dieron este jueves, en conferencia de prensa, detalles de la historia m\u00e9dica del hombre de 41 a\u00f1os al que le realizaron la cirug\u00eda el lunes 9. Contin\u00faa internado, su evoluci\u00f3n es favorable.<\/h3>\n<h3>Todos los m\u00e9dicos que han hecho referencia a los dos trasplantes renales realizados en el Hospital Central \u2018Doctor Ram\u00f3n Carrillo\u2019, verdaderos hitos en la historia de la salud p\u00fablica provincial, han hablado del notable cambio en la calidad de vida de los pacientes que trae este procedimiento.<\/h3>\n<h3>Por caso, el segundo paciente, de 41 a\u00f1os, \u201ctiene una larga historia de insuficiencia renal que comenz\u00f3 en su ni\u00f1ez. Tuvo la oportunidad de recibir un trasplante a los 11 a\u00f1os, aproximadamente, pero sufri\u00f3 el rechazo del \u00f3rgano alrededor de los 17 y desde ese momento estaba en di\u00e1lisis\u201d, relat\u00f3 <strong>Ra\u00fal Coria<\/strong>, director m\u00e9dico de \u2018El Carrillo\u2019.<\/h3>\n<h3>\u201cHaber podido hoy trasplantarse es hacer un cambio en su vida m\u00e1s que importante. Tan importante como es para nosotros poderle dar esa posibilidad, no solamente a \u00e9l, sino tambi\u00e9n al sinn\u00famero de pacientes que tienen insuficiencia renal y que est\u00e1n a la espera de esta posibilidad\u201d, expres\u00f3 Coria en una conferencia de prensa.<\/h3>\n<h3>Coria recapitul\u00f3 que el operativo se puso en marcha el domingo al mediod\u00eda, con los estudios pretrasplante para establecer si hab\u00eda compatibilidad entre el \u00f3rgano disponible y el paciente, que estaba en cuarto lugar en la lista de espera. Dado que las personas que lo anteced\u00edan resultaron no ser compatibles, se abri\u00f3 la chance del segundo trasplante para \u00e9l.<\/h3>\n<h3>\u201cEl CUCAI San Luis es quien coordina y comienza con el operativo, enter\u00e1ndose de que exist\u00eda un posible donante fuera de la provincia. Se trabaj\u00f3 durante todo el domingo, el lunes a la madrugada y se contact\u00f3 a nuestro paciente, que es de Villa Mercedes\u201d, refiri\u00f3. El protocolo marca que se env\u00edan a Mendoza muestras del paciente previamente guardadas. All\u00ed se realizaron los estudios de histocompatibilidad, entre el domingo y el lunes.<\/h3>\n<h3>\u201cHoy estamos en el tercer d\u00eda de posoperatorio, con todos los par\u00e1metros de laboratorio y cl\u00ednicos dentro de lo esperable. Somos muy optimistas, ha sido una muy buena evoluci\u00f3n. Indudablemente estar\u00e1 un par de d\u00edas m\u00e1s, para control estricto\u201d, inform\u00f3 Coria en la rueda de prensa. Esto obedece a que, dado que ya fue trasplantado y hubo un rechazo, las posibilidades de que esa situaci\u00f3n se reitere est\u00e1n latentes. Por ello, los controles deben ser m\u00e1s rigurosos y posiblemente m\u00e1s prolongados.<\/h3>\n<h3>El jefe del servicio de Cirug\u00eda General y cirujano de trasplante de \u00f3rganos abdominales, <strong>Pablo Farinelli<\/strong>, detall\u00f3 que la intervenci\u00f3n fue \u201cbastante r\u00e1pida, dur\u00f3 menos de dos horas, no hubo ninguna complicaci\u00f3n ni intraoperatoria ni en el posoperatorio. Fue m\u00e1s sencilla que el trasplante previo, porque era un ri\u00f1\u00f3n que ten\u00eda una arteria y una vena para implantar, cosa que no hab\u00eda pasado con el primero, en el que hubo que hacer m\u00e1s suturas, y eso llev\u00f3 m\u00e1s tiempo\u201d.<\/h3>\n<h3>\u201cCuando realizamos las suturas y le volvimos a brindar irrigaci\u00f3n, el \u00f3rgano inmediatamente empez\u00f3 a funcionar, a producir orina\u201d, acot\u00f3 el cirujano.<\/h3>\n<p><iframe title=\"Segundo trasplante de ri\u00f1\u00f3n realizado por el sistema p\u00fablico de salud provincial\" width=\"640\" height=\"360\" src=\"https:\/\/www.youtube.com\/embed\/lfb904qgl7w?feature=oembed\" frameborder=\"0\" allow=\"accelerometer; autoplay; clipboard-write; encrypted-media; gyroscope; picture-in-picture; web-share\" referrerpolicy=\"strict-origin-when-cross-origin\" allowfullscreen><\/iframe><\/p>\n<h3>Explic\u00f3 que el haber realizado di\u00e1lisis durante 24 a\u00f1os \u201cnos habla de la calidad de vida que tienen los pacientes; poder brindarles en la provincia el tratamiento definitivo para salir de la di\u00e1lisis, es decir, el trasplante renal, es algo muy importante. No tienen que sufrir el desarraigo de mudarse de manera temporal a otra provincia, permanecer en el postoperatorio lejos de su hogar y seguir los controles en otro lugar. Poder brindar todo eso ac\u00e1, en la provincia, es algo muy positivo\u201d, consider\u00f3.<\/h3>\n<h3>El desarraigo y todas sus consecuencias ha determinado, en muchos casos, que los pacientes desistan de la opci\u00f3n del implante. Han preferido continuar con la terapia de reemplazo, la di\u00e1lisis. Por eso, son amplias las ventajas que trae el hecho de que San Luis se haya constituido en un centro de trasplante que incluye el pre, el durante y el despu\u00e9s de la cirug\u00eda.<\/h3>\n<h3>La subjefa de la Unidad de Trasplante, <strong>Paula Arenas<\/strong>, confirm\u00f3 que el paciente \u201ctiene una buena evoluci\u00f3n desde el punto de vista cl\u00ednico, que es la parte de la que nos encargamos\u201d. Dijo que se trata de un paciente complejo, porque ya fue trasplantado y ha pasado muchos a\u00f1os con di\u00e1lisis, \u201clo que agrega muchas morbilidades y potenciales complicaciones\u201d.<\/h3>\n<p><iframe title=\"Dra  Paula Arenas, subjefa de la Unidad de Trasplante\" width=\"640\" height=\"360\" src=\"https:\/\/www.youtube.com\/embed\/KY7kNB1XD8o?feature=oembed\" frameborder=\"0\" allow=\"accelerometer; autoplay; clipboard-write; encrypted-media; gyroscope; picture-in-picture; web-share\" referrerpolicy=\"strict-origin-when-cross-origin\" allowfullscreen><\/iframe><\/p>\n<h3><\/h3>\n<p>&nbsp;<\/p>\n<p>&nbsp;<\/p>\n","protected":false},"excerpt":{"rendered":"<p>Tres profesionales del Hospital Central \u2018Doctor Ram\u00f3n Carrillo\u2019 dieron este jueves, en conferencia de prensa,&#8230;<\/p>\n","protected":false},"author":1,"featured_media":26650,"comment_status":"closed","ping_status":"closed","sticky":false,"template":"","format":"standard","meta":{"footnotes":""},"categories":[6],"tags":[],"class_list":["post-26649","post","type-post","status-publish","format-standard","has-post-thumbnail","hentry","category-ciudad-provincia"],"yoast_head":"<!-- This site is optimized with the Yoast SEO plugin v26.1.1 - https:\/\/yoast.com\/wordpress\/plugins\/seo\/ -->\n<title>EL SEGUNDO PACIENTE TRASPLANTADO DEJ\u00d3 ATR\u00c1S UN PRIMER IMPLANTE RECHAZADO Y 24 A\u00d1OS DE DI\u00c1LISIS - Apuntes de San Luis<\/title>\n<meta name=\"robots\" content=\"index, follow, max-snippet:-1, max-image-preview:large, max-video-preview:-1\" \/>\n<link rel=\"canonical\" href=\"https:\/\/apuntesdesanluis.com\/index.php\/2024\/12\/12\/el-segundo-paciente-trasplantado-dejo-atras-un-primer-implante-rechazado-y-24-anos-de-dialisis\/\" \/>\n<meta property=\"og:locale\" content=\"es_ES\" \/>\n<meta property=\"og:type\" content=\"article\" \/>\n<meta property=\"og:title\" content=\"EL SEGUNDO PACIENTE TRASPLANTADO DEJ\u00d3 ATR\u00c1S UN PRIMER IMPLANTE RECHAZADO Y 24 A\u00d1OS DE DI\u00c1LISIS - Apuntes de San Luis\" \/>\n<meta property=\"og:description\" content=\"Tres profesionales del Hospital Central \u2018Doctor Ram\u00f3n Carrillo\u2019 dieron este jueves, en conferencia de prensa,...\" \/>\n<meta property=\"og:url\" content=\"https:\/\/apuntesdesanluis.com\/index.php\/2024\/12\/12\/el-segundo-paciente-trasplantado-dejo-atras-un-primer-implante-rechazado-y-24-anos-de-dialisis\/\" \/>\n<meta property=\"og:site_name\" content=\"Apuntes de San Luis\" \/>\n<meta property=\"article:published_time\" content=\"2024-12-12T17:54:31+00:00\" \/>\n<meta property=\"og:image\" content=\"https:\/\/apuntesdesanluis.com\/wp-content\/uploads\/2024\/12\/medicosx3.png\" \/>\n\t<meta property=\"og:image:width\" content=\"720\" \/>\n\t<meta property=\"og:image:height\" content=\"410\" \/>\n\t<meta property=\"og:image:type\" content=\"image\/png\" \/>\n<meta name=\"author\" content=\"apuntesdesanluis.com\" \/>\n<meta name=\"twitter:card\" content=\"summary_large_image\" \/>\n<meta name=\"twitter:label1\" content=\"Escrito por\" \/>\n\t<meta name=\"twitter:data1\" content=\"apuntesdesanluis.com\" \/>\n\t<meta name=\"twitter:label2\" content=\"Tiempo de lectura\" \/>\n\t<meta name=\"twitter:data2\" content=\"4 minutos\" \/>\n<script type=\"application\/ld+json\" class=\"yoast-schema-graph\">{\"@context\":\"https:\/\/schema.org\",\"@graph\":[{\"@type\":\"Article\",\"@id\":\"https:\/\/apuntesdesanluis.com\/index.php\/2024\/12\/12\/el-segundo-paciente-trasplantado-dejo-atras-un-primer-implante-rechazado-y-24-anos-de-dialisis\/#article\",\"isPartOf\":{\"@id\":\"https:\/\/apuntesdesanluis.com\/index.php\/2024\/12\/12\/el-segundo-paciente-trasplantado-dejo-atras-un-primer-implante-rechazado-y-24-anos-de-dialisis\/\"},\"author\":{\"name\":\"apuntesdesanluis.com\",\"@id\":\"https:\/\/apuntesdesanluis.com\/#\/schema\/person\/b55151d52296fcce64d1a72538a70b90\"},\"headline\":\"EL SEGUNDO PACIENTE TRASPLANTADO DEJ\u00d3 ATR\u00c1S UN PRIMER IMPLANTE RECHAZADO Y 24 A\u00d1OS DE DI\u00c1LISIS\",\"datePublished\":\"2024-12-12T17:54:31+00:00\",\"mainEntityOfPage\":{\"@id\":\"https:\/\/apuntesdesanluis.com\/index.php\/2024\/12\/12\/el-segundo-paciente-trasplantado-dejo-atras-un-primer-implante-rechazado-y-24-anos-de-dialisis\/\"},\"wordCount\":805,\"publisher\":{\"@id\":\"https:\/\/apuntesdesanluis.com\/#\/schema\/person\/b55151d52296fcce64d1a72538a70b90\"},\"image\":{\"@id\":\"https:\/\/apuntesdesanluis.com\/index.php\/2024\/12\/12\/el-segundo-paciente-trasplantado-dejo-atras-un-primer-implante-rechazado-y-24-anos-de-dialisis\/#primaryimage\"},\"thumbnailUrl\":\"https:\/\/apuntesdesanluis.com\/wp-content\/uploads\/2024\/12\/medicosx3.png\",\"articleSection\":[\"Ciudad\/Provincia\"],\"inLanguage\":\"es-AR\"},{\"@type\":\"WebPage\",\"@id\":\"https:\/\/apuntesdesanluis.com\/index.php\/2024\/12\/12\/el-segundo-paciente-trasplantado-dejo-atras-un-primer-implante-rechazado-y-24-anos-de-dialisis\/\",\"url\":\"https:\/\/apuntesdesanluis.com\/index.php\/2024\/12\/12\/el-segundo-paciente-trasplantado-dejo-atras-un-primer-implante-rechazado-y-24-anos-de-dialisis\/\",\"name\":\"EL SEGUNDO PACIENTE TRASPLANTADO DEJ\u00d3 ATR\u00c1S UN PRIMER IMPLANTE RECHAZADO Y 24 A\u00d1OS DE DI\u00c1LISIS - Apuntes de San Luis\",\"isPartOf\":{\"@id\":\"https:\/\/apuntesdesanluis.com\/#website\"},\"primaryImageOfPage\":{\"@id\":\"https:\/\/apuntesdesanluis.com\/index.php\/2024\/12\/12\/el-segundo-paciente-trasplantado-dejo-atras-un-primer-implante-rechazado-y-24-anos-de-dialisis\/#primaryimage\"},\"image\":{\"@id\":\"https:\/\/apuntesdesanluis.com\/index.php\/2024\/12\/12\/el-segundo-paciente-trasplantado-dejo-atras-un-primer-implante-rechazado-y-24-anos-de-dialisis\/#primaryimage\"},\"thumbnailUrl\":\"https:\/\/apuntesdesanluis.com\/wp-content\/uploads\/2024\/12\/medicosx3.png\",\"datePublished\":\"2024-12-12T17:54:31+00:00\",\"breadcrumb\":{\"@id\":\"https:\/\/apuntesdesanluis.com\/index.php\/2024\/12\/12\/el-segundo-paciente-trasplantado-dejo-atras-un-primer-implante-rechazado-y-24-anos-de-dialisis\/#breadcrumb\"},\"inLanguage\":\"es-AR\",\"potentialAction\":[{\"@type\":\"ReadAction\",\"target\":[\"https:\/\/apuntesdesanluis.com\/index.php\/2024\/12\/12\/el-segundo-paciente-trasplantado-dejo-atras-un-primer-implante-rechazado-y-24-anos-de-dialisis\/\"]}]},{\"@type\":\"ImageObject\",\"inLanguage\":\"es-AR\",\"@id\":\"https:\/\/apuntesdesanluis.com\/index.php\/2024\/12\/12\/el-segundo-paciente-trasplantado-dejo-atras-un-primer-implante-rechazado-y-24-anos-de-dialisis\/#primaryimage\",\"url\":\"https:\/\/apuntesdesanluis.com\/wp-content\/uploads\/2024\/12\/medicosx3.png\",\"contentUrl\":\"https:\/\/apuntesdesanluis.com\/wp-content\/uploads\/2024\/12\/medicosx3.png\",\"width\":720,\"height\":410},{\"@type\":\"BreadcrumbList\",\"@id\":\"https:\/\/apuntesdesanluis.com\/index.php\/2024\/12\/12\/el-segundo-paciente-trasplantado-dejo-atras-un-primer-implante-rechazado-y-24-anos-de-dialisis\/#breadcrumb\",\"itemListElement\":[{\"@type\":\"ListItem\",\"position\":1,\"name\":\"Inicio\",\"item\":\"https:\/\/apuntesdesanluis.com\/\"},{\"@type\":\"ListItem\",\"position\":2,\"name\":\"EL SEGUNDO PACIENTE TRASPLANTADO DEJ\u00d3 ATR\u00c1S UN PRIMER IMPLANTE RECHAZADO Y 24 A\u00d1OS DE DI\u00c1LISIS\"}]},{\"@type\":\"WebSite\",\"@id\":\"https:\/\/apuntesdesanluis.com\/#website\",\"url\":\"https:\/\/apuntesdesanluis.com\/\",\"name\":\"Apuntes de San Luis\",\"description\":\"\",\"publisher\":{\"@id\":\"https:\/\/apuntesdesanluis.com\/#\/schema\/person\/b55151d52296fcce64d1a72538a70b90\"},\"potentialAction\":[{\"@type\":\"SearchAction\",\"target\":{\"@type\":\"EntryPoint\",\"urlTemplate\":\"https:\/\/apuntesdesanluis.com\/?s={search_term_string}\"},\"query-input\":{\"@type\":\"PropertyValueSpecification\",\"valueRequired\":true,\"valueName\":\"search_term_string\"}}],\"inLanguage\":\"es-AR\"},{\"@type\":[\"Person\",\"Organization\"],\"@id\":\"https:\/\/apuntesdesanluis.com\/#\/schema\/person\/b55151d52296fcce64d1a72538a70b90\",\"name\":\"apuntesdesanluis.com\",\"image\":{\"@type\":\"ImageObject\",\"inLanguage\":\"es-AR\",\"@id\":\"https:\/\/apuntesdesanluis.com\/#\/schema\/person\/image\/\",\"url\":\"https:\/\/apuntesdesanluis.com\/wp-content\/uploads\/2023\/07\/cropped-apuntesdesanluis.png\",\"contentUrl\":\"https:\/\/apuntesdesanluis.com\/wp-content\/uploads\/2023\/07\/cropped-apuntesdesanluis.png\",\"width\":450,\"height\":112,\"caption\":\"apuntesdesanluis.com\"},\"logo\":{\"@id\":\"https:\/\/apuntesdesanluis.com\/#\/schema\/person\/image\/\"},\"sameAs\":[\"https:\/\/apuntesdesanluis.com\"],\"url\":\"https:\/\/apuntesdesanluis.com\/index.php\/author\/apuntesdesanluis-com\/\"}]}<\/script>\n<!-- \/ Yoast SEO plugin. -->","yoast_head_json":{"title":"EL SEGUNDO PACIENTE TRASPLANTADO DEJ\u00d3 ATR\u00c1S UN PRIMER IMPLANTE RECHAZADO Y 24 A\u00d1OS DE DI\u00c1LISIS - Apuntes de San Luis","robots":{"index":"index","follow":"follow","max-snippet":"max-snippet:-1","max-image-preview":"max-image-preview:large","max-video-preview":"max-video-preview:-1"},"canonical":"https:\/\/apuntesdesanluis.com\/index.php\/2024\/12\/12\/el-segundo-paciente-trasplantado-dejo-atras-un-primer-implante-rechazado-y-24-anos-de-dialisis\/","og_locale":"es_ES","og_type":"article","og_title":"EL SEGUNDO PACIENTE TRASPLANTADO DEJ\u00d3 ATR\u00c1S UN PRIMER IMPLANTE RECHAZADO Y 24 A\u00d1OS DE DI\u00c1LISIS - Apuntes de San Luis","og_description":"Tres profesionales del Hospital Central \u2018Doctor Ram\u00f3n Carrillo\u2019 dieron este jueves, en conferencia de prensa,...","og_url":"https:\/\/apuntesdesanluis.com\/index.php\/2024\/12\/12\/el-segundo-paciente-trasplantado-dejo-atras-un-primer-implante-rechazado-y-24-anos-de-dialisis\/","og_site_name":"Apuntes de San Luis","article_published_time":"2024-12-12T17:54:31+00:00","og_image":[{"width":720,"height":410,"url":"https:\/\/apuntesdesanluis.com\/wp-content\/uploads\/2024\/12\/medicosx3.png","type":"image\/png"}],"author":"apuntesdesanluis.com","twitter_card":"summary_large_image","twitter_misc":{"Escrito por":"apuntesdesanluis.com","Tiempo de lectura":"4 minutos"},"schema":{"@context":"https:\/\/schema.org","@graph":[{"@type":"Article","@id":"https:\/\/apuntesdesanluis.com\/index.php\/2024\/12\/12\/el-segundo-paciente-trasplantado-dejo-atras-un-primer-implante-rechazado-y-24-anos-de-dialisis\/#article","isPartOf":{"@id":"https:\/\/apuntesdesanluis.com\/index.php\/2024\/12\/12\/el-segundo-paciente-trasplantado-dejo-atras-un-primer-implante-rechazado-y-24-anos-de-dialisis\/"},"author":{"name":"apuntesdesanluis.com","@id":"https:\/\/apuntesdesanluis.com\/#\/schema\/person\/b55151d52296fcce64d1a72538a70b90"},"headline":"EL SEGUNDO PACIENTE TRASPLANTADO DEJ\u00d3 ATR\u00c1S UN PRIMER IMPLANTE RECHAZADO Y 24 A\u00d1OS DE DI\u00c1LISIS","datePublished":"2024-12-12T17:54:31+00:00","mainEntityOfPage":{"@id":"https:\/\/apuntesdesanluis.com\/index.php\/2024\/12\/12\/el-segundo-paciente-trasplantado-dejo-atras-un-primer-implante-rechazado-y-24-anos-de-dialisis\/"},"wordCount":805,"publisher":{"@id":"https:\/\/apuntesdesanluis.com\/#\/schema\/person\/b55151d52296fcce64d1a72538a70b90"},"image":{"@id":"https:\/\/apuntesdesanluis.com\/index.php\/2024\/12\/12\/el-segundo-paciente-trasplantado-dejo-atras-un-primer-implante-rechazado-y-24-anos-de-dialisis\/#primaryimage"},"thumbnailUrl":"https:\/\/apuntesdesanluis.com\/wp-content\/uploads\/2024\/12\/medicosx3.png","articleSection":["Ciudad\/Provincia"],"inLanguage":"es-AR"},{"@type":"WebPage","@id":"https:\/\/apuntesdesanluis.com\/index.php\/2024\/12\/12\/el-segundo-paciente-trasplantado-dejo-atras-un-primer-implante-rechazado-y-24-anos-de-dialisis\/","url":"https:\/\/apuntesdesanluis.com\/index.php\/2024\/12\/12\/el-segundo-paciente-trasplantado-dejo-atras-un-primer-implante-rechazado-y-24-anos-de-dialisis\/","name":"EL SEGUNDO PACIENTE TRASPLANTADO DEJ\u00d3 ATR\u00c1S UN PRIMER IMPLANTE RECHAZADO Y 24 A\u00d1OS DE DI\u00c1LISIS - Apuntes de San Luis","isPartOf":{"@id":"https:\/\/apuntesdesanluis.com\/#website"},"primaryImageOfPage":{"@id":"https:\/\/apuntesdesanluis.com\/index.php\/2024\/12\/12\/el-segundo-paciente-trasplantado-dejo-atras-un-primer-implante-rechazado-y-24-anos-de-dialisis\/#primaryimage"},"image":{"@id":"https:\/\/apuntesdesanluis.com\/index.php\/2024\/12\/12\/el-segundo-paciente-trasplantado-dejo-atras-un-primer-implante-rechazado-y-24-anos-de-dialisis\/#primaryimage"},"thumbnailUrl":"https:\/\/apuntesdesanluis.com\/wp-content\/uploads\/2024\/12\/medicosx3.png","datePublished":"2024-12-12T17:54:31+00:00","breadcrumb":{"@id":"https:\/\/apuntesdesanluis.com\/index.php\/2024\/12\/12\/el-segundo-paciente-trasplantado-dejo-atras-un-primer-implante-rechazado-y-24-anos-de-dialisis\/#breadcrumb"},"inLanguage":"es-AR","potentialAction":[{"@type":"ReadAction","target":["https:\/\/apuntesdesanluis.com\/index.php\/2024\/12\/12\/el-segundo-paciente-trasplantado-dejo-atras-un-primer-implante-rechazado-y-24-anos-de-dialisis\/"]}]},{"@type":"ImageObject","inLanguage":"es-AR","@id":"https:\/\/apuntesdesanluis.com\/index.php\/2024\/12\/12\/el-segundo-paciente-trasplantado-dejo-atras-un-primer-implante-rechazado-y-24-anos-de-dialisis\/#primaryimage","url":"https:\/\/apuntesdesanluis.com\/wp-content\/uploads\/2024\/12\/medicosx3.png","contentUrl":"https:\/\/apuntesdesanluis.com\/wp-content\/uploads\/2024\/12\/medicosx3.png","width":720,"height":410},{"@type":"BreadcrumbList","@id":"https:\/\/apuntesdesanluis.com\/index.php\/2024\/12\/12\/el-segundo-paciente-trasplantado-dejo-atras-un-primer-implante-rechazado-y-24-anos-de-dialisis\/#breadcrumb","itemListElement":[{"@type":"ListItem","position":1,"name":"Inicio","item":"https:\/\/apuntesdesanluis.com\/"},{"@type":"ListItem","position":2,"name":"EL SEGUNDO PACIENTE TRASPLANTADO DEJ\u00d3 ATR\u00c1S UN PRIMER IMPLANTE RECHAZADO Y 24 A\u00d1OS DE DI\u00c1LISIS"}]},{"@type":"WebSite","@id":"https:\/\/apuntesdesanluis.com\/#website","url":"https:\/\/apuntesdesanluis.com\/","name":"Apuntes de San Luis","description":"","publisher":{"@id":"https:\/\/apuntesdesanluis.com\/#\/schema\/person\/b55151d52296fcce64d1a72538a70b90"},"potentialAction":[{"@type":"SearchAction","target":{"@type":"EntryPoint","urlTemplate":"https:\/\/apuntesdesanluis.com\/?s={search_term_string}"},"query-input":{"@type":"PropertyValueSpecification","valueRequired":true,"valueName":"search_term_string"}}],"inLanguage":"es-AR"},{"@type":["Person","Organization"],"@id":"https:\/\/apuntesdesanluis.com\/#\/schema\/person\/b55151d52296fcce64d1a72538a70b90","name":"apuntesdesanluis.com","image":{"@type":"ImageObject","inLanguage":"es-AR","@id":"https:\/\/apuntesdesanluis.com\/#\/schema\/person\/image\/","url":"https:\/\/apuntesdesanluis.com\/wp-content\/uploads\/2023\/07\/cropped-apuntesdesanluis.png","contentUrl":"https:\/\/apuntesdesanluis.com\/wp-content\/uploads\/2023\/07\/cropped-apuntesdesanluis.png","width":450,"height":112,"caption":"apuntesdesanluis.com"},"logo":{"@id":"https:\/\/apuntesdesanluis.com\/#\/schema\/person\/image\/"},"sameAs":["https:\/\/apuntesdesanluis.com"],"url":"https:\/\/apuntesdesanluis.com\/index.php\/author\/apuntesdesanluis-com\/"}]}},"featured_image_urls":{"full":["https:\/\/apuntesdesanluis.com\/wp-content\/uploads\/2024\/12\/medicosx3.png",720,410,false],"thumbnail":["https:\/\/apuntesdesanluis.com\/wp-content\/uploads\/2024\/12\/medicosx3-150x150.png",150,150,true],"medium":["https:\/\/apuntesdesanluis.com\/wp-content\/uploads\/2024\/12\/medicosx3-300x171.png",300,171,true],"medium_large":["https:\/\/apuntesdesanluis.com\/wp-content\/uploads\/2024\/12\/medicosx3.png",640,364,false],"large":["https:\/\/apuntesdesanluis.com\/wp-content\/uploads\/2024\/12\/medicosx3.png",640,364,false],"1536x1536":["https:\/\/apuntesdesanluis.com\/wp-content\/uploads\/2024\/12\/medicosx3.png",720,410,false],"2048x2048":["https:\/\/apuntesdesanluis.com\/wp-content\/uploads\/2024\/12\/medicosx3.png",720,410,false],"newsever-slider-full":["https:\/\/apuntesdesanluis.com\/wp-content\/uploads\/2024\/12\/medicosx3.png",720,410,false],"newsever-featured":["https:\/\/apuntesdesanluis.com\/wp-content\/uploads\/2024\/12\/medicosx3.png",720,410,false],"newsever-medium":["https:\/\/apuntesdesanluis.com\/wp-content\/uploads\/2024\/12\/medicosx3.png",720,410,false]},"author_info":{"display_name":"apuntesdesanluis.com","author_link":"https:\/\/apuntesdesanluis.com\/index.php\/author\/apuntesdesanluis-com\/"},"category_info":"<a href=\"https:\/\/apuntesdesanluis.com\/index.php\/category\/ciudad-provincia\/\" rel=\"category tag\">Ciudad\/Provincia<\/a>","tag_info":"Ciudad\/Provincia","comment_count":"0","_links":{"self":[{"href":"https:\/\/apuntesdesanluis.com\/index.php\/wp-json\/wp\/v2\/posts\/26649","targetHints":{"allow":["GET"]}}],"collection":[{"href":"https:\/\/apuntesdesanluis.com\/index.php\/wp-json\/wp\/v2\/posts"}],"about":[{"href":"https:\/\/apuntesdesanluis.com\/index.php\/wp-json\/wp\/v2\/types\/post"}],"author":[{"embeddable":true,"href":"https:\/\/apuntesdesanluis.com\/index.php\/wp-json\/wp\/v2\/users\/1"}],"replies":[{"embeddable":true,"href":"https:\/\/apuntesdesanluis.com\/index.php\/wp-json\/wp\/v2\/comments?post=26649"}],"version-history":[{"count":1,"href":"https:\/\/apuntesdesanluis.com\/index.php\/wp-json\/wp\/v2\/posts\/26649\/revisions"}],"predecessor-version":[{"id":26651,"href":"https:\/\/apuntesdesanluis.com\/index.php\/wp-json\/wp\/v2\/posts\/26649\/revisions\/26651"}],"wp:featuredmedia":[{"embeddable":true,"href":"https:\/\/apuntesdesanluis.com\/index.php\/wp-json\/wp\/v2\/media\/26650"}],"wp:attachment":[{"href":"https:\/\/apuntesdesanluis.com\/index.php\/wp-json\/wp\/v2\/media?parent=26649"}],"wp:term":[{"taxonomy":"category","embeddable":true,"href":"https:\/\/apuntesdesanluis.com\/index.php\/wp-json\/wp\/v2\/categories?post=26649"},{"taxonomy":"post_tag","embeddable":true,"href":"https:\/\/apuntesdesanluis.com\/index.php\/wp-json\/wp\/v2\/tags?post=26649"}],"curies":[{"name":"wp","href":"https:\/\/api.w.org\/{rel}","templated":true}]}}