{"id":2665,"date":"2023-09-04T20:45:05","date_gmt":"2023-09-04T23:45:05","guid":{"rendered":"https:\/\/apuntesdesanluis.com\/?p=2665"},"modified":"2023-09-04T21:22:19","modified_gmt":"2023-09-05T00:22:19","slug":"detuvieron-a-dos-sospechosos-por-el-crimen-de-mariano-barbieri-en-palermo","status":"publish","type":"post","link":"https:\/\/apuntesdesanluis.com\/index.php\/2023\/09\/04\/detuvieron-a-dos-sospechosos-por-el-crimen-de-mariano-barbieri-en-palermo\/","title":{"rendered":"DETUVIERON A DOS SOSPECHOSOS POR EL CRIMEN DE MARIANO BARBIERI EN PALERMO"},"content":{"rendered":"<h3 class=\"yiv7409174924ydp6329976emsonormal\" style=\"text-align: justify; background: white;\"><span style=\"font-family: 'Arial','sans-serif'; color: #1d2228;\">Detuvieron este lunes a dos sospechosos por el crimen de Mariano Barbieri, el ingeniero civil de 42 a\u00f1os que fue asesinado la noche del mi\u00e9rcoles pasado a metros de la esquina de avenida Del Libertador y Lafinur, en una de las zonas m\u00e1s exclusivas y costosas del barrio porte\u00f1o de Palermo.<\/span><\/h3>\n<h3 class=\"yiv7409174924ydp6329976emsonormal\" style=\"text-align: justify; background: white;\"><span style=\"font-family: 'Arial','sans-serif'; color: #1d2228;\">Fuentes de la investigaci\u00f3n confirmaron a Infobae que personal de la Polic\u00eda de la Ciudad los detuvo este lunes en el Barrio 31 de Retiro. \u201cEl primero fue arrestado en horas del mediod\u00eda por la Divisi\u00f3n Homicidios y el segundo fue puesto a disposici\u00f3n de la Justicia esta tarde por la Divisi\u00f3n Antidrogas Norte\u201d, ampliaron.<\/span><\/h3>\n<h3 class=\"yiv7409174924ydp6329976emsonormal\" style=\"text-align: justify; background: white;\"><span style=\"font-family: 'Arial','sans-serif'; color: #1d2228;\">Ambas detenciones fueron avaladas por el Juzgado Nacional en lo Criminal y Correccional N\u00famero N\u00b08, a cargo de la jueza Yamile Susana Bernan. Se espera para este martes \u201cla realizaci\u00f3n de distintas medidas de prueba para establecer si alguno es el autor del homicidio\u201d, destacaron.<\/span><\/h3>\n<h3 class=\"yiv7409174924ydp6329976emsonormal\" style=\"text-align: justify; background: white;\"><span style=\"font-family: 'Arial','sans-serif'; color: #1d2228;\">Lo cierto es que si bien ambos son de caracter\u00edsticas fison\u00f3micas similares a la del hombre que fue detectado por las c\u00e1maras de seguridad de la zona como el presunto atacante de Barbieri, el primero de los detenidos cay\u00f3 por \u201cuna campera de color rojo que vest\u00eda y que dijo que no era suya, sino que se la hab\u00edan prestado\u201d, explicaron las fuentes consultadas. Al segundo de los capturados, y sobre quien pesa la sospecha m\u00e1s firme, le secuestraron una \u201cgorra que es casi id\u00e9ntica\u201d a la que usaba el presunto homicida.<\/span><\/h3>\n<h3 class=\"yiv7409174924ydp6329976emsonormal\" style=\"text-align: justify; background: white;\"><span style=\"font-family: 'Arial','sans-serif'; color: #1d2228;\">Sobre este segundo detenido se sabe que \u201ctiene 29 a\u00f1os y antecedentes por un intento de robo: estuvo preso en Devoto en 2020\u201d, ampliaron las fuentes consultadas por este medio, y dijeron que lo capturaron \u201csiguiendo el rastro de las c\u00e1maras de seguridad\u201d.<\/span><\/h3>\n<h3 class=\"yiv7409174924ydp6329976emsonormal\" style=\"text-align: justify; background: white;\"><span style=\"font-family: 'Arial','sans-serif'; color: #1d2228;\">Identificado como I.J.S., con domicilio en el Conurbano bonaerense y que paraba a veces en el asentamiento de Retiro, las filmaciones \u201clo tomaron hasta que entr\u00f3 en la Villa 31 por la calle Sald\u00edas\u201d. Las fuentes detallaron, adem\u00e1s, que el sospechoso es carrero y en su carro \u201cle encontraron la gorra y la bufanda\u201d, que ser\u00e1n peritadas en busca de sangre o ADN del ingeniero asesinado.<\/span><\/h3>\n<h3 class=\"yiv7409174924ydp6329976emsonormal\" style=\"text-align: justify; background: white;\"><span style=\"font-family: 'Arial','sans-serif'; color: #1d2228;\">Del primero de los sospechosos capturados este lunes s\u00f3lo se conoce que, adem\u00e1s de las caracter\u00edsticas similares al presunto homicida captado por las c\u00e1maras de seguridad, lo detuvieron por la campera de color rojo que llevaba y que un testigo dio como dato significativo del atacante, al igual que la gorra.<\/span><\/h3>\n<h3 class=\"yiv7409174924ydp6329976emsonormal\" style=\"text-align: justify; background: white;\"><span style=\"font-family: 'Arial','sans-serif'; color: #1d2228;\">El presunto homicida hab\u00eda sido captado por las c\u00e1maras de seguridad antes de ingresar a la plaza Sicilia del Parque Tres de Febrero por el Jard\u00edn Japon\u00e9s, casi en el mismo horario en el que lo hizo Barbieri, cerca de las 22.45 del 30 de agosto pasado, solo que la v\u00edctima entr\u00f3 a metros de Lafinur y avenida Del Libertador.<\/span><\/h3>\n<h3 class=\"yiv7409174924ydp6329976emsonormal\" style=\"text-align: justify; background: white;\"><span style=\"font-family: 'Arial','sans-serif'; color: #1d2228;\">Las c\u00e1maras de seguridad coincidieron con el relato de ese testigo, que habl\u00f3 de un hombre de 30 a\u00f1os con un buzo rojo. Tras herirlo de una pu\u00f1alada en el coraz\u00f3n, el asesino huy\u00f3 en la misma direcci\u00f3n por la que ingres\u00f3: las c\u00e1maras lo captaron escapando -por momentos, corriendo y, en otros caminando- por el Jard\u00edn Japon\u00e9s, hacia Figueroa Alcorta.<\/span><\/h3>\n<h3 class=\"yiv7409174924ydp6329976emsonormal\" style=\"text-align: justify; background: white;\"><span style=\"font-family: 'Arial','sans-serif'; color: #1d2228;\">Creen los detectives dirigidos por el fiscal Marcelo Munilla Lacasa que, en el interior del parque, se cruz\u00f3 al ingeniero y lo atac\u00f3 para robarle el celular. \u201cSe trenzaron en lucha, incluso cayeron al suelo\u201d, precisaron en base a la declaraci\u00f3n del testigo que llam\u00f3 al 911.<\/span><\/h3>\n<h3 class=\"yiv7409174924ydp6329976emsonormal\" style=\"text-align: justify; background: white;\"><span style=\"font-family: 'Arial','sans-serif'; color: #1d2228;\">Luego, gracias al an\u00e1lisis de las im\u00e1genes tambi\u00e9n se pudo establecer el lugar desde donde proven\u00eda, lo que llev\u00f3 a los investigadores hasta la Plaza Per\u00fa este lunes. Sin embargo, las filmaciones no revelaron la cara del sospechoso, que llevaba una gorra y dificultaba a\u00fan m\u00e1s su identificaci\u00f3n. Ahora, ser\u00e1n las pericias la clave para determinar su participaci\u00f3n en el hecho.<\/span><\/h3>\n<h3 class=\"yiv7409174924ydp6329976emsonormal\" style=\"text-align: justify; background: white;\"><span style=\"font-family: 'Arial','sans-serif'; color: #1d2228;\">Justamente, el cuchillo encontrado en Palermo ten\u00eda una huella parcial que no fue suficiente para una identificaci\u00f3n en bases de datos. Y este lunes comenzaron a realizarse la pericia de ADN a la sangre hallada en la presunta arma homicida, y en la ropa de la v\u00edctima. El resultado determinar\u00e1 si fue usada para matar a Barbieri.<\/span><\/h3>\n<h3 class=\"yiv7409174924ydp6329976emsonormal\" style=\"text-align: justify; background: white;\"><span style=\"font-family: 'Arial','sans-serif'; color: #1d2228;\">A Barbieri lo atacaron el 30 de agosto pasado poco antes de las 22.43. Un video que se sum\u00f3 a la investigaci\u00f3n este fin de semana muestra desde otro \u00e1ngulo el momento en el que Barbieri llega al local ubicado en la esquina de avenida Del Libertador y Lafinur para ser auxiliado.<\/span><\/h3>\n<p>&nbsp;<\/p>\n<p>&nbsp;<\/p>\n<p>&nbsp;<\/p>\n","protected":false},"excerpt":{"rendered":"<p>Detuvieron este lunes a dos sospechosos por el crimen de Mariano Barbieri, el ingeniero civil&#8230;<\/p>\n","protected":false},"author":1,"featured_media":2666,"comment_status":"closed","ping_status":"closed","sticky":false,"template":"","format":"standard","meta":{"footnotes":""},"categories":[5],"tags":[],"class_list":["post-2665","post","type-post","status-publish","format-standard","has-post-thumbnail","hentry","category-nacionales-internacionales"],"yoast_head":"<!-- This site is optimized with the Yoast SEO plugin v26.1.1 - https:\/\/yoast.com\/wordpress\/plugins\/seo\/ -->\n<title>DETUVIERON A DOS SOSPECHOSOS POR EL CRIMEN DE MARIANO BARBIERI EN PALERMO - Apuntes de San Luis<\/title>\n<meta name=\"robots\" content=\"index, follow, max-snippet:-1, max-image-preview:large, max-video-preview:-1\" \/>\n<link rel=\"canonical\" href=\"https:\/\/apuntesdesanluis.com\/index.php\/2023\/09\/04\/detuvieron-a-dos-sospechosos-por-el-crimen-de-mariano-barbieri-en-palermo\/\" \/>\n<meta property=\"og:locale\" content=\"es_ES\" \/>\n<meta property=\"og:type\" content=\"article\" \/>\n<meta property=\"og:title\" content=\"DETUVIERON A DOS SOSPECHOSOS POR EL CRIMEN DE MARIANO BARBIERI EN PALERMO - Apuntes de San Luis\" \/>\n<meta property=\"og:description\" content=\"Detuvieron este lunes a dos sospechosos por el crimen de Mariano Barbieri, el ingeniero civil...\" \/>\n<meta property=\"og:url\" content=\"https:\/\/apuntesdesanluis.com\/index.php\/2023\/09\/04\/detuvieron-a-dos-sospechosos-por-el-crimen-de-mariano-barbieri-en-palermo\/\" \/>\n<meta property=\"og:site_name\" content=\"Apuntes de San Luis\" \/>\n<meta property=\"article:published_time\" content=\"2023-09-04T23:45:05+00:00\" \/>\n<meta property=\"article:modified_time\" content=\"2023-09-05T00:22:19+00:00\" \/>\n<meta property=\"og:image\" content=\"https:\/\/apuntesdesanluis.com\/wp-content\/uploads\/2023\/09\/crimen-del-ingeniero.png\" \/>\n\t<meta property=\"og:image:width\" content=\"700\" \/>\n\t<meta property=\"og:image:height\" content=\"442\" \/>\n\t<meta property=\"og:image:type\" content=\"image\/png\" \/>\n<meta name=\"author\" content=\"apuntesdesanluis.com\" \/>\n<meta name=\"twitter:card\" content=\"summary_large_image\" \/>\n<meta name=\"twitter:label1\" content=\"Escrito por\" \/>\n\t<meta name=\"twitter:data1\" content=\"apuntesdesanluis.com\" \/>\n\t<meta name=\"twitter:label2\" content=\"Tiempo de lectura\" \/>\n\t<meta name=\"twitter:data2\" content=\"4 minutos\" \/>\n<script type=\"application\/ld+json\" class=\"yoast-schema-graph\">{\"@context\":\"https:\/\/schema.org\",\"@graph\":[{\"@type\":\"Article\",\"@id\":\"https:\/\/apuntesdesanluis.com\/index.php\/2023\/09\/04\/detuvieron-a-dos-sospechosos-por-el-crimen-de-mariano-barbieri-en-palermo\/#article\",\"isPartOf\":{\"@id\":\"https:\/\/apuntesdesanluis.com\/index.php\/2023\/09\/04\/detuvieron-a-dos-sospechosos-por-el-crimen-de-mariano-barbieri-en-palermo\/\"},\"author\":{\"name\":\"apuntesdesanluis.com\",\"@id\":\"https:\/\/apuntesdesanluis.com\/#\/schema\/person\/b55151d52296fcce64d1a72538a70b90\"},\"headline\":\"DETUVIERON A DOS SOSPECHOSOS POR EL CRIMEN DE MARIANO BARBIERI EN PALERMO\",\"datePublished\":\"2023-09-04T23:45:05+00:00\",\"dateModified\":\"2023-09-05T00:22:19+00:00\",\"mainEntityOfPage\":{\"@id\":\"https:\/\/apuntesdesanluis.com\/index.php\/2023\/09\/04\/detuvieron-a-dos-sospechosos-por-el-crimen-de-mariano-barbieri-en-palermo\/\"},\"wordCount\":802,\"publisher\":{\"@id\":\"https:\/\/apuntesdesanluis.com\/#\/schema\/person\/b55151d52296fcce64d1a72538a70b90\"},\"image\":{\"@id\":\"https:\/\/apuntesdesanluis.com\/index.php\/2023\/09\/04\/detuvieron-a-dos-sospechosos-por-el-crimen-de-mariano-barbieri-en-palermo\/#primaryimage\"},\"thumbnailUrl\":\"https:\/\/apuntesdesanluis.com\/wp-content\/uploads\/2023\/09\/crimen-del-ingeniero.png\",\"articleSection\":[\"Nacionales\/Internacionales\"],\"inLanguage\":\"es-AR\"},{\"@type\":\"WebPage\",\"@id\":\"https:\/\/apuntesdesanluis.com\/index.php\/2023\/09\/04\/detuvieron-a-dos-sospechosos-por-el-crimen-de-mariano-barbieri-en-palermo\/\",\"url\":\"https:\/\/apuntesdesanluis.com\/index.php\/2023\/09\/04\/detuvieron-a-dos-sospechosos-por-el-crimen-de-mariano-barbieri-en-palermo\/\",\"name\":\"DETUVIERON A DOS SOSPECHOSOS POR EL CRIMEN DE MARIANO BARBIERI EN PALERMO - Apuntes de San Luis\",\"isPartOf\":{\"@id\":\"https:\/\/apuntesdesanluis.com\/#website\"},\"primaryImageOfPage\":{\"@id\":\"https:\/\/apuntesdesanluis.com\/index.php\/2023\/09\/04\/detuvieron-a-dos-sospechosos-por-el-crimen-de-mariano-barbieri-en-palermo\/#primaryimage\"},\"image\":{\"@id\":\"https:\/\/apuntesdesanluis.com\/index.php\/2023\/09\/04\/detuvieron-a-dos-sospechosos-por-el-crimen-de-mariano-barbieri-en-palermo\/#primaryimage\"},\"thumbnailUrl\":\"https:\/\/apuntesdesanluis.com\/wp-content\/uploads\/2023\/09\/crimen-del-ingeniero.png\",\"datePublished\":\"2023-09-04T23:45:05+00:00\",\"dateModified\":\"2023-09-05T00:22:19+00:00\",\"breadcrumb\":{\"@id\":\"https:\/\/apuntesdesanluis.com\/index.php\/2023\/09\/04\/detuvieron-a-dos-sospechosos-por-el-crimen-de-mariano-barbieri-en-palermo\/#breadcrumb\"},\"inLanguage\":\"es-AR\",\"potentialAction\":[{\"@type\":\"ReadAction\",\"target\":[\"https:\/\/apuntesdesanluis.com\/index.php\/2023\/09\/04\/detuvieron-a-dos-sospechosos-por-el-crimen-de-mariano-barbieri-en-palermo\/\"]}]},{\"@type\":\"ImageObject\",\"inLanguage\":\"es-AR\",\"@id\":\"https:\/\/apuntesdesanluis.com\/index.php\/2023\/09\/04\/detuvieron-a-dos-sospechosos-por-el-crimen-de-mariano-barbieri-en-palermo\/#primaryimage\",\"url\":\"https:\/\/apuntesdesanluis.com\/wp-content\/uploads\/2023\/09\/crimen-del-ingeniero.png\",\"contentUrl\":\"https:\/\/apuntesdesanluis.com\/wp-content\/uploads\/2023\/09\/crimen-del-ingeniero.png\",\"width\":700,\"height\":442},{\"@type\":\"BreadcrumbList\",\"@id\":\"https:\/\/apuntesdesanluis.com\/index.php\/2023\/09\/04\/detuvieron-a-dos-sospechosos-por-el-crimen-de-mariano-barbieri-en-palermo\/#breadcrumb\",\"itemListElement\":[{\"@type\":\"ListItem\",\"position\":1,\"name\":\"Inicio\",\"item\":\"https:\/\/apuntesdesanluis.com\/\"},{\"@type\":\"ListItem\",\"position\":2,\"name\":\"DETUVIERON A DOS SOSPECHOSOS POR EL CRIMEN DE MARIANO BARBIERI EN PALERMO\"}]},{\"@type\":\"WebSite\",\"@id\":\"https:\/\/apuntesdesanluis.com\/#website\",\"url\":\"https:\/\/apuntesdesanluis.com\/\",\"name\":\"Apuntes de San Luis\",\"description\":\"\",\"publisher\":{\"@id\":\"https:\/\/apuntesdesanluis.com\/#\/schema\/person\/b55151d52296fcce64d1a72538a70b90\"},\"potentialAction\":[{\"@type\":\"SearchAction\",\"target\":{\"@type\":\"EntryPoint\",\"urlTemplate\":\"https:\/\/apuntesdesanluis.com\/?s={search_term_string}\"},\"query-input\":{\"@type\":\"PropertyValueSpecification\",\"valueRequired\":true,\"valueName\":\"search_term_string\"}}],\"inLanguage\":\"es-AR\"},{\"@type\":[\"Person\",\"Organization\"],\"@id\":\"https:\/\/apuntesdesanluis.com\/#\/schema\/person\/b55151d52296fcce64d1a72538a70b90\",\"name\":\"apuntesdesanluis.com\",\"image\":{\"@type\":\"ImageObject\",\"inLanguage\":\"es-AR\",\"@id\":\"https:\/\/apuntesdesanluis.com\/#\/schema\/person\/image\/\",\"url\":\"https:\/\/apuntesdesanluis.com\/wp-content\/uploads\/2023\/07\/cropped-apuntesdesanluis.png\",\"contentUrl\":\"https:\/\/apuntesdesanluis.com\/wp-content\/uploads\/2023\/07\/cropped-apuntesdesanluis.png\",\"width\":450,\"height\":112,\"caption\":\"apuntesdesanluis.com\"},\"logo\":{\"@id\":\"https:\/\/apuntesdesanluis.com\/#\/schema\/person\/image\/\"},\"sameAs\":[\"https:\/\/apuntesdesanluis.com\"],\"url\":\"https:\/\/apuntesdesanluis.com\/index.php\/author\/apuntesdesanluis-com\/\"}]}<\/script>\n<!-- \/ Yoast SEO plugin. -->","yoast_head_json":{"title":"DETUVIERON A DOS SOSPECHOSOS POR EL CRIMEN DE MARIANO BARBIERI EN PALERMO - Apuntes de San Luis","robots":{"index":"index","follow":"follow","max-snippet":"max-snippet:-1","max-image-preview":"max-image-preview:large","max-video-preview":"max-video-preview:-1"},"canonical":"https:\/\/apuntesdesanluis.com\/index.php\/2023\/09\/04\/detuvieron-a-dos-sospechosos-por-el-crimen-de-mariano-barbieri-en-palermo\/","og_locale":"es_ES","og_type":"article","og_title":"DETUVIERON A DOS SOSPECHOSOS POR EL CRIMEN DE MARIANO BARBIERI EN PALERMO - Apuntes de San Luis","og_description":"Detuvieron este lunes a dos sospechosos por el crimen de Mariano Barbieri, el ingeniero civil...","og_url":"https:\/\/apuntesdesanluis.com\/index.php\/2023\/09\/04\/detuvieron-a-dos-sospechosos-por-el-crimen-de-mariano-barbieri-en-palermo\/","og_site_name":"Apuntes de San Luis","article_published_time":"2023-09-04T23:45:05+00:00","article_modified_time":"2023-09-05T00:22:19+00:00","og_image":[{"width":700,"height":442,"url":"https:\/\/apuntesdesanluis.com\/wp-content\/uploads\/2023\/09\/crimen-del-ingeniero.png","type":"image\/png"}],"author":"apuntesdesanluis.com","twitter_card":"summary_large_image","twitter_misc":{"Escrito por":"apuntesdesanluis.com","Tiempo de lectura":"4 minutos"},"schema":{"@context":"https:\/\/schema.org","@graph":[{"@type":"Article","@id":"https:\/\/apuntesdesanluis.com\/index.php\/2023\/09\/04\/detuvieron-a-dos-sospechosos-por-el-crimen-de-mariano-barbieri-en-palermo\/#article","isPartOf":{"@id":"https:\/\/apuntesdesanluis.com\/index.php\/2023\/09\/04\/detuvieron-a-dos-sospechosos-por-el-crimen-de-mariano-barbieri-en-palermo\/"},"author":{"name":"apuntesdesanluis.com","@id":"https:\/\/apuntesdesanluis.com\/#\/schema\/person\/b55151d52296fcce64d1a72538a70b90"},"headline":"DETUVIERON A DOS SOSPECHOSOS POR EL CRIMEN DE MARIANO BARBIERI EN PALERMO","datePublished":"2023-09-04T23:45:05+00:00","dateModified":"2023-09-05T00:22:19+00:00","mainEntityOfPage":{"@id":"https:\/\/apuntesdesanluis.com\/index.php\/2023\/09\/04\/detuvieron-a-dos-sospechosos-por-el-crimen-de-mariano-barbieri-en-palermo\/"},"wordCount":802,"publisher":{"@id":"https:\/\/apuntesdesanluis.com\/#\/schema\/person\/b55151d52296fcce64d1a72538a70b90"},"image":{"@id":"https:\/\/apuntesdesanluis.com\/index.php\/2023\/09\/04\/detuvieron-a-dos-sospechosos-por-el-crimen-de-mariano-barbieri-en-palermo\/#primaryimage"},"thumbnailUrl":"https:\/\/apuntesdesanluis.com\/wp-content\/uploads\/2023\/09\/crimen-del-ingeniero.png","articleSection":["Nacionales\/Internacionales"],"inLanguage":"es-AR"},{"@type":"WebPage","@id":"https:\/\/apuntesdesanluis.com\/index.php\/2023\/09\/04\/detuvieron-a-dos-sospechosos-por-el-crimen-de-mariano-barbieri-en-palermo\/","url":"https:\/\/apuntesdesanluis.com\/index.php\/2023\/09\/04\/detuvieron-a-dos-sospechosos-por-el-crimen-de-mariano-barbieri-en-palermo\/","name":"DETUVIERON A DOS SOSPECHOSOS POR EL CRIMEN DE MARIANO BARBIERI EN PALERMO - Apuntes de San Luis","isPartOf":{"@id":"https:\/\/apuntesdesanluis.com\/#website"},"primaryImageOfPage":{"@id":"https:\/\/apuntesdesanluis.com\/index.php\/2023\/09\/04\/detuvieron-a-dos-sospechosos-por-el-crimen-de-mariano-barbieri-en-palermo\/#primaryimage"},"image":{"@id":"https:\/\/apuntesdesanluis.com\/index.php\/2023\/09\/04\/detuvieron-a-dos-sospechosos-por-el-crimen-de-mariano-barbieri-en-palermo\/#primaryimage"},"thumbnailUrl":"https:\/\/apuntesdesanluis.com\/wp-content\/uploads\/2023\/09\/crimen-del-ingeniero.png","datePublished":"2023-09-04T23:45:05+00:00","dateModified":"2023-09-05T00:22:19+00:00","breadcrumb":{"@id":"https:\/\/apuntesdesanluis.com\/index.php\/2023\/09\/04\/detuvieron-a-dos-sospechosos-por-el-crimen-de-mariano-barbieri-en-palermo\/#breadcrumb"},"inLanguage":"es-AR","potentialAction":[{"@type":"ReadAction","target":["https:\/\/apuntesdesanluis.com\/index.php\/2023\/09\/04\/detuvieron-a-dos-sospechosos-por-el-crimen-de-mariano-barbieri-en-palermo\/"]}]},{"@type":"ImageObject","inLanguage":"es-AR","@id":"https:\/\/apuntesdesanluis.com\/index.php\/2023\/09\/04\/detuvieron-a-dos-sospechosos-por-el-crimen-de-mariano-barbieri-en-palermo\/#primaryimage","url":"https:\/\/apuntesdesanluis.com\/wp-content\/uploads\/2023\/09\/crimen-del-ingeniero.png","contentUrl":"https:\/\/apuntesdesanluis.com\/wp-content\/uploads\/2023\/09\/crimen-del-ingeniero.png","width":700,"height":442},{"@type":"BreadcrumbList","@id":"https:\/\/apuntesdesanluis.com\/index.php\/2023\/09\/04\/detuvieron-a-dos-sospechosos-por-el-crimen-de-mariano-barbieri-en-palermo\/#breadcrumb","itemListElement":[{"@type":"ListItem","position":1,"name":"Inicio","item":"https:\/\/apuntesdesanluis.com\/"},{"@type":"ListItem","position":2,"name":"DETUVIERON A DOS SOSPECHOSOS POR EL CRIMEN DE MARIANO BARBIERI EN PALERMO"}]},{"@type":"WebSite","@id":"https:\/\/apuntesdesanluis.com\/#website","url":"https:\/\/apuntesdesanluis.com\/","name":"Apuntes de San Luis","description":"","publisher":{"@id":"https:\/\/apuntesdesanluis.com\/#\/schema\/person\/b55151d52296fcce64d1a72538a70b90"},"potentialAction":[{"@type":"SearchAction","target":{"@type":"EntryPoint","urlTemplate":"https:\/\/apuntesdesanluis.com\/?s={search_term_string}"},"query-input":{"@type":"PropertyValueSpecification","valueRequired":true,"valueName":"search_term_string"}}],"inLanguage":"es-AR"},{"@type":["Person","Organization"],"@id":"https:\/\/apuntesdesanluis.com\/#\/schema\/person\/b55151d52296fcce64d1a72538a70b90","name":"apuntesdesanluis.com","image":{"@type":"ImageObject","inLanguage":"es-AR","@id":"https:\/\/apuntesdesanluis.com\/#\/schema\/person\/image\/","url":"https:\/\/apuntesdesanluis.com\/wp-content\/uploads\/2023\/07\/cropped-apuntesdesanluis.png","contentUrl":"https:\/\/apuntesdesanluis.com\/wp-content\/uploads\/2023\/07\/cropped-apuntesdesanluis.png","width":450,"height":112,"caption":"apuntesdesanluis.com"},"logo":{"@id":"https:\/\/apuntesdesanluis.com\/#\/schema\/person\/image\/"},"sameAs":["https:\/\/apuntesdesanluis.com"],"url":"https:\/\/apuntesdesanluis.com\/index.php\/author\/apuntesdesanluis-com\/"}]}},"featured_image_urls":{"full":["https:\/\/apuntesdesanluis.com\/wp-content\/uploads\/2023\/09\/crimen-del-ingeniero.png",700,442,false],"thumbnail":["https:\/\/apuntesdesanluis.com\/wp-content\/uploads\/2023\/09\/crimen-del-ingeniero-150x150.png",150,150,true],"medium":["https:\/\/apuntesdesanluis.com\/wp-content\/uploads\/2023\/09\/crimen-del-ingeniero-300x189.png",300,189,true],"medium_large":["https:\/\/apuntesdesanluis.com\/wp-content\/uploads\/2023\/09\/crimen-del-ingeniero.png",640,404,false],"large":["https:\/\/apuntesdesanluis.com\/wp-content\/uploads\/2023\/09\/crimen-del-ingeniero.png",640,404,false],"1536x1536":["https:\/\/apuntesdesanluis.com\/wp-content\/uploads\/2023\/09\/crimen-del-ingeniero.png",700,442,false],"2048x2048":["https:\/\/apuntesdesanluis.com\/wp-content\/uploads\/2023\/09\/crimen-del-ingeniero.png",700,442,false],"newsever-slider-full":["https:\/\/apuntesdesanluis.com\/wp-content\/uploads\/2023\/09\/crimen-del-ingeniero.png",700,442,false],"newsever-featured":["https:\/\/apuntesdesanluis.com\/wp-content\/uploads\/2023\/09\/crimen-del-ingeniero.png",700,442,false],"newsever-medium":["https:\/\/apuntesdesanluis.com\/wp-content\/uploads\/2023\/09\/crimen-del-ingeniero.png",700,442,false]},"author_info":{"display_name":"apuntesdesanluis.com","author_link":"https:\/\/apuntesdesanluis.com\/index.php\/author\/apuntesdesanluis-com\/"},"category_info":"<a href=\"https:\/\/apuntesdesanluis.com\/index.php\/category\/nacionales-internacionales\/\" rel=\"category tag\">Nacionales\/Internacionales<\/a>","tag_info":"Nacionales\/Internacionales","comment_count":"0","_links":{"self":[{"href":"https:\/\/apuntesdesanluis.com\/index.php\/wp-json\/wp\/v2\/posts\/2665","targetHints":{"allow":["GET"]}}],"collection":[{"href":"https:\/\/apuntesdesanluis.com\/index.php\/wp-json\/wp\/v2\/posts"}],"about":[{"href":"https:\/\/apuntesdesanluis.com\/index.php\/wp-json\/wp\/v2\/types\/post"}],"author":[{"embeddable":true,"href":"https:\/\/apuntesdesanluis.com\/index.php\/wp-json\/wp\/v2\/users\/1"}],"replies":[{"embeddable":true,"href":"https:\/\/apuntesdesanluis.com\/index.php\/wp-json\/wp\/v2\/comments?post=2665"}],"version-history":[{"count":2,"href":"https:\/\/apuntesdesanluis.com\/index.php\/wp-json\/wp\/v2\/posts\/2665\/revisions"}],"predecessor-version":[{"id":2678,"href":"https:\/\/apuntesdesanluis.com\/index.php\/wp-json\/wp\/v2\/posts\/2665\/revisions\/2678"}],"wp:featuredmedia":[{"embeddable":true,"href":"https:\/\/apuntesdesanluis.com\/index.php\/wp-json\/wp\/v2\/media\/2666"}],"wp:attachment":[{"href":"https:\/\/apuntesdesanluis.com\/index.php\/wp-json\/wp\/v2\/media?parent=2665"}],"wp:term":[{"taxonomy":"category","embeddable":true,"href":"https:\/\/apuntesdesanluis.com\/index.php\/wp-json\/wp\/v2\/categories?post=2665"},{"taxonomy":"post_tag","embeddable":true,"href":"https:\/\/apuntesdesanluis.com\/index.php\/wp-json\/wp\/v2\/tags?post=2665"}],"curies":[{"name":"wp","href":"https:\/\/api.w.org\/{rel}","templated":true}]}}