{"id":26705,"date":"2024-12-13T19:08:08","date_gmt":"2024-12-13T22:08:08","guid":{"rendered":"https:\/\/apuntesdesanluis.com\/?p=26705"},"modified":"2024-12-13T19:08:08","modified_gmt":"2024-12-13T22:08:08","slug":"este-finde-capacitan-a-emprendedores-de-villa-mercedes-y-san-luis","status":"publish","type":"post","link":"https:\/\/apuntesdesanluis.com\/index.php\/2024\/12\/13\/este-finde-capacitan-a-emprendedores-de-villa-mercedes-y-san-luis\/","title":{"rendered":"ESTE FINDE CAPACITAN A EMPRENDEDORES DE VILLA MERCEDES Y SAN LUIS"},"content":{"rendered":"<h3>A trav\u00e9s de una convocatoria, <strong>\u2018Mi Primer Emprendimiento\u2019<\/strong> y la segunda edici\u00f3n de <strong>\u2018Mi Pr\u00f3ximo Paso\u2019<\/strong>, tendr\u00e1n su primer m\u00f3dulo de formaci\u00f3n. Estos programas, impulsados por el ministerio de Desarrollo Productivo, ofrecen asesoramiento y financiaci\u00f3n a emprendedores.<\/h3>\n<h3>Dieron detalles en conferencia de prensa <strong>Federico Trombotto<\/strong>, ministro de Desarrollo Productivo y <strong>Fernando Mallea<\/strong>, director de Desarrollo de Proveedores.<\/h3>\n<p><iframe title=\"Este fin de semana habr\u00e1 capacitaciones presenciales en San Luis y Villa Mercedes\" width=\"640\" height=\"360\" src=\"https:\/\/www.youtube.com\/embed\/HipFXXQ8G1Q?feature=oembed\" frameborder=\"0\" allow=\"accelerometer; autoplay; clipboard-write; encrypted-media; gyroscope; picture-in-picture; web-share\" referrerpolicy=\"strict-origin-when-cross-origin\" allowfullscreen><\/iframe><\/p>\n<h3>La primera capacitaci\u00f3n tendr\u00e1 lugar el <strong>s\u00e1bado 14<\/strong> de diciembre en la ciudad de <strong>Villa Mercedes<\/strong>. Ser\u00e1 a las 11:00 en el estadio Arenas del Complejo La Pedrera y estar\u00e1 a cargo del Gobernador. En esta instancia, Poggi abordar\u00e1 las caracter\u00edsticas de este ciclo formativo.<\/h3>\n<h3>En la ciudad de San Luis, la capacitaci\u00f3n ser\u00e1 dictada el d\u00eda s\u00e1bado a las 18:30 en el anfiteatro del Parque IV Centenario. En este caso, est\u00e1 destinado a emprendedores de la capital, La Punta, Potrero de los Funes, El Volc\u00e1n, La Carolina, El Trapiche, La Florida, La Calera, Cazadores, Beazley, Nogol\u00ed, Quines, Candelaria, San Francisco y Luj\u00e1n.<\/h3>\n<h3>Adem\u00e1s, la capacitaci\u00f3n para los departamentos Jun\u00edn, Chacabuco, Pringles y San Mart\u00edn se llevar\u00e1 a cabo el mi\u00e9rcoles 18 de diciembre a las 18:00 en la UPrO de Tilisarao. Los tres eventos presentar\u00e1n el plan de formaci\u00f3n junto con la metodolog\u00eda de trabajo.<\/h3>\n<h3>Entre ambos programas reunieron un total de 19.620 proyectos productivos. Con un m\u00ednimo de dos emprendedores por proyecto productivo, son 40.000 los emprendedores inscriptos. \u2018Mi Primer Emprendimiento\u2019, que est\u00e1 dirigido a j\u00f3venes entre 18 y 30 a\u00f1os que no poseen experiencia en la actividad productiva, econ\u00f3mica o como emprendedores, comput\u00f3 un total de 8.799 proyectos productivos inscriptos.<\/h3>\n<h3>La segunda edici\u00f3n de \u2018Mi Pr\u00f3ximo Paso\u2019, programa elaborado para aquellos emprendedores que tienen alg\u00fan tipo de actividad o alguna clase de conocimientos, tuvo 10.821 proyectos productivos de servicios inscriptos.<\/h3>\n<h3>\u201cHemos dividido y organizado el n\u00famero de inscriptos por regiones productivas, tal como fue estipulado al principio de la gesti\u00f3n del gobernador Claudio Poggi\u201d, puntualiz\u00f3 Trombotto. Consecutivamente, desglos\u00f3 el listado:<\/h3>\n<h3>-Centro San Luis: 9.424<\/h3>\n<h3>-Centro Este, Villa Mercedes: 5.391<\/h3>\n<h3>-Norte Serrano, norte del departamento Pringles y todo el departamento General San Mart\u00edn: 1.003<\/h3>\n<h3>-Regi\u00f3n Llanura Norte: 880<\/h3>\n<h3>-Regi\u00f3n Llanura Sur: 447<\/h3>\n<h3>-Regi\u00f3n Oeste: 283<\/h3>\n<h3>-Regi\u00f3n Valle del Conlara y Costa Los Comechingones: 2.192<\/h3>\n<p>&nbsp;<\/p>\n<p>&nbsp;<\/p>\n<p>&nbsp;<\/p>\n<p>&nbsp;<\/p>\n<p>&nbsp;<\/p>\n","protected":false},"excerpt":{"rendered":"<p>A trav\u00e9s de una convocatoria, \u2018Mi Primer Emprendimiento\u2019 y la segunda edici\u00f3n de \u2018Mi Pr\u00f3ximo&#8230;<\/p>\n","protected":false},"author":1,"featured_media":26706,"comment_status":"closed","ping_status":"closed","sticky":false,"template":"","format":"standard","meta":{"footnotes":""},"categories":[6],"tags":[],"class_list":["post-26705","post","type-post","status-publish","format-standard","has-post-thumbnail","hentry","category-ciudad-provincia"],"yoast_head":"<!-- This site is optimized with the Yoast SEO plugin v26.1.1 - https:\/\/yoast.com\/wordpress\/plugins\/seo\/ -->\n<title>ESTE FINDE CAPACITAN A EMPRENDEDORES DE VILLA MERCEDES Y SAN LUIS - Apuntes de San Luis<\/title>\n<meta name=\"robots\" content=\"index, follow, max-snippet:-1, max-image-preview:large, max-video-preview:-1\" \/>\n<link rel=\"canonical\" href=\"https:\/\/apuntesdesanluis.com\/index.php\/2024\/12\/13\/este-finde-capacitan-a-emprendedores-de-villa-mercedes-y-san-luis\/\" \/>\n<meta property=\"og:locale\" content=\"es_ES\" \/>\n<meta property=\"og:type\" content=\"article\" \/>\n<meta property=\"og:title\" content=\"ESTE FINDE CAPACITAN A EMPRENDEDORES DE VILLA MERCEDES Y SAN LUIS - Apuntes de San Luis\" \/>\n<meta property=\"og:description\" content=\"A trav\u00e9s de una convocatoria, \u2018Mi Primer Emprendimiento\u2019 y la segunda edici\u00f3n de \u2018Mi Pr\u00f3ximo...\" \/>\n<meta property=\"og:url\" content=\"https:\/\/apuntesdesanluis.com\/index.php\/2024\/12\/13\/este-finde-capacitan-a-emprendedores-de-villa-mercedes-y-san-luis\/\" \/>\n<meta property=\"og:site_name\" content=\"Apuntes de San Luis\" \/>\n<meta property=\"article:published_time\" content=\"2024-12-13T22:08:08+00:00\" \/>\n<meta property=\"og:image\" content=\"https:\/\/apuntesdesanluis.com\/wp-content\/uploads\/2024\/12\/TROMBOTTO-Y-MALLEA.png\" \/>\n\t<meta property=\"og:image:width\" content=\"589\" \/>\n\t<meta property=\"og:image:height\" content=\"353\" \/>\n\t<meta property=\"og:image:type\" content=\"image\/png\" \/>\n<meta name=\"author\" content=\"apuntesdesanluis.com\" \/>\n<meta name=\"twitter:card\" content=\"summary_large_image\" \/>\n<meta name=\"twitter:label1\" content=\"Escrito por\" \/>\n\t<meta name=\"twitter:data1\" content=\"apuntesdesanluis.com\" \/>\n\t<meta name=\"twitter:label2\" content=\"Tiempo de lectura\" \/>\n\t<meta name=\"twitter:data2\" content=\"2 minutos\" \/>\n<script type=\"application\/ld+json\" class=\"yoast-schema-graph\">{\"@context\":\"https:\/\/schema.org\",\"@graph\":[{\"@type\":\"Article\",\"@id\":\"https:\/\/apuntesdesanluis.com\/index.php\/2024\/12\/13\/este-finde-capacitan-a-emprendedores-de-villa-mercedes-y-san-luis\/#article\",\"isPartOf\":{\"@id\":\"https:\/\/apuntesdesanluis.com\/index.php\/2024\/12\/13\/este-finde-capacitan-a-emprendedores-de-villa-mercedes-y-san-luis\/\"},\"author\":{\"name\":\"apuntesdesanluis.com\",\"@id\":\"https:\/\/apuntesdesanluis.com\/#\/schema\/person\/b55151d52296fcce64d1a72538a70b90\"},\"headline\":\"ESTE FINDE CAPACITAN A EMPRENDEDORES DE VILLA MERCEDES Y SAN LUIS\",\"datePublished\":\"2024-12-13T22:08:08+00:00\",\"mainEntityOfPage\":{\"@id\":\"https:\/\/apuntesdesanluis.com\/index.php\/2024\/12\/13\/este-finde-capacitan-a-emprendedores-de-villa-mercedes-y-san-luis\/\"},\"wordCount\":406,\"publisher\":{\"@id\":\"https:\/\/apuntesdesanluis.com\/#\/schema\/person\/b55151d52296fcce64d1a72538a70b90\"},\"image\":{\"@id\":\"https:\/\/apuntesdesanluis.com\/index.php\/2024\/12\/13\/este-finde-capacitan-a-emprendedores-de-villa-mercedes-y-san-luis\/#primaryimage\"},\"thumbnailUrl\":\"https:\/\/apuntesdesanluis.com\/wp-content\/uploads\/2024\/12\/TROMBOTTO-Y-MALLEA.png\",\"articleSection\":[\"Ciudad\/Provincia\"],\"inLanguage\":\"es-AR\"},{\"@type\":\"WebPage\",\"@id\":\"https:\/\/apuntesdesanluis.com\/index.php\/2024\/12\/13\/este-finde-capacitan-a-emprendedores-de-villa-mercedes-y-san-luis\/\",\"url\":\"https:\/\/apuntesdesanluis.com\/index.php\/2024\/12\/13\/este-finde-capacitan-a-emprendedores-de-villa-mercedes-y-san-luis\/\",\"name\":\"ESTE FINDE CAPACITAN A EMPRENDEDORES DE VILLA MERCEDES Y SAN LUIS - Apuntes de San Luis\",\"isPartOf\":{\"@id\":\"https:\/\/apuntesdesanluis.com\/#website\"},\"primaryImageOfPage\":{\"@id\":\"https:\/\/apuntesdesanluis.com\/index.php\/2024\/12\/13\/este-finde-capacitan-a-emprendedores-de-villa-mercedes-y-san-luis\/#primaryimage\"},\"image\":{\"@id\":\"https:\/\/apuntesdesanluis.com\/index.php\/2024\/12\/13\/este-finde-capacitan-a-emprendedores-de-villa-mercedes-y-san-luis\/#primaryimage\"},\"thumbnailUrl\":\"https:\/\/apuntesdesanluis.com\/wp-content\/uploads\/2024\/12\/TROMBOTTO-Y-MALLEA.png\",\"datePublished\":\"2024-12-13T22:08:08+00:00\",\"breadcrumb\":{\"@id\":\"https:\/\/apuntesdesanluis.com\/index.php\/2024\/12\/13\/este-finde-capacitan-a-emprendedores-de-villa-mercedes-y-san-luis\/#breadcrumb\"},\"inLanguage\":\"es-AR\",\"potentialAction\":[{\"@type\":\"ReadAction\",\"target\":[\"https:\/\/apuntesdesanluis.com\/index.php\/2024\/12\/13\/este-finde-capacitan-a-emprendedores-de-villa-mercedes-y-san-luis\/\"]}]},{\"@type\":\"ImageObject\",\"inLanguage\":\"es-AR\",\"@id\":\"https:\/\/apuntesdesanluis.com\/index.php\/2024\/12\/13\/este-finde-capacitan-a-emprendedores-de-villa-mercedes-y-san-luis\/#primaryimage\",\"url\":\"https:\/\/apuntesdesanluis.com\/wp-content\/uploads\/2024\/12\/TROMBOTTO-Y-MALLEA.png\",\"contentUrl\":\"https:\/\/apuntesdesanluis.com\/wp-content\/uploads\/2024\/12\/TROMBOTTO-Y-MALLEA.png\",\"width\":589,\"height\":353},{\"@type\":\"BreadcrumbList\",\"@id\":\"https:\/\/apuntesdesanluis.com\/index.php\/2024\/12\/13\/este-finde-capacitan-a-emprendedores-de-villa-mercedes-y-san-luis\/#breadcrumb\",\"itemListElement\":[{\"@type\":\"ListItem\",\"position\":1,\"name\":\"Inicio\",\"item\":\"https:\/\/apuntesdesanluis.com\/\"},{\"@type\":\"ListItem\",\"position\":2,\"name\":\"ESTE FINDE CAPACITAN A EMPRENDEDORES DE VILLA MERCEDES Y SAN LUIS\"}]},{\"@type\":\"WebSite\",\"@id\":\"https:\/\/apuntesdesanluis.com\/#website\",\"url\":\"https:\/\/apuntesdesanluis.com\/\",\"name\":\"Apuntes de San Luis\",\"description\":\"\",\"publisher\":{\"@id\":\"https:\/\/apuntesdesanluis.com\/#\/schema\/person\/b55151d52296fcce64d1a72538a70b90\"},\"potentialAction\":[{\"@type\":\"SearchAction\",\"target\":{\"@type\":\"EntryPoint\",\"urlTemplate\":\"https:\/\/apuntesdesanluis.com\/?s={search_term_string}\"},\"query-input\":{\"@type\":\"PropertyValueSpecification\",\"valueRequired\":true,\"valueName\":\"search_term_string\"}}],\"inLanguage\":\"es-AR\"},{\"@type\":[\"Person\",\"Organization\"],\"@id\":\"https:\/\/apuntesdesanluis.com\/#\/schema\/person\/b55151d52296fcce64d1a72538a70b90\",\"name\":\"apuntesdesanluis.com\",\"image\":{\"@type\":\"ImageObject\",\"inLanguage\":\"es-AR\",\"@id\":\"https:\/\/apuntesdesanluis.com\/#\/schema\/person\/image\/\",\"url\":\"https:\/\/apuntesdesanluis.com\/wp-content\/uploads\/2023\/07\/cropped-apuntesdesanluis.png\",\"contentUrl\":\"https:\/\/apuntesdesanluis.com\/wp-content\/uploads\/2023\/07\/cropped-apuntesdesanluis.png\",\"width\":450,\"height\":112,\"caption\":\"apuntesdesanluis.com\"},\"logo\":{\"@id\":\"https:\/\/apuntesdesanluis.com\/#\/schema\/person\/image\/\"},\"sameAs\":[\"https:\/\/apuntesdesanluis.com\"],\"url\":\"https:\/\/apuntesdesanluis.com\/index.php\/author\/apuntesdesanluis-com\/\"}]}<\/script>\n<!-- \/ Yoast SEO plugin. -->","yoast_head_json":{"title":"ESTE FINDE CAPACITAN A EMPRENDEDORES DE VILLA MERCEDES Y SAN LUIS - Apuntes de San Luis","robots":{"index":"index","follow":"follow","max-snippet":"max-snippet:-1","max-image-preview":"max-image-preview:large","max-video-preview":"max-video-preview:-1"},"canonical":"https:\/\/apuntesdesanluis.com\/index.php\/2024\/12\/13\/este-finde-capacitan-a-emprendedores-de-villa-mercedes-y-san-luis\/","og_locale":"es_ES","og_type":"article","og_title":"ESTE FINDE CAPACITAN A EMPRENDEDORES DE VILLA MERCEDES Y SAN LUIS - Apuntes de San Luis","og_description":"A trav\u00e9s de una convocatoria, \u2018Mi Primer Emprendimiento\u2019 y la segunda edici\u00f3n de \u2018Mi Pr\u00f3ximo...","og_url":"https:\/\/apuntesdesanluis.com\/index.php\/2024\/12\/13\/este-finde-capacitan-a-emprendedores-de-villa-mercedes-y-san-luis\/","og_site_name":"Apuntes de San Luis","article_published_time":"2024-12-13T22:08:08+00:00","og_image":[{"width":589,"height":353,"url":"https:\/\/apuntesdesanluis.com\/wp-content\/uploads\/2024\/12\/TROMBOTTO-Y-MALLEA.png","type":"image\/png"}],"author":"apuntesdesanluis.com","twitter_card":"summary_large_image","twitter_misc":{"Escrito por":"apuntesdesanluis.com","Tiempo de lectura":"2 minutos"},"schema":{"@context":"https:\/\/schema.org","@graph":[{"@type":"Article","@id":"https:\/\/apuntesdesanluis.com\/index.php\/2024\/12\/13\/este-finde-capacitan-a-emprendedores-de-villa-mercedes-y-san-luis\/#article","isPartOf":{"@id":"https:\/\/apuntesdesanluis.com\/index.php\/2024\/12\/13\/este-finde-capacitan-a-emprendedores-de-villa-mercedes-y-san-luis\/"},"author":{"name":"apuntesdesanluis.com","@id":"https:\/\/apuntesdesanluis.com\/#\/schema\/person\/b55151d52296fcce64d1a72538a70b90"},"headline":"ESTE FINDE CAPACITAN A EMPRENDEDORES DE VILLA MERCEDES Y SAN LUIS","datePublished":"2024-12-13T22:08:08+00:00","mainEntityOfPage":{"@id":"https:\/\/apuntesdesanluis.com\/index.php\/2024\/12\/13\/este-finde-capacitan-a-emprendedores-de-villa-mercedes-y-san-luis\/"},"wordCount":406,"publisher":{"@id":"https:\/\/apuntesdesanluis.com\/#\/schema\/person\/b55151d52296fcce64d1a72538a70b90"},"image":{"@id":"https:\/\/apuntesdesanluis.com\/index.php\/2024\/12\/13\/este-finde-capacitan-a-emprendedores-de-villa-mercedes-y-san-luis\/#primaryimage"},"thumbnailUrl":"https:\/\/apuntesdesanluis.com\/wp-content\/uploads\/2024\/12\/TROMBOTTO-Y-MALLEA.png","articleSection":["Ciudad\/Provincia"],"inLanguage":"es-AR"},{"@type":"WebPage","@id":"https:\/\/apuntesdesanluis.com\/index.php\/2024\/12\/13\/este-finde-capacitan-a-emprendedores-de-villa-mercedes-y-san-luis\/","url":"https:\/\/apuntesdesanluis.com\/index.php\/2024\/12\/13\/este-finde-capacitan-a-emprendedores-de-villa-mercedes-y-san-luis\/","name":"ESTE FINDE CAPACITAN A EMPRENDEDORES DE VILLA MERCEDES Y SAN LUIS - Apuntes de San Luis","isPartOf":{"@id":"https:\/\/apuntesdesanluis.com\/#website"},"primaryImageOfPage":{"@id":"https:\/\/apuntesdesanluis.com\/index.php\/2024\/12\/13\/este-finde-capacitan-a-emprendedores-de-villa-mercedes-y-san-luis\/#primaryimage"},"image":{"@id":"https:\/\/apuntesdesanluis.com\/index.php\/2024\/12\/13\/este-finde-capacitan-a-emprendedores-de-villa-mercedes-y-san-luis\/#primaryimage"},"thumbnailUrl":"https:\/\/apuntesdesanluis.com\/wp-content\/uploads\/2024\/12\/TROMBOTTO-Y-MALLEA.png","datePublished":"2024-12-13T22:08:08+00:00","breadcrumb":{"@id":"https:\/\/apuntesdesanluis.com\/index.php\/2024\/12\/13\/este-finde-capacitan-a-emprendedores-de-villa-mercedes-y-san-luis\/#breadcrumb"},"inLanguage":"es-AR","potentialAction":[{"@type":"ReadAction","target":["https:\/\/apuntesdesanluis.com\/index.php\/2024\/12\/13\/este-finde-capacitan-a-emprendedores-de-villa-mercedes-y-san-luis\/"]}]},{"@type":"ImageObject","inLanguage":"es-AR","@id":"https:\/\/apuntesdesanluis.com\/index.php\/2024\/12\/13\/este-finde-capacitan-a-emprendedores-de-villa-mercedes-y-san-luis\/#primaryimage","url":"https:\/\/apuntesdesanluis.com\/wp-content\/uploads\/2024\/12\/TROMBOTTO-Y-MALLEA.png","contentUrl":"https:\/\/apuntesdesanluis.com\/wp-content\/uploads\/2024\/12\/TROMBOTTO-Y-MALLEA.png","width":589,"height":353},{"@type":"BreadcrumbList","@id":"https:\/\/apuntesdesanluis.com\/index.php\/2024\/12\/13\/este-finde-capacitan-a-emprendedores-de-villa-mercedes-y-san-luis\/#breadcrumb","itemListElement":[{"@type":"ListItem","position":1,"name":"Inicio","item":"https:\/\/apuntesdesanluis.com\/"},{"@type":"ListItem","position":2,"name":"ESTE FINDE CAPACITAN A EMPRENDEDORES DE VILLA MERCEDES Y SAN LUIS"}]},{"@type":"WebSite","@id":"https:\/\/apuntesdesanluis.com\/#website","url":"https:\/\/apuntesdesanluis.com\/","name":"Apuntes de San Luis","description":"","publisher":{"@id":"https:\/\/apuntesdesanluis.com\/#\/schema\/person\/b55151d52296fcce64d1a72538a70b90"},"potentialAction":[{"@type":"SearchAction","target":{"@type":"EntryPoint","urlTemplate":"https:\/\/apuntesdesanluis.com\/?s={search_term_string}"},"query-input":{"@type":"PropertyValueSpecification","valueRequired":true,"valueName":"search_term_string"}}],"inLanguage":"es-AR"},{"@type":["Person","Organization"],"@id":"https:\/\/apuntesdesanluis.com\/#\/schema\/person\/b55151d52296fcce64d1a72538a70b90","name":"apuntesdesanluis.com","image":{"@type":"ImageObject","inLanguage":"es-AR","@id":"https:\/\/apuntesdesanluis.com\/#\/schema\/person\/image\/","url":"https:\/\/apuntesdesanluis.com\/wp-content\/uploads\/2023\/07\/cropped-apuntesdesanluis.png","contentUrl":"https:\/\/apuntesdesanluis.com\/wp-content\/uploads\/2023\/07\/cropped-apuntesdesanluis.png","width":450,"height":112,"caption":"apuntesdesanluis.com"},"logo":{"@id":"https:\/\/apuntesdesanluis.com\/#\/schema\/person\/image\/"},"sameAs":["https:\/\/apuntesdesanluis.com"],"url":"https:\/\/apuntesdesanluis.com\/index.php\/author\/apuntesdesanluis-com\/"}]}},"featured_image_urls":{"full":["https:\/\/apuntesdesanluis.com\/wp-content\/uploads\/2024\/12\/TROMBOTTO-Y-MALLEA.png",589,353,false],"thumbnail":["https:\/\/apuntesdesanluis.com\/wp-content\/uploads\/2024\/12\/TROMBOTTO-Y-MALLEA-150x150.png",150,150,true],"medium":["https:\/\/apuntesdesanluis.com\/wp-content\/uploads\/2024\/12\/TROMBOTTO-Y-MALLEA-300x180.png",300,180,true],"medium_large":["https:\/\/apuntesdesanluis.com\/wp-content\/uploads\/2024\/12\/TROMBOTTO-Y-MALLEA.png",589,353,false],"large":["https:\/\/apuntesdesanluis.com\/wp-content\/uploads\/2024\/12\/TROMBOTTO-Y-MALLEA.png",589,353,false],"1536x1536":["https:\/\/apuntesdesanluis.com\/wp-content\/uploads\/2024\/12\/TROMBOTTO-Y-MALLEA.png",589,353,false],"2048x2048":["https:\/\/apuntesdesanluis.com\/wp-content\/uploads\/2024\/12\/TROMBOTTO-Y-MALLEA.png",589,353,false],"newsever-slider-full":["https:\/\/apuntesdesanluis.com\/wp-content\/uploads\/2024\/12\/TROMBOTTO-Y-MALLEA.png",589,353,false],"newsever-featured":["https:\/\/apuntesdesanluis.com\/wp-content\/uploads\/2024\/12\/TROMBOTTO-Y-MALLEA.png",589,353,false],"newsever-medium":["https:\/\/apuntesdesanluis.com\/wp-content\/uploads\/2024\/12\/TROMBOTTO-Y-MALLEA.png",589,353,false]},"author_info":{"display_name":"apuntesdesanluis.com","author_link":"https:\/\/apuntesdesanluis.com\/index.php\/author\/apuntesdesanluis-com\/"},"category_info":"<a href=\"https:\/\/apuntesdesanluis.com\/index.php\/category\/ciudad-provincia\/\" rel=\"category tag\">Ciudad\/Provincia<\/a>","tag_info":"Ciudad\/Provincia","comment_count":"0","_links":{"self":[{"href":"https:\/\/apuntesdesanluis.com\/index.php\/wp-json\/wp\/v2\/posts\/26705","targetHints":{"allow":["GET"]}}],"collection":[{"href":"https:\/\/apuntesdesanluis.com\/index.php\/wp-json\/wp\/v2\/posts"}],"about":[{"href":"https:\/\/apuntesdesanluis.com\/index.php\/wp-json\/wp\/v2\/types\/post"}],"author":[{"embeddable":true,"href":"https:\/\/apuntesdesanluis.com\/index.php\/wp-json\/wp\/v2\/users\/1"}],"replies":[{"embeddable":true,"href":"https:\/\/apuntesdesanluis.com\/index.php\/wp-json\/wp\/v2\/comments?post=26705"}],"version-history":[{"count":1,"href":"https:\/\/apuntesdesanluis.com\/index.php\/wp-json\/wp\/v2\/posts\/26705\/revisions"}],"predecessor-version":[{"id":26707,"href":"https:\/\/apuntesdesanluis.com\/index.php\/wp-json\/wp\/v2\/posts\/26705\/revisions\/26707"}],"wp:featuredmedia":[{"embeddable":true,"href":"https:\/\/apuntesdesanluis.com\/index.php\/wp-json\/wp\/v2\/media\/26706"}],"wp:attachment":[{"href":"https:\/\/apuntesdesanluis.com\/index.php\/wp-json\/wp\/v2\/media?parent=26705"}],"wp:term":[{"taxonomy":"category","embeddable":true,"href":"https:\/\/apuntesdesanluis.com\/index.php\/wp-json\/wp\/v2\/categories?post=26705"},{"taxonomy":"post_tag","embeddable":true,"href":"https:\/\/apuntesdesanluis.com\/index.php\/wp-json\/wp\/v2\/tags?post=26705"}],"curies":[{"name":"wp","href":"https:\/\/api.w.org\/{rel}","templated":true}]}}