{"id":26719,"date":"2024-12-13T19:30:53","date_gmt":"2024-12-13T22:30:53","guid":{"rendered":"https:\/\/apuntesdesanluis.com\/?p=26719"},"modified":"2024-12-13T20:01:38","modified_gmt":"2024-12-13T23:01:38","slug":"milei-afirmo-que-la-sesion-que-expulso-a-kueider-es-invalida-y-apunto-contra-villarruel","status":"publish","type":"post","link":"https:\/\/apuntesdesanluis.com\/index.php\/2024\/12\/13\/milei-afirmo-que-la-sesion-que-expulso-a-kueider-es-invalida-y-apunto-contra-villarruel\/","title":{"rendered":"MILEI AFIRM\u00d3 QUE LA SESI\u00d3N QUE EXPULS\u00d3 A KUEIDER \u201cES INV\u00c1LIDA\u201d Y APUNT\u00d3 CONTRA VILLARRUEL"},"content":{"rendered":"<h3><strong>Javier Milei<\/strong> habl\u00f3 por primera vez de la pol\u00e9mica sesi\u00f3n del Senado en la que se expuls\u00f3 a <strong>Edgardo Kueider<\/strong>, el dirigente peronista que fue detenido en Paraguay con m\u00e1s de 200 mil d\u00f3lares sin declarar. El Presidente fue tajante en su definici\u00f3n y apunt\u00f3 directamente contra <strong>Victoria Villarruel<\/strong>: dijo que la vice sab\u00eda \u201c48 horas antes de la sesi\u00f3n\u201d del viaje presidencial a Italia y que no debi\u00f3 haber estado ocupando la titularidad de la C\u00e1mara alta.<\/h3>\n<h3>\u201cEn el momento en que yo entro de viaje, autom\u00e1ticamente se produce la acefal\u00eda, entonces queda a cargo del ejecutivo la Vicepresidenta. Si preside la sesi\u00f3n del Congreso, est\u00e1 trabajando en el Legislativo, pero al mismo tiempo es Presidente de la Naci\u00f3n interina. Eso violenta la divisi\u00f3n de poderes. La sesi\u00f3n es inv\u00e1lida. Igual se podr\u00eda hacer nuevamente porque dados los n\u00fameros est\u00e1 claro que todos queremos a los Kueider afuera\u201d, dijo el Presidente en di\u00e1logo con Luis Majul por El Observador.<\/h3>\n<h3>Por su parte <strong>Victoria Villarruel<\/strong> resolvi\u00f3 hoy publicar esta respuesta a una consulta que le realizaron en sus redes sociales para defender su rol en la sesi\u00f3n que expuls\u00f3 a Edgardo Kueider.<\/h3>\n<h3>Tambi\u00e9n, para replicar las cr\u00edticas del Ejecutivo sobre la supuesta superposici\u00f3n de funciones por estar a cargo de la Presidencia de la Naci\u00f3n a ra\u00edz del viaje de Javier Milei a Italia. \u201cFirm\u00e9 el acta dando el conforme a las 19\u2033, agreg\u00f3.<\/h3>\n<p><img fetchpriority=\"high\" decoding=\"async\" class=\"wp-image-26720 aligncenter\" src=\"https:\/\/apuntesdesanluis.com\/wp-content\/uploads\/2024\/12\/chat-187x300.png\" alt=\"\" width=\"536\" height=\"860\" srcset=\"https:\/\/apuntesdesanluis.com\/wp-content\/uploads\/2024\/12\/chat-187x300.png 187w, https:\/\/apuntesdesanluis.com\/wp-content\/uploads\/2024\/12\/chat.png 512w\" sizes=\"(max-width: 536px) 100vw, 536px\" \/><\/p>\n<h3>En sinton\u00eda con esto, el mandatario la desminti\u00f3: \u201cLo que puedo notificar y verificar es que Villarruel fue informada. Se le comunica que voy a estar de viaje el martes. Estaba informada 48 horas antes de la sesi\u00f3n. La Escriban\u00eda General de la Naci\u00f3n interactu\u00f3 con la secretaria de Villarruel as\u00ed que tambi\u00e9n fue notificada la secretaria. El jueves que viaj\u00e9, Adorni confirm\u00f3 que yo estaba viajando a Italia a eso de las 12\/12.30. Eso fue diseminado por todos los medios. Cuando yo termino de firmar, el escribano general de la Naci\u00f3n la llama a Villarruel y como no contestaba le escribieron a la secretaria y tampoco contest\u00f3. Hab\u00edan sido notificados el d\u00eda martes. \u00bfPor qu\u00e9 no se puede hacer lo que hizo? Argentina tiene un sistema republicano de gobierno, de pesos y contra pesos. El Ejecutivo no se puede meter con el Legislativo ni viceversa. Lo mismo pasa con el judicial\u201d.<\/h3>\n<h3>A ra\u00edz de esto, Milei fue consultado por la iniciativa de Ficha Limpia que qued\u00f3 trunca en la C\u00e1mara de Diputados: \u201cYo soy impulsor de Ficha Limpia. Hay cuestiones que pasaron en la sesi\u00f3n y cuestiones t\u00e9cnicas. En la sesi\u00f3n se sab\u00eda que no daban los n\u00fameros. Algunos de nuestros diputados, casi en un error infantil, se fueron. Pero si a los que hab\u00eda le suman los nuestros, tampoco se llegaba. Nadie dice que de Juntos por el Cambio faltaron 12. Y despu\u00e9s hay algunos que, como fueron perseguidos pol\u00edticamente, no les gustaba el proyecto. Cuando pas\u00f3 esto, habl\u00e9 con Lospennato y le dije \u2018hagamos un proyecto nuevo\u2019. Mi link, porque no soy una persona que sabe de Derecho, es con Luis Petri. Queremos Ficha Limpia con fair play, porque lo que pretendemos es que los chorros no est\u00e9n adentro de la pol\u00edtica\u201d.<\/h3>\n<h3>Y continu\u00f3: \u201cEl proyecto como est\u00e1 ahora, deja afuera a los buenos y mete a los chorros. Va en contra del objetivo de los argentinos que es sacar a los chorros. Hagamos un proyecto que contemple las trampas electorales que va a usar esta gente para evitar competir a los que pueden ganar\u201d.<\/h3>\n<h3>Luego, respecto de su plan de gobierno, el jefe de Estado expres\u00f3: \u201cNosotros pensamos en lo que es la v\u00eda de la gesti\u00f3n, de la pol\u00edtica y de la batalla cultural. La de la pol\u00edtica ya la saben, mi hermana en seis meses hizo un partido nacional, una cosa nunca vista. La otra es la gesti\u00f3n. Si gestionamos le ganamos al que sea. Hoy estar\u00edamos sacando el 50% de los votos porque bajamos la inflaci\u00f3n, el PBI est\u00e1 recuperando, la econom\u00eda crece al ritmo del 10%. El PBI per c\u00e1pita en la Argentina subi\u00f3 120%. Nosotros recompusimos la confianza, hicimos bajar el resigo pa\u00eds y el d\u00f3lar est\u00e1 igual a cuando asumimos\u201d.<\/h3>\n<h3>\u201cLa gente est\u00e1 mucho mejor. El tema es que hay un problema de microclima, que yo lo entiendo, de tipos que le han errado sistem\u00e1ticamente y se niegan a ver los resultados porque no pueden aceptar que se han equivocado. Entonces todo el tiempo redoblan la apuesta y dicen barbaridades\u201d, agreg\u00f3. Y complet\u00f3: \u201cNo puedo estar pele\u00e1ndome con todos todo el tiempo\u201d.<\/h3>\n<h3>\u201cLos que defendemos las ideas de la libertad tenemos que estar todos juntos en una misma lista. Tenemos que terminar con los colectivistas y populistas de una vez. Tenemos que darles una paliza ejemplar para asegurarnos de que por 20 a\u00f1os no vuelvan y sacar a la Argentina del pozo\u201d, manifest\u00f3.<\/h3>\n<h3>En otro tramo de la entrevista, reiter\u00f3 p\u00fablicamente su respaldo a la ministra de Seguridad, Patricia Bullrich, quien recientemente dio otra se\u00f1al de distanciamiento del PRO y de acercamiento a La Libertad Avanza al afirmar en un discurso: \u201cYo quer\u00eda dar un paso, y ven\u00eda alguien que me frenaba&#8230; pero ahora no me frena nadie\u201d. Esas palabras fueron destacadas por el mandatario: \u201cEstaba ama\u00f1atada. La gente que rodeaba a Macri viv\u00eda dinamit\u00e1ndole la gesti\u00f3n\u201d, asegur\u00f3.<\/h3>\n<h3>Para finalizar, tambi\u00e9n ratific\u00f3 su postura contra las jubilaciones de privilegio. \u201cNo deber\u00edan existir. Dicho sea de paso, yo se la saqu\u00e9 a Cristina. Lo ideal ser\u00eda eliminarla por ley para que la casta demuestre que est\u00e1 dispuesta a tomar los costos\u201d.<\/h3>\n<p>&nbsp;<\/p>\n<p>&nbsp;<\/p>\n<p>&nbsp;<\/p>\n","protected":false},"excerpt":{"rendered":"<p>Javier Milei habl\u00f3 por primera vez de la pol\u00e9mica sesi\u00f3n del Senado en la que&#8230;<\/p>\n","protected":false},"author":1,"featured_media":26721,"comment_status":"closed","ping_status":"closed","sticky":false,"template":"","format":"standard","meta":{"footnotes":""},"categories":[5],"tags":[],"class_list":["post-26719","post","type-post","status-publish","format-standard","has-post-thumbnail","hentry","category-nacionales-internacionales"],"yoast_head":"<!-- This site is optimized with the Yoast SEO plugin v26.1.1 - https:\/\/yoast.com\/wordpress\/plugins\/seo\/ -->\n<title>MILEI AFIRM\u00d3 QUE LA SESI\u00d3N QUE EXPULS\u00d3 A KUEIDER \u201cES INV\u00c1LIDA\u201d Y APUNT\u00d3 CONTRA VILLARRUEL - Apuntes de San Luis<\/title>\n<meta name=\"robots\" content=\"index, follow, max-snippet:-1, max-image-preview:large, max-video-preview:-1\" \/>\n<link rel=\"canonical\" href=\"https:\/\/apuntesdesanluis.com\/index.php\/2024\/12\/13\/milei-afirmo-que-la-sesion-que-expulso-a-kueider-es-invalida-y-apunto-contra-villarruel\/\" \/>\n<meta property=\"og:locale\" content=\"es_ES\" \/>\n<meta property=\"og:type\" content=\"article\" \/>\n<meta property=\"og:title\" content=\"MILEI AFIRM\u00d3 QUE LA SESI\u00d3N QUE EXPULS\u00d3 A KUEIDER \u201cES INV\u00c1LIDA\u201d Y APUNT\u00d3 CONTRA VILLARRUEL - Apuntes de San Luis\" \/>\n<meta property=\"og:description\" content=\"Javier Milei habl\u00f3 por primera vez de la pol\u00e9mica sesi\u00f3n del Senado en la que...\" \/>\n<meta property=\"og:url\" content=\"https:\/\/apuntesdesanluis.com\/index.php\/2024\/12\/13\/milei-afirmo-que-la-sesion-que-expulso-a-kueider-es-invalida-y-apunto-contra-villarruel\/\" \/>\n<meta property=\"og:site_name\" content=\"Apuntes de San Luis\" \/>\n<meta property=\"article:published_time\" content=\"2024-12-13T22:30:53+00:00\" \/>\n<meta property=\"article:modified_time\" content=\"2024-12-13T23:01:38+00:00\" \/>\n<meta property=\"og:image\" content=\"https:\/\/apuntesdesanluis.com\/wp-content\/uploads\/2024\/12\/milei-y-villarruel.png\" \/>\n\t<meta property=\"og:image:width\" content=\"666\" \/>\n\t<meta property=\"og:image:height\" content=\"421\" \/>\n\t<meta property=\"og:image:type\" content=\"image\/png\" \/>\n<meta name=\"author\" content=\"apuntesdesanluis.com\" \/>\n<meta name=\"twitter:card\" content=\"summary_large_image\" \/>\n<meta name=\"twitter:label1\" content=\"Escrito por\" \/>\n\t<meta name=\"twitter:data1\" content=\"apuntesdesanluis.com\" \/>\n\t<meta name=\"twitter:label2\" content=\"Tiempo de lectura\" \/>\n\t<meta name=\"twitter:data2\" content=\"5 minutos\" \/>\n<script type=\"application\/ld+json\" class=\"yoast-schema-graph\">{\"@context\":\"https:\/\/schema.org\",\"@graph\":[{\"@type\":\"Article\",\"@id\":\"https:\/\/apuntesdesanluis.com\/index.php\/2024\/12\/13\/milei-afirmo-que-la-sesion-que-expulso-a-kueider-es-invalida-y-apunto-contra-villarruel\/#article\",\"isPartOf\":{\"@id\":\"https:\/\/apuntesdesanluis.com\/index.php\/2024\/12\/13\/milei-afirmo-que-la-sesion-que-expulso-a-kueider-es-invalida-y-apunto-contra-villarruel\/\"},\"author\":{\"name\":\"apuntesdesanluis.com\",\"@id\":\"https:\/\/apuntesdesanluis.com\/#\/schema\/person\/b55151d52296fcce64d1a72538a70b90\"},\"headline\":\"MILEI AFIRM\u00d3 QUE LA SESI\u00d3N QUE EXPULS\u00d3 A KUEIDER \u201cES INV\u00c1LIDA\u201d Y APUNT\u00d3 CONTRA VILLARRUEL\",\"datePublished\":\"2024-12-13T22:30:53+00:00\",\"dateModified\":\"2024-12-13T23:01:38+00:00\",\"mainEntityOfPage\":{\"@id\":\"https:\/\/apuntesdesanluis.com\/index.php\/2024\/12\/13\/milei-afirmo-que-la-sesion-que-expulso-a-kueider-es-invalida-y-apunto-contra-villarruel\/\"},\"wordCount\":1003,\"publisher\":{\"@id\":\"https:\/\/apuntesdesanluis.com\/#\/schema\/person\/b55151d52296fcce64d1a72538a70b90\"},\"image\":{\"@id\":\"https:\/\/apuntesdesanluis.com\/index.php\/2024\/12\/13\/milei-afirmo-que-la-sesion-que-expulso-a-kueider-es-invalida-y-apunto-contra-villarruel\/#primaryimage\"},\"thumbnailUrl\":\"https:\/\/apuntesdesanluis.com\/wp-content\/uploads\/2024\/12\/milei-y-villarruel.png\",\"articleSection\":[\"Nacionales\/Internacionales\"],\"inLanguage\":\"es-AR\"},{\"@type\":\"WebPage\",\"@id\":\"https:\/\/apuntesdesanluis.com\/index.php\/2024\/12\/13\/milei-afirmo-que-la-sesion-que-expulso-a-kueider-es-invalida-y-apunto-contra-villarruel\/\",\"url\":\"https:\/\/apuntesdesanluis.com\/index.php\/2024\/12\/13\/milei-afirmo-que-la-sesion-que-expulso-a-kueider-es-invalida-y-apunto-contra-villarruel\/\",\"name\":\"MILEI AFIRM\u00d3 QUE LA SESI\u00d3N QUE EXPULS\u00d3 A KUEIDER \u201cES INV\u00c1LIDA\u201d Y APUNT\u00d3 CONTRA VILLARRUEL - Apuntes de San Luis\",\"isPartOf\":{\"@id\":\"https:\/\/apuntesdesanluis.com\/#website\"},\"primaryImageOfPage\":{\"@id\":\"https:\/\/apuntesdesanluis.com\/index.php\/2024\/12\/13\/milei-afirmo-que-la-sesion-que-expulso-a-kueider-es-invalida-y-apunto-contra-villarruel\/#primaryimage\"},\"image\":{\"@id\":\"https:\/\/apuntesdesanluis.com\/index.php\/2024\/12\/13\/milei-afirmo-que-la-sesion-que-expulso-a-kueider-es-invalida-y-apunto-contra-villarruel\/#primaryimage\"},\"thumbnailUrl\":\"https:\/\/apuntesdesanluis.com\/wp-content\/uploads\/2024\/12\/milei-y-villarruel.png\",\"datePublished\":\"2024-12-13T22:30:53+00:00\",\"dateModified\":\"2024-12-13T23:01:38+00:00\",\"breadcrumb\":{\"@id\":\"https:\/\/apuntesdesanluis.com\/index.php\/2024\/12\/13\/milei-afirmo-que-la-sesion-que-expulso-a-kueider-es-invalida-y-apunto-contra-villarruel\/#breadcrumb\"},\"inLanguage\":\"es-AR\",\"potentialAction\":[{\"@type\":\"ReadAction\",\"target\":[\"https:\/\/apuntesdesanluis.com\/index.php\/2024\/12\/13\/milei-afirmo-que-la-sesion-que-expulso-a-kueider-es-invalida-y-apunto-contra-villarruel\/\"]}]},{\"@type\":\"ImageObject\",\"inLanguage\":\"es-AR\",\"@id\":\"https:\/\/apuntesdesanluis.com\/index.php\/2024\/12\/13\/milei-afirmo-que-la-sesion-que-expulso-a-kueider-es-invalida-y-apunto-contra-villarruel\/#primaryimage\",\"url\":\"https:\/\/apuntesdesanluis.com\/wp-content\/uploads\/2024\/12\/milei-y-villarruel.png\",\"contentUrl\":\"https:\/\/apuntesdesanluis.com\/wp-content\/uploads\/2024\/12\/milei-y-villarruel.png\",\"width\":666,\"height\":421},{\"@type\":\"BreadcrumbList\",\"@id\":\"https:\/\/apuntesdesanluis.com\/index.php\/2024\/12\/13\/milei-afirmo-que-la-sesion-que-expulso-a-kueider-es-invalida-y-apunto-contra-villarruel\/#breadcrumb\",\"itemListElement\":[{\"@type\":\"ListItem\",\"position\":1,\"name\":\"Inicio\",\"item\":\"https:\/\/apuntesdesanluis.com\/\"},{\"@type\":\"ListItem\",\"position\":2,\"name\":\"MILEI AFIRM\u00d3 QUE LA SESI\u00d3N QUE EXPULS\u00d3 A KUEIDER \u201cES INV\u00c1LIDA\u201d Y APUNT\u00d3 CONTRA VILLARRUEL\"}]},{\"@type\":\"WebSite\",\"@id\":\"https:\/\/apuntesdesanluis.com\/#website\",\"url\":\"https:\/\/apuntesdesanluis.com\/\",\"name\":\"Apuntes de San Luis\",\"description\":\"\",\"publisher\":{\"@id\":\"https:\/\/apuntesdesanluis.com\/#\/schema\/person\/b55151d52296fcce64d1a72538a70b90\"},\"potentialAction\":[{\"@type\":\"SearchAction\",\"target\":{\"@type\":\"EntryPoint\",\"urlTemplate\":\"https:\/\/apuntesdesanluis.com\/?s={search_term_string}\"},\"query-input\":{\"@type\":\"PropertyValueSpecification\",\"valueRequired\":true,\"valueName\":\"search_term_string\"}}],\"inLanguage\":\"es-AR\"},{\"@type\":[\"Person\",\"Organization\"],\"@id\":\"https:\/\/apuntesdesanluis.com\/#\/schema\/person\/b55151d52296fcce64d1a72538a70b90\",\"name\":\"apuntesdesanluis.com\",\"image\":{\"@type\":\"ImageObject\",\"inLanguage\":\"es-AR\",\"@id\":\"https:\/\/apuntesdesanluis.com\/#\/schema\/person\/image\/\",\"url\":\"https:\/\/apuntesdesanluis.com\/wp-content\/uploads\/2023\/07\/cropped-apuntesdesanluis.png\",\"contentUrl\":\"https:\/\/apuntesdesanluis.com\/wp-content\/uploads\/2023\/07\/cropped-apuntesdesanluis.png\",\"width\":450,\"height\":112,\"caption\":\"apuntesdesanluis.com\"},\"logo\":{\"@id\":\"https:\/\/apuntesdesanluis.com\/#\/schema\/person\/image\/\"},\"sameAs\":[\"https:\/\/apuntesdesanluis.com\"],\"url\":\"https:\/\/apuntesdesanluis.com\/index.php\/author\/apuntesdesanluis-com\/\"}]}<\/script>\n<!-- \/ Yoast SEO plugin. -->","yoast_head_json":{"title":"MILEI AFIRM\u00d3 QUE LA SESI\u00d3N QUE EXPULS\u00d3 A KUEIDER \u201cES INV\u00c1LIDA\u201d Y APUNT\u00d3 CONTRA VILLARRUEL - Apuntes de San Luis","robots":{"index":"index","follow":"follow","max-snippet":"max-snippet:-1","max-image-preview":"max-image-preview:large","max-video-preview":"max-video-preview:-1"},"canonical":"https:\/\/apuntesdesanluis.com\/index.php\/2024\/12\/13\/milei-afirmo-que-la-sesion-que-expulso-a-kueider-es-invalida-y-apunto-contra-villarruel\/","og_locale":"es_ES","og_type":"article","og_title":"MILEI AFIRM\u00d3 QUE LA SESI\u00d3N QUE EXPULS\u00d3 A KUEIDER \u201cES INV\u00c1LIDA\u201d Y APUNT\u00d3 CONTRA VILLARRUEL - Apuntes de San Luis","og_description":"Javier Milei habl\u00f3 por primera vez de la pol\u00e9mica sesi\u00f3n del Senado en la que...","og_url":"https:\/\/apuntesdesanluis.com\/index.php\/2024\/12\/13\/milei-afirmo-que-la-sesion-que-expulso-a-kueider-es-invalida-y-apunto-contra-villarruel\/","og_site_name":"Apuntes de San Luis","article_published_time":"2024-12-13T22:30:53+00:00","article_modified_time":"2024-12-13T23:01:38+00:00","og_image":[{"width":666,"height":421,"url":"https:\/\/apuntesdesanluis.com\/wp-content\/uploads\/2024\/12\/milei-y-villarruel.png","type":"image\/png"}],"author":"apuntesdesanluis.com","twitter_card":"summary_large_image","twitter_misc":{"Escrito por":"apuntesdesanluis.com","Tiempo de lectura":"5 minutos"},"schema":{"@context":"https:\/\/schema.org","@graph":[{"@type":"Article","@id":"https:\/\/apuntesdesanluis.com\/index.php\/2024\/12\/13\/milei-afirmo-que-la-sesion-que-expulso-a-kueider-es-invalida-y-apunto-contra-villarruel\/#article","isPartOf":{"@id":"https:\/\/apuntesdesanluis.com\/index.php\/2024\/12\/13\/milei-afirmo-que-la-sesion-que-expulso-a-kueider-es-invalida-y-apunto-contra-villarruel\/"},"author":{"name":"apuntesdesanluis.com","@id":"https:\/\/apuntesdesanluis.com\/#\/schema\/person\/b55151d52296fcce64d1a72538a70b90"},"headline":"MILEI AFIRM\u00d3 QUE LA SESI\u00d3N QUE EXPULS\u00d3 A KUEIDER \u201cES INV\u00c1LIDA\u201d Y APUNT\u00d3 CONTRA VILLARRUEL","datePublished":"2024-12-13T22:30:53+00:00","dateModified":"2024-12-13T23:01:38+00:00","mainEntityOfPage":{"@id":"https:\/\/apuntesdesanluis.com\/index.php\/2024\/12\/13\/milei-afirmo-que-la-sesion-que-expulso-a-kueider-es-invalida-y-apunto-contra-villarruel\/"},"wordCount":1003,"publisher":{"@id":"https:\/\/apuntesdesanluis.com\/#\/schema\/person\/b55151d52296fcce64d1a72538a70b90"},"image":{"@id":"https:\/\/apuntesdesanluis.com\/index.php\/2024\/12\/13\/milei-afirmo-que-la-sesion-que-expulso-a-kueider-es-invalida-y-apunto-contra-villarruel\/#primaryimage"},"thumbnailUrl":"https:\/\/apuntesdesanluis.com\/wp-content\/uploads\/2024\/12\/milei-y-villarruel.png","articleSection":["Nacionales\/Internacionales"],"inLanguage":"es-AR"},{"@type":"WebPage","@id":"https:\/\/apuntesdesanluis.com\/index.php\/2024\/12\/13\/milei-afirmo-que-la-sesion-que-expulso-a-kueider-es-invalida-y-apunto-contra-villarruel\/","url":"https:\/\/apuntesdesanluis.com\/index.php\/2024\/12\/13\/milei-afirmo-que-la-sesion-que-expulso-a-kueider-es-invalida-y-apunto-contra-villarruel\/","name":"MILEI AFIRM\u00d3 QUE LA SESI\u00d3N QUE EXPULS\u00d3 A KUEIDER \u201cES INV\u00c1LIDA\u201d Y APUNT\u00d3 CONTRA VILLARRUEL - Apuntes de San Luis","isPartOf":{"@id":"https:\/\/apuntesdesanluis.com\/#website"},"primaryImageOfPage":{"@id":"https:\/\/apuntesdesanluis.com\/index.php\/2024\/12\/13\/milei-afirmo-que-la-sesion-que-expulso-a-kueider-es-invalida-y-apunto-contra-villarruel\/#primaryimage"},"image":{"@id":"https:\/\/apuntesdesanluis.com\/index.php\/2024\/12\/13\/milei-afirmo-que-la-sesion-que-expulso-a-kueider-es-invalida-y-apunto-contra-villarruel\/#primaryimage"},"thumbnailUrl":"https:\/\/apuntesdesanluis.com\/wp-content\/uploads\/2024\/12\/milei-y-villarruel.png","datePublished":"2024-12-13T22:30:53+00:00","dateModified":"2024-12-13T23:01:38+00:00","breadcrumb":{"@id":"https:\/\/apuntesdesanluis.com\/index.php\/2024\/12\/13\/milei-afirmo-que-la-sesion-que-expulso-a-kueider-es-invalida-y-apunto-contra-villarruel\/#breadcrumb"},"inLanguage":"es-AR","potentialAction":[{"@type":"ReadAction","target":["https:\/\/apuntesdesanluis.com\/index.php\/2024\/12\/13\/milei-afirmo-que-la-sesion-que-expulso-a-kueider-es-invalida-y-apunto-contra-villarruel\/"]}]},{"@type":"ImageObject","inLanguage":"es-AR","@id":"https:\/\/apuntesdesanluis.com\/index.php\/2024\/12\/13\/milei-afirmo-que-la-sesion-que-expulso-a-kueider-es-invalida-y-apunto-contra-villarruel\/#primaryimage","url":"https:\/\/apuntesdesanluis.com\/wp-content\/uploads\/2024\/12\/milei-y-villarruel.png","contentUrl":"https:\/\/apuntesdesanluis.com\/wp-content\/uploads\/2024\/12\/milei-y-villarruel.png","width":666,"height":421},{"@type":"BreadcrumbList","@id":"https:\/\/apuntesdesanluis.com\/index.php\/2024\/12\/13\/milei-afirmo-que-la-sesion-que-expulso-a-kueider-es-invalida-y-apunto-contra-villarruel\/#breadcrumb","itemListElement":[{"@type":"ListItem","position":1,"name":"Inicio","item":"https:\/\/apuntesdesanluis.com\/"},{"@type":"ListItem","position":2,"name":"MILEI AFIRM\u00d3 QUE LA SESI\u00d3N QUE EXPULS\u00d3 A KUEIDER \u201cES INV\u00c1LIDA\u201d Y APUNT\u00d3 CONTRA VILLARRUEL"}]},{"@type":"WebSite","@id":"https:\/\/apuntesdesanluis.com\/#website","url":"https:\/\/apuntesdesanluis.com\/","name":"Apuntes de San Luis","description":"","publisher":{"@id":"https:\/\/apuntesdesanluis.com\/#\/schema\/person\/b55151d52296fcce64d1a72538a70b90"},"potentialAction":[{"@type":"SearchAction","target":{"@type":"EntryPoint","urlTemplate":"https:\/\/apuntesdesanluis.com\/?s={search_term_string}"},"query-input":{"@type":"PropertyValueSpecification","valueRequired":true,"valueName":"search_term_string"}}],"inLanguage":"es-AR"},{"@type":["Person","Organization"],"@id":"https:\/\/apuntesdesanluis.com\/#\/schema\/person\/b55151d52296fcce64d1a72538a70b90","name":"apuntesdesanluis.com","image":{"@type":"ImageObject","inLanguage":"es-AR","@id":"https:\/\/apuntesdesanluis.com\/#\/schema\/person\/image\/","url":"https:\/\/apuntesdesanluis.com\/wp-content\/uploads\/2023\/07\/cropped-apuntesdesanluis.png","contentUrl":"https:\/\/apuntesdesanluis.com\/wp-content\/uploads\/2023\/07\/cropped-apuntesdesanluis.png","width":450,"height":112,"caption":"apuntesdesanluis.com"},"logo":{"@id":"https:\/\/apuntesdesanluis.com\/#\/schema\/person\/image\/"},"sameAs":["https:\/\/apuntesdesanluis.com"],"url":"https:\/\/apuntesdesanluis.com\/index.php\/author\/apuntesdesanluis-com\/"}]}},"featured_image_urls":{"full":["https:\/\/apuntesdesanluis.com\/wp-content\/uploads\/2024\/12\/milei-y-villarruel.png",666,421,false],"thumbnail":["https:\/\/apuntesdesanluis.com\/wp-content\/uploads\/2024\/12\/milei-y-villarruel-150x150.png",150,150,true],"medium":["https:\/\/apuntesdesanluis.com\/wp-content\/uploads\/2024\/12\/milei-y-villarruel-300x190.png",300,190,true],"medium_large":["https:\/\/apuntesdesanluis.com\/wp-content\/uploads\/2024\/12\/milei-y-villarruel.png",640,405,false],"large":["https:\/\/apuntesdesanluis.com\/wp-content\/uploads\/2024\/12\/milei-y-villarruel.png",640,405,false],"1536x1536":["https:\/\/apuntesdesanluis.com\/wp-content\/uploads\/2024\/12\/milei-y-villarruel.png",666,421,false],"2048x2048":["https:\/\/apuntesdesanluis.com\/wp-content\/uploads\/2024\/12\/milei-y-villarruel.png",666,421,false],"newsever-slider-full":["https:\/\/apuntesdesanluis.com\/wp-content\/uploads\/2024\/12\/milei-y-villarruel.png",666,421,false],"newsever-featured":["https:\/\/apuntesdesanluis.com\/wp-content\/uploads\/2024\/12\/milei-y-villarruel.png",666,421,false],"newsever-medium":["https:\/\/apuntesdesanluis.com\/wp-content\/uploads\/2024\/12\/milei-y-villarruel.png",666,421,false]},"author_info":{"display_name":"apuntesdesanluis.com","author_link":"https:\/\/apuntesdesanluis.com\/index.php\/author\/apuntesdesanluis-com\/"},"category_info":"<a href=\"https:\/\/apuntesdesanluis.com\/index.php\/category\/nacionales-internacionales\/\" rel=\"category tag\">Nacionales\/Internacionales<\/a>","tag_info":"Nacionales\/Internacionales","comment_count":"0","_links":{"self":[{"href":"https:\/\/apuntesdesanluis.com\/index.php\/wp-json\/wp\/v2\/posts\/26719","targetHints":{"allow":["GET"]}}],"collection":[{"href":"https:\/\/apuntesdesanluis.com\/index.php\/wp-json\/wp\/v2\/posts"}],"about":[{"href":"https:\/\/apuntesdesanluis.com\/index.php\/wp-json\/wp\/v2\/types\/post"}],"author":[{"embeddable":true,"href":"https:\/\/apuntesdesanluis.com\/index.php\/wp-json\/wp\/v2\/users\/1"}],"replies":[{"embeddable":true,"href":"https:\/\/apuntesdesanluis.com\/index.php\/wp-json\/wp\/v2\/comments?post=26719"}],"version-history":[{"count":1,"href":"https:\/\/apuntesdesanluis.com\/index.php\/wp-json\/wp\/v2\/posts\/26719\/revisions"}],"predecessor-version":[{"id":26722,"href":"https:\/\/apuntesdesanluis.com\/index.php\/wp-json\/wp\/v2\/posts\/26719\/revisions\/26722"}],"wp:featuredmedia":[{"embeddable":true,"href":"https:\/\/apuntesdesanluis.com\/index.php\/wp-json\/wp\/v2\/media\/26721"}],"wp:attachment":[{"href":"https:\/\/apuntesdesanluis.com\/index.php\/wp-json\/wp\/v2\/media?parent=26719"}],"wp:term":[{"taxonomy":"category","embeddable":true,"href":"https:\/\/apuntesdesanluis.com\/index.php\/wp-json\/wp\/v2\/categories?post=26719"},{"taxonomy":"post_tag","embeddable":true,"href":"https:\/\/apuntesdesanluis.com\/index.php\/wp-json\/wp\/v2\/tags?post=26719"}],"curies":[{"name":"wp","href":"https:\/\/api.w.org\/{rel}","templated":true}]}}